{"id":3732,"date":"2016-08-29T09:34:01","date_gmt":"2016-08-29T07:34:01","guid":{"rendered":"http:\/\/dev.immobilienbusiness.ch\/?p=3732"},"modified":"2016-08-29T09:34:01","modified_gmt":"2016-08-29T07:34:01","slug":"warteck-invest-vorsichtiger-optimismus","status":"publish","type":"post","link":"https:\/\/www.immobilienbusiness.ch\/fr\/unternehmen\/2016-08-29\/warteck-invest-vorsichtiger-optimismus\/","title":{"rendered":"Warteck Invest : Un optimisme prudent"},"content":{"rendered":"<figure id=\"attachment_3735\" aria-describedby=\"caption-attachment-3735\" style=\"width: 680px\" class=\"wp-caption alignnone\"><img loading=\"lazy\" decoding=\"async\" class=\"size-medium wp-image-3735\" src=\"https:\/\/immobilienbusiness.ch\/wp-content\/uploads\/2016\/12\/Warteck-Invest-Vorsichtiger-Optimismus-immobilien-business.jpg\" alt=\"Warteck Invest legt Halbjahresbericht vor (Foto: Pixabay)\" width=\"680\" height=\"453\" srcset=\"https:\/\/www.immobilienbusiness.ch\/wp-content\/uploads\/2016\/12\/Warteck-Invest-Vorsichtiger-Optimismus-immobilien-business.jpg 1280w, https:\/\/www.immobilienbusiness.ch\/wp-content\/uploads\/2016\/12\/Warteck-Invest-Vorsichtiger-Optimismus-immobilien-business-300x200.jpg 300w, https:\/\/www.immobilienbusiness.ch\/wp-content\/uploads\/2016\/12\/Warteck-Invest-Vorsichtiger-Optimismus-immobilien-business-1024x682.jpg 1024w, https:\/\/www.immobilienbusiness.ch\/wp-content\/uploads\/2016\/12\/Warteck-Invest-Vorsichtiger-Optimismus-immobilien-business-768x512.jpg 768w, https:\/\/www.immobilienbusiness.ch\/wp-content\/uploads\/2016\/12\/Warteck-Invest-Vorsichtiger-Optimismus-immobilien-business-16x12.jpg 16w, https:\/\/www.immobilienbusiness.ch\/wp-content\/uploads\/2016\/12\/Warteck-Invest-Vorsichtiger-Optimismus-immobilien-business-263x175.jpg 263w, https:\/\/www.immobilienbusiness.ch\/wp-content\/uploads\/2016\/12\/Warteck-Invest-Vorsichtiger-Optimismus-immobilien-business-525x350.jpg 525w, https:\/\/www.immobilienbusiness.ch\/wp-content\/uploads\/2016\/12\/Warteck-Invest-Vorsichtiger-Optimismus-immobilien-business-1200x800.jpg 1200w, https:\/\/www.immobilienbusiness.ch\/wp-content\/uploads\/2016\/12\/Warteck-Invest-Vorsichtiger-Optimismus-immobilien-business-920x613.jpg 920w\" sizes=\"auto, (max-width: 680px) 100vw, 680px\" \/><figcaption id=\"caption-attachment-3735\" class=\"wp-caption-text\">Warteck Invest pr\u00e9sente son rapport semestriel (photo : Pixabay)<\/figcaption><\/figure>\n<p>Parmi les raisons de l'augmentation du r\u00e9sultat, Warteck Invest cite le r\u00e9sultat des locations de CHF 12,3 millions (ann\u00e9e pr\u00e9c\u00e9dente : 12,9 millions) ainsi que, surtout, un r\u00e9sultat d'\u00e9valuation positif de 2,4 millions (ann\u00e9e pr\u00e9c\u00e9dente : 0,9 million). Sans le r\u00e9sultat des \u00e9valuations, le b\u00e9n\u00e9fice du groupe a diminu\u00e9 d'un peu plus de dix pour cent \u00e0 cinq millions, notamment en raison de l'augmentation des d\u00e9penses pour l'exploitation et l'entretien des immeubles.<\/p>\n<p>Le taux d'inoccupation du portefeuille de Warteck Invest, de 3,5%, n'a certes pas atteint le bas niveau de l'ann\u00e9e pr\u00e9c\u00e9dente (2,2%), mais il reste faible par rapport \u00e0 la branche, selon l'entreprise. Comme l'ann\u00e9e pr\u00e9c\u00e9dente, les revenus locatifs r\u00e9els se sont \u00e9lev\u00e9s \u00e0 14,2 millions de CHF.<\/p>\n<p><strong>Le rendement baisse l\u00e9g\u00e8rement<\/strong><\/p>\n<p>Le rendement brut du portefeuille (loyers th\u00e9oriques par rapport \u00e0 la valeur du march\u00e9) s'est \u00e9lev\u00e9 \u00e0 5,1 pour cent au cours de la p\u00e9riode sous revue (ann\u00e9e pr\u00e9c\u00e9dente : 5,3%). Le rendement net (rendement brut moins les vacances, les pertes sur d\u00e9biteurs, les frais d'exploitation et d'entretien) est pass\u00e9 de 4,7 pour cent l'ann\u00e9e pr\u00e9c\u00e9dente \u00e0 4,3 pour cent. La performance (rendement net plus r\u00e9sultat de la r\u00e9\u00e9valuation) a encore atteint 4,5 pour cent (ann\u00e9e pr\u00e9c\u00e9dente : 5,0%).<\/p>\n<p>La valeur de march\u00e9 du portefeuille atteint 608 millions de CHF \u00e0 la date de r\u00e9f\u00e9rence, contre 592,5 millions fin 2015. Cette augmentation r\u00e9sulte d'une part des acquisitions et des investissements dans des projets de r\u00e9novation et de construction, et d'autre part du r\u00e9sultat positif des r\u00e9\u00e9valuations, indique Warteck Invest.<\/p>\n<p>Apr\u00e8s l'augmentation de capital de l'automne 2015, la part de fonds propres de la soci\u00e9t\u00e9 immobili\u00e8re s'\u00e9l\u00e8ve actuellement \u00e0 environ 46 pour cent.<\/p>\n<p>Le conseil d'administration et la direction envisagent le second semestre avec un \"optimisme prudent\" : les perspectives d'\u00e9volution des recettes sont intactes, m\u00eame si la situation actuelle sur le march\u00e9 de la location n'\u00e9pargnera pas Warteck Invest. Le portefeuille immobilier est toutefois bien diversifi\u00e9, tant sur le plan g\u00e9ographique que sur celui de l'utilisation, et ne pr\u00e9sente pas de gros risques au niveau des locataires. Les acquisitions, les projets achev\u00e9s et les nouveaux projets de construction g\u00e9n\u00e8rent en outre de nouveaux revenus pour la soci\u00e9t\u00e9 \u00e0 court et moyen terme. (ah)<\/p>","protected":false},"excerpt":{"rendered":"<p>Au premier semestre 2016, Warteck Invest a r\u00e9alis\u00e9 un r\u00e9sultat d'exploitation (EBIT) de 12,7 millions de CHF, soit 5,4 pour cent de plus que l'ann\u00e9e pr\u00e9c\u00e9dente. Le b\u00e9n\u00e9fice du groupe a augment\u00e9 d'environ dix pour cent pour atteindre sept millions. Pour le reste de l'exercice, l'entreprise se montre \"prudemment optimiste\".<\/p>","protected":false},"author":1,"featured_media":3735,"comment_status":"open","ping_status":"open","sticky":false,"template":"","format":"standard","meta":{"_acf_changed":false,"_yoast_wpseo_focuskw":"Vorsichtiger Optimismus","_yoast_wpseo_title":"","_yoast_wpseo_metadesc":"Vorsichtiger Optimismus: Warteck Invest hat im ersten Halbjahr 2016 ein Betriebsergebnis (EBIT) von 12,7 Mio. CHF erzielt.","_yoast_wpseo_linkdex":78,"pgc_sgb_lightbox_settings":"","footnotes":""},"categories":[988],"tags":[1807],"class_list":["post-3732","post","type-post","status-publish","format-standard","has-post-thumbnail","hentry","category-unternehmen","tag-unternehmen"],"acf":[],"yoast_head":"<!-- This site is optimized with the Yoast SEO plugin v27.4 - https:\/\/yoast.com\/product\/yoast-seo-wordpress\/ -->\n<title>Warteck Invest: Vorsichtiger Optimismus - IMMOBILIEN Business<\/title>\n<meta name=\"description\" content=\"Vorsichtiger Optimismus: Warteck Invest hat im ersten Halbjahr 2016 ein Betriebsergebnis (EBIT) von 12,7 Mio. CHF erzielt.\" \/>\n<meta name=\"robots\" content=\"index, follow, max-snippet:-1, max-image-preview:large, max-video-preview:-1\" \/>\n<link rel=\"canonical\" href=\"https:\/\/www.immobilienbusiness.ch\/fr\/unternehmen\/2016-08-29\/warteck-invest-vorsichtiger-optimismus\/\" \/>\n<meta property=\"og:locale\" content=\"fr_FR\" \/>\n<meta property=\"og:type\" content=\"article\" \/>\n<meta property=\"og:title\" content=\"Warteck Invest: Vorsichtiger Optimismus\" \/>\n<meta property=\"og:description\" content=\"Warteck Invest hat im ersten Halbjahr 2016 ein Betriebsergebnis (EBIT) von 12,7 Millionen CHF erzielt, das sind 5,4 Prozent mehr als im Vorjahr. Der Konzerngewinn erh\u00f6hte sich um rund zehn Prozent auf sieben Millionen. F\u00fcr den Rest des Gesch\u00e4ftsjahres gibt sich das Unternehmen \u00abvorsichtig optimistisch\u00bb.\" \/>\n<meta property=\"og:url\" content=\"https:\/\/www.immobilienbusiness.ch\/fr\/unternehmen\/2016-08-29\/warteck-invest-vorsichtiger-optimismus\/\" \/>\n<meta property=\"og:site_name\" content=\"IMMOBILIEN Business\" \/>\n<meta property=\"article:publisher\" content=\"https:\/\/www.facebook.com\/immobilienbusiness\/\" \/>\n<meta property=\"article:published_time\" content=\"2016-08-29T07:34:01+00:00\" \/>\n<meta name=\"author\" content=\"Redaktion\" \/>\n<meta name=\"twitter:card\" content=\"summary_large_image\" \/>\n<meta name=\"twitter:image\" content=\"https:\/\/www.immobilienbusiness.ch\/wp-content\/uploads\/2016\/12\/Warteck-Invest-Vorsichtiger-Optimismus-immobilien-business.jpg\" \/>\n<script type=\"application\/ld+json\" class=\"yoast-schema-graph\">{\"@context\":\"https:\\\/\\\/schema.org\",\"@graph\":[{\"@type\":\"Article\",\"@id\":\"https:\\\/\\\/www.immobilienbusiness.ch\\\/fr\\\/unternehmen\\\/2016-08-29\\\/warteck-invest-vorsichtiger-optimismus\\\/#article\",\"isPartOf\":{\"@id\":\"https:\\\/\\\/www.immobilienbusiness.ch\\\/fr\\\/unternehmen\\\/2016-08-29\\\/warteck-invest-vorsichtiger-optimismus\\\/\"},\"author\":{\"name\":\"Redaktion\",\"@id\":\"https:\\\/\\\/www.immobilienbusiness.ch\\\/#\\\/schema\\\/person\\\/aa2bace6c5c5aad60102004a50c4eb1c\"},\"headline\":\"Warteck Invest: Vorsichtiger Optimismus\",\"datePublished\":\"2016-08-29T07:34:01+00:00\",\"mainEntityOfPage\":{\"@id\":\"https:\\\/\\\/www.immobilienbusiness.ch\\\/fr\\\/unternehmen\\\/2016-08-29\\\/warteck-invest-vorsichtiger-optimismus\\\/\"},\"wordCount\":299,\"commentCount\":0,\"publisher\":{\"@id\":\"https:\\\/\\\/www.immobilienbusiness.ch\\\/#organization\"},\"image\":{\"@id\":\"https:\\\/\\\/www.immobilienbusiness.ch\\\/fr\\\/unternehmen\\\/2016-08-29\\\/warteck-invest-vorsichtiger-optimismus\\\/#primaryimage\"},\"thumbnailUrl\":\"https:\\\/\\\/www.immobilienbusiness.ch\\\/wp-content\\\/uploads\\\/2016\\\/12\\\/Warteck-Invest-Vorsichtiger-Optimismus-immobilien-business.jpg\",\"keywords\":[\"Unternehmen\"],\"articleSection\":[\"UNTERNEHMEN\"],\"inLanguage\":\"fr-FR\"},{\"@type\":\"WebPage\",\"@id\":\"https:\\\/\\\/www.immobilienbusiness.ch\\\/fr\\\/unternehmen\\\/2016-08-29\\\/warteck-invest-vorsichtiger-optimismus\\\/\",\"url\":\"https:\\\/\\\/www.immobilienbusiness.ch\\\/fr\\\/unternehmen\\\/2016-08-29\\\/warteck-invest-vorsichtiger-optimismus\\\/\",\"name\":\"Warteck Invest: Vorsichtiger Optimismus - IMMOBILIEN Business\",\"isPartOf\":{\"@id\":\"https:\\\/\\\/www.immobilienbusiness.ch\\\/#website\"},\"primaryImageOfPage\":{\"@id\":\"https:\\\/\\\/www.immobilienbusiness.ch\\\/fr\\\/unternehmen\\\/2016-08-29\\\/warteck-invest-vorsichtiger-optimismus\\\/#primaryimage\"},\"image\":{\"@id\":\"https:\\\/\\\/www.immobilienbusiness.ch\\\/fr\\\/unternehmen\\\/2016-08-29\\\/warteck-invest-vorsichtiger-optimismus\\\/#primaryimage\"},\"thumbnailUrl\":\"https:\\\/\\\/www.immobilienbusiness.ch\\\/wp-content\\\/uploads\\\/2016\\\/12\\\/Warteck-Invest-Vorsichtiger-Optimismus-immobilien-business.jpg\",\"datePublished\":\"2016-08-29T07:34:01+00:00\",\"description\":\"Vorsichtiger Optimismus: Warteck Invest hat im ersten Halbjahr 2016 ein Betriebsergebnis (EBIT) von 12,7 Mio. CHF erzielt.\",\"breadcrumb\":{\"@id\":\"https:\\\/\\\/www.immobilienbusiness.ch\\\/fr\\\/unternehmen\\\/2016-08-29\\\/warteck-invest-vorsichtiger-optimismus\\\/#breadcrumb\"},\"inLanguage\":\"fr-FR\",\"potentialAction\":[{\"@type\":\"ReadAction\",\"target\":[\"https:\\\/\\\/www.immobilienbusiness.ch\\\/fr\\\/unternehmen\\\/2016-08-29\\\/warteck-invest-vorsichtiger-optimismus\\\/\"]}]},{\"@type\":\"ImageObject\",\"inLanguage\":\"fr-FR\",\"@id\":\"https:\\\/\\\/www.immobilienbusiness.ch\\\/fr\\\/unternehmen\\\/2016-08-29\\\/warteck-invest-vorsichtiger-optimismus\\\/#primaryimage\",\"url\":\"https:\\\/\\\/www.immobilienbusiness.ch\\\/wp-content\\\/uploads\\\/2016\\\/12\\\/Warteck-Invest-Vorsichtiger-Optimismus-immobilien-business.jpg\",\"contentUrl\":\"https:\\\/\\\/www.immobilienbusiness.ch\\\/wp-content\\\/uploads\\\/2016\\\/12\\\/Warteck-Invest-Vorsichtiger-Optimismus-immobilien-business.jpg\",\"width\":1280,\"height\":853,\"caption\":\"SFP AST hat Jahreszahlen f\u00fcr ihre Schweizer Anlagegruppe sowie f\u00fcr ihre Produkte mit internationaler Ausrichtung vorgelegt (Foto: Pixabay)\"},{\"@type\":\"BreadcrumbList\",\"@id\":\"https:\\\/\\\/www.immobilienbusiness.ch\\\/fr\\\/unternehmen\\\/2016-08-29\\\/warteck-invest-vorsichtiger-optimismus\\\/#breadcrumb\",\"itemListElement\":[{\"@type\":\"ListItem\",\"position\":1,\"name\":\"Home\",\"item\":\"https:\\\/\\\/www.immobilienbusiness.ch\\\/\"},{\"@type\":\"ListItem\",\"position\":2,\"name\":\"Warteck Invest: Vorsichtiger Optimismus\"}]},{\"@type\":\"WebSite\",\"@id\":\"https:\\\/\\\/www.immobilienbusiness.ch\\\/#website\",\"url\":\"https:\\\/\\\/www.immobilienbusiness.ch\\\/\",\"name\":\"IMMOBILIEN Business\",\"description\":\"Unabh\u00e4ngiges Schweizer Wirtschaftsmagazin mit Fokus auf Immobilien, Architektur- und Bau sowie Investment- und Finanzierung.\",\"publisher\":{\"@id\":\"https:\\\/\\\/www.immobilienbusiness.ch\\\/#organization\"},\"potentialAction\":[{\"@type\":\"SearchAction\",\"target\":{\"@type\":\"EntryPoint\",\"urlTemplate\":\"https:\\\/\\\/www.immobilienbusiness.ch\\\/?s={search_term_string}\"},\"query-input\":{\"@type\":\"PropertyValueSpecification\",\"valueRequired\":true,\"valueName\":\"search_term_string\"}}],\"inLanguage\":\"fr-FR\"},{\"@type\":\"Organization\",\"@id\":\"https:\\\/\\\/www.immobilienbusiness.ch\\\/#organization\",\"name\":\"IMMOBILIEN Business\",\"url\":\"https:\\\/\\\/www.immobilienbusiness.ch\\\/\",\"logo\":{\"@type\":\"ImageObject\",\"inLanguage\":\"fr-FR\",\"@id\":\"https:\\\/\\\/www.immobilienbusiness.ch\\\/#\\\/schema\\\/logo\\\/image\\\/\",\"url\":\"https:\\\/\\\/www.immobilienbusiness.ch\\\/wp-content\\\/uploads\\\/2021\\\/07\\\/logo_ib.png\",\"contentUrl\":\"https:\\\/\\\/www.immobilienbusiness.ch\\\/wp-content\\\/uploads\\\/2021\\\/07\\\/logo_ib.png\",\"width\":800,\"height\":181,\"caption\":\"IMMOBILIEN Business\"},\"image\":{\"@id\":\"https:\\\/\\\/www.immobilienbusiness.ch\\\/#\\\/schema\\\/logo\\\/image\\\/\"},\"sameAs\":[\"https:\\\/\\\/www.facebook.com\\\/immobilienbusiness\\\/\"]},{\"@type\":\"Person\",\"@id\":\"https:\\\/\\\/www.immobilienbusiness.ch\\\/#\\\/schema\\\/person\\\/aa2bace6c5c5aad60102004a50c4eb1c\",\"name\":\"Redaktion\",\"image\":{\"@type\":\"ImageObject\",\"inLanguage\":\"fr-FR\",\"@id\":\"https:\\\/\\\/secure.gravatar.com\\\/avatar\\\/ae2f4d718e6c49043e314ce431e7e645d646302a24a5ef5a8bc8e3f5a032e319?s=96&d=mm&r=g\",\"url\":\"https:\\\/\\\/secure.gravatar.com\\\/avatar\\\/ae2f4d718e6c49043e314ce431e7e645d646302a24a5ef5a8bc8e3f5a032e319?s=96&d=mm&r=g\",\"contentUrl\":\"https:\\\/\\\/secure.gravatar.com\\\/avatar\\\/ae2f4d718e6c49043e314ce431e7e645d646302a24a5ef5a8bc8e3f5a032e319?s=96&d=mm&r=g\",\"caption\":\"Redaktion\"},\"sameAs\":[\"http:\\\/\\\/develop.organisator.galledia.ch\"],\"url\":\"https:\\\/\\\/www.immobilienbusiness.ch\\\/fr\\\/author\\\/admin\\\/\"}]}<\/script>\n<!-- \/ Yoast SEO plugin. -->","yoast_head_json":{"title":"Warteck Invest: Vorsichtiger Optimismus - IMMOBILIEN Business","description":"Vorsichtiger Optimismus: Warteck Invest hat im ersten Halbjahr 2016 ein Betriebsergebnis (EBIT) von 12,7 Mio. CHF erzielt.","robots":{"index":"index","follow":"follow","max-snippet":"max-snippet:-1","max-image-preview":"max-image-preview:large","max-video-preview":"max-video-preview:-1"},"canonical":"https:\/\/www.immobilienbusiness.ch\/fr\/unternehmen\/2016-08-29\/warteck-invest-vorsichtiger-optimismus\/","og_locale":"fr_FR","og_type":"article","og_title":"Warteck Invest: Vorsichtiger Optimismus","og_description":"Warteck Invest hat im ersten Halbjahr 2016 ein Betriebsergebnis (EBIT) von 12,7 Millionen CHF erzielt, das sind 5,4 Prozent mehr als im Vorjahr. Der Konzerngewinn erh\u00f6hte sich um rund zehn Prozent auf sieben Millionen. F\u00fcr den Rest des Gesch\u00e4ftsjahres gibt sich das Unternehmen \u00abvorsichtig optimistisch\u00bb.","og_url":"https:\/\/www.immobilienbusiness.ch\/fr\/unternehmen\/2016-08-29\/warteck-invest-vorsichtiger-optimismus\/","og_site_name":"IMMOBILIEN Business","article_publisher":"https:\/\/www.facebook.com\/immobilienbusiness\/","article_published_time":"2016-08-29T07:34:01+00:00","author":"Redaktion","twitter_card":"summary_large_image","twitter_image":"https:\/\/www.immobilienbusiness.ch\/wp-content\/uploads\/2016\/12\/Warteck-Invest-Vorsichtiger-Optimismus-immobilien-business.jpg","schema":{"@context":"https:\/\/schema.org","@graph":[{"@type":"Article","@id":"https:\/\/www.immobilienbusiness.ch\/fr\/unternehmen\/2016-08-29\/warteck-invest-vorsichtiger-optimismus\/#article","isPartOf":{"@id":"https:\/\/www.immobilienbusiness.ch\/fr\/unternehmen\/2016-08-29\/warteck-invest-vorsichtiger-optimismus\/"},"author":{"name":"Redaktion","@id":"https:\/\/www.immobilienbusiness.ch\/#\/schema\/person\/aa2bace6c5c5aad60102004a50c4eb1c"},"headline":"Warteck Invest: Vorsichtiger Optimismus","datePublished":"2016-08-29T07:34:01+00:00","mainEntityOfPage":{"@id":"https:\/\/www.immobilienbusiness.ch\/fr\/unternehmen\/2016-08-29\/warteck-invest-vorsichtiger-optimismus\/"},"wordCount":299,"commentCount":0,"publisher":{"@id":"https:\/\/www.immobilienbusiness.ch\/#organization"},"image":{"@id":"https:\/\/www.immobilienbusiness.ch\/fr\/unternehmen\/2016-08-29\/warteck-invest-vorsichtiger-optimismus\/#primaryimage"},"thumbnailUrl":"https:\/\/www.immobilienbusiness.ch\/wp-content\/uploads\/2016\/12\/Warteck-Invest-Vorsichtiger-Optimismus-immobilien-business.jpg","keywords":["Unternehmen"],"articleSection":["UNTERNEHMEN"],"inLanguage":"fr-FR"},{"@type":"WebPage","@id":"https:\/\/www.immobilienbusiness.ch\/fr\/unternehmen\/2016-08-29\/warteck-invest-vorsichtiger-optimismus\/","url":"https:\/\/www.immobilienbusiness.ch\/fr\/unternehmen\/2016-08-29\/warteck-invest-vorsichtiger-optimismus\/","name":"Warteck Invest: Vorsichtiger Optimismus - IMMOBILIEN Business","isPartOf":{"@id":"https:\/\/www.immobilienbusiness.ch\/#website"},"primaryImageOfPage":{"@id":"https:\/\/www.immobilienbusiness.ch\/fr\/unternehmen\/2016-08-29\/warteck-invest-vorsichtiger-optimismus\/#primaryimage"},"image":{"@id":"https:\/\/www.immobilienbusiness.ch\/fr\/unternehmen\/2016-08-29\/warteck-invest-vorsichtiger-optimismus\/#primaryimage"},"thumbnailUrl":"https:\/\/www.immobilienbusiness.ch\/wp-content\/uploads\/2016\/12\/Warteck-Invest-Vorsichtiger-Optimismus-immobilien-business.jpg","datePublished":"2016-08-29T07:34:01+00:00","description":"Vorsichtiger Optimismus: Warteck Invest hat im ersten Halbjahr 2016 ein Betriebsergebnis (EBIT) von 12,7 Mio. CHF erzielt.","breadcrumb":{"@id":"https:\/\/www.immobilienbusiness.ch\/fr\/unternehmen\/2016-08-29\/warteck-invest-vorsichtiger-optimismus\/#breadcrumb"},"inLanguage":"fr-FR","potentialAction":[{"@type":"ReadAction","target":["https:\/\/www.immobilienbusiness.ch\/fr\/unternehmen\/2016-08-29\/warteck-invest-vorsichtiger-optimismus\/"]}]},{"@type":"ImageObject","inLanguage":"fr-FR","@id":"https:\/\/www.immobilienbusiness.ch\/fr\/unternehmen\/2016-08-29\/warteck-invest-vorsichtiger-optimismus\/#primaryimage","url":"https:\/\/www.immobilienbusiness.ch\/wp-content\/uploads\/2016\/12\/Warteck-Invest-Vorsichtiger-Optimismus-immobilien-business.jpg","contentUrl":"https:\/\/www.immobilienbusiness.ch\/wp-content\/uploads\/2016\/12\/Warteck-Invest-Vorsichtiger-Optimismus-immobilien-business.jpg","width":1280,"height":853,"caption":"SFP AST hat Jahreszahlen f\u00fcr ihre Schweizer Anlagegruppe sowie f\u00fcr ihre Produkte mit internationaler Ausrichtung vorgelegt (Foto: Pixabay)"},{"@type":"BreadcrumbList","@id":"https:\/\/www.immobilienbusiness.ch\/fr\/unternehmen\/2016-08-29\/warteck-invest-vorsichtiger-optimismus\/#breadcrumb","itemListElement":[{"@type":"ListItem","position":1,"name":"Home","item":"https:\/\/www.immobilienbusiness.ch\/"},{"@type":"ListItem","position":2,"name":"Warteck Invest: Vorsichtiger Optimismus"}]},{"@type":"WebSite","@id":"https:\/\/www.immobilienbusiness.ch\/#website","url":"https:\/\/www.immobilienbusiness.ch\/","name":"IMMOBILIER Business","description":"Magazine \u00e9conomique suisse ind\u00e9pendant ax\u00e9 sur l'immobilier, l'architecture et la construction ainsi que sur les investissements et le financement.","publisher":{"@id":"https:\/\/www.immobilienbusiness.ch\/#organization"},"potentialAction":[{"@type":"SearchAction","target":{"@type":"EntryPoint","urlTemplate":"https:\/\/www.immobilienbusiness.ch\/?s={search_term_string}"},"query-input":{"@type":"PropertyValueSpecification","valueRequired":true,"valueName":"search_term_string"}}],"inLanguage":"fr-FR"},{"@type":"Organization","@id":"https:\/\/www.immobilienbusiness.ch\/#organization","name":"IMMOBILIER Business","url":"https:\/\/www.immobilienbusiness.ch\/","logo":{"@type":"ImageObject","inLanguage":"fr-FR","@id":"https:\/\/www.immobilienbusiness.ch\/#\/schema\/logo\/image\/","url":"https:\/\/www.immobilienbusiness.ch\/wp-content\/uploads\/2021\/07\/logo_ib.png","contentUrl":"https:\/\/www.immobilienbusiness.ch\/wp-content\/uploads\/2021\/07\/logo_ib.png","width":800,"height":181,"caption":"IMMOBILIEN Business"},"image":{"@id":"https:\/\/www.immobilienbusiness.ch\/#\/schema\/logo\/image\/"},"sameAs":["https:\/\/www.facebook.com\/immobilienbusiness\/"]},{"@type":"Person","@id":"https:\/\/www.immobilienbusiness.ch\/#\/schema\/person\/aa2bace6c5c5aad60102004a50c4eb1c","name":"Editorial","image":{"@type":"ImageObject","inLanguage":"fr-FR","@id":"https:\/\/secure.gravatar.com\/avatar\/ae2f4d718e6c49043e314ce431e7e645d646302a24a5ef5a8bc8e3f5a032e319?s=96&d=mm&r=g","url":"https:\/\/secure.gravatar.com\/avatar\/ae2f4d718e6c49043e314ce431e7e645d646302a24a5ef5a8bc8e3f5a032e319?s=96&d=mm&r=g","contentUrl":"https:\/\/secure.gravatar.com\/avatar\/ae2f4d718e6c49043e314ce431e7e645d646302a24a5ef5a8bc8e3f5a032e319?s=96&d=mm&r=g","caption":"Redaktion"},"sameAs":["http:\/\/develop.organisator.galledia.ch"],"url":"https:\/\/www.immobilienbusiness.ch\/fr\/author\/admin\/"}]}},"_links":{"self":[{"href":"https:\/\/www.immobilienbusiness.ch\/fr\/wp-json\/wp\/v2\/posts\/3732","targetHints":{"allow":["GET"]}}],"collection":[{"href":"https:\/\/www.immobilienbusiness.ch\/fr\/wp-json\/wp\/v2\/posts"}],"about":[{"href":"https:\/\/www.immobilienbusiness.ch\/fr\/wp-json\/wp\/v2\/types\/post"}],"author":[{"embeddable":true,"href":"https:\/\/www.immobilienbusiness.ch\/fr\/wp-json\/wp\/v2\/users\/1"}],"replies":[{"embeddable":true,"href":"https:\/\/www.immobilienbusiness.ch\/fr\/wp-json\/wp\/v2\/comments?post=3732"}],"version-history":[{"count":0,"href":"https:\/\/www.immobilienbusiness.ch\/fr\/wp-json\/wp\/v2\/posts\/3732\/revisions"}],"wp:featuredmedia":[{"embeddable":true,"href":"https:\/\/www.immobilienbusiness.ch\/fr\/wp-json\/wp\/v2\/media\/3735"}],"wp:attachment":[{"href":"https:\/\/www.immobilienbusiness.ch\/fr\/wp-json\/wp\/v2\/media?parent=3732"}],"wp:term":[{"taxonomy":"category","embeddable":true,"href":"https:\/\/www.immobilienbusiness.ch\/fr\/wp-json\/wp\/v2\/categories?post=3732"},{"taxonomy":"post_tag","embeddable":true,"href":"https:\/\/www.immobilienbusiness.ch\/fr\/wp-json\/wp\/v2\/tags?post=3732"}],"curies":[{"name":"wp","href":"https:\/\/api.w.org\/{rel}","templated":true}]}}