{"id":37225,"date":"2016-07-13T10:00:31","date_gmt":"2016-07-13T08:00:31","guid":{"rendered":"http:\/\/dev.immobilienbusiness.ch\/?p=3179"},"modified":"2016-07-13T10:00:31","modified_gmt":"2016-07-13T08:00:31","slug":"publica-immobilien-im-ausland-im-visier","status":"publish","type":"post","link":"https:\/\/www.immobilienbusiness.ch\/fr\/unternehmen\/2016-07-13\/publica-immobilien-im-ausland-im-visier\/","title":{"rendered":"Publica : l'immobilier \u00e0 l'\u00e9tranger dans sa ligne de mire"},"content":{"rendered":"<figure id=\"attachment_3180\" aria-describedby=\"caption-attachment-3180\" style=\"width: 680px\" class=\"wp-caption alignnone\"><img loading=\"lazy\" decoding=\"async\" class=\"size-medium wp-image-3180\" src=\"https:\/\/immobilienbusiness.ch\/wp-content\/uploads\/2016\/12\/Publica-Immobilien-im-Ausland-im-Visier-immobilien-business.jpg\" alt=\"Publica-Hauptsitz an der Eigerstrasse 57 in Bern (Bild &amp; Copyright: Pensionskasse des Bundes PUBLICA)\" width=\"680\" height=\"453\" srcset=\"https:\/\/www.immobilienbusiness.ch\/wp-content\/uploads\/2016\/12\/Publica-Immobilien-im-Ausland-im-Visier-immobilien-business.jpg 1200w, https:\/\/www.immobilienbusiness.ch\/wp-content\/uploads\/2016\/12\/Publica-Immobilien-im-Ausland-im-Visier-immobilien-business-300x200.jpg 300w, https:\/\/www.immobilienbusiness.ch\/wp-content\/uploads\/2016\/12\/Publica-Immobilien-im-Ausland-im-Visier-immobilien-business-1024x683.jpg 1024w, https:\/\/www.immobilienbusiness.ch\/wp-content\/uploads\/2016\/12\/Publica-Immobilien-im-Ausland-im-Visier-immobilien-business-768x512.jpg 768w, https:\/\/www.immobilienbusiness.ch\/wp-content\/uploads\/2016\/12\/Publica-Immobilien-im-Ausland-im-Visier-immobilien-business-16x12.jpg 16w, https:\/\/www.immobilienbusiness.ch\/wp-content\/uploads\/2016\/12\/Publica-Immobilien-im-Ausland-im-Visier-immobilien-business-263x175.jpg 263w, https:\/\/www.immobilienbusiness.ch\/wp-content\/uploads\/2016\/12\/Publica-Immobilien-im-Ausland-im-Visier-immobilien-business-525x350.jpg 525w, https:\/\/www.immobilienbusiness.ch\/wp-content\/uploads\/2016\/12\/Publica-Immobilien-im-Ausland-im-Visier-immobilien-business-920x613.jpg 920w\" sizes=\"auto, (max-width: 680px) 100vw, 680px\" \/><figcaption id=\"caption-attachment-3180\" class=\"wp-caption-text\">Si\u00e8ge principal de Publica \u00e0 l'Eigerstrasse 57 \u00e0 Berne (Image &amp; Copyright : Caisse f\u00e9d\u00e9rale de pensions PUBLICA)<\/figcaption><\/figure>\n<p>Comme l'a d\u00e9clar\u00e9 David Engel, gestionnaire de portefeuille de Publica, \u00e0 IPE, l'engagement \u00e0 l'\u00e9tranger doit se faire par voie indirecte, via des investissements dans des fonds immobiliers ouverts. Les investissements sont principalement pr\u00e9vus dans des actifs de base, mais jusqu'\u00e0 dix pour cent du volume de placement pr\u00e9vu pourraient \u00e9galement \u00eatre investis dans des investissements \u00e0 valeur ajout\u00e9e. Dans un premier temps, il est pr\u00e9vu d'investir dans des fonds immobiliers ouverts avec une large base d'investisseurs, mais plus tard, il est possible que l'on veuille \u00e9galement agir en tant qu'investisseur individuel dans des mandats sp\u00e9ciaux.<\/p>\n<p>Dans une phase ult\u00e9rieure, on pourrait \u00e9ventuellement envisager des investissements dans des fonds immobiliers ferm\u00e9s ou des participations dans des club deals ou des joint-ventures. Selon Engel, l'engagement \u00e0 l'\u00e9tranger doit \u00eatre r\u00e9parti selon les quotas r\u00e9gionaux suivants : Am\u00e9rique du Nord (50%), Europe (30%) et Asie (20%). (bw)<\/p>\n<p>&nbsp;<\/p>","protected":false},"excerpt":{"rendered":"<p>A partir de 2017, Publica, la plus grande caisse de pension du secteur public en Suisse, veut placer en l'espace de six ans quatre pour cent de ses investissements immobiliers dans des fonds immobiliers \u00e9trangers, rapporte IPE Real Estate.<\/p>","protected":false},"author":1,"featured_media":3180,"comment_status":"open","ping_status":"open","sticky":false,"template":"","format":"standard","meta":{"_acf_changed":false,"_yoast_wpseo_focuskw":"Publica: Immobilien im Ausland im Visier","_yoast_wpseo_title":"","_yoast_wpseo_metadesc":"Ab 2017 will Publica binnen sechs Jahren vier Prozent ihrer Immobilieninvestitionen in ausl\u00e4ndischen Immobilienfonds anlegen, berichtet IPE Real Estate.","_yoast_wpseo_linkdex":49,"pgc_sgb_lightbox_settings":"","footnotes":""},"categories":[988],"tags":[1052,1331,1334,1362,1807],"class_list":["post-37225","post","type-post","status-publish","format-standard","has-post-thumbnail","hentry","category-unternehmen","tag-ausland","tag-immobilien-finanzierung","tag-immobilien-investitionen","tag-indirekte-immobilienanlagen","tag-unternehmen"],"acf":[],"yoast_head":"<!-- This site is optimized with the Yoast SEO plugin v27.4 - https:\/\/yoast.com\/product\/yoast-seo-wordpress\/ -->\n<title>Publica: Immobilien im Ausland im Visier - IMMOBILIEN Business<\/title>\n<meta name=\"description\" content=\"Ab 2017 will Publica binnen sechs Jahren vier Prozent ihrer Immobilieninvestitionen in ausl\u00e4ndischen Immobilienfonds anlegen, berichtet IPE Real Estate.\" \/>\n<meta name=\"robots\" content=\"index, follow, max-snippet:-1, max-image-preview:large, max-video-preview:-1\" \/>\n<link rel=\"canonical\" href=\"https:\/\/www.immobilienbusiness.ch\/fr\/unternehmen\/2016-07-13\/publica-immobilien-im-ausland-im-visier\/\" \/>\n<meta property=\"og:locale\" content=\"fr_FR\" \/>\n<meta property=\"og:type\" content=\"article\" \/>\n<meta property=\"og:title\" content=\"Publica: Immobilien im Ausland im Visier\" \/>\n<meta property=\"og:description\" content=\"Ab 2017 will Publica, die gr\u00f6sste Pensionskasse der \u00f6ffentlichen Hand in der Schweiz, binnen sechs Jahren vier Prozent ihrer Immobilieninvestitionen in ausl\u00e4ndischen Immobilienfonds anlegen, berichtet IPE Real Estate.\" \/>\n<meta property=\"og:url\" content=\"https:\/\/www.immobilienbusiness.ch\/fr\/unternehmen\/2016-07-13\/publica-immobilien-im-ausland-im-visier\/\" \/>\n<meta property=\"og:site_name\" content=\"IMMOBILIEN Business\" \/>\n<meta property=\"article:publisher\" content=\"https:\/\/www.facebook.com\/immobilienbusiness\/\" \/>\n<meta property=\"article:published_time\" content=\"2016-07-13T08:00:31+00:00\" \/>\n<meta name=\"author\" content=\"Redaktion\" \/>\n<meta name=\"twitter:card\" content=\"summary_large_image\" \/>\n<meta name=\"twitter:image\" content=\"https:\/\/www.immobilienbusiness.ch\/wp-content\/uploads\/2016\/12\/Publica-Immobilien-im-Ausland-im-Visier-immobilien-business.jpg\" \/>\n<script type=\"application\/ld+json\" class=\"yoast-schema-graph\">{\"@context\":\"https:\\\/\\\/schema.org\",\"@graph\":[{\"@type\":\"Article\",\"@id\":\"https:\\\/\\\/www.immobilienbusiness.ch\\\/unternehmen\\\/2016-07-13\\\/publica-immobilien-im-ausland-im-visier\\\/#article\",\"isPartOf\":{\"@id\":\"https:\\\/\\\/www.immobilienbusiness.ch\\\/unternehmen\\\/2016-07-13\\\/publica-immobilien-im-ausland-im-visier\\\/\"},\"author\":{\"name\":\"Redaktion\",\"@id\":\"https:\\\/\\\/www.immobilienbusiness.ch\\\/#\\\/schema\\\/person\\\/aa2bace6c5c5aad60102004a50c4eb1c\"},\"headline\":\"Publica: Immobilien im Ausland im Visier\",\"datePublished\":\"2016-07-13T08:00:31+00:00\",\"mainEntityOfPage\":{\"@id\":\"https:\\\/\\\/www.immobilienbusiness.ch\\\/unternehmen\\\/2016-07-13\\\/publica-immobilien-im-ausland-im-visier\\\/\"},\"wordCount\":131,\"commentCount\":0,\"publisher\":{\"@id\":\"https:\\\/\\\/www.immobilienbusiness.ch\\\/#organization\"},\"image\":{\"@id\":\"https:\\\/\\\/www.immobilienbusiness.ch\\\/unternehmen\\\/2016-07-13\\\/publica-immobilien-im-ausland-im-visier\\\/#primaryimage\"},\"thumbnailUrl\":\"https:\\\/\\\/www.immobilienbusiness.ch\\\/wp-content\\\/uploads\\\/2016\\\/12\\\/Publica-Immobilien-im-Ausland-im-Visier-immobilien-business.jpg\",\"keywords\":[\"Ausland\",\"Immobilien-Finanzierung\",\"Immobilien-Investitionen\",\"Indirekte Immobilienanlagen\",\"Unternehmen\"],\"articleSection\":[\"UNTERNEHMEN\"],\"inLanguage\":\"fr-FR\"},{\"@type\":\"WebPage\",\"@id\":\"https:\\\/\\\/www.immobilienbusiness.ch\\\/unternehmen\\\/2016-07-13\\\/publica-immobilien-im-ausland-im-visier\\\/\",\"url\":\"https:\\\/\\\/www.immobilienbusiness.ch\\\/unternehmen\\\/2016-07-13\\\/publica-immobilien-im-ausland-im-visier\\\/\",\"name\":\"Publica: Immobilien im Ausland im Visier - IMMOBILIEN Business\",\"isPartOf\":{\"@id\":\"https:\\\/\\\/www.immobilienbusiness.ch\\\/#website\"},\"primaryImageOfPage\":{\"@id\":\"https:\\\/\\\/www.immobilienbusiness.ch\\\/unternehmen\\\/2016-07-13\\\/publica-immobilien-im-ausland-im-visier\\\/#primaryimage\"},\"image\":{\"@id\":\"https:\\\/\\\/www.immobilienbusiness.ch\\\/unternehmen\\\/2016-07-13\\\/publica-immobilien-im-ausland-im-visier\\\/#primaryimage\"},\"thumbnailUrl\":\"https:\\\/\\\/www.immobilienbusiness.ch\\\/wp-content\\\/uploads\\\/2016\\\/12\\\/Publica-Immobilien-im-Ausland-im-Visier-immobilien-business.jpg\",\"datePublished\":\"2016-07-13T08:00:31+00:00\",\"description\":\"Ab 2017 will Publica binnen sechs Jahren vier Prozent ihrer Immobilieninvestitionen in ausl\u00e4ndischen Immobilienfonds anlegen, berichtet IPE Real Estate.\",\"breadcrumb\":{\"@id\":\"https:\\\/\\\/www.immobilienbusiness.ch\\\/unternehmen\\\/2016-07-13\\\/publica-immobilien-im-ausland-im-visier\\\/#breadcrumb\"},\"inLanguage\":\"fr-FR\",\"potentialAction\":[{\"@type\":\"ReadAction\",\"target\":[\"https:\\\/\\\/www.immobilienbusiness.ch\\\/unternehmen\\\/2016-07-13\\\/publica-immobilien-im-ausland-im-visier\\\/\"]}]},{\"@type\":\"ImageObject\",\"inLanguage\":\"fr-FR\",\"@id\":\"https:\\\/\\\/www.immobilienbusiness.ch\\\/unternehmen\\\/2016-07-13\\\/publica-immobilien-im-ausland-im-visier\\\/#primaryimage\",\"url\":\"https:\\\/\\\/www.immobilienbusiness.ch\\\/wp-content\\\/uploads\\\/2016\\\/12\\\/Publica-Immobilien-im-Ausland-im-Visier-immobilien-business.jpg\",\"contentUrl\":\"https:\\\/\\\/www.immobilienbusiness.ch\\\/wp-content\\\/uploads\\\/2016\\\/12\\\/Publica-Immobilien-im-Ausland-im-Visier-immobilien-business.jpg\",\"width\":1200,\"height\":800,\"caption\":\"Publica-Hauptsitz an der Eigerstrasse 57 in Bern (Bild & Copyright: Pensionskasse des Bundes PUBLICA)\"},{\"@type\":\"BreadcrumbList\",\"@id\":\"https:\\\/\\\/www.immobilienbusiness.ch\\\/unternehmen\\\/2016-07-13\\\/publica-immobilien-im-ausland-im-visier\\\/#breadcrumb\",\"itemListElement\":[{\"@type\":\"ListItem\",\"position\":1,\"name\":\"Home\",\"item\":\"https:\\\/\\\/www.immobilienbusiness.ch\\\/\"},{\"@type\":\"ListItem\",\"position\":2,\"name\":\"Publica: Immobilien im Ausland im Visier\"}]},{\"@type\":\"WebSite\",\"@id\":\"https:\\\/\\\/www.immobilienbusiness.ch\\\/#website\",\"url\":\"https:\\\/\\\/www.immobilienbusiness.ch\\\/\",\"name\":\"IMMOBILIEN Business\",\"description\":\"Unabh\u00e4ngiges Schweizer Wirtschaftsmagazin mit Fokus auf Immobilien, Architektur- und Bau sowie Investment- und Finanzierung.\",\"publisher\":{\"@id\":\"https:\\\/\\\/www.immobilienbusiness.ch\\\/#organization\"},\"potentialAction\":[{\"@type\":\"SearchAction\",\"target\":{\"@type\":\"EntryPoint\",\"urlTemplate\":\"https:\\\/\\\/www.immobilienbusiness.ch\\\/?s={search_term_string}\"},\"query-input\":{\"@type\":\"PropertyValueSpecification\",\"valueRequired\":true,\"valueName\":\"search_term_string\"}}],\"inLanguage\":\"fr-FR\"},{\"@type\":\"Organization\",\"@id\":\"https:\\\/\\\/www.immobilienbusiness.ch\\\/#organization\",\"name\":\"IMMOBILIEN Business\",\"url\":\"https:\\\/\\\/www.immobilienbusiness.ch\\\/\",\"logo\":{\"@type\":\"ImageObject\",\"inLanguage\":\"fr-FR\",\"@id\":\"https:\\\/\\\/www.immobilienbusiness.ch\\\/#\\\/schema\\\/logo\\\/image\\\/\",\"url\":\"https:\\\/\\\/www.immobilienbusiness.ch\\\/wp-content\\\/uploads\\\/2021\\\/07\\\/logo_ib.png\",\"contentUrl\":\"https:\\\/\\\/www.immobilienbusiness.ch\\\/wp-content\\\/uploads\\\/2021\\\/07\\\/logo_ib.png\",\"width\":800,\"height\":181,\"caption\":\"IMMOBILIEN Business\"},\"image\":{\"@id\":\"https:\\\/\\\/www.immobilienbusiness.ch\\\/#\\\/schema\\\/logo\\\/image\\\/\"},\"sameAs\":[\"https:\\\/\\\/www.facebook.com\\\/immobilienbusiness\\\/\"]},{\"@type\":\"Person\",\"@id\":\"https:\\\/\\\/www.immobilienbusiness.ch\\\/#\\\/schema\\\/person\\\/aa2bace6c5c5aad60102004a50c4eb1c\",\"name\":\"Redaktion\",\"image\":{\"@type\":\"ImageObject\",\"inLanguage\":\"fr-FR\",\"@id\":\"https:\\\/\\\/secure.gravatar.com\\\/avatar\\\/ae2f4d718e6c49043e314ce431e7e645d646302a24a5ef5a8bc8e3f5a032e319?s=96&d=mm&r=g\",\"url\":\"https:\\\/\\\/secure.gravatar.com\\\/avatar\\\/ae2f4d718e6c49043e314ce431e7e645d646302a24a5ef5a8bc8e3f5a032e319?s=96&d=mm&r=g\",\"contentUrl\":\"https:\\\/\\\/secure.gravatar.com\\\/avatar\\\/ae2f4d718e6c49043e314ce431e7e645d646302a24a5ef5a8bc8e3f5a032e319?s=96&d=mm&r=g\",\"caption\":\"Redaktion\"},\"sameAs\":[\"http:\\\/\\\/develop.organisator.galledia.ch\"],\"url\":\"https:\\\/\\\/www.immobilienbusiness.ch\\\/fr\\\/author\\\/admin\\\/\"}]}<\/script>\n<!-- \/ Yoast SEO plugin. -->","yoast_head_json":{"title":"Publica: Immobilien im Ausland im Visier - IMMOBILIEN Business","description":"Ab 2017 will Publica binnen sechs Jahren vier Prozent ihrer Immobilieninvestitionen in ausl\u00e4ndischen Immobilienfonds anlegen, berichtet IPE Real Estate.","robots":{"index":"index","follow":"follow","max-snippet":"max-snippet:-1","max-image-preview":"max-image-preview:large","max-video-preview":"max-video-preview:-1"},"canonical":"https:\/\/www.immobilienbusiness.ch\/fr\/unternehmen\/2016-07-13\/publica-immobilien-im-ausland-im-visier\/","og_locale":"fr_FR","og_type":"article","og_title":"Publica: Immobilien im Ausland im Visier","og_description":"Ab 2017 will Publica, die gr\u00f6sste Pensionskasse der \u00f6ffentlichen Hand in der Schweiz, binnen sechs Jahren vier Prozent ihrer Immobilieninvestitionen in ausl\u00e4ndischen Immobilienfonds anlegen, berichtet IPE Real Estate.","og_url":"https:\/\/www.immobilienbusiness.ch\/fr\/unternehmen\/2016-07-13\/publica-immobilien-im-ausland-im-visier\/","og_site_name":"IMMOBILIEN Business","article_publisher":"https:\/\/www.facebook.com\/immobilienbusiness\/","article_published_time":"2016-07-13T08:00:31+00:00","author":"Redaktion","twitter_card":"summary_large_image","twitter_image":"https:\/\/www.immobilienbusiness.ch\/wp-content\/uploads\/2016\/12\/Publica-Immobilien-im-Ausland-im-Visier-immobilien-business.jpg","schema":{"@context":"https:\/\/schema.org","@graph":[{"@type":"Article","@id":"https:\/\/www.immobilienbusiness.ch\/unternehmen\/2016-07-13\/publica-immobilien-im-ausland-im-visier\/#article","isPartOf":{"@id":"https:\/\/www.immobilienbusiness.ch\/unternehmen\/2016-07-13\/publica-immobilien-im-ausland-im-visier\/"},"author":{"name":"Redaktion","@id":"https:\/\/www.immobilienbusiness.ch\/#\/schema\/person\/aa2bace6c5c5aad60102004a50c4eb1c"},"headline":"Publica: Immobilien im Ausland im Visier","datePublished":"2016-07-13T08:00:31+00:00","mainEntityOfPage":{"@id":"https:\/\/www.immobilienbusiness.ch\/unternehmen\/2016-07-13\/publica-immobilien-im-ausland-im-visier\/"},"wordCount":131,"commentCount":0,"publisher":{"@id":"https:\/\/www.immobilienbusiness.ch\/#organization"},"image":{"@id":"https:\/\/www.immobilienbusiness.ch\/unternehmen\/2016-07-13\/publica-immobilien-im-ausland-im-visier\/#primaryimage"},"thumbnailUrl":"https:\/\/www.immobilienbusiness.ch\/wp-content\/uploads\/2016\/12\/Publica-Immobilien-im-Ausland-im-Visier-immobilien-business.jpg","keywords":["Ausland","Immobilien-Finanzierung","Immobilien-Investitionen","Indirekte Immobilienanlagen","Unternehmen"],"articleSection":["UNTERNEHMEN"],"inLanguage":"fr-FR"},{"@type":"WebPage","@id":"https:\/\/www.immobilienbusiness.ch\/unternehmen\/2016-07-13\/publica-immobilien-im-ausland-im-visier\/","url":"https:\/\/www.immobilienbusiness.ch\/unternehmen\/2016-07-13\/publica-immobilien-im-ausland-im-visier\/","name":"Publica: Immobilien im Ausland im Visier - IMMOBILIEN Business","isPartOf":{"@id":"https:\/\/www.immobilienbusiness.ch\/#website"},"primaryImageOfPage":{"@id":"https:\/\/www.immobilienbusiness.ch\/unternehmen\/2016-07-13\/publica-immobilien-im-ausland-im-visier\/#primaryimage"},"image":{"@id":"https:\/\/www.immobilienbusiness.ch\/unternehmen\/2016-07-13\/publica-immobilien-im-ausland-im-visier\/#primaryimage"},"thumbnailUrl":"https:\/\/www.immobilienbusiness.ch\/wp-content\/uploads\/2016\/12\/Publica-Immobilien-im-Ausland-im-Visier-immobilien-business.jpg","datePublished":"2016-07-13T08:00:31+00:00","description":"Ab 2017 will Publica binnen sechs Jahren vier Prozent ihrer Immobilieninvestitionen in ausl\u00e4ndischen Immobilienfonds anlegen, berichtet IPE Real Estate.","breadcrumb":{"@id":"https:\/\/www.immobilienbusiness.ch\/unternehmen\/2016-07-13\/publica-immobilien-im-ausland-im-visier\/#breadcrumb"},"inLanguage":"fr-FR","potentialAction":[{"@type":"ReadAction","target":["https:\/\/www.immobilienbusiness.ch\/unternehmen\/2016-07-13\/publica-immobilien-im-ausland-im-visier\/"]}]},{"@type":"ImageObject","inLanguage":"fr-FR","@id":"https:\/\/www.immobilienbusiness.ch\/unternehmen\/2016-07-13\/publica-immobilien-im-ausland-im-visier\/#primaryimage","url":"https:\/\/www.immobilienbusiness.ch\/wp-content\/uploads\/2016\/12\/Publica-Immobilien-im-Ausland-im-Visier-immobilien-business.jpg","contentUrl":"https:\/\/www.immobilienbusiness.ch\/wp-content\/uploads\/2016\/12\/Publica-Immobilien-im-Ausland-im-Visier-immobilien-business.jpg","width":1200,"height":800,"caption":"Publica-Hauptsitz an der Eigerstrasse 57 in Bern (Bild & Copyright: Pensionskasse des Bundes PUBLICA)"},{"@type":"BreadcrumbList","@id":"https:\/\/www.immobilienbusiness.ch\/unternehmen\/2016-07-13\/publica-immobilien-im-ausland-im-visier\/#breadcrumb","itemListElement":[{"@type":"ListItem","position":1,"name":"Home","item":"https:\/\/www.immobilienbusiness.ch\/"},{"@type":"ListItem","position":2,"name":"Publica: Immobilien im Ausland im Visier"}]},{"@type":"WebSite","@id":"https:\/\/www.immobilienbusiness.ch\/#website","url":"https:\/\/www.immobilienbusiness.ch\/","name":"IMMOBILIER Business","description":"Magazine \u00e9conomique suisse ind\u00e9pendant ax\u00e9 sur l'immobilier, l'architecture et la construction ainsi que sur les investissements et le financement.","publisher":{"@id":"https:\/\/www.immobilienbusiness.ch\/#organization"},"potentialAction":[{"@type":"SearchAction","target":{"@type":"EntryPoint","urlTemplate":"https:\/\/www.immobilienbusiness.ch\/?s={search_term_string}"},"query-input":{"@type":"PropertyValueSpecification","valueRequired":true,"valueName":"search_term_string"}}],"inLanguage":"fr-FR"},{"@type":"Organization","@id":"https:\/\/www.immobilienbusiness.ch\/#organization","name":"IMMOBILIER Business","url":"https:\/\/www.immobilienbusiness.ch\/","logo":{"@type":"ImageObject","inLanguage":"fr-FR","@id":"https:\/\/www.immobilienbusiness.ch\/#\/schema\/logo\/image\/","url":"https:\/\/www.immobilienbusiness.ch\/wp-content\/uploads\/2021\/07\/logo_ib.png","contentUrl":"https:\/\/www.immobilienbusiness.ch\/wp-content\/uploads\/2021\/07\/logo_ib.png","width":800,"height":181,"caption":"IMMOBILIEN Business"},"image":{"@id":"https:\/\/www.immobilienbusiness.ch\/#\/schema\/logo\/image\/"},"sameAs":["https:\/\/www.facebook.com\/immobilienbusiness\/"]},{"@type":"Person","@id":"https:\/\/www.immobilienbusiness.ch\/#\/schema\/person\/aa2bace6c5c5aad60102004a50c4eb1c","name":"Editorial","image":{"@type":"ImageObject","inLanguage":"fr-FR","@id":"https:\/\/secure.gravatar.com\/avatar\/ae2f4d718e6c49043e314ce431e7e645d646302a24a5ef5a8bc8e3f5a032e319?s=96&d=mm&r=g","url":"https:\/\/secure.gravatar.com\/avatar\/ae2f4d718e6c49043e314ce431e7e645d646302a24a5ef5a8bc8e3f5a032e319?s=96&d=mm&r=g","contentUrl":"https:\/\/secure.gravatar.com\/avatar\/ae2f4d718e6c49043e314ce431e7e645d646302a24a5ef5a8bc8e3f5a032e319?s=96&d=mm&r=g","caption":"Redaktion"},"sameAs":["http:\/\/develop.organisator.galledia.ch"],"url":"https:\/\/www.immobilienbusiness.ch\/fr\/author\/admin\/"}]}},"_links":{"self":[{"href":"https:\/\/www.immobilienbusiness.ch\/fr\/wp-json\/wp\/v2\/posts\/37225","targetHints":{"allow":["GET"]}}],"collection":[{"href":"https:\/\/www.immobilienbusiness.ch\/fr\/wp-json\/wp\/v2\/posts"}],"about":[{"href":"https:\/\/www.immobilienbusiness.ch\/fr\/wp-json\/wp\/v2\/types\/post"}],"author":[{"embeddable":true,"href":"https:\/\/www.immobilienbusiness.ch\/fr\/wp-json\/wp\/v2\/users\/1"}],"replies":[{"embeddable":true,"href":"https:\/\/www.immobilienbusiness.ch\/fr\/wp-json\/wp\/v2\/comments?post=37225"}],"version-history":[{"count":0,"href":"https:\/\/www.immobilienbusiness.ch\/fr\/wp-json\/wp\/v2\/posts\/37225\/revisions"}],"wp:featuredmedia":[{"embeddable":true,"href":"https:\/\/www.immobilienbusiness.ch\/fr\/wp-json\/wp\/v2\/media\/3180"}],"wp:attachment":[{"href":"https:\/\/www.immobilienbusiness.ch\/fr\/wp-json\/wp\/v2\/media?parent=37225"}],"wp:term":[{"taxonomy":"category","embeddable":true,"href":"https:\/\/www.immobilienbusiness.ch\/fr\/wp-json\/wp\/v2\/categories?post=37225"},{"taxonomy":"post_tag","embeddable":true,"href":"https:\/\/www.immobilienbusiness.ch\/fr\/wp-json\/wp\/v2\/tags?post=37225"}],"curies":[{"name":"wp","href":"https:\/\/api.w.org\/{rel}","templated":true}]}}