{"id":37224,"date":"2016-06-23T10:41:58","date_gmt":"2016-06-23T08:41:58","guid":{"rendered":"http:\/\/dev.immobilienbusiness.ch\/?p=4398"},"modified":"2016-06-23T10:41:58","modified_gmt":"2016-06-23T08:41:58","slug":"zueblin-immobilien-sucht-einen-neuen-ceo","status":"publish","type":"post","link":"https:\/\/www.immobilienbusiness.ch\/fr\/unternehmen\/2016-06-23\/zueblin-immobilien-sucht-einen-neuen-ceo\/","title":{"rendered":"Z\u00fcblin Immobilien cherche un nouveau CEO"},"content":{"rendered":"<figure id=\"attachment_4403\" aria-describedby=\"caption-attachment-4403\" style=\"width: 539px\" class=\"wp-caption alignnone\"><img loading=\"lazy\" decoding=\"async\" class=\"size-full wp-image-4403\" src=\"https:\/\/immobilienbusiness.ch\/wp-content\/uploads\/2016\/12\/Z\u00fcblin-Immobilien-sucht-einen-neuen-CEO-immobilien-business.jpg\" alt=\"Dr. Iosif Bakaleynik wird seine Funktion als CEO der Z\u00fcblin Immobilien Holding AG und sich fortan auf sein Mandat als VR-Pr\u00e4sident konzentrieren (Bild: Z\u00fcblin Immobilien Holding AG)\" width=\"539\" height=\"439\" \/><figcaption id=\"caption-attachment-4403\" class=\"wp-caption-text\">Iosif Bakaleynik quitte ses fonctions de CEO de Z\u00fcblin Immobilien Holding AG et se concentre d\u00e9sormais sur son mandat de pr\u00e9sident du conseil d'administration (photo : Z\u00fcblin Immobilien Holding AG).<\/figcaption><\/figure>\n<blockquote><p>\"Le redressement de Z\u00fcblin a \u00e9t\u00e9 men\u00e9 \u00e0 bien et la soci\u00e9t\u00e9 repose sur des bases saines sur le plan op\u00e9rationnel et financier. Cela nous permet de mettre en \u0153uvre les pratiques de gouvernance d'entreprise existantes et de s\u00e9parer le double mandat actuel de pr\u00e9sident du CA\/directeur g\u00e9n\u00e9ral\". Pr\u00e9sident du conseil d'administration de Z\u00fcblin Dr. Iosif Bakaleynik<\/p><\/blockquote>\n<p>\"Apr\u00e8s la restructuration men\u00e9e avec succ\u00e8s, Z\u00fcblin est en mesure d'entamer la prochaine phase de mise en \u0153uvre de la strat\u00e9gie et de se consacrer \u00e0 la constitution du portefeuille immobilier\", ajoute l'entreprise. Le comit\u00e9 de r\u00e9mun\u00e9ration, dirig\u00e9 par le Dr Wolfgang Z\u00fcrcher, est responsable de la recherche d'un successeur. Une nouvelle nomination est pr\u00e9vue d'ici la fin du troisi\u00e8me trimestre 2016. D'ici l\u00e0, Iosif Bakaleynik continuera d'assumer sa fonction actuelle de CEO.<\/p>\n<p>\"Le redressement de Z\u00fcblin a \u00e9t\u00e9 men\u00e9 \u00e0 bien et la soci\u00e9t\u00e9 repose sur des bases saines sur le plan op\u00e9rationnel et financier. Cela nous permet de mettre en \u0153uvre les pratiques de gouvernance d'entreprise existantes et de s\u00e9parer le double mandat actuel de pr\u00e9sidence du conseil d'administration et de CEO\", d\u00e9clare le Dr Iosif Bakaleynik. Dr Wolfgang Z\u00fcrcher ajoute : \"Z\u00fcblin est pr\u00eate \u00e0 poursuivre le d\u00e9veloppement de son activit\u00e9 principale et est \u00e9quip\u00e9e pour passer \u00e0 la phase de croissance. Le moment est donc id\u00e9al pour un passage de t\u00e9moin op\u00e9rationnel du gestionnaire de redressement \u00e0 un expert immobilier confirm\u00e9\". (mr)<\/p>","protected":false},"excerpt":{"rendered":"<p>Iosif Bakaleynik va quitter sa fonction de CEO de Z\u00fcblin Immobilien Holding AG. Il souhaite d\u00e9sormais se concentrer sur son mandat de pr\u00e9sident du conseil d'administration, selon un communiqu\u00e9 de l'entreprise publi\u00e9 \u00e0 l'occasion de l'assembl\u00e9e g\u00e9n\u00e9rale qui s'est tenue mardi.<\/p>","protected":false},"author":1,"featured_media":4403,"comment_status":"open","ping_status":"open","sticky":false,"template":"","format":"standard","meta":{"_acf_changed":false,"_yoast_wpseo_focuskw":"Z\u00fcblin Immobilien","_yoast_wpseo_title":"","_yoast_wpseo_metadesc":"Dr. Iosif Bakaleynik wird seine Funktion als CEO der Z\u00fcblin Immobilien Holding AG aufgeben.","_yoast_wpseo_linkdex":89,"pgc_sgb_lightbox_settings":"","footnotes":""},"categories":[988],"tags":[1362,1462,1563,1564,1566,1807],"class_list":["post-37224","post","type-post","status-publish","format-standard","has-post-thumbnail","hentry","category-unternehmen","tag-indirekte-immobilienanlagen","tag-management-und-unternehmensfuehrung","tag-personalia","tag-personalien","tag-persoenlich","tag-unternehmen"],"acf":[],"yoast_head":"<!-- This site is optimized with the Yoast SEO plugin v27.4 - https:\/\/yoast.com\/product\/yoast-seo-wordpress\/ -->\n<title>Z\u00fcblin Immobilien sucht einen neuen CEO - IMMOBILIEN Business<\/title>\n<meta name=\"description\" content=\"Dr. Iosif Bakaleynik wird seine Funktion als CEO der Z\u00fcblin Immobilien Holding AG aufgeben.\" \/>\n<meta name=\"robots\" content=\"index, follow, max-snippet:-1, max-image-preview:large, max-video-preview:-1\" \/>\n<link rel=\"canonical\" href=\"https:\/\/www.immobilienbusiness.ch\/fr\/unternehmen\/2016-06-23\/zueblin-immobilien-sucht-einen-neuen-ceo\/\" \/>\n<meta property=\"og:locale\" content=\"fr_FR\" \/>\n<meta property=\"og:type\" content=\"article\" \/>\n<meta property=\"og:title\" content=\"Z\u00fcblin Immobilien sucht einen neuen CEO\" \/>\n<meta property=\"og:description\" content=\"Dr. Iosif Bakaleynik wird seine Funktion als CEO der Z\u00fcblin Immobilien Holding AG aufgeben. Er will sich fortan auf sein Mandat als Pr\u00e4sident des Verwaltungsrats konzentrieren, heisst es in einer Unternehmensmitteilung anl\u00e4sslich der am Dienstag durchgef\u00fchrten Generalversammlung.\" \/>\n<meta property=\"og:url\" content=\"https:\/\/www.immobilienbusiness.ch\/fr\/unternehmen\/2016-06-23\/zueblin-immobilien-sucht-einen-neuen-ceo\/\" \/>\n<meta property=\"og:site_name\" content=\"IMMOBILIEN Business\" \/>\n<meta property=\"article:publisher\" content=\"https:\/\/www.facebook.com\/immobilienbusiness\/\" \/>\n<meta property=\"article:published_time\" content=\"2016-06-23T08:41:58+00:00\" \/>\n<meta name=\"author\" content=\"Redaktion\" \/>\n<meta name=\"twitter:card\" content=\"summary_large_image\" \/>\n<meta name=\"twitter:image\" content=\"https:\/\/www.immobilienbusiness.ch\/wp-content\/uploads\/2016\/12\/Zueblin-Immobilien-sucht-einen-neuen-CEO-immobilien-business.jpg\" \/>\n<script type=\"application\/ld+json\" class=\"yoast-schema-graph\">{\"@context\":\"https:\\\/\\\/schema.org\",\"@graph\":[{\"@type\":\"Article\",\"@id\":\"https:\\\/\\\/www.immobilienbusiness.ch\\\/unternehmen\\\/2016-06-23\\\/zueblin-immobilien-sucht-einen-neuen-ceo\\\/#article\",\"isPartOf\":{\"@id\":\"https:\\\/\\\/www.immobilienbusiness.ch\\\/unternehmen\\\/2016-06-23\\\/zueblin-immobilien-sucht-einen-neuen-ceo\\\/\"},\"author\":{\"name\":\"Redaktion\",\"@id\":\"https:\\\/\\\/www.immobilienbusiness.ch\\\/#\\\/schema\\\/person\\\/aa2bace6c5c5aad60102004a50c4eb1c\"},\"headline\":\"Z\u00fcblin Immobilien sucht einen neuen CEO\",\"datePublished\":\"2016-06-23T08:41:58+00:00\",\"mainEntityOfPage\":{\"@id\":\"https:\\\/\\\/www.immobilienbusiness.ch\\\/unternehmen\\\/2016-06-23\\\/zueblin-immobilien-sucht-einen-neuen-ceo\\\/\"},\"wordCount\":250,\"commentCount\":0,\"publisher\":{\"@id\":\"https:\\\/\\\/www.immobilienbusiness.ch\\\/#organization\"},\"image\":{\"@id\":\"https:\\\/\\\/www.immobilienbusiness.ch\\\/unternehmen\\\/2016-06-23\\\/zueblin-immobilien-sucht-einen-neuen-ceo\\\/#primaryimage\"},\"thumbnailUrl\":\"https:\\\/\\\/www.immobilienbusiness.ch\\\/wp-content\\\/uploads\\\/2016\\\/12\\\/Zueblin-Immobilien-sucht-einen-neuen-CEO-immobilien-business.jpg\",\"keywords\":[\"Indirekte Immobilienanlagen\",\"Management und Unternehmensf\u00fchrung\",\"Personalia\",\"Personalien\",\"Pers\u00f6nlich\",\"Unternehmen\"],\"articleSection\":[\"UNTERNEHMEN\"],\"inLanguage\":\"fr-FR\"},{\"@type\":\"WebPage\",\"@id\":\"https:\\\/\\\/www.immobilienbusiness.ch\\\/unternehmen\\\/2016-06-23\\\/zueblin-immobilien-sucht-einen-neuen-ceo\\\/\",\"url\":\"https:\\\/\\\/www.immobilienbusiness.ch\\\/unternehmen\\\/2016-06-23\\\/zueblin-immobilien-sucht-einen-neuen-ceo\\\/\",\"name\":\"Z\u00fcblin Immobilien sucht einen neuen CEO - IMMOBILIEN Business\",\"isPartOf\":{\"@id\":\"https:\\\/\\\/www.immobilienbusiness.ch\\\/#website\"},\"primaryImageOfPage\":{\"@id\":\"https:\\\/\\\/www.immobilienbusiness.ch\\\/unternehmen\\\/2016-06-23\\\/zueblin-immobilien-sucht-einen-neuen-ceo\\\/#primaryimage\"},\"image\":{\"@id\":\"https:\\\/\\\/www.immobilienbusiness.ch\\\/unternehmen\\\/2016-06-23\\\/zueblin-immobilien-sucht-einen-neuen-ceo\\\/#primaryimage\"},\"thumbnailUrl\":\"https:\\\/\\\/www.immobilienbusiness.ch\\\/wp-content\\\/uploads\\\/2016\\\/12\\\/Zueblin-Immobilien-sucht-einen-neuen-CEO-immobilien-business.jpg\",\"datePublished\":\"2016-06-23T08:41:58+00:00\",\"description\":\"Dr. Iosif Bakaleynik wird seine Funktion als CEO der Z\u00fcblin Immobilien Holding AG aufgeben.\",\"breadcrumb\":{\"@id\":\"https:\\\/\\\/www.immobilienbusiness.ch\\\/unternehmen\\\/2016-06-23\\\/zueblin-immobilien-sucht-einen-neuen-ceo\\\/#breadcrumb\"},\"inLanguage\":\"fr-FR\",\"potentialAction\":[{\"@type\":\"ReadAction\",\"target\":[\"https:\\\/\\\/www.immobilienbusiness.ch\\\/unternehmen\\\/2016-06-23\\\/zueblin-immobilien-sucht-einen-neuen-ceo\\\/\"]}]},{\"@type\":\"ImageObject\",\"inLanguage\":\"fr-FR\",\"@id\":\"https:\\\/\\\/www.immobilienbusiness.ch\\\/unternehmen\\\/2016-06-23\\\/zueblin-immobilien-sucht-einen-neuen-ceo\\\/#primaryimage\",\"url\":\"https:\\\/\\\/www.immobilienbusiness.ch\\\/wp-content\\\/uploads\\\/2016\\\/12\\\/Zueblin-Immobilien-sucht-einen-neuen-CEO-immobilien-business.jpg\",\"contentUrl\":\"https:\\\/\\\/www.immobilienbusiness.ch\\\/wp-content\\\/uploads\\\/2016\\\/12\\\/Zueblin-Immobilien-sucht-einen-neuen-CEO-immobilien-business.jpg\",\"width\":539,\"height\":439,\"caption\":\"Dr. Iosif Bakaleynik wird seine Funktion als CEO der Z\u00fcblin Immobilien Holding AG und sich fortan auf sein Mandat als VR-Pr\u00e4sident konzentrieren (Bild: Z\u00fcblin Immobilien Holding AG)\"},{\"@type\":\"BreadcrumbList\",\"@id\":\"https:\\\/\\\/www.immobilienbusiness.ch\\\/unternehmen\\\/2016-06-23\\\/zueblin-immobilien-sucht-einen-neuen-ceo\\\/#breadcrumb\",\"itemListElement\":[{\"@type\":\"ListItem\",\"position\":1,\"name\":\"Home\",\"item\":\"https:\\\/\\\/www.immobilienbusiness.ch\\\/\"},{\"@type\":\"ListItem\",\"position\":2,\"name\":\"Z\u00fcblin Immobilien sucht einen neuen CEO\"}]},{\"@type\":\"WebSite\",\"@id\":\"https:\\\/\\\/www.immobilienbusiness.ch\\\/#website\",\"url\":\"https:\\\/\\\/www.immobilienbusiness.ch\\\/\",\"name\":\"IMMOBILIEN Business\",\"description\":\"Unabh\u00e4ngiges Schweizer Wirtschaftsmagazin mit Fokus auf Immobilien, Architektur- und Bau sowie Investment- und Finanzierung.\",\"publisher\":{\"@id\":\"https:\\\/\\\/www.immobilienbusiness.ch\\\/#organization\"},\"potentialAction\":[{\"@type\":\"SearchAction\",\"target\":{\"@type\":\"EntryPoint\",\"urlTemplate\":\"https:\\\/\\\/www.immobilienbusiness.ch\\\/?s={search_term_string}\"},\"query-input\":{\"@type\":\"PropertyValueSpecification\",\"valueRequired\":true,\"valueName\":\"search_term_string\"}}],\"inLanguage\":\"fr-FR\"},{\"@type\":\"Organization\",\"@id\":\"https:\\\/\\\/www.immobilienbusiness.ch\\\/#organization\",\"name\":\"IMMOBILIEN Business\",\"url\":\"https:\\\/\\\/www.immobilienbusiness.ch\\\/\",\"logo\":{\"@type\":\"ImageObject\",\"inLanguage\":\"fr-FR\",\"@id\":\"https:\\\/\\\/www.immobilienbusiness.ch\\\/#\\\/schema\\\/logo\\\/image\\\/\",\"url\":\"https:\\\/\\\/www.immobilienbusiness.ch\\\/wp-content\\\/uploads\\\/2021\\\/07\\\/logo_ib.png\",\"contentUrl\":\"https:\\\/\\\/www.immobilienbusiness.ch\\\/wp-content\\\/uploads\\\/2021\\\/07\\\/logo_ib.png\",\"width\":800,\"height\":181,\"caption\":\"IMMOBILIEN Business\"},\"image\":{\"@id\":\"https:\\\/\\\/www.immobilienbusiness.ch\\\/#\\\/schema\\\/logo\\\/image\\\/\"},\"sameAs\":[\"https:\\\/\\\/www.facebook.com\\\/immobilienbusiness\\\/\"]},{\"@type\":\"Person\",\"@id\":\"https:\\\/\\\/www.immobilienbusiness.ch\\\/#\\\/schema\\\/person\\\/aa2bace6c5c5aad60102004a50c4eb1c\",\"name\":\"Redaktion\",\"image\":{\"@type\":\"ImageObject\",\"inLanguage\":\"fr-FR\",\"@id\":\"https:\\\/\\\/secure.gravatar.com\\\/avatar\\\/ae2f4d718e6c49043e314ce431e7e645d646302a24a5ef5a8bc8e3f5a032e319?s=96&d=mm&r=g\",\"url\":\"https:\\\/\\\/secure.gravatar.com\\\/avatar\\\/ae2f4d718e6c49043e314ce431e7e645d646302a24a5ef5a8bc8e3f5a032e319?s=96&d=mm&r=g\",\"contentUrl\":\"https:\\\/\\\/secure.gravatar.com\\\/avatar\\\/ae2f4d718e6c49043e314ce431e7e645d646302a24a5ef5a8bc8e3f5a032e319?s=96&d=mm&r=g\",\"caption\":\"Redaktion\"},\"sameAs\":[\"http:\\\/\\\/develop.organisator.galledia.ch\"],\"url\":\"https:\\\/\\\/www.immobilienbusiness.ch\\\/fr\\\/author\\\/admin\\\/\"}]}<\/script>\n<!-- \/ Yoast SEO plugin. -->","yoast_head_json":{"title":"Z\u00fcblin Immobilien sucht einen neuen CEO - IMMOBILIEN Business","description":"Dr. Iosif Bakaleynik wird seine Funktion als CEO der Z\u00fcblin Immobilien Holding AG aufgeben.","robots":{"index":"index","follow":"follow","max-snippet":"max-snippet:-1","max-image-preview":"max-image-preview:large","max-video-preview":"max-video-preview:-1"},"canonical":"https:\/\/www.immobilienbusiness.ch\/fr\/unternehmen\/2016-06-23\/zueblin-immobilien-sucht-einen-neuen-ceo\/","og_locale":"fr_FR","og_type":"article","og_title":"Z\u00fcblin Immobilien sucht einen neuen CEO","og_description":"Dr. Iosif Bakaleynik wird seine Funktion als CEO der Z\u00fcblin Immobilien Holding AG aufgeben. Er will sich fortan auf sein Mandat als Pr\u00e4sident des Verwaltungsrats konzentrieren, heisst es in einer Unternehmensmitteilung anl\u00e4sslich der am Dienstag durchgef\u00fchrten Generalversammlung.","og_url":"https:\/\/www.immobilienbusiness.ch\/fr\/unternehmen\/2016-06-23\/zueblin-immobilien-sucht-einen-neuen-ceo\/","og_site_name":"IMMOBILIEN Business","article_publisher":"https:\/\/www.facebook.com\/immobilienbusiness\/","article_published_time":"2016-06-23T08:41:58+00:00","author":"Redaktion","twitter_card":"summary_large_image","twitter_image":"https:\/\/www.immobilienbusiness.ch\/wp-content\/uploads\/2016\/12\/Zueblin-Immobilien-sucht-einen-neuen-CEO-immobilien-business.jpg","schema":{"@context":"https:\/\/schema.org","@graph":[{"@type":"Article","@id":"https:\/\/www.immobilienbusiness.ch\/unternehmen\/2016-06-23\/zueblin-immobilien-sucht-einen-neuen-ceo\/#article","isPartOf":{"@id":"https:\/\/www.immobilienbusiness.ch\/unternehmen\/2016-06-23\/zueblin-immobilien-sucht-einen-neuen-ceo\/"},"author":{"name":"Redaktion","@id":"https:\/\/www.immobilienbusiness.ch\/#\/schema\/person\/aa2bace6c5c5aad60102004a50c4eb1c"},"headline":"Z\u00fcblin Immobilien sucht einen neuen CEO","datePublished":"2016-06-23T08:41:58+00:00","mainEntityOfPage":{"@id":"https:\/\/www.immobilienbusiness.ch\/unternehmen\/2016-06-23\/zueblin-immobilien-sucht-einen-neuen-ceo\/"},"wordCount":250,"commentCount":0,"publisher":{"@id":"https:\/\/www.immobilienbusiness.ch\/#organization"},"image":{"@id":"https:\/\/www.immobilienbusiness.ch\/unternehmen\/2016-06-23\/zueblin-immobilien-sucht-einen-neuen-ceo\/#primaryimage"},"thumbnailUrl":"https:\/\/www.immobilienbusiness.ch\/wp-content\/uploads\/2016\/12\/Zueblin-Immobilien-sucht-einen-neuen-CEO-immobilien-business.jpg","keywords":["Indirekte Immobilienanlagen","Management und Unternehmensf\u00fchrung","Personalia","Personalien","Pers\u00f6nlich","Unternehmen"],"articleSection":["UNTERNEHMEN"],"inLanguage":"fr-FR"},{"@type":"WebPage","@id":"https:\/\/www.immobilienbusiness.ch\/unternehmen\/2016-06-23\/zueblin-immobilien-sucht-einen-neuen-ceo\/","url":"https:\/\/www.immobilienbusiness.ch\/unternehmen\/2016-06-23\/zueblin-immobilien-sucht-einen-neuen-ceo\/","name":"Z\u00fcblin Immobilien sucht einen neuen CEO - IMMOBILIEN Business","isPartOf":{"@id":"https:\/\/www.immobilienbusiness.ch\/#website"},"primaryImageOfPage":{"@id":"https:\/\/www.immobilienbusiness.ch\/unternehmen\/2016-06-23\/zueblin-immobilien-sucht-einen-neuen-ceo\/#primaryimage"},"image":{"@id":"https:\/\/www.immobilienbusiness.ch\/unternehmen\/2016-06-23\/zueblin-immobilien-sucht-einen-neuen-ceo\/#primaryimage"},"thumbnailUrl":"https:\/\/www.immobilienbusiness.ch\/wp-content\/uploads\/2016\/12\/Zueblin-Immobilien-sucht-einen-neuen-CEO-immobilien-business.jpg","datePublished":"2016-06-23T08:41:58+00:00","description":"Dr. Iosif Bakaleynik wird seine Funktion als CEO der Z\u00fcblin Immobilien Holding AG aufgeben.","breadcrumb":{"@id":"https:\/\/www.immobilienbusiness.ch\/unternehmen\/2016-06-23\/zueblin-immobilien-sucht-einen-neuen-ceo\/#breadcrumb"},"inLanguage":"fr-FR","potentialAction":[{"@type":"ReadAction","target":["https:\/\/www.immobilienbusiness.ch\/unternehmen\/2016-06-23\/zueblin-immobilien-sucht-einen-neuen-ceo\/"]}]},{"@type":"ImageObject","inLanguage":"fr-FR","@id":"https:\/\/www.immobilienbusiness.ch\/unternehmen\/2016-06-23\/zueblin-immobilien-sucht-einen-neuen-ceo\/#primaryimage","url":"https:\/\/www.immobilienbusiness.ch\/wp-content\/uploads\/2016\/12\/Zueblin-Immobilien-sucht-einen-neuen-CEO-immobilien-business.jpg","contentUrl":"https:\/\/www.immobilienbusiness.ch\/wp-content\/uploads\/2016\/12\/Zueblin-Immobilien-sucht-einen-neuen-CEO-immobilien-business.jpg","width":539,"height":439,"caption":"Dr. Iosif Bakaleynik wird seine Funktion als CEO der Z\u00fcblin Immobilien Holding AG und sich fortan auf sein Mandat als VR-Pr\u00e4sident konzentrieren (Bild: Z\u00fcblin Immobilien Holding AG)"},{"@type":"BreadcrumbList","@id":"https:\/\/www.immobilienbusiness.ch\/unternehmen\/2016-06-23\/zueblin-immobilien-sucht-einen-neuen-ceo\/#breadcrumb","itemListElement":[{"@type":"ListItem","position":1,"name":"Home","item":"https:\/\/www.immobilienbusiness.ch\/"},{"@type":"ListItem","position":2,"name":"Z\u00fcblin Immobilien sucht einen neuen CEO"}]},{"@type":"WebSite","@id":"https:\/\/www.immobilienbusiness.ch\/#website","url":"https:\/\/www.immobilienbusiness.ch\/","name":"IMMOBILIER Business","description":"Magazine \u00e9conomique suisse ind\u00e9pendant ax\u00e9 sur l'immobilier, l'architecture et la construction ainsi que sur les investissements et le financement.","publisher":{"@id":"https:\/\/www.immobilienbusiness.ch\/#organization"},"potentialAction":[{"@type":"SearchAction","target":{"@type":"EntryPoint","urlTemplate":"https:\/\/www.immobilienbusiness.ch\/?s={search_term_string}"},"query-input":{"@type":"PropertyValueSpecification","valueRequired":true,"valueName":"search_term_string"}}],"inLanguage":"fr-FR"},{"@type":"Organization","@id":"https:\/\/www.immobilienbusiness.ch\/#organization","name":"IMMOBILIER Business","url":"https:\/\/www.immobilienbusiness.ch\/","logo":{"@type":"ImageObject","inLanguage":"fr-FR","@id":"https:\/\/www.immobilienbusiness.ch\/#\/schema\/logo\/image\/","url":"https:\/\/www.immobilienbusiness.ch\/wp-content\/uploads\/2021\/07\/logo_ib.png","contentUrl":"https:\/\/www.immobilienbusiness.ch\/wp-content\/uploads\/2021\/07\/logo_ib.png","width":800,"height":181,"caption":"IMMOBILIEN Business"},"image":{"@id":"https:\/\/www.immobilienbusiness.ch\/#\/schema\/logo\/image\/"},"sameAs":["https:\/\/www.facebook.com\/immobilienbusiness\/"]},{"@type":"Person","@id":"https:\/\/www.immobilienbusiness.ch\/#\/schema\/person\/aa2bace6c5c5aad60102004a50c4eb1c","name":"Editorial","image":{"@type":"ImageObject","inLanguage":"fr-FR","@id":"https:\/\/secure.gravatar.com\/avatar\/ae2f4d718e6c49043e314ce431e7e645d646302a24a5ef5a8bc8e3f5a032e319?s=96&d=mm&r=g","url":"https:\/\/secure.gravatar.com\/avatar\/ae2f4d718e6c49043e314ce431e7e645d646302a24a5ef5a8bc8e3f5a032e319?s=96&d=mm&r=g","contentUrl":"https:\/\/secure.gravatar.com\/avatar\/ae2f4d718e6c49043e314ce431e7e645d646302a24a5ef5a8bc8e3f5a032e319?s=96&d=mm&r=g","caption":"Redaktion"},"sameAs":["http:\/\/develop.organisator.galledia.ch"],"url":"https:\/\/www.immobilienbusiness.ch\/fr\/author\/admin\/"}]}},"_links":{"self":[{"href":"https:\/\/www.immobilienbusiness.ch\/fr\/wp-json\/wp\/v2\/posts\/37224","targetHints":{"allow":["GET"]}}],"collection":[{"href":"https:\/\/www.immobilienbusiness.ch\/fr\/wp-json\/wp\/v2\/posts"}],"about":[{"href":"https:\/\/www.immobilienbusiness.ch\/fr\/wp-json\/wp\/v2\/types\/post"}],"author":[{"embeddable":true,"href":"https:\/\/www.immobilienbusiness.ch\/fr\/wp-json\/wp\/v2\/users\/1"}],"replies":[{"embeddable":true,"href":"https:\/\/www.immobilienbusiness.ch\/fr\/wp-json\/wp\/v2\/comments?post=37224"}],"version-history":[{"count":0,"href":"https:\/\/www.immobilienbusiness.ch\/fr\/wp-json\/wp\/v2\/posts\/37224\/revisions"}],"wp:featuredmedia":[{"embeddable":true,"href":"https:\/\/www.immobilienbusiness.ch\/fr\/wp-json\/wp\/v2\/media\/4403"}],"wp:attachment":[{"href":"https:\/\/www.immobilienbusiness.ch\/fr\/wp-json\/wp\/v2\/media?parent=37224"}],"wp:term":[{"taxonomy":"category","embeddable":true,"href":"https:\/\/www.immobilienbusiness.ch\/fr\/wp-json\/wp\/v2\/categories?post=37224"},{"taxonomy":"post_tag","embeddable":true,"href":"https:\/\/www.immobilienbusiness.ch\/fr\/wp-json\/wp\/v2\/tags?post=37224"}],"curies":[{"name":"wp","href":"https:\/\/api.w.org\/{rel}","templated":true}]}}