{"id":3722,"date":"2016-08-29T08:59:21","date_gmt":"2016-08-29T06:59:21","guid":{"rendered":"http:\/\/dev.immobilienbusiness.ch\/?p=3722"},"modified":"2016-08-29T08:59:21","modified_gmt":"2016-08-29T06:59:21","slug":"zuerich-tschuggen-hotel-group-kauft-immobilie-beim-paradeplatz","status":"publish","type":"post","link":"https:\/\/www.immobilienbusiness.ch\/fr\/regionen\/2016-08-29\/zuerich-tschuggen-hotel-group-kauft-immobilie-beim-paradeplatz\/","title":{"rendered":"Zurich : Tschuggen Hotel Group ach\u00e8te un bien immobilier pr\u00e8s de la Paradeplatz"},"content":{"rendered":"<figure id=\"attachment_3724\" aria-describedby=\"caption-attachment-3724\" style=\"width: 680px\" class=\"wp-caption alignnone\"><img loading=\"lazy\" decoding=\"async\" class=\"size-medium wp-image-3724\" src=\"https:\/\/immobilienbusiness.ch\/wp-content\/uploads\/2016\/12\/Z\u00fcrich-Tschuggen-Hotel-Group-kauft-Immobilie-beim-Paradeplatz-immobilien-business.jpg\" alt=\"Die Tschuggen Hotel Group kauft die Liegenschaft an der Z\u00fcrcher Poststrasse 5 (Foto: Pixabay)\" width=\"680\" height=\"454\" \/><figcaption id=\"caption-attachment-3724\" class=\"wp-caption-text\">Tschuggen Hotel Group ach\u00e8te l'immeuble de la Poststrasse 5 \u00e0 Zurich (Photo : Pixabay)<\/figcaption><\/figure>\n<p>Comment le <em>Handelszeitung<\/em> dans son \u00e9dition actuelle en se r\u00e9f\u00e9rant \u00e0 des \"cercles inform\u00e9s\", la vente a \u00e9t\u00e9 conclue en juillet d\u00e9j\u00e0, mais n'a \u00e9t\u00e9 rendue publique que maintenant. Le vendeur \u00e9tait la famille d'entrepreneurs zurichoise Hahnloser. Le Tschuggen Hotel Group n'a pas voulu s'exprimer sur le prix d'achat. Selon <em>Handelszeitung <\/em>Le sp\u00e9cialiste de l'immobilier de d\u00e9tail Marc-Christian Riebe parle d'un prix d'achat d'environ 110 millions de CHF.<\/p>\n<p>Derri\u00e8re le Tschuggen Hotel Group se trouve l'entrepreneur germano-suisse et milliardaire Karl-Heinz Kipp. Le groupe h\u00f4telier comprend notamment l'Eden Roc \u00e0 Ascona, le Tschuggen Grand \u00e0 Arosa et le Carlton \u00e0 Saint-Moritz. (ah)<\/p>","protected":false},"excerpt":{"rendered":"<p>Le Tschuggen Hotel Group a acquis l'immeuble de la Poststrasse 5 \u00e0 Zurich. Jusqu'\u00e0 r\u00e9cemment, le magasin de mode Gassmann louait cet immeuble marquant situ\u00e9 derri\u00e8re la Paradeplatz. Le nouveau propri\u00e9taire \u00e9tudie actuellement une nouvelle utilisation, un h\u00f4tel \u00e9tant \u00e9galement envisageable. Juste en face de l'immeuble, au 12 de la Poststrasse, se trouve le \"Savoy Baur en Ville\".<\/p>","protected":false},"author":1,"featured_media":3724,"comment_status":"open","ping_status":"open","sticky":false,"template":"","format":"standard","meta":{"_acf_changed":false,"_yoast_wpseo_focuskw":"Paradeplatz","_yoast_wpseo_title":"","_yoast_wpseo_metadesc":"Die Tschuggen Hotel Group hat die Liegenschaft an der Poststrasse 5 (ZH) erworben. In der Paradeplatz-Immobilie war das Modehaus Gassmann eingemietet.","_yoast_wpseo_linkdex":56,"pgc_sgb_lightbox_settings":"","footnotes":""},"categories":[985],"tags":[1317,1629,1888],"class_list":["post-3722","post","type-post","status-publish","format-standard","has-post-thumbnail","hentry","category-regionen","tag-hotels","tag-regionen","tag-zuerich"],"acf":[],"yoast_head":"<!-- This site is optimized with the Yoast SEO plugin v27.4 - https:\/\/yoast.com\/product\/yoast-seo-wordpress\/ -->\n<title>Z\u00fcrich: Tschuggen Hotel Group kauft Immobilie beim Paradeplatz - IMMOBILIEN Business<\/title>\n<meta name=\"description\" content=\"Die Tschuggen Hotel Group hat die Liegenschaft an der Poststrasse 5 (ZH) erworben. In der Paradeplatz-Immobilie war das Modehaus Gassmann eingemietet.\" \/>\n<meta name=\"robots\" content=\"index, follow, max-snippet:-1, max-image-preview:large, max-video-preview:-1\" \/>\n<link rel=\"canonical\" href=\"https:\/\/www.immobilienbusiness.ch\/fr\/regionen\/2016-08-29\/zuerich-tschuggen-hotel-group-kauft-immobilie-beim-paradeplatz\/\" \/>\n<meta property=\"og:locale\" content=\"fr_FR\" \/>\n<meta property=\"og:type\" content=\"article\" \/>\n<meta property=\"og:title\" content=\"Z\u00fcrich: Tschuggen Hotel Group kauft Immobilie beim Paradeplatz\" \/>\n<meta property=\"og:description\" content=\"Die Tschuggen Hotel Group hat die Liegenschaft an der Poststrasse 5 in Z\u00fcrich erworben. Bis vor kurzem war in der markanten Immobilie hinter dem Paradeplatz das Modehaus Gassmann eingemietet. Der neue Eigent\u00fcmer pr\u00fcft derzeit eine neue Nutzung, auch ein Hotel sei denkbar. Direkt gegen\u00fcber der Immobilie, an der Poststrasse 12, befindet sich das \u00abSavoy Baur en Ville\u00bb.\" \/>\n<meta property=\"og:url\" content=\"https:\/\/www.immobilienbusiness.ch\/fr\/regionen\/2016-08-29\/zuerich-tschuggen-hotel-group-kauft-immobilie-beim-paradeplatz\/\" \/>\n<meta property=\"og:site_name\" content=\"IMMOBILIEN Business\" \/>\n<meta property=\"article:publisher\" content=\"https:\/\/www.facebook.com\/immobilienbusiness\/\" \/>\n<meta property=\"article:published_time\" content=\"2016-08-29T06:59:21+00:00\" \/>\n<meta name=\"author\" content=\"Redaktion\" \/>\n<meta name=\"twitter:card\" content=\"summary_large_image\" \/>\n<meta name=\"twitter:image\" content=\"https:\/\/www.immobilienbusiness.ch\/wp-content\/uploads\/2016\/12\/Zuerich-Tschuggen-Hotel-Group-kauft-Immobilie-beim-Paradeplatz-immobilien-business.jpg\" \/>\n<script type=\"application\/ld+json\" class=\"yoast-schema-graph\">{\"@context\":\"https:\\\/\\\/schema.org\",\"@graph\":[{\"@type\":\"Article\",\"@id\":\"https:\\\/\\\/www.immobilienbusiness.ch\\\/en\\\/regionen\\\/2016-08-29\\\/zuerich-tschuggen-hotel-group-kauft-immobilie-beim-paradeplatz\\\/#article\",\"isPartOf\":{\"@id\":\"https:\\\/\\\/www.immobilienbusiness.ch\\\/en\\\/regionen\\\/2016-08-29\\\/zuerich-tschuggen-hotel-group-kauft-immobilie-beim-paradeplatz\\\/\"},\"author\":{\"name\":\"Redaktion\",\"@id\":\"https:\\\/\\\/www.immobilienbusiness.ch\\\/#\\\/schema\\\/person\\\/aa2bace6c5c5aad60102004a50c4eb1c\"},\"headline\":\"Z\u00fcrich: Tschuggen Hotel Group kauft Immobilie beim Paradeplatz\",\"datePublished\":\"2016-08-29T06:59:21+00:00\",\"mainEntityOfPage\":{\"@id\":\"https:\\\/\\\/www.immobilienbusiness.ch\\\/en\\\/regionen\\\/2016-08-29\\\/zuerich-tschuggen-hotel-group-kauft-immobilie-beim-paradeplatz\\\/\"},\"wordCount\":136,\"commentCount\":0,\"publisher\":{\"@id\":\"https:\\\/\\\/www.immobilienbusiness.ch\\\/#organization\"},\"image\":{\"@id\":\"https:\\\/\\\/www.immobilienbusiness.ch\\\/en\\\/regionen\\\/2016-08-29\\\/zuerich-tschuggen-hotel-group-kauft-immobilie-beim-paradeplatz\\\/#primaryimage\"},\"thumbnailUrl\":\"https:\\\/\\\/www.immobilienbusiness.ch\\\/wp-content\\\/uploads\\\/2016\\\/12\\\/Zuerich-Tschuggen-Hotel-Group-kauft-Immobilie-beim-Paradeplatz-immobilien-business.jpg\",\"keywords\":[\"Hotels\",\"Regionen\",\"Z\u00fcrich\"],\"articleSection\":[\"REGIONEN\"],\"inLanguage\":\"fr-FR\"},{\"@type\":\"WebPage\",\"@id\":\"https:\\\/\\\/www.immobilienbusiness.ch\\\/en\\\/regionen\\\/2016-08-29\\\/zuerich-tschuggen-hotel-group-kauft-immobilie-beim-paradeplatz\\\/\",\"url\":\"https:\\\/\\\/www.immobilienbusiness.ch\\\/en\\\/regionen\\\/2016-08-29\\\/zuerich-tschuggen-hotel-group-kauft-immobilie-beim-paradeplatz\\\/\",\"name\":\"Z\u00fcrich: Tschuggen Hotel Group kauft Immobilie beim Paradeplatz - IMMOBILIEN Business\",\"isPartOf\":{\"@id\":\"https:\\\/\\\/www.immobilienbusiness.ch\\\/#website\"},\"primaryImageOfPage\":{\"@id\":\"https:\\\/\\\/www.immobilienbusiness.ch\\\/en\\\/regionen\\\/2016-08-29\\\/zuerich-tschuggen-hotel-group-kauft-immobilie-beim-paradeplatz\\\/#primaryimage\"},\"image\":{\"@id\":\"https:\\\/\\\/www.immobilienbusiness.ch\\\/en\\\/regionen\\\/2016-08-29\\\/zuerich-tschuggen-hotel-group-kauft-immobilie-beim-paradeplatz\\\/#primaryimage\"},\"thumbnailUrl\":\"https:\\\/\\\/www.immobilienbusiness.ch\\\/wp-content\\\/uploads\\\/2016\\\/12\\\/Zuerich-Tschuggen-Hotel-Group-kauft-Immobilie-beim-Paradeplatz-immobilien-business.jpg\",\"datePublished\":\"2016-08-29T06:59:21+00:00\",\"description\":\"Die Tschuggen Hotel Group hat die Liegenschaft an der Poststrasse 5 (ZH) erworben. In der Paradeplatz-Immobilie war das Modehaus Gassmann eingemietet.\",\"breadcrumb\":{\"@id\":\"https:\\\/\\\/www.immobilienbusiness.ch\\\/en\\\/regionen\\\/2016-08-29\\\/zuerich-tschuggen-hotel-group-kauft-immobilie-beim-paradeplatz\\\/#breadcrumb\"},\"inLanguage\":\"fr-FR\",\"potentialAction\":[{\"@type\":\"ReadAction\",\"target\":[\"https:\\\/\\\/www.immobilienbusiness.ch\\\/en\\\/regionen\\\/2016-08-29\\\/zuerich-tschuggen-hotel-group-kauft-immobilie-beim-paradeplatz\\\/\"]}]},{\"@type\":\"ImageObject\",\"inLanguage\":\"fr-FR\",\"@id\":\"https:\\\/\\\/www.immobilienbusiness.ch\\\/en\\\/regionen\\\/2016-08-29\\\/zuerich-tschuggen-hotel-group-kauft-immobilie-beim-paradeplatz\\\/#primaryimage\",\"url\":\"https:\\\/\\\/www.immobilienbusiness.ch\\\/wp-content\\\/uploads\\\/2016\\\/12\\\/Zuerich-Tschuggen-Hotel-Group-kauft-Immobilie-beim-Paradeplatz-immobilien-business.jpg\",\"contentUrl\":\"https:\\\/\\\/www.immobilienbusiness.ch\\\/wp-content\\\/uploads\\\/2016\\\/12\\\/Zuerich-Tschuggen-Hotel-Group-kauft-Immobilie-beim-Paradeplatz-immobilien-business.jpg\",\"width\":1280,\"height\":854,\"caption\":\"Der Haushaltsger\u00e4te-Hersteller Bosch wird Mieter am Paradeplatz (Foto: Pixabay)\"},{\"@type\":\"BreadcrumbList\",\"@id\":\"https:\\\/\\\/www.immobilienbusiness.ch\\\/en\\\/regionen\\\/2016-08-29\\\/zuerich-tschuggen-hotel-group-kauft-immobilie-beim-paradeplatz\\\/#breadcrumb\",\"itemListElement\":[{\"@type\":\"ListItem\",\"position\":1,\"name\":\"Home\",\"item\":\"https:\\\/\\\/www.immobilienbusiness.ch\\\/\"},{\"@type\":\"ListItem\",\"position\":2,\"name\":\"Z\u00fcrich: Tschuggen Hotel Group kauft Immobilie beim Paradeplatz\"}]},{\"@type\":\"WebSite\",\"@id\":\"https:\\\/\\\/www.immobilienbusiness.ch\\\/#website\",\"url\":\"https:\\\/\\\/www.immobilienbusiness.ch\\\/\",\"name\":\"IMMOBILIEN Business\",\"description\":\"Unabh\u00e4ngiges Schweizer Wirtschaftsmagazin mit Fokus auf Immobilien, Architektur- und Bau sowie Investment- und Finanzierung.\",\"publisher\":{\"@id\":\"https:\\\/\\\/www.immobilienbusiness.ch\\\/#organization\"},\"potentialAction\":[{\"@type\":\"SearchAction\",\"target\":{\"@type\":\"EntryPoint\",\"urlTemplate\":\"https:\\\/\\\/www.immobilienbusiness.ch\\\/?s={search_term_string}\"},\"query-input\":{\"@type\":\"PropertyValueSpecification\",\"valueRequired\":true,\"valueName\":\"search_term_string\"}}],\"inLanguage\":\"fr-FR\"},{\"@type\":\"Organization\",\"@id\":\"https:\\\/\\\/www.immobilienbusiness.ch\\\/#organization\",\"name\":\"IMMOBILIEN Business\",\"url\":\"https:\\\/\\\/www.immobilienbusiness.ch\\\/\",\"logo\":{\"@type\":\"ImageObject\",\"inLanguage\":\"fr-FR\",\"@id\":\"https:\\\/\\\/www.immobilienbusiness.ch\\\/#\\\/schema\\\/logo\\\/image\\\/\",\"url\":\"https:\\\/\\\/www.immobilienbusiness.ch\\\/wp-content\\\/uploads\\\/2021\\\/07\\\/logo_ib.png\",\"contentUrl\":\"https:\\\/\\\/www.immobilienbusiness.ch\\\/wp-content\\\/uploads\\\/2021\\\/07\\\/logo_ib.png\",\"width\":800,\"height\":181,\"caption\":\"IMMOBILIEN Business\"},\"image\":{\"@id\":\"https:\\\/\\\/www.immobilienbusiness.ch\\\/#\\\/schema\\\/logo\\\/image\\\/\"},\"sameAs\":[\"https:\\\/\\\/www.facebook.com\\\/immobilienbusiness\\\/\"]},{\"@type\":\"Person\",\"@id\":\"https:\\\/\\\/www.immobilienbusiness.ch\\\/#\\\/schema\\\/person\\\/aa2bace6c5c5aad60102004a50c4eb1c\",\"name\":\"Redaktion\",\"image\":{\"@type\":\"ImageObject\",\"inLanguage\":\"fr-FR\",\"@id\":\"https:\\\/\\\/secure.gravatar.com\\\/avatar\\\/ae2f4d718e6c49043e314ce431e7e645d646302a24a5ef5a8bc8e3f5a032e319?s=96&d=mm&r=g\",\"url\":\"https:\\\/\\\/secure.gravatar.com\\\/avatar\\\/ae2f4d718e6c49043e314ce431e7e645d646302a24a5ef5a8bc8e3f5a032e319?s=96&d=mm&r=g\",\"contentUrl\":\"https:\\\/\\\/secure.gravatar.com\\\/avatar\\\/ae2f4d718e6c49043e314ce431e7e645d646302a24a5ef5a8bc8e3f5a032e319?s=96&d=mm&r=g\",\"caption\":\"Redaktion\"},\"sameAs\":[\"http:\\\/\\\/develop.organisator.galledia.ch\"],\"url\":\"https:\\\/\\\/www.immobilienbusiness.ch\\\/fr\\\/author\\\/admin\\\/\"}]}<\/script>\n<!-- \/ Yoast SEO plugin. -->","yoast_head_json":{"title":"Zurich : Tschuggen Hotel Group ach\u00e8te un bien immobilier pr\u00e8s de Paradeplatz - IMMOBILIER Business","description":"Le Tschuggen Hotel Group a acquis l'immeuble de la Poststrasse 5 (ZH). Le magasin de mode Gassmann \u00e9tait locataire de l'immeuble de la Paradeplatz.","robots":{"index":"index","follow":"follow","max-snippet":"max-snippet:-1","max-image-preview":"max-image-preview:large","max-video-preview":"max-video-preview:-1"},"canonical":"https:\/\/www.immobilienbusiness.ch\/fr\/regionen\/2016-08-29\/zuerich-tschuggen-hotel-group-kauft-immobilie-beim-paradeplatz\/","og_locale":"fr_FR","og_type":"article","og_title":"Z\u00fcrich: Tschuggen Hotel Group kauft Immobilie beim Paradeplatz","og_description":"Die Tschuggen Hotel Group hat die Liegenschaft an der Poststrasse 5 in Z\u00fcrich erworben. Bis vor kurzem war in der markanten Immobilie hinter dem Paradeplatz das Modehaus Gassmann eingemietet. Der neue Eigent\u00fcmer pr\u00fcft derzeit eine neue Nutzung, auch ein Hotel sei denkbar. Direkt gegen\u00fcber der Immobilie, an der Poststrasse 12, befindet sich das \u00abSavoy Baur en Ville\u00bb.","og_url":"https:\/\/www.immobilienbusiness.ch\/fr\/regionen\/2016-08-29\/zuerich-tschuggen-hotel-group-kauft-immobilie-beim-paradeplatz\/","og_site_name":"IMMOBILIEN Business","article_publisher":"https:\/\/www.facebook.com\/immobilienbusiness\/","article_published_time":"2016-08-29T06:59:21+00:00","author":"Redaktion","twitter_card":"summary_large_image","twitter_image":"https:\/\/www.immobilienbusiness.ch\/wp-content\/uploads\/2016\/12\/Zuerich-Tschuggen-Hotel-Group-kauft-Immobilie-beim-Paradeplatz-immobilien-business.jpg","schema":{"@context":"https:\/\/schema.org","@graph":[{"@type":"Article","@id":"https:\/\/www.immobilienbusiness.ch\/en\/regionen\/2016-08-29\/zuerich-tschuggen-hotel-group-kauft-immobilie-beim-paradeplatz\/#article","isPartOf":{"@id":"https:\/\/www.immobilienbusiness.ch\/en\/regionen\/2016-08-29\/zuerich-tschuggen-hotel-group-kauft-immobilie-beim-paradeplatz\/"},"author":{"name":"Redaktion","@id":"https:\/\/www.immobilienbusiness.ch\/#\/schema\/person\/aa2bace6c5c5aad60102004a50c4eb1c"},"headline":"Z\u00fcrich: Tschuggen Hotel Group kauft Immobilie beim Paradeplatz","datePublished":"2016-08-29T06:59:21+00:00","mainEntityOfPage":{"@id":"https:\/\/www.immobilienbusiness.ch\/en\/regionen\/2016-08-29\/zuerich-tschuggen-hotel-group-kauft-immobilie-beim-paradeplatz\/"},"wordCount":136,"commentCount":0,"publisher":{"@id":"https:\/\/www.immobilienbusiness.ch\/#organization"},"image":{"@id":"https:\/\/www.immobilienbusiness.ch\/en\/regionen\/2016-08-29\/zuerich-tschuggen-hotel-group-kauft-immobilie-beim-paradeplatz\/#primaryimage"},"thumbnailUrl":"https:\/\/www.immobilienbusiness.ch\/wp-content\/uploads\/2016\/12\/Zuerich-Tschuggen-Hotel-Group-kauft-Immobilie-beim-Paradeplatz-immobilien-business.jpg","keywords":["Hotels","Regionen","Z\u00fcrich"],"articleSection":["REGIONEN"],"inLanguage":"fr-FR"},{"@type":"WebPage","@id":"https:\/\/www.immobilienbusiness.ch\/en\/regionen\/2016-08-29\/zuerich-tschuggen-hotel-group-kauft-immobilie-beim-paradeplatz\/","url":"https:\/\/www.immobilienbusiness.ch\/en\/regionen\/2016-08-29\/zuerich-tschuggen-hotel-group-kauft-immobilie-beim-paradeplatz\/","name":"Zurich : Tschuggen Hotel Group ach\u00e8te un bien immobilier pr\u00e8s de Paradeplatz - IMMOBILIER Business","isPartOf":{"@id":"https:\/\/www.immobilienbusiness.ch\/#website"},"primaryImageOfPage":{"@id":"https:\/\/www.immobilienbusiness.ch\/en\/regionen\/2016-08-29\/zuerich-tschuggen-hotel-group-kauft-immobilie-beim-paradeplatz\/#primaryimage"},"image":{"@id":"https:\/\/www.immobilienbusiness.ch\/en\/regionen\/2016-08-29\/zuerich-tschuggen-hotel-group-kauft-immobilie-beim-paradeplatz\/#primaryimage"},"thumbnailUrl":"https:\/\/www.immobilienbusiness.ch\/wp-content\/uploads\/2016\/12\/Zuerich-Tschuggen-Hotel-Group-kauft-Immobilie-beim-Paradeplatz-immobilien-business.jpg","datePublished":"2016-08-29T06:59:21+00:00","description":"Le Tschuggen Hotel Group a acquis l'immeuble de la Poststrasse 5 (ZH). Le magasin de mode Gassmann \u00e9tait locataire de l'immeuble de la Paradeplatz.","breadcrumb":{"@id":"https:\/\/www.immobilienbusiness.ch\/en\/regionen\/2016-08-29\/zuerich-tschuggen-hotel-group-kauft-immobilie-beim-paradeplatz\/#breadcrumb"},"inLanguage":"fr-FR","potentialAction":[{"@type":"ReadAction","target":["https:\/\/www.immobilienbusiness.ch\/en\/regionen\/2016-08-29\/zuerich-tschuggen-hotel-group-kauft-immobilie-beim-paradeplatz\/"]}]},{"@type":"ImageObject","inLanguage":"fr-FR","@id":"https:\/\/www.immobilienbusiness.ch\/en\/regionen\/2016-08-29\/zuerich-tschuggen-hotel-group-kauft-immobilie-beim-paradeplatz\/#primaryimage","url":"https:\/\/www.immobilienbusiness.ch\/wp-content\/uploads\/2016\/12\/Zuerich-Tschuggen-Hotel-Group-kauft-Immobilie-beim-Paradeplatz-immobilien-business.jpg","contentUrl":"https:\/\/www.immobilienbusiness.ch\/wp-content\/uploads\/2016\/12\/Zuerich-Tschuggen-Hotel-Group-kauft-Immobilie-beim-Paradeplatz-immobilien-business.jpg","width":1280,"height":854,"caption":"Der Haushaltsger\u00e4te-Hersteller Bosch wird Mieter am Paradeplatz (Foto: Pixabay)"},{"@type":"BreadcrumbList","@id":"https:\/\/www.immobilienbusiness.ch\/en\/regionen\/2016-08-29\/zuerich-tschuggen-hotel-group-kauft-immobilie-beim-paradeplatz\/#breadcrumb","itemListElement":[{"@type":"ListItem","position":1,"name":"Home","item":"https:\/\/www.immobilienbusiness.ch\/"},{"@type":"ListItem","position":2,"name":"Z\u00fcrich: Tschuggen Hotel Group kauft Immobilie beim Paradeplatz"}]},{"@type":"WebSite","@id":"https:\/\/www.immobilienbusiness.ch\/#website","url":"https:\/\/www.immobilienbusiness.ch\/","name":"IMMOBILIER Business","description":"Magazine \u00e9conomique suisse ind\u00e9pendant ax\u00e9 sur l'immobilier, l'architecture et la construction ainsi que sur les investissements et le financement.","publisher":{"@id":"https:\/\/www.immobilienbusiness.ch\/#organization"},"potentialAction":[{"@type":"SearchAction","target":{"@type":"EntryPoint","urlTemplate":"https:\/\/www.immobilienbusiness.ch\/?s={search_term_string}"},"query-input":{"@type":"PropertyValueSpecification","valueRequired":true,"valueName":"search_term_string"}}],"inLanguage":"fr-FR"},{"@type":"Organization","@id":"https:\/\/www.immobilienbusiness.ch\/#organization","name":"IMMOBILIER Business","url":"https:\/\/www.immobilienbusiness.ch\/","logo":{"@type":"ImageObject","inLanguage":"fr-FR","@id":"https:\/\/www.immobilienbusiness.ch\/#\/schema\/logo\/image\/","url":"https:\/\/www.immobilienbusiness.ch\/wp-content\/uploads\/2021\/07\/logo_ib.png","contentUrl":"https:\/\/www.immobilienbusiness.ch\/wp-content\/uploads\/2021\/07\/logo_ib.png","width":800,"height":181,"caption":"IMMOBILIEN Business"},"image":{"@id":"https:\/\/www.immobilienbusiness.ch\/#\/schema\/logo\/image\/"},"sameAs":["https:\/\/www.facebook.com\/immobilienbusiness\/"]},{"@type":"Person","@id":"https:\/\/www.immobilienbusiness.ch\/#\/schema\/person\/aa2bace6c5c5aad60102004a50c4eb1c","name":"Editorial","image":{"@type":"ImageObject","inLanguage":"fr-FR","@id":"https:\/\/secure.gravatar.com\/avatar\/ae2f4d718e6c49043e314ce431e7e645d646302a24a5ef5a8bc8e3f5a032e319?s=96&d=mm&r=g","url":"https:\/\/secure.gravatar.com\/avatar\/ae2f4d718e6c49043e314ce431e7e645d646302a24a5ef5a8bc8e3f5a032e319?s=96&d=mm&r=g","contentUrl":"https:\/\/secure.gravatar.com\/avatar\/ae2f4d718e6c49043e314ce431e7e645d646302a24a5ef5a8bc8e3f5a032e319?s=96&d=mm&r=g","caption":"Redaktion"},"sameAs":["http:\/\/develop.organisator.galledia.ch"],"url":"https:\/\/www.immobilienbusiness.ch\/fr\/author\/admin\/"}]}},"_links":{"self":[{"href":"https:\/\/www.immobilienbusiness.ch\/fr\/wp-json\/wp\/v2\/posts\/3722","targetHints":{"allow":["GET"]}}],"collection":[{"href":"https:\/\/www.immobilienbusiness.ch\/fr\/wp-json\/wp\/v2\/posts"}],"about":[{"href":"https:\/\/www.immobilienbusiness.ch\/fr\/wp-json\/wp\/v2\/types\/post"}],"author":[{"embeddable":true,"href":"https:\/\/www.immobilienbusiness.ch\/fr\/wp-json\/wp\/v2\/users\/1"}],"replies":[{"embeddable":true,"href":"https:\/\/www.immobilienbusiness.ch\/fr\/wp-json\/wp\/v2\/comments?post=3722"}],"version-history":[{"count":0,"href":"https:\/\/www.immobilienbusiness.ch\/fr\/wp-json\/wp\/v2\/posts\/3722\/revisions"}],"wp:featuredmedia":[{"embeddable":true,"href":"https:\/\/www.immobilienbusiness.ch\/fr\/wp-json\/wp\/v2\/media\/3724"}],"wp:attachment":[{"href":"https:\/\/www.immobilienbusiness.ch\/fr\/wp-json\/wp\/v2\/media?parent=3722"}],"wp:term":[{"taxonomy":"category","embeddable":true,"href":"https:\/\/www.immobilienbusiness.ch\/fr\/wp-json\/wp\/v2\/categories?post=3722"},{"taxonomy":"post_tag","embeddable":true,"href":"https:\/\/www.immobilienbusiness.ch\/fr\/wp-json\/wp\/v2\/tags?post=3722"}],"curies":[{"name":"wp","href":"https:\/\/api.w.org\/{rel}","templated":true}]}}