{"id":3694,"date":"2016-08-26T09:25:27","date_gmt":"2016-08-26T07:25:27","guid":{"rendered":"http:\/\/dev.immobilienbusiness.ch\/?p=3694"},"modified":"2016-08-26T09:25:27","modified_gmt":"2016-08-26T07:25:27","slug":"jll-christian-ulbrich-wird-neuer-ceo","status":"publish","type":"post","link":"https:\/\/www.immobilienbusiness.ch\/fr\/allgemein\/2016-08-26\/jll-christian-ulbrich-wird-neuer-ceo\/","title":{"rendered":"JLL : Christian Ulbrich devient le nouveau PDG"},"content":{"rendered":"<figure id=\"attachment_3695\" aria-describedby=\"caption-attachment-3695\" style=\"width: 680px\" class=\"wp-caption alignnone\"><img loading=\"lazy\" decoding=\"async\" class=\"size-medium wp-image-3695\" src=\"https:\/\/immobilienbusiness.ch\/wp-content\/uploads\/2016\/12\/JLL-Christian-Ulbrich-wird-neuer-CEO-immobilien-business.jpg\" alt=\"Christian Ulbrich, designierter CEO von JLL (Foto: JLL)\" width=\"680\" height=\"491\" srcset=\"https:\/\/www.immobilienbusiness.ch\/wp-content\/uploads\/2016\/12\/JLL-Christian-Ulbrich-wird-neuer-CEO-immobilien-business.jpg 1063w, https:\/\/www.immobilienbusiness.ch\/wp-content\/uploads\/2016\/12\/JLL-Christian-Ulbrich-wird-neuer-CEO-immobilien-business-300x217.jpg 300w, https:\/\/www.immobilienbusiness.ch\/wp-content\/uploads\/2016\/12\/JLL-Christian-Ulbrich-wird-neuer-CEO-immobilien-business-1024x740.jpg 1024w, https:\/\/www.immobilienbusiness.ch\/wp-content\/uploads\/2016\/12\/JLL-Christian-Ulbrich-wird-neuer-CEO-immobilien-business-768x555.jpg 768w, https:\/\/www.immobilienbusiness.ch\/wp-content\/uploads\/2016\/12\/JLL-Christian-Ulbrich-wird-neuer-CEO-immobilien-business-16x12.jpg 16w, https:\/\/www.immobilienbusiness.ch\/wp-content\/uploads\/2016\/12\/JLL-Christian-Ulbrich-wird-neuer-CEO-immobilien-business-242x175.jpg 242w, https:\/\/www.immobilienbusiness.ch\/wp-content\/uploads\/2016\/12\/JLL-Christian-Ulbrich-wird-neuer-CEO-immobilien-business-484x350.jpg 484w, https:\/\/www.immobilienbusiness.ch\/wp-content\/uploads\/2016\/12\/JLL-Christian-Ulbrich-wird-neuer-CEO-immobilien-business-920x665.jpg 920w\" sizes=\"auto, (max-width: 680px) 100vw, 680px\" \/><figcaption id=\"caption-attachment-3695\" class=\"wp-caption-text\">Christian Ulbrich, d\u00e9sign\u00e9 CEO de JLL (Photo : JLL)<\/figcaption><\/figure>\n<p>En tant que pr\u00e9sident et directeur g\u00e9n\u00e9ral, M. Ulbrich sera responsable de l'orientation strat\u00e9gique et de la croissance de JLL. Il rendra compte au conseil d'administration, dont il est membre. Il pr\u00e9sidera \u00e9galement le Global Executive Board, le plus haut comit\u00e9 de gestion interne dont il est membre depuis huit ans.<\/p>\n<p>M. Ulbrich travaille chez JLL depuis 2005, d'abord en tant que directeur g\u00e9n\u00e9ral en Allemagne, puis depuis 2009 en tant que responsable de la r\u00e9gion EMEA jusqu'\u00e0 sa nomination en tant que pr\u00e9sident. Avant de rejoindre JLL, il \u00e9tait PDG de HIH Group, une filiale immobili\u00e8re de M.M. Warburg bas\u00e9e \u00e0 Hambourg. Il est membre du conseil de surveillance de Vonovia SE, la plus grande soci\u00e9t\u00e9 immobili\u00e8re r\u00e9sidentielle d'Allemagne. M. Ulbrich est titulaire d'un dipl\u00f4me en administration des affaires de l'universit\u00e9 de Hambourg.<\/p>\n<p>Afin d'assurer une transition en douceur, le PDG sortant Colin Dyer continuera de diriger le p\u00f4le donn\u00e9es, informations et analyses de l'entreprise jusqu'\u00e0 la fin de 2016. En outre, il restera membre du conseil d'administration de JLL jusqu'\u00e0 l'assembl\u00e9e g\u00e9n\u00e9rale annuelle du printemps 2017 et agira en tant que conseiller tout au long de 2017, informe JLL.<\/p>\n<p>Sous la direction de M. Dyer, JLL a connu une forte croissance, notamment au niveau international. Le chiffre d'affaires de la soci\u00e9t\u00e9 a plus que quintupl\u00e9 depuis 2004 pour atteindre six milliards de dollars am\u00e9ricains. (ah)<\/p>","protected":false},"excerpt":{"rendered":"<p>Changement de direction chez JLL : Christian Ulbrich, pr\u00e9sident du prestataire de services immobiliers depuis juin 2016, prendra \u00e9galement le poste de Chief Executive Officer (CEO) \u00e0 partir du 1er octobre. Ulbrich succ\u00e8de \u00e0 Colin Dyer, qui prendra sa retraite \u00e0 la fin de 2016 et quittera son r\u00f4le de PDG de JLL le 30 septembre.<\/p>","protected":false},"author":1,"featured_media":3695,"comment_status":"open","ping_status":"open","sticky":false,"template":"","format":"standard","meta":{"_acf_changed":false,"_yoast_wpseo_focuskw":"Christian Ulbrich","_yoast_wpseo_title":"","_yoast_wpseo_metadesc":"F\u00fchrungswechsel bei JLL: Christian Ulbrich wird mit Wirkung zum 1. Oktober auch die Position des Chief Executive Officer (CEO) \u00fcbernehmen.","_yoast_wpseo_linkdex":91,"pgc_sgb_lightbox_settings":"","footnotes":""},"categories":[1],"tags":[1563,1564],"class_list":["post-3694","post","type-post","status-publish","format-standard","has-post-thumbnail","hentry","category-allgemein","tag-personalia","tag-personalien"],"acf":[],"yoast_head":"<!-- This site is optimized with the Yoast SEO plugin v27.5 - https:\/\/yoast.com\/product\/yoast-seo-wordpress\/ -->\n<title>JLL: Christian Ulbrich wird neuer CEO - IMMOBILIEN Business<\/title>\n<meta name=\"description\" content=\"F\u00fchrungswechsel bei JLL: Christian Ulbrich wird mit Wirkung zum 1. Oktober auch die Position des Chief Executive Officer (CEO) \u00fcbernehmen.\" \/>\n<meta name=\"robots\" content=\"index, follow, max-snippet:-1, max-image-preview:large, max-video-preview:-1\" \/>\n<link rel=\"canonical\" href=\"https:\/\/www.immobilienbusiness.ch\/fr\/allgemein\/2016-08-26\/jll-christian-ulbrich-wird-neuer-ceo\/\" \/>\n<meta property=\"og:locale\" content=\"fr_FR\" \/>\n<meta property=\"og:type\" content=\"article\" \/>\n<meta property=\"og:title\" content=\"JLL: Christian Ulbrich wird neuer CEO\" \/>\n<meta property=\"og:description\" content=\"F\u00fchrungswechsel bei JLL: Christian Ulbrich, seit Juni 2016 President bei dem Immobiliendienstleister, wird mit Wirkung zum 1. Oktober auch die Position des Chief Executive Officer (CEO) \u00fcbernehmen. Ulbrich tritt in die Nachfolge von Colin Dyer, der Ende 2016 in den Ruhestand gehen und von seiner Funktion als CEO von JLL am 30. September zur\u00fccktreten wird.\" \/>\n<meta property=\"og:url\" content=\"https:\/\/www.immobilienbusiness.ch\/fr\/allgemein\/2016-08-26\/jll-christian-ulbrich-wird-neuer-ceo\/\" \/>\n<meta property=\"og:site_name\" content=\"IMMOBILIEN Business\" \/>\n<meta property=\"article:publisher\" content=\"https:\/\/www.facebook.com\/immobilienbusiness\/\" \/>\n<meta property=\"article:published_time\" content=\"2016-08-26T07:25:27+00:00\" \/>\n<meta name=\"author\" content=\"Redaktion\" \/>\n<meta name=\"twitter:card\" content=\"summary_large_image\" \/>\n<meta name=\"twitter:image\" content=\"https:\/\/www.immobilienbusiness.ch\/wp-content\/uploads\/2016\/12\/JLL-Christian-Ulbrich-wird-neuer-CEO-immobilien-business.jpg\" \/>\n<script type=\"application\/ld+json\" class=\"yoast-schema-graph\">{\"@context\":\"https:\\\/\\\/schema.org\",\"@graph\":[{\"@type\":\"Article\",\"@id\":\"https:\\\/\\\/www.immobilienbusiness.ch\\\/it\\\/allgemein\\\/2016-08-26\\\/jll-christian-ulbrich-wird-neuer-ceo\\\/#article\",\"isPartOf\":{\"@id\":\"https:\\\/\\\/www.immobilienbusiness.ch\\\/it\\\/allgemein\\\/2016-08-26\\\/jll-christian-ulbrich-wird-neuer-ceo\\\/\"},\"author\":{\"name\":\"Redaktion\",\"@id\":\"https:\\\/\\\/www.immobilienbusiness.ch\\\/#\\\/schema\\\/person\\\/aa2bace6c5c5aad60102004a50c4eb1c\"},\"headline\":\"JLL: Christian Ulbrich wird neuer CEO\",\"datePublished\":\"2016-08-26T07:25:27+00:00\",\"mainEntityOfPage\":{\"@id\":\"https:\\\/\\\/www.immobilienbusiness.ch\\\/it\\\/allgemein\\\/2016-08-26\\\/jll-christian-ulbrich-wird-neuer-ceo\\\/\"},\"wordCount\":225,\"commentCount\":0,\"publisher\":{\"@id\":\"https:\\\/\\\/www.immobilienbusiness.ch\\\/#organization\"},\"image\":{\"@id\":\"https:\\\/\\\/www.immobilienbusiness.ch\\\/it\\\/allgemein\\\/2016-08-26\\\/jll-christian-ulbrich-wird-neuer-ceo\\\/#primaryimage\"},\"thumbnailUrl\":\"https:\\\/\\\/www.immobilienbusiness.ch\\\/wp-content\\\/uploads\\\/2016\\\/12\\\/JLL-Christian-Ulbrich-wird-neuer-CEO-immobilien-business.jpg\",\"keywords\":[\"Personalia\",\"Personalien\"],\"articleSection\":[\"Allgemein\"],\"inLanguage\":\"fr-FR\"},{\"@type\":\"WebPage\",\"@id\":\"https:\\\/\\\/www.immobilienbusiness.ch\\\/it\\\/allgemein\\\/2016-08-26\\\/jll-christian-ulbrich-wird-neuer-ceo\\\/\",\"url\":\"https:\\\/\\\/www.immobilienbusiness.ch\\\/it\\\/allgemein\\\/2016-08-26\\\/jll-christian-ulbrich-wird-neuer-ceo\\\/\",\"name\":\"JLL: Christian Ulbrich wird neuer CEO - IMMOBILIEN Business\",\"isPartOf\":{\"@id\":\"https:\\\/\\\/www.immobilienbusiness.ch\\\/#website\"},\"primaryImageOfPage\":{\"@id\":\"https:\\\/\\\/www.immobilienbusiness.ch\\\/it\\\/allgemein\\\/2016-08-26\\\/jll-christian-ulbrich-wird-neuer-ceo\\\/#primaryimage\"},\"image\":{\"@id\":\"https:\\\/\\\/www.immobilienbusiness.ch\\\/it\\\/allgemein\\\/2016-08-26\\\/jll-christian-ulbrich-wird-neuer-ceo\\\/#primaryimage\"},\"thumbnailUrl\":\"https:\\\/\\\/www.immobilienbusiness.ch\\\/wp-content\\\/uploads\\\/2016\\\/12\\\/JLL-Christian-Ulbrich-wird-neuer-CEO-immobilien-business.jpg\",\"datePublished\":\"2016-08-26T07:25:27+00:00\",\"description\":\"F\u00fchrungswechsel bei JLL: Christian Ulbrich wird mit Wirkung zum 1. Oktober auch die Position des Chief Executive Officer (CEO) \u00fcbernehmen.\",\"breadcrumb\":{\"@id\":\"https:\\\/\\\/www.immobilienbusiness.ch\\\/it\\\/allgemein\\\/2016-08-26\\\/jll-christian-ulbrich-wird-neuer-ceo\\\/#breadcrumb\"},\"inLanguage\":\"fr-FR\",\"potentialAction\":[{\"@type\":\"ReadAction\",\"target\":[\"https:\\\/\\\/www.immobilienbusiness.ch\\\/it\\\/allgemein\\\/2016-08-26\\\/jll-christian-ulbrich-wird-neuer-ceo\\\/\"]}]},{\"@type\":\"ImageObject\",\"inLanguage\":\"fr-FR\",\"@id\":\"https:\\\/\\\/www.immobilienbusiness.ch\\\/it\\\/allgemein\\\/2016-08-26\\\/jll-christian-ulbrich-wird-neuer-ceo\\\/#primaryimage\",\"url\":\"https:\\\/\\\/www.immobilienbusiness.ch\\\/wp-content\\\/uploads\\\/2016\\\/12\\\/JLL-Christian-Ulbrich-wird-neuer-CEO-immobilien-business.jpg\",\"contentUrl\":\"https:\\\/\\\/www.immobilienbusiness.ch\\\/wp-content\\\/uploads\\\/2016\\\/12\\\/JLL-Christian-Ulbrich-wird-neuer-CEO-immobilien-business.jpg\",\"width\":1063,\"height\":768,\"caption\":\"Christian Ulbrich, designierter CEO von JLL (Foto: JLL)\"},{\"@type\":\"BreadcrumbList\",\"@id\":\"https:\\\/\\\/www.immobilienbusiness.ch\\\/it\\\/allgemein\\\/2016-08-26\\\/jll-christian-ulbrich-wird-neuer-ceo\\\/#breadcrumb\",\"itemListElement\":[{\"@type\":\"ListItem\",\"position\":1,\"name\":\"Home\",\"item\":\"https:\\\/\\\/www.immobilienbusiness.ch\\\/\"},{\"@type\":\"ListItem\",\"position\":2,\"name\":\"JLL: Christian Ulbrich wird neuer CEO\"}]},{\"@type\":\"WebSite\",\"@id\":\"https:\\\/\\\/www.immobilienbusiness.ch\\\/#website\",\"url\":\"https:\\\/\\\/www.immobilienbusiness.ch\\\/\",\"name\":\"IMMOBILIEN Business\",\"description\":\"Unabh\u00e4ngiges Schweizer Wirtschaftsmagazin mit Fokus auf Immobilien, Architektur- und Bau sowie Investment- und Finanzierung.\",\"publisher\":{\"@id\":\"https:\\\/\\\/www.immobilienbusiness.ch\\\/#organization\"},\"potentialAction\":[{\"@type\":\"SearchAction\",\"target\":{\"@type\":\"EntryPoint\",\"urlTemplate\":\"https:\\\/\\\/www.immobilienbusiness.ch\\\/?s={search_term_string}\"},\"query-input\":{\"@type\":\"PropertyValueSpecification\",\"valueRequired\":true,\"valueName\":\"search_term_string\"}}],\"inLanguage\":\"fr-FR\"},{\"@type\":\"Organization\",\"@id\":\"https:\\\/\\\/www.immobilienbusiness.ch\\\/#organization\",\"name\":\"IMMOBILIEN Business\",\"url\":\"https:\\\/\\\/www.immobilienbusiness.ch\\\/\",\"logo\":{\"@type\":\"ImageObject\",\"inLanguage\":\"fr-FR\",\"@id\":\"https:\\\/\\\/www.immobilienbusiness.ch\\\/#\\\/schema\\\/logo\\\/image\\\/\",\"url\":\"https:\\\/\\\/www.immobilienbusiness.ch\\\/wp-content\\\/uploads\\\/2021\\\/07\\\/logo_ib.png\",\"contentUrl\":\"https:\\\/\\\/www.immobilienbusiness.ch\\\/wp-content\\\/uploads\\\/2021\\\/07\\\/logo_ib.png\",\"width\":800,\"height\":181,\"caption\":\"IMMOBILIEN Business\"},\"image\":{\"@id\":\"https:\\\/\\\/www.immobilienbusiness.ch\\\/#\\\/schema\\\/logo\\\/image\\\/\"},\"sameAs\":[\"https:\\\/\\\/www.facebook.com\\\/immobilienbusiness\\\/\"]},{\"@type\":\"Person\",\"@id\":\"https:\\\/\\\/www.immobilienbusiness.ch\\\/#\\\/schema\\\/person\\\/aa2bace6c5c5aad60102004a50c4eb1c\",\"name\":\"Redaktion\",\"image\":{\"@type\":\"ImageObject\",\"inLanguage\":\"fr-FR\",\"@id\":\"https:\\\/\\\/secure.gravatar.com\\\/avatar\\\/ae2f4d718e6c49043e314ce431e7e645d646302a24a5ef5a8bc8e3f5a032e319?s=96&d=mm&r=g\",\"url\":\"https:\\\/\\\/secure.gravatar.com\\\/avatar\\\/ae2f4d718e6c49043e314ce431e7e645d646302a24a5ef5a8bc8e3f5a032e319?s=96&d=mm&r=g\",\"contentUrl\":\"https:\\\/\\\/secure.gravatar.com\\\/avatar\\\/ae2f4d718e6c49043e314ce431e7e645d646302a24a5ef5a8bc8e3f5a032e319?s=96&d=mm&r=g\",\"caption\":\"Redaktion\"},\"sameAs\":[\"http:\\\/\\\/develop.organisator.galledia.ch\"],\"url\":\"https:\\\/\\\/www.immobilienbusiness.ch\\\/fr\\\/author\\\/admin\\\/\"}]}<\/script>\n<!-- \/ Yoast SEO plugin. -->","yoast_head_json":{"title":"JLL: Christian Ulbrich wird neuer CEO - IMMOBILIEN Business","description":"F\u00fchrungswechsel bei JLL: Christian Ulbrich wird mit Wirkung zum 1. Oktober auch die Position des Chief Executive Officer (CEO) \u00fcbernehmen.","robots":{"index":"index","follow":"follow","max-snippet":"max-snippet:-1","max-image-preview":"max-image-preview:large","max-video-preview":"max-video-preview:-1"},"canonical":"https:\/\/www.immobilienbusiness.ch\/fr\/allgemein\/2016-08-26\/jll-christian-ulbrich-wird-neuer-ceo\/","og_locale":"fr_FR","og_type":"article","og_title":"JLL: Christian Ulbrich wird neuer CEO","og_description":"F\u00fchrungswechsel bei JLL: Christian Ulbrich, seit Juni 2016 President bei dem Immobiliendienstleister, wird mit Wirkung zum 1. Oktober auch die Position des Chief Executive Officer (CEO) \u00fcbernehmen. Ulbrich tritt in die Nachfolge von Colin Dyer, der Ende 2016 in den Ruhestand gehen und von seiner Funktion als CEO von JLL am 30. September zur\u00fccktreten wird.","og_url":"https:\/\/www.immobilienbusiness.ch\/fr\/allgemein\/2016-08-26\/jll-christian-ulbrich-wird-neuer-ceo\/","og_site_name":"IMMOBILIEN Business","article_publisher":"https:\/\/www.facebook.com\/immobilienbusiness\/","article_published_time":"2016-08-26T07:25:27+00:00","author":"Redaktion","twitter_card":"summary_large_image","twitter_image":"https:\/\/www.immobilienbusiness.ch\/wp-content\/uploads\/2016\/12\/JLL-Christian-Ulbrich-wird-neuer-CEO-immobilien-business.jpg","schema":{"@context":"https:\/\/schema.org","@graph":[{"@type":"Article","@id":"https:\/\/www.immobilienbusiness.ch\/it\/allgemein\/2016-08-26\/jll-christian-ulbrich-wird-neuer-ceo\/#article","isPartOf":{"@id":"https:\/\/www.immobilienbusiness.ch\/it\/allgemein\/2016-08-26\/jll-christian-ulbrich-wird-neuer-ceo\/"},"author":{"name":"Redaktion","@id":"https:\/\/www.immobilienbusiness.ch\/#\/schema\/person\/aa2bace6c5c5aad60102004a50c4eb1c"},"headline":"JLL: Christian Ulbrich wird neuer CEO","datePublished":"2016-08-26T07:25:27+00:00","mainEntityOfPage":{"@id":"https:\/\/www.immobilienbusiness.ch\/it\/allgemein\/2016-08-26\/jll-christian-ulbrich-wird-neuer-ceo\/"},"wordCount":225,"commentCount":0,"publisher":{"@id":"https:\/\/www.immobilienbusiness.ch\/#organization"},"image":{"@id":"https:\/\/www.immobilienbusiness.ch\/it\/allgemein\/2016-08-26\/jll-christian-ulbrich-wird-neuer-ceo\/#primaryimage"},"thumbnailUrl":"https:\/\/www.immobilienbusiness.ch\/wp-content\/uploads\/2016\/12\/JLL-Christian-Ulbrich-wird-neuer-CEO-immobilien-business.jpg","keywords":["Personalia","Personalien"],"articleSection":["Allgemein"],"inLanguage":"fr-FR"},{"@type":"WebPage","@id":"https:\/\/www.immobilienbusiness.ch\/it\/allgemein\/2016-08-26\/jll-christian-ulbrich-wird-neuer-ceo\/","url":"https:\/\/www.immobilienbusiness.ch\/it\/allgemein\/2016-08-26\/jll-christian-ulbrich-wird-neuer-ceo\/","name":"JLL: Christian Ulbrich wird neuer CEO - IMMOBILIEN Business","isPartOf":{"@id":"https:\/\/www.immobilienbusiness.ch\/#website"},"primaryImageOfPage":{"@id":"https:\/\/www.immobilienbusiness.ch\/it\/allgemein\/2016-08-26\/jll-christian-ulbrich-wird-neuer-ceo\/#primaryimage"},"image":{"@id":"https:\/\/www.immobilienbusiness.ch\/it\/allgemein\/2016-08-26\/jll-christian-ulbrich-wird-neuer-ceo\/#primaryimage"},"thumbnailUrl":"https:\/\/www.immobilienbusiness.ch\/wp-content\/uploads\/2016\/12\/JLL-Christian-Ulbrich-wird-neuer-CEO-immobilien-business.jpg","datePublished":"2016-08-26T07:25:27+00:00","description":"F\u00fchrungswechsel bei JLL: Christian Ulbrich wird mit Wirkung zum 1. Oktober auch die Position des Chief Executive Officer (CEO) \u00fcbernehmen.","breadcrumb":{"@id":"https:\/\/www.immobilienbusiness.ch\/it\/allgemein\/2016-08-26\/jll-christian-ulbrich-wird-neuer-ceo\/#breadcrumb"},"inLanguage":"fr-FR","potentialAction":[{"@type":"ReadAction","target":["https:\/\/www.immobilienbusiness.ch\/it\/allgemein\/2016-08-26\/jll-christian-ulbrich-wird-neuer-ceo\/"]}]},{"@type":"ImageObject","inLanguage":"fr-FR","@id":"https:\/\/www.immobilienbusiness.ch\/it\/allgemein\/2016-08-26\/jll-christian-ulbrich-wird-neuer-ceo\/#primaryimage","url":"https:\/\/www.immobilienbusiness.ch\/wp-content\/uploads\/2016\/12\/JLL-Christian-Ulbrich-wird-neuer-CEO-immobilien-business.jpg","contentUrl":"https:\/\/www.immobilienbusiness.ch\/wp-content\/uploads\/2016\/12\/JLL-Christian-Ulbrich-wird-neuer-CEO-immobilien-business.jpg","width":1063,"height":768,"caption":"Christian Ulbrich, designierter CEO von JLL (Foto: JLL)"},{"@type":"BreadcrumbList","@id":"https:\/\/www.immobilienbusiness.ch\/it\/allgemein\/2016-08-26\/jll-christian-ulbrich-wird-neuer-ceo\/#breadcrumb","itemListElement":[{"@type":"ListItem","position":1,"name":"Home","item":"https:\/\/www.immobilienbusiness.ch\/"},{"@type":"ListItem","position":2,"name":"JLL: Christian Ulbrich wird neuer CEO"}]},{"@type":"WebSite","@id":"https:\/\/www.immobilienbusiness.ch\/#website","url":"https:\/\/www.immobilienbusiness.ch\/","name":"IMMOBILIER Business","description":"Magazine \u00e9conomique suisse ind\u00e9pendant ax\u00e9 sur l'immobilier, l'architecture et la construction ainsi que sur les investissements et le financement.","publisher":{"@id":"https:\/\/www.immobilienbusiness.ch\/#organization"},"potentialAction":[{"@type":"SearchAction","target":{"@type":"EntryPoint","urlTemplate":"https:\/\/www.immobilienbusiness.ch\/?s={search_term_string}"},"query-input":{"@type":"PropertyValueSpecification","valueRequired":true,"valueName":"search_term_string"}}],"inLanguage":"fr-FR"},{"@type":"Organization","@id":"https:\/\/www.immobilienbusiness.ch\/#organization","name":"IMMOBILIER Business","url":"https:\/\/www.immobilienbusiness.ch\/","logo":{"@type":"ImageObject","inLanguage":"fr-FR","@id":"https:\/\/www.immobilienbusiness.ch\/#\/schema\/logo\/image\/","url":"https:\/\/www.immobilienbusiness.ch\/wp-content\/uploads\/2021\/07\/logo_ib.png","contentUrl":"https:\/\/www.immobilienbusiness.ch\/wp-content\/uploads\/2021\/07\/logo_ib.png","width":800,"height":181,"caption":"IMMOBILIEN Business"},"image":{"@id":"https:\/\/www.immobilienbusiness.ch\/#\/schema\/logo\/image\/"},"sameAs":["https:\/\/www.facebook.com\/immobilienbusiness\/"]},{"@type":"Person","@id":"https:\/\/www.immobilienbusiness.ch\/#\/schema\/person\/aa2bace6c5c5aad60102004a50c4eb1c","name":"Editorial","image":{"@type":"ImageObject","inLanguage":"fr-FR","@id":"https:\/\/secure.gravatar.com\/avatar\/ae2f4d718e6c49043e314ce431e7e645d646302a24a5ef5a8bc8e3f5a032e319?s=96&d=mm&r=g","url":"https:\/\/secure.gravatar.com\/avatar\/ae2f4d718e6c49043e314ce431e7e645d646302a24a5ef5a8bc8e3f5a032e319?s=96&d=mm&r=g","contentUrl":"https:\/\/secure.gravatar.com\/avatar\/ae2f4d718e6c49043e314ce431e7e645d646302a24a5ef5a8bc8e3f5a032e319?s=96&d=mm&r=g","caption":"Redaktion"},"sameAs":["http:\/\/develop.organisator.galledia.ch"],"url":"https:\/\/www.immobilienbusiness.ch\/fr\/author\/admin\/"}]}},"_links":{"self":[{"href":"https:\/\/www.immobilienbusiness.ch\/fr\/wp-json\/wp\/v2\/posts\/3694","targetHints":{"allow":["GET"]}}],"collection":[{"href":"https:\/\/www.immobilienbusiness.ch\/fr\/wp-json\/wp\/v2\/posts"}],"about":[{"href":"https:\/\/www.immobilienbusiness.ch\/fr\/wp-json\/wp\/v2\/types\/post"}],"author":[{"embeddable":true,"href":"https:\/\/www.immobilienbusiness.ch\/fr\/wp-json\/wp\/v2\/users\/1"}],"replies":[{"embeddable":true,"href":"https:\/\/www.immobilienbusiness.ch\/fr\/wp-json\/wp\/v2\/comments?post=3694"}],"version-history":[{"count":0,"href":"https:\/\/www.immobilienbusiness.ch\/fr\/wp-json\/wp\/v2\/posts\/3694\/revisions"}],"wp:featuredmedia":[{"embeddable":true,"href":"https:\/\/www.immobilienbusiness.ch\/fr\/wp-json\/wp\/v2\/media\/3695"}],"wp:attachment":[{"href":"https:\/\/www.immobilienbusiness.ch\/fr\/wp-json\/wp\/v2\/media?parent=3694"}],"wp:term":[{"taxonomy":"category","embeddable":true,"href":"https:\/\/www.immobilienbusiness.ch\/fr\/wp-json\/wp\/v2\/categories?post=3694"},{"taxonomy":"post_tag","embeddable":true,"href":"https:\/\/www.immobilienbusiness.ch\/fr\/wp-json\/wp\/v2\/tags?post=3694"}],"curies":[{"name":"wp","href":"https:\/\/api.w.org\/{rel}","templated":true}]}}