{"id":3662,"date":"2016-10-20T13:17:33","date_gmt":"2016-10-20T11:17:33","guid":{"rendered":"http:\/\/dev.immobilienbusiness.ch\/?p=3662"},"modified":"2016-10-20T13:17:33","modified_gmt":"2016-10-20T11:17:33","slug":"cs-reim-beat-schwab-uebernimmt-von-timothy-blackwell","status":"publish","type":"post","link":"https:\/\/www.immobilienbusiness.ch\/fr\/allgemein\/2016-10-20\/cs-reim-beat-schwab-uebernimmt-von-timothy-blackwell\/","title":{"rendered":"CS REIM : Beat Schwab succ\u00e8de \u00e0 Timothy Blackwell"},"content":{"rendered":"<figure id=\"attachment_3669\" aria-describedby=\"caption-attachment-3669\" style=\"width: 680px\" class=\"wp-caption alignnone\"><img loading=\"lazy\" decoding=\"async\" class=\"size-medium wp-image-3669\" src=\"https:\/\/immobilienbusiness.ch\/wp-content\/uploads\/2016\/12\/CS-REIM-Beat-Schwab-\u00fcbernimmt-von-Timothy-Blackwell-immobilien-business.jpg\" alt=\"Beat Schwab \u00fcbernimmt ad interim die Position von Timothy Blackwell (Foto: PD)\" width=\"680\" height=\"680\" \/><figcaption id=\"caption-attachment-3669\" class=\"wp-caption-text\">Beat Schwab reprend le poste de Timothy Blackwell par int\u00e9rim (photo : PD)<\/figcaption><\/figure>\n<p>Apr\u00e8s la nomination d'un Global Head d\u00e9finitif, Beat Schwab se mettra \u00e0 son compte au printemps 2017 en tant que membre professionnel du conseil d'administration, annonce le Credit Suisse. <a href=\"https:\/\/immobilien-business.hamster.ch\/beat-schwab-wechselt-in-sbb-verwaltungsrat\" target=\"_blank\" rel=\"noreferrer noopener\" data-cke-saved-href=\"https:\/\/immobilien-business.hamster.ch\/beat-schwab-wechselt-in-sbb-verwaltungsrat\">A l'origine, il voulait d\u00e9j\u00e0 quitter le Credit Suisse \u00e0 la fin de l'ann\u00e9e.<\/a><\/p>\n<p>Raymond R\u00fcttimann devient <a href=\"https:\/\/immobilien-business.hamster.ch\/cs-real-estate-investment-management-ruettimann-folgt-auf-schwab\" target=\"_blank\" rel=\"noreferrer noopener\" data-cke-saved-href=\"https:\/\/immobilien-business.hamster.ch\/cs-real-estate-investment-management-ruettimann-folgt-auf-schwab\">comme <em>IMMOBILIER BUSINESS <\/em>en septembre 2016, a rapport\u00e9<\/a>Il succ\u00e8de \u00e0 Beat Schwab en tant que responsable du Real Estate Investment Management Suisse. Il ne prendra pas ses fonctions en janvier 2017 comme pr\u00e9vu, mais d\u00e8s le 24 octobre 2016.<\/p>\n<p>Martin Munz devient directeur Construction &amp; Development Suisse le 24 octobre 2016 et succ\u00e8de ainsi \u00e0 Raymond R\u00fcttimann. (ah)<\/p>","protected":false},"excerpt":{"rendered":"<p>Changement de direction au sein de Real Estate Investment Management du Credit Suisse : Timothy Blackwell quitte avec effet imm\u00e9diat son poste de responsable mondial de la division. Beat Schwab, jusqu'ici responsable du Real Estate Investment Management en Suisse, reprend temporairement le poste de Blackwell.<\/p>","protected":false},"author":1,"featured_media":3669,"comment_status":"open","ping_status":"open","sticky":false,"template":"","format":"standard","meta":{"_acf_changed":false,"_yoast_wpseo_focuskw":"Beat Schwab","_yoast_wpseo_title":"","_yoast_wpseo_metadesc":"Beat Schwab, bisher Leiter Real Estate Investment Management Schweiz, \u00fcbernimmt Blackwells Position vor\u00fcbergehend.","_yoast_wpseo_linkdex":51,"pgc_sgb_lightbox_settings":"","footnotes":""},"categories":[1],"tags":[1564],"class_list":["post-3662","post","type-post","status-publish","format-standard","has-post-thumbnail","hentry","category-allgemein","tag-personalien"],"acf":[],"yoast_head":"<!-- This site is optimized with the Yoast SEO plugin v27.4 - https:\/\/yoast.com\/product\/yoast-seo-wordpress\/ -->\n<title>CS REIM: Beat Schwab \u00fcbernimmt von Timothy Blackwell - IMMOBILIEN Business<\/title>\n<meta name=\"description\" content=\"Beat Schwab, bisher Leiter Real Estate Investment Management Schweiz, \u00fcbernimmt Blackwells Position vor\u00fcbergehend.\" \/>\n<meta name=\"robots\" content=\"index, follow, max-snippet:-1, max-image-preview:large, max-video-preview:-1\" \/>\n<link rel=\"canonical\" href=\"https:\/\/www.immobilienbusiness.ch\/fr\/allgemein\/2016-10-20\/cs-reim-beat-schwab-uebernimmt-von-timothy-blackwell\/\" \/>\n<meta property=\"og:locale\" content=\"fr_FR\" \/>\n<meta property=\"og:type\" content=\"article\" \/>\n<meta property=\"og:title\" content=\"CS REIM: Beat Schwab \u00fcbernimmt von Timothy Blackwell\" \/>\n<meta property=\"og:description\" content=\"F\u00fchrungswechsel im Real Estate Investment Management der Credit Suisse: Timothy Blackwell tritt mit sofortiger Wirkung als globaler Leiter der Sparte zur\u00fcck. Beat Schwab, bisher Leiter Real Estate Investment Management Schweiz, \u00fcbernimmt Blackwells Position vor\u00fcbergehend.\" \/>\n<meta property=\"og:url\" content=\"https:\/\/www.immobilienbusiness.ch\/fr\/allgemein\/2016-10-20\/cs-reim-beat-schwab-uebernimmt-von-timothy-blackwell\/\" \/>\n<meta property=\"og:site_name\" content=\"IMMOBILIEN Business\" \/>\n<meta property=\"article:publisher\" content=\"https:\/\/www.facebook.com\/immobilienbusiness\/\" \/>\n<meta property=\"article:published_time\" content=\"2016-10-20T11:17:33+00:00\" \/>\n<meta name=\"author\" content=\"Redaktion\" \/>\n<meta name=\"twitter:card\" content=\"summary_large_image\" \/>\n<meta name=\"twitter:image\" content=\"https:\/\/www.immobilienbusiness.ch\/wp-content\/uploads\/2016\/12\/CS-REIM-Beat-Schwab-uebernimmt-von-Timothy-Blackwell-immobilien-business.jpg\" \/>\n<script type=\"application\/ld+json\" class=\"yoast-schema-graph\">{\"@context\":\"https:\\\/\\\/schema.org\",\"@graph\":[{\"@type\":\"Article\",\"@id\":\"https:\\\/\\\/www.immobilienbusiness.ch\\\/allgemein\\\/2016-10-20\\\/cs-reim-beat-schwab-uebernimmt-von-timothy-blackwell\\\/#article\",\"isPartOf\":{\"@id\":\"https:\\\/\\\/www.immobilienbusiness.ch\\\/allgemein\\\/2016-10-20\\\/cs-reim-beat-schwab-uebernimmt-von-timothy-blackwell\\\/\"},\"author\":{\"name\":\"Redaktion\",\"@id\":\"https:\\\/\\\/www.immobilienbusiness.ch\\\/#\\\/schema\\\/person\\\/aa2bace6c5c5aad60102004a50c4eb1c\"},\"headline\":\"CS REIM: Beat Schwab \u00fcbernimmt von Timothy Blackwell\",\"datePublished\":\"2016-10-20T11:17:33+00:00\",\"mainEntityOfPage\":{\"@id\":\"https:\\\/\\\/www.immobilienbusiness.ch\\\/allgemein\\\/2016-10-20\\\/cs-reim-beat-schwab-uebernimmt-von-timothy-blackwell\\\/\"},\"wordCount\":120,\"commentCount\":0,\"publisher\":{\"@id\":\"https:\\\/\\\/www.immobilienbusiness.ch\\\/#organization\"},\"image\":{\"@id\":\"https:\\\/\\\/www.immobilienbusiness.ch\\\/allgemein\\\/2016-10-20\\\/cs-reim-beat-schwab-uebernimmt-von-timothy-blackwell\\\/#primaryimage\"},\"thumbnailUrl\":\"https:\\\/\\\/www.immobilienbusiness.ch\\\/wp-content\\\/uploads\\\/2016\\\/12\\\/CS-REIM-Beat-Schwab-uebernimmt-von-Timothy-Blackwell-immobilien-business.jpg\",\"keywords\":[\"Personalien\"],\"articleSection\":[\"Allgemein\"],\"inLanguage\":\"fr-FR\"},{\"@type\":\"WebPage\",\"@id\":\"https:\\\/\\\/www.immobilienbusiness.ch\\\/allgemein\\\/2016-10-20\\\/cs-reim-beat-schwab-uebernimmt-von-timothy-blackwell\\\/\",\"url\":\"https:\\\/\\\/www.immobilienbusiness.ch\\\/allgemein\\\/2016-10-20\\\/cs-reim-beat-schwab-uebernimmt-von-timothy-blackwell\\\/\",\"name\":\"CS REIM: Beat Schwab \u00fcbernimmt von Timothy Blackwell - IMMOBILIEN Business\",\"isPartOf\":{\"@id\":\"https:\\\/\\\/www.immobilienbusiness.ch\\\/#website\"},\"primaryImageOfPage\":{\"@id\":\"https:\\\/\\\/www.immobilienbusiness.ch\\\/allgemein\\\/2016-10-20\\\/cs-reim-beat-schwab-uebernimmt-von-timothy-blackwell\\\/#primaryimage\"},\"image\":{\"@id\":\"https:\\\/\\\/www.immobilienbusiness.ch\\\/allgemein\\\/2016-10-20\\\/cs-reim-beat-schwab-uebernimmt-von-timothy-blackwell\\\/#primaryimage\"},\"thumbnailUrl\":\"https:\\\/\\\/www.immobilienbusiness.ch\\\/wp-content\\\/uploads\\\/2016\\\/12\\\/CS-REIM-Beat-Schwab-uebernimmt-von-Timothy-Blackwell-immobilien-business.jpg\",\"datePublished\":\"2016-10-20T11:17:33+00:00\",\"description\":\"Beat Schwab, bisher Leiter Real Estate Investment Management Schweiz, \u00fcbernimmt Blackwells Position vor\u00fcbergehend.\",\"breadcrumb\":{\"@id\":\"https:\\\/\\\/www.immobilienbusiness.ch\\\/allgemein\\\/2016-10-20\\\/cs-reim-beat-schwab-uebernimmt-von-timothy-blackwell\\\/#breadcrumb\"},\"inLanguage\":\"fr-FR\",\"potentialAction\":[{\"@type\":\"ReadAction\",\"target\":[\"https:\\\/\\\/www.immobilienbusiness.ch\\\/allgemein\\\/2016-10-20\\\/cs-reim-beat-schwab-uebernimmt-von-timothy-blackwell\\\/\"]}]},{\"@type\":\"ImageObject\",\"inLanguage\":\"fr-FR\",\"@id\":\"https:\\\/\\\/www.immobilienbusiness.ch\\\/allgemein\\\/2016-10-20\\\/cs-reim-beat-schwab-uebernimmt-von-timothy-blackwell\\\/#primaryimage\",\"url\":\"https:\\\/\\\/www.immobilienbusiness.ch\\\/wp-content\\\/uploads\\\/2016\\\/12\\\/CS-REIM-Beat-Schwab-uebernimmt-von-Timothy-Blackwell-immobilien-business.jpg\",\"contentUrl\":\"https:\\\/\\\/www.immobilienbusiness.ch\\\/wp-content\\\/uploads\\\/2016\\\/12\\\/CS-REIM-Beat-Schwab-uebernimmt-von-Timothy-Blackwell-immobilien-business.jpg\",\"width\":1104,\"height\":1104,\"caption\":\"Beat Schwab \u00fcbernimmt ad interim die Position von Timothy Blackwell (Foto: PD)\"},{\"@type\":\"BreadcrumbList\",\"@id\":\"https:\\\/\\\/www.immobilienbusiness.ch\\\/allgemein\\\/2016-10-20\\\/cs-reim-beat-schwab-uebernimmt-von-timothy-blackwell\\\/#breadcrumb\",\"itemListElement\":[{\"@type\":\"ListItem\",\"position\":1,\"name\":\"Home\",\"item\":\"https:\\\/\\\/www.immobilienbusiness.ch\\\/\"},{\"@type\":\"ListItem\",\"position\":2,\"name\":\"CS REIM: Beat Schwab \u00fcbernimmt von Timothy Blackwell\"}]},{\"@type\":\"WebSite\",\"@id\":\"https:\\\/\\\/www.immobilienbusiness.ch\\\/#website\",\"url\":\"https:\\\/\\\/www.immobilienbusiness.ch\\\/\",\"name\":\"IMMOBILIEN Business\",\"description\":\"Unabh\u00e4ngiges Schweizer Wirtschaftsmagazin mit Fokus auf Immobilien, Architektur- und Bau sowie Investment- und Finanzierung.\",\"publisher\":{\"@id\":\"https:\\\/\\\/www.immobilienbusiness.ch\\\/#organization\"},\"potentialAction\":[{\"@type\":\"SearchAction\",\"target\":{\"@type\":\"EntryPoint\",\"urlTemplate\":\"https:\\\/\\\/www.immobilienbusiness.ch\\\/?s={search_term_string}\"},\"query-input\":{\"@type\":\"PropertyValueSpecification\",\"valueRequired\":true,\"valueName\":\"search_term_string\"}}],\"inLanguage\":\"fr-FR\"},{\"@type\":\"Organization\",\"@id\":\"https:\\\/\\\/www.immobilienbusiness.ch\\\/#organization\",\"name\":\"IMMOBILIEN Business\",\"url\":\"https:\\\/\\\/www.immobilienbusiness.ch\\\/\",\"logo\":{\"@type\":\"ImageObject\",\"inLanguage\":\"fr-FR\",\"@id\":\"https:\\\/\\\/www.immobilienbusiness.ch\\\/#\\\/schema\\\/logo\\\/image\\\/\",\"url\":\"https:\\\/\\\/www.immobilienbusiness.ch\\\/wp-content\\\/uploads\\\/2021\\\/07\\\/logo_ib.png\",\"contentUrl\":\"https:\\\/\\\/www.immobilienbusiness.ch\\\/wp-content\\\/uploads\\\/2021\\\/07\\\/logo_ib.png\",\"width\":800,\"height\":181,\"caption\":\"IMMOBILIEN Business\"},\"image\":{\"@id\":\"https:\\\/\\\/www.immobilienbusiness.ch\\\/#\\\/schema\\\/logo\\\/image\\\/\"},\"sameAs\":[\"https:\\\/\\\/www.facebook.com\\\/immobilienbusiness\\\/\"]},{\"@type\":\"Person\",\"@id\":\"https:\\\/\\\/www.immobilienbusiness.ch\\\/#\\\/schema\\\/person\\\/aa2bace6c5c5aad60102004a50c4eb1c\",\"name\":\"Redaktion\",\"image\":{\"@type\":\"ImageObject\",\"inLanguage\":\"fr-FR\",\"@id\":\"https:\\\/\\\/secure.gravatar.com\\\/avatar\\\/ae2f4d718e6c49043e314ce431e7e645d646302a24a5ef5a8bc8e3f5a032e319?s=96&d=mm&r=g\",\"url\":\"https:\\\/\\\/secure.gravatar.com\\\/avatar\\\/ae2f4d718e6c49043e314ce431e7e645d646302a24a5ef5a8bc8e3f5a032e319?s=96&d=mm&r=g\",\"contentUrl\":\"https:\\\/\\\/secure.gravatar.com\\\/avatar\\\/ae2f4d718e6c49043e314ce431e7e645d646302a24a5ef5a8bc8e3f5a032e319?s=96&d=mm&r=g\",\"caption\":\"Redaktion\"},\"sameAs\":[\"http:\\\/\\\/develop.organisator.galledia.ch\"],\"url\":\"https:\\\/\\\/www.immobilienbusiness.ch\\\/fr\\\/author\\\/admin\\\/\"}]}<\/script>\n<!-- \/ Yoast SEO plugin. -->","yoast_head_json":{"title":"CS REIM: Beat Schwab \u00fcbernimmt von Timothy Blackwell - IMMOBILIEN Business","description":"Beat Schwab, bisher Leiter Real Estate Investment Management Schweiz, \u00fcbernimmt Blackwells Position vor\u00fcbergehend.","robots":{"index":"index","follow":"follow","max-snippet":"max-snippet:-1","max-image-preview":"max-image-preview:large","max-video-preview":"max-video-preview:-1"},"canonical":"https:\/\/www.immobilienbusiness.ch\/fr\/allgemein\/2016-10-20\/cs-reim-beat-schwab-uebernimmt-von-timothy-blackwell\/","og_locale":"fr_FR","og_type":"article","og_title":"CS REIM: Beat Schwab \u00fcbernimmt von Timothy Blackwell","og_description":"F\u00fchrungswechsel im Real Estate Investment Management der Credit Suisse: Timothy Blackwell tritt mit sofortiger Wirkung als globaler Leiter der Sparte zur\u00fcck. Beat Schwab, bisher Leiter Real Estate Investment Management Schweiz, \u00fcbernimmt Blackwells Position vor\u00fcbergehend.","og_url":"https:\/\/www.immobilienbusiness.ch\/fr\/allgemein\/2016-10-20\/cs-reim-beat-schwab-uebernimmt-von-timothy-blackwell\/","og_site_name":"IMMOBILIEN Business","article_publisher":"https:\/\/www.facebook.com\/immobilienbusiness\/","article_published_time":"2016-10-20T11:17:33+00:00","author":"Redaktion","twitter_card":"summary_large_image","twitter_image":"https:\/\/www.immobilienbusiness.ch\/wp-content\/uploads\/2016\/12\/CS-REIM-Beat-Schwab-uebernimmt-von-Timothy-Blackwell-immobilien-business.jpg","schema":{"@context":"https:\/\/schema.org","@graph":[{"@type":"Article","@id":"https:\/\/www.immobilienbusiness.ch\/allgemein\/2016-10-20\/cs-reim-beat-schwab-uebernimmt-von-timothy-blackwell\/#article","isPartOf":{"@id":"https:\/\/www.immobilienbusiness.ch\/allgemein\/2016-10-20\/cs-reim-beat-schwab-uebernimmt-von-timothy-blackwell\/"},"author":{"name":"Redaktion","@id":"https:\/\/www.immobilienbusiness.ch\/#\/schema\/person\/aa2bace6c5c5aad60102004a50c4eb1c"},"headline":"CS REIM: Beat Schwab \u00fcbernimmt von Timothy Blackwell","datePublished":"2016-10-20T11:17:33+00:00","mainEntityOfPage":{"@id":"https:\/\/www.immobilienbusiness.ch\/allgemein\/2016-10-20\/cs-reim-beat-schwab-uebernimmt-von-timothy-blackwell\/"},"wordCount":120,"commentCount":0,"publisher":{"@id":"https:\/\/www.immobilienbusiness.ch\/#organization"},"image":{"@id":"https:\/\/www.immobilienbusiness.ch\/allgemein\/2016-10-20\/cs-reim-beat-schwab-uebernimmt-von-timothy-blackwell\/#primaryimage"},"thumbnailUrl":"https:\/\/www.immobilienbusiness.ch\/wp-content\/uploads\/2016\/12\/CS-REIM-Beat-Schwab-uebernimmt-von-Timothy-Blackwell-immobilien-business.jpg","keywords":["Personalien"],"articleSection":["Allgemein"],"inLanguage":"fr-FR"},{"@type":"WebPage","@id":"https:\/\/www.immobilienbusiness.ch\/allgemein\/2016-10-20\/cs-reim-beat-schwab-uebernimmt-von-timothy-blackwell\/","url":"https:\/\/www.immobilienbusiness.ch\/allgemein\/2016-10-20\/cs-reim-beat-schwab-uebernimmt-von-timothy-blackwell\/","name":"CS REIM: Beat Schwab \u00fcbernimmt von Timothy Blackwell - IMMOBILIEN Business","isPartOf":{"@id":"https:\/\/www.immobilienbusiness.ch\/#website"},"primaryImageOfPage":{"@id":"https:\/\/www.immobilienbusiness.ch\/allgemein\/2016-10-20\/cs-reim-beat-schwab-uebernimmt-von-timothy-blackwell\/#primaryimage"},"image":{"@id":"https:\/\/www.immobilienbusiness.ch\/allgemein\/2016-10-20\/cs-reim-beat-schwab-uebernimmt-von-timothy-blackwell\/#primaryimage"},"thumbnailUrl":"https:\/\/www.immobilienbusiness.ch\/wp-content\/uploads\/2016\/12\/CS-REIM-Beat-Schwab-uebernimmt-von-Timothy-Blackwell-immobilien-business.jpg","datePublished":"2016-10-20T11:17:33+00:00","description":"Beat Schwab, bisher Leiter Real Estate Investment Management Schweiz, \u00fcbernimmt Blackwells Position vor\u00fcbergehend.","breadcrumb":{"@id":"https:\/\/www.immobilienbusiness.ch\/allgemein\/2016-10-20\/cs-reim-beat-schwab-uebernimmt-von-timothy-blackwell\/#breadcrumb"},"inLanguage":"fr-FR","potentialAction":[{"@type":"ReadAction","target":["https:\/\/www.immobilienbusiness.ch\/allgemein\/2016-10-20\/cs-reim-beat-schwab-uebernimmt-von-timothy-blackwell\/"]}]},{"@type":"ImageObject","inLanguage":"fr-FR","@id":"https:\/\/www.immobilienbusiness.ch\/allgemein\/2016-10-20\/cs-reim-beat-schwab-uebernimmt-von-timothy-blackwell\/#primaryimage","url":"https:\/\/www.immobilienbusiness.ch\/wp-content\/uploads\/2016\/12\/CS-REIM-Beat-Schwab-uebernimmt-von-Timothy-Blackwell-immobilien-business.jpg","contentUrl":"https:\/\/www.immobilienbusiness.ch\/wp-content\/uploads\/2016\/12\/CS-REIM-Beat-Schwab-uebernimmt-von-Timothy-Blackwell-immobilien-business.jpg","width":1104,"height":1104,"caption":"Beat Schwab \u00fcbernimmt ad interim die Position von Timothy Blackwell (Foto: PD)"},{"@type":"BreadcrumbList","@id":"https:\/\/www.immobilienbusiness.ch\/allgemein\/2016-10-20\/cs-reim-beat-schwab-uebernimmt-von-timothy-blackwell\/#breadcrumb","itemListElement":[{"@type":"ListItem","position":1,"name":"Home","item":"https:\/\/www.immobilienbusiness.ch\/"},{"@type":"ListItem","position":2,"name":"CS REIM: Beat Schwab \u00fcbernimmt von Timothy Blackwell"}]},{"@type":"WebSite","@id":"https:\/\/www.immobilienbusiness.ch\/#website","url":"https:\/\/www.immobilienbusiness.ch\/","name":"IMMOBILIER Business","description":"Magazine \u00e9conomique suisse ind\u00e9pendant ax\u00e9 sur l'immobilier, l'architecture et la construction ainsi que sur les investissements et le financement.","publisher":{"@id":"https:\/\/www.immobilienbusiness.ch\/#organization"},"potentialAction":[{"@type":"SearchAction","target":{"@type":"EntryPoint","urlTemplate":"https:\/\/www.immobilienbusiness.ch\/?s={search_term_string}"},"query-input":{"@type":"PropertyValueSpecification","valueRequired":true,"valueName":"search_term_string"}}],"inLanguage":"fr-FR"},{"@type":"Organization","@id":"https:\/\/www.immobilienbusiness.ch\/#organization","name":"IMMOBILIER Business","url":"https:\/\/www.immobilienbusiness.ch\/","logo":{"@type":"ImageObject","inLanguage":"fr-FR","@id":"https:\/\/www.immobilienbusiness.ch\/#\/schema\/logo\/image\/","url":"https:\/\/www.immobilienbusiness.ch\/wp-content\/uploads\/2021\/07\/logo_ib.png","contentUrl":"https:\/\/www.immobilienbusiness.ch\/wp-content\/uploads\/2021\/07\/logo_ib.png","width":800,"height":181,"caption":"IMMOBILIEN Business"},"image":{"@id":"https:\/\/www.immobilienbusiness.ch\/#\/schema\/logo\/image\/"},"sameAs":["https:\/\/www.facebook.com\/immobilienbusiness\/"]},{"@type":"Person","@id":"https:\/\/www.immobilienbusiness.ch\/#\/schema\/person\/aa2bace6c5c5aad60102004a50c4eb1c","name":"Editorial","image":{"@type":"ImageObject","inLanguage":"fr-FR","@id":"https:\/\/secure.gravatar.com\/avatar\/ae2f4d718e6c49043e314ce431e7e645d646302a24a5ef5a8bc8e3f5a032e319?s=96&d=mm&r=g","url":"https:\/\/secure.gravatar.com\/avatar\/ae2f4d718e6c49043e314ce431e7e645d646302a24a5ef5a8bc8e3f5a032e319?s=96&d=mm&r=g","contentUrl":"https:\/\/secure.gravatar.com\/avatar\/ae2f4d718e6c49043e314ce431e7e645d646302a24a5ef5a8bc8e3f5a032e319?s=96&d=mm&r=g","caption":"Redaktion"},"sameAs":["http:\/\/develop.organisator.galledia.ch"],"url":"https:\/\/www.immobilienbusiness.ch\/fr\/author\/admin\/"}]}},"_links":{"self":[{"href":"https:\/\/www.immobilienbusiness.ch\/fr\/wp-json\/wp\/v2\/posts\/3662","targetHints":{"allow":["GET"]}}],"collection":[{"href":"https:\/\/www.immobilienbusiness.ch\/fr\/wp-json\/wp\/v2\/posts"}],"about":[{"href":"https:\/\/www.immobilienbusiness.ch\/fr\/wp-json\/wp\/v2\/types\/post"}],"author":[{"embeddable":true,"href":"https:\/\/www.immobilienbusiness.ch\/fr\/wp-json\/wp\/v2\/users\/1"}],"replies":[{"embeddable":true,"href":"https:\/\/www.immobilienbusiness.ch\/fr\/wp-json\/wp\/v2\/comments?post=3662"}],"version-history":[{"count":0,"href":"https:\/\/www.immobilienbusiness.ch\/fr\/wp-json\/wp\/v2\/posts\/3662\/revisions"}],"wp:featuredmedia":[{"embeddable":true,"href":"https:\/\/www.immobilienbusiness.ch\/fr\/wp-json\/wp\/v2\/media\/3669"}],"wp:attachment":[{"href":"https:\/\/www.immobilienbusiness.ch\/fr\/wp-json\/wp\/v2\/media?parent=3662"}],"wp:term":[{"taxonomy":"category","embeddable":true,"href":"https:\/\/www.immobilienbusiness.ch\/fr\/wp-json\/wp\/v2\/categories?post=3662"},{"taxonomy":"post_tag","embeddable":true,"href":"https:\/\/www.immobilienbusiness.ch\/fr\/wp-json\/wp\/v2\/tags?post=3662"}],"curies":[{"name":"wp","href":"https:\/\/api.w.org\/{rel}","templated":true}]}}