{"id":3604,"date":"2016-08-19T09:30:03","date_gmt":"2016-08-19T07:30:03","guid":{"rendered":"http:\/\/dev.immobilienbusiness.ch\/?p=3604"},"modified":"2016-08-19T09:30:03","modified_gmt":"2016-08-19T07:30:03","slug":"basel-kanton-lockert-baurechtliche-vorgaben","status":"publish","type":"post","link":"https:\/\/www.immobilienbusiness.ch\/fr\/residential\/2016-08-19\/basel-kanton-lockert-baurechtliche-vorgaben\/","title":{"rendered":"B\u00e2le : le canton assouplit les prescriptions en mati\u00e8re de construction"},"content":{"rendered":"<figure id=\"attachment_3606\" aria-describedby=\"caption-attachment-3606\" style=\"width: 680px\" class=\"wp-caption alignnone\"><img loading=\"lazy\" decoding=\"async\" class=\"size-medium wp-image-3606\" src=\"https:\/\/immobilienbusiness.ch\/wp-content\/uploads\/2016\/08\/Basel-Kanton-lockert-baurechtliche-Vorgaben-immobilien-business.jpg\" alt=\"In Basel will man die Aufstockung von Dachgeschossen erleichtern (Foto: Pixabay)\" width=\"680\" height=\"454\" srcset=\"https:\/\/www.immobilienbusiness.ch\/wp-content\/uploads\/2016\/08\/Basel-Kanton-lockert-baurechtliche-Vorgaben-immobilien-business.jpg 1280w, https:\/\/www.immobilienbusiness.ch\/wp-content\/uploads\/2016\/08\/Basel-Kanton-lockert-baurechtliche-Vorgaben-immobilien-business-300x200.jpg 300w, https:\/\/www.immobilienbusiness.ch\/wp-content\/uploads\/2016\/08\/Basel-Kanton-lockert-baurechtliche-Vorgaben-immobilien-business-1024x683.jpg 1024w, https:\/\/www.immobilienbusiness.ch\/wp-content\/uploads\/2016\/08\/Basel-Kanton-lockert-baurechtliche-Vorgaben-immobilien-business-768x512.jpg 768w, https:\/\/www.immobilienbusiness.ch\/wp-content\/uploads\/2016\/08\/Basel-Kanton-lockert-baurechtliche-Vorgaben-immobilien-business-16x12.jpg 16w, https:\/\/www.immobilienbusiness.ch\/wp-content\/uploads\/2016\/08\/Basel-Kanton-lockert-baurechtliche-Vorgaben-immobilien-business-262x175.jpg 262w, https:\/\/www.immobilienbusiness.ch\/wp-content\/uploads\/2016\/08\/Basel-Kanton-lockert-baurechtliche-Vorgaben-immobilien-business-525x350.jpg 525w, https:\/\/www.immobilienbusiness.ch\/wp-content\/uploads\/2016\/08\/Basel-Kanton-lockert-baurechtliche-Vorgaben-immobilien-business-1199x800.jpg 1199w, https:\/\/www.immobilienbusiness.ch\/wp-content\/uploads\/2016\/08\/Basel-Kanton-lockert-baurechtliche-Vorgaben-immobilien-business-920x614.jpg 920w\" sizes=\"auto, (max-width: 680px) 100vw, 680px\" \/><figcaption id=\"caption-attachment-3606\" class=\"wp-caption-text\">A B\u00e2le, on veut faciliter la sur\u00e9l\u00e9vation des combles (Photo : Pixabay)<\/figcaption><\/figure>\n<p>A l'avenir, selon un communiqu\u00e9 du canton de B\u00e2le-Ville, les combles existants ainsi que ceux des nouveaux b\u00e2timents \u00e0 construire devraient pouvoir \u00eatre am\u00e9nag\u00e9s en unit\u00e9s d'habitation ind\u00e9pendantes dans une plus large mesure.<\/p>\n<p>Concr\u00e8tement, il s'agit de faciliter l'acc\u00e8s aux combles par des cages d'escalier et des ascenseurs, et d'autoriser un deuxi\u00e8me niveau de combles (toit \u00e0 deux pans ou attique) m\u00eame sur des parcelles d\u00e9j\u00e0 surexploit\u00e9es. Les \"toits plats en friche\" au-dessus du premier attique doivent d\u00e9sormais pouvoir \u00eatre utilis\u00e9s comme terrasse, m\u00eame si la surface utile du toit plat d\u00e9passe la surface brute de plancher autoris\u00e9e pour les constructions et \u00e9l\u00e9ments de construction ouverts.<\/p>\n<p>En soumettant ce projet au Grand Conseil, le D\u00e9partement des constructions et des transports met partiellement en \u0153uvre une id\u00e9e qui avait d\u00e9j\u00e0 \u00e9t\u00e9 esquiss\u00e9e par les jeunes du PS en mai dernier. A l'\u00e9poque, les Jeunes socialistes avaient publi\u00e9 un document conceptuel de l'architecte Lukas Gruntz qui montrait, \u00e0 l'aide de l'exemple d'une maison de quatre \u00e9tages, comment la surface habitable actuelle de 220 pouvait \u00eatre augment\u00e9e de 140 m\u00b2 gr\u00e2ce \u00e0 une construction sur le toit. (ah)<\/p>\n<p>&nbsp;<\/p>","protected":false},"excerpt":{"rendered":"<p>Afin de rem\u00e9dier \u00e0 la p\u00e9nurie de logements \u00e0 B\u00e2le, le gouvernement veut assouplir les prescriptions en mati\u00e8re de construction et faciliter la sur\u00e9l\u00e9vation des combles. Pour ce faire, le Conseil d'Etat de la ville-canton propose au Grand Conseil d'adapter la loi sur la construction et l'am\u00e9nagement du territoire.<\/p>","protected":false},"author":1,"featured_media":3606,"comment_status":"open","ping_status":"open","sticky":false,"template":"","format":"standard","meta":{"_acf_changed":false,"_yoast_wpseo_focuskw":"Baurechtliche Vorgaben","_yoast_wpseo_title":"","_yoast_wpseo_metadesc":"Um der Wohnungsnot in Basel beizukommen, will die Regierung die baurechtliche Vorgaben lockern und eine Aufstockung von Dachgeschossen erleichtern.","_yoast_wpseo_linkdex":59,"pgc_sgb_lightbox_settings":"","footnotes":""},"categories":[986],"tags":[1069,1639,1862],"class_list":["post-3604","post","type-post","status-publish","format-standard","has-post-thumbnail","hentry","category-residential","tag-basel","tag-residential","tag-wohnen"],"acf":[],"yoast_head":"<!-- This site is optimized with the Yoast SEO plugin v27.5 - https:\/\/yoast.com\/product\/yoast-seo-wordpress\/ -->\n<title>Basel: Kanton lockert baurechtliche Vorgaben - IMMOBILIEN Business<\/title>\n<meta name=\"description\" content=\"Um der Wohnungsnot in Basel beizukommen, will die Regierung die baurechtliche Vorgaben lockern und eine Aufstockung von Dachgeschossen erleichtern.\" \/>\n<meta name=\"robots\" content=\"index, follow, max-snippet:-1, max-image-preview:large, max-video-preview:-1\" \/>\n<link rel=\"canonical\" href=\"https:\/\/www.immobilienbusiness.ch\/fr\/residential\/2016-08-19\/basel-kanton-lockert-baurechtliche-vorgaben\/\" \/>\n<meta property=\"og:locale\" content=\"fr_FR\" \/>\n<meta property=\"og:type\" content=\"article\" \/>\n<meta property=\"og:title\" content=\"Basel: Kanton lockert baurechtliche Vorgaben\" \/>\n<meta property=\"og:description\" content=\"Um der Wohnungsnot in Basel beizukommen, will die Regierung die baurechtlichen Vorschriften lockern und eine Aufstockung von Dachgeschossen erleichtern. Der Regierungsrat des Stadtkantons beantragt daf\u00fcr dem Grossen Rat eine Anpassung des Bau- und Planungsgesetzes.\" \/>\n<meta property=\"og:url\" content=\"https:\/\/www.immobilienbusiness.ch\/fr\/residential\/2016-08-19\/basel-kanton-lockert-baurechtliche-vorgaben\/\" \/>\n<meta property=\"og:site_name\" content=\"IMMOBILIEN Business\" \/>\n<meta property=\"article:publisher\" content=\"https:\/\/www.facebook.com\/immobilienbusiness\/\" \/>\n<meta property=\"article:published_time\" content=\"2016-08-19T07:30:03+00:00\" \/>\n<meta name=\"author\" content=\"Redaktion\" \/>\n<meta name=\"twitter:card\" content=\"summary_large_image\" \/>\n<meta name=\"twitter:image\" content=\"https:\/\/www.immobilienbusiness.ch\/wp-content\/uploads\/2016\/08\/Basel-Kanton-lockert-baurechtliche-Vorgaben-immobilien-business.jpg\" \/>\n<script type=\"application\/ld+json\" class=\"yoast-schema-graph\">{\"@context\":\"https:\\\/\\\/schema.org\",\"@graph\":[{\"@type\":\"Article\",\"@id\":\"https:\\\/\\\/www.immobilienbusiness.ch\\\/residential\\\/2016-08-19\\\/basel-kanton-lockert-baurechtliche-vorgaben\\\/#article\",\"isPartOf\":{\"@id\":\"https:\\\/\\\/www.immobilienbusiness.ch\\\/residential\\\/2016-08-19\\\/basel-kanton-lockert-baurechtliche-vorgaben\\\/\"},\"author\":{\"name\":\"Redaktion\",\"@id\":\"https:\\\/\\\/www.immobilienbusiness.ch\\\/#\\\/schema\\\/person\\\/aa2bace6c5c5aad60102004a50c4eb1c\"},\"headline\":\"Basel: Kanton lockert baurechtliche Vorgaben\",\"datePublished\":\"2016-08-19T07:30:03+00:00\",\"mainEntityOfPage\":{\"@id\":\"https:\\\/\\\/www.immobilienbusiness.ch\\\/residential\\\/2016-08-19\\\/basel-kanton-lockert-baurechtliche-vorgaben\\\/\"},\"wordCount\":184,\"commentCount\":0,\"publisher\":{\"@id\":\"https:\\\/\\\/www.immobilienbusiness.ch\\\/#organization\"},\"image\":{\"@id\":\"https:\\\/\\\/www.immobilienbusiness.ch\\\/residential\\\/2016-08-19\\\/basel-kanton-lockert-baurechtliche-vorgaben\\\/#primaryimage\"},\"thumbnailUrl\":\"https:\\\/\\\/www.immobilienbusiness.ch\\\/wp-content\\\/uploads\\\/2016\\\/08\\\/Basel-Kanton-lockert-baurechtliche-Vorgaben-immobilien-business.jpg\",\"keywords\":[\"Basel\",\"Residential\",\"Wohnen\"],\"articleSection\":[\"RESIDENTIAL\"],\"inLanguage\":\"fr-FR\"},{\"@type\":\"WebPage\",\"@id\":\"https:\\\/\\\/www.immobilienbusiness.ch\\\/residential\\\/2016-08-19\\\/basel-kanton-lockert-baurechtliche-vorgaben\\\/\",\"url\":\"https:\\\/\\\/www.immobilienbusiness.ch\\\/residential\\\/2016-08-19\\\/basel-kanton-lockert-baurechtliche-vorgaben\\\/\",\"name\":\"Basel: Kanton lockert baurechtliche Vorgaben - IMMOBILIEN Business\",\"isPartOf\":{\"@id\":\"https:\\\/\\\/www.immobilienbusiness.ch\\\/#website\"},\"primaryImageOfPage\":{\"@id\":\"https:\\\/\\\/www.immobilienbusiness.ch\\\/residential\\\/2016-08-19\\\/basel-kanton-lockert-baurechtliche-vorgaben\\\/#primaryimage\"},\"image\":{\"@id\":\"https:\\\/\\\/www.immobilienbusiness.ch\\\/residential\\\/2016-08-19\\\/basel-kanton-lockert-baurechtliche-vorgaben\\\/#primaryimage\"},\"thumbnailUrl\":\"https:\\\/\\\/www.immobilienbusiness.ch\\\/wp-content\\\/uploads\\\/2016\\\/08\\\/Basel-Kanton-lockert-baurechtliche-Vorgaben-immobilien-business.jpg\",\"datePublished\":\"2016-08-19T07:30:03+00:00\",\"description\":\"Um der Wohnungsnot in Basel beizukommen, will die Regierung die baurechtliche Vorgaben lockern und eine Aufstockung von Dachgeschossen erleichtern.\",\"breadcrumb\":{\"@id\":\"https:\\\/\\\/www.immobilienbusiness.ch\\\/residential\\\/2016-08-19\\\/basel-kanton-lockert-baurechtliche-vorgaben\\\/#breadcrumb\"},\"inLanguage\":\"fr-FR\",\"potentialAction\":[{\"@type\":\"ReadAction\",\"target\":[\"https:\\\/\\\/www.immobilienbusiness.ch\\\/residential\\\/2016-08-19\\\/basel-kanton-lockert-baurechtliche-vorgaben\\\/\"]}]},{\"@type\":\"ImageObject\",\"inLanguage\":\"fr-FR\",\"@id\":\"https:\\\/\\\/www.immobilienbusiness.ch\\\/residential\\\/2016-08-19\\\/basel-kanton-lockert-baurechtliche-vorgaben\\\/#primaryimage\",\"url\":\"https:\\\/\\\/www.immobilienbusiness.ch\\\/wp-content\\\/uploads\\\/2016\\\/08\\\/Basel-Kanton-lockert-baurechtliche-Vorgaben-immobilien-business.jpg\",\"contentUrl\":\"https:\\\/\\\/www.immobilienbusiness.ch\\\/wp-content\\\/uploads\\\/2016\\\/08\\\/Basel-Kanton-lockert-baurechtliche-Vorgaben-immobilien-business.jpg\",\"width\":1280,\"height\":854,\"caption\":\"In Basel will man die Aufstockung von Dachgeschossen erleichtern (Foto: Pixabay)\"},{\"@type\":\"BreadcrumbList\",\"@id\":\"https:\\\/\\\/www.immobilienbusiness.ch\\\/residential\\\/2016-08-19\\\/basel-kanton-lockert-baurechtliche-vorgaben\\\/#breadcrumb\",\"itemListElement\":[{\"@type\":\"ListItem\",\"position\":1,\"name\":\"Home\",\"item\":\"https:\\\/\\\/www.immobilienbusiness.ch\\\/\"},{\"@type\":\"ListItem\",\"position\":2,\"name\":\"Basel: Kanton lockert baurechtliche Vorgaben\"}]},{\"@type\":\"WebSite\",\"@id\":\"https:\\\/\\\/www.immobilienbusiness.ch\\\/#website\",\"url\":\"https:\\\/\\\/www.immobilienbusiness.ch\\\/\",\"name\":\"IMMOBILIEN Business\",\"description\":\"Unabh\u00e4ngiges Schweizer Wirtschaftsmagazin mit Fokus auf Immobilien, Architektur- und Bau sowie Investment- und Finanzierung.\",\"publisher\":{\"@id\":\"https:\\\/\\\/www.immobilienbusiness.ch\\\/#organization\"},\"potentialAction\":[{\"@type\":\"SearchAction\",\"target\":{\"@type\":\"EntryPoint\",\"urlTemplate\":\"https:\\\/\\\/www.immobilienbusiness.ch\\\/?s={search_term_string}\"},\"query-input\":{\"@type\":\"PropertyValueSpecification\",\"valueRequired\":true,\"valueName\":\"search_term_string\"}}],\"inLanguage\":\"fr-FR\"},{\"@type\":\"Organization\",\"@id\":\"https:\\\/\\\/www.immobilienbusiness.ch\\\/#organization\",\"name\":\"IMMOBILIEN Business\",\"url\":\"https:\\\/\\\/www.immobilienbusiness.ch\\\/\",\"logo\":{\"@type\":\"ImageObject\",\"inLanguage\":\"fr-FR\",\"@id\":\"https:\\\/\\\/www.immobilienbusiness.ch\\\/#\\\/schema\\\/logo\\\/image\\\/\",\"url\":\"https:\\\/\\\/www.immobilienbusiness.ch\\\/wp-content\\\/uploads\\\/2021\\\/07\\\/logo_ib.png\",\"contentUrl\":\"https:\\\/\\\/www.immobilienbusiness.ch\\\/wp-content\\\/uploads\\\/2021\\\/07\\\/logo_ib.png\",\"width\":800,\"height\":181,\"caption\":\"IMMOBILIEN Business\"},\"image\":{\"@id\":\"https:\\\/\\\/www.immobilienbusiness.ch\\\/#\\\/schema\\\/logo\\\/image\\\/\"},\"sameAs\":[\"https:\\\/\\\/www.facebook.com\\\/immobilienbusiness\\\/\"]},{\"@type\":\"Person\",\"@id\":\"https:\\\/\\\/www.immobilienbusiness.ch\\\/#\\\/schema\\\/person\\\/aa2bace6c5c5aad60102004a50c4eb1c\",\"name\":\"Redaktion\",\"image\":{\"@type\":\"ImageObject\",\"inLanguage\":\"fr-FR\",\"@id\":\"https:\\\/\\\/secure.gravatar.com\\\/avatar\\\/ae2f4d718e6c49043e314ce431e7e645d646302a24a5ef5a8bc8e3f5a032e319?s=96&d=mm&r=g\",\"url\":\"https:\\\/\\\/secure.gravatar.com\\\/avatar\\\/ae2f4d718e6c49043e314ce431e7e645d646302a24a5ef5a8bc8e3f5a032e319?s=96&d=mm&r=g\",\"contentUrl\":\"https:\\\/\\\/secure.gravatar.com\\\/avatar\\\/ae2f4d718e6c49043e314ce431e7e645d646302a24a5ef5a8bc8e3f5a032e319?s=96&d=mm&r=g\",\"caption\":\"Redaktion\"},\"sameAs\":[\"http:\\\/\\\/develop.organisator.galledia.ch\"],\"url\":\"https:\\\/\\\/www.immobilienbusiness.ch\\\/fr\\\/author\\\/admin\\\/\"}]}<\/script>\n<!-- \/ Yoast SEO plugin. -->","yoast_head_json":{"title":"Basel: Kanton lockert baurechtliche Vorgaben - IMMOBILIEN Business","description":"Um der Wohnungsnot in Basel beizukommen, will die Regierung die baurechtliche Vorgaben lockern und eine Aufstockung von Dachgeschossen erleichtern.","robots":{"index":"index","follow":"follow","max-snippet":"max-snippet:-1","max-image-preview":"max-image-preview:large","max-video-preview":"max-video-preview:-1"},"canonical":"https:\/\/www.immobilienbusiness.ch\/fr\/residential\/2016-08-19\/basel-kanton-lockert-baurechtliche-vorgaben\/","og_locale":"fr_FR","og_type":"article","og_title":"Basel: Kanton lockert baurechtliche Vorgaben","og_description":"Um der Wohnungsnot in Basel beizukommen, will die Regierung die baurechtlichen Vorschriften lockern und eine Aufstockung von Dachgeschossen erleichtern. Der Regierungsrat des Stadtkantons beantragt daf\u00fcr dem Grossen Rat eine Anpassung des Bau- und Planungsgesetzes.","og_url":"https:\/\/www.immobilienbusiness.ch\/fr\/residential\/2016-08-19\/basel-kanton-lockert-baurechtliche-vorgaben\/","og_site_name":"IMMOBILIEN Business","article_publisher":"https:\/\/www.facebook.com\/immobilienbusiness\/","article_published_time":"2016-08-19T07:30:03+00:00","author":"Redaktion","twitter_card":"summary_large_image","twitter_image":"https:\/\/www.immobilienbusiness.ch\/wp-content\/uploads\/2016\/08\/Basel-Kanton-lockert-baurechtliche-Vorgaben-immobilien-business.jpg","schema":{"@context":"https:\/\/schema.org","@graph":[{"@type":"Article","@id":"https:\/\/www.immobilienbusiness.ch\/residential\/2016-08-19\/basel-kanton-lockert-baurechtliche-vorgaben\/#article","isPartOf":{"@id":"https:\/\/www.immobilienbusiness.ch\/residential\/2016-08-19\/basel-kanton-lockert-baurechtliche-vorgaben\/"},"author":{"name":"Redaktion","@id":"https:\/\/www.immobilienbusiness.ch\/#\/schema\/person\/aa2bace6c5c5aad60102004a50c4eb1c"},"headline":"Basel: Kanton lockert baurechtliche Vorgaben","datePublished":"2016-08-19T07:30:03+00:00","mainEntityOfPage":{"@id":"https:\/\/www.immobilienbusiness.ch\/residential\/2016-08-19\/basel-kanton-lockert-baurechtliche-vorgaben\/"},"wordCount":184,"commentCount":0,"publisher":{"@id":"https:\/\/www.immobilienbusiness.ch\/#organization"},"image":{"@id":"https:\/\/www.immobilienbusiness.ch\/residential\/2016-08-19\/basel-kanton-lockert-baurechtliche-vorgaben\/#primaryimage"},"thumbnailUrl":"https:\/\/www.immobilienbusiness.ch\/wp-content\/uploads\/2016\/08\/Basel-Kanton-lockert-baurechtliche-Vorgaben-immobilien-business.jpg","keywords":["Basel","Residential","Wohnen"],"articleSection":["RESIDENTIAL"],"inLanguage":"fr-FR"},{"@type":"WebPage","@id":"https:\/\/www.immobilienbusiness.ch\/residential\/2016-08-19\/basel-kanton-lockert-baurechtliche-vorgaben\/","url":"https:\/\/www.immobilienbusiness.ch\/residential\/2016-08-19\/basel-kanton-lockert-baurechtliche-vorgaben\/","name":"Basel: Kanton lockert baurechtliche Vorgaben - IMMOBILIEN Business","isPartOf":{"@id":"https:\/\/www.immobilienbusiness.ch\/#website"},"primaryImageOfPage":{"@id":"https:\/\/www.immobilienbusiness.ch\/residential\/2016-08-19\/basel-kanton-lockert-baurechtliche-vorgaben\/#primaryimage"},"image":{"@id":"https:\/\/www.immobilienbusiness.ch\/residential\/2016-08-19\/basel-kanton-lockert-baurechtliche-vorgaben\/#primaryimage"},"thumbnailUrl":"https:\/\/www.immobilienbusiness.ch\/wp-content\/uploads\/2016\/08\/Basel-Kanton-lockert-baurechtliche-Vorgaben-immobilien-business.jpg","datePublished":"2016-08-19T07:30:03+00:00","description":"Um der Wohnungsnot in Basel beizukommen, will die Regierung die baurechtliche Vorgaben lockern und eine Aufstockung von Dachgeschossen erleichtern.","breadcrumb":{"@id":"https:\/\/www.immobilienbusiness.ch\/residential\/2016-08-19\/basel-kanton-lockert-baurechtliche-vorgaben\/#breadcrumb"},"inLanguage":"fr-FR","potentialAction":[{"@type":"ReadAction","target":["https:\/\/www.immobilienbusiness.ch\/residential\/2016-08-19\/basel-kanton-lockert-baurechtliche-vorgaben\/"]}]},{"@type":"ImageObject","inLanguage":"fr-FR","@id":"https:\/\/www.immobilienbusiness.ch\/residential\/2016-08-19\/basel-kanton-lockert-baurechtliche-vorgaben\/#primaryimage","url":"https:\/\/www.immobilienbusiness.ch\/wp-content\/uploads\/2016\/08\/Basel-Kanton-lockert-baurechtliche-Vorgaben-immobilien-business.jpg","contentUrl":"https:\/\/www.immobilienbusiness.ch\/wp-content\/uploads\/2016\/08\/Basel-Kanton-lockert-baurechtliche-Vorgaben-immobilien-business.jpg","width":1280,"height":854,"caption":"In Basel will man die Aufstockung von Dachgeschossen erleichtern (Foto: Pixabay)"},{"@type":"BreadcrumbList","@id":"https:\/\/www.immobilienbusiness.ch\/residential\/2016-08-19\/basel-kanton-lockert-baurechtliche-vorgaben\/#breadcrumb","itemListElement":[{"@type":"ListItem","position":1,"name":"Home","item":"https:\/\/www.immobilienbusiness.ch\/"},{"@type":"ListItem","position":2,"name":"Basel: Kanton lockert baurechtliche Vorgaben"}]},{"@type":"WebSite","@id":"https:\/\/www.immobilienbusiness.ch\/#website","url":"https:\/\/www.immobilienbusiness.ch\/","name":"IMMOBILIER Business","description":"Magazine \u00e9conomique suisse ind\u00e9pendant ax\u00e9 sur l'immobilier, l'architecture et la construction ainsi que sur les investissements et le financement.","publisher":{"@id":"https:\/\/www.immobilienbusiness.ch\/#organization"},"potentialAction":[{"@type":"SearchAction","target":{"@type":"EntryPoint","urlTemplate":"https:\/\/www.immobilienbusiness.ch\/?s={search_term_string}"},"query-input":{"@type":"PropertyValueSpecification","valueRequired":true,"valueName":"search_term_string"}}],"inLanguage":"fr-FR"},{"@type":"Organization","@id":"https:\/\/www.immobilienbusiness.ch\/#organization","name":"IMMOBILIER Business","url":"https:\/\/www.immobilienbusiness.ch\/","logo":{"@type":"ImageObject","inLanguage":"fr-FR","@id":"https:\/\/www.immobilienbusiness.ch\/#\/schema\/logo\/image\/","url":"https:\/\/www.immobilienbusiness.ch\/wp-content\/uploads\/2021\/07\/logo_ib.png","contentUrl":"https:\/\/www.immobilienbusiness.ch\/wp-content\/uploads\/2021\/07\/logo_ib.png","width":800,"height":181,"caption":"IMMOBILIEN Business"},"image":{"@id":"https:\/\/www.immobilienbusiness.ch\/#\/schema\/logo\/image\/"},"sameAs":["https:\/\/www.facebook.com\/immobilienbusiness\/"]},{"@type":"Person","@id":"https:\/\/www.immobilienbusiness.ch\/#\/schema\/person\/aa2bace6c5c5aad60102004a50c4eb1c","name":"Editorial","image":{"@type":"ImageObject","inLanguage":"fr-FR","@id":"https:\/\/secure.gravatar.com\/avatar\/ae2f4d718e6c49043e314ce431e7e645d646302a24a5ef5a8bc8e3f5a032e319?s=96&d=mm&r=g","url":"https:\/\/secure.gravatar.com\/avatar\/ae2f4d718e6c49043e314ce431e7e645d646302a24a5ef5a8bc8e3f5a032e319?s=96&d=mm&r=g","contentUrl":"https:\/\/secure.gravatar.com\/avatar\/ae2f4d718e6c49043e314ce431e7e645d646302a24a5ef5a8bc8e3f5a032e319?s=96&d=mm&r=g","caption":"Redaktion"},"sameAs":["http:\/\/develop.organisator.galledia.ch"],"url":"https:\/\/www.immobilienbusiness.ch\/fr\/author\/admin\/"}]}},"_links":{"self":[{"href":"https:\/\/www.immobilienbusiness.ch\/fr\/wp-json\/wp\/v2\/posts\/3604","targetHints":{"allow":["GET"]}}],"collection":[{"href":"https:\/\/www.immobilienbusiness.ch\/fr\/wp-json\/wp\/v2\/posts"}],"about":[{"href":"https:\/\/www.immobilienbusiness.ch\/fr\/wp-json\/wp\/v2\/types\/post"}],"author":[{"embeddable":true,"href":"https:\/\/www.immobilienbusiness.ch\/fr\/wp-json\/wp\/v2\/users\/1"}],"replies":[{"embeddable":true,"href":"https:\/\/www.immobilienbusiness.ch\/fr\/wp-json\/wp\/v2\/comments?post=3604"}],"version-history":[{"count":0,"href":"https:\/\/www.immobilienbusiness.ch\/fr\/wp-json\/wp\/v2\/posts\/3604\/revisions"}],"wp:featuredmedia":[{"embeddable":true,"href":"https:\/\/www.immobilienbusiness.ch\/fr\/wp-json\/wp\/v2\/media\/3606"}],"wp:attachment":[{"href":"https:\/\/www.immobilienbusiness.ch\/fr\/wp-json\/wp\/v2\/media?parent=3604"}],"wp:term":[{"taxonomy":"category","embeddable":true,"href":"https:\/\/www.immobilienbusiness.ch\/fr\/wp-json\/wp\/v2\/categories?post=3604"},{"taxonomy":"post_tag","embeddable":true,"href":"https:\/\/www.immobilienbusiness.ch\/fr\/wp-json\/wp\/v2\/tags?post=3604"}],"curies":[{"name":"wp","href":"https:\/\/api.w.org\/{rel}","templated":true}]}}