{"id":3551,"date":"2016-08-17T08:41:14","date_gmt":"2016-08-17T06:41:14","guid":{"rendered":"http:\/\/dev.immobilienbusiness.ch\/?p=3551"},"modified":"2016-08-17T08:41:14","modified_gmt":"2016-08-17T06:41:14","slug":"chur-stadt-verhaengt-planungszone-am-bahnhof","status":"publish","type":"post","link":"https:\/\/www.immobilienbusiness.ch\/fr\/retail\/2016-08-17\/chur-stadt-verhaengt-planungszone-am-bahnhof\/","title":{"rendered":"Coire : la ville impose une zone de planification \u00e0 la gare ferroviaire"},"content":{"rendered":"<figure id=\"attachment_3552\" aria-describedby=\"caption-attachment-3552\" style=\"width: 680px\" class=\"wp-caption alignnone\"><img loading=\"lazy\" decoding=\"async\" class=\"size-medium wp-image-3552\" src=\"https:\/\/immobilienbusiness.ch\/wp-content\/uploads\/2016\/12\/Chur-Stadt-verh\u00e4ngt-Planungszone-am-Bahnhof-immobilien-business.jpg\" alt=\"Die Churer Stadtregierung verh\u00e4ngt die Planungszone am Bahnhof (Foto: Pixabay)\" width=\"680\" height=\"510\" \/><figcaption id=\"caption-attachment-3552\" class=\"wp-caption-text\">Le gouvernement de la ville de Coire impose une zone de planification \u00e0 la gare (photo : Pixabay)<\/figcaption><\/figure>\n<p>Axa Winterthur, propri\u00e9taire de l'immeuble situ\u00e9 directement \u00e0 la gare de Coire, voulait initialement d\u00e9molir le b\u00e2timent et le remplacer par deux nouvelles constructions. <a href=\"https:\/\/www.immobilienbusiness.ch\/fr\/chur-globus-gebaeude-wird-saniert\/\" target=\"_blank\" rel=\"noreferrer noopener\" data-cke-saved-href=\"https:\/\/immobilien-business.hamster.ch\/chur-globus-gebaeude-wird-saniert\">Mais d\u00e9but juillet, l'assureur a fait savoir que les n\u00e9gociations avec les voisins sur le projet avaient \u00e9chou\u00e9 et qu'il pr\u00e9voyait donc une r\u00e9novation totale de l'ancien grand magasin.<\/a> En septembre, Axa Winterthur a voulu demander une autorisation de construire \u00e0 cet effet.<\/p>\n<p>Le gouvernement de la ville de Coire souhaite cependant une nouvelle construction \u00e0 l'entr\u00e9e de la ville ; il avait d\u00e9j\u00e0 annonc\u00e9 \u00e0 la mi-juillet qu'une zone de planification serait impos\u00e9e \u00e0 la gare si aucune solution n'\u00e9tait trouv\u00e9e. L'ensemble du conseil municipal s'est maintenant prononc\u00e9 en faveur d'une zone de planification. Tous les projets de construction sont ainsi provisoirement suspendus. Comme le maire Urs Marti l'a expliqu\u00e9 \u00e0 <em>Radio SRF<\/em> a d\u00e9clar\u00e9 que les parties en conflit avaient entre-temps repris les discussions. (ah)<\/p>","protected":false},"excerpt":{"rendered":"<p>Comme elle l'avait annonc\u00e9, la ville de Coire a d\u00e9cr\u00e9t\u00e9 une zone de planification \u00e0 la gare. Le litige concernant la r\u00e9novation de l'ancien b\u00e2timent Globus est \u00e0 l'origine de cette d\u00e9cision.<\/p>","protected":false},"author":1,"featured_media":3552,"comment_status":"open","ping_status":"open","sticky":false,"template":"","format":"standard","meta":{"_acf_changed":false,"_yoast_wpseo_focuskw":"Planungszone am Bahnhof","_yoast_wpseo_title":"","_yoast_wpseo_metadesc":"Die Stadt Chur hat, wie angek\u00fcndigt, die Planungszone am Bahnhof verh\u00e4ngt. Hintergrund ist der Streit um die Sanierung des ehemaligen Globus-Geb\u00e4ude.","_yoast_wpseo_linkdex":67,"pgc_sgb_lightbox_settings":"","footnotes":""},"categories":[987],"tags":[1546,1601,1643],"class_list":["post-3551","post","type-post","status-publish","format-standard","has-post-thumbnail","hentry","category-retail","tag-ost-schweiz","tag-projektentwicklung","tag-retail"],"acf":[],"yoast_head":"<!-- This site is optimized with the Yoast SEO plugin v27.5 - https:\/\/yoast.com\/product\/yoast-seo-wordpress\/ -->\n<title>Chur: Stadt verh\u00e4ngt Planungszone am Bahnhof - IMMOBILIEN Business<\/title>\n<meta name=\"description\" content=\"Die Stadt Chur hat, wie angek\u00fcndigt, die Planungszone am Bahnhof verh\u00e4ngt. Hintergrund ist der Streit um die Sanierung des ehemaligen Globus-Geb\u00e4ude.\" \/>\n<meta name=\"robots\" content=\"index, follow, max-snippet:-1, max-image-preview:large, max-video-preview:-1\" \/>\n<link rel=\"canonical\" href=\"https:\/\/www.immobilienbusiness.ch\/fr\/retail\/2016-08-17\/chur-stadt-verhaengt-planungszone-am-bahnhof\/\" \/>\n<meta property=\"og:locale\" content=\"fr_FR\" \/>\n<meta property=\"og:type\" content=\"article\" \/>\n<meta property=\"og:title\" content=\"Chur: Stadt verh\u00e4ngt Planungszone am Bahnhof\" \/>\n<meta property=\"og:description\" content=\"Die Stadt Chur hat, wie angek\u00fcndigt, die Planungszone am Bahnhof verh\u00e4ngt. Hintergrund ist der Streit um die Sanierung des ehemaligen Globus-Geb\u00e4ude.\" \/>\n<meta property=\"og:url\" content=\"https:\/\/www.immobilienbusiness.ch\/fr\/retail\/2016-08-17\/chur-stadt-verhaengt-planungszone-am-bahnhof\/\" \/>\n<meta property=\"og:site_name\" content=\"IMMOBILIEN Business\" \/>\n<meta property=\"article:publisher\" content=\"https:\/\/www.facebook.com\/immobilienbusiness\/\" \/>\n<meta property=\"article:published_time\" content=\"2016-08-17T06:41:14+00:00\" \/>\n<meta name=\"author\" content=\"Redaktion\" \/>\n<meta name=\"twitter:card\" content=\"summary_large_image\" \/>\n<meta name=\"twitter:image\" content=\"https:\/\/www.immobilienbusiness.ch\/wp-content\/uploads\/2016\/12\/Chur-Stadt-verhaengt-Planungszone-am-Bahnhof-immobilien-business.jpg\" \/>\n<script type=\"application\/ld+json\" class=\"yoast-schema-graph\">{\"@context\":\"https:\\\/\\\/schema.org\",\"@graph\":[{\"@type\":\"Article\",\"@id\":\"https:\\\/\\\/www.immobilienbusiness.ch\\\/retail\\\/2016-08-17\\\/chur-stadt-verhaengt-planungszone-am-bahnhof\\\/#article\",\"isPartOf\":{\"@id\":\"https:\\\/\\\/www.immobilienbusiness.ch\\\/retail\\\/2016-08-17\\\/chur-stadt-verhaengt-planungszone-am-bahnhof\\\/\"},\"author\":{\"name\":\"Redaktion\",\"@id\":\"https:\\\/\\\/www.immobilienbusiness.ch\\\/#\\\/schema\\\/person\\\/aa2bace6c5c5aad60102004a50c4eb1c\"},\"headline\":\"Chur: Stadt verh\u00e4ngt Planungszone am Bahnhof\",\"datePublished\":\"2016-08-17T06:41:14+00:00\",\"mainEntityOfPage\":{\"@id\":\"https:\\\/\\\/www.immobilienbusiness.ch\\\/retail\\\/2016-08-17\\\/chur-stadt-verhaengt-planungszone-am-bahnhof\\\/\"},\"wordCount\":159,\"commentCount\":0,\"publisher\":{\"@id\":\"https:\\\/\\\/www.immobilienbusiness.ch\\\/#organization\"},\"image\":{\"@id\":\"https:\\\/\\\/www.immobilienbusiness.ch\\\/retail\\\/2016-08-17\\\/chur-stadt-verhaengt-planungszone-am-bahnhof\\\/#primaryimage\"},\"thumbnailUrl\":\"https:\\\/\\\/www.immobilienbusiness.ch\\\/wp-content\\\/uploads\\\/2016\\\/12\\\/Chur-Stadt-verhaengt-Planungszone-am-Bahnhof-immobilien-business.jpg\",\"keywords\":[\"Ost-Schweiz\",\"Projektentwicklung\",\"Retail\"],\"articleSection\":[\"RETAIL\"],\"inLanguage\":\"fr-FR\"},{\"@type\":\"WebPage\",\"@id\":\"https:\\\/\\\/www.immobilienbusiness.ch\\\/retail\\\/2016-08-17\\\/chur-stadt-verhaengt-planungszone-am-bahnhof\\\/\",\"url\":\"https:\\\/\\\/www.immobilienbusiness.ch\\\/retail\\\/2016-08-17\\\/chur-stadt-verhaengt-planungszone-am-bahnhof\\\/\",\"name\":\"Chur: Stadt verh\u00e4ngt Planungszone am Bahnhof - IMMOBILIEN Business\",\"isPartOf\":{\"@id\":\"https:\\\/\\\/www.immobilienbusiness.ch\\\/#website\"},\"primaryImageOfPage\":{\"@id\":\"https:\\\/\\\/www.immobilienbusiness.ch\\\/retail\\\/2016-08-17\\\/chur-stadt-verhaengt-planungszone-am-bahnhof\\\/#primaryimage\"},\"image\":{\"@id\":\"https:\\\/\\\/www.immobilienbusiness.ch\\\/retail\\\/2016-08-17\\\/chur-stadt-verhaengt-planungszone-am-bahnhof\\\/#primaryimage\"},\"thumbnailUrl\":\"https:\\\/\\\/www.immobilienbusiness.ch\\\/wp-content\\\/uploads\\\/2016\\\/12\\\/Chur-Stadt-verhaengt-Planungszone-am-Bahnhof-immobilien-business.jpg\",\"datePublished\":\"2016-08-17T06:41:14+00:00\",\"description\":\"Die Stadt Chur hat, wie angek\u00fcndigt, die Planungszone am Bahnhof verh\u00e4ngt. Hintergrund ist der Streit um die Sanierung des ehemaligen Globus-Geb\u00e4ude.\",\"breadcrumb\":{\"@id\":\"https:\\\/\\\/www.immobilienbusiness.ch\\\/retail\\\/2016-08-17\\\/chur-stadt-verhaengt-planungszone-am-bahnhof\\\/#breadcrumb\"},\"inLanguage\":\"fr-FR\",\"potentialAction\":[{\"@type\":\"ReadAction\",\"target\":[\"https:\\\/\\\/www.immobilienbusiness.ch\\\/retail\\\/2016-08-17\\\/chur-stadt-verhaengt-planungszone-am-bahnhof\\\/\"]}]},{\"@type\":\"ImageObject\",\"inLanguage\":\"fr-FR\",\"@id\":\"https:\\\/\\\/www.immobilienbusiness.ch\\\/retail\\\/2016-08-17\\\/chur-stadt-verhaengt-planungszone-am-bahnhof\\\/#primaryimage\",\"url\":\"https:\\\/\\\/www.immobilienbusiness.ch\\\/wp-content\\\/uploads\\\/2016\\\/12\\\/Chur-Stadt-verhaengt-Planungszone-am-Bahnhof-immobilien-business.jpg\",\"contentUrl\":\"https:\\\/\\\/www.immobilienbusiness.ch\\\/wp-content\\\/uploads\\\/2016\\\/12\\\/Chur-Stadt-verhaengt-Planungszone-am-Bahnhof-immobilien-business.jpg\",\"width\":1280,\"height\":960,\"caption\":\"Die Churer Stadtregierung verh\u00e4ngt die Planungszone am Bahnhof (Foto: Pixabay)\"},{\"@type\":\"BreadcrumbList\",\"@id\":\"https:\\\/\\\/www.immobilienbusiness.ch\\\/retail\\\/2016-08-17\\\/chur-stadt-verhaengt-planungszone-am-bahnhof\\\/#breadcrumb\",\"itemListElement\":[{\"@type\":\"ListItem\",\"position\":1,\"name\":\"Home\",\"item\":\"https:\\\/\\\/www.immobilienbusiness.ch\\\/\"},{\"@type\":\"ListItem\",\"position\":2,\"name\":\"Chur: Stadt verh\u00e4ngt Planungszone am Bahnhof\"}]},{\"@type\":\"WebSite\",\"@id\":\"https:\\\/\\\/www.immobilienbusiness.ch\\\/#website\",\"url\":\"https:\\\/\\\/www.immobilienbusiness.ch\\\/\",\"name\":\"IMMOBILIEN Business\",\"description\":\"Unabh\u00e4ngiges Schweizer Wirtschaftsmagazin mit Fokus auf Immobilien, Architektur- und Bau sowie Investment- und Finanzierung.\",\"publisher\":{\"@id\":\"https:\\\/\\\/www.immobilienbusiness.ch\\\/#organization\"},\"potentialAction\":[{\"@type\":\"SearchAction\",\"target\":{\"@type\":\"EntryPoint\",\"urlTemplate\":\"https:\\\/\\\/www.immobilienbusiness.ch\\\/?s={search_term_string}\"},\"query-input\":{\"@type\":\"PropertyValueSpecification\",\"valueRequired\":true,\"valueName\":\"search_term_string\"}}],\"inLanguage\":\"fr-FR\"},{\"@type\":\"Organization\",\"@id\":\"https:\\\/\\\/www.immobilienbusiness.ch\\\/#organization\",\"name\":\"IMMOBILIEN Business\",\"url\":\"https:\\\/\\\/www.immobilienbusiness.ch\\\/\",\"logo\":{\"@type\":\"ImageObject\",\"inLanguage\":\"fr-FR\",\"@id\":\"https:\\\/\\\/www.immobilienbusiness.ch\\\/#\\\/schema\\\/logo\\\/image\\\/\",\"url\":\"https:\\\/\\\/www.immobilienbusiness.ch\\\/wp-content\\\/uploads\\\/2021\\\/07\\\/logo_ib.png\",\"contentUrl\":\"https:\\\/\\\/www.immobilienbusiness.ch\\\/wp-content\\\/uploads\\\/2021\\\/07\\\/logo_ib.png\",\"width\":800,\"height\":181,\"caption\":\"IMMOBILIEN Business\"},\"image\":{\"@id\":\"https:\\\/\\\/www.immobilienbusiness.ch\\\/#\\\/schema\\\/logo\\\/image\\\/\"},\"sameAs\":[\"https:\\\/\\\/www.facebook.com\\\/immobilienbusiness\\\/\"]},{\"@type\":\"Person\",\"@id\":\"https:\\\/\\\/www.immobilienbusiness.ch\\\/#\\\/schema\\\/person\\\/aa2bace6c5c5aad60102004a50c4eb1c\",\"name\":\"Redaktion\",\"image\":{\"@type\":\"ImageObject\",\"inLanguage\":\"fr-FR\",\"@id\":\"https:\\\/\\\/secure.gravatar.com\\\/avatar\\\/ae2f4d718e6c49043e314ce431e7e645d646302a24a5ef5a8bc8e3f5a032e319?s=96&d=mm&r=g\",\"url\":\"https:\\\/\\\/secure.gravatar.com\\\/avatar\\\/ae2f4d718e6c49043e314ce431e7e645d646302a24a5ef5a8bc8e3f5a032e319?s=96&d=mm&r=g\",\"contentUrl\":\"https:\\\/\\\/secure.gravatar.com\\\/avatar\\\/ae2f4d718e6c49043e314ce431e7e645d646302a24a5ef5a8bc8e3f5a032e319?s=96&d=mm&r=g\",\"caption\":\"Redaktion\"},\"sameAs\":[\"http:\\\/\\\/develop.organisator.galledia.ch\"],\"url\":\"https:\\\/\\\/www.immobilienbusiness.ch\\\/fr\\\/author\\\/admin\\\/\"}]}<\/script>\n<!-- \/ Yoast SEO plugin. -->","yoast_head_json":{"title":"Chur: Stadt verh\u00e4ngt Planungszone am Bahnhof - IMMOBILIEN Business","description":"Comme elle l'avait annonc\u00e9, la ville de Coire a d\u00e9cr\u00e9t\u00e9 une zone de planification \u00e0 la gare. Le litige concernant la r\u00e9novation de l'ancien b\u00e2timent Globus est \u00e0 l'origine de cette d\u00e9cision.","robots":{"index":"index","follow":"follow","max-snippet":"max-snippet:-1","max-image-preview":"max-image-preview:large","max-video-preview":"max-video-preview:-1"},"canonical":"https:\/\/www.immobilienbusiness.ch\/fr\/retail\/2016-08-17\/chur-stadt-verhaengt-planungszone-am-bahnhof\/","og_locale":"fr_FR","og_type":"article","og_title":"Chur: Stadt verh\u00e4ngt Planungszone am Bahnhof","og_description":"Die Stadt Chur hat, wie angek\u00fcndigt, die Planungszone am Bahnhof verh\u00e4ngt. Hintergrund ist der Streit um die Sanierung des ehemaligen Globus-Geb\u00e4ude.","og_url":"https:\/\/www.immobilienbusiness.ch\/fr\/retail\/2016-08-17\/chur-stadt-verhaengt-planungszone-am-bahnhof\/","og_site_name":"IMMOBILIEN Business","article_publisher":"https:\/\/www.facebook.com\/immobilienbusiness\/","article_published_time":"2016-08-17T06:41:14+00:00","author":"Redaktion","twitter_card":"summary_large_image","twitter_image":"https:\/\/www.immobilienbusiness.ch\/wp-content\/uploads\/2016\/12\/Chur-Stadt-verhaengt-Planungszone-am-Bahnhof-immobilien-business.jpg","schema":{"@context":"https:\/\/schema.org","@graph":[{"@type":"Article","@id":"https:\/\/www.immobilienbusiness.ch\/retail\/2016-08-17\/chur-stadt-verhaengt-planungszone-am-bahnhof\/#article","isPartOf":{"@id":"https:\/\/www.immobilienbusiness.ch\/retail\/2016-08-17\/chur-stadt-verhaengt-planungszone-am-bahnhof\/"},"author":{"name":"Redaktion","@id":"https:\/\/www.immobilienbusiness.ch\/#\/schema\/person\/aa2bace6c5c5aad60102004a50c4eb1c"},"headline":"Chur: Stadt verh\u00e4ngt Planungszone am Bahnhof","datePublished":"2016-08-17T06:41:14+00:00","mainEntityOfPage":{"@id":"https:\/\/www.immobilienbusiness.ch\/retail\/2016-08-17\/chur-stadt-verhaengt-planungszone-am-bahnhof\/"},"wordCount":159,"commentCount":0,"publisher":{"@id":"https:\/\/www.immobilienbusiness.ch\/#organization"},"image":{"@id":"https:\/\/www.immobilienbusiness.ch\/retail\/2016-08-17\/chur-stadt-verhaengt-planungszone-am-bahnhof\/#primaryimage"},"thumbnailUrl":"https:\/\/www.immobilienbusiness.ch\/wp-content\/uploads\/2016\/12\/Chur-Stadt-verhaengt-Planungszone-am-Bahnhof-immobilien-business.jpg","keywords":["Ost-Schweiz","Projektentwicklung","Retail"],"articleSection":["RETAIL"],"inLanguage":"fr-FR"},{"@type":"WebPage","@id":"https:\/\/www.immobilienbusiness.ch\/retail\/2016-08-17\/chur-stadt-verhaengt-planungszone-am-bahnhof\/","url":"https:\/\/www.immobilienbusiness.ch\/retail\/2016-08-17\/chur-stadt-verhaengt-planungszone-am-bahnhof\/","name":"Chur: Stadt verh\u00e4ngt Planungszone am Bahnhof - IMMOBILIEN Business","isPartOf":{"@id":"https:\/\/www.immobilienbusiness.ch\/#website"},"primaryImageOfPage":{"@id":"https:\/\/www.immobilienbusiness.ch\/retail\/2016-08-17\/chur-stadt-verhaengt-planungszone-am-bahnhof\/#primaryimage"},"image":{"@id":"https:\/\/www.immobilienbusiness.ch\/retail\/2016-08-17\/chur-stadt-verhaengt-planungszone-am-bahnhof\/#primaryimage"},"thumbnailUrl":"https:\/\/www.immobilienbusiness.ch\/wp-content\/uploads\/2016\/12\/Chur-Stadt-verhaengt-Planungszone-am-Bahnhof-immobilien-business.jpg","datePublished":"2016-08-17T06:41:14+00:00","description":"Comme elle l'avait annonc\u00e9, la ville de Coire a d\u00e9cr\u00e9t\u00e9 une zone de planification \u00e0 la gare. Le litige concernant la r\u00e9novation de l'ancien b\u00e2timent Globus est \u00e0 l'origine de cette d\u00e9cision.","breadcrumb":{"@id":"https:\/\/www.immobilienbusiness.ch\/retail\/2016-08-17\/chur-stadt-verhaengt-planungszone-am-bahnhof\/#breadcrumb"},"inLanguage":"fr-FR","potentialAction":[{"@type":"ReadAction","target":["https:\/\/www.immobilienbusiness.ch\/retail\/2016-08-17\/chur-stadt-verhaengt-planungszone-am-bahnhof\/"]}]},{"@type":"ImageObject","inLanguage":"fr-FR","@id":"https:\/\/www.immobilienbusiness.ch\/retail\/2016-08-17\/chur-stadt-verhaengt-planungszone-am-bahnhof\/#primaryimage","url":"https:\/\/www.immobilienbusiness.ch\/wp-content\/uploads\/2016\/12\/Chur-Stadt-verhaengt-Planungszone-am-Bahnhof-immobilien-business.jpg","contentUrl":"https:\/\/www.immobilienbusiness.ch\/wp-content\/uploads\/2016\/12\/Chur-Stadt-verhaengt-Planungszone-am-Bahnhof-immobilien-business.jpg","width":1280,"height":960,"caption":"Die Churer Stadtregierung verh\u00e4ngt die Planungszone am Bahnhof (Foto: Pixabay)"},{"@type":"BreadcrumbList","@id":"https:\/\/www.immobilienbusiness.ch\/retail\/2016-08-17\/chur-stadt-verhaengt-planungszone-am-bahnhof\/#breadcrumb","itemListElement":[{"@type":"ListItem","position":1,"name":"Home","item":"https:\/\/www.immobilienbusiness.ch\/"},{"@type":"ListItem","position":2,"name":"Chur: Stadt verh\u00e4ngt Planungszone am Bahnhof"}]},{"@type":"WebSite","@id":"https:\/\/www.immobilienbusiness.ch\/#website","url":"https:\/\/www.immobilienbusiness.ch\/","name":"IMMOBILIER Business","description":"Magazine \u00e9conomique suisse ind\u00e9pendant ax\u00e9 sur l'immobilier, l'architecture et la construction ainsi que sur les investissements et le financement.","publisher":{"@id":"https:\/\/www.immobilienbusiness.ch\/#organization"},"potentialAction":[{"@type":"SearchAction","target":{"@type":"EntryPoint","urlTemplate":"https:\/\/www.immobilienbusiness.ch\/?s={search_term_string}"},"query-input":{"@type":"PropertyValueSpecification","valueRequired":true,"valueName":"search_term_string"}}],"inLanguage":"fr-FR"},{"@type":"Organization","@id":"https:\/\/www.immobilienbusiness.ch\/#organization","name":"IMMOBILIER Business","url":"https:\/\/www.immobilienbusiness.ch\/","logo":{"@type":"ImageObject","inLanguage":"fr-FR","@id":"https:\/\/www.immobilienbusiness.ch\/#\/schema\/logo\/image\/","url":"https:\/\/www.immobilienbusiness.ch\/wp-content\/uploads\/2021\/07\/logo_ib.png","contentUrl":"https:\/\/www.immobilienbusiness.ch\/wp-content\/uploads\/2021\/07\/logo_ib.png","width":800,"height":181,"caption":"IMMOBILIEN Business"},"image":{"@id":"https:\/\/www.immobilienbusiness.ch\/#\/schema\/logo\/image\/"},"sameAs":["https:\/\/www.facebook.com\/immobilienbusiness\/"]},{"@type":"Person","@id":"https:\/\/www.immobilienbusiness.ch\/#\/schema\/person\/aa2bace6c5c5aad60102004a50c4eb1c","name":"Editorial","image":{"@type":"ImageObject","inLanguage":"fr-FR","@id":"https:\/\/secure.gravatar.com\/avatar\/ae2f4d718e6c49043e314ce431e7e645d646302a24a5ef5a8bc8e3f5a032e319?s=96&d=mm&r=g","url":"https:\/\/secure.gravatar.com\/avatar\/ae2f4d718e6c49043e314ce431e7e645d646302a24a5ef5a8bc8e3f5a032e319?s=96&d=mm&r=g","contentUrl":"https:\/\/secure.gravatar.com\/avatar\/ae2f4d718e6c49043e314ce431e7e645d646302a24a5ef5a8bc8e3f5a032e319?s=96&d=mm&r=g","caption":"Redaktion"},"sameAs":["http:\/\/develop.organisator.galledia.ch"],"url":"https:\/\/www.immobilienbusiness.ch\/fr\/author\/admin\/"}]}},"_links":{"self":[{"href":"https:\/\/www.immobilienbusiness.ch\/fr\/wp-json\/wp\/v2\/posts\/3551","targetHints":{"allow":["GET"]}}],"collection":[{"href":"https:\/\/www.immobilienbusiness.ch\/fr\/wp-json\/wp\/v2\/posts"}],"about":[{"href":"https:\/\/www.immobilienbusiness.ch\/fr\/wp-json\/wp\/v2\/types\/post"}],"author":[{"embeddable":true,"href":"https:\/\/www.immobilienbusiness.ch\/fr\/wp-json\/wp\/v2\/users\/1"}],"replies":[{"embeddable":true,"href":"https:\/\/www.immobilienbusiness.ch\/fr\/wp-json\/wp\/v2\/comments?post=3551"}],"version-history":[{"count":0,"href":"https:\/\/www.immobilienbusiness.ch\/fr\/wp-json\/wp\/v2\/posts\/3551\/revisions"}],"wp:featuredmedia":[{"embeddable":true,"href":"https:\/\/www.immobilienbusiness.ch\/fr\/wp-json\/wp\/v2\/media\/3552"}],"wp:attachment":[{"href":"https:\/\/www.immobilienbusiness.ch\/fr\/wp-json\/wp\/v2\/media?parent=3551"}],"wp:term":[{"taxonomy":"category","embeddable":true,"href":"https:\/\/www.immobilienbusiness.ch\/fr\/wp-json\/wp\/v2\/categories?post=3551"},{"taxonomy":"post_tag","embeddable":true,"href":"https:\/\/www.immobilienbusiness.ch\/fr\/wp-json\/wp\/v2\/tags?post=3551"}],"curies":[{"name":"wp","href":"https:\/\/api.w.org\/{rel}","templated":true}]}}