{"id":3461,"date":"2016-08-08T09:19:35","date_gmt":"2016-08-08T07:19:35","guid":{"rendered":"http:\/\/dev.immobilienbusiness.ch\/?p=3461"},"modified":"2016-08-08T09:19:35","modified_gmt":"2016-08-08T07:19:35","slug":"visp-spa-sichert-sich-litterna-grundstueck","status":"publish","type":"post","link":"https:\/\/www.immobilienbusiness.ch\/fr\/allgemein\/2016-08-08\/visp-spa-sichert-sich-litterna-grundstueck\/","title":{"rendered":"Vi\u00e8ge : la SPA s'empare du terrain de Litterna"},"content":{"rendered":"<figure id=\"attachment_3462\" aria-describedby=\"caption-attachment-3462\" style=\"width: 680px\" class=\"wp-caption alignnone\"><img loading=\"lazy\" decoding=\"async\" class=\"size-medium wp-image-3462\" src=\"https:\/\/immobilienbusiness.ch\/wp-content\/uploads\/2016\/12\/Visp-SPA-sichert-sich-Litterna-Grundst\u00fcck-immobilien-business.jpg\" alt=\"SPA sichert sich das Grundst\u00fcck der Litterna-Halle (Foto: California Hockey, CC BY-SA 3.0, Wikimedia Commons)\" width=\"680\" height=\"510\" \/><figcaption id=\"caption-attachment-3462\" class=\"wp-caption-text\">La SPA s'assure le terrain de la halle Litterna (Photo : California Hockey, CC BY-SA 3.0, Wikimedia Commons)<\/figcaption><\/figure>\n<p>Comme on vient de l'apprendre, le conseil municipal de Vi\u00e8ge a d\u00e9cid\u00e9 d\u00e8s la fin juin d'attribuer le terrain de la halle Litterna, conform\u00e9ment \u00e0 l'appel d'offres, au prix de 5,7 millions de CHF \u00e0 la fondation de placement Swiss Prime, qui a fait l'offre la plus \u00e9lev\u00e9e. \"Outre le prix, la fondation a su convaincre sur de nombreux autres points importants, comme la s\u00e9curit\u00e9 du financement, les pr\u00e9sentations du projet et l'intention de collaborer avec des entreprises locales pour la r\u00e9alisation du projet. Le prix de vente a d\u00e9pass\u00e9 nos attentes\", <a href=\"http:\/\/www.1815.ch\/news\/ausland\/politik\/litternahalle-ist-verkauft\/\" target=\"_blank\" rel=\"noreferrer noopener\" data-cke-saved-href=\"http:\/\/www.1815.ch\/news\/ausland\/politik\/litternahalle-ist-verkauft\/\">cite le portail en ligne <em>1815.ch<\/em> le pr\u00e9sident de la commune, Niklaus Furger.<\/a><\/p>\n<p>La vente du terrain de la Litterna doit \u00eatre approuv\u00e9e par l'assembl\u00e9e primaire. Mais avec cette vente, le premier pilier du financement d'une nouvelle salle de spectacle et de sports de glace \u00e0 Vi\u00e8ge est d\u00e9sormais assur\u00e9. La commune est en outre en n\u00e9gociations avanc\u00e9es avec un sponsor et un donneur de nom, poursuit Furger. Un concours d'architecture pour le projet de construction est actuellement en cours et devrait se terminer le mois prochain.<\/p>\n<p>La Litterna-Halle, une patinoire ferm\u00e9e, a \u00e9t\u00e9 construite en 1979 et a aujourd'hui une capacit\u00e9 d'environ 4.300 places. Elle sert de lieu de jeu au club de hockey sur glace EHC Visp. (ah)<\/p>","protected":false},"excerpt":{"rendered":"<p>La halle Litterna de Vi\u00e8ge (VS) sera d\u00e9molie et remplac\u00e9e par une nouvelle patinoire et salle de spectacle. Le terrain revient \u00e0 la fondation de placement Swiss Prime (SPA) pour 5,7 millions de CHF, rapportent les m\u00e9dias locaux.<\/p>","protected":false},"author":1,"featured_media":3462,"comment_status":"open","ping_status":"open","sticky":false,"template":"","format":"standard","meta":{"_acf_changed":false,"_yoast_wpseo_focuskw":"Litterna-Grundst\u00fcck","_yoast_wpseo_title":"","_yoast_wpseo_metadesc":"Litterna-Grundst\u00fcck: Die Litterna-Halle in Visp (VS) wird abgerissen und soll durch eine neue Eissport- und Eventhalle ersetzt werden.","_yoast_wpseo_linkdex":61,"pgc_sgb_lightbox_settings":"","footnotes":""},"categories":[1],"tags":[1362,1601,1852],"class_list":["post-3461","post","type-post","status-publish","format-standard","has-post-thumbnail","hentry","category-allgemein","tag-indirekte-immobilienanlagen","tag-projektentwicklung","tag-west-schweiz"],"acf":[],"yoast_head":"<!-- This site is optimized with the Yoast SEO plugin v27.4 - https:\/\/yoast.com\/product\/yoast-seo-wordpress\/ -->\n<title>Visp: SPA sichert sich Litterna-Grundst\u00fcck - IMMOBILIEN Business<\/title>\n<meta name=\"description\" content=\"Litterna-Grundst\u00fcck: Die Litterna-Halle in Visp (VS) wird abgerissen und soll durch eine neue Eissport- und Eventhalle ersetzt werden.\" \/>\n<meta name=\"robots\" content=\"index, follow, max-snippet:-1, max-image-preview:large, max-video-preview:-1\" \/>\n<link rel=\"canonical\" href=\"https:\/\/www.immobilienbusiness.ch\/fr\/allgemein\/2016-08-08\/visp-spa-sichert-sich-litterna-grundstueck\/\" \/>\n<meta property=\"og:locale\" content=\"fr_FR\" \/>\n<meta property=\"og:type\" content=\"article\" \/>\n<meta property=\"og:title\" content=\"Visp: SPA sichert sich Litterna-Grundst\u00fcck\" \/>\n<meta property=\"og:description\" content=\"Die Litterna-Halle in Visp (VS) wird abgerissen und soll durch eine neue Eissport- und Eventhalle ersetzt werden. Das Grundst\u00fcck geht f\u00fcr 5,7 Millionen CHF an die Swiss Prime Anlagestiftung (SPA), berichten lokale Medien.\" \/>\n<meta property=\"og:url\" content=\"https:\/\/www.immobilienbusiness.ch\/fr\/allgemein\/2016-08-08\/visp-spa-sichert-sich-litterna-grundstueck\/\" \/>\n<meta property=\"og:site_name\" content=\"IMMOBILIEN Business\" \/>\n<meta property=\"article:publisher\" content=\"https:\/\/www.facebook.com\/immobilienbusiness\/\" \/>\n<meta property=\"article:published_time\" content=\"2016-08-08T07:19:35+00:00\" \/>\n<meta name=\"author\" content=\"Redaktion\" \/>\n<meta name=\"twitter:card\" content=\"summary_large_image\" \/>\n<meta name=\"twitter:image\" content=\"https:\/\/www.immobilienbusiness.ch\/wp-content\/uploads\/2016\/12\/Visp-SPA-sichert-sich-Litterna-Grundstueck-immobilien-business.jpg\" \/>\n<script type=\"application\/ld+json\" class=\"yoast-schema-graph\">{\"@context\":\"https:\\\/\\\/schema.org\",\"@graph\":[{\"@type\":\"Article\",\"@id\":\"https:\\\/\\\/www.immobilienbusiness.ch\\\/allgemein\\\/2016-08-08\\\/visp-spa-sichert-sich-litterna-grundstueck\\\/#article\",\"isPartOf\":{\"@id\":\"https:\\\/\\\/www.immobilienbusiness.ch\\\/allgemein\\\/2016-08-08\\\/visp-spa-sichert-sich-litterna-grundstueck\\\/\"},\"author\":{\"name\":\"Redaktion\",\"@id\":\"https:\\\/\\\/www.immobilienbusiness.ch\\\/#\\\/schema\\\/person\\\/aa2bace6c5c5aad60102004a50c4eb1c\"},\"headline\":\"Visp: SPA sichert sich Litterna-Grundst\u00fcck\",\"datePublished\":\"2016-08-08T07:19:35+00:00\",\"mainEntityOfPage\":{\"@id\":\"https:\\\/\\\/www.immobilienbusiness.ch\\\/allgemein\\\/2016-08-08\\\/visp-spa-sichert-sich-litterna-grundstueck\\\/\"},\"wordCount\":201,\"commentCount\":0,\"publisher\":{\"@id\":\"https:\\\/\\\/www.immobilienbusiness.ch\\\/#organization\"},\"image\":{\"@id\":\"https:\\\/\\\/www.immobilienbusiness.ch\\\/allgemein\\\/2016-08-08\\\/visp-spa-sichert-sich-litterna-grundstueck\\\/#primaryimage\"},\"thumbnailUrl\":\"https:\\\/\\\/www.immobilienbusiness.ch\\\/wp-content\\\/uploads\\\/2016\\\/12\\\/Visp-SPA-sichert-sich-Litterna-Grundstueck-immobilien-business.jpg\",\"keywords\":[\"Indirekte Immobilienanlagen\",\"Projektentwicklung\",\"West-Schweiz\"],\"articleSection\":[\"Allgemein\"],\"inLanguage\":\"fr-FR\"},{\"@type\":\"WebPage\",\"@id\":\"https:\\\/\\\/www.immobilienbusiness.ch\\\/allgemein\\\/2016-08-08\\\/visp-spa-sichert-sich-litterna-grundstueck\\\/\",\"url\":\"https:\\\/\\\/www.immobilienbusiness.ch\\\/allgemein\\\/2016-08-08\\\/visp-spa-sichert-sich-litterna-grundstueck\\\/\",\"name\":\"Visp: SPA sichert sich Litterna-Grundst\u00fcck - IMMOBILIEN Business\",\"isPartOf\":{\"@id\":\"https:\\\/\\\/www.immobilienbusiness.ch\\\/#website\"},\"primaryImageOfPage\":{\"@id\":\"https:\\\/\\\/www.immobilienbusiness.ch\\\/allgemein\\\/2016-08-08\\\/visp-spa-sichert-sich-litterna-grundstueck\\\/#primaryimage\"},\"image\":{\"@id\":\"https:\\\/\\\/www.immobilienbusiness.ch\\\/allgemein\\\/2016-08-08\\\/visp-spa-sichert-sich-litterna-grundstueck\\\/#primaryimage\"},\"thumbnailUrl\":\"https:\\\/\\\/www.immobilienbusiness.ch\\\/wp-content\\\/uploads\\\/2016\\\/12\\\/Visp-SPA-sichert-sich-Litterna-Grundstueck-immobilien-business.jpg\",\"datePublished\":\"2016-08-08T07:19:35+00:00\",\"description\":\"Litterna-Grundst\u00fcck: Die Litterna-Halle in Visp (VS) wird abgerissen und soll durch eine neue Eissport- und Eventhalle ersetzt werden.\",\"breadcrumb\":{\"@id\":\"https:\\\/\\\/www.immobilienbusiness.ch\\\/allgemein\\\/2016-08-08\\\/visp-spa-sichert-sich-litterna-grundstueck\\\/#breadcrumb\"},\"inLanguage\":\"fr-FR\",\"potentialAction\":[{\"@type\":\"ReadAction\",\"target\":[\"https:\\\/\\\/www.immobilienbusiness.ch\\\/allgemein\\\/2016-08-08\\\/visp-spa-sichert-sich-litterna-grundstueck\\\/\"]}]},{\"@type\":\"ImageObject\",\"inLanguage\":\"fr-FR\",\"@id\":\"https:\\\/\\\/www.immobilienbusiness.ch\\\/allgemein\\\/2016-08-08\\\/visp-spa-sichert-sich-litterna-grundstueck\\\/#primaryimage\",\"url\":\"https:\\\/\\\/www.immobilienbusiness.ch\\\/wp-content\\\/uploads\\\/2016\\\/12\\\/Visp-SPA-sichert-sich-Litterna-Grundstueck-immobilien-business.jpg\",\"contentUrl\":\"https:\\\/\\\/www.immobilienbusiness.ch\\\/wp-content\\\/uploads\\\/2016\\\/12\\\/Visp-SPA-sichert-sich-Litterna-Grundstueck-immobilien-business.jpg\",\"width\":2560,\"height\":1920,\"caption\":\"SPA sichert sich das Grundst\u00fcck der Litterna-Halle (Foto: California Hockey, CC BY-SA 3.0, Wikimedia Commons)\"},{\"@type\":\"BreadcrumbList\",\"@id\":\"https:\\\/\\\/www.immobilienbusiness.ch\\\/allgemein\\\/2016-08-08\\\/visp-spa-sichert-sich-litterna-grundstueck\\\/#breadcrumb\",\"itemListElement\":[{\"@type\":\"ListItem\",\"position\":1,\"name\":\"Home\",\"item\":\"https:\\\/\\\/www.immobilienbusiness.ch\\\/\"},{\"@type\":\"ListItem\",\"position\":2,\"name\":\"Visp: SPA sichert sich Litterna-Grundst\u00fcck\"}]},{\"@type\":\"WebSite\",\"@id\":\"https:\\\/\\\/www.immobilienbusiness.ch\\\/#website\",\"url\":\"https:\\\/\\\/www.immobilienbusiness.ch\\\/\",\"name\":\"IMMOBILIEN Business\",\"description\":\"Unabh\u00e4ngiges Schweizer Wirtschaftsmagazin mit Fokus auf Immobilien, Architektur- und Bau sowie Investment- und Finanzierung.\",\"publisher\":{\"@id\":\"https:\\\/\\\/www.immobilienbusiness.ch\\\/#organization\"},\"potentialAction\":[{\"@type\":\"SearchAction\",\"target\":{\"@type\":\"EntryPoint\",\"urlTemplate\":\"https:\\\/\\\/www.immobilienbusiness.ch\\\/?s={search_term_string}\"},\"query-input\":{\"@type\":\"PropertyValueSpecification\",\"valueRequired\":true,\"valueName\":\"search_term_string\"}}],\"inLanguage\":\"fr-FR\"},{\"@type\":\"Organization\",\"@id\":\"https:\\\/\\\/www.immobilienbusiness.ch\\\/#organization\",\"name\":\"IMMOBILIEN Business\",\"url\":\"https:\\\/\\\/www.immobilienbusiness.ch\\\/\",\"logo\":{\"@type\":\"ImageObject\",\"inLanguage\":\"fr-FR\",\"@id\":\"https:\\\/\\\/www.immobilienbusiness.ch\\\/#\\\/schema\\\/logo\\\/image\\\/\",\"url\":\"https:\\\/\\\/www.immobilienbusiness.ch\\\/wp-content\\\/uploads\\\/2021\\\/07\\\/logo_ib.png\",\"contentUrl\":\"https:\\\/\\\/www.immobilienbusiness.ch\\\/wp-content\\\/uploads\\\/2021\\\/07\\\/logo_ib.png\",\"width\":800,\"height\":181,\"caption\":\"IMMOBILIEN Business\"},\"image\":{\"@id\":\"https:\\\/\\\/www.immobilienbusiness.ch\\\/#\\\/schema\\\/logo\\\/image\\\/\"},\"sameAs\":[\"https:\\\/\\\/www.facebook.com\\\/immobilienbusiness\\\/\"]},{\"@type\":\"Person\",\"@id\":\"https:\\\/\\\/www.immobilienbusiness.ch\\\/#\\\/schema\\\/person\\\/aa2bace6c5c5aad60102004a50c4eb1c\",\"name\":\"Redaktion\",\"image\":{\"@type\":\"ImageObject\",\"inLanguage\":\"fr-FR\",\"@id\":\"https:\\\/\\\/secure.gravatar.com\\\/avatar\\\/ae2f4d718e6c49043e314ce431e7e645d646302a24a5ef5a8bc8e3f5a032e319?s=96&d=mm&r=g\",\"url\":\"https:\\\/\\\/secure.gravatar.com\\\/avatar\\\/ae2f4d718e6c49043e314ce431e7e645d646302a24a5ef5a8bc8e3f5a032e319?s=96&d=mm&r=g\",\"contentUrl\":\"https:\\\/\\\/secure.gravatar.com\\\/avatar\\\/ae2f4d718e6c49043e314ce431e7e645d646302a24a5ef5a8bc8e3f5a032e319?s=96&d=mm&r=g\",\"caption\":\"Redaktion\"},\"sameAs\":[\"http:\\\/\\\/develop.organisator.galledia.ch\"],\"url\":\"https:\\\/\\\/www.immobilienbusiness.ch\\\/fr\\\/author\\\/admin\\\/\"}]}<\/script>\n<!-- \/ Yoast SEO plugin. -->","yoast_head_json":{"title":"Visp: SPA sichert sich Litterna-Grundst\u00fcck - IMMOBILIEN Business","description":"Litterna-Grundst\u00fcck: Die Litterna-Halle in Visp (VS) wird abgerissen und soll durch eine neue Eissport- und Eventhalle ersetzt werden.","robots":{"index":"index","follow":"follow","max-snippet":"max-snippet:-1","max-image-preview":"max-image-preview:large","max-video-preview":"max-video-preview:-1"},"canonical":"https:\/\/www.immobilienbusiness.ch\/fr\/allgemein\/2016-08-08\/visp-spa-sichert-sich-litterna-grundstueck\/","og_locale":"fr_FR","og_type":"article","og_title":"Visp: SPA sichert sich Litterna-Grundst\u00fcck","og_description":"Die Litterna-Halle in Visp (VS) wird abgerissen und soll durch eine neue Eissport- und Eventhalle ersetzt werden. Das Grundst\u00fcck geht f\u00fcr 5,7 Millionen CHF an die Swiss Prime Anlagestiftung (SPA), berichten lokale Medien.","og_url":"https:\/\/www.immobilienbusiness.ch\/fr\/allgemein\/2016-08-08\/visp-spa-sichert-sich-litterna-grundstueck\/","og_site_name":"IMMOBILIEN Business","article_publisher":"https:\/\/www.facebook.com\/immobilienbusiness\/","article_published_time":"2016-08-08T07:19:35+00:00","author":"Redaktion","twitter_card":"summary_large_image","twitter_image":"https:\/\/www.immobilienbusiness.ch\/wp-content\/uploads\/2016\/12\/Visp-SPA-sichert-sich-Litterna-Grundstueck-immobilien-business.jpg","schema":{"@context":"https:\/\/schema.org","@graph":[{"@type":"Article","@id":"https:\/\/www.immobilienbusiness.ch\/allgemein\/2016-08-08\/visp-spa-sichert-sich-litterna-grundstueck\/#article","isPartOf":{"@id":"https:\/\/www.immobilienbusiness.ch\/allgemein\/2016-08-08\/visp-spa-sichert-sich-litterna-grundstueck\/"},"author":{"name":"Redaktion","@id":"https:\/\/www.immobilienbusiness.ch\/#\/schema\/person\/aa2bace6c5c5aad60102004a50c4eb1c"},"headline":"Visp: SPA sichert sich Litterna-Grundst\u00fcck","datePublished":"2016-08-08T07:19:35+00:00","mainEntityOfPage":{"@id":"https:\/\/www.immobilienbusiness.ch\/allgemein\/2016-08-08\/visp-spa-sichert-sich-litterna-grundstueck\/"},"wordCount":201,"commentCount":0,"publisher":{"@id":"https:\/\/www.immobilienbusiness.ch\/#organization"},"image":{"@id":"https:\/\/www.immobilienbusiness.ch\/allgemein\/2016-08-08\/visp-spa-sichert-sich-litterna-grundstueck\/#primaryimage"},"thumbnailUrl":"https:\/\/www.immobilienbusiness.ch\/wp-content\/uploads\/2016\/12\/Visp-SPA-sichert-sich-Litterna-Grundstueck-immobilien-business.jpg","keywords":["Indirekte Immobilienanlagen","Projektentwicklung","West-Schweiz"],"articleSection":["Allgemein"],"inLanguage":"fr-FR"},{"@type":"WebPage","@id":"https:\/\/www.immobilienbusiness.ch\/allgemein\/2016-08-08\/visp-spa-sichert-sich-litterna-grundstueck\/","url":"https:\/\/www.immobilienbusiness.ch\/allgemein\/2016-08-08\/visp-spa-sichert-sich-litterna-grundstueck\/","name":"Visp: SPA sichert sich Litterna-Grundst\u00fcck - IMMOBILIEN Business","isPartOf":{"@id":"https:\/\/www.immobilienbusiness.ch\/#website"},"primaryImageOfPage":{"@id":"https:\/\/www.immobilienbusiness.ch\/allgemein\/2016-08-08\/visp-spa-sichert-sich-litterna-grundstueck\/#primaryimage"},"image":{"@id":"https:\/\/www.immobilienbusiness.ch\/allgemein\/2016-08-08\/visp-spa-sichert-sich-litterna-grundstueck\/#primaryimage"},"thumbnailUrl":"https:\/\/www.immobilienbusiness.ch\/wp-content\/uploads\/2016\/12\/Visp-SPA-sichert-sich-Litterna-Grundstueck-immobilien-business.jpg","datePublished":"2016-08-08T07:19:35+00:00","description":"Litterna-Grundst\u00fcck: Die Litterna-Halle in Visp (VS) wird abgerissen und soll durch eine neue Eissport- und Eventhalle ersetzt werden.","breadcrumb":{"@id":"https:\/\/www.immobilienbusiness.ch\/allgemein\/2016-08-08\/visp-spa-sichert-sich-litterna-grundstueck\/#breadcrumb"},"inLanguage":"fr-FR","potentialAction":[{"@type":"ReadAction","target":["https:\/\/www.immobilienbusiness.ch\/allgemein\/2016-08-08\/visp-spa-sichert-sich-litterna-grundstueck\/"]}]},{"@type":"ImageObject","inLanguage":"fr-FR","@id":"https:\/\/www.immobilienbusiness.ch\/allgemein\/2016-08-08\/visp-spa-sichert-sich-litterna-grundstueck\/#primaryimage","url":"https:\/\/www.immobilienbusiness.ch\/wp-content\/uploads\/2016\/12\/Visp-SPA-sichert-sich-Litterna-Grundstueck-immobilien-business.jpg","contentUrl":"https:\/\/www.immobilienbusiness.ch\/wp-content\/uploads\/2016\/12\/Visp-SPA-sichert-sich-Litterna-Grundstueck-immobilien-business.jpg","width":2560,"height":1920,"caption":"SPA sichert sich das Grundst\u00fcck der Litterna-Halle (Foto: California Hockey, CC BY-SA 3.0, Wikimedia Commons)"},{"@type":"BreadcrumbList","@id":"https:\/\/www.immobilienbusiness.ch\/allgemein\/2016-08-08\/visp-spa-sichert-sich-litterna-grundstueck\/#breadcrumb","itemListElement":[{"@type":"ListItem","position":1,"name":"Home","item":"https:\/\/www.immobilienbusiness.ch\/"},{"@type":"ListItem","position":2,"name":"Visp: SPA sichert sich Litterna-Grundst\u00fcck"}]},{"@type":"WebSite","@id":"https:\/\/www.immobilienbusiness.ch\/#website","url":"https:\/\/www.immobilienbusiness.ch\/","name":"IMMOBILIER Business","description":"Magazine \u00e9conomique suisse ind\u00e9pendant ax\u00e9 sur l'immobilier, l'architecture et la construction ainsi que sur les investissements et le financement.","publisher":{"@id":"https:\/\/www.immobilienbusiness.ch\/#organization"},"potentialAction":[{"@type":"SearchAction","target":{"@type":"EntryPoint","urlTemplate":"https:\/\/www.immobilienbusiness.ch\/?s={search_term_string}"},"query-input":{"@type":"PropertyValueSpecification","valueRequired":true,"valueName":"search_term_string"}}],"inLanguage":"fr-FR"},{"@type":"Organization","@id":"https:\/\/www.immobilienbusiness.ch\/#organization","name":"IMMOBILIER Business","url":"https:\/\/www.immobilienbusiness.ch\/","logo":{"@type":"ImageObject","inLanguage":"fr-FR","@id":"https:\/\/www.immobilienbusiness.ch\/#\/schema\/logo\/image\/","url":"https:\/\/www.immobilienbusiness.ch\/wp-content\/uploads\/2021\/07\/logo_ib.png","contentUrl":"https:\/\/www.immobilienbusiness.ch\/wp-content\/uploads\/2021\/07\/logo_ib.png","width":800,"height":181,"caption":"IMMOBILIEN Business"},"image":{"@id":"https:\/\/www.immobilienbusiness.ch\/#\/schema\/logo\/image\/"},"sameAs":["https:\/\/www.facebook.com\/immobilienbusiness\/"]},{"@type":"Person","@id":"https:\/\/www.immobilienbusiness.ch\/#\/schema\/person\/aa2bace6c5c5aad60102004a50c4eb1c","name":"Editorial","image":{"@type":"ImageObject","inLanguage":"fr-FR","@id":"https:\/\/secure.gravatar.com\/avatar\/ae2f4d718e6c49043e314ce431e7e645d646302a24a5ef5a8bc8e3f5a032e319?s=96&d=mm&r=g","url":"https:\/\/secure.gravatar.com\/avatar\/ae2f4d718e6c49043e314ce431e7e645d646302a24a5ef5a8bc8e3f5a032e319?s=96&d=mm&r=g","contentUrl":"https:\/\/secure.gravatar.com\/avatar\/ae2f4d718e6c49043e314ce431e7e645d646302a24a5ef5a8bc8e3f5a032e319?s=96&d=mm&r=g","caption":"Redaktion"},"sameAs":["http:\/\/develop.organisator.galledia.ch"],"url":"https:\/\/www.immobilienbusiness.ch\/fr\/author\/admin\/"}]}},"_links":{"self":[{"href":"https:\/\/www.immobilienbusiness.ch\/fr\/wp-json\/wp\/v2\/posts\/3461","targetHints":{"allow":["GET"]}}],"collection":[{"href":"https:\/\/www.immobilienbusiness.ch\/fr\/wp-json\/wp\/v2\/posts"}],"about":[{"href":"https:\/\/www.immobilienbusiness.ch\/fr\/wp-json\/wp\/v2\/types\/post"}],"author":[{"embeddable":true,"href":"https:\/\/www.immobilienbusiness.ch\/fr\/wp-json\/wp\/v2\/users\/1"}],"replies":[{"embeddable":true,"href":"https:\/\/www.immobilienbusiness.ch\/fr\/wp-json\/wp\/v2\/comments?post=3461"}],"version-history":[{"count":0,"href":"https:\/\/www.immobilienbusiness.ch\/fr\/wp-json\/wp\/v2\/posts\/3461\/revisions"}],"wp:featuredmedia":[{"embeddable":true,"href":"https:\/\/www.immobilienbusiness.ch\/fr\/wp-json\/wp\/v2\/media\/3462"}],"wp:attachment":[{"href":"https:\/\/www.immobilienbusiness.ch\/fr\/wp-json\/wp\/v2\/media?parent=3461"}],"wp:term":[{"taxonomy":"category","embeddable":true,"href":"https:\/\/www.immobilienbusiness.ch\/fr\/wp-json\/wp\/v2\/categories?post=3461"},{"taxonomy":"post_tag","embeddable":true,"href":"https:\/\/www.immobilienbusiness.ch\/fr\/wp-json\/wp\/v2\/tags?post=3461"}],"curies":[{"name":"wp","href":"https:\/\/api.w.org\/{rel}","templated":true}]}}