{"id":3403,"date":"2016-08-03T09:10:31","date_gmt":"2016-08-03T07:10:31","guid":{"rendered":"http:\/\/dev.immobilienbusiness.ch\/?p=3403"},"modified":"2016-08-03T09:10:31","modified_gmt":"2016-08-03T07:10:31","slug":"start-der-arbeiten-fuer-quartier-buelachguss","status":"publish","type":"post","link":"https:\/\/www.immobilienbusiness.ch\/fr\/buero\/2016-08-03\/start-der-arbeiten-fuer-quartier-buelachguss\/","title":{"rendered":"D\u00e9but des travaux pour le quartier de B\u00fclachguss"},"content":{"rendered":"<figure id=\"attachment_3406\" aria-describedby=\"caption-attachment-3406\" style=\"width: 680px\" class=\"wp-caption alignnone\"><img loading=\"lazy\" decoding=\"async\" class=\"size-medium wp-image-3406\" src=\"https:\/\/immobilienbusiness.ch\/wp-content\/uploads\/2016\/12\/Start-der-Arbeiten-f\u00fcr-Quartier-B\u00fclachguss-immobilien-business.jpg\" alt=\"Auf dem B\u00fclachguss-Areal entsteht ein neues Quartier (Visualisierung: Allreal)\" width=\"680\" height=\"504\" \/><figcaption id=\"caption-attachment-3406\" class=\"wp-caption-text\">Un nouveau quartier est en train de na\u00eetre sur le site de B\u00fclachguss (Visualisation : Allreal)<\/figcaption><\/figure>\n<p>A B\u00fclach-Nord, Allreal Holding pr\u00e9voit de construire sur deux terrains d'une superficie totale de 55 250 m\u00b2 un quartier \u00e0 usage mixte comprenant 490 logements ainsi que des bureaux et des surfaces commerciales. Allreal chiffre le volume d'investissement \u00e0 300 millions de CHF au total. Sept zones de construction se trouvent sur l'ancien site industriel de B\u00fclachguss AG, \u00e0 proximit\u00e9 imm\u00e9diate de la gare de B\u00fclach, et une huiti\u00e8me sur un terrain adjacent. Allreal a acquis B\u00fclachguss AG avec effet r\u00e9troactif au 1er juillet 2016.<\/p>\n<p>Allreal a d\u00e9pos\u00e9 les demandes de permis de construire aupr\u00e8s de la ville de B\u00fclach en mai 2016 pour six zones de construction sur le site. La publication est pr\u00e9vue pour le 26 ao\u00fbt 2016. D\u00e8s le d\u00e9but du mois d'ao\u00fbt, des panels de construction devraient permettre de se faire une id\u00e9e des constructions pr\u00e9vues. Les six projets seront probablement r\u00e9alis\u00e9s \u00e0 partir d'avril 2017, en fonction de la proc\u00e9dure d'autorisation, indique Allreal. Le plan d'am\u00e9nagement \"B\u00fclachguss\", actuellement soumis \u00e0 l'approbation du canton de Zurich, constitue la base juridique des projets.<\/p>\n<p>Un autre projet \u00e0 la Fangletenstrasse, qui peut \u00eatre r\u00e9alis\u00e9 ind\u00e9pendamment du plan d'am\u00e9nagement \"B\u00fclachguss\", a d\u00e9j\u00e0 \u00e9t\u00e9 approuv\u00e9 par les autorit\u00e9s. Allreal pr\u00e9voit de commencer les travaux de construction des quatre immeubles d'habitation avec un total de 76 logements locatifs en octobre.<\/p>\n<p>Les travaux de pr\u00e9paration et de d\u00e9molition d\u00e9j\u00e0 autoris\u00e9s sur le terrain situ\u00e9 \u00e0 proximit\u00e9 imm\u00e9diate de la gare seront entrepris par Allreal \u00e0 partir de d\u00e9but septembre. Le b\u00e2timent principal, qui m\u00e9rite d'\u00eatre prot\u00e9g\u00e9, sera conserv\u00e9, les autres b\u00e2timents du site seront d\u00e9samiant\u00e9s puis d\u00e9molis. En outre, des conduites d'eaux us\u00e9es seront install\u00e9es et des routes pr\u00e9par\u00e9es. (ah)<\/p>","protected":false},"excerpt":{"rendered":"<p>Les choses avancent sur le site de B\u00fclachguss, au nord de Zurich, o\u00f9 Allreal pr\u00e9voit de construire un nouveau quartier. Dans le cadre de la proc\u00e9dure d'autorisation, les paniers de construction seront pos\u00e9s d\u00e9but ao\u00fbt. Les travaux pr\u00e9paratoires pour le quartier B\u00fclachguss commenceront en septembre.<\/p>","protected":false},"author":1,"featured_media":3406,"comment_status":"open","ping_status":"open","sticky":false,"template":"","format":"standard","meta":{"_acf_changed":false,"_yoast_wpseo_focuskw":"Quartier B\u00fclachguss","_yoast_wpseo_title":"","_yoast_wpseo_metadesc":"Es geht voran auf dem B\u00fclachguss-Areal im Norden Z\u00fcrichs. Die Vorbereitungsarbeiten f\u00fcr das Quartier B\u00fclachguss starten im September.","_yoast_wpseo_linkdex":74,"pgc_sgb_lightbox_settings":"","footnotes":""},"categories":[983,985,986],"tags":[1118,1601,1629,1639,1862,1888],"class_list":["post-3403","post","type-post","status-publish","format-standard","has-post-thumbnail","hentry","category-buero","category-regionen","category-residential","tag-buero","tag-projektentwicklung","tag-regionen","tag-residential","tag-wohnen","tag-zuerich"],"acf":[],"yoast_head":"<!-- This site is optimized with the Yoast SEO plugin v27.5 - https:\/\/yoast.com\/product\/yoast-seo-wordpress\/ -->\n<title>Start der Arbeiten f\u00fcr Quartier B\u00fclachguss - IMMOBILIEN Business<\/title>\n<meta name=\"description\" content=\"Es geht voran auf dem B\u00fclachguss-Areal im Norden Z\u00fcrichs. Die Vorbereitungsarbeiten f\u00fcr das Quartier B\u00fclachguss starten im September.\" \/>\n<meta name=\"robots\" content=\"index, follow, max-snippet:-1, max-image-preview:large, max-video-preview:-1\" \/>\n<link rel=\"canonical\" href=\"https:\/\/www.immobilienbusiness.ch\/fr\/buero\/2016-08-03\/start-der-arbeiten-fuer-quartier-buelachguss\/\" \/>\n<meta property=\"og:locale\" content=\"fr_FR\" \/>\n<meta property=\"og:type\" content=\"article\" \/>\n<meta property=\"og:title\" content=\"Start der Arbeiten f\u00fcr Quartier B\u00fclachguss\" \/>\n<meta property=\"og:description\" content=\"Es geht voran auf dem B\u00fclachguss-Areal im Norden Z\u00fcrichs, wo Allreal ein neues Quartier plant. Im Rahmen der Bewilligungsverfahren werden Anfang August die Baugespanne gestellt. Die Vorbereitungsarbeiten f\u00fcr das Quartier B\u00fclachguss starten im September.\" \/>\n<meta property=\"og:url\" content=\"https:\/\/www.immobilienbusiness.ch\/fr\/buero\/2016-08-03\/start-der-arbeiten-fuer-quartier-buelachguss\/\" \/>\n<meta property=\"og:site_name\" content=\"IMMOBILIEN Business\" \/>\n<meta property=\"article:publisher\" content=\"https:\/\/www.facebook.com\/immobilienbusiness\/\" \/>\n<meta property=\"article:published_time\" content=\"2016-08-03T07:10:31+00:00\" \/>\n<meta name=\"author\" content=\"Redaktion\" \/>\n<meta name=\"twitter:card\" content=\"summary_large_image\" \/>\n<meta name=\"twitter:image\" content=\"https:\/\/www.immobilienbusiness.ch\/wp-content\/uploads\/2016\/12\/Start-der-Arbeiten-fuer-Quartier-Buelachguss-immobilien-business.jpg\" \/>\n<script type=\"application\/ld+json\" class=\"yoast-schema-graph\">{\"@context\":\"https:\\\/\\\/schema.org\",\"@graph\":[{\"@type\":\"Article\",\"@id\":\"https:\\\/\\\/www.immobilienbusiness.ch\\\/buero\\\/2016-08-03\\\/start-der-arbeiten-fuer-quartier-buelachguss\\\/#article\",\"isPartOf\":{\"@id\":\"https:\\\/\\\/www.immobilienbusiness.ch\\\/buero\\\/2016-08-03\\\/start-der-arbeiten-fuer-quartier-buelachguss\\\/\"},\"author\":{\"name\":\"Redaktion\",\"@id\":\"https:\\\/\\\/www.immobilienbusiness.ch\\\/#\\\/schema\\\/person\\\/aa2bace6c5c5aad60102004a50c4eb1c\"},\"headline\":\"Start der Arbeiten f\u00fcr Quartier B\u00fclachguss\",\"datePublished\":\"2016-08-03T07:10:31+00:00\",\"mainEntityOfPage\":{\"@id\":\"https:\\\/\\\/www.immobilienbusiness.ch\\\/buero\\\/2016-08-03\\\/start-der-arbeiten-fuer-quartier-buelachguss\\\/\"},\"wordCount\":257,\"commentCount\":0,\"publisher\":{\"@id\":\"https:\\\/\\\/www.immobilienbusiness.ch\\\/#organization\"},\"image\":{\"@id\":\"https:\\\/\\\/www.immobilienbusiness.ch\\\/buero\\\/2016-08-03\\\/start-der-arbeiten-fuer-quartier-buelachguss\\\/#primaryimage\"},\"thumbnailUrl\":\"https:\\\/\\\/www.immobilienbusiness.ch\\\/wp-content\\\/uploads\\\/2016\\\/12\\\/Start-der-Arbeiten-fuer-Quartier-Buelachguss-immobilien-business.jpg\",\"keywords\":[\"B\u00fcro\",\"Projektentwicklung\",\"Regionen\",\"Residential\",\"Wohnen\",\"Z\u00fcrich\"],\"articleSection\":[\"B\u00dcRO\",\"REGIONEN\",\"RESIDENTIAL\"],\"inLanguage\":\"fr-FR\"},{\"@type\":\"WebPage\",\"@id\":\"https:\\\/\\\/www.immobilienbusiness.ch\\\/buero\\\/2016-08-03\\\/start-der-arbeiten-fuer-quartier-buelachguss\\\/\",\"url\":\"https:\\\/\\\/www.immobilienbusiness.ch\\\/buero\\\/2016-08-03\\\/start-der-arbeiten-fuer-quartier-buelachguss\\\/\",\"name\":\"Start der Arbeiten f\u00fcr Quartier B\u00fclachguss - IMMOBILIEN Business\",\"isPartOf\":{\"@id\":\"https:\\\/\\\/www.immobilienbusiness.ch\\\/#website\"},\"primaryImageOfPage\":{\"@id\":\"https:\\\/\\\/www.immobilienbusiness.ch\\\/buero\\\/2016-08-03\\\/start-der-arbeiten-fuer-quartier-buelachguss\\\/#primaryimage\"},\"image\":{\"@id\":\"https:\\\/\\\/www.immobilienbusiness.ch\\\/buero\\\/2016-08-03\\\/start-der-arbeiten-fuer-quartier-buelachguss\\\/#primaryimage\"},\"thumbnailUrl\":\"https:\\\/\\\/www.immobilienbusiness.ch\\\/wp-content\\\/uploads\\\/2016\\\/12\\\/Start-der-Arbeiten-fuer-Quartier-Buelachguss-immobilien-business.jpg\",\"datePublished\":\"2016-08-03T07:10:31+00:00\",\"description\":\"Es geht voran auf dem B\u00fclachguss-Areal im Norden Z\u00fcrichs. Die Vorbereitungsarbeiten f\u00fcr das Quartier B\u00fclachguss starten im September.\",\"breadcrumb\":{\"@id\":\"https:\\\/\\\/www.immobilienbusiness.ch\\\/buero\\\/2016-08-03\\\/start-der-arbeiten-fuer-quartier-buelachguss\\\/#breadcrumb\"},\"inLanguage\":\"fr-FR\",\"potentialAction\":[{\"@type\":\"ReadAction\",\"target\":[\"https:\\\/\\\/www.immobilienbusiness.ch\\\/buero\\\/2016-08-03\\\/start-der-arbeiten-fuer-quartier-buelachguss\\\/\"]}]},{\"@type\":\"ImageObject\",\"inLanguage\":\"fr-FR\",\"@id\":\"https:\\\/\\\/www.immobilienbusiness.ch\\\/buero\\\/2016-08-03\\\/start-der-arbeiten-fuer-quartier-buelachguss\\\/#primaryimage\",\"url\":\"https:\\\/\\\/www.immobilienbusiness.ch\\\/wp-content\\\/uploads\\\/2016\\\/12\\\/Start-der-Arbeiten-fuer-Quartier-Buelachguss-immobilien-business.jpg\",\"contentUrl\":\"https:\\\/\\\/www.immobilienbusiness.ch\\\/wp-content\\\/uploads\\\/2016\\\/12\\\/Start-der-Arbeiten-fuer-Quartier-Buelachguss-immobilien-business.jpg\",\"width\":2000,\"height\":1483,\"caption\":\"Auf dem B\u00fclachguss-Areal entsteht ein neues Quartier (Visualisierung: Allreal)\"},{\"@type\":\"BreadcrumbList\",\"@id\":\"https:\\\/\\\/www.immobilienbusiness.ch\\\/buero\\\/2016-08-03\\\/start-der-arbeiten-fuer-quartier-buelachguss\\\/#breadcrumb\",\"itemListElement\":[{\"@type\":\"ListItem\",\"position\":1,\"name\":\"Home\",\"item\":\"https:\\\/\\\/www.immobilienbusiness.ch\\\/\"},{\"@type\":\"ListItem\",\"position\":2,\"name\":\"Start der Arbeiten f\u00fcr Quartier B\u00fclachguss\"}]},{\"@type\":\"WebSite\",\"@id\":\"https:\\\/\\\/www.immobilienbusiness.ch\\\/#website\",\"url\":\"https:\\\/\\\/www.immobilienbusiness.ch\\\/\",\"name\":\"IMMOBILIEN Business\",\"description\":\"Unabh\u00e4ngiges Schweizer Wirtschaftsmagazin mit Fokus auf Immobilien, Architektur- und Bau sowie Investment- und Finanzierung.\",\"publisher\":{\"@id\":\"https:\\\/\\\/www.immobilienbusiness.ch\\\/#organization\"},\"potentialAction\":[{\"@type\":\"SearchAction\",\"target\":{\"@type\":\"EntryPoint\",\"urlTemplate\":\"https:\\\/\\\/www.immobilienbusiness.ch\\\/?s={search_term_string}\"},\"query-input\":{\"@type\":\"PropertyValueSpecification\",\"valueRequired\":true,\"valueName\":\"search_term_string\"}}],\"inLanguage\":\"fr-FR\"},{\"@type\":\"Organization\",\"@id\":\"https:\\\/\\\/www.immobilienbusiness.ch\\\/#organization\",\"name\":\"IMMOBILIEN Business\",\"url\":\"https:\\\/\\\/www.immobilienbusiness.ch\\\/\",\"logo\":{\"@type\":\"ImageObject\",\"inLanguage\":\"fr-FR\",\"@id\":\"https:\\\/\\\/www.immobilienbusiness.ch\\\/#\\\/schema\\\/logo\\\/image\\\/\",\"url\":\"https:\\\/\\\/www.immobilienbusiness.ch\\\/wp-content\\\/uploads\\\/2021\\\/07\\\/logo_ib.png\",\"contentUrl\":\"https:\\\/\\\/www.immobilienbusiness.ch\\\/wp-content\\\/uploads\\\/2021\\\/07\\\/logo_ib.png\",\"width\":800,\"height\":181,\"caption\":\"IMMOBILIEN Business\"},\"image\":{\"@id\":\"https:\\\/\\\/www.immobilienbusiness.ch\\\/#\\\/schema\\\/logo\\\/image\\\/\"},\"sameAs\":[\"https:\\\/\\\/www.facebook.com\\\/immobilienbusiness\\\/\"]},{\"@type\":\"Person\",\"@id\":\"https:\\\/\\\/www.immobilienbusiness.ch\\\/#\\\/schema\\\/person\\\/aa2bace6c5c5aad60102004a50c4eb1c\",\"name\":\"Redaktion\",\"image\":{\"@type\":\"ImageObject\",\"inLanguage\":\"fr-FR\",\"@id\":\"https:\\\/\\\/secure.gravatar.com\\\/avatar\\\/ae2f4d718e6c49043e314ce431e7e645d646302a24a5ef5a8bc8e3f5a032e319?s=96&d=mm&r=g\",\"url\":\"https:\\\/\\\/secure.gravatar.com\\\/avatar\\\/ae2f4d718e6c49043e314ce431e7e645d646302a24a5ef5a8bc8e3f5a032e319?s=96&d=mm&r=g\",\"contentUrl\":\"https:\\\/\\\/secure.gravatar.com\\\/avatar\\\/ae2f4d718e6c49043e314ce431e7e645d646302a24a5ef5a8bc8e3f5a032e319?s=96&d=mm&r=g\",\"caption\":\"Redaktion\"},\"sameAs\":[\"http:\\\/\\\/develop.organisator.galledia.ch\"],\"url\":\"https:\\\/\\\/www.immobilienbusiness.ch\\\/fr\\\/author\\\/admin\\\/\"}]}<\/script>\n<!-- \/ Yoast SEO plugin. -->","yoast_head_json":{"title":"D\u00e9but des travaux pour le quartier B\u00fclachguss - IMMOBILIEN Business","description":"Les choses avancent sur le site de B\u00fclachguss au nord de Zurich. Les travaux de pr\u00e9paration du quartier B\u00fclachguss d\u00e9buteront en septembre.","robots":{"index":"index","follow":"follow","max-snippet":"max-snippet:-1","max-image-preview":"max-image-preview:large","max-video-preview":"max-video-preview:-1"},"canonical":"https:\/\/www.immobilienbusiness.ch\/fr\/buero\/2016-08-03\/start-der-arbeiten-fuer-quartier-buelachguss\/","og_locale":"fr_FR","og_type":"article","og_title":"Start der Arbeiten f\u00fcr Quartier B\u00fclachguss","og_description":"Es geht voran auf dem B\u00fclachguss-Areal im Norden Z\u00fcrichs, wo Allreal ein neues Quartier plant. Im Rahmen der Bewilligungsverfahren werden Anfang August die Baugespanne gestellt. Die Vorbereitungsarbeiten f\u00fcr das Quartier B\u00fclachguss starten im September.","og_url":"https:\/\/www.immobilienbusiness.ch\/fr\/buero\/2016-08-03\/start-der-arbeiten-fuer-quartier-buelachguss\/","og_site_name":"IMMOBILIEN Business","article_publisher":"https:\/\/www.facebook.com\/immobilienbusiness\/","article_published_time":"2016-08-03T07:10:31+00:00","author":"Redaktion","twitter_card":"summary_large_image","twitter_image":"https:\/\/www.immobilienbusiness.ch\/wp-content\/uploads\/2016\/12\/Start-der-Arbeiten-fuer-Quartier-Buelachguss-immobilien-business.jpg","schema":{"@context":"https:\/\/schema.org","@graph":[{"@type":"Article","@id":"https:\/\/www.immobilienbusiness.ch\/buero\/2016-08-03\/start-der-arbeiten-fuer-quartier-buelachguss\/#article","isPartOf":{"@id":"https:\/\/www.immobilienbusiness.ch\/buero\/2016-08-03\/start-der-arbeiten-fuer-quartier-buelachguss\/"},"author":{"name":"Redaktion","@id":"https:\/\/www.immobilienbusiness.ch\/#\/schema\/person\/aa2bace6c5c5aad60102004a50c4eb1c"},"headline":"Start der Arbeiten f\u00fcr Quartier B\u00fclachguss","datePublished":"2016-08-03T07:10:31+00:00","mainEntityOfPage":{"@id":"https:\/\/www.immobilienbusiness.ch\/buero\/2016-08-03\/start-der-arbeiten-fuer-quartier-buelachguss\/"},"wordCount":257,"commentCount":0,"publisher":{"@id":"https:\/\/www.immobilienbusiness.ch\/#organization"},"image":{"@id":"https:\/\/www.immobilienbusiness.ch\/buero\/2016-08-03\/start-der-arbeiten-fuer-quartier-buelachguss\/#primaryimage"},"thumbnailUrl":"https:\/\/www.immobilienbusiness.ch\/wp-content\/uploads\/2016\/12\/Start-der-Arbeiten-fuer-Quartier-Buelachguss-immobilien-business.jpg","keywords":["B\u00fcro","Projektentwicklung","Regionen","Residential","Wohnen","Z\u00fcrich"],"articleSection":["B\u00dcRO","REGIONEN","RESIDENTIAL"],"inLanguage":"fr-FR"},{"@type":"WebPage","@id":"https:\/\/www.immobilienbusiness.ch\/buero\/2016-08-03\/start-der-arbeiten-fuer-quartier-buelachguss\/","url":"https:\/\/www.immobilienbusiness.ch\/buero\/2016-08-03\/start-der-arbeiten-fuer-quartier-buelachguss\/","name":"D\u00e9but des travaux pour le quartier B\u00fclachguss - IMMOBILIEN Business","isPartOf":{"@id":"https:\/\/www.immobilienbusiness.ch\/#website"},"primaryImageOfPage":{"@id":"https:\/\/www.immobilienbusiness.ch\/buero\/2016-08-03\/start-der-arbeiten-fuer-quartier-buelachguss\/#primaryimage"},"image":{"@id":"https:\/\/www.immobilienbusiness.ch\/buero\/2016-08-03\/start-der-arbeiten-fuer-quartier-buelachguss\/#primaryimage"},"thumbnailUrl":"https:\/\/www.immobilienbusiness.ch\/wp-content\/uploads\/2016\/12\/Start-der-Arbeiten-fuer-Quartier-Buelachguss-immobilien-business.jpg","datePublished":"2016-08-03T07:10:31+00:00","description":"Les choses avancent sur le site de B\u00fclachguss au nord de Zurich. Les travaux de pr\u00e9paration du quartier B\u00fclachguss d\u00e9buteront en septembre.","breadcrumb":{"@id":"https:\/\/www.immobilienbusiness.ch\/buero\/2016-08-03\/start-der-arbeiten-fuer-quartier-buelachguss\/#breadcrumb"},"inLanguage":"fr-FR","potentialAction":[{"@type":"ReadAction","target":["https:\/\/www.immobilienbusiness.ch\/buero\/2016-08-03\/start-der-arbeiten-fuer-quartier-buelachguss\/"]}]},{"@type":"ImageObject","inLanguage":"fr-FR","@id":"https:\/\/www.immobilienbusiness.ch\/buero\/2016-08-03\/start-der-arbeiten-fuer-quartier-buelachguss\/#primaryimage","url":"https:\/\/www.immobilienbusiness.ch\/wp-content\/uploads\/2016\/12\/Start-der-Arbeiten-fuer-Quartier-Buelachguss-immobilien-business.jpg","contentUrl":"https:\/\/www.immobilienbusiness.ch\/wp-content\/uploads\/2016\/12\/Start-der-Arbeiten-fuer-Quartier-Buelachguss-immobilien-business.jpg","width":2000,"height":1483,"caption":"Auf dem B\u00fclachguss-Areal entsteht ein neues Quartier (Visualisierung: Allreal)"},{"@type":"BreadcrumbList","@id":"https:\/\/www.immobilienbusiness.ch\/buero\/2016-08-03\/start-der-arbeiten-fuer-quartier-buelachguss\/#breadcrumb","itemListElement":[{"@type":"ListItem","position":1,"name":"Home","item":"https:\/\/www.immobilienbusiness.ch\/"},{"@type":"ListItem","position":2,"name":"Start der Arbeiten f\u00fcr Quartier B\u00fclachguss"}]},{"@type":"WebSite","@id":"https:\/\/www.immobilienbusiness.ch\/#website","url":"https:\/\/www.immobilienbusiness.ch\/","name":"IMMOBILIER Business","description":"Magazine \u00e9conomique suisse ind\u00e9pendant ax\u00e9 sur l'immobilier, l'architecture et la construction ainsi que sur les investissements et le financement.","publisher":{"@id":"https:\/\/www.immobilienbusiness.ch\/#organization"},"potentialAction":[{"@type":"SearchAction","target":{"@type":"EntryPoint","urlTemplate":"https:\/\/www.immobilienbusiness.ch\/?s={search_term_string}"},"query-input":{"@type":"PropertyValueSpecification","valueRequired":true,"valueName":"search_term_string"}}],"inLanguage":"fr-FR"},{"@type":"Organization","@id":"https:\/\/www.immobilienbusiness.ch\/#organization","name":"IMMOBILIER Business","url":"https:\/\/www.immobilienbusiness.ch\/","logo":{"@type":"ImageObject","inLanguage":"fr-FR","@id":"https:\/\/www.immobilienbusiness.ch\/#\/schema\/logo\/image\/","url":"https:\/\/www.immobilienbusiness.ch\/wp-content\/uploads\/2021\/07\/logo_ib.png","contentUrl":"https:\/\/www.immobilienbusiness.ch\/wp-content\/uploads\/2021\/07\/logo_ib.png","width":800,"height":181,"caption":"IMMOBILIEN Business"},"image":{"@id":"https:\/\/www.immobilienbusiness.ch\/#\/schema\/logo\/image\/"},"sameAs":["https:\/\/www.facebook.com\/immobilienbusiness\/"]},{"@type":"Person","@id":"https:\/\/www.immobilienbusiness.ch\/#\/schema\/person\/aa2bace6c5c5aad60102004a50c4eb1c","name":"Editorial","image":{"@type":"ImageObject","inLanguage":"fr-FR","@id":"https:\/\/secure.gravatar.com\/avatar\/ae2f4d718e6c49043e314ce431e7e645d646302a24a5ef5a8bc8e3f5a032e319?s=96&d=mm&r=g","url":"https:\/\/secure.gravatar.com\/avatar\/ae2f4d718e6c49043e314ce431e7e645d646302a24a5ef5a8bc8e3f5a032e319?s=96&d=mm&r=g","contentUrl":"https:\/\/secure.gravatar.com\/avatar\/ae2f4d718e6c49043e314ce431e7e645d646302a24a5ef5a8bc8e3f5a032e319?s=96&d=mm&r=g","caption":"Redaktion"},"sameAs":["http:\/\/develop.organisator.galledia.ch"],"url":"https:\/\/www.immobilienbusiness.ch\/fr\/author\/admin\/"}]}},"_links":{"self":[{"href":"https:\/\/www.immobilienbusiness.ch\/fr\/wp-json\/wp\/v2\/posts\/3403","targetHints":{"allow":["GET"]}}],"collection":[{"href":"https:\/\/www.immobilienbusiness.ch\/fr\/wp-json\/wp\/v2\/posts"}],"about":[{"href":"https:\/\/www.immobilienbusiness.ch\/fr\/wp-json\/wp\/v2\/types\/post"}],"author":[{"embeddable":true,"href":"https:\/\/www.immobilienbusiness.ch\/fr\/wp-json\/wp\/v2\/users\/1"}],"replies":[{"embeddable":true,"href":"https:\/\/www.immobilienbusiness.ch\/fr\/wp-json\/wp\/v2\/comments?post=3403"}],"version-history":[{"count":0,"href":"https:\/\/www.immobilienbusiness.ch\/fr\/wp-json\/wp\/v2\/posts\/3403\/revisions"}],"wp:featuredmedia":[{"embeddable":true,"href":"https:\/\/www.immobilienbusiness.ch\/fr\/wp-json\/wp\/v2\/media\/3406"}],"wp:attachment":[{"href":"https:\/\/www.immobilienbusiness.ch\/fr\/wp-json\/wp\/v2\/media?parent=3403"}],"wp:term":[{"taxonomy":"category","embeddable":true,"href":"https:\/\/www.immobilienbusiness.ch\/fr\/wp-json\/wp\/v2\/categories?post=3403"},{"taxonomy":"post_tag","embeddable":true,"href":"https:\/\/www.immobilienbusiness.ch\/fr\/wp-json\/wp\/v2\/tags?post=3403"}],"curies":[{"name":"wp","href":"https:\/\/api.w.org\/{rel}","templated":true}]}}