{"id":3400,"date":"2016-08-03T08:36:22","date_gmt":"2016-08-03T06:36:22","guid":{"rendered":"http:\/\/dev.immobilienbusiness.ch\/?p=3400"},"modified":"2016-08-03T08:36:22","modified_gmt":"2016-08-03T06:36:22","slug":"nadel-von-liestal-architekt-plant-wohnturm","status":"publish","type":"post","link":"https:\/\/www.immobilienbusiness.ch\/fr\/residential\/2016-08-03\/nadel-von-liestal-architekt-plant-wohnturm\/","title":{"rendered":"\"Aiguille de Liestal\" : l'architecte pr\u00e9voit une tour r\u00e9sidentielle"},"content":{"rendered":"<figure id=\"attachment_3401\" aria-describedby=\"caption-attachment-3401\" style=\"width: 680px\" class=\"wp-caption alignnone\"><img loading=\"lazy\" decoding=\"async\" class=\"size-medium wp-image-3401\" src=\"https:\/\/immobilienbusiness.ch\/wp-content\/uploads\/2016\/12\/Nadel-von-Liestal-Architekt-plant-Wohnturm-immobilien-business.jpg\" alt=\"Der Architekt Bernhard Bossard plant in Liestal einen 182 Meter hohen Wohnturm. (Foto: Pixabay)\" width=\"680\" height=\"453\" srcset=\"https:\/\/www.immobilienbusiness.ch\/wp-content\/uploads\/2016\/12\/Nadel-von-Liestal-Architekt-plant-Wohnturm-immobilien-business.jpg 1280w, https:\/\/www.immobilienbusiness.ch\/wp-content\/uploads\/2016\/12\/Nadel-von-Liestal-Architekt-plant-Wohnturm-immobilien-business-300x200.jpg 300w, https:\/\/www.immobilienbusiness.ch\/wp-content\/uploads\/2016\/12\/Nadel-von-Liestal-Architekt-plant-Wohnturm-immobilien-business-1024x682.jpg 1024w, https:\/\/www.immobilienbusiness.ch\/wp-content\/uploads\/2016\/12\/Nadel-von-Liestal-Architekt-plant-Wohnturm-immobilien-business-768x512.jpg 768w, https:\/\/www.immobilienbusiness.ch\/wp-content\/uploads\/2016\/12\/Nadel-von-Liestal-Architekt-plant-Wohnturm-immobilien-business-16x12.jpg 16w, https:\/\/www.immobilienbusiness.ch\/wp-content\/uploads\/2016\/12\/Nadel-von-Liestal-Architekt-plant-Wohnturm-immobilien-business-263x175.jpg 263w, https:\/\/www.immobilienbusiness.ch\/wp-content\/uploads\/2016\/12\/Nadel-von-Liestal-Architekt-plant-Wohnturm-immobilien-business-525x350.jpg 525w, https:\/\/www.immobilienbusiness.ch\/wp-content\/uploads\/2016\/12\/Nadel-von-Liestal-Architekt-plant-Wohnturm-immobilien-business-1200x800.jpg 1200w, https:\/\/www.immobilienbusiness.ch\/wp-content\/uploads\/2016\/12\/Nadel-von-Liestal-Architekt-plant-Wohnturm-immobilien-business-920x613.jpg 920w\" sizes=\"auto, (max-width: 680px) 100vw, 680px\" \/><figcaption id=\"caption-attachment-3401\" class=\"wp-caption-text\">L'architecte Bernhard Bossard pr\u00e9voit de construire une tour d'habitation de 182 m\u00e8tres de haut \u00e0 Liestal. (Photo : Pixabay)<\/figcaption><\/figure>\n<p>L'architecte Bernhard Bossard veut construire un nouveau point de rep\u00e8re pr\u00e8s de la gare de Liestal. Selon un rapport de la <em>Journal de B\u00e2le-Campagne<\/em>\u00a0Bosshard pr\u00e9voit une tour d'habitation de 182 m\u00e8tres de haut et de seulement 17 m\u00e8tres de diam\u00e8tre. L'\"aiguille de Liestal\" serait ainsi le deuxi\u00e8me b\u00e2timent le plus haut de Suisse apr\u00e8s le b\u00e2timent 2 de 205 m\u00e8tres de haut \u00e0 B\u00e2le, que le groupe pharmaceutique Roche veut \u00e9riger. La tour de Bossard serait autosuffisante en \u00e9nergie et serait notamment \u00e9quip\u00e9e d'une fa\u00e7ade thermique qui absorberait le rayonnement solaire.<\/p>\n<p>A Liestal, il existe d\u00e9j\u00e0 des plans pour une nouvelle gare, une annexe de 25 m\u00e8tres de haut, un immeuble de 57 m\u00e8tres de haut et un nouveau b\u00e2timent pour la poste. Tout cela est \"trop horizontal\" dans un langage architectural similaire, explique Bossard au journal. Il a donc recherch\u00e9 un \"choc vertical positif\".<\/p>\n<p>La tour doit \u00eatre construite sur un terrain de 1.600 m\u00b2 situ\u00e9 au 12 de l'Oristalstrasse, qui appartient \u00e0 une soci\u00e9t\u00e9 anonyme derri\u00e8re laquelle se trouvent deux fr\u00e8res Bossard. L'architecte estime les co\u00fbts de construction de la tour d'habitation \u00e0 55 millions de CHF. Il n'est toutefois pas certain que les plans puissent \u00eatre transform\u00e9s en r\u00e9alit\u00e9. Bosshard est actuellement \u00e0 la recherche d'un investisseur qui prendrait en charge les frais de planification suppl\u00e9mentaires de 300 000 \u00e0 400 000 CHF. Une modification du plan de zone serait \u00e9galement n\u00e9cessaire, sur laquelle les \u00e9lecteurs devraient probablement se prononcer.<\/p>\n<p>L'urbaniste cantonal de B\u00e2le-Campagne, Martin Kolb, a exprim\u00e9 dans la <em>Journal de B\u00e2le-Campagne<\/em> d\u00e9j\u00e0 quelques r\u00e9serves : Une tour de 182 m\u00e8tres de haut ne marque pas seulement l'environnement imm\u00e9diat du point de vue urbanistique. L'\"aiguille de Liestal\" serait visible de presque partout dans la r\u00e9gion, comme la tour Roche de B\u00e2le. Ces tours auraient donc une importance supracommunale et devraient r\u00e9pondre \u00e0 des exigences plus \u00e9lev\u00e9es en mati\u00e8re d'adaptation au paysage. (ah)<\/p>","protected":false},"excerpt":{"rendered":"<p>L'architecte Bernhard Bossard pr\u00e9voit de construire une tour d'habitation de 182 m\u00e8tres de haut \u00e0 Liestal. Elle devrait abriter 114 appartements sur 60 \u00e9tages. L'architecte est actuellement \u00e0 la recherche d'investisseurs pour ce projet.<\/p>","protected":false},"author":1,"featured_media":3401,"comment_status":"open","ping_status":"open","sticky":false,"template":"","format":"standard","meta":{"_acf_changed":false,"_yoast_wpseo_focuskw":"Nadel von Liestal","_yoast_wpseo_title":"","_yoast_wpseo_metadesc":"\u00abNadel von Liestal\u00bb: Architekt Bernhard Bossard plant in Liestal einen 182 m hohen Wohnturm. Auf 60 Stockwerken sollen 114 Wohnungen untergebracht werden.","_yoast_wpseo_linkdex":87,"pgc_sgb_lightbox_settings":"","footnotes":""},"categories":[986],"tags":[1069,1639,1862],"class_list":["post-3400","post","type-post","status-publish","format-standard","has-post-thumbnail","hentry","category-residential","tag-basel","tag-residential","tag-wohnen"],"acf":[],"yoast_head":"<!-- This site is optimized with the Yoast SEO plugin v27.5 - https:\/\/yoast.com\/product\/yoast-seo-wordpress\/ -->\n<title>\u00abNadel von Liestal\u00bb: Architekt plant Wohnturm - IMMOBILIEN Business<\/title>\n<meta name=\"description\" content=\"\u00abNadel von Liestal\u00bb: Architekt Bernhard Bossard plant in Liestal einen 182 m hohen Wohnturm. Auf 60 Stockwerken sollen 114 Wohnungen untergebracht werden.\" \/>\n<meta name=\"robots\" content=\"index, follow, max-snippet:-1, max-image-preview:large, max-video-preview:-1\" \/>\n<link rel=\"canonical\" href=\"https:\/\/www.immobilienbusiness.ch\/fr\/residential\/2016-08-03\/nadel-von-liestal-architekt-plant-wohnturm\/\" \/>\n<meta property=\"og:locale\" content=\"fr_FR\" \/>\n<meta property=\"og:type\" content=\"article\" \/>\n<meta property=\"og:title\" content=\"\u00abNadel von Liestal\u00bb: Architekt plant Wohnturm\" \/>\n<meta property=\"og:description\" content=\"Der Architekt Bernhard Bossard plant in Liestal einen 182 Meter hohen Wohnturm. Auf 60 Stockwerken sollen 114 Wohnungen untergebracht werden. F\u00fcr das Vorhaben sucht der Architekt derzeit nach Investoren.\" \/>\n<meta property=\"og:url\" content=\"https:\/\/www.immobilienbusiness.ch\/fr\/residential\/2016-08-03\/nadel-von-liestal-architekt-plant-wohnturm\/\" \/>\n<meta property=\"og:site_name\" content=\"IMMOBILIEN Business\" \/>\n<meta property=\"article:publisher\" content=\"https:\/\/www.facebook.com\/immobilienbusiness\/\" \/>\n<meta property=\"article:published_time\" content=\"2016-08-03T06:36:22+00:00\" \/>\n<meta name=\"author\" content=\"Redaktion\" \/>\n<meta name=\"twitter:card\" content=\"summary_large_image\" \/>\n<meta name=\"twitter:image\" content=\"https:\/\/www.immobilienbusiness.ch\/wp-content\/uploads\/2016\/12\/Nadel-von-Liestal-Architekt-plant-Wohnturm-immobilien-business.jpg\" \/>\n<script type=\"application\/ld+json\" class=\"yoast-schema-graph\">{\"@context\":\"https:\\\/\\\/schema.org\",\"@graph\":[{\"@type\":\"Article\",\"@id\":\"https:\\\/\\\/www.immobilienbusiness.ch\\\/residential\\\/2016-08-03\\\/nadel-von-liestal-architekt-plant-wohnturm\\\/#article\",\"isPartOf\":{\"@id\":\"https:\\\/\\\/www.immobilienbusiness.ch\\\/residential\\\/2016-08-03\\\/nadel-von-liestal-architekt-plant-wohnturm\\\/\"},\"author\":{\"name\":\"Redaktion\",\"@id\":\"https:\\\/\\\/www.immobilienbusiness.ch\\\/#\\\/schema\\\/person\\\/aa2bace6c5c5aad60102004a50c4eb1c\"},\"headline\":\"\u00abNadel von Liestal\u00bb: Architekt plant Wohnturm\",\"datePublished\":\"2016-08-03T06:36:22+00:00\",\"mainEntityOfPage\":{\"@id\":\"https:\\\/\\\/www.immobilienbusiness.ch\\\/residential\\\/2016-08-03\\\/nadel-von-liestal-architekt-plant-wohnturm\\\/\"},\"wordCount\":318,\"commentCount\":0,\"publisher\":{\"@id\":\"https:\\\/\\\/www.immobilienbusiness.ch\\\/#organization\"},\"image\":{\"@id\":\"https:\\\/\\\/www.immobilienbusiness.ch\\\/residential\\\/2016-08-03\\\/nadel-von-liestal-architekt-plant-wohnturm\\\/#primaryimage\"},\"thumbnailUrl\":\"https:\\\/\\\/www.immobilienbusiness.ch\\\/wp-content\\\/uploads\\\/2016\\\/12\\\/Nadel-von-Liestal-Architekt-plant-Wohnturm-immobilien-business.jpg\",\"keywords\":[\"Basel\",\"Residential\",\"Wohnen\"],\"articleSection\":[\"RESIDENTIAL\"],\"inLanguage\":\"fr-FR\"},{\"@type\":\"WebPage\",\"@id\":\"https:\\\/\\\/www.immobilienbusiness.ch\\\/residential\\\/2016-08-03\\\/nadel-von-liestal-architekt-plant-wohnturm\\\/\",\"url\":\"https:\\\/\\\/www.immobilienbusiness.ch\\\/residential\\\/2016-08-03\\\/nadel-von-liestal-architekt-plant-wohnturm\\\/\",\"name\":\"\u00abNadel von Liestal\u00bb: Architekt plant Wohnturm - IMMOBILIEN Business\",\"isPartOf\":{\"@id\":\"https:\\\/\\\/www.immobilienbusiness.ch\\\/#website\"},\"primaryImageOfPage\":{\"@id\":\"https:\\\/\\\/www.immobilienbusiness.ch\\\/residential\\\/2016-08-03\\\/nadel-von-liestal-architekt-plant-wohnturm\\\/#primaryimage\"},\"image\":{\"@id\":\"https:\\\/\\\/www.immobilienbusiness.ch\\\/residential\\\/2016-08-03\\\/nadel-von-liestal-architekt-plant-wohnturm\\\/#primaryimage\"},\"thumbnailUrl\":\"https:\\\/\\\/www.immobilienbusiness.ch\\\/wp-content\\\/uploads\\\/2016\\\/12\\\/Nadel-von-Liestal-Architekt-plant-Wohnturm-immobilien-business.jpg\",\"datePublished\":\"2016-08-03T06:36:22+00:00\",\"description\":\"\u00abNadel von Liestal\u00bb: Architekt Bernhard Bossard plant in Liestal einen 182 m hohen Wohnturm. Auf 60 Stockwerken sollen 114 Wohnungen untergebracht werden.\",\"breadcrumb\":{\"@id\":\"https:\\\/\\\/www.immobilienbusiness.ch\\\/residential\\\/2016-08-03\\\/nadel-von-liestal-architekt-plant-wohnturm\\\/#breadcrumb\"},\"inLanguage\":\"fr-FR\",\"potentialAction\":[{\"@type\":\"ReadAction\",\"target\":[\"https:\\\/\\\/www.immobilienbusiness.ch\\\/residential\\\/2016-08-03\\\/nadel-von-liestal-architekt-plant-wohnturm\\\/\"]}]},{\"@type\":\"ImageObject\",\"inLanguage\":\"fr-FR\",\"@id\":\"https:\\\/\\\/www.immobilienbusiness.ch\\\/residential\\\/2016-08-03\\\/nadel-von-liestal-architekt-plant-wohnturm\\\/#primaryimage\",\"url\":\"https:\\\/\\\/www.immobilienbusiness.ch\\\/wp-content\\\/uploads\\\/2016\\\/12\\\/Nadel-von-Liestal-Architekt-plant-Wohnturm-immobilien-business.jpg\",\"contentUrl\":\"https:\\\/\\\/www.immobilienbusiness.ch\\\/wp-content\\\/uploads\\\/2016\\\/12\\\/Nadel-von-Liestal-Architekt-plant-Wohnturm-immobilien-business.jpg\",\"width\":1280,\"height\":853,\"caption\":\"Der Architekt Bernhard Bossard plant in Liestal einen 182 Meter hohen Wohnturm. (Foto: Pixabay)\"},{\"@type\":\"BreadcrumbList\",\"@id\":\"https:\\\/\\\/www.immobilienbusiness.ch\\\/residential\\\/2016-08-03\\\/nadel-von-liestal-architekt-plant-wohnturm\\\/#breadcrumb\",\"itemListElement\":[{\"@type\":\"ListItem\",\"position\":1,\"name\":\"Home\",\"item\":\"https:\\\/\\\/www.immobilienbusiness.ch\\\/\"},{\"@type\":\"ListItem\",\"position\":2,\"name\":\"\u00abNadel von Liestal\u00bb: Architekt plant Wohnturm\"}]},{\"@type\":\"WebSite\",\"@id\":\"https:\\\/\\\/www.immobilienbusiness.ch\\\/#website\",\"url\":\"https:\\\/\\\/www.immobilienbusiness.ch\\\/\",\"name\":\"IMMOBILIEN Business\",\"description\":\"Unabh\u00e4ngiges Schweizer Wirtschaftsmagazin mit Fokus auf Immobilien, Architektur- und Bau sowie Investment- und Finanzierung.\",\"publisher\":{\"@id\":\"https:\\\/\\\/www.immobilienbusiness.ch\\\/#organization\"},\"potentialAction\":[{\"@type\":\"SearchAction\",\"target\":{\"@type\":\"EntryPoint\",\"urlTemplate\":\"https:\\\/\\\/www.immobilienbusiness.ch\\\/?s={search_term_string}\"},\"query-input\":{\"@type\":\"PropertyValueSpecification\",\"valueRequired\":true,\"valueName\":\"search_term_string\"}}],\"inLanguage\":\"fr-FR\"},{\"@type\":\"Organization\",\"@id\":\"https:\\\/\\\/www.immobilienbusiness.ch\\\/#organization\",\"name\":\"IMMOBILIEN Business\",\"url\":\"https:\\\/\\\/www.immobilienbusiness.ch\\\/\",\"logo\":{\"@type\":\"ImageObject\",\"inLanguage\":\"fr-FR\",\"@id\":\"https:\\\/\\\/www.immobilienbusiness.ch\\\/#\\\/schema\\\/logo\\\/image\\\/\",\"url\":\"https:\\\/\\\/www.immobilienbusiness.ch\\\/wp-content\\\/uploads\\\/2021\\\/07\\\/logo_ib.png\",\"contentUrl\":\"https:\\\/\\\/www.immobilienbusiness.ch\\\/wp-content\\\/uploads\\\/2021\\\/07\\\/logo_ib.png\",\"width\":800,\"height\":181,\"caption\":\"IMMOBILIEN Business\"},\"image\":{\"@id\":\"https:\\\/\\\/www.immobilienbusiness.ch\\\/#\\\/schema\\\/logo\\\/image\\\/\"},\"sameAs\":[\"https:\\\/\\\/www.facebook.com\\\/immobilienbusiness\\\/\"]},{\"@type\":\"Person\",\"@id\":\"https:\\\/\\\/www.immobilienbusiness.ch\\\/#\\\/schema\\\/person\\\/aa2bace6c5c5aad60102004a50c4eb1c\",\"name\":\"Redaktion\",\"image\":{\"@type\":\"ImageObject\",\"inLanguage\":\"fr-FR\",\"@id\":\"https:\\\/\\\/secure.gravatar.com\\\/avatar\\\/ae2f4d718e6c49043e314ce431e7e645d646302a24a5ef5a8bc8e3f5a032e319?s=96&d=mm&r=g\",\"url\":\"https:\\\/\\\/secure.gravatar.com\\\/avatar\\\/ae2f4d718e6c49043e314ce431e7e645d646302a24a5ef5a8bc8e3f5a032e319?s=96&d=mm&r=g\",\"contentUrl\":\"https:\\\/\\\/secure.gravatar.com\\\/avatar\\\/ae2f4d718e6c49043e314ce431e7e645d646302a24a5ef5a8bc8e3f5a032e319?s=96&d=mm&r=g\",\"caption\":\"Redaktion\"},\"sameAs\":[\"http:\\\/\\\/develop.organisator.galledia.ch\"],\"url\":\"https:\\\/\\\/www.immobilienbusiness.ch\\\/fr\\\/author\\\/admin\\\/\"}]}<\/script>\n<!-- \/ Yoast SEO plugin. -->","yoast_head_json":{"title":"\u00abNadel von Liestal\u00bb: Architekt plant Wohnturm - IMMOBILIEN Business","description":"\u00abNadel von Liestal\u00bb: Architekt Bernhard Bossard plant in Liestal einen 182 m hohen Wohnturm. Auf 60 Stockwerken sollen 114 Wohnungen untergebracht werden.","robots":{"index":"index","follow":"follow","max-snippet":"max-snippet:-1","max-image-preview":"max-image-preview:large","max-video-preview":"max-video-preview:-1"},"canonical":"https:\/\/www.immobilienbusiness.ch\/fr\/residential\/2016-08-03\/nadel-von-liestal-architekt-plant-wohnturm\/","og_locale":"fr_FR","og_type":"article","og_title":"\u00abNadel von Liestal\u00bb: Architekt plant Wohnturm","og_description":"Der Architekt Bernhard Bossard plant in Liestal einen 182 Meter hohen Wohnturm. Auf 60 Stockwerken sollen 114 Wohnungen untergebracht werden. F\u00fcr das Vorhaben sucht der Architekt derzeit nach Investoren.","og_url":"https:\/\/www.immobilienbusiness.ch\/fr\/residential\/2016-08-03\/nadel-von-liestal-architekt-plant-wohnturm\/","og_site_name":"IMMOBILIEN Business","article_publisher":"https:\/\/www.facebook.com\/immobilienbusiness\/","article_published_time":"2016-08-03T06:36:22+00:00","author":"Redaktion","twitter_card":"summary_large_image","twitter_image":"https:\/\/www.immobilienbusiness.ch\/wp-content\/uploads\/2016\/12\/Nadel-von-Liestal-Architekt-plant-Wohnturm-immobilien-business.jpg","schema":{"@context":"https:\/\/schema.org","@graph":[{"@type":"Article","@id":"https:\/\/www.immobilienbusiness.ch\/residential\/2016-08-03\/nadel-von-liestal-architekt-plant-wohnturm\/#article","isPartOf":{"@id":"https:\/\/www.immobilienbusiness.ch\/residential\/2016-08-03\/nadel-von-liestal-architekt-plant-wohnturm\/"},"author":{"name":"Redaktion","@id":"https:\/\/www.immobilienbusiness.ch\/#\/schema\/person\/aa2bace6c5c5aad60102004a50c4eb1c"},"headline":"\u00abNadel von Liestal\u00bb: Architekt plant Wohnturm","datePublished":"2016-08-03T06:36:22+00:00","mainEntityOfPage":{"@id":"https:\/\/www.immobilienbusiness.ch\/residential\/2016-08-03\/nadel-von-liestal-architekt-plant-wohnturm\/"},"wordCount":318,"commentCount":0,"publisher":{"@id":"https:\/\/www.immobilienbusiness.ch\/#organization"},"image":{"@id":"https:\/\/www.immobilienbusiness.ch\/residential\/2016-08-03\/nadel-von-liestal-architekt-plant-wohnturm\/#primaryimage"},"thumbnailUrl":"https:\/\/www.immobilienbusiness.ch\/wp-content\/uploads\/2016\/12\/Nadel-von-Liestal-Architekt-plant-Wohnturm-immobilien-business.jpg","keywords":["Basel","Residential","Wohnen"],"articleSection":["RESIDENTIAL"],"inLanguage":"fr-FR"},{"@type":"WebPage","@id":"https:\/\/www.immobilienbusiness.ch\/residential\/2016-08-03\/nadel-von-liestal-architekt-plant-wohnturm\/","url":"https:\/\/www.immobilienbusiness.ch\/residential\/2016-08-03\/nadel-von-liestal-architekt-plant-wohnturm\/","name":"\u00abNadel von Liestal\u00bb: Architekt plant Wohnturm - IMMOBILIEN Business","isPartOf":{"@id":"https:\/\/www.immobilienbusiness.ch\/#website"},"primaryImageOfPage":{"@id":"https:\/\/www.immobilienbusiness.ch\/residential\/2016-08-03\/nadel-von-liestal-architekt-plant-wohnturm\/#primaryimage"},"image":{"@id":"https:\/\/www.immobilienbusiness.ch\/residential\/2016-08-03\/nadel-von-liestal-architekt-plant-wohnturm\/#primaryimage"},"thumbnailUrl":"https:\/\/www.immobilienbusiness.ch\/wp-content\/uploads\/2016\/12\/Nadel-von-Liestal-Architekt-plant-Wohnturm-immobilien-business.jpg","datePublished":"2016-08-03T06:36:22+00:00","description":"\u00abNadel von Liestal\u00bb: Architekt Bernhard Bossard plant in Liestal einen 182 m hohen Wohnturm. Auf 60 Stockwerken sollen 114 Wohnungen untergebracht werden.","breadcrumb":{"@id":"https:\/\/www.immobilienbusiness.ch\/residential\/2016-08-03\/nadel-von-liestal-architekt-plant-wohnturm\/#breadcrumb"},"inLanguage":"fr-FR","potentialAction":[{"@type":"ReadAction","target":["https:\/\/www.immobilienbusiness.ch\/residential\/2016-08-03\/nadel-von-liestal-architekt-plant-wohnturm\/"]}]},{"@type":"ImageObject","inLanguage":"fr-FR","@id":"https:\/\/www.immobilienbusiness.ch\/residential\/2016-08-03\/nadel-von-liestal-architekt-plant-wohnturm\/#primaryimage","url":"https:\/\/www.immobilienbusiness.ch\/wp-content\/uploads\/2016\/12\/Nadel-von-Liestal-Architekt-plant-Wohnturm-immobilien-business.jpg","contentUrl":"https:\/\/www.immobilienbusiness.ch\/wp-content\/uploads\/2016\/12\/Nadel-von-Liestal-Architekt-plant-Wohnturm-immobilien-business.jpg","width":1280,"height":853,"caption":"Der Architekt Bernhard Bossard plant in Liestal einen 182 Meter hohen Wohnturm. (Foto: Pixabay)"},{"@type":"BreadcrumbList","@id":"https:\/\/www.immobilienbusiness.ch\/residential\/2016-08-03\/nadel-von-liestal-architekt-plant-wohnturm\/#breadcrumb","itemListElement":[{"@type":"ListItem","position":1,"name":"Home","item":"https:\/\/www.immobilienbusiness.ch\/"},{"@type":"ListItem","position":2,"name":"\u00abNadel von Liestal\u00bb: Architekt plant Wohnturm"}]},{"@type":"WebSite","@id":"https:\/\/www.immobilienbusiness.ch\/#website","url":"https:\/\/www.immobilienbusiness.ch\/","name":"IMMOBILIER Business","description":"Magazine \u00e9conomique suisse ind\u00e9pendant ax\u00e9 sur l'immobilier, l'architecture et la construction ainsi que sur les investissements et le financement.","publisher":{"@id":"https:\/\/www.immobilienbusiness.ch\/#organization"},"potentialAction":[{"@type":"SearchAction","target":{"@type":"EntryPoint","urlTemplate":"https:\/\/www.immobilienbusiness.ch\/?s={search_term_string}"},"query-input":{"@type":"PropertyValueSpecification","valueRequired":true,"valueName":"search_term_string"}}],"inLanguage":"fr-FR"},{"@type":"Organization","@id":"https:\/\/www.immobilienbusiness.ch\/#organization","name":"IMMOBILIER Business","url":"https:\/\/www.immobilienbusiness.ch\/","logo":{"@type":"ImageObject","inLanguage":"fr-FR","@id":"https:\/\/www.immobilienbusiness.ch\/#\/schema\/logo\/image\/","url":"https:\/\/www.immobilienbusiness.ch\/wp-content\/uploads\/2021\/07\/logo_ib.png","contentUrl":"https:\/\/www.immobilienbusiness.ch\/wp-content\/uploads\/2021\/07\/logo_ib.png","width":800,"height":181,"caption":"IMMOBILIEN Business"},"image":{"@id":"https:\/\/www.immobilienbusiness.ch\/#\/schema\/logo\/image\/"},"sameAs":["https:\/\/www.facebook.com\/immobilienbusiness\/"]},{"@type":"Person","@id":"https:\/\/www.immobilienbusiness.ch\/#\/schema\/person\/aa2bace6c5c5aad60102004a50c4eb1c","name":"Editorial","image":{"@type":"ImageObject","inLanguage":"fr-FR","@id":"https:\/\/secure.gravatar.com\/avatar\/ae2f4d718e6c49043e314ce431e7e645d646302a24a5ef5a8bc8e3f5a032e319?s=96&d=mm&r=g","url":"https:\/\/secure.gravatar.com\/avatar\/ae2f4d718e6c49043e314ce431e7e645d646302a24a5ef5a8bc8e3f5a032e319?s=96&d=mm&r=g","contentUrl":"https:\/\/secure.gravatar.com\/avatar\/ae2f4d718e6c49043e314ce431e7e645d646302a24a5ef5a8bc8e3f5a032e319?s=96&d=mm&r=g","caption":"Redaktion"},"sameAs":["http:\/\/develop.organisator.galledia.ch"],"url":"https:\/\/www.immobilienbusiness.ch\/fr\/author\/admin\/"}]}},"_links":{"self":[{"href":"https:\/\/www.immobilienbusiness.ch\/fr\/wp-json\/wp\/v2\/posts\/3400","targetHints":{"allow":["GET"]}}],"collection":[{"href":"https:\/\/www.immobilienbusiness.ch\/fr\/wp-json\/wp\/v2\/posts"}],"about":[{"href":"https:\/\/www.immobilienbusiness.ch\/fr\/wp-json\/wp\/v2\/types\/post"}],"author":[{"embeddable":true,"href":"https:\/\/www.immobilienbusiness.ch\/fr\/wp-json\/wp\/v2\/users\/1"}],"replies":[{"embeddable":true,"href":"https:\/\/www.immobilienbusiness.ch\/fr\/wp-json\/wp\/v2\/comments?post=3400"}],"version-history":[{"count":0,"href":"https:\/\/www.immobilienbusiness.ch\/fr\/wp-json\/wp\/v2\/posts\/3400\/revisions"}],"wp:featuredmedia":[{"embeddable":true,"href":"https:\/\/www.immobilienbusiness.ch\/fr\/wp-json\/wp\/v2\/media\/3401"}],"wp:attachment":[{"href":"https:\/\/www.immobilienbusiness.ch\/fr\/wp-json\/wp\/v2\/media?parent=3400"}],"wp:term":[{"taxonomy":"category","embeddable":true,"href":"https:\/\/www.immobilienbusiness.ch\/fr\/wp-json\/wp\/v2\/categories?post=3400"},{"taxonomy":"post_tag","embeddable":true,"href":"https:\/\/www.immobilienbusiness.ch\/fr\/wp-json\/wp\/v2\/tags?post=3400"}],"curies":[{"name":"wp","href":"https:\/\/api.w.org\/{rel}","templated":true}]}}