{"id":3316,"date":"2016-07-25T09:30:20","date_gmt":"2016-07-25T07:30:20","guid":{"rendered":"http:\/\/dev.immobilienbusiness.ch\/?p=3316"},"modified":"2016-07-25T09:30:20","modified_gmt":"2016-07-25T07:30:20","slug":"dufry-und-flughafen-zuerich-verlaengern-partnerschaft-bis-2028","status":"publish","type":"post","link":"https:\/\/www.immobilienbusiness.ch\/fr\/regionen\/2016-07-25\/dufry-und-flughafen-zuerich-verlaengern-partnerschaft-bis-2028\/","title":{"rendered":"Dufry et l'a\u00e9roport de Zurich prolongent leur partenariat jusqu'en 2028"},"content":{"rendered":"<figure id=\"attachment_3317\" aria-describedby=\"caption-attachment-3317\" style=\"width: 680px\" class=\"wp-caption alignnone\"><img loading=\"lazy\" decoding=\"async\" class=\"size-medium wp-image-3317\" src=\"https:\/\/immobilienbusiness.ch\/wp-content\/uploads\/2016\/12\/Dufry-und-Flughafen-Z\u00fcrich-verl\u00e4ngern-Partnerschaft-bis-2028-immobilien-business.jpg\" alt=\"Duty Free-Anbieter Dufry AG und die Flughafen Z\u00fcrich AG haben ihren noch bis 2018 laufenden Vertrag bez\u00fcglich Retail-Fl\u00e4chen am Airport vorzeitig um zehn Jahre verl\u00e4ngert (Bild: Flughafen Z\u00fcrich AG)\" width=\"680\" height=\"505\" \/><figcaption id=\"caption-attachment-3317\" class=\"wp-caption-text\">Le fournisseur de Duty Free Dufry AG et l'a\u00e9roport de Zurich SA ont prolong\u00e9 de dix ans leur contrat relatif aux surfaces de vente au d\u00e9tail \u00e0 l'a\u00e9roport, qui courait jusqu'en 2018 (photo : Flughafen Z\u00fcrich AG).<\/figcaption><\/figure>\n<p>Le nouveau contrat porte sur l'ensemble des surfaces duty free de l'a\u00e9roport de Zurich. Il comprend en outre \"une am\u00e9lioration des valeurs de r\u00e9f\u00e9rence financi\u00e8res pour Flughafen Z\u00fcrich AG ainsi qu'une garantie strat\u00e9gique \u00e0 long terme de l'emplacement de Dufry AG \u00e0 l'a\u00e9roport de Zurich\", est-il indiqu\u00e9 dans un communiqu\u00e9 de presse. Au cours des deux prochaines ann\u00e9es, Dufry AG va r\u00e9am\u00e9nager tous les sites duty-free de l'a\u00e9roport et introduire un nouveau concept de boutique avec \"des marques internationales et une identit\u00e9 suisse\".<\/p>\n<p>De plus, Dufry AG devient locataire d'ancrage pour le module \"Brands &amp; Dialogue\" sur une surface de 5.000 m\u00e8tres carr\u00e9s dans le nouveau centre de services The Circle \u00e0 l'a\u00e9roport de Zurich. (mr)<\/p>","protected":false},"excerpt":{"rendered":"<p>Le fournisseur de Duty Free Dufry SA et l'a\u00e9roport de Zurich SA ont prolong\u00e9 leur contrat de mani\u00e8re anticip\u00e9e (\u00e0 partir de 2018) jusqu'en 2028.<\/p>","protected":false},"author":1,"featured_media":3317,"comment_status":"open","ping_status":"open","sticky":false,"template":"","format":"standard","meta":{"_acf_changed":false,"_yoast_wpseo_focuskw":"Partnerschaft bis 2028","_yoast_wpseo_title":"","_yoast_wpseo_metadesc":"Partnerschaft bis 2028: Der Duty Free-Anbieter Dufry AG und die Flughafen Z\u00fcrich AG haben ihren Vertrag vorzeitig (ab 2018) bis zum Jahr 2028 verl\u00e4ngert.","_yoast_wpseo_linkdex":56,"pgc_sgb_lightbox_settings":"","footnotes":""},"categories":[985,987],"tags":[1230,1629,1643,1888],"class_list":["post-3316","post","type-post","status-publish","format-standard","has-post-thumbnail","hentry","category-regionen","category-retail","tag-flughafen","tag-regionen","tag-retail","tag-zuerich"],"acf":[],"yoast_head":"<!-- This site is optimized with the Yoast SEO plugin v27.5 - https:\/\/yoast.com\/product\/yoast-seo-wordpress\/ -->\n<title>Dufry und Flughafen Z\u00fcrich verl\u00e4ngern Partnerschaft bis 2028 - IMMOBILIEN Business<\/title>\n<meta name=\"description\" content=\"Partnerschaft bis 2028: Der Duty Free-Anbieter Dufry AG und die Flughafen Z\u00fcrich AG haben ihren Vertrag vorzeitig (ab 2018) bis zum Jahr 2028 verl\u00e4ngert.\" \/>\n<meta name=\"robots\" content=\"index, follow, max-snippet:-1, max-image-preview:large, max-video-preview:-1\" \/>\n<link rel=\"canonical\" href=\"https:\/\/www.immobilienbusiness.ch\/fr\/regionen\/2016-07-25\/dufry-und-flughafen-zuerich-verlaengern-partnerschaft-bis-2028\/\" \/>\n<meta property=\"og:locale\" content=\"fr_FR\" \/>\n<meta property=\"og:type\" content=\"article\" \/>\n<meta property=\"og:title\" content=\"Dufry und Flughafen Z\u00fcrich verl\u00e4ngern Partnerschaft bis 2028\" \/>\n<meta property=\"og:description\" content=\"Der Duty Free-Anbieter Dufry AG und die Flughafen Z\u00fcrich AG haben ihren Vertrag vorzeitig (ab 2018) bis zum Jahr 2028 verl\u00e4ngert.\" \/>\n<meta property=\"og:url\" content=\"https:\/\/www.immobilienbusiness.ch\/fr\/regionen\/2016-07-25\/dufry-und-flughafen-zuerich-verlaengern-partnerschaft-bis-2028\/\" \/>\n<meta property=\"og:site_name\" content=\"IMMOBILIEN Business\" \/>\n<meta property=\"article:publisher\" content=\"https:\/\/www.facebook.com\/immobilienbusiness\/\" \/>\n<meta property=\"article:published_time\" content=\"2016-07-25T07:30:20+00:00\" \/>\n<meta name=\"author\" content=\"Redaktion\" \/>\n<meta name=\"twitter:card\" content=\"summary_large_image\" \/>\n<meta name=\"twitter:image\" content=\"https:\/\/www.immobilienbusiness.ch\/wp-content\/uploads\/2016\/12\/Dufry-und-Flughafen-Zuerich-verlaengern-Partnerschaft-bis-2028-immobilien-business.jpg\" \/>\n<script type=\"application\/ld+json\" class=\"yoast-schema-graph\">{\"@context\":\"https:\\\/\\\/schema.org\",\"@graph\":[{\"@type\":\"Article\",\"@id\":\"https:\\\/\\\/www.immobilienbusiness.ch\\\/regionen\\\/2016-07-25\\\/dufry-und-flughafen-zuerich-verlaengern-partnerschaft-bis-2028\\\/#article\",\"isPartOf\":{\"@id\":\"https:\\\/\\\/www.immobilienbusiness.ch\\\/regionen\\\/2016-07-25\\\/dufry-und-flughafen-zuerich-verlaengern-partnerschaft-bis-2028\\\/\"},\"author\":{\"name\":\"Redaktion\",\"@id\":\"https:\\\/\\\/www.immobilienbusiness.ch\\\/#\\\/schema\\\/person\\\/aa2bace6c5c5aad60102004a50c4eb1c\"},\"headline\":\"Dufry und Flughafen Z\u00fcrich verl\u00e4ngern Partnerschaft bis 2028\",\"datePublished\":\"2016-07-25T07:30:20+00:00\",\"mainEntityOfPage\":{\"@id\":\"https:\\\/\\\/www.immobilienbusiness.ch\\\/regionen\\\/2016-07-25\\\/dufry-und-flughafen-zuerich-verlaengern-partnerschaft-bis-2028\\\/\"},\"wordCount\":155,\"commentCount\":0,\"publisher\":{\"@id\":\"https:\\\/\\\/www.immobilienbusiness.ch\\\/#organization\"},\"image\":{\"@id\":\"https:\\\/\\\/www.immobilienbusiness.ch\\\/regionen\\\/2016-07-25\\\/dufry-und-flughafen-zuerich-verlaengern-partnerschaft-bis-2028\\\/#primaryimage\"},\"thumbnailUrl\":\"https:\\\/\\\/www.immobilienbusiness.ch\\\/wp-content\\\/uploads\\\/2016\\\/12\\\/Dufry-und-Flughafen-Zuerich-verlaengern-Partnerschaft-bis-2028-immobilien-business.jpg\",\"keywords\":[\"Flughafen\",\"Regionen\",\"Retail\",\"Z\u00fcrich\"],\"articleSection\":[\"REGIONEN\",\"RETAIL\"],\"inLanguage\":\"fr-FR\"},{\"@type\":\"WebPage\",\"@id\":\"https:\\\/\\\/www.immobilienbusiness.ch\\\/regionen\\\/2016-07-25\\\/dufry-und-flughafen-zuerich-verlaengern-partnerschaft-bis-2028\\\/\",\"url\":\"https:\\\/\\\/www.immobilienbusiness.ch\\\/regionen\\\/2016-07-25\\\/dufry-und-flughafen-zuerich-verlaengern-partnerschaft-bis-2028\\\/\",\"name\":\"Dufry und Flughafen Z\u00fcrich verl\u00e4ngern Partnerschaft bis 2028 - IMMOBILIEN Business\",\"isPartOf\":{\"@id\":\"https:\\\/\\\/www.immobilienbusiness.ch\\\/#website\"},\"primaryImageOfPage\":{\"@id\":\"https:\\\/\\\/www.immobilienbusiness.ch\\\/regionen\\\/2016-07-25\\\/dufry-und-flughafen-zuerich-verlaengern-partnerschaft-bis-2028\\\/#primaryimage\"},\"image\":{\"@id\":\"https:\\\/\\\/www.immobilienbusiness.ch\\\/regionen\\\/2016-07-25\\\/dufry-und-flughafen-zuerich-verlaengern-partnerschaft-bis-2028\\\/#primaryimage\"},\"thumbnailUrl\":\"https:\\\/\\\/www.immobilienbusiness.ch\\\/wp-content\\\/uploads\\\/2016\\\/12\\\/Dufry-und-Flughafen-Zuerich-verlaengern-Partnerschaft-bis-2028-immobilien-business.jpg\",\"datePublished\":\"2016-07-25T07:30:20+00:00\",\"description\":\"Partnerschaft bis 2028: Der Duty Free-Anbieter Dufry AG und die Flughafen Z\u00fcrich AG haben ihren Vertrag vorzeitig (ab 2018) bis zum Jahr 2028 verl\u00e4ngert.\",\"breadcrumb\":{\"@id\":\"https:\\\/\\\/www.immobilienbusiness.ch\\\/regionen\\\/2016-07-25\\\/dufry-und-flughafen-zuerich-verlaengern-partnerschaft-bis-2028\\\/#breadcrumb\"},\"inLanguage\":\"fr-FR\",\"potentialAction\":[{\"@type\":\"ReadAction\",\"target\":[\"https:\\\/\\\/www.immobilienbusiness.ch\\\/regionen\\\/2016-07-25\\\/dufry-und-flughafen-zuerich-verlaengern-partnerschaft-bis-2028\\\/\"]}]},{\"@type\":\"ImageObject\",\"inLanguage\":\"fr-FR\",\"@id\":\"https:\\\/\\\/www.immobilienbusiness.ch\\\/regionen\\\/2016-07-25\\\/dufry-und-flughafen-zuerich-verlaengern-partnerschaft-bis-2028\\\/#primaryimage\",\"url\":\"https:\\\/\\\/www.immobilienbusiness.ch\\\/wp-content\\\/uploads\\\/2016\\\/12\\\/Dufry-und-Flughafen-Zuerich-verlaengern-Partnerschaft-bis-2028-immobilien-business.jpg\",\"contentUrl\":\"https:\\\/\\\/www.immobilienbusiness.ch\\\/wp-content\\\/uploads\\\/2016\\\/12\\\/Dufry-und-Flughafen-Zuerich-verlaengern-Partnerschaft-bis-2028-immobilien-business.jpg\",\"width\":2560,\"height\":1903,\"caption\":\"Duty Free-Anbieter Dufry AG und die Flughafen Z\u00fcrich AG haben ihren noch bis 2018 laufenden Vertrag bez\u00fcglich Retail-Fl\u00e4chen am Airport vorzeitig um zehn Jahre verl\u00e4ngert (Bild: Flughafen Z\u00fcrich AG)\"},{\"@type\":\"BreadcrumbList\",\"@id\":\"https:\\\/\\\/www.immobilienbusiness.ch\\\/regionen\\\/2016-07-25\\\/dufry-und-flughafen-zuerich-verlaengern-partnerschaft-bis-2028\\\/#breadcrumb\",\"itemListElement\":[{\"@type\":\"ListItem\",\"position\":1,\"name\":\"Home\",\"item\":\"https:\\\/\\\/www.immobilienbusiness.ch\\\/\"},{\"@type\":\"ListItem\",\"position\":2,\"name\":\"Dufry und Flughafen Z\u00fcrich verl\u00e4ngern Partnerschaft bis 2028\"}]},{\"@type\":\"WebSite\",\"@id\":\"https:\\\/\\\/www.immobilienbusiness.ch\\\/#website\",\"url\":\"https:\\\/\\\/www.immobilienbusiness.ch\\\/\",\"name\":\"IMMOBILIEN Business\",\"description\":\"Unabh\u00e4ngiges Schweizer Wirtschaftsmagazin mit Fokus auf Immobilien, Architektur- und Bau sowie Investment- und Finanzierung.\",\"publisher\":{\"@id\":\"https:\\\/\\\/www.immobilienbusiness.ch\\\/#organization\"},\"potentialAction\":[{\"@type\":\"SearchAction\",\"target\":{\"@type\":\"EntryPoint\",\"urlTemplate\":\"https:\\\/\\\/www.immobilienbusiness.ch\\\/?s={search_term_string}\"},\"query-input\":{\"@type\":\"PropertyValueSpecification\",\"valueRequired\":true,\"valueName\":\"search_term_string\"}}],\"inLanguage\":\"fr-FR\"},{\"@type\":\"Organization\",\"@id\":\"https:\\\/\\\/www.immobilienbusiness.ch\\\/#organization\",\"name\":\"IMMOBILIEN Business\",\"url\":\"https:\\\/\\\/www.immobilienbusiness.ch\\\/\",\"logo\":{\"@type\":\"ImageObject\",\"inLanguage\":\"fr-FR\",\"@id\":\"https:\\\/\\\/www.immobilienbusiness.ch\\\/#\\\/schema\\\/logo\\\/image\\\/\",\"url\":\"https:\\\/\\\/www.immobilienbusiness.ch\\\/wp-content\\\/uploads\\\/2021\\\/07\\\/logo_ib.png\",\"contentUrl\":\"https:\\\/\\\/www.immobilienbusiness.ch\\\/wp-content\\\/uploads\\\/2021\\\/07\\\/logo_ib.png\",\"width\":800,\"height\":181,\"caption\":\"IMMOBILIEN Business\"},\"image\":{\"@id\":\"https:\\\/\\\/www.immobilienbusiness.ch\\\/#\\\/schema\\\/logo\\\/image\\\/\"},\"sameAs\":[\"https:\\\/\\\/www.facebook.com\\\/immobilienbusiness\\\/\"]},{\"@type\":\"Person\",\"@id\":\"https:\\\/\\\/www.immobilienbusiness.ch\\\/#\\\/schema\\\/person\\\/aa2bace6c5c5aad60102004a50c4eb1c\",\"name\":\"Redaktion\",\"image\":{\"@type\":\"ImageObject\",\"inLanguage\":\"fr-FR\",\"@id\":\"https:\\\/\\\/secure.gravatar.com\\\/avatar\\\/ae2f4d718e6c49043e314ce431e7e645d646302a24a5ef5a8bc8e3f5a032e319?s=96&d=mm&r=g\",\"url\":\"https:\\\/\\\/secure.gravatar.com\\\/avatar\\\/ae2f4d718e6c49043e314ce431e7e645d646302a24a5ef5a8bc8e3f5a032e319?s=96&d=mm&r=g\",\"contentUrl\":\"https:\\\/\\\/secure.gravatar.com\\\/avatar\\\/ae2f4d718e6c49043e314ce431e7e645d646302a24a5ef5a8bc8e3f5a032e319?s=96&d=mm&r=g\",\"caption\":\"Redaktion\"},\"sameAs\":[\"http:\\\/\\\/develop.organisator.galledia.ch\"],\"url\":\"https:\\\/\\\/www.immobilienbusiness.ch\\\/fr\\\/author\\\/admin\\\/\"}]}<\/script>\n<!-- \/ Yoast SEO plugin. -->","yoast_head_json":{"title":"Dufry und Flughafen Z\u00fcrich verl\u00e4ngern Partnerschaft bis 2028 - IMMOBILIEN Business","description":"Partnerschaft bis 2028: Der Duty Free-Anbieter Dufry AG und die Flughafen Z\u00fcrich AG haben ihren Vertrag vorzeitig (ab 2018) bis zum Jahr 2028 verl\u00e4ngert.","robots":{"index":"index","follow":"follow","max-snippet":"max-snippet:-1","max-image-preview":"max-image-preview:large","max-video-preview":"max-video-preview:-1"},"canonical":"https:\/\/www.immobilienbusiness.ch\/fr\/regionen\/2016-07-25\/dufry-und-flughafen-zuerich-verlaengern-partnerschaft-bis-2028\/","og_locale":"fr_FR","og_type":"article","og_title":"Dufry und Flughafen Z\u00fcrich verl\u00e4ngern Partnerschaft bis 2028","og_description":"Der Duty Free-Anbieter Dufry AG und die Flughafen Z\u00fcrich AG haben ihren Vertrag vorzeitig (ab 2018) bis zum Jahr 2028 verl\u00e4ngert.","og_url":"https:\/\/www.immobilienbusiness.ch\/fr\/regionen\/2016-07-25\/dufry-und-flughafen-zuerich-verlaengern-partnerschaft-bis-2028\/","og_site_name":"IMMOBILIEN Business","article_publisher":"https:\/\/www.facebook.com\/immobilienbusiness\/","article_published_time":"2016-07-25T07:30:20+00:00","author":"Redaktion","twitter_card":"summary_large_image","twitter_image":"https:\/\/www.immobilienbusiness.ch\/wp-content\/uploads\/2016\/12\/Dufry-und-Flughafen-Zuerich-verlaengern-Partnerschaft-bis-2028-immobilien-business.jpg","schema":{"@context":"https:\/\/schema.org","@graph":[{"@type":"Article","@id":"https:\/\/www.immobilienbusiness.ch\/regionen\/2016-07-25\/dufry-und-flughafen-zuerich-verlaengern-partnerschaft-bis-2028\/#article","isPartOf":{"@id":"https:\/\/www.immobilienbusiness.ch\/regionen\/2016-07-25\/dufry-und-flughafen-zuerich-verlaengern-partnerschaft-bis-2028\/"},"author":{"name":"Redaktion","@id":"https:\/\/www.immobilienbusiness.ch\/#\/schema\/person\/aa2bace6c5c5aad60102004a50c4eb1c"},"headline":"Dufry und Flughafen Z\u00fcrich verl\u00e4ngern Partnerschaft bis 2028","datePublished":"2016-07-25T07:30:20+00:00","mainEntityOfPage":{"@id":"https:\/\/www.immobilienbusiness.ch\/regionen\/2016-07-25\/dufry-und-flughafen-zuerich-verlaengern-partnerschaft-bis-2028\/"},"wordCount":155,"commentCount":0,"publisher":{"@id":"https:\/\/www.immobilienbusiness.ch\/#organization"},"image":{"@id":"https:\/\/www.immobilienbusiness.ch\/regionen\/2016-07-25\/dufry-und-flughafen-zuerich-verlaengern-partnerschaft-bis-2028\/#primaryimage"},"thumbnailUrl":"https:\/\/www.immobilienbusiness.ch\/wp-content\/uploads\/2016\/12\/Dufry-und-Flughafen-Zuerich-verlaengern-Partnerschaft-bis-2028-immobilien-business.jpg","keywords":["Flughafen","Regionen","Retail","Z\u00fcrich"],"articleSection":["REGIONEN","RETAIL"],"inLanguage":"fr-FR"},{"@type":"WebPage","@id":"https:\/\/www.immobilienbusiness.ch\/regionen\/2016-07-25\/dufry-und-flughafen-zuerich-verlaengern-partnerschaft-bis-2028\/","url":"https:\/\/www.immobilienbusiness.ch\/regionen\/2016-07-25\/dufry-und-flughafen-zuerich-verlaengern-partnerschaft-bis-2028\/","name":"Dufry und Flughafen Z\u00fcrich verl\u00e4ngern Partnerschaft bis 2028 - IMMOBILIEN Business","isPartOf":{"@id":"https:\/\/www.immobilienbusiness.ch\/#website"},"primaryImageOfPage":{"@id":"https:\/\/www.immobilienbusiness.ch\/regionen\/2016-07-25\/dufry-und-flughafen-zuerich-verlaengern-partnerschaft-bis-2028\/#primaryimage"},"image":{"@id":"https:\/\/www.immobilienbusiness.ch\/regionen\/2016-07-25\/dufry-und-flughafen-zuerich-verlaengern-partnerschaft-bis-2028\/#primaryimage"},"thumbnailUrl":"https:\/\/www.immobilienbusiness.ch\/wp-content\/uploads\/2016\/12\/Dufry-und-Flughafen-Zuerich-verlaengern-Partnerschaft-bis-2028-immobilien-business.jpg","datePublished":"2016-07-25T07:30:20+00:00","description":"Partnerschaft bis 2028: Der Duty Free-Anbieter Dufry AG und die Flughafen Z\u00fcrich AG haben ihren Vertrag vorzeitig (ab 2018) bis zum Jahr 2028 verl\u00e4ngert.","breadcrumb":{"@id":"https:\/\/www.immobilienbusiness.ch\/regionen\/2016-07-25\/dufry-und-flughafen-zuerich-verlaengern-partnerschaft-bis-2028\/#breadcrumb"},"inLanguage":"fr-FR","potentialAction":[{"@type":"ReadAction","target":["https:\/\/www.immobilienbusiness.ch\/regionen\/2016-07-25\/dufry-und-flughafen-zuerich-verlaengern-partnerschaft-bis-2028\/"]}]},{"@type":"ImageObject","inLanguage":"fr-FR","@id":"https:\/\/www.immobilienbusiness.ch\/regionen\/2016-07-25\/dufry-und-flughafen-zuerich-verlaengern-partnerschaft-bis-2028\/#primaryimage","url":"https:\/\/www.immobilienbusiness.ch\/wp-content\/uploads\/2016\/12\/Dufry-und-Flughafen-Zuerich-verlaengern-Partnerschaft-bis-2028-immobilien-business.jpg","contentUrl":"https:\/\/www.immobilienbusiness.ch\/wp-content\/uploads\/2016\/12\/Dufry-und-Flughafen-Zuerich-verlaengern-Partnerschaft-bis-2028-immobilien-business.jpg","width":2560,"height":1903,"caption":"Duty Free-Anbieter Dufry AG und die Flughafen Z\u00fcrich AG haben ihren noch bis 2018 laufenden Vertrag bez\u00fcglich Retail-Fl\u00e4chen am Airport vorzeitig um zehn Jahre verl\u00e4ngert (Bild: Flughafen Z\u00fcrich AG)"},{"@type":"BreadcrumbList","@id":"https:\/\/www.immobilienbusiness.ch\/regionen\/2016-07-25\/dufry-und-flughafen-zuerich-verlaengern-partnerschaft-bis-2028\/#breadcrumb","itemListElement":[{"@type":"ListItem","position":1,"name":"Home","item":"https:\/\/www.immobilienbusiness.ch\/"},{"@type":"ListItem","position":2,"name":"Dufry und Flughafen Z\u00fcrich verl\u00e4ngern Partnerschaft bis 2028"}]},{"@type":"WebSite","@id":"https:\/\/www.immobilienbusiness.ch\/#website","url":"https:\/\/www.immobilienbusiness.ch\/","name":"IMMOBILIER Business","description":"Magazine \u00e9conomique suisse ind\u00e9pendant ax\u00e9 sur l'immobilier, l'architecture et la construction ainsi que sur les investissements et le financement.","publisher":{"@id":"https:\/\/www.immobilienbusiness.ch\/#organization"},"potentialAction":[{"@type":"SearchAction","target":{"@type":"EntryPoint","urlTemplate":"https:\/\/www.immobilienbusiness.ch\/?s={search_term_string}"},"query-input":{"@type":"PropertyValueSpecification","valueRequired":true,"valueName":"search_term_string"}}],"inLanguage":"fr-FR"},{"@type":"Organization","@id":"https:\/\/www.immobilienbusiness.ch\/#organization","name":"IMMOBILIER Business","url":"https:\/\/www.immobilienbusiness.ch\/","logo":{"@type":"ImageObject","inLanguage":"fr-FR","@id":"https:\/\/www.immobilienbusiness.ch\/#\/schema\/logo\/image\/","url":"https:\/\/www.immobilienbusiness.ch\/wp-content\/uploads\/2021\/07\/logo_ib.png","contentUrl":"https:\/\/www.immobilienbusiness.ch\/wp-content\/uploads\/2021\/07\/logo_ib.png","width":800,"height":181,"caption":"IMMOBILIEN Business"},"image":{"@id":"https:\/\/www.immobilienbusiness.ch\/#\/schema\/logo\/image\/"},"sameAs":["https:\/\/www.facebook.com\/immobilienbusiness\/"]},{"@type":"Person","@id":"https:\/\/www.immobilienbusiness.ch\/#\/schema\/person\/aa2bace6c5c5aad60102004a50c4eb1c","name":"Editorial","image":{"@type":"ImageObject","inLanguage":"fr-FR","@id":"https:\/\/secure.gravatar.com\/avatar\/ae2f4d718e6c49043e314ce431e7e645d646302a24a5ef5a8bc8e3f5a032e319?s=96&d=mm&r=g","url":"https:\/\/secure.gravatar.com\/avatar\/ae2f4d718e6c49043e314ce431e7e645d646302a24a5ef5a8bc8e3f5a032e319?s=96&d=mm&r=g","contentUrl":"https:\/\/secure.gravatar.com\/avatar\/ae2f4d718e6c49043e314ce431e7e645d646302a24a5ef5a8bc8e3f5a032e319?s=96&d=mm&r=g","caption":"Redaktion"},"sameAs":["http:\/\/develop.organisator.galledia.ch"],"url":"https:\/\/www.immobilienbusiness.ch\/fr\/author\/admin\/"}]}},"_links":{"self":[{"href":"https:\/\/www.immobilienbusiness.ch\/fr\/wp-json\/wp\/v2\/posts\/3316","targetHints":{"allow":["GET"]}}],"collection":[{"href":"https:\/\/www.immobilienbusiness.ch\/fr\/wp-json\/wp\/v2\/posts"}],"about":[{"href":"https:\/\/www.immobilienbusiness.ch\/fr\/wp-json\/wp\/v2\/types\/post"}],"author":[{"embeddable":true,"href":"https:\/\/www.immobilienbusiness.ch\/fr\/wp-json\/wp\/v2\/users\/1"}],"replies":[{"embeddable":true,"href":"https:\/\/www.immobilienbusiness.ch\/fr\/wp-json\/wp\/v2\/comments?post=3316"}],"version-history":[{"count":0,"href":"https:\/\/www.immobilienbusiness.ch\/fr\/wp-json\/wp\/v2\/posts\/3316\/revisions"}],"wp:featuredmedia":[{"embeddable":true,"href":"https:\/\/www.immobilienbusiness.ch\/fr\/wp-json\/wp\/v2\/media\/3317"}],"wp:attachment":[{"href":"https:\/\/www.immobilienbusiness.ch\/fr\/wp-json\/wp\/v2\/media?parent=3316"}],"wp:term":[{"taxonomy":"category","embeddable":true,"href":"https:\/\/www.immobilienbusiness.ch\/fr\/wp-json\/wp\/v2\/categories?post=3316"},{"taxonomy":"post_tag","embeddable":true,"href":"https:\/\/www.immobilienbusiness.ch\/fr\/wp-json\/wp\/v2\/tags?post=3316"}],"curies":[{"name":"wp","href":"https:\/\/api.w.org\/{rel}","templated":true}]}}