{"id":3303,"date":"2016-05-23T09:03:56","date_gmt":"2016-05-23T07:03:56","guid":{"rendered":"http:\/\/dev.immobilienbusiness.ch\/?p=3303"},"modified":"2016-05-23T09:03:56","modified_gmt":"2016-05-23T07:03:56","slug":"zueblin-reduziert-den-verlust-2","status":"publish","type":"post","link":"https:\/\/www.immobilienbusiness.ch\/fr\/unternehmen\/2016-05-23\/zueblin-reduziert-den-verlust-2\/","title":{"rendered":"Z\u00fcblin r\u00e9duit ses pertes"},"content":{"rendered":"<figure id=\"attachment_3306\" aria-describedby=\"caption-attachment-3306\" style=\"width: 680px\" class=\"wp-caption alignnone\"><img loading=\"lazy\" decoding=\"async\" class=\"size-medium wp-image-3306\" src=\"https:\/\/immobilienbusiness.ch\/wp-content\/uploads\/2016\/12\/Z\u00fcblin-reduziert-den-Verlust-immobilien-business-1.jpg\" alt=\"Z\u00fcblin-Liegenschaft in Dortmund: Der Leerstand im deutschen Portfolio sank deutlich. (Foto: Z\u00fcblin Immobilien Holding)\" width=\"680\" height=\"593\" \/><figcaption id=\"caption-attachment-3306\" class=\"wp-caption-text\">Immeuble Z\u00fcblin \u00e0 Dortmund : le taux de vacance du portefeuille allemand a nettement baiss\u00e9. (Photo : Z\u00fcblin Immobilien Holding)<\/figcaption><\/figure>\n<p>Z\u00fcblin Immobilien Holding a enregistr\u00e9 un d\u00e9ficit de 18,9 millions de francs suisses pour l'exercice 2015\/16, contre une perte de 212 millions l'ann\u00e9e pr\u00e9c\u00e9dente. L'EBIT s'est \u00e9lev\u00e9 \u00e0 18,1 millions de CHF, alors que l'ann\u00e9e pr\u00e9c\u00e9dente, une perte d'exploitation de 22,9 millions due \u00e0 l'\u00e9valuation \u00e9tait encore inscrite au bilan. Selon Z\u00fcblin, cette augmentation est due \u00e0 des effets de r\u00e9\u00e9valuation positifs de 7,8 millions de CHF.<\/p>\n<p>Les revenus locatifs des activit\u00e9s poursuivies, qui comprennent toutes les activit\u00e9s en Suisse et en Allemagne, se sont \u00e9lev\u00e9s \u00e0 18,7 millions, soit 2,8 millions de CHF de moins que l'ann\u00e9e pr\u00e9c\u00e9dente. Selon Z\u00fcblin, ce recul est principalement d\u00fb \u00e0 des ventes d'immeubles et \u00e0 l'influence du taux de change CHF\/Euro. Le bon d\u00e9veloppement du portefeuille allemand a contribu\u00e9 \u00e0 la baisse du taux de vacance de 13,7 \u00e0 9%.<\/p>\n<p><strong>Le retrait du march\u00e9 fran\u00e7ais p\u00e8se sur les r\u00e9sultats<\/strong><\/p>\n<p>Le r\u00e9sultat des activit\u00e9s poursuivies s'est \u00e9galement am\u00e9lior\u00e9 de mani\u00e8re substantielle. Au cours de l'exercice sous revue, un b\u00e9n\u00e9fice de 7,7 millions de CHF a \u00e9t\u00e9 enregistr\u00e9, contre une perte de 84,2 millions l'ann\u00e9e pr\u00e9c\u00e9dente. Outre les ajustements d'\u00e9valuation, cette perte a \u00e9t\u00e9 influenc\u00e9e par des d\u00e9penses financi\u00e8res (conversions de devises et d\u00e9comptabilisation de swaps) d'un montant de 43 millions.<\/p>\n<p>Fin juillet 2015, le retrait \u00e9conomique du march\u00e9 fran\u00e7ais a eu lieu, car un investisseur a \u00e9t\u00e9 trouv\u00e9 pour la filiale fran\u00e7aise Z\u00fcblin Immobili\u00e8re France. Par la suite, la participation a \u00e9t\u00e9 amortie. Les co\u00fbts de ce d\u00e9sengagement se sont \u00e9lev\u00e9s \u00e0 26,6 millions de CHF et ont entra\u00een\u00e9 la perte consolid\u00e9e de 18,9 millions. Sur ce montant, 15,1 millions \u00e9taient li\u00e9s \u00e0 la d\u00e9comptabilisation des diff\u00e9rences de change et des couvertures de flux de tr\u00e9sorerie, qui n'ont pas affect\u00e9 la valeur nette d'inventaire (VNI).<\/p>\n<p><strong>Le taux d'inoccupation diminue<\/strong><\/p>\n<p>Le portefeuille principal de Z\u00fcblin se compose actuellement de 17 immeubles de bureaux avec une valeur de portefeuille de 331 millions de CHF au 31 mars 2016, dont 196 millions pour la Suisse et 135 millions pour l'Allemagne. Le portefeuille suisse comprend cinq immeubles avec un taux de vacance de 12,4 pour cent (ann\u00e9e pr\u00e9c\u00e9dente : 13,6%) ; le portefeuille allemand se compose de douze objets et a enregistr\u00e9 une baisse du taux de vacance de 13,8 \u00e0 6,4 pour cent d\u00e9sormais.<\/p>\n<p>Z\u00fcblin se voit maintenant pr\u00eate pour la prochaine phase de croissance. L'entreprise veut s'\u00e9tendre et pr\u00e9voit d'acheter des immeubles pr\u00e9sentant un potentiel dans des endroits bien situ\u00e9s dans les villes A ainsi que sur des sites premium dans les villes B de l'espace germanophone. (ah)<\/p>","protected":false},"excerpt":{"rendered":"<p>La soci\u00e9t\u00e9 Z\u00fcblin Immobilien Holding AG estime \u00eatre sur la bonne voie. Le changement de strat\u00e9gie de la soci\u00e9t\u00e9 immobili\u00e8re en difficult\u00e9 a conduit \u00e0 des am\u00e9liorations substantielles, indique l'entreprise. Z\u00fcblin a ainsi r\u00e9ussi \u00e0 r\u00e9duire consid\u00e9rablement ses pertes au cours de l'exercice \u00e9coul\u00e9. Le taux de fonds propres a atteint 25,1 % \u00e0 la fin mars. A la fin de l'exercice pr\u00e9c\u00e9dent, il \u00e9tait encore de 4,8 pour cent, ce qui a n\u00e9cessit\u00e9 des mesures d'assainissement du bilan.<\/p>","protected":false},"author":1,"featured_media":3306,"comment_status":"open","ping_status":"open","sticky":false,"template":"","format":"standard","meta":{"_acf_changed":false,"_yoast_wpseo_focuskw":"Z\u00fcblin","_yoast_wpseo_title":"","_yoast_wpseo_metadesc":"Die Z\u00fcblin Immobilien Holding AG sieht sich auf Kurs.","_yoast_wpseo_linkdex":93,"pgc_sgb_lightbox_settings":"","footnotes":""},"categories":[988],"tags":[1807],"class_list":["post-3303","post","type-post","status-publish","format-standard","has-post-thumbnail","hentry","category-unternehmen","tag-unternehmen"],"acf":[],"yoast_head":"<!-- This site is optimized with the Yoast SEO plugin v27.4 - https:\/\/yoast.com\/product\/yoast-seo-wordpress\/ -->\n<title>Z\u00fcblin reduziert den Verlust - IMMOBILIEN Business<\/title>\n<meta name=\"description\" content=\"Die Z\u00fcblin Immobilien Holding AG sieht sich auf Kurs.\" \/>\n<meta name=\"robots\" content=\"index, follow, max-snippet:-1, max-image-preview:large, max-video-preview:-1\" \/>\n<link rel=\"canonical\" href=\"https:\/\/www.immobilienbusiness.ch\/fr\/unternehmen\/2016-05-23\/zueblin-reduziert-den-verlust-2\/\" \/>\n<meta property=\"og:locale\" content=\"fr_FR\" \/>\n<meta property=\"og:type\" content=\"article\" \/>\n<meta property=\"og:title\" content=\"Z\u00fcblin reduziert den Verlust\" \/>\n<meta property=\"og:description\" content=\"Die Z\u00fcblin Immobilien Holding AG sieht sich auf Kurs. Der Strategiewechsel bei der angeschlagenen Immobiliengesellschaft habe zu wesentlichen Verbesserungen gef\u00fchrt, teilt das Unternehmen mit. So gelang es Z\u00fcblin, den Verlust im abgelaufenen Gesch\u00e4ftsjahr deutlich zu reduzieren. Die Eigenkapitalquote erreichte per Ende M\u00e4rz 25,1 Prozent. Ende des vergangenen Gesch\u00e4ftsjahres lag sie noch bei 4,8 Prozent, womit Bilanzsanierungsmassnahmen notwendig wurden.\" \/>\n<meta property=\"og:url\" content=\"https:\/\/www.immobilienbusiness.ch\/fr\/unternehmen\/2016-05-23\/zueblin-reduziert-den-verlust-2\/\" \/>\n<meta property=\"og:site_name\" content=\"IMMOBILIEN Business\" \/>\n<meta property=\"article:publisher\" content=\"https:\/\/www.facebook.com\/immobilienbusiness\/\" \/>\n<meta property=\"article:published_time\" content=\"2016-05-23T07:03:56+00:00\" \/>\n<meta name=\"author\" content=\"Redaktion\" \/>\n<meta name=\"twitter:card\" content=\"summary_large_image\" \/>\n<meta name=\"twitter:image\" content=\"https:\/\/www.immobilienbusiness.ch\/wp-content\/uploads\/2016\/12\/Zueblin-reduziert-den-Verlust-immobilien-business-1.jpg\" \/>\n<script type=\"application\/ld+json\" class=\"yoast-schema-graph\">{\"@context\":\"https:\\\/\\\/schema.org\",\"@graph\":[{\"@type\":\"Article\",\"@id\":\"https:\\\/\\\/www.immobilienbusiness.ch\\\/unternehmen\\\/2016-05-23\\\/zueblin-reduziert-den-verlust-2\\\/#article\",\"isPartOf\":{\"@id\":\"https:\\\/\\\/www.immobilienbusiness.ch\\\/unternehmen\\\/2016-05-23\\\/zueblin-reduziert-den-verlust-2\\\/\"},\"author\":{\"name\":\"Redaktion\",\"@id\":\"https:\\\/\\\/www.immobilienbusiness.ch\\\/#\\\/schema\\\/person\\\/aa2bace6c5c5aad60102004a50c4eb1c\"},\"headline\":\"Z\u00fcblin reduziert den Verlust\",\"datePublished\":\"2016-05-23T07:03:56+00:00\",\"mainEntityOfPage\":{\"@id\":\"https:\\\/\\\/www.immobilienbusiness.ch\\\/unternehmen\\\/2016-05-23\\\/zueblin-reduziert-den-verlust-2\\\/\"},\"wordCount\":381,\"commentCount\":0,\"publisher\":{\"@id\":\"https:\\\/\\\/www.immobilienbusiness.ch\\\/#organization\"},\"image\":{\"@id\":\"https:\\\/\\\/www.immobilienbusiness.ch\\\/unternehmen\\\/2016-05-23\\\/zueblin-reduziert-den-verlust-2\\\/#primaryimage\"},\"thumbnailUrl\":\"https:\\\/\\\/www.immobilienbusiness.ch\\\/wp-content\\\/uploads\\\/2016\\\/12\\\/Zueblin-reduziert-den-Verlust-immobilien-business-1.jpg\",\"keywords\":[\"Unternehmen\"],\"articleSection\":[\"UNTERNEHMEN\"],\"inLanguage\":\"fr-FR\"},{\"@type\":\"WebPage\",\"@id\":\"https:\\\/\\\/www.immobilienbusiness.ch\\\/unternehmen\\\/2016-05-23\\\/zueblin-reduziert-den-verlust-2\\\/\",\"url\":\"https:\\\/\\\/www.immobilienbusiness.ch\\\/unternehmen\\\/2016-05-23\\\/zueblin-reduziert-den-verlust-2\\\/\",\"name\":\"Z\u00fcblin reduziert den Verlust - IMMOBILIEN Business\",\"isPartOf\":{\"@id\":\"https:\\\/\\\/www.immobilienbusiness.ch\\\/#website\"},\"primaryImageOfPage\":{\"@id\":\"https:\\\/\\\/www.immobilienbusiness.ch\\\/unternehmen\\\/2016-05-23\\\/zueblin-reduziert-den-verlust-2\\\/#primaryimage\"},\"image\":{\"@id\":\"https:\\\/\\\/www.immobilienbusiness.ch\\\/unternehmen\\\/2016-05-23\\\/zueblin-reduziert-den-verlust-2\\\/#primaryimage\"},\"thumbnailUrl\":\"https:\\\/\\\/www.immobilienbusiness.ch\\\/wp-content\\\/uploads\\\/2016\\\/12\\\/Zueblin-reduziert-den-Verlust-immobilien-business-1.jpg\",\"datePublished\":\"2016-05-23T07:03:56+00:00\",\"description\":\"Die Z\u00fcblin Immobilien Holding AG sieht sich auf Kurs.\",\"breadcrumb\":{\"@id\":\"https:\\\/\\\/www.immobilienbusiness.ch\\\/unternehmen\\\/2016-05-23\\\/zueblin-reduziert-den-verlust-2\\\/#breadcrumb\"},\"inLanguage\":\"fr-FR\",\"potentialAction\":[{\"@type\":\"ReadAction\",\"target\":[\"https:\\\/\\\/www.immobilienbusiness.ch\\\/unternehmen\\\/2016-05-23\\\/zueblin-reduziert-den-verlust-2\\\/\"]}]},{\"@type\":\"ImageObject\",\"inLanguage\":\"fr-FR\",\"@id\":\"https:\\\/\\\/www.immobilienbusiness.ch\\\/unternehmen\\\/2016-05-23\\\/zueblin-reduziert-den-verlust-2\\\/#primaryimage\",\"url\":\"https:\\\/\\\/www.immobilienbusiness.ch\\\/wp-content\\\/uploads\\\/2016\\\/12\\\/Zueblin-reduziert-den-Verlust-immobilien-business-1.jpg\",\"contentUrl\":\"https:\\\/\\\/www.immobilienbusiness.ch\\\/wp-content\\\/uploads\\\/2016\\\/12\\\/Zueblin-reduziert-den-Verlust-immobilien-business-1.jpg\",\"width\":1000,\"height\":872,\"caption\":\"Z\u00fcblin-Liegenschaft in Dortmund: Der Leerstand im deutschen Portfolio sank deutlich. (Foto: Z\u00fcblin Immobilien Holding)\"},{\"@type\":\"BreadcrumbList\",\"@id\":\"https:\\\/\\\/www.immobilienbusiness.ch\\\/unternehmen\\\/2016-05-23\\\/zueblin-reduziert-den-verlust-2\\\/#breadcrumb\",\"itemListElement\":[{\"@type\":\"ListItem\",\"position\":1,\"name\":\"Home\",\"item\":\"https:\\\/\\\/www.immobilienbusiness.ch\\\/\"},{\"@type\":\"ListItem\",\"position\":2,\"name\":\"Z\u00fcblin reduziert den Verlust\"}]},{\"@type\":\"WebSite\",\"@id\":\"https:\\\/\\\/www.immobilienbusiness.ch\\\/#website\",\"url\":\"https:\\\/\\\/www.immobilienbusiness.ch\\\/\",\"name\":\"IMMOBILIEN Business\",\"description\":\"Unabh\u00e4ngiges Schweizer Wirtschaftsmagazin mit Fokus auf Immobilien, Architektur- und Bau sowie Investment- und Finanzierung.\",\"publisher\":{\"@id\":\"https:\\\/\\\/www.immobilienbusiness.ch\\\/#organization\"},\"potentialAction\":[{\"@type\":\"SearchAction\",\"target\":{\"@type\":\"EntryPoint\",\"urlTemplate\":\"https:\\\/\\\/www.immobilienbusiness.ch\\\/?s={search_term_string}\"},\"query-input\":{\"@type\":\"PropertyValueSpecification\",\"valueRequired\":true,\"valueName\":\"search_term_string\"}}],\"inLanguage\":\"fr-FR\"},{\"@type\":\"Organization\",\"@id\":\"https:\\\/\\\/www.immobilienbusiness.ch\\\/#organization\",\"name\":\"IMMOBILIEN Business\",\"url\":\"https:\\\/\\\/www.immobilienbusiness.ch\\\/\",\"logo\":{\"@type\":\"ImageObject\",\"inLanguage\":\"fr-FR\",\"@id\":\"https:\\\/\\\/www.immobilienbusiness.ch\\\/#\\\/schema\\\/logo\\\/image\\\/\",\"url\":\"https:\\\/\\\/www.immobilienbusiness.ch\\\/wp-content\\\/uploads\\\/2021\\\/07\\\/logo_ib.png\",\"contentUrl\":\"https:\\\/\\\/www.immobilienbusiness.ch\\\/wp-content\\\/uploads\\\/2021\\\/07\\\/logo_ib.png\",\"width\":800,\"height\":181,\"caption\":\"IMMOBILIEN Business\"},\"image\":{\"@id\":\"https:\\\/\\\/www.immobilienbusiness.ch\\\/#\\\/schema\\\/logo\\\/image\\\/\"},\"sameAs\":[\"https:\\\/\\\/www.facebook.com\\\/immobilienbusiness\\\/\"]},{\"@type\":\"Person\",\"@id\":\"https:\\\/\\\/www.immobilienbusiness.ch\\\/#\\\/schema\\\/person\\\/aa2bace6c5c5aad60102004a50c4eb1c\",\"name\":\"Redaktion\",\"image\":{\"@type\":\"ImageObject\",\"inLanguage\":\"fr-FR\",\"@id\":\"https:\\\/\\\/secure.gravatar.com\\\/avatar\\\/ae2f4d718e6c49043e314ce431e7e645d646302a24a5ef5a8bc8e3f5a032e319?s=96&d=mm&r=g\",\"url\":\"https:\\\/\\\/secure.gravatar.com\\\/avatar\\\/ae2f4d718e6c49043e314ce431e7e645d646302a24a5ef5a8bc8e3f5a032e319?s=96&d=mm&r=g\",\"contentUrl\":\"https:\\\/\\\/secure.gravatar.com\\\/avatar\\\/ae2f4d718e6c49043e314ce431e7e645d646302a24a5ef5a8bc8e3f5a032e319?s=96&d=mm&r=g\",\"caption\":\"Redaktion\"},\"sameAs\":[\"http:\\\/\\\/develop.organisator.galledia.ch\"],\"url\":\"https:\\\/\\\/www.immobilienbusiness.ch\\\/fr\\\/author\\\/admin\\\/\"}]}<\/script>\n<!-- \/ Yoast SEO plugin. -->","yoast_head_json":{"title":"Z\u00fcblin reduziert den Verlust - IMMOBILIEN Business","description":"Die Z\u00fcblin Immobilien Holding AG sieht sich auf Kurs.","robots":{"index":"index","follow":"follow","max-snippet":"max-snippet:-1","max-image-preview":"max-image-preview:large","max-video-preview":"max-video-preview:-1"},"canonical":"https:\/\/www.immobilienbusiness.ch\/fr\/unternehmen\/2016-05-23\/zueblin-reduziert-den-verlust-2\/","og_locale":"fr_FR","og_type":"article","og_title":"Z\u00fcblin reduziert den Verlust","og_description":"Die Z\u00fcblin Immobilien Holding AG sieht sich auf Kurs. Der Strategiewechsel bei der angeschlagenen Immobiliengesellschaft habe zu wesentlichen Verbesserungen gef\u00fchrt, teilt das Unternehmen mit. So gelang es Z\u00fcblin, den Verlust im abgelaufenen Gesch\u00e4ftsjahr deutlich zu reduzieren. Die Eigenkapitalquote erreichte per Ende M\u00e4rz 25,1 Prozent. Ende des vergangenen Gesch\u00e4ftsjahres lag sie noch bei 4,8 Prozent, womit Bilanzsanierungsmassnahmen notwendig wurden.","og_url":"https:\/\/www.immobilienbusiness.ch\/fr\/unternehmen\/2016-05-23\/zueblin-reduziert-den-verlust-2\/","og_site_name":"IMMOBILIEN Business","article_publisher":"https:\/\/www.facebook.com\/immobilienbusiness\/","article_published_time":"2016-05-23T07:03:56+00:00","author":"Redaktion","twitter_card":"summary_large_image","twitter_image":"https:\/\/www.immobilienbusiness.ch\/wp-content\/uploads\/2016\/12\/Zueblin-reduziert-den-Verlust-immobilien-business-1.jpg","schema":{"@context":"https:\/\/schema.org","@graph":[{"@type":"Article","@id":"https:\/\/www.immobilienbusiness.ch\/unternehmen\/2016-05-23\/zueblin-reduziert-den-verlust-2\/#article","isPartOf":{"@id":"https:\/\/www.immobilienbusiness.ch\/unternehmen\/2016-05-23\/zueblin-reduziert-den-verlust-2\/"},"author":{"name":"Redaktion","@id":"https:\/\/www.immobilienbusiness.ch\/#\/schema\/person\/aa2bace6c5c5aad60102004a50c4eb1c"},"headline":"Z\u00fcblin reduziert den Verlust","datePublished":"2016-05-23T07:03:56+00:00","mainEntityOfPage":{"@id":"https:\/\/www.immobilienbusiness.ch\/unternehmen\/2016-05-23\/zueblin-reduziert-den-verlust-2\/"},"wordCount":381,"commentCount":0,"publisher":{"@id":"https:\/\/www.immobilienbusiness.ch\/#organization"},"image":{"@id":"https:\/\/www.immobilienbusiness.ch\/unternehmen\/2016-05-23\/zueblin-reduziert-den-verlust-2\/#primaryimage"},"thumbnailUrl":"https:\/\/www.immobilienbusiness.ch\/wp-content\/uploads\/2016\/12\/Zueblin-reduziert-den-Verlust-immobilien-business-1.jpg","keywords":["Unternehmen"],"articleSection":["UNTERNEHMEN"],"inLanguage":"fr-FR"},{"@type":"WebPage","@id":"https:\/\/www.immobilienbusiness.ch\/unternehmen\/2016-05-23\/zueblin-reduziert-den-verlust-2\/","url":"https:\/\/www.immobilienbusiness.ch\/unternehmen\/2016-05-23\/zueblin-reduziert-den-verlust-2\/","name":"Z\u00fcblin reduziert den Verlust - IMMOBILIEN Business","isPartOf":{"@id":"https:\/\/www.immobilienbusiness.ch\/#website"},"primaryImageOfPage":{"@id":"https:\/\/www.immobilienbusiness.ch\/unternehmen\/2016-05-23\/zueblin-reduziert-den-verlust-2\/#primaryimage"},"image":{"@id":"https:\/\/www.immobilienbusiness.ch\/unternehmen\/2016-05-23\/zueblin-reduziert-den-verlust-2\/#primaryimage"},"thumbnailUrl":"https:\/\/www.immobilienbusiness.ch\/wp-content\/uploads\/2016\/12\/Zueblin-reduziert-den-Verlust-immobilien-business-1.jpg","datePublished":"2016-05-23T07:03:56+00:00","description":"Die Z\u00fcblin Immobilien Holding AG sieht sich auf Kurs.","breadcrumb":{"@id":"https:\/\/www.immobilienbusiness.ch\/unternehmen\/2016-05-23\/zueblin-reduziert-den-verlust-2\/#breadcrumb"},"inLanguage":"fr-FR","potentialAction":[{"@type":"ReadAction","target":["https:\/\/www.immobilienbusiness.ch\/unternehmen\/2016-05-23\/zueblin-reduziert-den-verlust-2\/"]}]},{"@type":"ImageObject","inLanguage":"fr-FR","@id":"https:\/\/www.immobilienbusiness.ch\/unternehmen\/2016-05-23\/zueblin-reduziert-den-verlust-2\/#primaryimage","url":"https:\/\/www.immobilienbusiness.ch\/wp-content\/uploads\/2016\/12\/Zueblin-reduziert-den-Verlust-immobilien-business-1.jpg","contentUrl":"https:\/\/www.immobilienbusiness.ch\/wp-content\/uploads\/2016\/12\/Zueblin-reduziert-den-Verlust-immobilien-business-1.jpg","width":1000,"height":872,"caption":"Z\u00fcblin-Liegenschaft in Dortmund: Der Leerstand im deutschen Portfolio sank deutlich. (Foto: Z\u00fcblin Immobilien Holding)"},{"@type":"BreadcrumbList","@id":"https:\/\/www.immobilienbusiness.ch\/unternehmen\/2016-05-23\/zueblin-reduziert-den-verlust-2\/#breadcrumb","itemListElement":[{"@type":"ListItem","position":1,"name":"Home","item":"https:\/\/www.immobilienbusiness.ch\/"},{"@type":"ListItem","position":2,"name":"Z\u00fcblin reduziert den Verlust"}]},{"@type":"WebSite","@id":"https:\/\/www.immobilienbusiness.ch\/#website","url":"https:\/\/www.immobilienbusiness.ch\/","name":"IMMOBILIER Business","description":"Magazine \u00e9conomique suisse ind\u00e9pendant ax\u00e9 sur l'immobilier, l'architecture et la construction ainsi que sur les investissements et le financement.","publisher":{"@id":"https:\/\/www.immobilienbusiness.ch\/#organization"},"potentialAction":[{"@type":"SearchAction","target":{"@type":"EntryPoint","urlTemplate":"https:\/\/www.immobilienbusiness.ch\/?s={search_term_string}"},"query-input":{"@type":"PropertyValueSpecification","valueRequired":true,"valueName":"search_term_string"}}],"inLanguage":"fr-FR"},{"@type":"Organization","@id":"https:\/\/www.immobilienbusiness.ch\/#organization","name":"IMMOBILIER Business","url":"https:\/\/www.immobilienbusiness.ch\/","logo":{"@type":"ImageObject","inLanguage":"fr-FR","@id":"https:\/\/www.immobilienbusiness.ch\/#\/schema\/logo\/image\/","url":"https:\/\/www.immobilienbusiness.ch\/wp-content\/uploads\/2021\/07\/logo_ib.png","contentUrl":"https:\/\/www.immobilienbusiness.ch\/wp-content\/uploads\/2021\/07\/logo_ib.png","width":800,"height":181,"caption":"IMMOBILIEN Business"},"image":{"@id":"https:\/\/www.immobilienbusiness.ch\/#\/schema\/logo\/image\/"},"sameAs":["https:\/\/www.facebook.com\/immobilienbusiness\/"]},{"@type":"Person","@id":"https:\/\/www.immobilienbusiness.ch\/#\/schema\/person\/aa2bace6c5c5aad60102004a50c4eb1c","name":"Editorial","image":{"@type":"ImageObject","inLanguage":"fr-FR","@id":"https:\/\/secure.gravatar.com\/avatar\/ae2f4d718e6c49043e314ce431e7e645d646302a24a5ef5a8bc8e3f5a032e319?s=96&d=mm&r=g","url":"https:\/\/secure.gravatar.com\/avatar\/ae2f4d718e6c49043e314ce431e7e645d646302a24a5ef5a8bc8e3f5a032e319?s=96&d=mm&r=g","contentUrl":"https:\/\/secure.gravatar.com\/avatar\/ae2f4d718e6c49043e314ce431e7e645d646302a24a5ef5a8bc8e3f5a032e319?s=96&d=mm&r=g","caption":"Redaktion"},"sameAs":["http:\/\/develop.organisator.galledia.ch"],"url":"https:\/\/www.immobilienbusiness.ch\/fr\/author\/admin\/"}]}},"_links":{"self":[{"href":"https:\/\/www.immobilienbusiness.ch\/fr\/wp-json\/wp\/v2\/posts\/3303","targetHints":{"allow":["GET"]}}],"collection":[{"href":"https:\/\/www.immobilienbusiness.ch\/fr\/wp-json\/wp\/v2\/posts"}],"about":[{"href":"https:\/\/www.immobilienbusiness.ch\/fr\/wp-json\/wp\/v2\/types\/post"}],"author":[{"embeddable":true,"href":"https:\/\/www.immobilienbusiness.ch\/fr\/wp-json\/wp\/v2\/users\/1"}],"replies":[{"embeddable":true,"href":"https:\/\/www.immobilienbusiness.ch\/fr\/wp-json\/wp\/v2\/comments?post=3303"}],"version-history":[{"count":0,"href":"https:\/\/www.immobilienbusiness.ch\/fr\/wp-json\/wp\/v2\/posts\/3303\/revisions"}],"wp:featuredmedia":[{"embeddable":true,"href":"https:\/\/www.immobilienbusiness.ch\/fr\/wp-json\/wp\/v2\/media\/3306"}],"wp:attachment":[{"href":"https:\/\/www.immobilienbusiness.ch\/fr\/wp-json\/wp\/v2\/media?parent=3303"}],"wp:term":[{"taxonomy":"category","embeddable":true,"href":"https:\/\/www.immobilienbusiness.ch\/fr\/wp-json\/wp\/v2\/categories?post=3303"},{"taxonomy":"post_tag","embeddable":true,"href":"https:\/\/www.immobilienbusiness.ch\/fr\/wp-json\/wp\/v2\/tags?post=3303"}],"curies":[{"name":"wp","href":"https:\/\/api.w.org\/{rel}","templated":true}]}}