{"id":3296,"date":"2016-07-22T09:30:55","date_gmt":"2016-07-22T07:30:55","guid":{"rendered":"http:\/\/dev.immobilienbusiness.ch\/?p=3296"},"modified":"2016-07-22T09:30:55","modified_gmt":"2016-07-22T07:30:55","slug":"zopf-zoepfli-eroeffnet-ende-september-in-bern","status":"publish","type":"post","link":"https:\/\/www.immobilienbusiness.ch\/fr\/retail\/2016-07-22\/zopf-zoepfli-eroeffnet-ende-september-in-bern\/","title":{"rendered":"\"Zopf &amp; Z\u00f6pfli\" ouvre ses portes fin septembre \u00e0 Berne"},"content":{"rendered":"<figure id=\"attachment_3304\" aria-describedby=\"caption-attachment-3304\" style=\"width: 677px\" class=\"wp-caption alignnone\"><img loading=\"lazy\" decoding=\"async\" class=\"size-full wp-image-3304\" src=\"https:\/\/immobilienbusiness.ch\/wp-content\/uploads\/2016\/12\/ZopfZ\u00f6pfli-er\u00f6ffnet-Ende-September-in-Bern-immoblien-business.jpg\" alt=\"Mit \u00abZopf &amp; Z\u00f6pfli\u00bb wollen Betty Bossi und March\u00e9 Restaurants ein neues Retail-Konzept \u00abf\u00fcr die Schnellverpflegung an gut frequentierten Standorten\u00bb lancieren (Logo: Betty Bossi)\" width=\"677\" height=\"251\" \/><figcaption id=\"caption-attachment-3304\" class=\"wp-caption-text\">Avec \"Zopf &amp; Z\u00f6pfli\", Betty Bossi et March\u00e9 Restaurants veulent lancer un nouveau concept de vente au d\u00e9tail \"pour la restauration rapide \u00e0 des endroits bien fr\u00e9quent\u00e9s\" (Logo : Betty Bossi)<\/figcaption><\/figure>\n<p>Selon les entreprises, qui sont toutes deux des filiales \u00e0 100% de Coop, il est pr\u00e9vu de cr\u00e9er un \"concept de restauration rapide \u00e0 des endroits bien fr\u00e9quent\u00e9s\". Les nouveaux magasins \"Zopf &amp; Z\u00f6pfli\" doivent avant tout pr\u00e9senter des produits et des recettes issus de l'univers Betty Bossi. L'accent sera mis sur le pain \u00e0 tresse fra\u00eechement cuit, disponible en diff\u00e9rentes tailles et variations. La direction op\u00e9rationnelle de cette branche commerciale est assur\u00e9e par March\u00e9 Restaurants Suisse SA.<\/p>\n<p>L'assortiment est compl\u00e9t\u00e9 par des salades, du muesli et des boissons. Le premier magasin \"Zopf &amp; Z\u00f6pfli\" sera ouvert \u00e0 partir de fin septembre 2016 dans le passage souterrain de la gare CFF de Berne, la capitale du pays. D'autres ouvertures devraient suivre. (mr)<\/p>","protected":false},"excerpt":{"rendered":"<p>\u00abZopf &#038; Z\u00f6pfli\u00bb heisst ein neues Retail-Konzept, welches Betty Bossi zusammen mit der March\u00e9 Restaurants Schweiz AG entwickelt hat. Ende September soll es erstmals im Bahnhof Bern an den Start gehen.<\/p>","protected":false},"author":1,"featured_media":3304,"comment_status":"open","ping_status":"open","sticky":false,"template":"","format":"standard","meta":{"_acf_changed":false,"_yoast_wpseo_focuskw":"Zopf & Z\u00f6pfli","_yoast_wpseo_title":"","_yoast_wpseo_metadesc":"\u00abZopf & Z\u00f6pfli\u00bb heisst ein neues Retail-Konzept, welches Betty Bossi zusammen mit der March\u00e9 Restaurants Schweiz AG entwickelt hat.","_yoast_wpseo_linkdex":69,"pgc_sgb_lightbox_settings":"","footnotes":""},"categories":[987],"tags":[1091,1643],"class_list":["post-3296","post","type-post","status-publish","format-standard","has-post-thumbnail","hentry","category-retail","tag-bern","tag-retail"],"acf":[],"yoast_head":"<!-- This site is optimized with the Yoast SEO plugin v27.5 - https:\/\/yoast.com\/product\/yoast-seo-wordpress\/ -->\n<title>\u00abZopf &amp; Z\u00f6pfli\u00bb er\u00f6ffnet Ende September in Bern - IMMOBILIEN Business<\/title>\n<meta name=\"description\" content=\"\u00abZopf &amp; Z\u00f6pfli\u00bb heisst ein neues Retail-Konzept, welches Betty Bossi zusammen mit der March\u00e9 Restaurants Schweiz AG entwickelt hat.\" \/>\n<meta name=\"robots\" content=\"index, follow, max-snippet:-1, max-image-preview:large, max-video-preview:-1\" \/>\n<link rel=\"canonical\" href=\"https:\/\/www.immobilienbusiness.ch\/fr\/retail\/2016-07-22\/zopf-zoepfli-eroeffnet-ende-september-in-bern\/\" \/>\n<meta property=\"og:locale\" content=\"fr_FR\" \/>\n<meta property=\"og:type\" content=\"article\" \/>\n<meta property=\"og:title\" content=\"\u00abZopf &amp; Z\u00f6pfli\u00bb er\u00f6ffnet Ende September in Bern\" \/>\n<meta property=\"og:description\" content=\"\u00abZopf &amp; Z\u00f6pfli\u00bb heisst ein neues Retail-Konzept, welches Betty Bossi zusammen mit der March\u00e9 Restaurants Schweiz AG entwickelt hat. Ende September soll es erstmals im Bahnhof Bern an den Start gehen.\" \/>\n<meta property=\"og:url\" content=\"https:\/\/www.immobilienbusiness.ch\/fr\/retail\/2016-07-22\/zopf-zoepfli-eroeffnet-ende-september-in-bern\/\" \/>\n<meta property=\"og:site_name\" content=\"IMMOBILIEN Business\" \/>\n<meta property=\"article:publisher\" content=\"https:\/\/www.facebook.com\/immobilienbusiness\/\" \/>\n<meta property=\"article:published_time\" content=\"2016-07-22T07:30:55+00:00\" \/>\n<meta name=\"author\" content=\"Redaktion\" \/>\n<meta name=\"twitter:card\" content=\"summary_large_image\" \/>\n<meta name=\"twitter:image\" content=\"https:\/\/www.immobilienbusiness.ch\/wp-content\/uploads\/2016\/12\/ZopfZoepfli-eroeffnet-Ende-September-in-Bern-immoblien-business.jpg\" \/>\n<script type=\"application\/ld+json\" class=\"yoast-schema-graph\">{\"@context\":\"https:\\\/\\\/schema.org\",\"@graph\":[{\"@type\":\"Article\",\"@id\":\"https:\\\/\\\/www.immobilienbusiness.ch\\\/retail\\\/2016-07-22\\\/zopf-zoepfli-eroeffnet-ende-september-in-bern\\\/#article\",\"isPartOf\":{\"@id\":\"https:\\\/\\\/www.immobilienbusiness.ch\\\/retail\\\/2016-07-22\\\/zopf-zoepfli-eroeffnet-ende-september-in-bern\\\/\"},\"author\":{\"name\":\"Redaktion\",\"@id\":\"https:\\\/\\\/www.immobilienbusiness.ch\\\/#\\\/schema\\\/person\\\/aa2bace6c5c5aad60102004a50c4eb1c\"},\"headline\":\"\u00abZopf &#038; Z\u00f6pfli\u00bb er\u00f6ffnet Ende September in Bern\",\"datePublished\":\"2016-07-22T07:30:55+00:00\",\"mainEntityOfPage\":{\"@id\":\"https:\\\/\\\/www.immobilienbusiness.ch\\\/retail\\\/2016-07-22\\\/zopf-zoepfli-eroeffnet-ende-september-in-bern\\\/\"},\"wordCount\":151,\"commentCount\":0,\"publisher\":{\"@id\":\"https:\\\/\\\/www.immobilienbusiness.ch\\\/#organization\"},\"image\":{\"@id\":\"https:\\\/\\\/www.immobilienbusiness.ch\\\/retail\\\/2016-07-22\\\/zopf-zoepfli-eroeffnet-ende-september-in-bern\\\/#primaryimage\"},\"thumbnailUrl\":\"https:\\\/\\\/www.immobilienbusiness.ch\\\/wp-content\\\/uploads\\\/2016\\\/12\\\/ZopfZoepfli-eroeffnet-Ende-September-in-Bern-immoblien-business.jpg\",\"keywords\":[\"Bern\",\"Retail\"],\"articleSection\":[\"RETAIL\"],\"inLanguage\":\"fr-FR\"},{\"@type\":\"WebPage\",\"@id\":\"https:\\\/\\\/www.immobilienbusiness.ch\\\/retail\\\/2016-07-22\\\/zopf-zoepfli-eroeffnet-ende-september-in-bern\\\/\",\"url\":\"https:\\\/\\\/www.immobilienbusiness.ch\\\/retail\\\/2016-07-22\\\/zopf-zoepfli-eroeffnet-ende-september-in-bern\\\/\",\"name\":\"\u00abZopf & Z\u00f6pfli\u00bb er\u00f6ffnet Ende September in Bern - IMMOBILIEN Business\",\"isPartOf\":{\"@id\":\"https:\\\/\\\/www.immobilienbusiness.ch\\\/#website\"},\"primaryImageOfPage\":{\"@id\":\"https:\\\/\\\/www.immobilienbusiness.ch\\\/retail\\\/2016-07-22\\\/zopf-zoepfli-eroeffnet-ende-september-in-bern\\\/#primaryimage\"},\"image\":{\"@id\":\"https:\\\/\\\/www.immobilienbusiness.ch\\\/retail\\\/2016-07-22\\\/zopf-zoepfli-eroeffnet-ende-september-in-bern\\\/#primaryimage\"},\"thumbnailUrl\":\"https:\\\/\\\/www.immobilienbusiness.ch\\\/wp-content\\\/uploads\\\/2016\\\/12\\\/ZopfZoepfli-eroeffnet-Ende-September-in-Bern-immoblien-business.jpg\",\"datePublished\":\"2016-07-22T07:30:55+00:00\",\"description\":\"\u00abZopf & Z\u00f6pfli\u00bb heisst ein neues Retail-Konzept, welches Betty Bossi zusammen mit der March\u00e9 Restaurants Schweiz AG entwickelt hat.\",\"breadcrumb\":{\"@id\":\"https:\\\/\\\/www.immobilienbusiness.ch\\\/retail\\\/2016-07-22\\\/zopf-zoepfli-eroeffnet-ende-september-in-bern\\\/#breadcrumb\"},\"inLanguage\":\"fr-FR\",\"potentialAction\":[{\"@type\":\"ReadAction\",\"target\":[\"https:\\\/\\\/www.immobilienbusiness.ch\\\/retail\\\/2016-07-22\\\/zopf-zoepfli-eroeffnet-ende-september-in-bern\\\/\"]}]},{\"@type\":\"ImageObject\",\"inLanguage\":\"fr-FR\",\"@id\":\"https:\\\/\\\/www.immobilienbusiness.ch\\\/retail\\\/2016-07-22\\\/zopf-zoepfli-eroeffnet-ende-september-in-bern\\\/#primaryimage\",\"url\":\"https:\\\/\\\/www.immobilienbusiness.ch\\\/wp-content\\\/uploads\\\/2016\\\/12\\\/ZopfZoepfli-eroeffnet-Ende-September-in-Bern-immoblien-business.jpg\",\"contentUrl\":\"https:\\\/\\\/www.immobilienbusiness.ch\\\/wp-content\\\/uploads\\\/2016\\\/12\\\/ZopfZoepfli-eroeffnet-Ende-September-in-Bern-immoblien-business.jpg\",\"width\":677,\"height\":251,\"caption\":\"Mit \u00abZopf & Z\u00f6pfli\u00bb wollen Betty Bossi und March\u00e9 Restaurants ein neues Retail-Konzept \u00abf\u00fcr die Schnellverpflegung an gut frequentierten Standorten\u00bb lancieren (Logo: Betty Bossi)\"},{\"@type\":\"BreadcrumbList\",\"@id\":\"https:\\\/\\\/www.immobilienbusiness.ch\\\/retail\\\/2016-07-22\\\/zopf-zoepfli-eroeffnet-ende-september-in-bern\\\/#breadcrumb\",\"itemListElement\":[{\"@type\":\"ListItem\",\"position\":1,\"name\":\"Home\",\"item\":\"https:\\\/\\\/www.immobilienbusiness.ch\\\/\"},{\"@type\":\"ListItem\",\"position\":2,\"name\":\"\u00abZopf &#038; Z\u00f6pfli\u00bb er\u00f6ffnet Ende September in Bern\"}]},{\"@type\":\"WebSite\",\"@id\":\"https:\\\/\\\/www.immobilienbusiness.ch\\\/#website\",\"url\":\"https:\\\/\\\/www.immobilienbusiness.ch\\\/\",\"name\":\"IMMOBILIEN Business\",\"description\":\"Unabh\u00e4ngiges Schweizer Wirtschaftsmagazin mit Fokus auf Immobilien, Architektur- und Bau sowie Investment- und Finanzierung.\",\"publisher\":{\"@id\":\"https:\\\/\\\/www.immobilienbusiness.ch\\\/#organization\"},\"potentialAction\":[{\"@type\":\"SearchAction\",\"target\":{\"@type\":\"EntryPoint\",\"urlTemplate\":\"https:\\\/\\\/www.immobilienbusiness.ch\\\/?s={search_term_string}\"},\"query-input\":{\"@type\":\"PropertyValueSpecification\",\"valueRequired\":true,\"valueName\":\"search_term_string\"}}],\"inLanguage\":\"fr-FR\"},{\"@type\":\"Organization\",\"@id\":\"https:\\\/\\\/www.immobilienbusiness.ch\\\/#organization\",\"name\":\"IMMOBILIEN Business\",\"url\":\"https:\\\/\\\/www.immobilienbusiness.ch\\\/\",\"logo\":{\"@type\":\"ImageObject\",\"inLanguage\":\"fr-FR\",\"@id\":\"https:\\\/\\\/www.immobilienbusiness.ch\\\/#\\\/schema\\\/logo\\\/image\\\/\",\"url\":\"https:\\\/\\\/www.immobilienbusiness.ch\\\/wp-content\\\/uploads\\\/2021\\\/07\\\/logo_ib.png\",\"contentUrl\":\"https:\\\/\\\/www.immobilienbusiness.ch\\\/wp-content\\\/uploads\\\/2021\\\/07\\\/logo_ib.png\",\"width\":800,\"height\":181,\"caption\":\"IMMOBILIEN Business\"},\"image\":{\"@id\":\"https:\\\/\\\/www.immobilienbusiness.ch\\\/#\\\/schema\\\/logo\\\/image\\\/\"},\"sameAs\":[\"https:\\\/\\\/www.facebook.com\\\/immobilienbusiness\\\/\"]},{\"@type\":\"Person\",\"@id\":\"https:\\\/\\\/www.immobilienbusiness.ch\\\/#\\\/schema\\\/person\\\/aa2bace6c5c5aad60102004a50c4eb1c\",\"name\":\"Redaktion\",\"image\":{\"@type\":\"ImageObject\",\"inLanguage\":\"fr-FR\",\"@id\":\"https:\\\/\\\/secure.gravatar.com\\\/avatar\\\/ae2f4d718e6c49043e314ce431e7e645d646302a24a5ef5a8bc8e3f5a032e319?s=96&d=mm&r=g\",\"url\":\"https:\\\/\\\/secure.gravatar.com\\\/avatar\\\/ae2f4d718e6c49043e314ce431e7e645d646302a24a5ef5a8bc8e3f5a032e319?s=96&d=mm&r=g\",\"contentUrl\":\"https:\\\/\\\/secure.gravatar.com\\\/avatar\\\/ae2f4d718e6c49043e314ce431e7e645d646302a24a5ef5a8bc8e3f5a032e319?s=96&d=mm&r=g\",\"caption\":\"Redaktion\"},\"sameAs\":[\"http:\\\/\\\/develop.organisator.galledia.ch\"],\"url\":\"https:\\\/\\\/www.immobilienbusiness.ch\\\/fr\\\/author\\\/admin\\\/\"}]}<\/script>\n<!-- \/ Yoast SEO plugin. -->","yoast_head_json":{"title":"\u00abZopf & Z\u00f6pfli\u00bb er\u00f6ffnet Ende September in Bern - IMMOBILIEN Business","description":"\u00abZopf & Z\u00f6pfli\u00bb heisst ein neues Retail-Konzept, welches Betty Bossi zusammen mit der March\u00e9 Restaurants Schweiz AG entwickelt hat.","robots":{"index":"index","follow":"follow","max-snippet":"max-snippet:-1","max-image-preview":"max-image-preview:large","max-video-preview":"max-video-preview:-1"},"canonical":"https:\/\/www.immobilienbusiness.ch\/fr\/retail\/2016-07-22\/zopf-zoepfli-eroeffnet-ende-september-in-bern\/","og_locale":"fr_FR","og_type":"article","og_title":"\u00abZopf & Z\u00f6pfli\u00bb er\u00f6ffnet Ende September in Bern","og_description":"\u00abZopf & Z\u00f6pfli\u00bb heisst ein neues Retail-Konzept, welches Betty Bossi zusammen mit der March\u00e9 Restaurants Schweiz AG entwickelt hat. Ende September soll es erstmals im Bahnhof Bern an den Start gehen.","og_url":"https:\/\/www.immobilienbusiness.ch\/fr\/retail\/2016-07-22\/zopf-zoepfli-eroeffnet-ende-september-in-bern\/","og_site_name":"IMMOBILIEN Business","article_publisher":"https:\/\/www.facebook.com\/immobilienbusiness\/","article_published_time":"2016-07-22T07:30:55+00:00","author":"Redaktion","twitter_card":"summary_large_image","twitter_image":"https:\/\/www.immobilienbusiness.ch\/wp-content\/uploads\/2016\/12\/ZopfZoepfli-eroeffnet-Ende-September-in-Bern-immoblien-business.jpg","schema":{"@context":"https:\/\/schema.org","@graph":[{"@type":"Article","@id":"https:\/\/www.immobilienbusiness.ch\/retail\/2016-07-22\/zopf-zoepfli-eroeffnet-ende-september-in-bern\/#article","isPartOf":{"@id":"https:\/\/www.immobilienbusiness.ch\/retail\/2016-07-22\/zopf-zoepfli-eroeffnet-ende-september-in-bern\/"},"author":{"name":"Redaktion","@id":"https:\/\/www.immobilienbusiness.ch\/#\/schema\/person\/aa2bace6c5c5aad60102004a50c4eb1c"},"headline":"\u00abZopf &#038; Z\u00f6pfli\u00bb er\u00f6ffnet Ende September in Bern","datePublished":"2016-07-22T07:30:55+00:00","mainEntityOfPage":{"@id":"https:\/\/www.immobilienbusiness.ch\/retail\/2016-07-22\/zopf-zoepfli-eroeffnet-ende-september-in-bern\/"},"wordCount":151,"commentCount":0,"publisher":{"@id":"https:\/\/www.immobilienbusiness.ch\/#organization"},"image":{"@id":"https:\/\/www.immobilienbusiness.ch\/retail\/2016-07-22\/zopf-zoepfli-eroeffnet-ende-september-in-bern\/#primaryimage"},"thumbnailUrl":"https:\/\/www.immobilienbusiness.ch\/wp-content\/uploads\/2016\/12\/ZopfZoepfli-eroeffnet-Ende-September-in-Bern-immoblien-business.jpg","keywords":["Bern","Retail"],"articleSection":["RETAIL"],"inLanguage":"fr-FR"},{"@type":"WebPage","@id":"https:\/\/www.immobilienbusiness.ch\/retail\/2016-07-22\/zopf-zoepfli-eroeffnet-ende-september-in-bern\/","url":"https:\/\/www.immobilienbusiness.ch\/retail\/2016-07-22\/zopf-zoepfli-eroeffnet-ende-september-in-bern\/","name":"\u00abZopf & Z\u00f6pfli\u00bb er\u00f6ffnet Ende September in Bern - IMMOBILIEN Business","isPartOf":{"@id":"https:\/\/www.immobilienbusiness.ch\/#website"},"primaryImageOfPage":{"@id":"https:\/\/www.immobilienbusiness.ch\/retail\/2016-07-22\/zopf-zoepfli-eroeffnet-ende-september-in-bern\/#primaryimage"},"image":{"@id":"https:\/\/www.immobilienbusiness.ch\/retail\/2016-07-22\/zopf-zoepfli-eroeffnet-ende-september-in-bern\/#primaryimage"},"thumbnailUrl":"https:\/\/www.immobilienbusiness.ch\/wp-content\/uploads\/2016\/12\/ZopfZoepfli-eroeffnet-Ende-September-in-Bern-immoblien-business.jpg","datePublished":"2016-07-22T07:30:55+00:00","description":"\u00abZopf & Z\u00f6pfli\u00bb heisst ein neues Retail-Konzept, welches Betty Bossi zusammen mit der March\u00e9 Restaurants Schweiz AG entwickelt hat.","breadcrumb":{"@id":"https:\/\/www.immobilienbusiness.ch\/retail\/2016-07-22\/zopf-zoepfli-eroeffnet-ende-september-in-bern\/#breadcrumb"},"inLanguage":"fr-FR","potentialAction":[{"@type":"ReadAction","target":["https:\/\/www.immobilienbusiness.ch\/retail\/2016-07-22\/zopf-zoepfli-eroeffnet-ende-september-in-bern\/"]}]},{"@type":"ImageObject","inLanguage":"fr-FR","@id":"https:\/\/www.immobilienbusiness.ch\/retail\/2016-07-22\/zopf-zoepfli-eroeffnet-ende-september-in-bern\/#primaryimage","url":"https:\/\/www.immobilienbusiness.ch\/wp-content\/uploads\/2016\/12\/ZopfZoepfli-eroeffnet-Ende-September-in-Bern-immoblien-business.jpg","contentUrl":"https:\/\/www.immobilienbusiness.ch\/wp-content\/uploads\/2016\/12\/ZopfZoepfli-eroeffnet-Ende-September-in-Bern-immoblien-business.jpg","width":677,"height":251,"caption":"Mit \u00abZopf & Z\u00f6pfli\u00bb wollen Betty Bossi und March\u00e9 Restaurants ein neues Retail-Konzept \u00abf\u00fcr die Schnellverpflegung an gut frequentierten Standorten\u00bb lancieren (Logo: Betty Bossi)"},{"@type":"BreadcrumbList","@id":"https:\/\/www.immobilienbusiness.ch\/retail\/2016-07-22\/zopf-zoepfli-eroeffnet-ende-september-in-bern\/#breadcrumb","itemListElement":[{"@type":"ListItem","position":1,"name":"Home","item":"https:\/\/www.immobilienbusiness.ch\/"},{"@type":"ListItem","position":2,"name":"\u00abZopf &#038; Z\u00f6pfli\u00bb er\u00f6ffnet Ende September in Bern"}]},{"@type":"WebSite","@id":"https:\/\/www.immobilienbusiness.ch\/#website","url":"https:\/\/www.immobilienbusiness.ch\/","name":"IMMOBILIER Business","description":"Magazine \u00e9conomique suisse ind\u00e9pendant ax\u00e9 sur l'immobilier, l'architecture et la construction ainsi que sur les investissements et le financement.","publisher":{"@id":"https:\/\/www.immobilienbusiness.ch\/#organization"},"potentialAction":[{"@type":"SearchAction","target":{"@type":"EntryPoint","urlTemplate":"https:\/\/www.immobilienbusiness.ch\/?s={search_term_string}"},"query-input":{"@type":"PropertyValueSpecification","valueRequired":true,"valueName":"search_term_string"}}],"inLanguage":"fr-FR"},{"@type":"Organization","@id":"https:\/\/www.immobilienbusiness.ch\/#organization","name":"IMMOBILIER Business","url":"https:\/\/www.immobilienbusiness.ch\/","logo":{"@type":"ImageObject","inLanguage":"fr-FR","@id":"https:\/\/www.immobilienbusiness.ch\/#\/schema\/logo\/image\/","url":"https:\/\/www.immobilienbusiness.ch\/wp-content\/uploads\/2021\/07\/logo_ib.png","contentUrl":"https:\/\/www.immobilienbusiness.ch\/wp-content\/uploads\/2021\/07\/logo_ib.png","width":800,"height":181,"caption":"IMMOBILIEN Business"},"image":{"@id":"https:\/\/www.immobilienbusiness.ch\/#\/schema\/logo\/image\/"},"sameAs":["https:\/\/www.facebook.com\/immobilienbusiness\/"]},{"@type":"Person","@id":"https:\/\/www.immobilienbusiness.ch\/#\/schema\/person\/aa2bace6c5c5aad60102004a50c4eb1c","name":"Editorial","image":{"@type":"ImageObject","inLanguage":"fr-FR","@id":"https:\/\/secure.gravatar.com\/avatar\/ae2f4d718e6c49043e314ce431e7e645d646302a24a5ef5a8bc8e3f5a032e319?s=96&d=mm&r=g","url":"https:\/\/secure.gravatar.com\/avatar\/ae2f4d718e6c49043e314ce431e7e645d646302a24a5ef5a8bc8e3f5a032e319?s=96&d=mm&r=g","contentUrl":"https:\/\/secure.gravatar.com\/avatar\/ae2f4d718e6c49043e314ce431e7e645d646302a24a5ef5a8bc8e3f5a032e319?s=96&d=mm&r=g","caption":"Redaktion"},"sameAs":["http:\/\/develop.organisator.galledia.ch"],"url":"https:\/\/www.immobilienbusiness.ch\/fr\/author\/admin\/"}]}},"_links":{"self":[{"href":"https:\/\/www.immobilienbusiness.ch\/fr\/wp-json\/wp\/v2\/posts\/3296","targetHints":{"allow":["GET"]}}],"collection":[{"href":"https:\/\/www.immobilienbusiness.ch\/fr\/wp-json\/wp\/v2\/posts"}],"about":[{"href":"https:\/\/www.immobilienbusiness.ch\/fr\/wp-json\/wp\/v2\/types\/post"}],"author":[{"embeddable":true,"href":"https:\/\/www.immobilienbusiness.ch\/fr\/wp-json\/wp\/v2\/users\/1"}],"replies":[{"embeddable":true,"href":"https:\/\/www.immobilienbusiness.ch\/fr\/wp-json\/wp\/v2\/comments?post=3296"}],"version-history":[{"count":0,"href":"https:\/\/www.immobilienbusiness.ch\/fr\/wp-json\/wp\/v2\/posts\/3296\/revisions"}],"wp:featuredmedia":[{"embeddable":true,"href":"https:\/\/www.immobilienbusiness.ch\/fr\/wp-json\/wp\/v2\/media\/3304"}],"wp:attachment":[{"href":"https:\/\/www.immobilienbusiness.ch\/fr\/wp-json\/wp\/v2\/media?parent=3296"}],"wp:term":[{"taxonomy":"category","embeddable":true,"href":"https:\/\/www.immobilienbusiness.ch\/fr\/wp-json\/wp\/v2\/categories?post=3296"},{"taxonomy":"post_tag","embeddable":true,"href":"https:\/\/www.immobilienbusiness.ch\/fr\/wp-json\/wp\/v2\/tags?post=3296"}],"curies":[{"name":"wp","href":"https:\/\/api.w.org\/{rel}","templated":true}]}}