{"id":3247,"date":"2016-07-19T10:00:50","date_gmt":"2016-07-19T08:00:50","guid":{"rendered":"http:\/\/dev.immobilienbusiness.ch\/?p=3247"},"modified":"2016-07-19T10:00:50","modified_gmt":"2016-07-19T08:00:50","slug":"migros-verkauft-markt-galerie-in-loerrach","status":"publish","type":"post","link":"https:\/\/www.immobilienbusiness.ch\/fr\/buero\/2016-07-19\/migros-verkauft-markt-galerie-in-loerrach\/","title":{"rendered":"Migros vend la Markt-Galerie \u00e0 L\u00f6rrach"},"content":{"rendered":"<figure id=\"attachment_3249\" aria-describedby=\"caption-attachment-3249\" style=\"width: 680px\" class=\"wp-caption alignnone\"><img loading=\"lazy\" decoding=\"async\" class=\"size-medium wp-image-3249\" src=\"https:\/\/immobilienbusiness.ch\/wp-content\/uploads\/2016\/12\/Migros-verkauft-Markt-Galerie-in-L\u00f6rrach-immobilien-business.jpg\" alt=\"Migros verkauft ihre letzte Liegenschaft in Deutschland, die Marktgalerie in L\u00f6rrach, an die Corestate Capital Group (Bild: Pixabay)\" width=\"680\" height=\"494\" \/><figcaption id=\"caption-attachment-3249\" class=\"wp-caption-text\">Migros vend son dernier bien immobilier en Allemagne, la Marktgalerie \u00e0 L\u00f6rrach, \u00e0 Corestate Capital Group (Image : Pixabay)<\/figcaption><\/figure>\n<p>La \"Galerie Am Alten Markt\", situ\u00e9e au centre de L\u00f6rrach, dispose de pr\u00e8s de 8.000 m\u00e8tres carr\u00e9s de surface locative sur trois niveaux, dont les trois quarts sont consacr\u00e9s au commerce de d\u00e9tail et un quart aux bureaux. Le centre, construit en 1995, offre en outre 260 places de stationnement pour voitures sur deux niveaux. Migros avait d'abord utilis\u00e9 l'immeuble comme si\u00e8ge social en Allemagne et y avait inaugur\u00e9 son premier supermarch\u00e9 en Allemagne en 1996. Il y a environ trois ans, le centre a \u00e9t\u00e9 lou\u00e9 \u00e0 des utilisateurs tels que Rewe et le magasin de textile Trendhouse. Actuellement, toutes les surfaces de vente au d\u00e9tail disponibles sont utilis\u00e9es, indique-t-on.<\/p>\n<p>Les intentions de vente de Migros avaient \u00e9t\u00e9 annonc\u00e9es pour la premi\u00e8re fois au d\u00e9but de l'automne 2014. Les parties ont convenu de ne pas divulguer le prix d'achat convenu. JLL a conseill\u00e9 et n\u00e9goci\u00e9 la transaction sur la base d'un mandat exclusif. (mr)<\/p>","protected":false},"excerpt":{"rendered":"<p>Migros Liegenschaften GmbH s'est s\u00e9par\u00e9e de son dernier b\u00e2timent en Allemagne. La \"Galerie Am Alten Markt\", situ\u00e9e dans le centre-ville de L\u00f6rrach, vient d'\u00eatre c\u00e9d\u00e9e au Corestate Capital Group.<\/p>","protected":false},"author":1,"featured_media":3249,"comment_status":"open","ping_status":"open","sticky":false,"template":"","format":"standard","meta":{"_acf_changed":false,"_yoast_wpseo_focuskw":"Markt-Galerie in L\u00f6rrach","_yoast_wpseo_title":"","_yoast_wpseo_metadesc":"Markt-Galerie in L\u00f6rrach verkauft: Die Migros Liegenschaften GmbH hat sich von ihrem letzten Geb\u00e4ude in Deutschland getrennt.","_yoast_wpseo_linkdex":54,"pgc_sgb_lightbox_settings":"","footnotes":""},"categories":[983,987,988],"tags":[1052,1118,1643,1807],"class_list":["post-3247","post","type-post","status-publish","format-standard","has-post-thumbnail","hentry","category-buero","category-retail","category-unternehmen","tag-ausland","tag-buero","tag-retail","tag-unternehmen"],"acf":[],"yoast_head":"<!-- This site is optimized with the Yoast SEO plugin v27.4 - https:\/\/yoast.com\/product\/yoast-seo-wordpress\/ -->\n<title>Migros verkauft Markt-Galerie in L\u00f6rrach - IMMOBILIEN Business<\/title>\n<meta name=\"description\" content=\"Markt-Galerie in L\u00f6rrach verkauft: Die Migros Liegenschaften GmbH hat sich von ihrem letzten Geb\u00e4ude in Deutschland getrennt.\" \/>\n<meta name=\"robots\" content=\"index, follow, max-snippet:-1, max-image-preview:large, max-video-preview:-1\" \/>\n<link rel=\"canonical\" href=\"https:\/\/www.immobilienbusiness.ch\/fr\/buero\/2016-07-19\/migros-verkauft-markt-galerie-in-loerrach\/\" \/>\n<meta property=\"og:locale\" content=\"fr_FR\" \/>\n<meta property=\"og:type\" content=\"article\" \/>\n<meta property=\"og:title\" content=\"Migros verkauft Markt-Galerie in L\u00f6rrach\" \/>\n<meta property=\"og:description\" content=\"Die Migros Liegenschaften GmbH hat sich von ihrem letzten Geb\u00e4ude in Deutschland getrennt. Die \u00abGalerie Am Alten Markt\u00bb in der Innenstadt von L\u00f6rrach wurde jetzt an die Corestate Capital Group ver\u00e4ussert.\" \/>\n<meta property=\"og:url\" content=\"https:\/\/www.immobilienbusiness.ch\/fr\/buero\/2016-07-19\/migros-verkauft-markt-galerie-in-loerrach\/\" \/>\n<meta property=\"og:site_name\" content=\"IMMOBILIEN Business\" \/>\n<meta property=\"article:publisher\" content=\"https:\/\/www.facebook.com\/immobilienbusiness\/\" \/>\n<meta property=\"article:published_time\" content=\"2016-07-19T08:00:50+00:00\" \/>\n<meta name=\"author\" content=\"Redaktion\" \/>\n<meta name=\"twitter:card\" content=\"summary_large_image\" \/>\n<meta name=\"twitter:image\" content=\"https:\/\/www.immobilienbusiness.ch\/wp-content\/uploads\/2016\/12\/Migros-verkauft-Markt-Galerie-in-Loerrach-immobilien-business.jpg\" \/>\n<script type=\"application\/ld+json\" class=\"yoast-schema-graph\">{\"@context\":\"https:\\\/\\\/schema.org\",\"@graph\":[{\"@type\":\"Article\",\"@id\":\"https:\\\/\\\/www.immobilienbusiness.ch\\\/buero\\\/2016-07-19\\\/migros-verkauft-markt-galerie-in-loerrach\\\/#article\",\"isPartOf\":{\"@id\":\"https:\\\/\\\/www.immobilienbusiness.ch\\\/buero\\\/2016-07-19\\\/migros-verkauft-markt-galerie-in-loerrach\\\/\"},\"author\":{\"name\":\"Redaktion\",\"@id\":\"https:\\\/\\\/www.immobilienbusiness.ch\\\/#\\\/schema\\\/person\\\/aa2bace6c5c5aad60102004a50c4eb1c\"},\"headline\":\"Migros verkauft Markt-Galerie in L\u00f6rrach\",\"datePublished\":\"2016-07-19T08:00:50+00:00\",\"mainEntityOfPage\":{\"@id\":\"https:\\\/\\\/www.immobilienbusiness.ch\\\/buero\\\/2016-07-19\\\/migros-verkauft-markt-galerie-in-loerrach\\\/\"},\"wordCount\":156,\"commentCount\":0,\"publisher\":{\"@id\":\"https:\\\/\\\/www.immobilienbusiness.ch\\\/#organization\"},\"image\":{\"@id\":\"https:\\\/\\\/www.immobilienbusiness.ch\\\/buero\\\/2016-07-19\\\/migros-verkauft-markt-galerie-in-loerrach\\\/#primaryimage\"},\"thumbnailUrl\":\"https:\\\/\\\/www.immobilienbusiness.ch\\\/wp-content\\\/uploads\\\/2016\\\/12\\\/Migros-verkauft-Markt-Galerie-in-Loerrach-immobilien-business.jpg\",\"keywords\":[\"Ausland\",\"B\u00fcro\",\"Retail\",\"Unternehmen\"],\"articleSection\":[\"B\u00dcRO\",\"RETAIL\",\"UNTERNEHMEN\"],\"inLanguage\":\"fr-FR\"},{\"@type\":\"WebPage\",\"@id\":\"https:\\\/\\\/www.immobilienbusiness.ch\\\/buero\\\/2016-07-19\\\/migros-verkauft-markt-galerie-in-loerrach\\\/\",\"url\":\"https:\\\/\\\/www.immobilienbusiness.ch\\\/buero\\\/2016-07-19\\\/migros-verkauft-markt-galerie-in-loerrach\\\/\",\"name\":\"Migros verkauft Markt-Galerie in L\u00f6rrach - IMMOBILIEN Business\",\"isPartOf\":{\"@id\":\"https:\\\/\\\/www.immobilienbusiness.ch\\\/#website\"},\"primaryImageOfPage\":{\"@id\":\"https:\\\/\\\/www.immobilienbusiness.ch\\\/buero\\\/2016-07-19\\\/migros-verkauft-markt-galerie-in-loerrach\\\/#primaryimage\"},\"image\":{\"@id\":\"https:\\\/\\\/www.immobilienbusiness.ch\\\/buero\\\/2016-07-19\\\/migros-verkauft-markt-galerie-in-loerrach\\\/#primaryimage\"},\"thumbnailUrl\":\"https:\\\/\\\/www.immobilienbusiness.ch\\\/wp-content\\\/uploads\\\/2016\\\/12\\\/Migros-verkauft-Markt-Galerie-in-Loerrach-immobilien-business.jpg\",\"datePublished\":\"2016-07-19T08:00:50+00:00\",\"description\":\"Markt-Galerie in L\u00f6rrach verkauft: Die Migros Liegenschaften GmbH hat sich von ihrem letzten Geb\u00e4ude in Deutschland getrennt.\",\"breadcrumb\":{\"@id\":\"https:\\\/\\\/www.immobilienbusiness.ch\\\/buero\\\/2016-07-19\\\/migros-verkauft-markt-galerie-in-loerrach\\\/#breadcrumb\"},\"inLanguage\":\"fr-FR\",\"potentialAction\":[{\"@type\":\"ReadAction\",\"target\":[\"https:\\\/\\\/www.immobilienbusiness.ch\\\/buero\\\/2016-07-19\\\/migros-verkauft-markt-galerie-in-loerrach\\\/\"]}]},{\"@type\":\"ImageObject\",\"inLanguage\":\"fr-FR\",\"@id\":\"https:\\\/\\\/www.immobilienbusiness.ch\\\/buero\\\/2016-07-19\\\/migros-verkauft-markt-galerie-in-loerrach\\\/#primaryimage\",\"url\":\"https:\\\/\\\/www.immobilienbusiness.ch\\\/wp-content\\\/uploads\\\/2016\\\/12\\\/Migros-verkauft-Markt-Galerie-in-Loerrach-immobilien-business.jpg\",\"contentUrl\":\"https:\\\/\\\/www.immobilienbusiness.ch\\\/wp-content\\\/uploads\\\/2016\\\/12\\\/Migros-verkauft-Markt-Galerie-in-Loerrach-immobilien-business.jpg\",\"width\":960,\"height\":697,\"caption\":\"Migros verkauft ihre letzte Liegenschaft in Deutschland, die Marktgalerie in L\u00f6rrach, an die Corestate Capital Group (Bild: Pixabay)\"},{\"@type\":\"BreadcrumbList\",\"@id\":\"https:\\\/\\\/www.immobilienbusiness.ch\\\/buero\\\/2016-07-19\\\/migros-verkauft-markt-galerie-in-loerrach\\\/#breadcrumb\",\"itemListElement\":[{\"@type\":\"ListItem\",\"position\":1,\"name\":\"Home\",\"item\":\"https:\\\/\\\/www.immobilienbusiness.ch\\\/\"},{\"@type\":\"ListItem\",\"position\":2,\"name\":\"Migros verkauft Markt-Galerie in L\u00f6rrach\"}]},{\"@type\":\"WebSite\",\"@id\":\"https:\\\/\\\/www.immobilienbusiness.ch\\\/#website\",\"url\":\"https:\\\/\\\/www.immobilienbusiness.ch\\\/\",\"name\":\"IMMOBILIEN Business\",\"description\":\"Unabh\u00e4ngiges Schweizer Wirtschaftsmagazin mit Fokus auf Immobilien, Architektur- und Bau sowie Investment- und Finanzierung.\",\"publisher\":{\"@id\":\"https:\\\/\\\/www.immobilienbusiness.ch\\\/#organization\"},\"potentialAction\":[{\"@type\":\"SearchAction\",\"target\":{\"@type\":\"EntryPoint\",\"urlTemplate\":\"https:\\\/\\\/www.immobilienbusiness.ch\\\/?s={search_term_string}\"},\"query-input\":{\"@type\":\"PropertyValueSpecification\",\"valueRequired\":true,\"valueName\":\"search_term_string\"}}],\"inLanguage\":\"fr-FR\"},{\"@type\":\"Organization\",\"@id\":\"https:\\\/\\\/www.immobilienbusiness.ch\\\/#organization\",\"name\":\"IMMOBILIEN Business\",\"url\":\"https:\\\/\\\/www.immobilienbusiness.ch\\\/\",\"logo\":{\"@type\":\"ImageObject\",\"inLanguage\":\"fr-FR\",\"@id\":\"https:\\\/\\\/www.immobilienbusiness.ch\\\/#\\\/schema\\\/logo\\\/image\\\/\",\"url\":\"https:\\\/\\\/www.immobilienbusiness.ch\\\/wp-content\\\/uploads\\\/2021\\\/07\\\/logo_ib.png\",\"contentUrl\":\"https:\\\/\\\/www.immobilienbusiness.ch\\\/wp-content\\\/uploads\\\/2021\\\/07\\\/logo_ib.png\",\"width\":800,\"height\":181,\"caption\":\"IMMOBILIEN Business\"},\"image\":{\"@id\":\"https:\\\/\\\/www.immobilienbusiness.ch\\\/#\\\/schema\\\/logo\\\/image\\\/\"},\"sameAs\":[\"https:\\\/\\\/www.facebook.com\\\/immobilienbusiness\\\/\"]},{\"@type\":\"Person\",\"@id\":\"https:\\\/\\\/www.immobilienbusiness.ch\\\/#\\\/schema\\\/person\\\/aa2bace6c5c5aad60102004a50c4eb1c\",\"name\":\"Redaktion\",\"image\":{\"@type\":\"ImageObject\",\"inLanguage\":\"fr-FR\",\"@id\":\"https:\\\/\\\/secure.gravatar.com\\\/avatar\\\/ae2f4d718e6c49043e314ce431e7e645d646302a24a5ef5a8bc8e3f5a032e319?s=96&d=mm&r=g\",\"url\":\"https:\\\/\\\/secure.gravatar.com\\\/avatar\\\/ae2f4d718e6c49043e314ce431e7e645d646302a24a5ef5a8bc8e3f5a032e319?s=96&d=mm&r=g\",\"contentUrl\":\"https:\\\/\\\/secure.gravatar.com\\\/avatar\\\/ae2f4d718e6c49043e314ce431e7e645d646302a24a5ef5a8bc8e3f5a032e319?s=96&d=mm&r=g\",\"caption\":\"Redaktion\"},\"sameAs\":[\"http:\\\/\\\/develop.organisator.galledia.ch\"],\"url\":\"https:\\\/\\\/www.immobilienbusiness.ch\\\/fr\\\/author\\\/admin\\\/\"}]}<\/script>\n<!-- \/ Yoast SEO plugin. -->","yoast_head_json":{"title":"Migros vend la Markt-Galerie \u00e0 L\u00f6rrach - IMMOBILIER Business","description":"La Markt-Galerie de L\u00f6rrach vendue : La soci\u00e9t\u00e9 Migros Liegenschaften GmbH s'est s\u00e9par\u00e9e de son dernier b\u00e2timent en Allemagne.","robots":{"index":"index","follow":"follow","max-snippet":"max-snippet:-1","max-image-preview":"max-image-preview:large","max-video-preview":"max-video-preview:-1"},"canonical":"https:\/\/www.immobilienbusiness.ch\/fr\/buero\/2016-07-19\/migros-verkauft-markt-galerie-in-loerrach\/","og_locale":"fr_FR","og_type":"article","og_title":"Migros verkauft Markt-Galerie in L\u00f6rrach","og_description":"Die Migros Liegenschaften GmbH hat sich von ihrem letzten Geb\u00e4ude in Deutschland getrennt. Die \u00abGalerie Am Alten Markt\u00bb in der Innenstadt von L\u00f6rrach wurde jetzt an die Corestate Capital Group ver\u00e4ussert.","og_url":"https:\/\/www.immobilienbusiness.ch\/fr\/buero\/2016-07-19\/migros-verkauft-markt-galerie-in-loerrach\/","og_site_name":"IMMOBILIEN Business","article_publisher":"https:\/\/www.facebook.com\/immobilienbusiness\/","article_published_time":"2016-07-19T08:00:50+00:00","author":"Redaktion","twitter_card":"summary_large_image","twitter_image":"https:\/\/www.immobilienbusiness.ch\/wp-content\/uploads\/2016\/12\/Migros-verkauft-Markt-Galerie-in-Loerrach-immobilien-business.jpg","schema":{"@context":"https:\/\/schema.org","@graph":[{"@type":"Article","@id":"https:\/\/www.immobilienbusiness.ch\/buero\/2016-07-19\/migros-verkauft-markt-galerie-in-loerrach\/#article","isPartOf":{"@id":"https:\/\/www.immobilienbusiness.ch\/buero\/2016-07-19\/migros-verkauft-markt-galerie-in-loerrach\/"},"author":{"name":"Redaktion","@id":"https:\/\/www.immobilienbusiness.ch\/#\/schema\/person\/aa2bace6c5c5aad60102004a50c4eb1c"},"headline":"Migros verkauft Markt-Galerie in L\u00f6rrach","datePublished":"2016-07-19T08:00:50+00:00","mainEntityOfPage":{"@id":"https:\/\/www.immobilienbusiness.ch\/buero\/2016-07-19\/migros-verkauft-markt-galerie-in-loerrach\/"},"wordCount":156,"commentCount":0,"publisher":{"@id":"https:\/\/www.immobilienbusiness.ch\/#organization"},"image":{"@id":"https:\/\/www.immobilienbusiness.ch\/buero\/2016-07-19\/migros-verkauft-markt-galerie-in-loerrach\/#primaryimage"},"thumbnailUrl":"https:\/\/www.immobilienbusiness.ch\/wp-content\/uploads\/2016\/12\/Migros-verkauft-Markt-Galerie-in-Loerrach-immobilien-business.jpg","keywords":["Ausland","B\u00fcro","Retail","Unternehmen"],"articleSection":["B\u00dcRO","RETAIL","UNTERNEHMEN"],"inLanguage":"fr-FR"},{"@type":"WebPage","@id":"https:\/\/www.immobilienbusiness.ch\/buero\/2016-07-19\/migros-verkauft-markt-galerie-in-loerrach\/","url":"https:\/\/www.immobilienbusiness.ch\/buero\/2016-07-19\/migros-verkauft-markt-galerie-in-loerrach\/","name":"Migros vend la Markt-Galerie \u00e0 L\u00f6rrach - IMMOBILIER Business","isPartOf":{"@id":"https:\/\/www.immobilienbusiness.ch\/#website"},"primaryImageOfPage":{"@id":"https:\/\/www.immobilienbusiness.ch\/buero\/2016-07-19\/migros-verkauft-markt-galerie-in-loerrach\/#primaryimage"},"image":{"@id":"https:\/\/www.immobilienbusiness.ch\/buero\/2016-07-19\/migros-verkauft-markt-galerie-in-loerrach\/#primaryimage"},"thumbnailUrl":"https:\/\/www.immobilienbusiness.ch\/wp-content\/uploads\/2016\/12\/Migros-verkauft-Markt-Galerie-in-Loerrach-immobilien-business.jpg","datePublished":"2016-07-19T08:00:50+00:00","description":"La Markt-Galerie de L\u00f6rrach vendue : La soci\u00e9t\u00e9 Migros Liegenschaften GmbH s'est s\u00e9par\u00e9e de son dernier b\u00e2timent en Allemagne.","breadcrumb":{"@id":"https:\/\/www.immobilienbusiness.ch\/buero\/2016-07-19\/migros-verkauft-markt-galerie-in-loerrach\/#breadcrumb"},"inLanguage":"fr-FR","potentialAction":[{"@type":"ReadAction","target":["https:\/\/www.immobilienbusiness.ch\/buero\/2016-07-19\/migros-verkauft-markt-galerie-in-loerrach\/"]}]},{"@type":"ImageObject","inLanguage":"fr-FR","@id":"https:\/\/www.immobilienbusiness.ch\/buero\/2016-07-19\/migros-verkauft-markt-galerie-in-loerrach\/#primaryimage","url":"https:\/\/www.immobilienbusiness.ch\/wp-content\/uploads\/2016\/12\/Migros-verkauft-Markt-Galerie-in-Loerrach-immobilien-business.jpg","contentUrl":"https:\/\/www.immobilienbusiness.ch\/wp-content\/uploads\/2016\/12\/Migros-verkauft-Markt-Galerie-in-Loerrach-immobilien-business.jpg","width":960,"height":697,"caption":"Migros verkauft ihre letzte Liegenschaft in Deutschland, die Marktgalerie in L\u00f6rrach, an die Corestate Capital Group (Bild: Pixabay)"},{"@type":"BreadcrumbList","@id":"https:\/\/www.immobilienbusiness.ch\/buero\/2016-07-19\/migros-verkauft-markt-galerie-in-loerrach\/#breadcrumb","itemListElement":[{"@type":"ListItem","position":1,"name":"Home","item":"https:\/\/www.immobilienbusiness.ch\/"},{"@type":"ListItem","position":2,"name":"Migros verkauft Markt-Galerie in L\u00f6rrach"}]},{"@type":"WebSite","@id":"https:\/\/www.immobilienbusiness.ch\/#website","url":"https:\/\/www.immobilienbusiness.ch\/","name":"IMMOBILIER Business","description":"Magazine \u00e9conomique suisse ind\u00e9pendant ax\u00e9 sur l'immobilier, l'architecture et la construction ainsi que sur les investissements et le financement.","publisher":{"@id":"https:\/\/www.immobilienbusiness.ch\/#organization"},"potentialAction":[{"@type":"SearchAction","target":{"@type":"EntryPoint","urlTemplate":"https:\/\/www.immobilienbusiness.ch\/?s={search_term_string}"},"query-input":{"@type":"PropertyValueSpecification","valueRequired":true,"valueName":"search_term_string"}}],"inLanguage":"fr-FR"},{"@type":"Organization","@id":"https:\/\/www.immobilienbusiness.ch\/#organization","name":"IMMOBILIER Business","url":"https:\/\/www.immobilienbusiness.ch\/","logo":{"@type":"ImageObject","inLanguage":"fr-FR","@id":"https:\/\/www.immobilienbusiness.ch\/#\/schema\/logo\/image\/","url":"https:\/\/www.immobilienbusiness.ch\/wp-content\/uploads\/2021\/07\/logo_ib.png","contentUrl":"https:\/\/www.immobilienbusiness.ch\/wp-content\/uploads\/2021\/07\/logo_ib.png","width":800,"height":181,"caption":"IMMOBILIEN Business"},"image":{"@id":"https:\/\/www.immobilienbusiness.ch\/#\/schema\/logo\/image\/"},"sameAs":["https:\/\/www.facebook.com\/immobilienbusiness\/"]},{"@type":"Person","@id":"https:\/\/www.immobilienbusiness.ch\/#\/schema\/person\/aa2bace6c5c5aad60102004a50c4eb1c","name":"Editorial","image":{"@type":"ImageObject","inLanguage":"fr-FR","@id":"https:\/\/secure.gravatar.com\/avatar\/ae2f4d718e6c49043e314ce431e7e645d646302a24a5ef5a8bc8e3f5a032e319?s=96&d=mm&r=g","url":"https:\/\/secure.gravatar.com\/avatar\/ae2f4d718e6c49043e314ce431e7e645d646302a24a5ef5a8bc8e3f5a032e319?s=96&d=mm&r=g","contentUrl":"https:\/\/secure.gravatar.com\/avatar\/ae2f4d718e6c49043e314ce431e7e645d646302a24a5ef5a8bc8e3f5a032e319?s=96&d=mm&r=g","caption":"Redaktion"},"sameAs":["http:\/\/develop.organisator.galledia.ch"],"url":"https:\/\/www.immobilienbusiness.ch\/fr\/author\/admin\/"}]}},"_links":{"self":[{"href":"https:\/\/www.immobilienbusiness.ch\/fr\/wp-json\/wp\/v2\/posts\/3247","targetHints":{"allow":["GET"]}}],"collection":[{"href":"https:\/\/www.immobilienbusiness.ch\/fr\/wp-json\/wp\/v2\/posts"}],"about":[{"href":"https:\/\/www.immobilienbusiness.ch\/fr\/wp-json\/wp\/v2\/types\/post"}],"author":[{"embeddable":true,"href":"https:\/\/www.immobilienbusiness.ch\/fr\/wp-json\/wp\/v2\/users\/1"}],"replies":[{"embeddable":true,"href":"https:\/\/www.immobilienbusiness.ch\/fr\/wp-json\/wp\/v2\/comments?post=3247"}],"version-history":[{"count":0,"href":"https:\/\/www.immobilienbusiness.ch\/fr\/wp-json\/wp\/v2\/posts\/3247\/revisions"}],"wp:featuredmedia":[{"embeddable":true,"href":"https:\/\/www.immobilienbusiness.ch\/fr\/wp-json\/wp\/v2\/media\/3249"}],"wp:attachment":[{"href":"https:\/\/www.immobilienbusiness.ch\/fr\/wp-json\/wp\/v2\/media?parent=3247"}],"wp:term":[{"taxonomy":"category","embeddable":true,"href":"https:\/\/www.immobilienbusiness.ch\/fr\/wp-json\/wp\/v2\/categories?post=3247"},{"taxonomy":"post_tag","embeddable":true,"href":"https:\/\/www.immobilienbusiness.ch\/fr\/wp-json\/wp\/v2\/tags?post=3247"}],"curies":[{"name":"wp","href":"https:\/\/api.w.org\/{rel}","templated":true}]}}