{"id":3237,"date":"2016-07-19T10:00:15","date_gmt":"2016-07-19T08:00:15","guid":{"rendered":"http:\/\/dev.immobilienbusiness.ch\/?p=3237"},"modified":"2016-07-19T10:00:15","modified_gmt":"2016-07-19T08:00:15","slug":"alfred-mueller-ag-plant-neue-geschaeftshaeuser-in-cham","status":"publish","type":"post","link":"https:\/\/www.immobilienbusiness.ch\/fr\/buero\/2016-07-19\/alfred-mueller-ag-plant-neue-geschaeftshaeuser-in-cham\/","title":{"rendered":"Alfred M\u00fcller AG pr\u00e9voit de nouveaux immeubles commerciaux \u00e0 Cham"},"content":{"rendered":"<figure id=\"attachment_3239\" aria-describedby=\"caption-attachment-3239\" style=\"width: 680px\" class=\"wp-caption alignnone\"><img loading=\"lazy\" decoding=\"async\" class=\"size-medium wp-image-3239\" src=\"https:\/\/immobilienbusiness.ch\/wp-content\/uploads\/2016\/12\/Alfred-M\u00fcller-AG-plant-neue-Gesch\u00e4ftsh\u00e4user-in-Cham-immobilien-business.jpg\" alt=\"Die Gesch\u00e4ftsh\u00e4user im Projekt Helix entstehen unweit des Autobahnanschlusses Zug\/Cham Ost und sind rund 400 Meter vom Einkaufszentrum Zugerland entfernt. (Bild: Alfred M\u00fcller AG)\" width=\"680\" height=\"374\" \/><figcaption id=\"caption-attachment-3239\" class=\"wp-caption-text\">Les immeubles commerciaux du projet Helix seront construits non loin de la jonction autorouti\u00e8re Zoug\/Cham Est et \u00e0 environ 400 m\u00e8tres du centre commercial Zugerland. (Photo : Alfred M\u00fcller AG)<\/figcaption><\/figure>\n<blockquote><p>\"D\u00e8s que nous aurons lou\u00e9 une partie des surfaces, nous d\u00e9clencherons les travaux de construction\". Christoph M\u00fcller, pr\u00e9sident du CA d'Alfred M\u00fcller AG<\/p><\/blockquote>\n<p>L'ensemble immobilier doit \u00eatre construit dans la zone industrielle \"St\u00e4dtler Allmed\", bien desservie. Il comprend quatre b\u00e2timents avec un total de pr\u00e8s de 23 000 m\u00e8tres carr\u00e9s de surfaces de services modernes, qui seront r\u00e9alis\u00e9s en deux \u00e9tapes. Le projet con\u00e7u par le bureau zougois axess Architekten AG comprendra une fa\u00e7ade m\u00e9tallique avec des fen\u00eatres \u00e0 hauteur de plafond, des terrasses g\u00e9n\u00e9reuses dans les \u00e9tages en attique ainsi que des \"piliers \u00e9nerg\u00e9tiques\" pour le chauffage et le refroidissement.<\/p>\n<p>La soci\u00e9t\u00e9 Alfred M\u00fcller AG investira environ 80 millions de CHF dans le projet. \"D\u00e8s que nous aurons lou\u00e9 une partie des surfaces, nous d\u00e9clencherons les travaux de construction\", explique Christoph M\u00fcller, pr\u00e9sident du conseil d'administration. (mr)<\/p>","protected":false},"excerpt":{"rendered":"<p>La soci\u00e9t\u00e9 Alfred M\u00fcller AG (Baar) a d\u00e9pos\u00e9 la demande de permis de construire pour le projet Helix \u00e0 Cham (ZG). Il est pr\u00e9vu d'y construire quatre immeubles commerciaux modernes d'une surface utile d'environ 23.000 m\u00e8tres carr\u00e9s.<\/p>","protected":false},"author":1,"featured_media":3239,"comment_status":"open","ping_status":"open","sticky":false,"template":"","format":"standard","meta":{"_acf_changed":false,"_yoast_wpseo_focuskw":"Neue Gesch\u00e4ftsh\u00e4user in Cham","_yoast_wpseo_title":"","_yoast_wpseo_metadesc":"Neue Gesch\u00e4ftsh\u00e4user in Cham: Die Alfred M\u00fcller AG hat das Baugesuch f\u00fcr das Projekt Helix eingereicht. Es sollen vier moderne Gesch\u00e4ftsh\u00e4user entstehen.","_yoast_wpseo_linkdex":51,"pgc_sgb_lightbox_settings":"","footnotes":""},"categories":[983],"tags":[1118,1334,1601,1884],"class_list":["post-3237","post","type-post","status-publish","format-standard","has-post-thumbnail","hentry","category-buero","tag-buero","tag-immobilien-investitionen","tag-projektentwicklung","tag-zug"],"acf":[],"yoast_head":"<!-- This site is optimized with the Yoast SEO plugin v27.4 - https:\/\/yoast.com\/product\/yoast-seo-wordpress\/ -->\n<title>Alfred M\u00fcller AG plant neue Gesch\u00e4ftsh\u00e4user in Cham - IMMOBILIEN Business<\/title>\n<meta name=\"description\" content=\"Neue Gesch\u00e4ftsh\u00e4user in Cham: Die Alfred M\u00fcller AG hat das Baugesuch f\u00fcr das Projekt Helix eingereicht. Es sollen vier moderne Gesch\u00e4ftsh\u00e4user entstehen.\" \/>\n<meta name=\"robots\" content=\"index, follow, max-snippet:-1, max-image-preview:large, max-video-preview:-1\" \/>\n<link rel=\"canonical\" href=\"https:\/\/www.immobilienbusiness.ch\/fr\/buero\/2016-07-19\/alfred-mueller-ag-plant-neue-geschaeftshaeuser-in-cham\/\" \/>\n<meta property=\"og:locale\" content=\"fr_FR\" \/>\n<meta property=\"og:type\" content=\"article\" \/>\n<meta property=\"og:title\" content=\"Alfred M\u00fcller AG plant neue Gesch\u00e4ftsh\u00e4user in Cham\" \/>\n<meta property=\"og:description\" content=\"Die Alfred M\u00fcller AG (Baar) hat das Baugesuch f\u00fcr das Projekt Helix in Cham (ZG) eingereicht. Dort sollen vier moderne Gesch\u00e4ftsh\u00e4user mit rund 23.000 Quadratmeter Nutzfl\u00e4che erstellt werden.\" \/>\n<meta property=\"og:url\" content=\"https:\/\/www.immobilienbusiness.ch\/fr\/buero\/2016-07-19\/alfred-mueller-ag-plant-neue-geschaeftshaeuser-in-cham\/\" \/>\n<meta property=\"og:site_name\" content=\"IMMOBILIEN Business\" \/>\n<meta property=\"article:publisher\" content=\"https:\/\/www.facebook.com\/immobilienbusiness\/\" \/>\n<meta property=\"article:published_time\" content=\"2016-07-19T08:00:15+00:00\" \/>\n<meta name=\"author\" content=\"Redaktion\" \/>\n<meta name=\"twitter:card\" content=\"summary_large_image\" \/>\n<script type=\"application\/ld+json\" class=\"yoast-schema-graph\">{\"@context\":\"https:\\\/\\\/schema.org\",\"@graph\":[{\"@type\":\"Article\",\"@id\":\"https:\\\/\\\/www.immobilienbusiness.ch\\\/buero\\\/2016-07-19\\\/alfred-mueller-ag-plant-neue-geschaeftshaeuser-in-cham\\\/#article\",\"isPartOf\":{\"@id\":\"https:\\\/\\\/www.immobilienbusiness.ch\\\/buero\\\/2016-07-19\\\/alfred-mueller-ag-plant-neue-geschaeftshaeuser-in-cham\\\/\"},\"author\":{\"name\":\"Redaktion\",\"@id\":\"https:\\\/\\\/www.immobilienbusiness.ch\\\/#\\\/schema\\\/person\\\/aa2bace6c5c5aad60102004a50c4eb1c\"},\"headline\":\"Alfred M\u00fcller AG plant neue Gesch\u00e4ftsh\u00e4user in Cham\",\"datePublished\":\"2016-07-19T08:00:15+00:00\",\"mainEntityOfPage\":{\"@id\":\"https:\\\/\\\/www.immobilienbusiness.ch\\\/buero\\\/2016-07-19\\\/alfred-mueller-ag-plant-neue-geschaeftshaeuser-in-cham\\\/\"},\"wordCount\":168,\"commentCount\":0,\"publisher\":{\"@id\":\"https:\\\/\\\/www.immobilienbusiness.ch\\\/#organization\"},\"image\":{\"@id\":\"https:\\\/\\\/www.immobilienbusiness.ch\\\/buero\\\/2016-07-19\\\/alfred-mueller-ag-plant-neue-geschaeftshaeuser-in-cham\\\/#primaryimage\"},\"thumbnailUrl\":\"\",\"keywords\":[\"B\u00fcro\",\"Immobilien-Investitionen\",\"Projektentwicklung\",\"Zug\"],\"articleSection\":[\"B\u00dcRO\"],\"inLanguage\":\"fr-FR\"},{\"@type\":\"WebPage\",\"@id\":\"https:\\\/\\\/www.immobilienbusiness.ch\\\/buero\\\/2016-07-19\\\/alfred-mueller-ag-plant-neue-geschaeftshaeuser-in-cham\\\/\",\"url\":\"https:\\\/\\\/www.immobilienbusiness.ch\\\/buero\\\/2016-07-19\\\/alfred-mueller-ag-plant-neue-geschaeftshaeuser-in-cham\\\/\",\"name\":\"Alfred M\u00fcller AG plant neue Gesch\u00e4ftsh\u00e4user in Cham - IMMOBILIEN Business\",\"isPartOf\":{\"@id\":\"https:\\\/\\\/www.immobilienbusiness.ch\\\/#website\"},\"primaryImageOfPage\":{\"@id\":\"https:\\\/\\\/www.immobilienbusiness.ch\\\/buero\\\/2016-07-19\\\/alfred-mueller-ag-plant-neue-geschaeftshaeuser-in-cham\\\/#primaryimage\"},\"image\":{\"@id\":\"https:\\\/\\\/www.immobilienbusiness.ch\\\/buero\\\/2016-07-19\\\/alfred-mueller-ag-plant-neue-geschaeftshaeuser-in-cham\\\/#primaryimage\"},\"thumbnailUrl\":\"\",\"datePublished\":\"2016-07-19T08:00:15+00:00\",\"description\":\"Neue Gesch\u00e4ftsh\u00e4user in Cham: Die Alfred M\u00fcller AG hat das Baugesuch f\u00fcr das Projekt Helix eingereicht. Es sollen vier moderne Gesch\u00e4ftsh\u00e4user entstehen.\",\"breadcrumb\":{\"@id\":\"https:\\\/\\\/www.immobilienbusiness.ch\\\/buero\\\/2016-07-19\\\/alfred-mueller-ag-plant-neue-geschaeftshaeuser-in-cham\\\/#breadcrumb\"},\"inLanguage\":\"fr-FR\",\"potentialAction\":[{\"@type\":\"ReadAction\",\"target\":[\"https:\\\/\\\/www.immobilienbusiness.ch\\\/buero\\\/2016-07-19\\\/alfred-mueller-ag-plant-neue-geschaeftshaeuser-in-cham\\\/\"]}]},{\"@type\":\"ImageObject\",\"inLanguage\":\"fr-FR\",\"@id\":\"https:\\\/\\\/www.immobilienbusiness.ch\\\/buero\\\/2016-07-19\\\/alfred-mueller-ag-plant-neue-geschaeftshaeuser-in-cham\\\/#primaryimage\",\"url\":\"\",\"contentUrl\":\"\"},{\"@type\":\"BreadcrumbList\",\"@id\":\"https:\\\/\\\/www.immobilienbusiness.ch\\\/buero\\\/2016-07-19\\\/alfred-mueller-ag-plant-neue-geschaeftshaeuser-in-cham\\\/#breadcrumb\",\"itemListElement\":[{\"@type\":\"ListItem\",\"position\":1,\"name\":\"Home\",\"item\":\"https:\\\/\\\/www.immobilienbusiness.ch\\\/\"},{\"@type\":\"ListItem\",\"position\":2,\"name\":\"Alfred M\u00fcller AG plant neue Gesch\u00e4ftsh\u00e4user in Cham\"}]},{\"@type\":\"WebSite\",\"@id\":\"https:\\\/\\\/www.immobilienbusiness.ch\\\/#website\",\"url\":\"https:\\\/\\\/www.immobilienbusiness.ch\\\/\",\"name\":\"IMMOBILIEN Business\",\"description\":\"Unabh\u00e4ngiges Schweizer Wirtschaftsmagazin mit Fokus auf Immobilien, Architektur- und Bau sowie Investment- und Finanzierung.\",\"publisher\":{\"@id\":\"https:\\\/\\\/www.immobilienbusiness.ch\\\/#organization\"},\"potentialAction\":[{\"@type\":\"SearchAction\",\"target\":{\"@type\":\"EntryPoint\",\"urlTemplate\":\"https:\\\/\\\/www.immobilienbusiness.ch\\\/?s={search_term_string}\"},\"query-input\":{\"@type\":\"PropertyValueSpecification\",\"valueRequired\":true,\"valueName\":\"search_term_string\"}}],\"inLanguage\":\"fr-FR\"},{\"@type\":\"Organization\",\"@id\":\"https:\\\/\\\/www.immobilienbusiness.ch\\\/#organization\",\"name\":\"IMMOBILIEN Business\",\"url\":\"https:\\\/\\\/www.immobilienbusiness.ch\\\/\",\"logo\":{\"@type\":\"ImageObject\",\"inLanguage\":\"fr-FR\",\"@id\":\"https:\\\/\\\/www.immobilienbusiness.ch\\\/#\\\/schema\\\/logo\\\/image\\\/\",\"url\":\"https:\\\/\\\/www.immobilienbusiness.ch\\\/wp-content\\\/uploads\\\/2021\\\/07\\\/logo_ib.png\",\"contentUrl\":\"https:\\\/\\\/www.immobilienbusiness.ch\\\/wp-content\\\/uploads\\\/2021\\\/07\\\/logo_ib.png\",\"width\":800,\"height\":181,\"caption\":\"IMMOBILIEN Business\"},\"image\":{\"@id\":\"https:\\\/\\\/www.immobilienbusiness.ch\\\/#\\\/schema\\\/logo\\\/image\\\/\"},\"sameAs\":[\"https:\\\/\\\/www.facebook.com\\\/immobilienbusiness\\\/\"]},{\"@type\":\"Person\",\"@id\":\"https:\\\/\\\/www.immobilienbusiness.ch\\\/#\\\/schema\\\/person\\\/aa2bace6c5c5aad60102004a50c4eb1c\",\"name\":\"Redaktion\",\"image\":{\"@type\":\"ImageObject\",\"inLanguage\":\"fr-FR\",\"@id\":\"https:\\\/\\\/secure.gravatar.com\\\/avatar\\\/ae2f4d718e6c49043e314ce431e7e645d646302a24a5ef5a8bc8e3f5a032e319?s=96&d=mm&r=g\",\"url\":\"https:\\\/\\\/secure.gravatar.com\\\/avatar\\\/ae2f4d718e6c49043e314ce431e7e645d646302a24a5ef5a8bc8e3f5a032e319?s=96&d=mm&r=g\",\"contentUrl\":\"https:\\\/\\\/secure.gravatar.com\\\/avatar\\\/ae2f4d718e6c49043e314ce431e7e645d646302a24a5ef5a8bc8e3f5a032e319?s=96&d=mm&r=g\",\"caption\":\"Redaktion\"},\"sameAs\":[\"http:\\\/\\\/develop.organisator.galledia.ch\"],\"url\":\"https:\\\/\\\/www.immobilienbusiness.ch\\\/fr\\\/author\\\/admin\\\/\"}]}<\/script>\n<!-- \/ Yoast SEO plugin. -->","yoast_head_json":{"title":"Alfred M\u00fcller AG pr\u00e9voit de nouveaux immeubles commerciaux \u00e0 Cham - IMMOBILIER Business","description":"Nouveaux immeubles commerciaux \u00e0 Cham : la soci\u00e9t\u00e9 Alfred M\u00fcller AG a d\u00e9pos\u00e9 la demande de permis de construire pour le projet Helix. Il est pr\u00e9vu de construire quatre immeubles commerciaux modernes.","robots":{"index":"index","follow":"follow","max-snippet":"max-snippet:-1","max-image-preview":"max-image-preview:large","max-video-preview":"max-video-preview:-1"},"canonical":"https:\/\/www.immobilienbusiness.ch\/fr\/buero\/2016-07-19\/alfred-mueller-ag-plant-neue-geschaeftshaeuser-in-cham\/","og_locale":"fr_FR","og_type":"article","og_title":"Alfred M\u00fcller AG plant neue Gesch\u00e4ftsh\u00e4user in Cham","og_description":"Die Alfred M\u00fcller AG (Baar) hat das Baugesuch f\u00fcr das Projekt Helix in Cham (ZG) eingereicht. Dort sollen vier moderne Gesch\u00e4ftsh\u00e4user mit rund 23.000 Quadratmeter Nutzfl\u00e4che erstellt werden.","og_url":"https:\/\/www.immobilienbusiness.ch\/fr\/buero\/2016-07-19\/alfred-mueller-ag-plant-neue-geschaeftshaeuser-in-cham\/","og_site_name":"IMMOBILIEN Business","article_publisher":"https:\/\/www.facebook.com\/immobilienbusiness\/","article_published_time":"2016-07-19T08:00:15+00:00","author":"Redaktion","twitter_card":"summary_large_image","schema":{"@context":"https:\/\/schema.org","@graph":[{"@type":"Article","@id":"https:\/\/www.immobilienbusiness.ch\/buero\/2016-07-19\/alfred-mueller-ag-plant-neue-geschaeftshaeuser-in-cham\/#article","isPartOf":{"@id":"https:\/\/www.immobilienbusiness.ch\/buero\/2016-07-19\/alfred-mueller-ag-plant-neue-geschaeftshaeuser-in-cham\/"},"author":{"name":"Redaktion","@id":"https:\/\/www.immobilienbusiness.ch\/#\/schema\/person\/aa2bace6c5c5aad60102004a50c4eb1c"},"headline":"Alfred M\u00fcller AG plant neue Gesch\u00e4ftsh\u00e4user in Cham","datePublished":"2016-07-19T08:00:15+00:00","mainEntityOfPage":{"@id":"https:\/\/www.immobilienbusiness.ch\/buero\/2016-07-19\/alfred-mueller-ag-plant-neue-geschaeftshaeuser-in-cham\/"},"wordCount":168,"commentCount":0,"publisher":{"@id":"https:\/\/www.immobilienbusiness.ch\/#organization"},"image":{"@id":"https:\/\/www.immobilienbusiness.ch\/buero\/2016-07-19\/alfred-mueller-ag-plant-neue-geschaeftshaeuser-in-cham\/#primaryimage"},"thumbnailUrl":"","keywords":["B\u00fcro","Immobilien-Investitionen","Projektentwicklung","Zug"],"articleSection":["B\u00dcRO"],"inLanguage":"fr-FR"},{"@type":"WebPage","@id":"https:\/\/www.immobilienbusiness.ch\/buero\/2016-07-19\/alfred-mueller-ag-plant-neue-geschaeftshaeuser-in-cham\/","url":"https:\/\/www.immobilienbusiness.ch\/buero\/2016-07-19\/alfred-mueller-ag-plant-neue-geschaeftshaeuser-in-cham\/","name":"Alfred M\u00fcller AG pr\u00e9voit de nouveaux immeubles commerciaux \u00e0 Cham - IMMOBILIER Business","isPartOf":{"@id":"https:\/\/www.immobilienbusiness.ch\/#website"},"primaryImageOfPage":{"@id":"https:\/\/www.immobilienbusiness.ch\/buero\/2016-07-19\/alfred-mueller-ag-plant-neue-geschaeftshaeuser-in-cham\/#primaryimage"},"image":{"@id":"https:\/\/www.immobilienbusiness.ch\/buero\/2016-07-19\/alfred-mueller-ag-plant-neue-geschaeftshaeuser-in-cham\/#primaryimage"},"thumbnailUrl":"","datePublished":"2016-07-19T08:00:15+00:00","description":"Nouveaux immeubles commerciaux \u00e0 Cham : la soci\u00e9t\u00e9 Alfred M\u00fcller AG a d\u00e9pos\u00e9 la demande de permis de construire pour le projet Helix. Il est pr\u00e9vu de construire quatre immeubles commerciaux modernes.","breadcrumb":{"@id":"https:\/\/www.immobilienbusiness.ch\/buero\/2016-07-19\/alfred-mueller-ag-plant-neue-geschaeftshaeuser-in-cham\/#breadcrumb"},"inLanguage":"fr-FR","potentialAction":[{"@type":"ReadAction","target":["https:\/\/www.immobilienbusiness.ch\/buero\/2016-07-19\/alfred-mueller-ag-plant-neue-geschaeftshaeuser-in-cham\/"]}]},{"@type":"ImageObject","inLanguage":"fr-FR","@id":"https:\/\/www.immobilienbusiness.ch\/buero\/2016-07-19\/alfred-mueller-ag-plant-neue-geschaeftshaeuser-in-cham\/#primaryimage","url":"","contentUrl":""},{"@type":"BreadcrumbList","@id":"https:\/\/www.immobilienbusiness.ch\/buero\/2016-07-19\/alfred-mueller-ag-plant-neue-geschaeftshaeuser-in-cham\/#breadcrumb","itemListElement":[{"@type":"ListItem","position":1,"name":"Home","item":"https:\/\/www.immobilienbusiness.ch\/"},{"@type":"ListItem","position":2,"name":"Alfred M\u00fcller AG plant neue Gesch\u00e4ftsh\u00e4user in Cham"}]},{"@type":"WebSite","@id":"https:\/\/www.immobilienbusiness.ch\/#website","url":"https:\/\/www.immobilienbusiness.ch\/","name":"IMMOBILIER Business","description":"Magazine \u00e9conomique suisse ind\u00e9pendant ax\u00e9 sur l'immobilier, l'architecture et la construction ainsi que sur les investissements et le financement.","publisher":{"@id":"https:\/\/www.immobilienbusiness.ch\/#organization"},"potentialAction":[{"@type":"SearchAction","target":{"@type":"EntryPoint","urlTemplate":"https:\/\/www.immobilienbusiness.ch\/?s={search_term_string}"},"query-input":{"@type":"PropertyValueSpecification","valueRequired":true,"valueName":"search_term_string"}}],"inLanguage":"fr-FR"},{"@type":"Organization","@id":"https:\/\/www.immobilienbusiness.ch\/#organization","name":"IMMOBILIER Business","url":"https:\/\/www.immobilienbusiness.ch\/","logo":{"@type":"ImageObject","inLanguage":"fr-FR","@id":"https:\/\/www.immobilienbusiness.ch\/#\/schema\/logo\/image\/","url":"https:\/\/www.immobilienbusiness.ch\/wp-content\/uploads\/2021\/07\/logo_ib.png","contentUrl":"https:\/\/www.immobilienbusiness.ch\/wp-content\/uploads\/2021\/07\/logo_ib.png","width":800,"height":181,"caption":"IMMOBILIEN Business"},"image":{"@id":"https:\/\/www.immobilienbusiness.ch\/#\/schema\/logo\/image\/"},"sameAs":["https:\/\/www.facebook.com\/immobilienbusiness\/"]},{"@type":"Person","@id":"https:\/\/www.immobilienbusiness.ch\/#\/schema\/person\/aa2bace6c5c5aad60102004a50c4eb1c","name":"Editorial","image":{"@type":"ImageObject","inLanguage":"fr-FR","@id":"https:\/\/secure.gravatar.com\/avatar\/ae2f4d718e6c49043e314ce431e7e645d646302a24a5ef5a8bc8e3f5a032e319?s=96&d=mm&r=g","url":"https:\/\/secure.gravatar.com\/avatar\/ae2f4d718e6c49043e314ce431e7e645d646302a24a5ef5a8bc8e3f5a032e319?s=96&d=mm&r=g","contentUrl":"https:\/\/secure.gravatar.com\/avatar\/ae2f4d718e6c49043e314ce431e7e645d646302a24a5ef5a8bc8e3f5a032e319?s=96&d=mm&r=g","caption":"Redaktion"},"sameAs":["http:\/\/develop.organisator.galledia.ch"],"url":"https:\/\/www.immobilienbusiness.ch\/fr\/author\/admin\/"}]}},"_links":{"self":[{"href":"https:\/\/www.immobilienbusiness.ch\/fr\/wp-json\/wp\/v2\/posts\/3237","targetHints":{"allow":["GET"]}}],"collection":[{"href":"https:\/\/www.immobilienbusiness.ch\/fr\/wp-json\/wp\/v2\/posts"}],"about":[{"href":"https:\/\/www.immobilienbusiness.ch\/fr\/wp-json\/wp\/v2\/types\/post"}],"author":[{"embeddable":true,"href":"https:\/\/www.immobilienbusiness.ch\/fr\/wp-json\/wp\/v2\/users\/1"}],"replies":[{"embeddable":true,"href":"https:\/\/www.immobilienbusiness.ch\/fr\/wp-json\/wp\/v2\/comments?post=3237"}],"version-history":[{"count":0,"href":"https:\/\/www.immobilienbusiness.ch\/fr\/wp-json\/wp\/v2\/posts\/3237\/revisions"}],"wp:featuredmedia":[{"embeddable":true,"href":"https:\/\/www.immobilienbusiness.ch\/fr\/wp-json\/"}],"wp:attachment":[{"href":"https:\/\/www.immobilienbusiness.ch\/fr\/wp-json\/wp\/v2\/media?parent=3237"}],"wp:term":[{"taxonomy":"category","embeddable":true,"href":"https:\/\/www.immobilienbusiness.ch\/fr\/wp-json\/wp\/v2\/categories?post=3237"},{"taxonomy":"post_tag","embeddable":true,"href":"https:\/\/www.immobilienbusiness.ch\/fr\/wp-json\/wp\/v2\/tags?post=3237"}],"curies":[{"name":"wp","href":"https:\/\/api.w.org\/{rel}","templated":true}]}}