{"id":3222,"date":"2016-07-18T10:00:18","date_gmt":"2016-07-18T08:00:18","guid":{"rendered":"http:\/\/dev.immobilienbusiness.ch\/?p=3222"},"modified":"2016-07-18T10:00:18","modified_gmt":"2016-07-18T08:00:18","slug":"anliker-kauft-entwicklungs-areal-in-ballwil","status":"publish","type":"post","link":"https:\/\/www.immobilienbusiness.ch\/fr\/residential\/2016-07-18\/anliker-kauft-entwicklungs-areal-in-ballwil\/","title":{"rendered":"Anliker ach\u00e8te un terrain de d\u00e9veloppement \u00e0 Ballwil"},"content":{"rendered":"<figure id=\"attachment_3223\" aria-describedby=\"caption-attachment-3223\" style=\"width: 536px\" class=\"wp-caption alignnone\"><img loading=\"lazy\" decoding=\"async\" class=\"size-full wp-image-3223\" src=\"https:\/\/immobilienbusiness.ch\/wp-content\/uploads\/2016\/12\/Anliker-kauft-Entwicklungs-Areal-in-Ballwil-immobilien-business.jpg\" alt=\"Das Stadtwappen der Gemeinde Ballwil im Kanton Luzern (Quelle: Alpenfahnen AG; CC BY 3.0; https:\/\/commons.wikimedia.org\/w\/index.php?curid=34976797)\" width=\"536\" height=\"494\" srcset=\"https:\/\/www.immobilienbusiness.ch\/wp-content\/uploads\/2016\/12\/Anliker-kauft-Entwicklungs-Areal-in-Ballwil-immobilien-business.jpg 536w, https:\/\/www.immobilienbusiness.ch\/wp-content\/uploads\/2016\/12\/Anliker-kauft-Entwicklungs-Areal-in-Ballwil-immobilien-business-300x276.jpg 300w, https:\/\/www.immobilienbusiness.ch\/wp-content\/uploads\/2016\/12\/Anliker-kauft-Entwicklungs-Areal-in-Ballwil-immobilien-business-13x12.jpg 13w, https:\/\/www.immobilienbusiness.ch\/wp-content\/uploads\/2016\/12\/Anliker-kauft-Entwicklungs-Areal-in-Ballwil-immobilien-business-190x175.jpg 190w, https:\/\/www.immobilienbusiness.ch\/wp-content\/uploads\/2016\/12\/Anliker-kauft-Entwicklungs-Areal-in-Ballwil-immobilien-business-380x350.jpg 380w\" sizes=\"auto, (max-width: 536px) 100vw, 536px\" \/><figcaption id=\"caption-attachment-3223\" class=\"wp-caption-text\">Les armoiries de la commune de Ballwil dans le canton de Lucerne (source : Alpenfahnen AG ; CC BY 3.0 ; https:\/\/commons.wikimedia.org\/w\/index.php?curid=34976797)<\/figcaption><\/figure>\n<p>Comme l'\u00e9crit la \"Neue Luzerner Zeitung\" (NLZ), la soci\u00e9t\u00e9 Belimed AG cessera ses activit\u00e9s \u00e0 Ballwil fin ao\u00fbt et vendra le terrain de l'entreprise, d'une superficie de 10 141 m\u00e8tres carr\u00e9s. Le changement de propri\u00e9taire envisag\u00e9 n'a pas encore \u00e9t\u00e9 publi\u00e9 publiquement. Interrog\u00e9 par le NLZ, le secr\u00e9taire communal de Ballwil, Mario Inderbitzin, a confirm\u00e9 que la commune avait \u00e9t\u00e9 inform\u00e9e de la vente du terrain de Belimed.<\/p>\n<p>Selon le pr\u00e9sident du conseil d'administration Xaver Sigrist, l'entreprise de construction et d'entreprise g\u00e9n\u00e9rale Anliker a effectu\u00e9 l'achat par l'interm\u00e9diaire de la soci\u00e9t\u00e9 Immobilien-Anlagewerte AG, Lucerne, qui est d\u00e9tenue \u00e0 100 pour cent par Anliker. Les deux parties ont convenu de ne pas divulguer le prix d'achat, \u00e9crit la NLZ. Belimed concentrera \u00e0 l'avenir sa production en Suisse sur le site de Sulgen dans le canton de Thurgovie. (mr)<\/p>","protected":false},"excerpt":{"rendered":"<p>L'entreprise de construction et d'entreprise g\u00e9n\u00e9rale Anliker ach\u00e8te un terrain d'un peu plus de 10 000 m\u00e8tres carr\u00e9s \u00e0 Ballwil (LU) au fabricant de techniques m\u00e9dicales Belimed et y pr\u00e9voit notamment la construction de logements.<\/p>","protected":false},"author":1,"featured_media":3223,"comment_status":"open","ping_status":"open","sticky":false,"template":"","format":"standard","meta":{"_acf_changed":false,"_yoast_wpseo_focuskw":"Entwicklungs-Areal in Ballwil","_yoast_wpseo_title":"","_yoast_wpseo_metadesc":"Entwicklungs-Areal in Ballwil (LU): Die Bau- und Generalunternehmung Anliker kauft ein 10.000 qm grosses Areal von dem Medizinaltechnikhersteller Belimed.","_yoast_wpseo_linkdex":54,"pgc_sgb_lightbox_settings":"","footnotes":""},"categories":[986],"tags":[1334,1459,1639,1862],"class_list":["post-3222","post","type-post","status-publish","format-standard","has-post-thumbnail","hentry","category-residential","tag-immobilien-investitionen","tag-luzern","tag-residential","tag-wohnen"],"acf":[],"yoast_head":"<!-- This site is optimized with the Yoast SEO plugin v27.4 - https:\/\/yoast.com\/product\/yoast-seo-wordpress\/ -->\n<title>Anliker kauft Entwicklungs-Areal in Ballwil - IMMOBILIEN Business<\/title>\n<meta name=\"description\" content=\"Entwicklungs-Areal in Ballwil (LU): Die Bau- und Generalunternehmung Anliker kauft ein 10.000 qm grosses Areal von dem Medizinaltechnikhersteller Belimed.\" \/>\n<meta name=\"robots\" content=\"index, follow, max-snippet:-1, max-image-preview:large, max-video-preview:-1\" \/>\n<link rel=\"canonical\" href=\"https:\/\/www.immobilienbusiness.ch\/fr\/residential\/2016-07-18\/anliker-kauft-entwicklungs-areal-in-ballwil\/\" \/>\n<meta property=\"og:locale\" content=\"fr_FR\" \/>\n<meta property=\"og:type\" content=\"article\" \/>\n<meta property=\"og:title\" content=\"Anliker kauft Entwicklungs-Areal in Ballwil\" \/>\n<meta property=\"og:description\" content=\"Die Bau- und Generalunternehmung Anliker kauft ein gut 10.000 Quadratmeter grosses Areal in Ballwil (LU) von dem Medizinaltechnikhersteller Belimed und plant dort unter anderem Wohnungsbau.\" \/>\n<meta property=\"og:url\" content=\"https:\/\/www.immobilienbusiness.ch\/fr\/residential\/2016-07-18\/anliker-kauft-entwicklungs-areal-in-ballwil\/\" \/>\n<meta property=\"og:site_name\" content=\"IMMOBILIEN Business\" \/>\n<meta property=\"article:publisher\" content=\"https:\/\/www.facebook.com\/immobilienbusiness\/\" \/>\n<meta property=\"article:published_time\" content=\"2016-07-18T08:00:18+00:00\" \/>\n<meta name=\"author\" content=\"Redaktion\" \/>\n<meta name=\"twitter:card\" content=\"summary_large_image\" \/>\n<meta name=\"twitter:image\" content=\"https:\/\/www.immobilienbusiness.ch\/wp-content\/uploads\/2016\/12\/Anliker-kauft-Entwicklungs-Areal-in-Ballwil-immobilien-business.jpg\" \/>\n<script type=\"application\/ld+json\" class=\"yoast-schema-graph\">{\"@context\":\"https:\\\/\\\/schema.org\",\"@graph\":[{\"@type\":\"Article\",\"@id\":\"https:\\\/\\\/www.immobilienbusiness.ch\\\/residential\\\/2016-07-18\\\/anliker-kauft-entwicklungs-areal-in-ballwil\\\/#article\",\"isPartOf\":{\"@id\":\"https:\\\/\\\/www.immobilienbusiness.ch\\\/residential\\\/2016-07-18\\\/anliker-kauft-entwicklungs-areal-in-ballwil\\\/\"},\"author\":{\"name\":\"Redaktion\",\"@id\":\"https:\\\/\\\/www.immobilienbusiness.ch\\\/#\\\/schema\\\/person\\\/aa2bace6c5c5aad60102004a50c4eb1c\"},\"headline\":\"Anliker kauft Entwicklungs-Areal in Ballwil\",\"datePublished\":\"2016-07-18T08:00:18+00:00\",\"mainEntityOfPage\":{\"@id\":\"https:\\\/\\\/www.immobilienbusiness.ch\\\/residential\\\/2016-07-18\\\/anliker-kauft-entwicklungs-areal-in-ballwil\\\/\"},\"wordCount\":143,\"commentCount\":0,\"publisher\":{\"@id\":\"https:\\\/\\\/www.immobilienbusiness.ch\\\/#organization\"},\"image\":{\"@id\":\"https:\\\/\\\/www.immobilienbusiness.ch\\\/residential\\\/2016-07-18\\\/anliker-kauft-entwicklungs-areal-in-ballwil\\\/#primaryimage\"},\"thumbnailUrl\":\"https:\\\/\\\/www.immobilienbusiness.ch\\\/wp-content\\\/uploads\\\/2016\\\/12\\\/Anliker-kauft-Entwicklungs-Areal-in-Ballwil-immobilien-business.jpg\",\"keywords\":[\"Immobilien-Investitionen\",\"Luzern\",\"Residential\",\"Wohnen\"],\"articleSection\":[\"RESIDENTIAL\"],\"inLanguage\":\"fr-FR\"},{\"@type\":\"WebPage\",\"@id\":\"https:\\\/\\\/www.immobilienbusiness.ch\\\/residential\\\/2016-07-18\\\/anliker-kauft-entwicklungs-areal-in-ballwil\\\/\",\"url\":\"https:\\\/\\\/www.immobilienbusiness.ch\\\/residential\\\/2016-07-18\\\/anliker-kauft-entwicklungs-areal-in-ballwil\\\/\",\"name\":\"Anliker kauft Entwicklungs-Areal in Ballwil - IMMOBILIEN Business\",\"isPartOf\":{\"@id\":\"https:\\\/\\\/www.immobilienbusiness.ch\\\/#website\"},\"primaryImageOfPage\":{\"@id\":\"https:\\\/\\\/www.immobilienbusiness.ch\\\/residential\\\/2016-07-18\\\/anliker-kauft-entwicklungs-areal-in-ballwil\\\/#primaryimage\"},\"image\":{\"@id\":\"https:\\\/\\\/www.immobilienbusiness.ch\\\/residential\\\/2016-07-18\\\/anliker-kauft-entwicklungs-areal-in-ballwil\\\/#primaryimage\"},\"thumbnailUrl\":\"https:\\\/\\\/www.immobilienbusiness.ch\\\/wp-content\\\/uploads\\\/2016\\\/12\\\/Anliker-kauft-Entwicklungs-Areal-in-Ballwil-immobilien-business.jpg\",\"datePublished\":\"2016-07-18T08:00:18+00:00\",\"description\":\"Entwicklungs-Areal in Ballwil (LU): Die Bau- und Generalunternehmung Anliker kauft ein 10.000 qm grosses Areal von dem Medizinaltechnikhersteller Belimed.\",\"breadcrumb\":{\"@id\":\"https:\\\/\\\/www.immobilienbusiness.ch\\\/residential\\\/2016-07-18\\\/anliker-kauft-entwicklungs-areal-in-ballwil\\\/#breadcrumb\"},\"inLanguage\":\"fr-FR\",\"potentialAction\":[{\"@type\":\"ReadAction\",\"target\":[\"https:\\\/\\\/www.immobilienbusiness.ch\\\/residential\\\/2016-07-18\\\/anliker-kauft-entwicklungs-areal-in-ballwil\\\/\"]}]},{\"@type\":\"ImageObject\",\"inLanguage\":\"fr-FR\",\"@id\":\"https:\\\/\\\/www.immobilienbusiness.ch\\\/residential\\\/2016-07-18\\\/anliker-kauft-entwicklungs-areal-in-ballwil\\\/#primaryimage\",\"url\":\"https:\\\/\\\/www.immobilienbusiness.ch\\\/wp-content\\\/uploads\\\/2016\\\/12\\\/Anliker-kauft-Entwicklungs-Areal-in-Ballwil-immobilien-business.jpg\",\"contentUrl\":\"https:\\\/\\\/www.immobilienbusiness.ch\\\/wp-content\\\/uploads\\\/2016\\\/12\\\/Anliker-kauft-Entwicklungs-Areal-in-Ballwil-immobilien-business.jpg\",\"width\":536,\"height\":494,\"caption\":\"Das Stadtwappen der Gemeinde Ballwil im Kanton Luzern (Quelle: Alpenfahnen AG; CC BY 3.0; https:\\\/\\\/commons.wikimedia.org\\\/w\\\/index.php?curid=34976797)\"},{\"@type\":\"BreadcrumbList\",\"@id\":\"https:\\\/\\\/www.immobilienbusiness.ch\\\/residential\\\/2016-07-18\\\/anliker-kauft-entwicklungs-areal-in-ballwil\\\/#breadcrumb\",\"itemListElement\":[{\"@type\":\"ListItem\",\"position\":1,\"name\":\"Home\",\"item\":\"https:\\\/\\\/www.immobilienbusiness.ch\\\/\"},{\"@type\":\"ListItem\",\"position\":2,\"name\":\"Anliker kauft Entwicklungs-Areal in Ballwil\"}]},{\"@type\":\"WebSite\",\"@id\":\"https:\\\/\\\/www.immobilienbusiness.ch\\\/#website\",\"url\":\"https:\\\/\\\/www.immobilienbusiness.ch\\\/\",\"name\":\"IMMOBILIEN Business\",\"description\":\"Unabh\u00e4ngiges Schweizer Wirtschaftsmagazin mit Fokus auf Immobilien, Architektur- und Bau sowie Investment- und Finanzierung.\",\"publisher\":{\"@id\":\"https:\\\/\\\/www.immobilienbusiness.ch\\\/#organization\"},\"potentialAction\":[{\"@type\":\"SearchAction\",\"target\":{\"@type\":\"EntryPoint\",\"urlTemplate\":\"https:\\\/\\\/www.immobilienbusiness.ch\\\/?s={search_term_string}\"},\"query-input\":{\"@type\":\"PropertyValueSpecification\",\"valueRequired\":true,\"valueName\":\"search_term_string\"}}],\"inLanguage\":\"fr-FR\"},{\"@type\":\"Organization\",\"@id\":\"https:\\\/\\\/www.immobilienbusiness.ch\\\/#organization\",\"name\":\"IMMOBILIEN Business\",\"url\":\"https:\\\/\\\/www.immobilienbusiness.ch\\\/\",\"logo\":{\"@type\":\"ImageObject\",\"inLanguage\":\"fr-FR\",\"@id\":\"https:\\\/\\\/www.immobilienbusiness.ch\\\/#\\\/schema\\\/logo\\\/image\\\/\",\"url\":\"https:\\\/\\\/www.immobilienbusiness.ch\\\/wp-content\\\/uploads\\\/2021\\\/07\\\/logo_ib.png\",\"contentUrl\":\"https:\\\/\\\/www.immobilienbusiness.ch\\\/wp-content\\\/uploads\\\/2021\\\/07\\\/logo_ib.png\",\"width\":800,\"height\":181,\"caption\":\"IMMOBILIEN Business\"},\"image\":{\"@id\":\"https:\\\/\\\/www.immobilienbusiness.ch\\\/#\\\/schema\\\/logo\\\/image\\\/\"},\"sameAs\":[\"https:\\\/\\\/www.facebook.com\\\/immobilienbusiness\\\/\"]},{\"@type\":\"Person\",\"@id\":\"https:\\\/\\\/www.immobilienbusiness.ch\\\/#\\\/schema\\\/person\\\/aa2bace6c5c5aad60102004a50c4eb1c\",\"name\":\"Redaktion\",\"image\":{\"@type\":\"ImageObject\",\"inLanguage\":\"fr-FR\",\"@id\":\"https:\\\/\\\/secure.gravatar.com\\\/avatar\\\/ae2f4d718e6c49043e314ce431e7e645d646302a24a5ef5a8bc8e3f5a032e319?s=96&d=mm&r=g\",\"url\":\"https:\\\/\\\/secure.gravatar.com\\\/avatar\\\/ae2f4d718e6c49043e314ce431e7e645d646302a24a5ef5a8bc8e3f5a032e319?s=96&d=mm&r=g\",\"contentUrl\":\"https:\\\/\\\/secure.gravatar.com\\\/avatar\\\/ae2f4d718e6c49043e314ce431e7e645d646302a24a5ef5a8bc8e3f5a032e319?s=96&d=mm&r=g\",\"caption\":\"Redaktion\"},\"sameAs\":[\"http:\\\/\\\/develop.organisator.galledia.ch\"],\"url\":\"https:\\\/\\\/www.immobilienbusiness.ch\\\/fr\\\/author\\\/admin\\\/\"}]}<\/script>\n<!-- \/ Yoast SEO plugin. -->","yoast_head_json":{"title":"Anliker kauft Entwicklungs-Areal in Ballwil - IMMOBILIEN Business","description":"Entwicklungs-Areal in Ballwil (LU): Die Bau- und Generalunternehmung Anliker kauft ein 10.000 qm grosses Areal von dem Medizinaltechnikhersteller Belimed.","robots":{"index":"index","follow":"follow","max-snippet":"max-snippet:-1","max-image-preview":"max-image-preview:large","max-video-preview":"max-video-preview:-1"},"canonical":"https:\/\/www.immobilienbusiness.ch\/fr\/residential\/2016-07-18\/anliker-kauft-entwicklungs-areal-in-ballwil\/","og_locale":"fr_FR","og_type":"article","og_title":"Anliker kauft Entwicklungs-Areal in Ballwil","og_description":"Die Bau- und Generalunternehmung Anliker kauft ein gut 10.000 Quadratmeter grosses Areal in Ballwil (LU) von dem Medizinaltechnikhersteller Belimed und plant dort unter anderem Wohnungsbau.","og_url":"https:\/\/www.immobilienbusiness.ch\/fr\/residential\/2016-07-18\/anliker-kauft-entwicklungs-areal-in-ballwil\/","og_site_name":"IMMOBILIEN Business","article_publisher":"https:\/\/www.facebook.com\/immobilienbusiness\/","article_published_time":"2016-07-18T08:00:18+00:00","author":"Redaktion","twitter_card":"summary_large_image","twitter_image":"https:\/\/www.immobilienbusiness.ch\/wp-content\/uploads\/2016\/12\/Anliker-kauft-Entwicklungs-Areal-in-Ballwil-immobilien-business.jpg","schema":{"@context":"https:\/\/schema.org","@graph":[{"@type":"Article","@id":"https:\/\/www.immobilienbusiness.ch\/residential\/2016-07-18\/anliker-kauft-entwicklungs-areal-in-ballwil\/#article","isPartOf":{"@id":"https:\/\/www.immobilienbusiness.ch\/residential\/2016-07-18\/anliker-kauft-entwicklungs-areal-in-ballwil\/"},"author":{"name":"Redaktion","@id":"https:\/\/www.immobilienbusiness.ch\/#\/schema\/person\/aa2bace6c5c5aad60102004a50c4eb1c"},"headline":"Anliker kauft Entwicklungs-Areal in Ballwil","datePublished":"2016-07-18T08:00:18+00:00","mainEntityOfPage":{"@id":"https:\/\/www.immobilienbusiness.ch\/residential\/2016-07-18\/anliker-kauft-entwicklungs-areal-in-ballwil\/"},"wordCount":143,"commentCount":0,"publisher":{"@id":"https:\/\/www.immobilienbusiness.ch\/#organization"},"image":{"@id":"https:\/\/www.immobilienbusiness.ch\/residential\/2016-07-18\/anliker-kauft-entwicklungs-areal-in-ballwil\/#primaryimage"},"thumbnailUrl":"https:\/\/www.immobilienbusiness.ch\/wp-content\/uploads\/2016\/12\/Anliker-kauft-Entwicklungs-Areal-in-Ballwil-immobilien-business.jpg","keywords":["Immobilien-Investitionen","Luzern","Residential","Wohnen"],"articleSection":["RESIDENTIAL"],"inLanguage":"fr-FR"},{"@type":"WebPage","@id":"https:\/\/www.immobilienbusiness.ch\/residential\/2016-07-18\/anliker-kauft-entwicklungs-areal-in-ballwil\/","url":"https:\/\/www.immobilienbusiness.ch\/residential\/2016-07-18\/anliker-kauft-entwicklungs-areal-in-ballwil\/","name":"Anliker kauft Entwicklungs-Areal in Ballwil - IMMOBILIEN Business","isPartOf":{"@id":"https:\/\/www.immobilienbusiness.ch\/#website"},"primaryImageOfPage":{"@id":"https:\/\/www.immobilienbusiness.ch\/residential\/2016-07-18\/anliker-kauft-entwicklungs-areal-in-ballwil\/#primaryimage"},"image":{"@id":"https:\/\/www.immobilienbusiness.ch\/residential\/2016-07-18\/anliker-kauft-entwicklungs-areal-in-ballwil\/#primaryimage"},"thumbnailUrl":"https:\/\/www.immobilienbusiness.ch\/wp-content\/uploads\/2016\/12\/Anliker-kauft-Entwicklungs-Areal-in-Ballwil-immobilien-business.jpg","datePublished":"2016-07-18T08:00:18+00:00","description":"Entwicklungs-Areal in Ballwil (LU): Die Bau- und Generalunternehmung Anliker kauft ein 10.000 qm grosses Areal von dem Medizinaltechnikhersteller Belimed.","breadcrumb":{"@id":"https:\/\/www.immobilienbusiness.ch\/residential\/2016-07-18\/anliker-kauft-entwicklungs-areal-in-ballwil\/#breadcrumb"},"inLanguage":"fr-FR","potentialAction":[{"@type":"ReadAction","target":["https:\/\/www.immobilienbusiness.ch\/residential\/2016-07-18\/anliker-kauft-entwicklungs-areal-in-ballwil\/"]}]},{"@type":"ImageObject","inLanguage":"fr-FR","@id":"https:\/\/www.immobilienbusiness.ch\/residential\/2016-07-18\/anliker-kauft-entwicklungs-areal-in-ballwil\/#primaryimage","url":"https:\/\/www.immobilienbusiness.ch\/wp-content\/uploads\/2016\/12\/Anliker-kauft-Entwicklungs-Areal-in-Ballwil-immobilien-business.jpg","contentUrl":"https:\/\/www.immobilienbusiness.ch\/wp-content\/uploads\/2016\/12\/Anliker-kauft-Entwicklungs-Areal-in-Ballwil-immobilien-business.jpg","width":536,"height":494,"caption":"Das Stadtwappen der Gemeinde Ballwil im Kanton Luzern (Quelle: Alpenfahnen AG; CC BY 3.0; https:\/\/commons.wikimedia.org\/w\/index.php?curid=34976797)"},{"@type":"BreadcrumbList","@id":"https:\/\/www.immobilienbusiness.ch\/residential\/2016-07-18\/anliker-kauft-entwicklungs-areal-in-ballwil\/#breadcrumb","itemListElement":[{"@type":"ListItem","position":1,"name":"Home","item":"https:\/\/www.immobilienbusiness.ch\/"},{"@type":"ListItem","position":2,"name":"Anliker kauft Entwicklungs-Areal in Ballwil"}]},{"@type":"WebSite","@id":"https:\/\/www.immobilienbusiness.ch\/#website","url":"https:\/\/www.immobilienbusiness.ch\/","name":"IMMOBILIER Business","description":"Magazine \u00e9conomique suisse ind\u00e9pendant ax\u00e9 sur l'immobilier, l'architecture et la construction ainsi que sur les investissements et le financement.","publisher":{"@id":"https:\/\/www.immobilienbusiness.ch\/#organization"},"potentialAction":[{"@type":"SearchAction","target":{"@type":"EntryPoint","urlTemplate":"https:\/\/www.immobilienbusiness.ch\/?s={search_term_string}"},"query-input":{"@type":"PropertyValueSpecification","valueRequired":true,"valueName":"search_term_string"}}],"inLanguage":"fr-FR"},{"@type":"Organization","@id":"https:\/\/www.immobilienbusiness.ch\/#organization","name":"IMMOBILIER Business","url":"https:\/\/www.immobilienbusiness.ch\/","logo":{"@type":"ImageObject","inLanguage":"fr-FR","@id":"https:\/\/www.immobilienbusiness.ch\/#\/schema\/logo\/image\/","url":"https:\/\/www.immobilienbusiness.ch\/wp-content\/uploads\/2021\/07\/logo_ib.png","contentUrl":"https:\/\/www.immobilienbusiness.ch\/wp-content\/uploads\/2021\/07\/logo_ib.png","width":800,"height":181,"caption":"IMMOBILIEN Business"},"image":{"@id":"https:\/\/www.immobilienbusiness.ch\/#\/schema\/logo\/image\/"},"sameAs":["https:\/\/www.facebook.com\/immobilienbusiness\/"]},{"@type":"Person","@id":"https:\/\/www.immobilienbusiness.ch\/#\/schema\/person\/aa2bace6c5c5aad60102004a50c4eb1c","name":"Editorial","image":{"@type":"ImageObject","inLanguage":"fr-FR","@id":"https:\/\/secure.gravatar.com\/avatar\/ae2f4d718e6c49043e314ce431e7e645d646302a24a5ef5a8bc8e3f5a032e319?s=96&d=mm&r=g","url":"https:\/\/secure.gravatar.com\/avatar\/ae2f4d718e6c49043e314ce431e7e645d646302a24a5ef5a8bc8e3f5a032e319?s=96&d=mm&r=g","contentUrl":"https:\/\/secure.gravatar.com\/avatar\/ae2f4d718e6c49043e314ce431e7e645d646302a24a5ef5a8bc8e3f5a032e319?s=96&d=mm&r=g","caption":"Redaktion"},"sameAs":["http:\/\/develop.organisator.galledia.ch"],"url":"https:\/\/www.immobilienbusiness.ch\/fr\/author\/admin\/"}]}},"_links":{"self":[{"href":"https:\/\/www.immobilienbusiness.ch\/fr\/wp-json\/wp\/v2\/posts\/3222","targetHints":{"allow":["GET"]}}],"collection":[{"href":"https:\/\/www.immobilienbusiness.ch\/fr\/wp-json\/wp\/v2\/posts"}],"about":[{"href":"https:\/\/www.immobilienbusiness.ch\/fr\/wp-json\/wp\/v2\/types\/post"}],"author":[{"embeddable":true,"href":"https:\/\/www.immobilienbusiness.ch\/fr\/wp-json\/wp\/v2\/users\/1"}],"replies":[{"embeddable":true,"href":"https:\/\/www.immobilienbusiness.ch\/fr\/wp-json\/wp\/v2\/comments?post=3222"}],"version-history":[{"count":0,"href":"https:\/\/www.immobilienbusiness.ch\/fr\/wp-json\/wp\/v2\/posts\/3222\/revisions"}],"wp:featuredmedia":[{"embeddable":true,"href":"https:\/\/www.immobilienbusiness.ch\/fr\/wp-json\/wp\/v2\/media\/3223"}],"wp:attachment":[{"href":"https:\/\/www.immobilienbusiness.ch\/fr\/wp-json\/wp\/v2\/media?parent=3222"}],"wp:term":[{"taxonomy":"category","embeddable":true,"href":"https:\/\/www.immobilienbusiness.ch\/fr\/wp-json\/wp\/v2\/categories?post=3222"},{"taxonomy":"post_tag","embeddable":true,"href":"https:\/\/www.immobilienbusiness.ch\/fr\/wp-json\/wp\/v2\/tags?post=3222"}],"curies":[{"name":"wp","href":"https:\/\/api.w.org\/{rel}","templated":true}]}}