{"id":3080,"date":"2016-05-12T08:48:32","date_gmt":"2016-05-12T06:48:32","guid":{"rendered":"http:\/\/dev.immobilienbusiness.ch\/?p=3080"},"modified":"2016-05-12T08:48:32","modified_gmt":"2016-05-12T06:48:32","slug":"genf-confederation-centre-wird-renoviert","status":"publish","type":"post","link":"https:\/\/www.immobilienbusiness.ch\/fr\/retail\/2016-05-12\/genf-confederation-centre-wird-renoviert\/","title":{"rendered":"Gen\u00e8ve : le Centre de la Conf\u00e9d\u00e9ration sera r\u00e9nov\u00e9"},"content":{"rendered":"<figure id=\"attachment_3085\" aria-describedby=\"caption-attachment-3085\" style=\"width: 680px\" class=\"wp-caption alignnone\"><img loading=\"lazy\" decoding=\"async\" class=\"size-medium wp-image-3085\" src=\"https:\/\/immobilienbusiness.ch\/wp-content\/uploads\/2016\/12\/Genf-Conf\u00e9d\u00e9ration-Centre-wird-renoviert-immobilien-business.jpg\" alt=\"Das Genfer Conf\u00e9d\u00e9ration Centre wird renoviert (Visualisierung \u00a9 Credit Suisse)\" width=\"680\" height=\"432\" \/><figcaption id=\"caption-attachment-3085\" class=\"wp-caption-text\">Le Centre Conf\u00e9d\u00e9ration de Gen\u00e8ve sera r\u00e9nov\u00e9 (Visualisation \u00a9 Credit Suisse)<\/figcaption><\/figure>\n<p>Comme l'indique le Credit Suisse, il s'agit d'une \u00e9tape importante d'un projet qui a d\u00e9but\u00e9 en 2011 et qui s'ach\u00e8vera, dans le meilleur des cas, fin 2019 avec l'inauguration du nouveau Centre Conf\u00e9d\u00e9ration.<\/p>\n<p>L'int\u00e9rieur sera r\u00e9am\u00e9nag\u00e9 afin de cr\u00e9er plus d'espace et de mieux g\u00e9rer les flux de visiteurs. Le marbre actuellement install\u00e9 sera remplac\u00e9 par des mat\u00e9riaux modernes et du bois. \u00c0 l'ext\u00e9rieur, un nouveau store sera install\u00e9 pour s'harmoniser avec l'aspect de la fa\u00e7ade du b\u00e2timent. La r\u00e9novation devrait \u00e9galement permettre de r\u00e9duire la consommation d'\u00e9nergie du b\u00e2timent, puisque l'ensemble des installations techniques (\u00e9lectricit\u00e9, chauffage, eau de service, ventilation) sera renouvel\u00e9. (ah)<\/p>","protected":false},"excerpt":{"rendered":"<p>Ouverte il y a 30 ans, la galerie marchande de Conf\u00e9d\u00e9ration Centre \u00e0 Gen\u00e8ve doit \u00eatre r\u00e9nov\u00e9e pour 60 millions de CHF. Les trois propri\u00e9taires ont d\u00e9pos\u00e9 la demande de permis de construire en collaboration avec CSA Real Estate Switzerland, un groupe de placement de Credit Suisse Fondation de placement.<\/p>","protected":false},"author":1,"featured_media":3085,"comment_status":"open","ping_status":"open","sticky":false,"template":"","format":"standard","meta":{"_acf_changed":false,"_yoast_wpseo_focuskw":"Genf Conf\u00e9d\u00e9ration Centre","_yoast_wpseo_title":"Genf Conf\u00e9d\u00e9ration Centre: Renovation im Endspurt","_yoast_wpseo_metadesc":"Die Renovation des Genfer Conf\u00e9d\u00e9ration Centre schreitet voran. Modernisierung, Energieeffizienz und Besucherlenkung stehen im Fokus der Arbeiten.","_yoast_wpseo_linkdex":69,"pgc_sgb_lightbox_settings":"","footnotes":""},"categories":[987],"tags":[1260,1643],"class_list":["post-3080","post","type-post","status-publish","format-standard","has-post-thumbnail","hentry","category-retail","tag-genf","tag-retail"],"acf":[],"yoast_head":"<!-- This site is optimized with the Yoast SEO plugin v27.5 - https:\/\/yoast.com\/product\/yoast-seo-wordpress\/ -->\n<title>Genf Conf\u00e9d\u00e9ration Centre: Renovation im Endspurt<\/title>\n<meta name=\"description\" content=\"Die Renovation des Genfer Conf\u00e9d\u00e9ration Centre schreitet voran. Modernisierung, Energieeffizienz und Besucherlenkung stehen im Fokus der Arbeiten.\" \/>\n<meta name=\"robots\" content=\"index, follow, max-snippet:-1, max-image-preview:large, max-video-preview:-1\" \/>\n<link rel=\"canonical\" href=\"https:\/\/www.immobilienbusiness.ch\/fr\/retail\/2016-05-12\/genf-confederation-centre-wird-renoviert\/\" \/>\n<meta property=\"og:locale\" content=\"fr_FR\" \/>\n<meta property=\"og:type\" content=\"article\" \/>\n<meta property=\"og:title\" content=\"Genf: Conf\u00e9d\u00e9ration Centre wird renoviert\" \/>\n<meta property=\"og:description\" content=\"Die vor 30 Jahren er\u00f6ffnete Einkaufspassage im Genfer Conf\u00e9d\u00e9ration Centre soll f\u00fcr 60 Millionen CHF erneuert werden. Die drei Eigent\u00fcmer haben gemeinsam mit der CSA Real Estate Switzerland, einer Anlagegruppe der Credit Suisse Anlagestiftung, das Baugesuch eingereicht.\" \/>\n<meta property=\"og:url\" content=\"https:\/\/www.immobilienbusiness.ch\/fr\/retail\/2016-05-12\/genf-confederation-centre-wird-renoviert\/\" \/>\n<meta property=\"og:site_name\" content=\"IMMOBILIEN Business\" \/>\n<meta property=\"article:publisher\" content=\"https:\/\/www.facebook.com\/immobilienbusiness\/\" \/>\n<meta property=\"article:published_time\" content=\"2016-05-12T06:48:32+00:00\" \/>\n<meta name=\"author\" content=\"Redaktion\" \/>\n<meta name=\"twitter:card\" content=\"summary_large_image\" \/>\n<meta name=\"twitter:image\" content=\"https:\/\/www.immobilienbusiness.ch\/wp-content\/uploads\/2016\/12\/Genf-Confederation-Centre-wird-renoviert-immobilien-business.jpg\" \/>\n<script type=\"application\/ld+json\" class=\"yoast-schema-graph\">{\"@context\":\"https:\\\/\\\/schema.org\",\"@graph\":[{\"@type\":\"Article\",\"@id\":\"https:\\\/\\\/www.immobilienbusiness.ch\\\/retail\\\/2016-05-12\\\/genf-confederation-centre-wird-renoviert\\\/#article\",\"isPartOf\":{\"@id\":\"https:\\\/\\\/www.immobilienbusiness.ch\\\/retail\\\/2016-05-12\\\/genf-confederation-centre-wird-renoviert\\\/\"},\"author\":{\"name\":\"Redaktion\",\"@id\":\"https:\\\/\\\/www.immobilienbusiness.ch\\\/#\\\/schema\\\/person\\\/aa2bace6c5c5aad60102004a50c4eb1c\"},\"headline\":\"Genf: Conf\u00e9d\u00e9ration Centre wird renoviert\",\"datePublished\":\"2016-05-12T06:48:32+00:00\",\"mainEntityOfPage\":{\"@id\":\"https:\\\/\\\/www.immobilienbusiness.ch\\\/retail\\\/2016-05-12\\\/genf-confederation-centre-wird-renoviert\\\/\"},\"wordCount\":123,\"commentCount\":0,\"publisher\":{\"@id\":\"https:\\\/\\\/www.immobilienbusiness.ch\\\/#organization\"},\"image\":{\"@id\":\"https:\\\/\\\/www.immobilienbusiness.ch\\\/retail\\\/2016-05-12\\\/genf-confederation-centre-wird-renoviert\\\/#primaryimage\"},\"thumbnailUrl\":\"https:\\\/\\\/www.immobilienbusiness.ch\\\/wp-content\\\/uploads\\\/2016\\\/12\\\/Genf-Confederation-Centre-wird-renoviert-immobilien-business.jpg\",\"keywords\":[\"Genf\",\"Retail\"],\"articleSection\":[\"RETAIL\"],\"inLanguage\":\"fr-FR\"},{\"@type\":\"WebPage\",\"@id\":\"https:\\\/\\\/www.immobilienbusiness.ch\\\/retail\\\/2016-05-12\\\/genf-confederation-centre-wird-renoviert\\\/\",\"url\":\"https:\\\/\\\/www.immobilienbusiness.ch\\\/retail\\\/2016-05-12\\\/genf-confederation-centre-wird-renoviert\\\/\",\"name\":\"Genf Conf\u00e9d\u00e9ration Centre: Renovation im Endspurt\",\"isPartOf\":{\"@id\":\"https:\\\/\\\/www.immobilienbusiness.ch\\\/#website\"},\"primaryImageOfPage\":{\"@id\":\"https:\\\/\\\/www.immobilienbusiness.ch\\\/retail\\\/2016-05-12\\\/genf-confederation-centre-wird-renoviert\\\/#primaryimage\"},\"image\":{\"@id\":\"https:\\\/\\\/www.immobilienbusiness.ch\\\/retail\\\/2016-05-12\\\/genf-confederation-centre-wird-renoviert\\\/#primaryimage\"},\"thumbnailUrl\":\"https:\\\/\\\/www.immobilienbusiness.ch\\\/wp-content\\\/uploads\\\/2016\\\/12\\\/Genf-Confederation-Centre-wird-renoviert-immobilien-business.jpg\",\"datePublished\":\"2016-05-12T06:48:32+00:00\",\"description\":\"Die Renovation des Genfer Conf\u00e9d\u00e9ration Centre schreitet voran. Modernisierung, Energieeffizienz und Besucherlenkung stehen im Fokus der Arbeiten.\",\"breadcrumb\":{\"@id\":\"https:\\\/\\\/www.immobilienbusiness.ch\\\/retail\\\/2016-05-12\\\/genf-confederation-centre-wird-renoviert\\\/#breadcrumb\"},\"inLanguage\":\"fr-FR\",\"potentialAction\":[{\"@type\":\"ReadAction\",\"target\":[\"https:\\\/\\\/www.immobilienbusiness.ch\\\/retail\\\/2016-05-12\\\/genf-confederation-centre-wird-renoviert\\\/\"]}]},{\"@type\":\"ImageObject\",\"inLanguage\":\"fr-FR\",\"@id\":\"https:\\\/\\\/www.immobilienbusiness.ch\\\/retail\\\/2016-05-12\\\/genf-confederation-centre-wird-renoviert\\\/#primaryimage\",\"url\":\"https:\\\/\\\/www.immobilienbusiness.ch\\\/wp-content\\\/uploads\\\/2016\\\/12\\\/Genf-Confederation-Centre-wird-renoviert-immobilien-business.jpg\",\"contentUrl\":\"https:\\\/\\\/www.immobilienbusiness.ch\\\/wp-content\\\/uploads\\\/2016\\\/12\\\/Genf-Confederation-Centre-wird-renoviert-immobilien-business.jpg\",\"width\":2560,\"height\":1627,\"caption\":\"Das Genfer Conf\u00e9d\u00e9ration Centre wird renoviert (Visualisierung \u00a9 Credit Suisse)\"},{\"@type\":\"BreadcrumbList\",\"@id\":\"https:\\\/\\\/www.immobilienbusiness.ch\\\/retail\\\/2016-05-12\\\/genf-confederation-centre-wird-renoviert\\\/#breadcrumb\",\"itemListElement\":[{\"@type\":\"ListItem\",\"position\":1,\"name\":\"Home\",\"item\":\"https:\\\/\\\/www.immobilienbusiness.ch\\\/\"},{\"@type\":\"ListItem\",\"position\":2,\"name\":\"Genf: Conf\u00e9d\u00e9ration Centre wird renoviert\"}]},{\"@type\":\"WebSite\",\"@id\":\"https:\\\/\\\/www.immobilienbusiness.ch\\\/#website\",\"url\":\"https:\\\/\\\/www.immobilienbusiness.ch\\\/\",\"name\":\"IMMOBILIEN Business\",\"description\":\"Unabh\u00e4ngiges Schweizer Wirtschaftsmagazin mit Fokus auf Immobilien, Architektur- und Bau sowie Investment- und Finanzierung.\",\"publisher\":{\"@id\":\"https:\\\/\\\/www.immobilienbusiness.ch\\\/#organization\"},\"potentialAction\":[{\"@type\":\"SearchAction\",\"target\":{\"@type\":\"EntryPoint\",\"urlTemplate\":\"https:\\\/\\\/www.immobilienbusiness.ch\\\/?s={search_term_string}\"},\"query-input\":{\"@type\":\"PropertyValueSpecification\",\"valueRequired\":true,\"valueName\":\"search_term_string\"}}],\"inLanguage\":\"fr-FR\"},{\"@type\":\"Organization\",\"@id\":\"https:\\\/\\\/www.immobilienbusiness.ch\\\/#organization\",\"name\":\"IMMOBILIEN Business\",\"url\":\"https:\\\/\\\/www.immobilienbusiness.ch\\\/\",\"logo\":{\"@type\":\"ImageObject\",\"inLanguage\":\"fr-FR\",\"@id\":\"https:\\\/\\\/www.immobilienbusiness.ch\\\/#\\\/schema\\\/logo\\\/image\\\/\",\"url\":\"https:\\\/\\\/www.immobilienbusiness.ch\\\/wp-content\\\/uploads\\\/2021\\\/07\\\/logo_ib.png\",\"contentUrl\":\"https:\\\/\\\/www.immobilienbusiness.ch\\\/wp-content\\\/uploads\\\/2021\\\/07\\\/logo_ib.png\",\"width\":800,\"height\":181,\"caption\":\"IMMOBILIEN Business\"},\"image\":{\"@id\":\"https:\\\/\\\/www.immobilienbusiness.ch\\\/#\\\/schema\\\/logo\\\/image\\\/\"},\"sameAs\":[\"https:\\\/\\\/www.facebook.com\\\/immobilienbusiness\\\/\"]},{\"@type\":\"Person\",\"@id\":\"https:\\\/\\\/www.immobilienbusiness.ch\\\/#\\\/schema\\\/person\\\/aa2bace6c5c5aad60102004a50c4eb1c\",\"name\":\"Redaktion\",\"image\":{\"@type\":\"ImageObject\",\"inLanguage\":\"fr-FR\",\"@id\":\"https:\\\/\\\/secure.gravatar.com\\\/avatar\\\/ae2f4d718e6c49043e314ce431e7e645d646302a24a5ef5a8bc8e3f5a032e319?s=96&d=mm&r=g\",\"url\":\"https:\\\/\\\/secure.gravatar.com\\\/avatar\\\/ae2f4d718e6c49043e314ce431e7e645d646302a24a5ef5a8bc8e3f5a032e319?s=96&d=mm&r=g\",\"contentUrl\":\"https:\\\/\\\/secure.gravatar.com\\\/avatar\\\/ae2f4d718e6c49043e314ce431e7e645d646302a24a5ef5a8bc8e3f5a032e319?s=96&d=mm&r=g\",\"caption\":\"Redaktion\"},\"sameAs\":[\"http:\\\/\\\/develop.organisator.galledia.ch\"],\"url\":\"https:\\\/\\\/www.immobilienbusiness.ch\\\/fr\\\/author\\\/admin\\\/\"}]}<\/script>\n<!-- \/ Yoast SEO plugin. -->","yoast_head_json":{"title":"Genf Conf\u00e9d\u00e9ration Centre: Renovation im Endspurt","description":"Die Renovation des Genfer Conf\u00e9d\u00e9ration Centre schreitet voran. Modernisierung, Energieeffizienz und Besucherlenkung stehen im Fokus der Arbeiten.","robots":{"index":"index","follow":"follow","max-snippet":"max-snippet:-1","max-image-preview":"max-image-preview:large","max-video-preview":"max-video-preview:-1"},"canonical":"https:\/\/www.immobilienbusiness.ch\/fr\/retail\/2016-05-12\/genf-confederation-centre-wird-renoviert\/","og_locale":"fr_FR","og_type":"article","og_title":"Genf: Conf\u00e9d\u00e9ration Centre wird renoviert","og_description":"Die vor 30 Jahren er\u00f6ffnete Einkaufspassage im Genfer Conf\u00e9d\u00e9ration Centre soll f\u00fcr 60 Millionen CHF erneuert werden. Die drei Eigent\u00fcmer haben gemeinsam mit der CSA Real Estate Switzerland, einer Anlagegruppe der Credit Suisse Anlagestiftung, das Baugesuch eingereicht.","og_url":"https:\/\/www.immobilienbusiness.ch\/fr\/retail\/2016-05-12\/genf-confederation-centre-wird-renoviert\/","og_site_name":"IMMOBILIEN Business","article_publisher":"https:\/\/www.facebook.com\/immobilienbusiness\/","article_published_time":"2016-05-12T06:48:32+00:00","author":"Redaktion","twitter_card":"summary_large_image","twitter_image":"https:\/\/www.immobilienbusiness.ch\/wp-content\/uploads\/2016\/12\/Genf-Confederation-Centre-wird-renoviert-immobilien-business.jpg","schema":{"@context":"https:\/\/schema.org","@graph":[{"@type":"Article","@id":"https:\/\/www.immobilienbusiness.ch\/retail\/2016-05-12\/genf-confederation-centre-wird-renoviert\/#article","isPartOf":{"@id":"https:\/\/www.immobilienbusiness.ch\/retail\/2016-05-12\/genf-confederation-centre-wird-renoviert\/"},"author":{"name":"Redaktion","@id":"https:\/\/www.immobilienbusiness.ch\/#\/schema\/person\/aa2bace6c5c5aad60102004a50c4eb1c"},"headline":"Genf: Conf\u00e9d\u00e9ration Centre wird renoviert","datePublished":"2016-05-12T06:48:32+00:00","mainEntityOfPage":{"@id":"https:\/\/www.immobilienbusiness.ch\/retail\/2016-05-12\/genf-confederation-centre-wird-renoviert\/"},"wordCount":123,"commentCount":0,"publisher":{"@id":"https:\/\/www.immobilienbusiness.ch\/#organization"},"image":{"@id":"https:\/\/www.immobilienbusiness.ch\/retail\/2016-05-12\/genf-confederation-centre-wird-renoviert\/#primaryimage"},"thumbnailUrl":"https:\/\/www.immobilienbusiness.ch\/wp-content\/uploads\/2016\/12\/Genf-Confederation-Centre-wird-renoviert-immobilien-business.jpg","keywords":["Genf","Retail"],"articleSection":["RETAIL"],"inLanguage":"fr-FR"},{"@type":"WebPage","@id":"https:\/\/www.immobilienbusiness.ch\/retail\/2016-05-12\/genf-confederation-centre-wird-renoviert\/","url":"https:\/\/www.immobilienbusiness.ch\/retail\/2016-05-12\/genf-confederation-centre-wird-renoviert\/","name":"Genf Conf\u00e9d\u00e9ration Centre: Renovation im Endspurt","isPartOf":{"@id":"https:\/\/www.immobilienbusiness.ch\/#website"},"primaryImageOfPage":{"@id":"https:\/\/www.immobilienbusiness.ch\/retail\/2016-05-12\/genf-confederation-centre-wird-renoviert\/#primaryimage"},"image":{"@id":"https:\/\/www.immobilienbusiness.ch\/retail\/2016-05-12\/genf-confederation-centre-wird-renoviert\/#primaryimage"},"thumbnailUrl":"https:\/\/www.immobilienbusiness.ch\/wp-content\/uploads\/2016\/12\/Genf-Confederation-Centre-wird-renoviert-immobilien-business.jpg","datePublished":"2016-05-12T06:48:32+00:00","description":"Die Renovation des Genfer Conf\u00e9d\u00e9ration Centre schreitet voran. Modernisierung, Energieeffizienz und Besucherlenkung stehen im Fokus der Arbeiten.","breadcrumb":{"@id":"https:\/\/www.immobilienbusiness.ch\/retail\/2016-05-12\/genf-confederation-centre-wird-renoviert\/#breadcrumb"},"inLanguage":"fr-FR","potentialAction":[{"@type":"ReadAction","target":["https:\/\/www.immobilienbusiness.ch\/retail\/2016-05-12\/genf-confederation-centre-wird-renoviert\/"]}]},{"@type":"ImageObject","inLanguage":"fr-FR","@id":"https:\/\/www.immobilienbusiness.ch\/retail\/2016-05-12\/genf-confederation-centre-wird-renoviert\/#primaryimage","url":"https:\/\/www.immobilienbusiness.ch\/wp-content\/uploads\/2016\/12\/Genf-Confederation-Centre-wird-renoviert-immobilien-business.jpg","contentUrl":"https:\/\/www.immobilienbusiness.ch\/wp-content\/uploads\/2016\/12\/Genf-Confederation-Centre-wird-renoviert-immobilien-business.jpg","width":2560,"height":1627,"caption":"Das Genfer Conf\u00e9d\u00e9ration Centre wird renoviert (Visualisierung \u00a9 Credit Suisse)"},{"@type":"BreadcrumbList","@id":"https:\/\/www.immobilienbusiness.ch\/retail\/2016-05-12\/genf-confederation-centre-wird-renoviert\/#breadcrumb","itemListElement":[{"@type":"ListItem","position":1,"name":"Home","item":"https:\/\/www.immobilienbusiness.ch\/"},{"@type":"ListItem","position":2,"name":"Genf: Conf\u00e9d\u00e9ration Centre wird renoviert"}]},{"@type":"WebSite","@id":"https:\/\/www.immobilienbusiness.ch\/#website","url":"https:\/\/www.immobilienbusiness.ch\/","name":"IMMOBILIER Business","description":"Magazine \u00e9conomique suisse ind\u00e9pendant ax\u00e9 sur l'immobilier, l'architecture et la construction ainsi que sur les investissements et le financement.","publisher":{"@id":"https:\/\/www.immobilienbusiness.ch\/#organization"},"potentialAction":[{"@type":"SearchAction","target":{"@type":"EntryPoint","urlTemplate":"https:\/\/www.immobilienbusiness.ch\/?s={search_term_string}"},"query-input":{"@type":"PropertyValueSpecification","valueRequired":true,"valueName":"search_term_string"}}],"inLanguage":"fr-FR"},{"@type":"Organization","@id":"https:\/\/www.immobilienbusiness.ch\/#organization","name":"IMMOBILIER Business","url":"https:\/\/www.immobilienbusiness.ch\/","logo":{"@type":"ImageObject","inLanguage":"fr-FR","@id":"https:\/\/www.immobilienbusiness.ch\/#\/schema\/logo\/image\/","url":"https:\/\/www.immobilienbusiness.ch\/wp-content\/uploads\/2021\/07\/logo_ib.png","contentUrl":"https:\/\/www.immobilienbusiness.ch\/wp-content\/uploads\/2021\/07\/logo_ib.png","width":800,"height":181,"caption":"IMMOBILIEN Business"},"image":{"@id":"https:\/\/www.immobilienbusiness.ch\/#\/schema\/logo\/image\/"},"sameAs":["https:\/\/www.facebook.com\/immobilienbusiness\/"]},{"@type":"Person","@id":"https:\/\/www.immobilienbusiness.ch\/#\/schema\/person\/aa2bace6c5c5aad60102004a50c4eb1c","name":"Editorial","image":{"@type":"ImageObject","inLanguage":"fr-FR","@id":"https:\/\/secure.gravatar.com\/avatar\/ae2f4d718e6c49043e314ce431e7e645d646302a24a5ef5a8bc8e3f5a032e319?s=96&d=mm&r=g","url":"https:\/\/secure.gravatar.com\/avatar\/ae2f4d718e6c49043e314ce431e7e645d646302a24a5ef5a8bc8e3f5a032e319?s=96&d=mm&r=g","contentUrl":"https:\/\/secure.gravatar.com\/avatar\/ae2f4d718e6c49043e314ce431e7e645d646302a24a5ef5a8bc8e3f5a032e319?s=96&d=mm&r=g","caption":"Redaktion"},"sameAs":["http:\/\/develop.organisator.galledia.ch"],"url":"https:\/\/www.immobilienbusiness.ch\/fr\/author\/admin\/"}]}},"_links":{"self":[{"href":"https:\/\/www.immobilienbusiness.ch\/fr\/wp-json\/wp\/v2\/posts\/3080","targetHints":{"allow":["GET"]}}],"collection":[{"href":"https:\/\/www.immobilienbusiness.ch\/fr\/wp-json\/wp\/v2\/posts"}],"about":[{"href":"https:\/\/www.immobilienbusiness.ch\/fr\/wp-json\/wp\/v2\/types\/post"}],"author":[{"embeddable":true,"href":"https:\/\/www.immobilienbusiness.ch\/fr\/wp-json\/wp\/v2\/users\/1"}],"replies":[{"embeddable":true,"href":"https:\/\/www.immobilienbusiness.ch\/fr\/wp-json\/wp\/v2\/comments?post=3080"}],"version-history":[{"count":0,"href":"https:\/\/www.immobilienbusiness.ch\/fr\/wp-json\/wp\/v2\/posts\/3080\/revisions"}],"wp:featuredmedia":[{"embeddable":true,"href":"https:\/\/www.immobilienbusiness.ch\/fr\/wp-json\/wp\/v2\/media\/3085"}],"wp:attachment":[{"href":"https:\/\/www.immobilienbusiness.ch\/fr\/wp-json\/wp\/v2\/media?parent=3080"}],"wp:term":[{"taxonomy":"category","embeddable":true,"href":"https:\/\/www.immobilienbusiness.ch\/fr\/wp-json\/wp\/v2\/categories?post=3080"},{"taxonomy":"post_tag","embeddable":true,"href":"https:\/\/www.immobilienbusiness.ch\/fr\/wp-json\/wp\/v2\/tags?post=3080"}],"curies":[{"name":"wp","href":"https:\/\/api.w.org\/{rel}","templated":true}]}}