{"id":3036,"date":"2016-07-04T08:42:39","date_gmt":"2016-07-04T06:42:39","guid":{"rendered":"http:\/\/dev.immobilienbusiness.ch\/?p=3036"},"modified":"2016-07-04T08:42:39","modified_gmt":"2016-07-04T06:42:39","slug":"chur-globus-gebaeude-wird-saniert","status":"publish","type":"post","link":"https:\/\/www.immobilienbusiness.ch\/fr\/retail\/2016-07-04\/chur-globus-gebaeude-wird-saniert\/","title":{"rendered":"Coire : le b\u00e2timent Globus va \u00eatre r\u00e9nov\u00e9"},"content":{"rendered":"<figure id=\"attachment_3037\" aria-describedby=\"caption-attachment-3037\" style=\"width: 680px\" class=\"wp-caption alignnone\"><img loading=\"lazy\" decoding=\"async\" class=\"wp-image-3037 size-medium\" src=\"https:\/\/immobilienbusiness.ch\/wp-content\/uploads\/2016\/12\/Chur-Globus-Geb\u00e4ude-wird-saniert-immobilien-business.jpg\" alt=\"Chur (Foto: Pixabay)\" width=\"680\" height=\"510\" \/><figcaption id=\"caption-attachment-3037\" class=\"wp-caption-text\">Coire (photo : Pixabay)<\/figcaption><\/figure>\n<p>A l'origine, Axa Winterthur pr\u00e9voyait de d\u00e9molir le complexe immobilier de la place de la gare de Coire et de le remplacer par deux nouveaux b\u00e2timents. Mais on apprend aujourd'hui que les n\u00e9gociations avec les voisins concernant ce projet ont \u00e9chou\u00e9. Axa Winterthur pr\u00e9voit d\u00e9sormais une r\u00e9novation compl\u00e8te de l'ancien grand magasin et entend demander une autorisation de construire en septembre.<\/p>\n<p>Les activit\u00e9s pr\u00e9vues sont l'h\u00f4tellerie, les surfaces de vente, les bureaux et les logements. Le b\u00e2timent r\u00e9nov\u00e9 devrait \u00eatre pr\u00eat \u00e0 \u00eatre occup\u00e9 en 2019. Les co\u00fbts s'\u00e9l\u00e8veront \u00e0 35 millions de CHF. (ah)<\/p>","protected":false},"excerpt":{"rendered":"<p>L'ancien b\u00e2timent Globus \u00e0 la gare de Coire ne sera pas d\u00e9moli, mais r\u00e9nov\u00e9. C'est ce qu'a fait savoir le propri\u00e9taire de l'immeuble, l'assurance Axa Winterthur.<\/p>","protected":false},"author":1,"featured_media":3037,"comment_status":"open","ping_status":"open","sticky":false,"template":"","format":"standard","meta":{"_acf_changed":false,"_yoast_wpseo_focuskw":"Globus-Geb\u00e4ude","_yoast_wpseo_title":"","_yoast_wpseo_metadesc":"Das ehemalige Globus-Geb\u00e4ude am Bahnhof von Chur wird nicht abgerissen, sondern saniert, teilte Axa Winterthur Versicherung mit.","_yoast_wpseo_linkdex":53,"pgc_sgb_lightbox_settings":"","footnotes":""},"categories":[987],"tags":[1546,1643],"class_list":["post-3036","post","type-post","status-publish","format-standard","has-post-thumbnail","hentry","category-retail","tag-ost-schweiz","tag-retail"],"acf":[],"yoast_head":"<!-- This site is optimized with the Yoast SEO plugin v27.4 - https:\/\/yoast.com\/product\/yoast-seo-wordpress\/ -->\n<title>Chur: Globus-Geb\u00e4ude wird saniert - IMMOBILIEN Business<\/title>\n<meta name=\"description\" content=\"Das ehemalige Globus-Geb\u00e4ude am Bahnhof von Chur wird nicht abgerissen, sondern saniert, teilte Axa Winterthur Versicherung mit.\" \/>\n<meta name=\"robots\" content=\"index, follow, max-snippet:-1, max-image-preview:large, max-video-preview:-1\" \/>\n<link rel=\"canonical\" href=\"https:\/\/www.immobilienbusiness.ch\/fr\/retail\/2016-07-04\/chur-globus-gebaeude-wird-saniert\/\" \/>\n<meta property=\"og:locale\" content=\"fr_FR\" \/>\n<meta property=\"og:type\" content=\"article\" \/>\n<meta property=\"og:title\" content=\"Chur: Globus-Geb\u00e4ude wird saniert\" \/>\n<meta property=\"og:description\" content=\"Das ehemalige Globus-Geb\u00e4ude am Bahnhof von Chur wird nicht abgerissen, sondern saniert. Dies teilte die Eigent\u00fcmerin der Liegenschaft, die Axa Winterthur Versicherung, mit.\" \/>\n<meta property=\"og:url\" content=\"https:\/\/www.immobilienbusiness.ch\/fr\/retail\/2016-07-04\/chur-globus-gebaeude-wird-saniert\/\" \/>\n<meta property=\"og:site_name\" content=\"IMMOBILIEN Business\" \/>\n<meta property=\"article:publisher\" content=\"https:\/\/www.facebook.com\/immobilienbusiness\/\" \/>\n<meta property=\"article:published_time\" content=\"2016-07-04T06:42:39+00:00\" \/>\n<meta name=\"author\" content=\"Redaktion\" \/>\n<meta name=\"twitter:card\" content=\"summary_large_image\" \/>\n<meta name=\"twitter:image\" content=\"https:\/\/www.immobilienbusiness.ch\/wp-content\/uploads\/2016\/12\/Chur-Globus-Gebaeude-wird-saniert-immobilien-business.jpg\" \/>\n<script type=\"application\/ld+json\" class=\"yoast-schema-graph\">{\"@context\":\"https:\\\/\\\/schema.org\",\"@graph\":[{\"@type\":\"Article\",\"@id\":\"https:\\\/\\\/www.immobilienbusiness.ch\\\/retail\\\/2016-07-04\\\/chur-globus-gebaeude-wird-saniert\\\/#article\",\"isPartOf\":{\"@id\":\"https:\\\/\\\/www.immobilienbusiness.ch\\\/retail\\\/2016-07-04\\\/chur-globus-gebaeude-wird-saniert\\\/\"},\"author\":{\"name\":\"Redaktion\",\"@id\":\"https:\\\/\\\/www.immobilienbusiness.ch\\\/#\\\/schema\\\/person\\\/aa2bace6c5c5aad60102004a50c4eb1c\"},\"headline\":\"Chur: Globus-Geb\u00e4ude wird saniert\",\"datePublished\":\"2016-07-04T06:42:39+00:00\",\"mainEntityOfPage\":{\"@id\":\"https:\\\/\\\/www.immobilienbusiness.ch\\\/retail\\\/2016-07-04\\\/chur-globus-gebaeude-wird-saniert\\\/\"},\"wordCount\":96,\"commentCount\":0,\"publisher\":{\"@id\":\"https:\\\/\\\/www.immobilienbusiness.ch\\\/#organization\"},\"image\":{\"@id\":\"https:\\\/\\\/www.immobilienbusiness.ch\\\/retail\\\/2016-07-04\\\/chur-globus-gebaeude-wird-saniert\\\/#primaryimage\"},\"thumbnailUrl\":\"https:\\\/\\\/www.immobilienbusiness.ch\\\/wp-content\\\/uploads\\\/2016\\\/12\\\/Chur-Globus-Gebaeude-wird-saniert-immobilien-business.jpg\",\"keywords\":[\"Ost-Schweiz\",\"Retail\"],\"articleSection\":[\"RETAIL\"],\"inLanguage\":\"fr-FR\"},{\"@type\":\"WebPage\",\"@id\":\"https:\\\/\\\/www.immobilienbusiness.ch\\\/retail\\\/2016-07-04\\\/chur-globus-gebaeude-wird-saniert\\\/\",\"url\":\"https:\\\/\\\/www.immobilienbusiness.ch\\\/retail\\\/2016-07-04\\\/chur-globus-gebaeude-wird-saniert\\\/\",\"name\":\"Chur: Globus-Geb\u00e4ude wird saniert - IMMOBILIEN Business\",\"isPartOf\":{\"@id\":\"https:\\\/\\\/www.immobilienbusiness.ch\\\/#website\"},\"primaryImageOfPage\":{\"@id\":\"https:\\\/\\\/www.immobilienbusiness.ch\\\/retail\\\/2016-07-04\\\/chur-globus-gebaeude-wird-saniert\\\/#primaryimage\"},\"image\":{\"@id\":\"https:\\\/\\\/www.immobilienbusiness.ch\\\/retail\\\/2016-07-04\\\/chur-globus-gebaeude-wird-saniert\\\/#primaryimage\"},\"thumbnailUrl\":\"https:\\\/\\\/www.immobilienbusiness.ch\\\/wp-content\\\/uploads\\\/2016\\\/12\\\/Chur-Globus-Gebaeude-wird-saniert-immobilien-business.jpg\",\"datePublished\":\"2016-07-04T06:42:39+00:00\",\"description\":\"Das ehemalige Globus-Geb\u00e4ude am Bahnhof von Chur wird nicht abgerissen, sondern saniert, teilte Axa Winterthur Versicherung mit.\",\"breadcrumb\":{\"@id\":\"https:\\\/\\\/www.immobilienbusiness.ch\\\/retail\\\/2016-07-04\\\/chur-globus-gebaeude-wird-saniert\\\/#breadcrumb\"},\"inLanguage\":\"fr-FR\",\"potentialAction\":[{\"@type\":\"ReadAction\",\"target\":[\"https:\\\/\\\/www.immobilienbusiness.ch\\\/retail\\\/2016-07-04\\\/chur-globus-gebaeude-wird-saniert\\\/\"]}]},{\"@type\":\"ImageObject\",\"inLanguage\":\"fr-FR\",\"@id\":\"https:\\\/\\\/www.immobilienbusiness.ch\\\/retail\\\/2016-07-04\\\/chur-globus-gebaeude-wird-saniert\\\/#primaryimage\",\"url\":\"https:\\\/\\\/www.immobilienbusiness.ch\\\/wp-content\\\/uploads\\\/2016\\\/12\\\/Chur-Globus-Gebaeude-wird-saniert-immobilien-business.jpg\",\"contentUrl\":\"https:\\\/\\\/www.immobilienbusiness.ch\\\/wp-content\\\/uploads\\\/2016\\\/12\\\/Chur-Globus-Gebaeude-wird-saniert-immobilien-business.jpg\",\"width\":1280,\"height\":960,\"caption\":\"Chur (Foto: Pixabay)\"},{\"@type\":\"BreadcrumbList\",\"@id\":\"https:\\\/\\\/www.immobilienbusiness.ch\\\/retail\\\/2016-07-04\\\/chur-globus-gebaeude-wird-saniert\\\/#breadcrumb\",\"itemListElement\":[{\"@type\":\"ListItem\",\"position\":1,\"name\":\"Home\",\"item\":\"https:\\\/\\\/www.immobilienbusiness.ch\\\/\"},{\"@type\":\"ListItem\",\"position\":2,\"name\":\"Chur: Globus-Geb\u00e4ude wird saniert\"}]},{\"@type\":\"WebSite\",\"@id\":\"https:\\\/\\\/www.immobilienbusiness.ch\\\/#website\",\"url\":\"https:\\\/\\\/www.immobilienbusiness.ch\\\/\",\"name\":\"IMMOBILIEN Business\",\"description\":\"Unabh\u00e4ngiges Schweizer Wirtschaftsmagazin mit Fokus auf Immobilien, Architektur- und Bau sowie Investment- und Finanzierung.\",\"publisher\":{\"@id\":\"https:\\\/\\\/www.immobilienbusiness.ch\\\/#organization\"},\"potentialAction\":[{\"@type\":\"SearchAction\",\"target\":{\"@type\":\"EntryPoint\",\"urlTemplate\":\"https:\\\/\\\/www.immobilienbusiness.ch\\\/?s={search_term_string}\"},\"query-input\":{\"@type\":\"PropertyValueSpecification\",\"valueRequired\":true,\"valueName\":\"search_term_string\"}}],\"inLanguage\":\"fr-FR\"},{\"@type\":\"Organization\",\"@id\":\"https:\\\/\\\/www.immobilienbusiness.ch\\\/#organization\",\"name\":\"IMMOBILIEN Business\",\"url\":\"https:\\\/\\\/www.immobilienbusiness.ch\\\/\",\"logo\":{\"@type\":\"ImageObject\",\"inLanguage\":\"fr-FR\",\"@id\":\"https:\\\/\\\/www.immobilienbusiness.ch\\\/#\\\/schema\\\/logo\\\/image\\\/\",\"url\":\"https:\\\/\\\/www.immobilienbusiness.ch\\\/wp-content\\\/uploads\\\/2021\\\/07\\\/logo_ib.png\",\"contentUrl\":\"https:\\\/\\\/www.immobilienbusiness.ch\\\/wp-content\\\/uploads\\\/2021\\\/07\\\/logo_ib.png\",\"width\":800,\"height\":181,\"caption\":\"IMMOBILIEN Business\"},\"image\":{\"@id\":\"https:\\\/\\\/www.immobilienbusiness.ch\\\/#\\\/schema\\\/logo\\\/image\\\/\"},\"sameAs\":[\"https:\\\/\\\/www.facebook.com\\\/immobilienbusiness\\\/\"]},{\"@type\":\"Person\",\"@id\":\"https:\\\/\\\/www.immobilienbusiness.ch\\\/#\\\/schema\\\/person\\\/aa2bace6c5c5aad60102004a50c4eb1c\",\"name\":\"Redaktion\",\"image\":{\"@type\":\"ImageObject\",\"inLanguage\":\"fr-FR\",\"@id\":\"https:\\\/\\\/secure.gravatar.com\\\/avatar\\\/ae2f4d718e6c49043e314ce431e7e645d646302a24a5ef5a8bc8e3f5a032e319?s=96&d=mm&r=g\",\"url\":\"https:\\\/\\\/secure.gravatar.com\\\/avatar\\\/ae2f4d718e6c49043e314ce431e7e645d646302a24a5ef5a8bc8e3f5a032e319?s=96&d=mm&r=g\",\"contentUrl\":\"https:\\\/\\\/secure.gravatar.com\\\/avatar\\\/ae2f4d718e6c49043e314ce431e7e645d646302a24a5ef5a8bc8e3f5a032e319?s=96&d=mm&r=g\",\"caption\":\"Redaktion\"},\"sameAs\":[\"http:\\\/\\\/develop.organisator.galledia.ch\"],\"url\":\"https:\\\/\\\/www.immobilienbusiness.ch\\\/fr\\\/author\\\/admin\\\/\"}]}<\/script>\n<!-- \/ Yoast SEO plugin. -->","yoast_head_json":{"title":"Chur: Globus-Geb\u00e4ude wird saniert - IMMOBILIEN Business","description":"Das ehemalige Globus-Geb\u00e4ude am Bahnhof von Chur wird nicht abgerissen, sondern saniert, teilte Axa Winterthur Versicherung mit.","robots":{"index":"index","follow":"follow","max-snippet":"max-snippet:-1","max-image-preview":"max-image-preview:large","max-video-preview":"max-video-preview:-1"},"canonical":"https:\/\/www.immobilienbusiness.ch\/fr\/retail\/2016-07-04\/chur-globus-gebaeude-wird-saniert\/","og_locale":"fr_FR","og_type":"article","og_title":"Chur: Globus-Geb\u00e4ude wird saniert","og_description":"Das ehemalige Globus-Geb\u00e4ude am Bahnhof von Chur wird nicht abgerissen, sondern saniert. Dies teilte die Eigent\u00fcmerin der Liegenschaft, die Axa Winterthur Versicherung, mit.","og_url":"https:\/\/www.immobilienbusiness.ch\/fr\/retail\/2016-07-04\/chur-globus-gebaeude-wird-saniert\/","og_site_name":"IMMOBILIEN Business","article_publisher":"https:\/\/www.facebook.com\/immobilienbusiness\/","article_published_time":"2016-07-04T06:42:39+00:00","author":"Redaktion","twitter_card":"summary_large_image","twitter_image":"https:\/\/www.immobilienbusiness.ch\/wp-content\/uploads\/2016\/12\/Chur-Globus-Gebaeude-wird-saniert-immobilien-business.jpg","schema":{"@context":"https:\/\/schema.org","@graph":[{"@type":"Article","@id":"https:\/\/www.immobilienbusiness.ch\/retail\/2016-07-04\/chur-globus-gebaeude-wird-saniert\/#article","isPartOf":{"@id":"https:\/\/www.immobilienbusiness.ch\/retail\/2016-07-04\/chur-globus-gebaeude-wird-saniert\/"},"author":{"name":"Redaktion","@id":"https:\/\/www.immobilienbusiness.ch\/#\/schema\/person\/aa2bace6c5c5aad60102004a50c4eb1c"},"headline":"Chur: Globus-Geb\u00e4ude wird saniert","datePublished":"2016-07-04T06:42:39+00:00","mainEntityOfPage":{"@id":"https:\/\/www.immobilienbusiness.ch\/retail\/2016-07-04\/chur-globus-gebaeude-wird-saniert\/"},"wordCount":96,"commentCount":0,"publisher":{"@id":"https:\/\/www.immobilienbusiness.ch\/#organization"},"image":{"@id":"https:\/\/www.immobilienbusiness.ch\/retail\/2016-07-04\/chur-globus-gebaeude-wird-saniert\/#primaryimage"},"thumbnailUrl":"https:\/\/www.immobilienbusiness.ch\/wp-content\/uploads\/2016\/12\/Chur-Globus-Gebaeude-wird-saniert-immobilien-business.jpg","keywords":["Ost-Schweiz","Retail"],"articleSection":["RETAIL"],"inLanguage":"fr-FR"},{"@type":"WebPage","@id":"https:\/\/www.immobilienbusiness.ch\/retail\/2016-07-04\/chur-globus-gebaeude-wird-saniert\/","url":"https:\/\/www.immobilienbusiness.ch\/retail\/2016-07-04\/chur-globus-gebaeude-wird-saniert\/","name":"Chur: Globus-Geb\u00e4ude wird saniert - IMMOBILIEN Business","isPartOf":{"@id":"https:\/\/www.immobilienbusiness.ch\/#website"},"primaryImageOfPage":{"@id":"https:\/\/www.immobilienbusiness.ch\/retail\/2016-07-04\/chur-globus-gebaeude-wird-saniert\/#primaryimage"},"image":{"@id":"https:\/\/www.immobilienbusiness.ch\/retail\/2016-07-04\/chur-globus-gebaeude-wird-saniert\/#primaryimage"},"thumbnailUrl":"https:\/\/www.immobilienbusiness.ch\/wp-content\/uploads\/2016\/12\/Chur-Globus-Gebaeude-wird-saniert-immobilien-business.jpg","datePublished":"2016-07-04T06:42:39+00:00","description":"Das ehemalige Globus-Geb\u00e4ude am Bahnhof von Chur wird nicht abgerissen, sondern saniert, teilte Axa Winterthur Versicherung mit.","breadcrumb":{"@id":"https:\/\/www.immobilienbusiness.ch\/retail\/2016-07-04\/chur-globus-gebaeude-wird-saniert\/#breadcrumb"},"inLanguage":"fr-FR","potentialAction":[{"@type":"ReadAction","target":["https:\/\/www.immobilienbusiness.ch\/retail\/2016-07-04\/chur-globus-gebaeude-wird-saniert\/"]}]},{"@type":"ImageObject","inLanguage":"fr-FR","@id":"https:\/\/www.immobilienbusiness.ch\/retail\/2016-07-04\/chur-globus-gebaeude-wird-saniert\/#primaryimage","url":"https:\/\/www.immobilienbusiness.ch\/wp-content\/uploads\/2016\/12\/Chur-Globus-Gebaeude-wird-saniert-immobilien-business.jpg","contentUrl":"https:\/\/www.immobilienbusiness.ch\/wp-content\/uploads\/2016\/12\/Chur-Globus-Gebaeude-wird-saniert-immobilien-business.jpg","width":1280,"height":960,"caption":"Chur (Foto: Pixabay)"},{"@type":"BreadcrumbList","@id":"https:\/\/www.immobilienbusiness.ch\/retail\/2016-07-04\/chur-globus-gebaeude-wird-saniert\/#breadcrumb","itemListElement":[{"@type":"ListItem","position":1,"name":"Home","item":"https:\/\/www.immobilienbusiness.ch\/"},{"@type":"ListItem","position":2,"name":"Chur: Globus-Geb\u00e4ude wird saniert"}]},{"@type":"WebSite","@id":"https:\/\/www.immobilienbusiness.ch\/#website","url":"https:\/\/www.immobilienbusiness.ch\/","name":"IMMOBILIER Business","description":"Magazine \u00e9conomique suisse ind\u00e9pendant ax\u00e9 sur l'immobilier, l'architecture et la construction ainsi que sur les investissements et le financement.","publisher":{"@id":"https:\/\/www.immobilienbusiness.ch\/#organization"},"potentialAction":[{"@type":"SearchAction","target":{"@type":"EntryPoint","urlTemplate":"https:\/\/www.immobilienbusiness.ch\/?s={search_term_string}"},"query-input":{"@type":"PropertyValueSpecification","valueRequired":true,"valueName":"search_term_string"}}],"inLanguage":"fr-FR"},{"@type":"Organization","@id":"https:\/\/www.immobilienbusiness.ch\/#organization","name":"IMMOBILIER Business","url":"https:\/\/www.immobilienbusiness.ch\/","logo":{"@type":"ImageObject","inLanguage":"fr-FR","@id":"https:\/\/www.immobilienbusiness.ch\/#\/schema\/logo\/image\/","url":"https:\/\/www.immobilienbusiness.ch\/wp-content\/uploads\/2021\/07\/logo_ib.png","contentUrl":"https:\/\/www.immobilienbusiness.ch\/wp-content\/uploads\/2021\/07\/logo_ib.png","width":800,"height":181,"caption":"IMMOBILIEN Business"},"image":{"@id":"https:\/\/www.immobilienbusiness.ch\/#\/schema\/logo\/image\/"},"sameAs":["https:\/\/www.facebook.com\/immobilienbusiness\/"]},{"@type":"Person","@id":"https:\/\/www.immobilienbusiness.ch\/#\/schema\/person\/aa2bace6c5c5aad60102004a50c4eb1c","name":"Editorial","image":{"@type":"ImageObject","inLanguage":"fr-FR","@id":"https:\/\/secure.gravatar.com\/avatar\/ae2f4d718e6c49043e314ce431e7e645d646302a24a5ef5a8bc8e3f5a032e319?s=96&d=mm&r=g","url":"https:\/\/secure.gravatar.com\/avatar\/ae2f4d718e6c49043e314ce431e7e645d646302a24a5ef5a8bc8e3f5a032e319?s=96&d=mm&r=g","contentUrl":"https:\/\/secure.gravatar.com\/avatar\/ae2f4d718e6c49043e314ce431e7e645d646302a24a5ef5a8bc8e3f5a032e319?s=96&d=mm&r=g","caption":"Redaktion"},"sameAs":["http:\/\/develop.organisator.galledia.ch"],"url":"https:\/\/www.immobilienbusiness.ch\/fr\/author\/admin\/"}]}},"_links":{"self":[{"href":"https:\/\/www.immobilienbusiness.ch\/fr\/wp-json\/wp\/v2\/posts\/3036","targetHints":{"allow":["GET"]}}],"collection":[{"href":"https:\/\/www.immobilienbusiness.ch\/fr\/wp-json\/wp\/v2\/posts"}],"about":[{"href":"https:\/\/www.immobilienbusiness.ch\/fr\/wp-json\/wp\/v2\/types\/post"}],"author":[{"embeddable":true,"href":"https:\/\/www.immobilienbusiness.ch\/fr\/wp-json\/wp\/v2\/users\/1"}],"replies":[{"embeddable":true,"href":"https:\/\/www.immobilienbusiness.ch\/fr\/wp-json\/wp\/v2\/comments?post=3036"}],"version-history":[{"count":0,"href":"https:\/\/www.immobilienbusiness.ch\/fr\/wp-json\/wp\/v2\/posts\/3036\/revisions"}],"wp:featuredmedia":[{"embeddable":true,"href":"https:\/\/www.immobilienbusiness.ch\/fr\/wp-json\/wp\/v2\/media\/3037"}],"wp:attachment":[{"href":"https:\/\/www.immobilienbusiness.ch\/fr\/wp-json\/wp\/v2\/media?parent=3036"}],"wp:term":[{"taxonomy":"category","embeddable":true,"href":"https:\/\/www.immobilienbusiness.ch\/fr\/wp-json\/wp\/v2\/categories?post=3036"},{"taxonomy":"post_tag","embeddable":true,"href":"https:\/\/www.immobilienbusiness.ch\/fr\/wp-json\/wp\/v2\/tags?post=3036"}],"curies":[{"name":"wp","href":"https:\/\/api.w.org\/{rel}","templated":true}]}}