{"id":3010,"date":"2015-07-06T14:27:55","date_gmt":"2015-07-06T12:27:55","guid":{"rendered":"http:\/\/dev.immobilienbusiness.ch\/?p=3010"},"modified":"2015-07-06T14:27:55","modified_gmt":"2015-07-06T12:27:55","slug":"waldstadt-im-berner-bremgartenwald","status":"publish","type":"post","link":"https:\/\/www.immobilienbusiness.ch\/fr\/residential\/2015-07-06\/waldstadt-im-berner-bremgartenwald\/","title":{"rendered":"Ville foresti\u00e8re dans la for\u00eat de Bremgarten \u00e0 Berne"},"content":{"rendered":"<figure id=\"attachment_3011\" aria-describedby=\"caption-attachment-3011\" style=\"width: 680px\" class=\"wp-caption alignnone\"><img loading=\"lazy\" decoding=\"async\" class=\"size-medium wp-image-3011\" src=\"https:\/\/immobilienbusiness.ch\/wp-content\/uploads\/2016\/12\/Waldstadt-im-Berner-Bremgartenwaldib-immobilien-und-business.jpg\" alt=\"Das orange eingef\u00e4rbte St\u00fcck des Bremgartenwaldes soll in Etappen \u00fcberbaut werden. Doch der Widerstand in Bern ist gross.\" width=\"680\" height=\"289\" srcset=\"https:\/\/www.immobilienbusiness.ch\/wp-content\/uploads\/2016\/12\/Waldstadt-im-Berner-Bremgartenwaldib-immobilien-und-business.jpg 2120w, https:\/\/www.immobilienbusiness.ch\/wp-content\/uploads\/2016\/12\/Waldstadt-im-Berner-Bremgartenwaldib-immobilien-und-business-300x127.jpg 300w, https:\/\/www.immobilienbusiness.ch\/wp-content\/uploads\/2016\/12\/Waldstadt-im-Berner-Bremgartenwaldib-immobilien-und-business-1024x435.jpg 1024w, https:\/\/www.immobilienbusiness.ch\/wp-content\/uploads\/2016\/12\/Waldstadt-im-Berner-Bremgartenwaldib-immobilien-und-business-768x326.jpg 768w, https:\/\/www.immobilienbusiness.ch\/wp-content\/uploads\/2016\/12\/Waldstadt-im-Berner-Bremgartenwaldib-immobilien-und-business-1536x652.jpg 1536w, https:\/\/www.immobilienbusiness.ch\/wp-content\/uploads\/2016\/12\/Waldstadt-im-Berner-Bremgartenwaldib-immobilien-und-business-2048x869.jpg 2048w, https:\/\/www.immobilienbusiness.ch\/wp-content\/uploads\/2016\/12\/Waldstadt-im-Berner-Bremgartenwaldib-immobilien-und-business-16x7.jpg 16w, https:\/\/www.immobilienbusiness.ch\/wp-content\/uploads\/2016\/12\/Waldstadt-im-Berner-Bremgartenwaldib-immobilien-und-business-375x159.jpg 375w, https:\/\/www.immobilienbusiness.ch\/wp-content\/uploads\/2016\/12\/Waldstadt-im-Berner-Bremgartenwaldib-immobilien-und-business-760x323.jpg 760w, https:\/\/www.immobilienbusiness.ch\/wp-content\/uploads\/2016\/12\/Waldstadt-im-Berner-Bremgartenwaldib-immobilien-und-business-1600x679.jpg 1600w, https:\/\/www.immobilienbusiness.ch\/wp-content\/uploads\/2016\/12\/Waldstadt-im-Berner-Bremgartenwaldib-immobilien-und-business-920x391.jpg 920w, https:\/\/www.immobilienbusiness.ch\/wp-content\/uploads\/2016\/12\/Waldstadt-im-Berner-Bremgartenwaldib-immobilien-und-business-1400x594.jpg 1400w\" sizes=\"auto, (max-width: 680px) 100vw, 680px\" \/><figcaption id=\"caption-attachment-3011\" class=\"wp-caption-text\">La partie de la for\u00eat de Bremgarten color\u00e9e en orange doit \u00eatre construite par \u00e9tapes. Mais la r\u00e9sistance est grande \u00e0 Berne.<\/figcaption><\/figure>\n<p>La loi suisse sur les for\u00eats est tr\u00e8s claire en ce qui concerne les d\u00e9frichements : \"Les d\u00e9frichements sont interdits\". Une autorisation exceptionnelle ne peut \u00eatre accord\u00e9e que si le requ\u00e9rant prouve qu'il existe des raisons importantes pour le d\u00e9frichement, qui priment sur l'int\u00e9r\u00eat \u00e0 la conservation de la for\u00eat et qui remplissent en outre les conditions suivantes : L'ouvrage pour lequel le d\u00e9frichement est pr\u00e9vu doit \u00eatre tributaire de l'emplacement pr\u00e9vu ; l'ouvrage doit en outre remplir mat\u00e9riellement les conditions de l'am\u00e9nagement du territoire et le d\u00e9frichement ne doit pas entra\u00eener de menace importante pour l'environnement. Selon la loi sur les for\u00eats, les int\u00e9r\u00eats financiers, tels que l'utilisation la plus r\u00e9mun\u00e9ratrice possible du sol ou l'acquisition \u00e0 bon march\u00e9 de terres \u00e0 des fins non foresti\u00e8res, ne sont pas consid\u00e9r\u00e9s comme des raisons importantes. La loi est donc claire. Et pourtant, \u00e0 Berne, une partie de la for\u00eat doit c\u00e9der la place \u00e0 un ensemble d'habitations pour environ 8000 personnes - une id\u00e9e qui provoque et qui \u00e9branle un tabou.<\/p>\n<p><strong>Cinq pour cent de la surface foresti\u00e8re<\/strong><\/p>\n<p>Pour l'extension de la ville, il faudrait sacrifier une partie de la for\u00eat de Bremgarten, qui se trouve \u00e0 la p\u00e9riph\u00e9rie de la ville, \u00e0 la fin du quartier de L\u00e4nggass, juste \u00e0 c\u00f4t\u00e9 de l'autoroute. La surface \u00e0 d\u00e9fricher ne repr\u00e9sente certes qu'environ cinq pour cent de la grande for\u00eat de la ville, mais chaque arbre qui doit \u00eatre abattu suscite d\u00e9j\u00e0 les passions. Car \"la for\u00eat suscite des \u00e9motions\", a d\u00e9clar\u00e9 le planificateur et co-initiateur Peter Jakob du bureau d'architecture bauart lors d'une table ronde. Il sait qu'il y aura des obstacles importants \u00e0 surmonter si le projet doit \u00eatre r\u00e9alis\u00e9. Les initiateurs ne veulent donc pas toucher \u00e0 l'interdiction de d\u00e9fricher. Alors qu'au d\u00e9but de la planification, une modification de la loi sur les for\u00eats \u00e9tait encore au premier plan, il s'agit aujourd'hui d'obtenir une autorisation sp\u00e9ciale n\u00e9cessaire pour le projet - par exemple pour les constructions d'infrastructures telles que les centrales et les distributeurs d'\u00e9nergie. Mais pour cela, les initiateurs doivent prouver, conform\u00e9ment \u00e0 la loi sur les for\u00eats, que leur projet est li\u00e9 au site et n'a de sens qu'\u00e0 cet endroit pr\u00e9cis. Jakob est convaincu qu'une autorisation exceptionnelle est possible \u00e0 cet endroit, car la parcelle de for\u00eat pr\u00e9vue est d\u00e9j\u00e0 fortement d\u00e9valoris\u00e9e en raison de la proximit\u00e9 de l'autoroute et de la limite actuelle de l'agglom\u00e9ration. Il ne s'agit certainement pas d'un morceau de for\u00eat comme on en trouve dans les r\u00e9gions rurales. Mais la question de savoir si cela suffit pour en d\u00e9fricher une grande partie d'un seul tenant est tr\u00e8s controvers\u00e9e.<\/p>\n<p>En y regardant de plus pr\u00e8s, on s'aper\u00e7oit que le nom de Waldstadt ne correspond pas tout \u00e0 fait \u00e0 la r\u00e9alit\u00e9. Il n'est pas pr\u00e9vu de cr\u00e9er une ville entour\u00e9e de for\u00eats. Il s'agira plut\u00f4t de r\u00e9duire la for\u00eat de Bremgarten et d'agrandir la surface urbanis\u00e9e de la ville en direction du nord-ouest par le biais d'une couverture autorouti\u00e8re - et ce, \u00e0 une \u00e9poque o\u00f9 la r\u00e9vision de la loi sur l'am\u00e9nagement du territoire exige la densification des villes vers l'int\u00e9rieur et o\u00f9 la construction sur des terrains vierges doit \u00eatre limit\u00e9e. Les opposants au projet font valoir que la r\u00e9gion de Berne est actuellement en train de classer de nouveaux terrains \u00e0 b\u00e2tir, ce qui favorise encore l'\u00e9talement urbain : La Waldstadt n'est pas n\u00e9cessaire. Ils se battent en outre pour que la bande bois\u00e9e soit pr\u00e9serv\u00e9e en tant qu'espace de d\u00e9tente de proximit\u00e9. Sous la direction de l'UDC, ils ont d\u00e9pos\u00e9 une initiative populaire qui sera probablement soumise au vote en 2014. Le peuple doit prendre une d\u00e9cision de principe sur la poursuite ou non de la planification d'une ville foresti\u00e8re. Les opposants plaident en outre pour une extension de la ville non pas en bordure de la L\u00e4nggasse, mais \u00e0 l'ouest : Br\u00fcnnen-Sud permettrait de r\u00e9aliser davantage de logements et une grande partie de l'infrastructure y existerait d\u00e9j\u00e0. Mais les initiateurs tiennent \u00e0 leur id\u00e9e. Les grands employeurs comme l'universit\u00e9 ou l'h\u00f4pital de l'\u00eele se trouvent \u00e0 proximit\u00e9 imm\u00e9diate de la Waldstadt, ce qui r\u00e9duit les flux de pendulaires. Cela serait judicieux tant sur le plan \u00e9conomique qu'\u00e9cologique. \"Si 8000 personnes peuvent y vivre et travailler en ville, il y a moins d'infrastructures \u00e0 mettre en place pour 8000 pendulaires\", argumente Jakob. C'est pourquoi une extension de la ville dans cette zone a du sens.<\/p>\n<p><strong>Inversion de tendance en vue ?<\/strong><\/p>\n<p>Le d\u00e9bat bernois montre qu'un renversement de tendance pourrait se produire en ce qui concerne le traitement futur de l'extension de l'urbanisation dans la zone foresti\u00e8re. La Waldstadt semble devenir un pr\u00e9c\u00e9dent et pourrait provoquer une rupture de digue. Certes, les initiateurs approuvent les obstacles \u00e9lev\u00e9s pour les autorisations exceptionnelles de d\u00e9frichement, mais le fanal brille d\u00e9j\u00e0 dans d'autres r\u00e9gions du pays et se retrouvera t\u00f4t ou tard sur le terrain politique. Un assouplissement des r\u00e8gles strictes en mati\u00e8re de d\u00e9frichement est toutefois en totale contradiction avec les objectifs de la Suisse en mati\u00e8re d'am\u00e9nagement du territoire, qui ont fait l'objet de controverses ces derni\u00e8res ann\u00e9es et ont conduit \u00e0 l'adoption de la nouvelle loi sur l'am\u00e9nagement du territoire au d\u00e9but de l'ann\u00e9e. S'il est possible \u00e0 l'avenir d'obtenir plus facilement des autorisations exceptionnelles, il n'y a plus qu'un pas \u00e0 franchir pour cr\u00e9er des parcs r\u00e9sidentiels et d'affaires en pleine for\u00eat. En mai dernier, des initiateurs du canton de Schaffhouse ont lanc\u00e9 une id\u00e9e similaire \u00e0 celle de Berne : ils proposent de d\u00e9fricher des for\u00eats domaniales pour cr\u00e9er une ville foresti\u00e8re avec une partie commerciale et de cr\u00e9er des emplois \u00e0 proximit\u00e9 des voies d'acc\u00e8s aux autoroutes. Thomas Holenstein, responsable de la promotion \u00e9conomique, demande que la ville remembre une zone d'environ un kilom\u00e8tre carr\u00e9. Cela permettrait de cr\u00e9er des logements qui sont d\u00e9j\u00e0 bien desservis. En m\u00eame temps, le produit de la vente d'environ un milliard de francs permettrait \"d'assurer la prosp\u00e9rit\u00e9 de toute une g\u00e9n\u00e9ration dans le canton\", a expliqu\u00e9 Thomas Holenstein \u00e0 la t\u00e9l\u00e9vision SRF. Cet argent permettrait non seulement de r\u00e9aliser des investissements importants, mais aussi d'indemniser les communes rurales qui devraient \u00e0 leur tour c\u00e9der des zones \u00e0 b\u00e2tir. Lors de l'entretien annuel de la promotion \u00e9conomique de Schaffhouse, Holenstein a trouv\u00e9 une oreille attentive aupr\u00e8s de Giorgio Behr, entrepreneur et pr\u00e9sident de l'association industrielle de Schaffhouse. Behr lui-m\u00eame consid\u00e8re la construction d'une \"ville foresti\u00e8re\" compacte \u00e0 la p\u00e9riph\u00e9rie de Schaffhouse comme l'id\u00e9e la plus judicieuse d'un nouveau zonage. Holenstein et Behr ne re\u00e7oivent aucun soutien du canton : le directeur bourgeois des constructions et des for\u00eats, Reto Dubach, indique clairement que cette vision n'a aucune chance d'\u00eatre r\u00e9alis\u00e9e. La raison principale est que la loi f\u00e9d\u00e9rale interdit de tels d\u00e9frichements de for\u00eats.<\/p>\n<figure id=\"attachment_3013\" aria-describedby=\"caption-attachment-3013\" style=\"width: 680px\" class=\"wp-caption alignnone\"><img loading=\"lazy\" decoding=\"async\" class=\"size-medium wp-image-3013\" src=\"https:\/\/immobilienbusiness.ch\/wp-content\/uploads\/2016\/12\/Waldstadt-im-Berner-Bremgartenwald-ib-immobilien-und-business.jpg\" alt=\"Die Waldstadt k\u00f6nnte die Infrastruktur des angrenzenden L\u00e4nggassquartiers nutzen.\" width=\"680\" height=\"572\" \/><figcaption id=\"caption-attachment-3013\" class=\"wp-caption-text\">La Waldstadt pourrait utiliser l'infrastructure du quartier voisin de la L\u00e4nggass.<\/figcaption><\/figure>\n<p><strong>Lancer la discussion<\/strong><\/p>\n<p>Les partisans des villes foresti\u00e8res ne sont pas de cet avis. Une discussion doit avoir lieu sur la question de savoir combien de temps les terres cultivables peuvent continuer \u00e0 \u00eatre utilis\u00e9es alors que la for\u00eat est strictement prot\u00e9g\u00e9e. Les avis juridiques divergent \u00e0 ce sujet. Selon \"Der Bund\", l'ancien maire de Zurich Josef Estermann, qui fait partie du comit\u00e9 consultatif du projet de Waldstadt \u00e0 Berne, estime lui aussi que la loi sur les for\u00eats ne doit pas \u00eatre consid\u00e9r\u00e9e comme sup\u00e9rieure au droit de l'am\u00e9nagement du territoire ou de l'environnement. En outre, elle autorise des exceptions lorsqu'un site s'av\u00e8re nettement meilleur que tous les autres. Conclusion : le d\u00e9bat est lanc\u00e9 et important pour toute la Suisse. Il soul\u00e8ve les questions suivantes : Quand faut-il d\u00e9fricher la for\u00eat pour construire ? L'obligation de densifier continue-t-elle de s'appliquer ou sacrifions-nous des terres cultivables ou des for\u00eats en dehors des centres ?<\/p>\n<p><strong>Difficilement applicable sur le plan juridique <\/strong><\/p>\n<p>Un avis de droit de l'Association suisse pour l'am\u00e9nagement national a \u00e9t\u00e9 r\u00e9dig\u00e9 \u00e0 la demande du canton de Zurich afin de d\u00e9terminer si le d\u00e9frichement de for\u00eats pour la construction de logements est juridiquement r\u00e9alisable. Les auteurs sont arriv\u00e9s \u00e0 la conclusion que ce n'est pas possible. Cela signifie que la loi nationale sur les for\u00eats devrait \u00eatre adapt\u00e9e. Mais il est difficile de trouver une majorit\u00e9 pour cela \u00e0 l'heure actuelle. Pour un \u00e9ventuel nouveau quartier dans la for\u00eat de Bremgarten, l'avenir s'annonce donc plut\u00f4t sombre pour la ville de Berne. Selon l'avis de droit, la for\u00eat ne peut \u00eatre d\u00e9frich\u00e9e qu'en cas d'int\u00e9r\u00eat pr\u00e9pond\u00e9rant. Or, ce n'est pas le cas \u00e0 Berne. De plus, il existe \u00e0 Berne un grand potentiel pour un habitat dense et la zone de Br\u00fcnnen, \u00e0 l'ouest de la ville, se pr\u00eate bien \u00e0 l'habitat.<\/p>","protected":false},"excerpt":{"rendered":"<p>Dans la for\u00eat de Bremgarten \u00e0 Berne, des initiateurs veulent construire une ville foresti\u00e8re pouvant accueillir jusqu'\u00e0 8000 habitants. L'id\u00e9e suscite des discussions anim\u00e9es, car elle est li\u00e9e au d\u00e9frichement de la for\u00eat.<\/p>","protected":false},"author":6,"featured_media":3011,"comment_status":"open","ping_status":"open","sticky":false,"template":"","format":"standard","meta":{"_acf_changed":false,"_yoast_wpseo_focuskw":"Waldstadt Bern","_yoast_wpseo_title":"Waldstadt Bern: Debatte um Waldrodung und Stadtentwicklung","_yoast_wpseo_metadesc":"Angesichts der geplanten Waldrodung in Bern w\u00e4chst die Diskussion um Stadtwachstum, Waldschutz und rechtliche Grenzen in der Schweiz.","_yoast_wpseo_linkdex":73,"pgc_sgb_lightbox_settings":"","footnotes":""},"categories":[986],"tags":[1365,1639,1862],"class_list":["post-3010","post","type-post","status-publish","format-standard","has-post-thumbnail","hentry","category-residential","tag-infrastruktur","tag-residential","tag-wohnen"],"acf":[],"yoast_head":"<!-- This site is optimized with the Yoast SEO plugin v27.5 - https:\/\/yoast.com\/product\/yoast-seo-wordpress\/ -->\n<title>Waldstadt Bern: Debatte um Waldrodung und Stadtentwicklung<\/title>\n<meta name=\"description\" content=\"Angesichts der geplanten Waldrodung in Bern w\u00e4chst die Diskussion um Stadtwachstum, Waldschutz und rechtliche Grenzen in der Schweiz.\" \/>\n<meta name=\"robots\" content=\"index, follow, max-snippet:-1, max-image-preview:large, max-video-preview:-1\" \/>\n<link rel=\"canonical\" href=\"https:\/\/www.immobilienbusiness.ch\/fr\/residential\/2015-07-06\/waldstadt-im-berner-bremgartenwald\/\" \/>\n<meta property=\"og:locale\" content=\"fr_FR\" \/>\n<meta property=\"og:type\" content=\"article\" \/>\n<meta property=\"og:title\" content=\"Waldstadt im Berner Bremgartenwald\" \/>\n<meta property=\"og:description\" content=\"Im Berner Bremgartenwald wollen Initianten eine Waldstadt f\u00fcr bis zu 8.000 Einwohner bauen. Die Idee sorgt f\u00fcr hitzige Diskussionen.\" \/>\n<meta property=\"og:url\" content=\"https:\/\/www.immobilienbusiness.ch\/fr\/residential\/2015-07-06\/waldstadt-im-berner-bremgartenwald\/\" \/>\n<meta property=\"og:site_name\" content=\"IMMOBILIEN Business\" \/>\n<meta property=\"article:publisher\" content=\"https:\/\/www.facebook.com\/immobilienbusiness\/\" \/>\n<meta property=\"article:published_time\" content=\"2015-07-06T12:27:55+00:00\" \/>\n<meta name=\"author\" content=\"galledia\" \/>\n<meta name=\"twitter:card\" content=\"summary_large_image\" \/>\n<meta name=\"twitter:title\" content=\"Waldstadt im Berner Bremgartenwald\" \/>\n<meta name=\"twitter:description\" content=\"Im Berner Bremgartenwald wollen Initianten eine Waldstadt f\u00fcr bis zu 8.000 Einwohner bauen. Die Idee sorgt f\u00fcr hitzige Diskussionen.\" \/>\n<meta name=\"twitter:image\" content=\"http:\/\/dev.immobilienbusiness.ch\/wp-content\/uploads\/2016\/12\/Waldstadt-im-Berner-Bremgartenwaldib-immobilien-und-business.jpg\" \/>\n<script type=\"application\/ld+json\" class=\"yoast-schema-graph\">{\"@context\":\"https:\\\/\\\/schema.org\",\"@graph\":[{\"@type\":\"Article\",\"@id\":\"https:\\\/\\\/www.immobilienbusiness.ch\\\/de\\\/residential\\\/2015-07-06\\\/waldstadt-im-berner-bremgartenwald\\\/#article\",\"isPartOf\":{\"@id\":\"https:\\\/\\\/www.immobilienbusiness.ch\\\/de\\\/residential\\\/2015-07-06\\\/waldstadt-im-berner-bremgartenwald\\\/\"},\"author\":{\"name\":\"galledia\",\"@id\":\"https:\\\/\\\/www.immobilienbusiness.ch\\\/#\\\/schema\\\/person\\\/92ab48f1f614a7730a86f4fd946983ca\"},\"headline\":\"Waldstadt im Berner Bremgartenwald\",\"datePublished\":\"2015-07-06T12:27:55+00:00\",\"mainEntityOfPage\":{\"@id\":\"https:\\\/\\\/www.immobilienbusiness.ch\\\/de\\\/residential\\\/2015-07-06\\\/waldstadt-im-berner-bremgartenwald\\\/\"},\"wordCount\":1274,\"commentCount\":0,\"publisher\":{\"@id\":\"https:\\\/\\\/www.immobilienbusiness.ch\\\/#organization\"},\"image\":{\"@id\":\"https:\\\/\\\/www.immobilienbusiness.ch\\\/de\\\/residential\\\/2015-07-06\\\/waldstadt-im-berner-bremgartenwald\\\/#primaryimage\"},\"thumbnailUrl\":\"https:\\\/\\\/www.immobilienbusiness.ch\\\/wp-content\\\/uploads\\\/2016\\\/12\\\/Waldstadt-im-Berner-Bremgartenwaldib-immobilien-und-business.jpg\",\"keywords\":[\"Infrastruktur\",\"Residential\",\"Wohnen\"],\"articleSection\":[\"RESIDENTIAL\"],\"inLanguage\":\"fr-FR\"},{\"@type\":\"WebPage\",\"@id\":\"https:\\\/\\\/www.immobilienbusiness.ch\\\/de\\\/residential\\\/2015-07-06\\\/waldstadt-im-berner-bremgartenwald\\\/\",\"url\":\"https:\\\/\\\/www.immobilienbusiness.ch\\\/de\\\/residential\\\/2015-07-06\\\/waldstadt-im-berner-bremgartenwald\\\/\",\"name\":\"Waldstadt Bern: Debatte um Waldrodung und Stadtentwicklung\",\"isPartOf\":{\"@id\":\"https:\\\/\\\/www.immobilienbusiness.ch\\\/#website\"},\"primaryImageOfPage\":{\"@id\":\"https:\\\/\\\/www.immobilienbusiness.ch\\\/de\\\/residential\\\/2015-07-06\\\/waldstadt-im-berner-bremgartenwald\\\/#primaryimage\"},\"image\":{\"@id\":\"https:\\\/\\\/www.immobilienbusiness.ch\\\/de\\\/residential\\\/2015-07-06\\\/waldstadt-im-berner-bremgartenwald\\\/#primaryimage\"},\"thumbnailUrl\":\"https:\\\/\\\/www.immobilienbusiness.ch\\\/wp-content\\\/uploads\\\/2016\\\/12\\\/Waldstadt-im-Berner-Bremgartenwaldib-immobilien-und-business.jpg\",\"datePublished\":\"2015-07-06T12:27:55+00:00\",\"description\":\"Angesichts der geplanten Waldrodung in Bern w\u00e4chst die Diskussion um Stadtwachstum, Waldschutz und rechtliche Grenzen in der Schweiz.\",\"breadcrumb\":{\"@id\":\"https:\\\/\\\/www.immobilienbusiness.ch\\\/de\\\/residential\\\/2015-07-06\\\/waldstadt-im-berner-bremgartenwald\\\/#breadcrumb\"},\"inLanguage\":\"fr-FR\",\"potentialAction\":[{\"@type\":\"ReadAction\",\"target\":[\"https:\\\/\\\/www.immobilienbusiness.ch\\\/de\\\/residential\\\/2015-07-06\\\/waldstadt-im-berner-bremgartenwald\\\/\"]}]},{\"@type\":\"ImageObject\",\"inLanguage\":\"fr-FR\",\"@id\":\"https:\\\/\\\/www.immobilienbusiness.ch\\\/de\\\/residential\\\/2015-07-06\\\/waldstadt-im-berner-bremgartenwald\\\/#primaryimage\",\"url\":\"https:\\\/\\\/www.immobilienbusiness.ch\\\/wp-content\\\/uploads\\\/2016\\\/12\\\/Waldstadt-im-Berner-Bremgartenwaldib-immobilien-und-business.jpg\",\"contentUrl\":\"https:\\\/\\\/www.immobilienbusiness.ch\\\/wp-content\\\/uploads\\\/2016\\\/12\\\/Waldstadt-im-Berner-Bremgartenwaldib-immobilien-und-business.jpg\",\"width\":2120,\"height\":900,\"caption\":\"Das orange eingef\u00e4rbte St\u00fcck des Bremgartenwaldes soll in Etappen \u00fcberbaut werden. Doch der Widerstand in Bern ist gross.\"},{\"@type\":\"BreadcrumbList\",\"@id\":\"https:\\\/\\\/www.immobilienbusiness.ch\\\/de\\\/residential\\\/2015-07-06\\\/waldstadt-im-berner-bremgartenwald\\\/#breadcrumb\",\"itemListElement\":[{\"@type\":\"ListItem\",\"position\":1,\"name\":\"Home\",\"item\":\"https:\\\/\\\/www.immobilienbusiness.ch\\\/\"},{\"@type\":\"ListItem\",\"position\":2,\"name\":\"Waldstadt im Berner Bremgartenwald\"}]},{\"@type\":\"WebSite\",\"@id\":\"https:\\\/\\\/www.immobilienbusiness.ch\\\/#website\",\"url\":\"https:\\\/\\\/www.immobilienbusiness.ch\\\/\",\"name\":\"IMMOBILIEN Business\",\"description\":\"Unabh\u00e4ngiges Schweizer Wirtschaftsmagazin mit Fokus auf Immobilien, Architektur- und Bau sowie Investment- und Finanzierung.\",\"publisher\":{\"@id\":\"https:\\\/\\\/www.immobilienbusiness.ch\\\/#organization\"},\"potentialAction\":[{\"@type\":\"SearchAction\",\"target\":{\"@type\":\"EntryPoint\",\"urlTemplate\":\"https:\\\/\\\/www.immobilienbusiness.ch\\\/?s={search_term_string}\"},\"query-input\":{\"@type\":\"PropertyValueSpecification\",\"valueRequired\":true,\"valueName\":\"search_term_string\"}}],\"inLanguage\":\"fr-FR\"},{\"@type\":\"Organization\",\"@id\":\"https:\\\/\\\/www.immobilienbusiness.ch\\\/#organization\",\"name\":\"IMMOBILIEN Business\",\"url\":\"https:\\\/\\\/www.immobilienbusiness.ch\\\/\",\"logo\":{\"@type\":\"ImageObject\",\"inLanguage\":\"fr-FR\",\"@id\":\"https:\\\/\\\/www.immobilienbusiness.ch\\\/#\\\/schema\\\/logo\\\/image\\\/\",\"url\":\"https:\\\/\\\/www.immobilienbusiness.ch\\\/wp-content\\\/uploads\\\/2021\\\/07\\\/logo_ib.png\",\"contentUrl\":\"https:\\\/\\\/www.immobilienbusiness.ch\\\/wp-content\\\/uploads\\\/2021\\\/07\\\/logo_ib.png\",\"width\":800,\"height\":181,\"caption\":\"IMMOBILIEN Business\"},\"image\":{\"@id\":\"https:\\\/\\\/www.immobilienbusiness.ch\\\/#\\\/schema\\\/logo\\\/image\\\/\"},\"sameAs\":[\"https:\\\/\\\/www.facebook.com\\\/immobilienbusiness\\\/\"]},{\"@type\":\"Person\",\"@id\":\"https:\\\/\\\/www.immobilienbusiness.ch\\\/#\\\/schema\\\/person\\\/92ab48f1f614a7730a86f4fd946983ca\",\"name\":\"galledia\",\"image\":{\"@type\":\"ImageObject\",\"inLanguage\":\"fr-FR\",\"@id\":\"https:\\\/\\\/secure.gravatar.com\\\/avatar\\\/?s=96&d=mm&r=g\",\"url\":\"https:\\\/\\\/secure.gravatar.com\\\/avatar\\\/?s=96&d=mm&r=g\",\"contentUrl\":\"https:\\\/\\\/secure.gravatar.com\\\/avatar\\\/?s=96&d=mm&r=g\",\"caption\":\"galledia\"},\"url\":\"https:\\\/\\\/www.immobilienbusiness.ch\\\/fr\\\/author\\\/galledia\\\/\"}]}<\/script>\n<!-- \/ Yoast SEO plugin. -->","yoast_head_json":{"title":"Waldstadt Bern : d\u00e9bat sur le d\u00e9frichement de la for\u00eat et le d\u00e9veloppement urbain","description":"Face au projet de d\u00e9frichement de la for\u00eat \u00e0 Berne, le d\u00e9bat sur la croissance urbaine, la protection de la for\u00eat et les limites juridiques en Suisse prend de l'ampleur.","robots":{"index":"index","follow":"follow","max-snippet":"max-snippet:-1","max-image-preview":"max-image-preview:large","max-video-preview":"max-video-preview:-1"},"canonical":"https:\/\/www.immobilienbusiness.ch\/fr\/residential\/2015-07-06\/waldstadt-im-berner-bremgartenwald\/","og_locale":"fr_FR","og_type":"article","og_title":"Waldstadt im Berner Bremgartenwald","og_description":"Im Berner Bremgartenwald wollen Initianten eine Waldstadt f\u00fcr bis zu 8.000 Einwohner bauen. Die Idee sorgt f\u00fcr hitzige Diskussionen.","og_url":"https:\/\/www.immobilienbusiness.ch\/fr\/residential\/2015-07-06\/waldstadt-im-berner-bremgartenwald\/","og_site_name":"IMMOBILIEN Business","article_publisher":"https:\/\/www.facebook.com\/immobilienbusiness\/","article_published_time":"2015-07-06T12:27:55+00:00","author":"galledia","twitter_card":"summary_large_image","twitter_title":"Waldstadt im Berner Bremgartenwald","twitter_description":"Im Berner Bremgartenwald wollen Initianten eine Waldstadt f\u00fcr bis zu 8.000 Einwohner bauen. Die Idee sorgt f\u00fcr hitzige Diskussionen.","twitter_image":"http:\/\/dev.immobilienbusiness.ch\/wp-content\/uploads\/2016\/12\/Waldstadt-im-Berner-Bremgartenwaldib-immobilien-und-business.jpg","schema":{"@context":"https:\/\/schema.org","@graph":[{"@type":"Article","@id":"https:\/\/www.immobilienbusiness.ch\/de\/residential\/2015-07-06\/waldstadt-im-berner-bremgartenwald\/#article","isPartOf":{"@id":"https:\/\/www.immobilienbusiness.ch\/de\/residential\/2015-07-06\/waldstadt-im-berner-bremgartenwald\/"},"author":{"name":"galledia","@id":"https:\/\/www.immobilienbusiness.ch\/#\/schema\/person\/92ab48f1f614a7730a86f4fd946983ca"},"headline":"Waldstadt im Berner Bremgartenwald","datePublished":"2015-07-06T12:27:55+00:00","mainEntityOfPage":{"@id":"https:\/\/www.immobilienbusiness.ch\/de\/residential\/2015-07-06\/waldstadt-im-berner-bremgartenwald\/"},"wordCount":1274,"commentCount":0,"publisher":{"@id":"https:\/\/www.immobilienbusiness.ch\/#organization"},"image":{"@id":"https:\/\/www.immobilienbusiness.ch\/de\/residential\/2015-07-06\/waldstadt-im-berner-bremgartenwald\/#primaryimage"},"thumbnailUrl":"https:\/\/www.immobilienbusiness.ch\/wp-content\/uploads\/2016\/12\/Waldstadt-im-Berner-Bremgartenwaldib-immobilien-und-business.jpg","keywords":["Infrastruktur","Residential","Wohnen"],"articleSection":["RESIDENTIAL"],"inLanguage":"fr-FR"},{"@type":"WebPage","@id":"https:\/\/www.immobilienbusiness.ch\/de\/residential\/2015-07-06\/waldstadt-im-berner-bremgartenwald\/","url":"https:\/\/www.immobilienbusiness.ch\/de\/residential\/2015-07-06\/waldstadt-im-berner-bremgartenwald\/","name":"Waldstadt Bern : d\u00e9bat sur le d\u00e9frichement de la for\u00eat et le d\u00e9veloppement urbain","isPartOf":{"@id":"https:\/\/www.immobilienbusiness.ch\/#website"},"primaryImageOfPage":{"@id":"https:\/\/www.immobilienbusiness.ch\/de\/residential\/2015-07-06\/waldstadt-im-berner-bremgartenwald\/#primaryimage"},"image":{"@id":"https:\/\/www.immobilienbusiness.ch\/de\/residential\/2015-07-06\/waldstadt-im-berner-bremgartenwald\/#primaryimage"},"thumbnailUrl":"https:\/\/www.immobilienbusiness.ch\/wp-content\/uploads\/2016\/12\/Waldstadt-im-Berner-Bremgartenwaldib-immobilien-und-business.jpg","datePublished":"2015-07-06T12:27:55+00:00","description":"Face au projet de d\u00e9frichement de la for\u00eat \u00e0 Berne, le d\u00e9bat sur la croissance urbaine, la protection de la for\u00eat et les limites juridiques en Suisse prend de l'ampleur.","breadcrumb":{"@id":"https:\/\/www.immobilienbusiness.ch\/de\/residential\/2015-07-06\/waldstadt-im-berner-bremgartenwald\/#breadcrumb"},"inLanguage":"fr-FR","potentialAction":[{"@type":"ReadAction","target":["https:\/\/www.immobilienbusiness.ch\/de\/residential\/2015-07-06\/waldstadt-im-berner-bremgartenwald\/"]}]},{"@type":"ImageObject","inLanguage":"fr-FR","@id":"https:\/\/www.immobilienbusiness.ch\/de\/residential\/2015-07-06\/waldstadt-im-berner-bremgartenwald\/#primaryimage","url":"https:\/\/www.immobilienbusiness.ch\/wp-content\/uploads\/2016\/12\/Waldstadt-im-Berner-Bremgartenwaldib-immobilien-und-business.jpg","contentUrl":"https:\/\/www.immobilienbusiness.ch\/wp-content\/uploads\/2016\/12\/Waldstadt-im-Berner-Bremgartenwaldib-immobilien-und-business.jpg","width":2120,"height":900,"caption":"Das orange eingef\u00e4rbte St\u00fcck des Bremgartenwaldes soll in Etappen \u00fcberbaut werden. Doch der Widerstand in Bern ist gross."},{"@type":"BreadcrumbList","@id":"https:\/\/www.immobilienbusiness.ch\/de\/residential\/2015-07-06\/waldstadt-im-berner-bremgartenwald\/#breadcrumb","itemListElement":[{"@type":"ListItem","position":1,"name":"Home","item":"https:\/\/www.immobilienbusiness.ch\/"},{"@type":"ListItem","position":2,"name":"Waldstadt im Berner Bremgartenwald"}]},{"@type":"WebSite","@id":"https:\/\/www.immobilienbusiness.ch\/#website","url":"https:\/\/www.immobilienbusiness.ch\/","name":"IMMOBILIER Business","description":"Magazine \u00e9conomique suisse ind\u00e9pendant ax\u00e9 sur l'immobilier, l'architecture et la construction ainsi que sur les investissements et le financement.","publisher":{"@id":"https:\/\/www.immobilienbusiness.ch\/#organization"},"potentialAction":[{"@type":"SearchAction","target":{"@type":"EntryPoint","urlTemplate":"https:\/\/www.immobilienbusiness.ch\/?s={search_term_string}"},"query-input":{"@type":"PropertyValueSpecification","valueRequired":true,"valueName":"search_term_string"}}],"inLanguage":"fr-FR"},{"@type":"Organization","@id":"https:\/\/www.immobilienbusiness.ch\/#organization","name":"IMMOBILIER Business","url":"https:\/\/www.immobilienbusiness.ch\/","logo":{"@type":"ImageObject","inLanguage":"fr-FR","@id":"https:\/\/www.immobilienbusiness.ch\/#\/schema\/logo\/image\/","url":"https:\/\/www.immobilienbusiness.ch\/wp-content\/uploads\/2021\/07\/logo_ib.png","contentUrl":"https:\/\/www.immobilienbusiness.ch\/wp-content\/uploads\/2021\/07\/logo_ib.png","width":800,"height":181,"caption":"IMMOBILIEN Business"},"image":{"@id":"https:\/\/www.immobilienbusiness.ch\/#\/schema\/logo\/image\/"},"sameAs":["https:\/\/www.facebook.com\/immobilienbusiness\/"]},{"@type":"Person","@id":"https:\/\/www.immobilienbusiness.ch\/#\/schema\/person\/92ab48f1f614a7730a86f4fd946983ca","name":"galledia","image":{"@type":"ImageObject","inLanguage":"fr-FR","@id":"https:\/\/secure.gravatar.com\/avatar\/?s=96&d=mm&r=g","url":"https:\/\/secure.gravatar.com\/avatar\/?s=96&d=mm&r=g","contentUrl":"https:\/\/secure.gravatar.com\/avatar\/?s=96&d=mm&r=g","caption":"galledia"},"url":"https:\/\/www.immobilienbusiness.ch\/fr\/author\/galledia\/"}]}},"_links":{"self":[{"href":"https:\/\/www.immobilienbusiness.ch\/fr\/wp-json\/wp\/v2\/posts\/3010","targetHints":{"allow":["GET"]}}],"collection":[{"href":"https:\/\/www.immobilienbusiness.ch\/fr\/wp-json\/wp\/v2\/posts"}],"about":[{"href":"https:\/\/www.immobilienbusiness.ch\/fr\/wp-json\/wp\/v2\/types\/post"}],"author":[{"embeddable":true,"href":"https:\/\/www.immobilienbusiness.ch\/fr\/wp-json\/wp\/v2\/users\/6"}],"replies":[{"embeddable":true,"href":"https:\/\/www.immobilienbusiness.ch\/fr\/wp-json\/wp\/v2\/comments?post=3010"}],"version-history":[{"count":0,"href":"https:\/\/www.immobilienbusiness.ch\/fr\/wp-json\/wp\/v2\/posts\/3010\/revisions"}],"wp:featuredmedia":[{"embeddable":true,"href":"https:\/\/www.immobilienbusiness.ch\/fr\/wp-json\/wp\/v2\/media\/3011"}],"wp:attachment":[{"href":"https:\/\/www.immobilienbusiness.ch\/fr\/wp-json\/wp\/v2\/media?parent=3010"}],"wp:term":[{"taxonomy":"category","embeddable":true,"href":"https:\/\/www.immobilienbusiness.ch\/fr\/wp-json\/wp\/v2\/categories?post=3010"},{"taxonomy":"post_tag","embeddable":true,"href":"https:\/\/www.immobilienbusiness.ch\/fr\/wp-json\/wp\/v2\/tags?post=3010"}],"curies":[{"name":"wp","href":"https:\/\/api.w.org\/{rel}","templated":true}]}}