{"id":299,"date":"2015-07-31T09:20:20","date_gmt":"2015-07-31T07:20:20","guid":{"rendered":"http:\/\/dev.immobilienbusiness.ch\/?p=299"},"modified":"2015-07-31T09:20:20","modified_gmt":"2015-07-31T07:20:20","slug":"dolce-gabbana-kommt-an-die-bahnhofstrasse","status":"publish","type":"post","link":"https:\/\/www.immobilienbusiness.ch\/fr\/regionen\/2015-07-31\/dolce-gabbana-kommt-an-die-bahnhofstrasse\/","title":{"rendered":"Dolce &amp; Gabbana arrive dans la Bahnhofstrasse."},"content":{"rendered":"<figure id=\"attachment_4559\" aria-describedby=\"caption-attachment-4559\" style=\"width: 680px\" class=\"wp-caption alignnone\"><img loading=\"lazy\" decoding=\"async\" class=\"wp-image-4559 size-medium\" src=\"https:\/\/immobilienbusiness.ch\/wp-content\/uploads\/2015\/07\/Dolce-Gabbana-kommt-an-die-Bahnhofstrasse-immobilien-business.jpg\" width=\"680\" height=\"436\" srcset=\"https:\/\/www.immobilienbusiness.ch\/wp-content\/uploads\/2015\/07\/Dolce-Gabbana-kommt-an-die-Bahnhofstrasse-immobilien-business.jpg 2560w, https:\/\/www.immobilienbusiness.ch\/wp-content\/uploads\/2015\/07\/Dolce-Gabbana-kommt-an-die-Bahnhofstrasse-immobilien-business-300x193.jpg 300w, https:\/\/www.immobilienbusiness.ch\/wp-content\/uploads\/2015\/07\/Dolce-Gabbana-kommt-an-die-Bahnhofstrasse-immobilien-business-1024x657.jpg 1024w, https:\/\/www.immobilienbusiness.ch\/wp-content\/uploads\/2015\/07\/Dolce-Gabbana-kommt-an-die-Bahnhofstrasse-immobilien-business-768x493.jpg 768w, https:\/\/www.immobilienbusiness.ch\/wp-content\/uploads\/2015\/07\/Dolce-Gabbana-kommt-an-die-Bahnhofstrasse-immobilien-business-1536x986.jpg 1536w, https:\/\/www.immobilienbusiness.ch\/wp-content\/uploads\/2015\/07\/Dolce-Gabbana-kommt-an-die-Bahnhofstrasse-immobilien-business-2048x1314.jpg 2048w, https:\/\/www.immobilienbusiness.ch\/wp-content\/uploads\/2015\/07\/Dolce-Gabbana-kommt-an-die-Bahnhofstrasse-immobilien-business-16x10.jpg 16w, https:\/\/www.immobilienbusiness.ch\/wp-content\/uploads\/2015\/07\/Dolce-Gabbana-kommt-an-die-Bahnhofstrasse-immobilien-business-273x175.jpg 273w, https:\/\/www.immobilienbusiness.ch\/wp-content\/uploads\/2015\/07\/Dolce-Gabbana-kommt-an-die-Bahnhofstrasse-immobilien-business-545x350.jpg 545w, https:\/\/www.immobilienbusiness.ch\/wp-content\/uploads\/2015\/07\/Dolce-Gabbana-kommt-an-die-Bahnhofstrasse-immobilien-business-1247x800.jpg 1247w, https:\/\/www.immobilienbusiness.ch\/wp-content\/uploads\/2015\/07\/Dolce-Gabbana-kommt-an-die-Bahnhofstrasse-immobilien-business-920x590.jpg 920w, https:\/\/www.immobilienbusiness.ch\/wp-content\/uploads\/2015\/07\/Dolce-Gabbana-kommt-an-die-Bahnhofstrasse-immobilien-business-1400x898.jpg 1400w\" sizes=\"auto, (max-width: 680px) 100vw, 680px\" \/><figcaption id=\"caption-attachment-4559\" class=\"wp-caption-text\">Rue sup\u00e9rieure de la gare (\u00a9 Wanda-Multimedia GmbH, Bruno Jakob)<\/figcaption><\/figure>\n<p>Le bureau d'architectes Sp\u00fchler Partner est responsable de la r\u00e9novation et de la transformation, le ma\u00eetre d'ouvrage est la soci\u00e9t\u00e9 PSP Properties AG. Les travaux sont en cours depuis 2013 et l'am\u00e9nagement int\u00e9rieur du magasin a \u00e9t\u00e9 publi\u00e9 au Journal officiel. La partie bureaux du b\u00e2timent devrait \u00eatre pr\u00eate \u00e0 \u00eatre occup\u00e9e d\u00e8s le mois d'octobre.<\/p>\n<p>La maison \"Gryffenberg\" a \u00e9t\u00e9 construite de 1883 \u00e0 1885 dans le style de la fin de la Renaissance allemande dans l'ancien quartier Kratz. Le ma\u00eetre d'ouvrage \u00e9tait l'entrepreneur suisse Adolf Guyer-Zeller. Apr\u00e8s sa mort en 1899, le b\u00e2timent a \u00e9t\u00e9 transform\u00e9 \u00e0 plusieurs reprises, parfois de mani\u00e8re tr\u00e8s importante. En 1951 et 1952, la fa\u00e7ade a \u00e9t\u00e9 r\u00e9nov\u00e9e et les formes d\u00e9coratives architecturales, jug\u00e9es d\u00e9su\u00e8tes, ont \u00e9t\u00e9 supprim\u00e9es. Depuis 1973, il n'y a plus eu de transformation majeure. (ah)<\/p>","protected":false},"excerpt":{"rendered":"<p>Laut mehreren Zeitungsberichten wird das italienische Luxusmodelabel Dolce &#038; Gabbana im Januar 2016 an der Z\u00fcrcher Bahnhofstrasse 10 ein Gesch\u00e4ft er\u00f6ffnen. Derzeit wird das denkmalgesch\u00fctzte Haus \u00abGryffenberg\u00bb noch renoviert, danach kann das ehemalige Wohn- und Gesch\u00e4ftshaus wieder bezogen werden. Den Medienberichten zufolge wird Dolce &#038; Gabbana vier Stockwerke belegen, in den drei dar\u00fcber liegenden Geschossen sind B\u00fcror\u00e4ume geplant.<\/p>","protected":false},"author":1,"featured_media":4559,"comment_status":"open","ping_status":"open","sticky":false,"template":"","format":"standard","meta":{"_acf_changed":false,"_yoast_wpseo_focuskw":"Bahnhofstrasse Luxus","_yoast_wpseo_title":"Bahnhofstrasse Luxus: Dolce & Gabbana er\u00f6ffnet Boutique","_yoast_wpseo_metadesc":"Das Modehaus Dolce & Gabbana kommt an die Bahnhofstrasse. Sanierung des historischen Geb\u00e4udes im Stil der Sp\u00e4trenaissance schreitet voran.","_yoast_wpseo_linkdex":48,"pgc_sgb_lightbox_settings":"","footnotes":""},"categories":[985,987],"tags":[1629,1643,1888],"class_list":["post-299","post","type-post","status-publish","format-standard","has-post-thumbnail","hentry","category-regionen","category-retail","tag-regionen","tag-retail","tag-zuerich"],"acf":[],"yoast_head":"<!-- This site is optimized with the Yoast SEO plugin v27.4 - https:\/\/yoast.com\/product\/yoast-seo-wordpress\/ -->\n<title>Bahnhofstrasse Luxus: Dolce &amp; Gabbana er\u00f6ffnet Boutique<\/title>\n<meta name=\"description\" content=\"Das Modehaus Dolce &amp; Gabbana kommt an die Bahnhofstrasse. Sanierung des historischen Geb\u00e4udes im Stil der Sp\u00e4trenaissance schreitet voran.\" \/>\n<meta name=\"robots\" content=\"index, follow, max-snippet:-1, max-image-preview:large, max-video-preview:-1\" \/>\n<link rel=\"canonical\" href=\"https:\/\/www.immobilienbusiness.ch\/fr\/regionen\/2015-07-31\/dolce-gabbana-kommt-an-die-bahnhofstrasse\/\" \/>\n<meta property=\"og:locale\" content=\"fr_FR\" \/>\n<meta property=\"og:type\" content=\"article\" \/>\n<meta property=\"og:title\" content=\"Dolce &amp; Gabbana kommt an die Bahnhofstrasse\" \/>\n<meta property=\"og:description\" content=\"Laut mehreren Zeitungsberichten wird das italienische Luxusmodelabel Dolce &amp; Gabbana im Januar 2016 an der Z\u00fcrcher Bahnhofstrasse 10 ein Gesch\u00e4ft er\u00f6ffnen. Derzeit wird das denkmalgesch\u00fctzte Haus \u00abGryffenberg\u00bb noch renoviert, danach kann das ehemalige Wohn- und Gesch\u00e4ftshaus wieder bezogen werden. Den Medienberichten zufolge wird Dolce &amp; Gabbana vier Stockwerke belegen, in den drei dar\u00fcber liegenden Geschossen sind B\u00fcror\u00e4ume geplant.\" \/>\n<meta property=\"og:url\" content=\"https:\/\/www.immobilienbusiness.ch\/fr\/regionen\/2015-07-31\/dolce-gabbana-kommt-an-die-bahnhofstrasse\/\" \/>\n<meta property=\"og:site_name\" content=\"IMMOBILIEN Business\" \/>\n<meta property=\"article:publisher\" content=\"https:\/\/www.facebook.com\/immobilienbusiness\/\" \/>\n<meta property=\"article:published_time\" content=\"2015-07-31T07:20:20+00:00\" \/>\n<meta name=\"author\" content=\"Redaktion\" \/>\n<meta name=\"twitter:card\" content=\"summary_large_image\" \/>\n<meta name=\"twitter:image\" content=\"https:\/\/www.immobilienbusiness.ch\/wp-content\/uploads\/2015\/07\/Dolce-Gabbana-kommt-an-die-Bahnhofstrasse-immobilien-business.jpg\" \/>\n<script type=\"application\/ld+json\" class=\"yoast-schema-graph\">{\"@context\":\"https:\\\/\\\/schema.org\",\"@graph\":[{\"@type\":\"Article\",\"@id\":\"https:\\\/\\\/www.immobilienbusiness.ch\\\/regionen\\\/2015-07-31\\\/dolce-gabbana-kommt-an-die-bahnhofstrasse\\\/#article\",\"isPartOf\":{\"@id\":\"https:\\\/\\\/www.immobilienbusiness.ch\\\/regionen\\\/2015-07-31\\\/dolce-gabbana-kommt-an-die-bahnhofstrasse\\\/\"},\"author\":{\"name\":\"Redaktion\",\"@id\":\"https:\\\/\\\/www.immobilienbusiness.ch\\\/#\\\/schema\\\/person\\\/aa2bace6c5c5aad60102004a50c4eb1c\"},\"headline\":\"Dolce &#038; Gabbana kommt an die Bahnhofstrasse\",\"datePublished\":\"2015-07-31T07:20:20+00:00\",\"mainEntityOfPage\":{\"@id\":\"https:\\\/\\\/www.immobilienbusiness.ch\\\/regionen\\\/2015-07-31\\\/dolce-gabbana-kommt-an-die-bahnhofstrasse\\\/\"},\"wordCount\":128,\"commentCount\":0,\"publisher\":{\"@id\":\"https:\\\/\\\/www.immobilienbusiness.ch\\\/#organization\"},\"image\":{\"@id\":\"https:\\\/\\\/www.immobilienbusiness.ch\\\/regionen\\\/2015-07-31\\\/dolce-gabbana-kommt-an-die-bahnhofstrasse\\\/#primaryimage\"},\"thumbnailUrl\":\"https:\\\/\\\/www.immobilienbusiness.ch\\\/wp-content\\\/uploads\\\/2015\\\/07\\\/Dolce-Gabbana-kommt-an-die-Bahnhofstrasse-immobilien-business.jpg\",\"keywords\":[\"Regionen\",\"Retail\",\"Z\u00fcrich\"],\"articleSection\":[\"REGIONEN\",\"RETAIL\"],\"inLanguage\":\"fr-FR\"},{\"@type\":\"WebPage\",\"@id\":\"https:\\\/\\\/www.immobilienbusiness.ch\\\/regionen\\\/2015-07-31\\\/dolce-gabbana-kommt-an-die-bahnhofstrasse\\\/\",\"url\":\"https:\\\/\\\/www.immobilienbusiness.ch\\\/regionen\\\/2015-07-31\\\/dolce-gabbana-kommt-an-die-bahnhofstrasse\\\/\",\"name\":\"Bahnhofstrasse Luxus: Dolce & Gabbana er\u00f6ffnet Boutique\",\"isPartOf\":{\"@id\":\"https:\\\/\\\/www.immobilienbusiness.ch\\\/#website\"},\"primaryImageOfPage\":{\"@id\":\"https:\\\/\\\/www.immobilienbusiness.ch\\\/regionen\\\/2015-07-31\\\/dolce-gabbana-kommt-an-die-bahnhofstrasse\\\/#primaryimage\"},\"image\":{\"@id\":\"https:\\\/\\\/www.immobilienbusiness.ch\\\/regionen\\\/2015-07-31\\\/dolce-gabbana-kommt-an-die-bahnhofstrasse\\\/#primaryimage\"},\"thumbnailUrl\":\"https:\\\/\\\/www.immobilienbusiness.ch\\\/wp-content\\\/uploads\\\/2015\\\/07\\\/Dolce-Gabbana-kommt-an-die-Bahnhofstrasse-immobilien-business.jpg\",\"datePublished\":\"2015-07-31T07:20:20+00:00\",\"description\":\"Das Modehaus Dolce & Gabbana kommt an die Bahnhofstrasse. Sanierung des historischen Geb\u00e4udes im Stil der Sp\u00e4trenaissance schreitet voran.\",\"breadcrumb\":{\"@id\":\"https:\\\/\\\/www.immobilienbusiness.ch\\\/regionen\\\/2015-07-31\\\/dolce-gabbana-kommt-an-die-bahnhofstrasse\\\/#breadcrumb\"},\"inLanguage\":\"fr-FR\",\"potentialAction\":[{\"@type\":\"ReadAction\",\"target\":[\"https:\\\/\\\/www.immobilienbusiness.ch\\\/regionen\\\/2015-07-31\\\/dolce-gabbana-kommt-an-die-bahnhofstrasse\\\/\"]}]},{\"@type\":\"ImageObject\",\"inLanguage\":\"fr-FR\",\"@id\":\"https:\\\/\\\/www.immobilienbusiness.ch\\\/regionen\\\/2015-07-31\\\/dolce-gabbana-kommt-an-die-bahnhofstrasse\\\/#primaryimage\",\"url\":\"https:\\\/\\\/www.immobilienbusiness.ch\\\/wp-content\\\/uploads\\\/2015\\\/07\\\/Dolce-Gabbana-kommt-an-die-Bahnhofstrasse-immobilien-business.jpg\",\"contentUrl\":\"https:\\\/\\\/www.immobilienbusiness.ch\\\/wp-content\\\/uploads\\\/2015\\\/07\\\/Dolce-Gabbana-kommt-an-die-Bahnhofstrasse-immobilien-business.jpg\",\"width\":2560,\"height\":1643,\"caption\":\"Obere Bahnhofstrasse (\u00a9 Wanda-Multimedia GmbH, Bruno Jakob)\"},{\"@type\":\"BreadcrumbList\",\"@id\":\"https:\\\/\\\/www.immobilienbusiness.ch\\\/regionen\\\/2015-07-31\\\/dolce-gabbana-kommt-an-die-bahnhofstrasse\\\/#breadcrumb\",\"itemListElement\":[{\"@type\":\"ListItem\",\"position\":1,\"name\":\"Home\",\"item\":\"https:\\\/\\\/www.immobilienbusiness.ch\\\/\"},{\"@type\":\"ListItem\",\"position\":2,\"name\":\"Dolce &#038; Gabbana kommt an die Bahnhofstrasse\"}]},{\"@type\":\"WebSite\",\"@id\":\"https:\\\/\\\/www.immobilienbusiness.ch\\\/#website\",\"url\":\"https:\\\/\\\/www.immobilienbusiness.ch\\\/\",\"name\":\"IMMOBILIEN Business\",\"description\":\"Unabh\u00e4ngiges Schweizer Wirtschaftsmagazin mit Fokus auf Immobilien, Architektur- und Bau sowie Investment- und Finanzierung.\",\"publisher\":{\"@id\":\"https:\\\/\\\/www.immobilienbusiness.ch\\\/#organization\"},\"potentialAction\":[{\"@type\":\"SearchAction\",\"target\":{\"@type\":\"EntryPoint\",\"urlTemplate\":\"https:\\\/\\\/www.immobilienbusiness.ch\\\/?s={search_term_string}\"},\"query-input\":{\"@type\":\"PropertyValueSpecification\",\"valueRequired\":true,\"valueName\":\"search_term_string\"}}],\"inLanguage\":\"fr-FR\"},{\"@type\":\"Organization\",\"@id\":\"https:\\\/\\\/www.immobilienbusiness.ch\\\/#organization\",\"name\":\"IMMOBILIEN Business\",\"url\":\"https:\\\/\\\/www.immobilienbusiness.ch\\\/\",\"logo\":{\"@type\":\"ImageObject\",\"inLanguage\":\"fr-FR\",\"@id\":\"https:\\\/\\\/www.immobilienbusiness.ch\\\/#\\\/schema\\\/logo\\\/image\\\/\",\"url\":\"https:\\\/\\\/www.immobilienbusiness.ch\\\/wp-content\\\/uploads\\\/2021\\\/07\\\/logo_ib.png\",\"contentUrl\":\"https:\\\/\\\/www.immobilienbusiness.ch\\\/wp-content\\\/uploads\\\/2021\\\/07\\\/logo_ib.png\",\"width\":800,\"height\":181,\"caption\":\"IMMOBILIEN Business\"},\"image\":{\"@id\":\"https:\\\/\\\/www.immobilienbusiness.ch\\\/#\\\/schema\\\/logo\\\/image\\\/\"},\"sameAs\":[\"https:\\\/\\\/www.facebook.com\\\/immobilienbusiness\\\/\"]},{\"@type\":\"Person\",\"@id\":\"https:\\\/\\\/www.immobilienbusiness.ch\\\/#\\\/schema\\\/person\\\/aa2bace6c5c5aad60102004a50c4eb1c\",\"name\":\"Redaktion\",\"image\":{\"@type\":\"ImageObject\",\"inLanguage\":\"fr-FR\",\"@id\":\"https:\\\/\\\/secure.gravatar.com\\\/avatar\\\/ae2f4d718e6c49043e314ce431e7e645d646302a24a5ef5a8bc8e3f5a032e319?s=96&d=mm&r=g\",\"url\":\"https:\\\/\\\/secure.gravatar.com\\\/avatar\\\/ae2f4d718e6c49043e314ce431e7e645d646302a24a5ef5a8bc8e3f5a032e319?s=96&d=mm&r=g\",\"contentUrl\":\"https:\\\/\\\/secure.gravatar.com\\\/avatar\\\/ae2f4d718e6c49043e314ce431e7e645d646302a24a5ef5a8bc8e3f5a032e319?s=96&d=mm&r=g\",\"caption\":\"Redaktion\"},\"sameAs\":[\"http:\\\/\\\/develop.organisator.galledia.ch\"],\"url\":\"https:\\\/\\\/www.immobilienbusiness.ch\\\/fr\\\/author\\\/admin\\\/\"}]}<\/script>\n<!-- \/ Yoast SEO plugin. -->","yoast_head_json":{"title":"Bahnhofstrasse Luxus: Dolce & Gabbana er\u00f6ffnet Boutique","description":"Das Modehaus Dolce & Gabbana kommt an die Bahnhofstrasse. Sanierung des historischen Geb\u00e4udes im Stil der Sp\u00e4trenaissance schreitet voran.","robots":{"index":"index","follow":"follow","max-snippet":"max-snippet:-1","max-image-preview":"max-image-preview:large","max-video-preview":"max-video-preview:-1"},"canonical":"https:\/\/www.immobilienbusiness.ch\/fr\/regionen\/2015-07-31\/dolce-gabbana-kommt-an-die-bahnhofstrasse\/","og_locale":"fr_FR","og_type":"article","og_title":"Dolce & Gabbana kommt an die Bahnhofstrasse","og_description":"Laut mehreren Zeitungsberichten wird das italienische Luxusmodelabel Dolce & Gabbana im Januar 2016 an der Z\u00fcrcher Bahnhofstrasse 10 ein Gesch\u00e4ft er\u00f6ffnen. Derzeit wird das denkmalgesch\u00fctzte Haus \u00abGryffenberg\u00bb noch renoviert, danach kann das ehemalige Wohn- und Gesch\u00e4ftshaus wieder bezogen werden. Den Medienberichten zufolge wird Dolce & Gabbana vier Stockwerke belegen, in den drei dar\u00fcber liegenden Geschossen sind B\u00fcror\u00e4ume geplant.","og_url":"https:\/\/www.immobilienbusiness.ch\/fr\/regionen\/2015-07-31\/dolce-gabbana-kommt-an-die-bahnhofstrasse\/","og_site_name":"IMMOBILIEN Business","article_publisher":"https:\/\/www.facebook.com\/immobilienbusiness\/","article_published_time":"2015-07-31T07:20:20+00:00","author":"Redaktion","twitter_card":"summary_large_image","twitter_image":"https:\/\/www.immobilienbusiness.ch\/wp-content\/uploads\/2015\/07\/Dolce-Gabbana-kommt-an-die-Bahnhofstrasse-immobilien-business.jpg","schema":{"@context":"https:\/\/schema.org","@graph":[{"@type":"Article","@id":"https:\/\/www.immobilienbusiness.ch\/regionen\/2015-07-31\/dolce-gabbana-kommt-an-die-bahnhofstrasse\/#article","isPartOf":{"@id":"https:\/\/www.immobilienbusiness.ch\/regionen\/2015-07-31\/dolce-gabbana-kommt-an-die-bahnhofstrasse\/"},"author":{"name":"Redaktion","@id":"https:\/\/www.immobilienbusiness.ch\/#\/schema\/person\/aa2bace6c5c5aad60102004a50c4eb1c"},"headline":"Dolce &#038; Gabbana kommt an die Bahnhofstrasse","datePublished":"2015-07-31T07:20:20+00:00","mainEntityOfPage":{"@id":"https:\/\/www.immobilienbusiness.ch\/regionen\/2015-07-31\/dolce-gabbana-kommt-an-die-bahnhofstrasse\/"},"wordCount":128,"commentCount":0,"publisher":{"@id":"https:\/\/www.immobilienbusiness.ch\/#organization"},"image":{"@id":"https:\/\/www.immobilienbusiness.ch\/regionen\/2015-07-31\/dolce-gabbana-kommt-an-die-bahnhofstrasse\/#primaryimage"},"thumbnailUrl":"https:\/\/www.immobilienbusiness.ch\/wp-content\/uploads\/2015\/07\/Dolce-Gabbana-kommt-an-die-Bahnhofstrasse-immobilien-business.jpg","keywords":["Regionen","Retail","Z\u00fcrich"],"articleSection":["REGIONEN","RETAIL"],"inLanguage":"fr-FR"},{"@type":"WebPage","@id":"https:\/\/www.immobilienbusiness.ch\/regionen\/2015-07-31\/dolce-gabbana-kommt-an-die-bahnhofstrasse\/","url":"https:\/\/www.immobilienbusiness.ch\/regionen\/2015-07-31\/dolce-gabbana-kommt-an-die-bahnhofstrasse\/","name":"Bahnhofstrasse Luxus: Dolce & Gabbana er\u00f6ffnet Boutique","isPartOf":{"@id":"https:\/\/www.immobilienbusiness.ch\/#website"},"primaryImageOfPage":{"@id":"https:\/\/www.immobilienbusiness.ch\/regionen\/2015-07-31\/dolce-gabbana-kommt-an-die-bahnhofstrasse\/#primaryimage"},"image":{"@id":"https:\/\/www.immobilienbusiness.ch\/regionen\/2015-07-31\/dolce-gabbana-kommt-an-die-bahnhofstrasse\/#primaryimage"},"thumbnailUrl":"https:\/\/www.immobilienbusiness.ch\/wp-content\/uploads\/2015\/07\/Dolce-Gabbana-kommt-an-die-Bahnhofstrasse-immobilien-business.jpg","datePublished":"2015-07-31T07:20:20+00:00","description":"Das Modehaus Dolce & Gabbana kommt an die Bahnhofstrasse. Sanierung des historischen Geb\u00e4udes im Stil der Sp\u00e4trenaissance schreitet voran.","breadcrumb":{"@id":"https:\/\/www.immobilienbusiness.ch\/regionen\/2015-07-31\/dolce-gabbana-kommt-an-die-bahnhofstrasse\/#breadcrumb"},"inLanguage":"fr-FR","potentialAction":[{"@type":"ReadAction","target":["https:\/\/www.immobilienbusiness.ch\/regionen\/2015-07-31\/dolce-gabbana-kommt-an-die-bahnhofstrasse\/"]}]},{"@type":"ImageObject","inLanguage":"fr-FR","@id":"https:\/\/www.immobilienbusiness.ch\/regionen\/2015-07-31\/dolce-gabbana-kommt-an-die-bahnhofstrasse\/#primaryimage","url":"https:\/\/www.immobilienbusiness.ch\/wp-content\/uploads\/2015\/07\/Dolce-Gabbana-kommt-an-die-Bahnhofstrasse-immobilien-business.jpg","contentUrl":"https:\/\/www.immobilienbusiness.ch\/wp-content\/uploads\/2015\/07\/Dolce-Gabbana-kommt-an-die-Bahnhofstrasse-immobilien-business.jpg","width":2560,"height":1643,"caption":"Obere Bahnhofstrasse (\u00a9 Wanda-Multimedia GmbH, Bruno Jakob)"},{"@type":"BreadcrumbList","@id":"https:\/\/www.immobilienbusiness.ch\/regionen\/2015-07-31\/dolce-gabbana-kommt-an-die-bahnhofstrasse\/#breadcrumb","itemListElement":[{"@type":"ListItem","position":1,"name":"Home","item":"https:\/\/www.immobilienbusiness.ch\/"},{"@type":"ListItem","position":2,"name":"Dolce &#038; Gabbana kommt an die Bahnhofstrasse"}]},{"@type":"WebSite","@id":"https:\/\/www.immobilienbusiness.ch\/#website","url":"https:\/\/www.immobilienbusiness.ch\/","name":"IMMOBILIER Business","description":"Magazine \u00e9conomique suisse ind\u00e9pendant ax\u00e9 sur l'immobilier, l'architecture et la construction ainsi que sur les investissements et le financement.","publisher":{"@id":"https:\/\/www.immobilienbusiness.ch\/#organization"},"potentialAction":[{"@type":"SearchAction","target":{"@type":"EntryPoint","urlTemplate":"https:\/\/www.immobilienbusiness.ch\/?s={search_term_string}"},"query-input":{"@type":"PropertyValueSpecification","valueRequired":true,"valueName":"search_term_string"}}],"inLanguage":"fr-FR"},{"@type":"Organization","@id":"https:\/\/www.immobilienbusiness.ch\/#organization","name":"IMMOBILIER Business","url":"https:\/\/www.immobilienbusiness.ch\/","logo":{"@type":"ImageObject","inLanguage":"fr-FR","@id":"https:\/\/www.immobilienbusiness.ch\/#\/schema\/logo\/image\/","url":"https:\/\/www.immobilienbusiness.ch\/wp-content\/uploads\/2021\/07\/logo_ib.png","contentUrl":"https:\/\/www.immobilienbusiness.ch\/wp-content\/uploads\/2021\/07\/logo_ib.png","width":800,"height":181,"caption":"IMMOBILIEN Business"},"image":{"@id":"https:\/\/www.immobilienbusiness.ch\/#\/schema\/logo\/image\/"},"sameAs":["https:\/\/www.facebook.com\/immobilienbusiness\/"]},{"@type":"Person","@id":"https:\/\/www.immobilienbusiness.ch\/#\/schema\/person\/aa2bace6c5c5aad60102004a50c4eb1c","name":"Editorial","image":{"@type":"ImageObject","inLanguage":"fr-FR","@id":"https:\/\/secure.gravatar.com\/avatar\/ae2f4d718e6c49043e314ce431e7e645d646302a24a5ef5a8bc8e3f5a032e319?s=96&d=mm&r=g","url":"https:\/\/secure.gravatar.com\/avatar\/ae2f4d718e6c49043e314ce431e7e645d646302a24a5ef5a8bc8e3f5a032e319?s=96&d=mm&r=g","contentUrl":"https:\/\/secure.gravatar.com\/avatar\/ae2f4d718e6c49043e314ce431e7e645d646302a24a5ef5a8bc8e3f5a032e319?s=96&d=mm&r=g","caption":"Redaktion"},"sameAs":["http:\/\/develop.organisator.galledia.ch"],"url":"https:\/\/www.immobilienbusiness.ch\/fr\/author\/admin\/"}]}},"_links":{"self":[{"href":"https:\/\/www.immobilienbusiness.ch\/fr\/wp-json\/wp\/v2\/posts\/299","targetHints":{"allow":["GET"]}}],"collection":[{"href":"https:\/\/www.immobilienbusiness.ch\/fr\/wp-json\/wp\/v2\/posts"}],"about":[{"href":"https:\/\/www.immobilienbusiness.ch\/fr\/wp-json\/wp\/v2\/types\/post"}],"author":[{"embeddable":true,"href":"https:\/\/www.immobilienbusiness.ch\/fr\/wp-json\/wp\/v2\/users\/1"}],"replies":[{"embeddable":true,"href":"https:\/\/www.immobilienbusiness.ch\/fr\/wp-json\/wp\/v2\/comments?post=299"}],"version-history":[{"count":0,"href":"https:\/\/www.immobilienbusiness.ch\/fr\/wp-json\/wp\/v2\/posts\/299\/revisions"}],"wp:featuredmedia":[{"embeddable":true,"href":"https:\/\/www.immobilienbusiness.ch\/fr\/wp-json\/wp\/v2\/media\/4559"}],"wp:attachment":[{"href":"https:\/\/www.immobilienbusiness.ch\/fr\/wp-json\/wp\/v2\/media?parent=299"}],"wp:term":[{"taxonomy":"category","embeddable":true,"href":"https:\/\/www.immobilienbusiness.ch\/fr\/wp-json\/wp\/v2\/categories?post=299"},{"taxonomy":"post_tag","embeddable":true,"href":"https:\/\/www.immobilienbusiness.ch\/fr\/wp-json\/wp\/v2\/tags?post=299"}],"curies":[{"name":"wp","href":"https:\/\/api.w.org\/{rel}","templated":true}]}}