{"id":2987,"date":"2016-04-28T08:52:06","date_gmt":"2016-04-28T06:52:06","guid":{"rendered":"http:\/\/dev.immobilienbusiness.ch\/?p=2987"},"modified":"2016-04-28T08:52:06","modified_gmt":"2016-04-28T06:52:06","slug":"bfw-liegenschaften-kurzfristiger-rueckzug-eines-neuen-verwaltungsrats","status":"publish","type":"post","link":"https:\/\/www.immobilienbusiness.ch\/fr\/allgemein\/2016-04-28\/bfw-liegenschaften-kurzfristiger-rueckzug-eines-neuen-verwaltungsrats\/","title":{"rendered":"bfw liegenschaften : Retrait \u00e0 court terme d'un nouveau conseil d'administration"},"content":{"rendered":"<figure id=\"attachment_2988\" aria-describedby=\"caption-attachment-2988\" style=\"width: 680px\" class=\"wp-caption alignnone\"><img loading=\"lazy\" decoding=\"async\" class=\"size-medium wp-image-2988\" src=\"https:\/\/immobilienbusiness.ch\/wp-content\/uploads\/2016\/12\/bfw-liegenschaften-Kurzfristiger-R\u00fcckzug-eines-neuen-Verwaltungsrats-immobilien-business.jpg\" alt=\"Serge Aerne zieht nicht wie geplant in den Verwaltungsrat von BFW Liegenschaften ein (Foto: Pixabay)\" width=\"680\" height=\"455\" \/><figcaption id=\"caption-attachment-2988\" class=\"wp-caption-text\">Serge Aerne n'entre pas comme pr\u00e9vu au conseil d'administration de BFW Liegenschaften (Photo : Pixabay)<\/figcaption><\/figure>\n<p>L'assembl\u00e9e g\u00e9n\u00e9rale de bfw liegenschaften AG du 27 avril 2016 a donc r\u00e9\u00e9lu Hans J\u00f6rg Brun, Beat Frischknecht et Andr\u00e9 Robert Spathelf comme membres du conseil d'administration pour un mandat d'un an. Spathelf reste par ailleurs pr\u00e9sident du conseil d'administration de l'entreprise. (ah)<\/p>","protected":false},"excerpt":{"rendered":"<p>Serge Aerne n'a pas rejoint le conseil d'administration de bfw liegenschaften comme pr\u00e9vu. Le jour de l'assembl\u00e9e g\u00e9n\u00e9rale, le Chief Marketing Officer de BFW a, selon les informations de l'entreprise, inform\u00e9 le conseil d'administration qu'il souhaitait se concentrer sur ses fonctions op\u00e9rationnelles au sein de bfw liegenschaften et du groupe Admicasa.<\/p>","protected":false},"author":1,"featured_media":2988,"comment_status":"open","ping_status":"open","sticky":false,"template":"","format":"standard","meta":{"_acf_changed":false,"_yoast_wpseo_focuskw":"bfw liegenschaften","_yoast_wpseo_title":"bfw liegenschaften: Verwaltungsratsr\u00fcckzug und Neuwahlen","_yoast_wpseo_metadesc":"Die Generalversammlung von bfw liegenschaften best\u00e4tigt das Management nach unerwartetem Verwaltungsratsr\u00fcckzug. Entscheidung f\u00fcr ein Jahr best\u00e4tigt die F\u00fchrung.","_yoast_wpseo_linkdex":55,"pgc_sgb_lightbox_settings":"","footnotes":""},"categories":[1],"tags":[1564],"class_list":["post-2987","post","type-post","status-publish","format-standard","has-post-thumbnail","hentry","category-allgemein","tag-personalien"],"acf":[],"yoast_head":"<!-- This site is optimized with the Yoast SEO plugin v27.5 - https:\/\/yoast.com\/product\/yoast-seo-wordpress\/ -->\n<title>bfw liegenschaften: Verwaltungsratsr\u00fcckzug und Neuwahlen<\/title>\n<meta name=\"description\" content=\"Die Generalversammlung von bfw liegenschaften best\u00e4tigt das Management nach unerwartetem Verwaltungsratsr\u00fcckzug. Entscheidung f\u00fcr ein Jahr best\u00e4tigt die F\u00fchrung.\" \/>\n<meta name=\"robots\" content=\"index, follow, max-snippet:-1, max-image-preview:large, max-video-preview:-1\" \/>\n<link rel=\"canonical\" href=\"https:\/\/www.immobilienbusiness.ch\/fr\/allgemein\/2016-04-28\/bfw-liegenschaften-kurzfristiger-rueckzug-eines-neuen-verwaltungsrats\/\" \/>\n<meta property=\"og:locale\" content=\"fr_FR\" \/>\n<meta property=\"og:type\" content=\"article\" \/>\n<meta property=\"og:title\" content=\"bfw liegenschaften: Kurzfristiger R\u00fcckzug eines neuen Verwaltungsrats\" \/>\n<meta property=\"og:description\" content=\"Serge Aerne ist nicht wie geplant in den Verwaltungsrat der bfw liegenschaften eingezogen. Am Tag der Generalversammlung hat der Chief Marketing Officer der BFW laut Unternehmensangaben den Verwaltungsrat dar\u00fcber informiert, dass er sich auf seine operativen Funktionen bei der bfw liegenschaften und bei der Admicasa-Gruppe konzentrieren wolle.\" \/>\n<meta property=\"og:url\" content=\"https:\/\/www.immobilienbusiness.ch\/fr\/allgemein\/2016-04-28\/bfw-liegenschaften-kurzfristiger-rueckzug-eines-neuen-verwaltungsrats\/\" \/>\n<meta property=\"og:site_name\" content=\"IMMOBILIEN Business\" \/>\n<meta property=\"article:publisher\" content=\"https:\/\/www.facebook.com\/immobilienbusiness\/\" \/>\n<meta property=\"article:published_time\" content=\"2016-04-28T06:52:06+00:00\" \/>\n<meta name=\"author\" content=\"Redaktion\" \/>\n<meta name=\"twitter:card\" content=\"summary_large_image\" \/>\n<meta name=\"twitter:image\" content=\"https:\/\/www.immobilienbusiness.ch\/wp-content\/uploads\/2016\/12\/bfw-liegenschaften-Kurzfristiger-Rueckzug-eines-neuen-Verwaltungsrats-immobilien-business.jpg\" \/>\n<script type=\"application\/ld+json\" class=\"yoast-schema-graph\">{\"@context\":\"https:\\\/\\\/schema.org\",\"@graph\":[{\"@type\":\"Article\",\"@id\":\"https:\\\/\\\/www.immobilienbusiness.ch\\\/allgemein\\\/2016-04-28\\\/bfw-liegenschaften-kurzfristiger-rueckzug-eines-neuen-verwaltungsrats\\\/#article\",\"isPartOf\":{\"@id\":\"https:\\\/\\\/www.immobilienbusiness.ch\\\/allgemein\\\/2016-04-28\\\/bfw-liegenschaften-kurzfristiger-rueckzug-eines-neuen-verwaltungsrats\\\/\"},\"author\":{\"name\":\"Redaktion\",\"@id\":\"https:\\\/\\\/www.immobilienbusiness.ch\\\/#\\\/schema\\\/person\\\/aa2bace6c5c5aad60102004a50c4eb1c\"},\"headline\":\"bfw liegenschaften: Kurzfristiger R\u00fcckzug eines neuen Verwaltungsrats\",\"datePublished\":\"2016-04-28T06:52:06+00:00\",\"mainEntityOfPage\":{\"@id\":\"https:\\\/\\\/www.immobilienbusiness.ch\\\/allgemein\\\/2016-04-28\\\/bfw-liegenschaften-kurzfristiger-rueckzug-eines-neuen-verwaltungsrats\\\/\"},\"wordCount\":71,\"commentCount\":0,\"publisher\":{\"@id\":\"https:\\\/\\\/www.immobilienbusiness.ch\\\/#organization\"},\"image\":{\"@id\":\"https:\\\/\\\/www.immobilienbusiness.ch\\\/allgemein\\\/2016-04-28\\\/bfw-liegenschaften-kurzfristiger-rueckzug-eines-neuen-verwaltungsrats\\\/#primaryimage\"},\"thumbnailUrl\":\"https:\\\/\\\/www.immobilienbusiness.ch\\\/wp-content\\\/uploads\\\/2016\\\/12\\\/bfw-liegenschaften-Kurzfristiger-Rueckzug-eines-neuen-Verwaltungsrats-immobilien-business.jpg\",\"keywords\":[\"Personalien\"],\"articleSection\":[\"Allgemein\"],\"inLanguage\":\"fr-FR\"},{\"@type\":\"WebPage\",\"@id\":\"https:\\\/\\\/www.immobilienbusiness.ch\\\/allgemein\\\/2016-04-28\\\/bfw-liegenschaften-kurzfristiger-rueckzug-eines-neuen-verwaltungsrats\\\/\",\"url\":\"https:\\\/\\\/www.immobilienbusiness.ch\\\/allgemein\\\/2016-04-28\\\/bfw-liegenschaften-kurzfristiger-rueckzug-eines-neuen-verwaltungsrats\\\/\",\"name\":\"bfw liegenschaften: Verwaltungsratsr\u00fcckzug und Neuwahlen\",\"isPartOf\":{\"@id\":\"https:\\\/\\\/www.immobilienbusiness.ch\\\/#website\"},\"primaryImageOfPage\":{\"@id\":\"https:\\\/\\\/www.immobilienbusiness.ch\\\/allgemein\\\/2016-04-28\\\/bfw-liegenschaften-kurzfristiger-rueckzug-eines-neuen-verwaltungsrats\\\/#primaryimage\"},\"image\":{\"@id\":\"https:\\\/\\\/www.immobilienbusiness.ch\\\/allgemein\\\/2016-04-28\\\/bfw-liegenschaften-kurzfristiger-rueckzug-eines-neuen-verwaltungsrats\\\/#primaryimage\"},\"thumbnailUrl\":\"https:\\\/\\\/www.immobilienbusiness.ch\\\/wp-content\\\/uploads\\\/2016\\\/12\\\/bfw-liegenschaften-Kurzfristiger-Rueckzug-eines-neuen-Verwaltungsrats-immobilien-business.jpg\",\"datePublished\":\"2016-04-28T06:52:06+00:00\",\"description\":\"Die Generalversammlung von bfw liegenschaften best\u00e4tigt das Management nach unerwartetem Verwaltungsratsr\u00fcckzug. Entscheidung f\u00fcr ein Jahr best\u00e4tigt die F\u00fchrung.\",\"breadcrumb\":{\"@id\":\"https:\\\/\\\/www.immobilienbusiness.ch\\\/allgemein\\\/2016-04-28\\\/bfw-liegenschaften-kurzfristiger-rueckzug-eines-neuen-verwaltungsrats\\\/#breadcrumb\"},\"inLanguage\":\"fr-FR\",\"potentialAction\":[{\"@type\":\"ReadAction\",\"target\":[\"https:\\\/\\\/www.immobilienbusiness.ch\\\/allgemein\\\/2016-04-28\\\/bfw-liegenschaften-kurzfristiger-rueckzug-eines-neuen-verwaltungsrats\\\/\"]}]},{\"@type\":\"ImageObject\",\"inLanguage\":\"fr-FR\",\"@id\":\"https:\\\/\\\/www.immobilienbusiness.ch\\\/allgemein\\\/2016-04-28\\\/bfw-liegenschaften-kurzfristiger-rueckzug-eines-neuen-verwaltungsrats\\\/#primaryimage\",\"url\":\"https:\\\/\\\/www.immobilienbusiness.ch\\\/wp-content\\\/uploads\\\/2016\\\/12\\\/bfw-liegenschaften-Kurzfristiger-Rueckzug-eines-neuen-Verwaltungsrats-immobilien-business.jpg\",\"contentUrl\":\"https:\\\/\\\/www.immobilienbusiness.ch\\\/wp-content\\\/uploads\\\/2016\\\/12\\\/bfw-liegenschaften-Kurzfristiger-Rueckzug-eines-neuen-Verwaltungsrats-immobilien-business.jpg\",\"width\":1280,\"height\":856,\"caption\":\"Serge Aerne zieht nicht wie geplant in den Verwaltungsrat von BFW Liegenschaften ein (Foto: Pixabay)\"},{\"@type\":\"BreadcrumbList\",\"@id\":\"https:\\\/\\\/www.immobilienbusiness.ch\\\/allgemein\\\/2016-04-28\\\/bfw-liegenschaften-kurzfristiger-rueckzug-eines-neuen-verwaltungsrats\\\/#breadcrumb\",\"itemListElement\":[{\"@type\":\"ListItem\",\"position\":1,\"name\":\"Home\",\"item\":\"https:\\\/\\\/www.immobilienbusiness.ch\\\/\"},{\"@type\":\"ListItem\",\"position\":2,\"name\":\"bfw liegenschaften: Kurzfristiger R\u00fcckzug eines neuen Verwaltungsrats\"}]},{\"@type\":\"WebSite\",\"@id\":\"https:\\\/\\\/www.immobilienbusiness.ch\\\/#website\",\"url\":\"https:\\\/\\\/www.immobilienbusiness.ch\\\/\",\"name\":\"IMMOBILIEN Business\",\"description\":\"Unabh\u00e4ngiges Schweizer Wirtschaftsmagazin mit Fokus auf Immobilien, Architektur- und Bau sowie Investment- und Finanzierung.\",\"publisher\":{\"@id\":\"https:\\\/\\\/www.immobilienbusiness.ch\\\/#organization\"},\"potentialAction\":[{\"@type\":\"SearchAction\",\"target\":{\"@type\":\"EntryPoint\",\"urlTemplate\":\"https:\\\/\\\/www.immobilienbusiness.ch\\\/?s={search_term_string}\"},\"query-input\":{\"@type\":\"PropertyValueSpecification\",\"valueRequired\":true,\"valueName\":\"search_term_string\"}}],\"inLanguage\":\"fr-FR\"},{\"@type\":\"Organization\",\"@id\":\"https:\\\/\\\/www.immobilienbusiness.ch\\\/#organization\",\"name\":\"IMMOBILIEN Business\",\"url\":\"https:\\\/\\\/www.immobilienbusiness.ch\\\/\",\"logo\":{\"@type\":\"ImageObject\",\"inLanguage\":\"fr-FR\",\"@id\":\"https:\\\/\\\/www.immobilienbusiness.ch\\\/#\\\/schema\\\/logo\\\/image\\\/\",\"url\":\"https:\\\/\\\/www.immobilienbusiness.ch\\\/wp-content\\\/uploads\\\/2021\\\/07\\\/logo_ib.png\",\"contentUrl\":\"https:\\\/\\\/www.immobilienbusiness.ch\\\/wp-content\\\/uploads\\\/2021\\\/07\\\/logo_ib.png\",\"width\":800,\"height\":181,\"caption\":\"IMMOBILIEN Business\"},\"image\":{\"@id\":\"https:\\\/\\\/www.immobilienbusiness.ch\\\/#\\\/schema\\\/logo\\\/image\\\/\"},\"sameAs\":[\"https:\\\/\\\/www.facebook.com\\\/immobilienbusiness\\\/\"]},{\"@type\":\"Person\",\"@id\":\"https:\\\/\\\/www.immobilienbusiness.ch\\\/#\\\/schema\\\/person\\\/aa2bace6c5c5aad60102004a50c4eb1c\",\"name\":\"Redaktion\",\"image\":{\"@type\":\"ImageObject\",\"inLanguage\":\"fr-FR\",\"@id\":\"https:\\\/\\\/secure.gravatar.com\\\/avatar\\\/ae2f4d718e6c49043e314ce431e7e645d646302a24a5ef5a8bc8e3f5a032e319?s=96&d=mm&r=g\",\"url\":\"https:\\\/\\\/secure.gravatar.com\\\/avatar\\\/ae2f4d718e6c49043e314ce431e7e645d646302a24a5ef5a8bc8e3f5a032e319?s=96&d=mm&r=g\",\"contentUrl\":\"https:\\\/\\\/secure.gravatar.com\\\/avatar\\\/ae2f4d718e6c49043e314ce431e7e645d646302a24a5ef5a8bc8e3f5a032e319?s=96&d=mm&r=g\",\"caption\":\"Redaktion\"},\"sameAs\":[\"http:\\\/\\\/develop.organisator.galledia.ch\"],\"url\":\"https:\\\/\\\/www.immobilienbusiness.ch\\\/fr\\\/author\\\/admin\\\/\"}]}<\/script>\n<!-- \/ Yoast SEO plugin. -->","yoast_head_json":{"title":"bfw liegenschaften: Verwaltungsratsr\u00fcckzug und Neuwahlen","description":"Die Generalversammlung von bfw liegenschaften best\u00e4tigt das Management nach unerwartetem Verwaltungsratsr\u00fcckzug. Entscheidung f\u00fcr ein Jahr best\u00e4tigt die F\u00fchrung.","robots":{"index":"index","follow":"follow","max-snippet":"max-snippet:-1","max-image-preview":"max-image-preview:large","max-video-preview":"max-video-preview:-1"},"canonical":"https:\/\/www.immobilienbusiness.ch\/fr\/allgemein\/2016-04-28\/bfw-liegenschaften-kurzfristiger-rueckzug-eines-neuen-verwaltungsrats\/","og_locale":"fr_FR","og_type":"article","og_title":"bfw liegenschaften: Kurzfristiger R\u00fcckzug eines neuen Verwaltungsrats","og_description":"Serge Aerne ist nicht wie geplant in den Verwaltungsrat der bfw liegenschaften eingezogen. Am Tag der Generalversammlung hat der Chief Marketing Officer der BFW laut Unternehmensangaben den Verwaltungsrat dar\u00fcber informiert, dass er sich auf seine operativen Funktionen bei der bfw liegenschaften und bei der Admicasa-Gruppe konzentrieren wolle.","og_url":"https:\/\/www.immobilienbusiness.ch\/fr\/allgemein\/2016-04-28\/bfw-liegenschaften-kurzfristiger-rueckzug-eines-neuen-verwaltungsrats\/","og_site_name":"IMMOBILIEN Business","article_publisher":"https:\/\/www.facebook.com\/immobilienbusiness\/","article_published_time":"2016-04-28T06:52:06+00:00","author":"Redaktion","twitter_card":"summary_large_image","twitter_image":"https:\/\/www.immobilienbusiness.ch\/wp-content\/uploads\/2016\/12\/bfw-liegenschaften-Kurzfristiger-Rueckzug-eines-neuen-Verwaltungsrats-immobilien-business.jpg","schema":{"@context":"https:\/\/schema.org","@graph":[{"@type":"Article","@id":"https:\/\/www.immobilienbusiness.ch\/allgemein\/2016-04-28\/bfw-liegenschaften-kurzfristiger-rueckzug-eines-neuen-verwaltungsrats\/#article","isPartOf":{"@id":"https:\/\/www.immobilienbusiness.ch\/allgemein\/2016-04-28\/bfw-liegenschaften-kurzfristiger-rueckzug-eines-neuen-verwaltungsrats\/"},"author":{"name":"Redaktion","@id":"https:\/\/www.immobilienbusiness.ch\/#\/schema\/person\/aa2bace6c5c5aad60102004a50c4eb1c"},"headline":"bfw liegenschaften: Kurzfristiger R\u00fcckzug eines neuen Verwaltungsrats","datePublished":"2016-04-28T06:52:06+00:00","mainEntityOfPage":{"@id":"https:\/\/www.immobilienbusiness.ch\/allgemein\/2016-04-28\/bfw-liegenschaften-kurzfristiger-rueckzug-eines-neuen-verwaltungsrats\/"},"wordCount":71,"commentCount":0,"publisher":{"@id":"https:\/\/www.immobilienbusiness.ch\/#organization"},"image":{"@id":"https:\/\/www.immobilienbusiness.ch\/allgemein\/2016-04-28\/bfw-liegenschaften-kurzfristiger-rueckzug-eines-neuen-verwaltungsrats\/#primaryimage"},"thumbnailUrl":"https:\/\/www.immobilienbusiness.ch\/wp-content\/uploads\/2016\/12\/bfw-liegenschaften-Kurzfristiger-Rueckzug-eines-neuen-Verwaltungsrats-immobilien-business.jpg","keywords":["Personalien"],"articleSection":["Allgemein"],"inLanguage":"fr-FR"},{"@type":"WebPage","@id":"https:\/\/www.immobilienbusiness.ch\/allgemein\/2016-04-28\/bfw-liegenschaften-kurzfristiger-rueckzug-eines-neuen-verwaltungsrats\/","url":"https:\/\/www.immobilienbusiness.ch\/allgemein\/2016-04-28\/bfw-liegenschaften-kurzfristiger-rueckzug-eines-neuen-verwaltungsrats\/","name":"bfw liegenschaften: Verwaltungsratsr\u00fcckzug und Neuwahlen","isPartOf":{"@id":"https:\/\/www.immobilienbusiness.ch\/#website"},"primaryImageOfPage":{"@id":"https:\/\/www.immobilienbusiness.ch\/allgemein\/2016-04-28\/bfw-liegenschaften-kurzfristiger-rueckzug-eines-neuen-verwaltungsrats\/#primaryimage"},"image":{"@id":"https:\/\/www.immobilienbusiness.ch\/allgemein\/2016-04-28\/bfw-liegenschaften-kurzfristiger-rueckzug-eines-neuen-verwaltungsrats\/#primaryimage"},"thumbnailUrl":"https:\/\/www.immobilienbusiness.ch\/wp-content\/uploads\/2016\/12\/bfw-liegenschaften-Kurzfristiger-Rueckzug-eines-neuen-Verwaltungsrats-immobilien-business.jpg","datePublished":"2016-04-28T06:52:06+00:00","description":"Die Generalversammlung von bfw liegenschaften best\u00e4tigt das Management nach unerwartetem Verwaltungsratsr\u00fcckzug. Entscheidung f\u00fcr ein Jahr best\u00e4tigt die F\u00fchrung.","breadcrumb":{"@id":"https:\/\/www.immobilienbusiness.ch\/allgemein\/2016-04-28\/bfw-liegenschaften-kurzfristiger-rueckzug-eines-neuen-verwaltungsrats\/#breadcrumb"},"inLanguage":"fr-FR","potentialAction":[{"@type":"ReadAction","target":["https:\/\/www.immobilienbusiness.ch\/allgemein\/2016-04-28\/bfw-liegenschaften-kurzfristiger-rueckzug-eines-neuen-verwaltungsrats\/"]}]},{"@type":"ImageObject","inLanguage":"fr-FR","@id":"https:\/\/www.immobilienbusiness.ch\/allgemein\/2016-04-28\/bfw-liegenschaften-kurzfristiger-rueckzug-eines-neuen-verwaltungsrats\/#primaryimage","url":"https:\/\/www.immobilienbusiness.ch\/wp-content\/uploads\/2016\/12\/bfw-liegenschaften-Kurzfristiger-Rueckzug-eines-neuen-Verwaltungsrats-immobilien-business.jpg","contentUrl":"https:\/\/www.immobilienbusiness.ch\/wp-content\/uploads\/2016\/12\/bfw-liegenschaften-Kurzfristiger-Rueckzug-eines-neuen-Verwaltungsrats-immobilien-business.jpg","width":1280,"height":856,"caption":"Serge Aerne zieht nicht wie geplant in den Verwaltungsrat von BFW Liegenschaften ein (Foto: Pixabay)"},{"@type":"BreadcrumbList","@id":"https:\/\/www.immobilienbusiness.ch\/allgemein\/2016-04-28\/bfw-liegenschaften-kurzfristiger-rueckzug-eines-neuen-verwaltungsrats\/#breadcrumb","itemListElement":[{"@type":"ListItem","position":1,"name":"Home","item":"https:\/\/www.immobilienbusiness.ch\/"},{"@type":"ListItem","position":2,"name":"bfw liegenschaften: Kurzfristiger R\u00fcckzug eines neuen Verwaltungsrats"}]},{"@type":"WebSite","@id":"https:\/\/www.immobilienbusiness.ch\/#website","url":"https:\/\/www.immobilienbusiness.ch\/","name":"IMMOBILIER Business","description":"Magazine \u00e9conomique suisse ind\u00e9pendant ax\u00e9 sur l'immobilier, l'architecture et la construction ainsi que sur les investissements et le financement.","publisher":{"@id":"https:\/\/www.immobilienbusiness.ch\/#organization"},"potentialAction":[{"@type":"SearchAction","target":{"@type":"EntryPoint","urlTemplate":"https:\/\/www.immobilienbusiness.ch\/?s={search_term_string}"},"query-input":{"@type":"PropertyValueSpecification","valueRequired":true,"valueName":"search_term_string"}}],"inLanguage":"fr-FR"},{"@type":"Organization","@id":"https:\/\/www.immobilienbusiness.ch\/#organization","name":"IMMOBILIER Business","url":"https:\/\/www.immobilienbusiness.ch\/","logo":{"@type":"ImageObject","inLanguage":"fr-FR","@id":"https:\/\/www.immobilienbusiness.ch\/#\/schema\/logo\/image\/","url":"https:\/\/www.immobilienbusiness.ch\/wp-content\/uploads\/2021\/07\/logo_ib.png","contentUrl":"https:\/\/www.immobilienbusiness.ch\/wp-content\/uploads\/2021\/07\/logo_ib.png","width":800,"height":181,"caption":"IMMOBILIEN Business"},"image":{"@id":"https:\/\/www.immobilienbusiness.ch\/#\/schema\/logo\/image\/"},"sameAs":["https:\/\/www.facebook.com\/immobilienbusiness\/"]},{"@type":"Person","@id":"https:\/\/www.immobilienbusiness.ch\/#\/schema\/person\/aa2bace6c5c5aad60102004a50c4eb1c","name":"Editorial","image":{"@type":"ImageObject","inLanguage":"fr-FR","@id":"https:\/\/secure.gravatar.com\/avatar\/ae2f4d718e6c49043e314ce431e7e645d646302a24a5ef5a8bc8e3f5a032e319?s=96&d=mm&r=g","url":"https:\/\/secure.gravatar.com\/avatar\/ae2f4d718e6c49043e314ce431e7e645d646302a24a5ef5a8bc8e3f5a032e319?s=96&d=mm&r=g","contentUrl":"https:\/\/secure.gravatar.com\/avatar\/ae2f4d718e6c49043e314ce431e7e645d646302a24a5ef5a8bc8e3f5a032e319?s=96&d=mm&r=g","caption":"Redaktion"},"sameAs":["http:\/\/develop.organisator.galledia.ch"],"url":"https:\/\/www.immobilienbusiness.ch\/fr\/author\/admin\/"}]}},"_links":{"self":[{"href":"https:\/\/www.immobilienbusiness.ch\/fr\/wp-json\/wp\/v2\/posts\/2987","targetHints":{"allow":["GET"]}}],"collection":[{"href":"https:\/\/www.immobilienbusiness.ch\/fr\/wp-json\/wp\/v2\/posts"}],"about":[{"href":"https:\/\/www.immobilienbusiness.ch\/fr\/wp-json\/wp\/v2\/types\/post"}],"author":[{"embeddable":true,"href":"https:\/\/www.immobilienbusiness.ch\/fr\/wp-json\/wp\/v2\/users\/1"}],"replies":[{"embeddable":true,"href":"https:\/\/www.immobilienbusiness.ch\/fr\/wp-json\/wp\/v2\/comments?post=2987"}],"version-history":[{"count":0,"href":"https:\/\/www.immobilienbusiness.ch\/fr\/wp-json\/wp\/v2\/posts\/2987\/revisions"}],"wp:featuredmedia":[{"embeddable":true,"href":"https:\/\/www.immobilienbusiness.ch\/fr\/wp-json\/wp\/v2\/media\/2988"}],"wp:attachment":[{"href":"https:\/\/www.immobilienbusiness.ch\/fr\/wp-json\/wp\/v2\/media?parent=2987"}],"wp:term":[{"taxonomy":"category","embeddable":true,"href":"https:\/\/www.immobilienbusiness.ch\/fr\/wp-json\/wp\/v2\/categories?post=2987"},{"taxonomy":"post_tag","embeddable":true,"href":"https:\/\/www.immobilienbusiness.ch\/fr\/wp-json\/wp\/v2\/tags?post=2987"}],"curies":[{"name":"wp","href":"https:\/\/api.w.org\/{rel}","templated":true}]}}