{"id":2950,"date":"2016-04-24T09:08:42","date_gmt":"2016-04-24T07:08:42","guid":{"rendered":"http:\/\/dev.immobilienbusiness.ch\/?p=2950"},"modified":"2016-04-24T09:08:42","modified_gmt":"2016-04-24T07:08:42","slug":"basel-rheinufer-promenade-ist-eroeffnet","status":"publish","type":"post","link":"https:\/\/www.immobilienbusiness.ch\/fr\/allgemein\/2016-04-24\/basel-rheinufer-promenade-ist-eroeffnet\/","title":{"rendered":"B\u00e2le : la promenade au bord du Rhin est ouverte"},"content":{"rendered":"<figure id=\"attachment_2951\" aria-describedby=\"caption-attachment-2951\" style=\"width: 621px\" class=\"wp-caption alignnone\"><img loading=\"lazy\" decoding=\"async\" class=\"size-full wp-image-2951\" src=\"https:\/\/immobilienbusiness.ch\/wp-content\/uploads\/2016\/12\/Basel-Rheinufer-Promenade-ist-er\u00f6ffnet-immobilien-business.jpg\" alt=\"Der neue, grenz\u00fcberschreitende Rheinuferweg in Basel (Visualisierung: \u00a9Hager Partner AG)\" width=\"621\" height=\"369\" \/><figcaption id=\"caption-attachment-2951\" class=\"wp-caption-text\">Le nouveau sentier transfrontalier sur les rives du Rhin \u00e0 B\u00e2le (Visualisation : \u00a9Hager Partner AG)<\/figcaption><\/figure>\n<p>Du c\u00f4t\u00e9 suisse, l'Els\u00e4sserrheinweg est divis\u00e9 en plusieurs niveaux et terrasses entre le Dreirosenbr\u00fccke et la fronti\u00e8re nationale. Des murs en pierre calcaire couvrent la diff\u00e9rence de hauteur pouvant atteindre douze m\u00e8tres entre le Rhin et le campus Novartis. Des escaliers et des rampes permettent aux promeneurs de passer d'un niveau \u00e0 l'autre.<\/p>\n<p>Le chemin sup\u00e9rieur, prot\u00e9g\u00e9 contre les crues, est pr\u00e9vu pour les cyclistes. Sur le chemin inf\u00e9rieur se trouvent quatre nouvelles sorties pour les nageurs du Rhin ainsi que quatre douches. Pr\u00e8s du pont Dreirosenbr\u00fccke, des \"judas arch\u00e9ologiques\" situ\u00e9s sur le chemin de promenade permettent de voir les vestiges de la colonie celtique de B\u00e2le-Gasfabrik, qui se trouvait ici 100 ans avant J\u00e9sus-Christ. L'architecture paysag\u00e8re a \u00e9t\u00e9 r\u00e9alis\u00e9e par Hager Partner de Zurich, et la planification technique par Staubli Kurath Partner, \u00e9galement de Zurich.<\/p>\n<p>Le restaurant Lokami, qui fait partie du campus Novartis, s'ouvre sur la promenade du Rhin, sur une place en gravier avec une gastronomie de boulevard et est accessible \u00e0 la population. Lakomi a \u00e9t\u00e9 cr\u00e9\u00e9 d'apr\u00e8s les plans des architectes b\u00e2lois Herzog &amp; de Meuron.<\/p>\n<p><strong>R\u00e9compens\u00e9 par le label \"IBA Basel 2020<\/strong><\/p>\n<p>Le label \"IBA Basel 2020\" a \u00e9t\u00e9 attribu\u00e9 au sentier transfrontalier des berges du Rhin, car le projet se distingue \"par sa capacit\u00e9 \u00e0 relier les hommes et les espaces au niveau r\u00e9gional, par un processus de travail transfrontalier et par la grande motivation des porteurs du projet\", \u00e9crit le canton de B\u00e2le-Ville dans un communiqu\u00e9.<\/p>\n<p>La construction du sentier des berges du Rhin a co\u00fbt\u00e9 27 millions de francs suisses du c\u00f4t\u00e9 suisse. Le chemin des rives du Rhin a \u00e9t\u00e9 rendu possible gr\u00e2ce \u00e0 un accord conclu en 2005 entre le canton de B\u00e2le-Ville et Novartis. A l'exception des voies de communication avec le Rhin et du chemin le long du Rhin, Novartis a achet\u00e9 au canton la plus grande partie de l'ancien port rh\u00e9nan de St. Johann ainsi que d'autres terrains directement li\u00e9s au campus Novartis. Le port rh\u00e9nan de St. Johann a ensuite \u00e9t\u00e9 d\u00e9moli et le campus Novartis agrandi. (ah)<\/p>","protected":false},"excerpt":{"rendered":"<p>Le sentier transfrontalier des berges du Rhin, du pont Dreirosen \u00e0 B\u00e2le jusqu'au pont des trois pays \u00e0 Huningue et Weil am Rhein, est ouvert au public depuis le 23 avril 2016.<\/p>","protected":false},"author":1,"featured_media":2951,"comment_status":"open","ping_status":"open","sticky":false,"template":"","format":"standard","meta":{"_acf_changed":false,"_yoast_wpseo_focuskw":"Rheinufer","_yoast_wpseo_title":"","_yoast_wpseo_metadesc":"Der grenz\u00fcberschreitende Rheinufer-Weg von der Dreirosenbr\u00fccke in Basel bis zur Dreil\u00e4nderbr\u00fccke in Huningue und Weil am Rhein ist seit dem 23. April 2016 \u00f6ffentlich zug\u00e4nglich.","_yoast_wpseo_linkdex":74,"pgc_sgb_lightbox_settings":"","footnotes":""},"categories":[1],"tags":[1365],"class_list":["post-2950","post","type-post","status-publish","format-standard","has-post-thumbnail","hentry","category-allgemein","tag-infrastruktur"],"acf":[],"yoast_head":"<!-- This site is optimized with the Yoast SEO plugin v27.4 - https:\/\/yoast.com\/product\/yoast-seo-wordpress\/ -->\n<title>Basel: Rheinufer-Promenade ist er\u00f6ffnet - IMMOBILIEN Business<\/title>\n<meta name=\"description\" content=\"Der grenz\u00fcberschreitende Rheinufer-Weg von der Dreirosenbr\u00fccke in Basel bis zur Dreil\u00e4nderbr\u00fccke in Huningue und Weil am Rhein ist seit dem 23. April 2016 \u00f6ffentlich zug\u00e4nglich.\" \/>\n<meta name=\"robots\" content=\"index, follow, max-snippet:-1, max-image-preview:large, max-video-preview:-1\" \/>\n<link rel=\"canonical\" href=\"https:\/\/www.immobilienbusiness.ch\/fr\/allgemein\/2016-04-24\/basel-rheinufer-promenade-ist-eroeffnet\/\" \/>\n<meta property=\"og:locale\" content=\"fr_FR\" \/>\n<meta property=\"og:type\" content=\"article\" \/>\n<meta property=\"og:title\" content=\"Basel: Rheinufer-Promenade ist er\u00f6ffnet\" \/>\n<meta property=\"og:description\" content=\"Der grenz\u00fcberschreitende Rheinuferweg von der Dreirosenbr\u00fccke in Basel bis zur Dreil\u00e4nderbr\u00fccke in Huningue und Weil am Rhein ist seit dem 23. April 2016 \u00f6ffentlich zug\u00e4nglich.\" \/>\n<meta property=\"og:url\" content=\"https:\/\/www.immobilienbusiness.ch\/fr\/allgemein\/2016-04-24\/basel-rheinufer-promenade-ist-eroeffnet\/\" \/>\n<meta property=\"og:site_name\" content=\"IMMOBILIEN Business\" \/>\n<meta property=\"article:publisher\" content=\"https:\/\/www.facebook.com\/immobilienbusiness\/\" \/>\n<meta property=\"article:published_time\" content=\"2016-04-24T07:08:42+00:00\" \/>\n<meta name=\"author\" content=\"Redaktion\" \/>\n<meta name=\"twitter:card\" content=\"summary_large_image\" \/>\n<meta name=\"twitter:image\" content=\"https:\/\/www.immobilienbusiness.ch\/wp-content\/uploads\/2016\/12\/Basel-Rheinufer-Promenade-ist-eroeffnet-immobilien-business.jpg\" \/>\n<script type=\"application\/ld+json\" class=\"yoast-schema-graph\">{\"@context\":\"https:\\\/\\\/schema.org\",\"@graph\":[{\"@type\":\"Article\",\"@id\":\"https:\\\/\\\/www.immobilienbusiness.ch\\\/allgemein\\\/2016-04-24\\\/basel-rheinufer-promenade-ist-eroeffnet\\\/#article\",\"isPartOf\":{\"@id\":\"https:\\\/\\\/www.immobilienbusiness.ch\\\/allgemein\\\/2016-04-24\\\/basel-rheinufer-promenade-ist-eroeffnet\\\/\"},\"author\":{\"name\":\"Redaktion\",\"@id\":\"https:\\\/\\\/www.immobilienbusiness.ch\\\/#\\\/schema\\\/person\\\/aa2bace6c5c5aad60102004a50c4eb1c\"},\"headline\":\"Basel: Rheinufer-Promenade ist er\u00f6ffnet\",\"datePublished\":\"2016-04-24T07:08:42+00:00\",\"mainEntityOfPage\":{\"@id\":\"https:\\\/\\\/www.immobilienbusiness.ch\\\/allgemein\\\/2016-04-24\\\/basel-rheinufer-promenade-ist-eroeffnet\\\/\"},\"wordCount\":313,\"commentCount\":0,\"publisher\":{\"@id\":\"https:\\\/\\\/www.immobilienbusiness.ch\\\/#organization\"},\"image\":{\"@id\":\"https:\\\/\\\/www.immobilienbusiness.ch\\\/allgemein\\\/2016-04-24\\\/basel-rheinufer-promenade-ist-eroeffnet\\\/#primaryimage\"},\"thumbnailUrl\":\"https:\\\/\\\/www.immobilienbusiness.ch\\\/wp-content\\\/uploads\\\/2016\\\/12\\\/Basel-Rheinufer-Promenade-ist-eroeffnet-immobilien-business.jpg\",\"keywords\":[\"Infrastruktur\"],\"articleSection\":[\"Allgemein\"],\"inLanguage\":\"fr-FR\"},{\"@type\":\"WebPage\",\"@id\":\"https:\\\/\\\/www.immobilienbusiness.ch\\\/allgemein\\\/2016-04-24\\\/basel-rheinufer-promenade-ist-eroeffnet\\\/\",\"url\":\"https:\\\/\\\/www.immobilienbusiness.ch\\\/allgemein\\\/2016-04-24\\\/basel-rheinufer-promenade-ist-eroeffnet\\\/\",\"name\":\"Basel: Rheinufer-Promenade ist er\u00f6ffnet - IMMOBILIEN Business\",\"isPartOf\":{\"@id\":\"https:\\\/\\\/www.immobilienbusiness.ch\\\/#website\"},\"primaryImageOfPage\":{\"@id\":\"https:\\\/\\\/www.immobilienbusiness.ch\\\/allgemein\\\/2016-04-24\\\/basel-rheinufer-promenade-ist-eroeffnet\\\/#primaryimage\"},\"image\":{\"@id\":\"https:\\\/\\\/www.immobilienbusiness.ch\\\/allgemein\\\/2016-04-24\\\/basel-rheinufer-promenade-ist-eroeffnet\\\/#primaryimage\"},\"thumbnailUrl\":\"https:\\\/\\\/www.immobilienbusiness.ch\\\/wp-content\\\/uploads\\\/2016\\\/12\\\/Basel-Rheinufer-Promenade-ist-eroeffnet-immobilien-business.jpg\",\"datePublished\":\"2016-04-24T07:08:42+00:00\",\"description\":\"Der grenz\u00fcberschreitende Rheinufer-Weg von der Dreirosenbr\u00fccke in Basel bis zur Dreil\u00e4nderbr\u00fccke in Huningue und Weil am Rhein ist seit dem 23. April 2016 \u00f6ffentlich zug\u00e4nglich.\",\"breadcrumb\":{\"@id\":\"https:\\\/\\\/www.immobilienbusiness.ch\\\/allgemein\\\/2016-04-24\\\/basel-rheinufer-promenade-ist-eroeffnet\\\/#breadcrumb\"},\"inLanguage\":\"fr-FR\",\"potentialAction\":[{\"@type\":\"ReadAction\",\"target\":[\"https:\\\/\\\/www.immobilienbusiness.ch\\\/allgemein\\\/2016-04-24\\\/basel-rheinufer-promenade-ist-eroeffnet\\\/\"]}]},{\"@type\":\"ImageObject\",\"inLanguage\":\"fr-FR\",\"@id\":\"https:\\\/\\\/www.immobilienbusiness.ch\\\/allgemein\\\/2016-04-24\\\/basel-rheinufer-promenade-ist-eroeffnet\\\/#primaryimage\",\"url\":\"https:\\\/\\\/www.immobilienbusiness.ch\\\/wp-content\\\/uploads\\\/2016\\\/12\\\/Basel-Rheinufer-Promenade-ist-eroeffnet-immobilien-business.jpg\",\"contentUrl\":\"https:\\\/\\\/www.immobilienbusiness.ch\\\/wp-content\\\/uploads\\\/2016\\\/12\\\/Basel-Rheinufer-Promenade-ist-eroeffnet-immobilien-business.jpg\",\"width\":621,\"height\":369,\"caption\":\"Der neue, grenz\u00fcberschreitende Rheinuferweg in Basel (Visualisierung: \u00a9Hager Partner AG)\"},{\"@type\":\"BreadcrumbList\",\"@id\":\"https:\\\/\\\/www.immobilienbusiness.ch\\\/allgemein\\\/2016-04-24\\\/basel-rheinufer-promenade-ist-eroeffnet\\\/#breadcrumb\",\"itemListElement\":[{\"@type\":\"ListItem\",\"position\":1,\"name\":\"Home\",\"item\":\"https:\\\/\\\/www.immobilienbusiness.ch\\\/\"},{\"@type\":\"ListItem\",\"position\":2,\"name\":\"Basel: Rheinufer-Promenade ist er\u00f6ffnet\"}]},{\"@type\":\"WebSite\",\"@id\":\"https:\\\/\\\/www.immobilienbusiness.ch\\\/#website\",\"url\":\"https:\\\/\\\/www.immobilienbusiness.ch\\\/\",\"name\":\"IMMOBILIEN Business\",\"description\":\"Unabh\u00e4ngiges Schweizer Wirtschaftsmagazin mit Fokus auf Immobilien, Architektur- und Bau sowie Investment- und Finanzierung.\",\"publisher\":{\"@id\":\"https:\\\/\\\/www.immobilienbusiness.ch\\\/#organization\"},\"potentialAction\":[{\"@type\":\"SearchAction\",\"target\":{\"@type\":\"EntryPoint\",\"urlTemplate\":\"https:\\\/\\\/www.immobilienbusiness.ch\\\/?s={search_term_string}\"},\"query-input\":{\"@type\":\"PropertyValueSpecification\",\"valueRequired\":true,\"valueName\":\"search_term_string\"}}],\"inLanguage\":\"fr-FR\"},{\"@type\":\"Organization\",\"@id\":\"https:\\\/\\\/www.immobilienbusiness.ch\\\/#organization\",\"name\":\"IMMOBILIEN Business\",\"url\":\"https:\\\/\\\/www.immobilienbusiness.ch\\\/\",\"logo\":{\"@type\":\"ImageObject\",\"inLanguage\":\"fr-FR\",\"@id\":\"https:\\\/\\\/www.immobilienbusiness.ch\\\/#\\\/schema\\\/logo\\\/image\\\/\",\"url\":\"https:\\\/\\\/www.immobilienbusiness.ch\\\/wp-content\\\/uploads\\\/2021\\\/07\\\/logo_ib.png\",\"contentUrl\":\"https:\\\/\\\/www.immobilienbusiness.ch\\\/wp-content\\\/uploads\\\/2021\\\/07\\\/logo_ib.png\",\"width\":800,\"height\":181,\"caption\":\"IMMOBILIEN Business\"},\"image\":{\"@id\":\"https:\\\/\\\/www.immobilienbusiness.ch\\\/#\\\/schema\\\/logo\\\/image\\\/\"},\"sameAs\":[\"https:\\\/\\\/www.facebook.com\\\/immobilienbusiness\\\/\"]},{\"@type\":\"Person\",\"@id\":\"https:\\\/\\\/www.immobilienbusiness.ch\\\/#\\\/schema\\\/person\\\/aa2bace6c5c5aad60102004a50c4eb1c\",\"name\":\"Redaktion\",\"image\":{\"@type\":\"ImageObject\",\"inLanguage\":\"fr-FR\",\"@id\":\"https:\\\/\\\/secure.gravatar.com\\\/avatar\\\/ae2f4d718e6c49043e314ce431e7e645d646302a24a5ef5a8bc8e3f5a032e319?s=96&d=mm&r=g\",\"url\":\"https:\\\/\\\/secure.gravatar.com\\\/avatar\\\/ae2f4d718e6c49043e314ce431e7e645d646302a24a5ef5a8bc8e3f5a032e319?s=96&d=mm&r=g\",\"contentUrl\":\"https:\\\/\\\/secure.gravatar.com\\\/avatar\\\/ae2f4d718e6c49043e314ce431e7e645d646302a24a5ef5a8bc8e3f5a032e319?s=96&d=mm&r=g\",\"caption\":\"Redaktion\"},\"sameAs\":[\"http:\\\/\\\/develop.organisator.galledia.ch\"],\"url\":\"https:\\\/\\\/www.immobilienbusiness.ch\\\/fr\\\/author\\\/admin\\\/\"}]}<\/script>\n<!-- \/ Yoast SEO plugin. -->","yoast_head_json":{"title":"B\u00e2le : la promenade au bord du Rhin est ouverte - IMMOBILIER Business","description":"Le sentier transfrontalier des berges du Rhin, qui relie le pont Dreirosen \u00e0 B\u00e2le au pont des trois pays \u00e0 Huningue et Weil am Rhein, est ouvert au public depuis le 23 avril 2016.","robots":{"index":"index","follow":"follow","max-snippet":"max-snippet:-1","max-image-preview":"max-image-preview:large","max-video-preview":"max-video-preview:-1"},"canonical":"https:\/\/www.immobilienbusiness.ch\/fr\/allgemein\/2016-04-24\/basel-rheinufer-promenade-ist-eroeffnet\/","og_locale":"fr_FR","og_type":"article","og_title":"Basel: Rheinufer-Promenade ist er\u00f6ffnet","og_description":"Der grenz\u00fcberschreitende Rheinuferweg von der Dreirosenbr\u00fccke in Basel bis zur Dreil\u00e4nderbr\u00fccke in Huningue und Weil am Rhein ist seit dem 23. April 2016 \u00f6ffentlich zug\u00e4nglich.","og_url":"https:\/\/www.immobilienbusiness.ch\/fr\/allgemein\/2016-04-24\/basel-rheinufer-promenade-ist-eroeffnet\/","og_site_name":"IMMOBILIEN Business","article_publisher":"https:\/\/www.facebook.com\/immobilienbusiness\/","article_published_time":"2016-04-24T07:08:42+00:00","author":"Redaktion","twitter_card":"summary_large_image","twitter_image":"https:\/\/www.immobilienbusiness.ch\/wp-content\/uploads\/2016\/12\/Basel-Rheinufer-Promenade-ist-eroeffnet-immobilien-business.jpg","schema":{"@context":"https:\/\/schema.org","@graph":[{"@type":"Article","@id":"https:\/\/www.immobilienbusiness.ch\/allgemein\/2016-04-24\/basel-rheinufer-promenade-ist-eroeffnet\/#article","isPartOf":{"@id":"https:\/\/www.immobilienbusiness.ch\/allgemein\/2016-04-24\/basel-rheinufer-promenade-ist-eroeffnet\/"},"author":{"name":"Redaktion","@id":"https:\/\/www.immobilienbusiness.ch\/#\/schema\/person\/aa2bace6c5c5aad60102004a50c4eb1c"},"headline":"Basel: Rheinufer-Promenade ist er\u00f6ffnet","datePublished":"2016-04-24T07:08:42+00:00","mainEntityOfPage":{"@id":"https:\/\/www.immobilienbusiness.ch\/allgemein\/2016-04-24\/basel-rheinufer-promenade-ist-eroeffnet\/"},"wordCount":313,"commentCount":0,"publisher":{"@id":"https:\/\/www.immobilienbusiness.ch\/#organization"},"image":{"@id":"https:\/\/www.immobilienbusiness.ch\/allgemein\/2016-04-24\/basel-rheinufer-promenade-ist-eroeffnet\/#primaryimage"},"thumbnailUrl":"https:\/\/www.immobilienbusiness.ch\/wp-content\/uploads\/2016\/12\/Basel-Rheinufer-Promenade-ist-eroeffnet-immobilien-business.jpg","keywords":["Infrastruktur"],"articleSection":["Allgemein"],"inLanguage":"fr-FR"},{"@type":"WebPage","@id":"https:\/\/www.immobilienbusiness.ch\/allgemein\/2016-04-24\/basel-rheinufer-promenade-ist-eroeffnet\/","url":"https:\/\/www.immobilienbusiness.ch\/allgemein\/2016-04-24\/basel-rheinufer-promenade-ist-eroeffnet\/","name":"B\u00e2le : la promenade au bord du Rhin est ouverte - IMMOBILIER Business","isPartOf":{"@id":"https:\/\/www.immobilienbusiness.ch\/#website"},"primaryImageOfPage":{"@id":"https:\/\/www.immobilienbusiness.ch\/allgemein\/2016-04-24\/basel-rheinufer-promenade-ist-eroeffnet\/#primaryimage"},"image":{"@id":"https:\/\/www.immobilienbusiness.ch\/allgemein\/2016-04-24\/basel-rheinufer-promenade-ist-eroeffnet\/#primaryimage"},"thumbnailUrl":"https:\/\/www.immobilienbusiness.ch\/wp-content\/uploads\/2016\/12\/Basel-Rheinufer-Promenade-ist-eroeffnet-immobilien-business.jpg","datePublished":"2016-04-24T07:08:42+00:00","description":"Le sentier transfrontalier des berges du Rhin, qui relie le pont Dreirosen \u00e0 B\u00e2le au pont des trois pays \u00e0 Huningue et Weil am Rhein, est ouvert au public depuis le 23 avril 2016.","breadcrumb":{"@id":"https:\/\/www.immobilienbusiness.ch\/allgemein\/2016-04-24\/basel-rheinufer-promenade-ist-eroeffnet\/#breadcrumb"},"inLanguage":"fr-FR","potentialAction":[{"@type":"ReadAction","target":["https:\/\/www.immobilienbusiness.ch\/allgemein\/2016-04-24\/basel-rheinufer-promenade-ist-eroeffnet\/"]}]},{"@type":"ImageObject","inLanguage":"fr-FR","@id":"https:\/\/www.immobilienbusiness.ch\/allgemein\/2016-04-24\/basel-rheinufer-promenade-ist-eroeffnet\/#primaryimage","url":"https:\/\/www.immobilienbusiness.ch\/wp-content\/uploads\/2016\/12\/Basel-Rheinufer-Promenade-ist-eroeffnet-immobilien-business.jpg","contentUrl":"https:\/\/www.immobilienbusiness.ch\/wp-content\/uploads\/2016\/12\/Basel-Rheinufer-Promenade-ist-eroeffnet-immobilien-business.jpg","width":621,"height":369,"caption":"Der neue, grenz\u00fcberschreitende Rheinuferweg in Basel (Visualisierung: \u00a9Hager Partner AG)"},{"@type":"BreadcrumbList","@id":"https:\/\/www.immobilienbusiness.ch\/allgemein\/2016-04-24\/basel-rheinufer-promenade-ist-eroeffnet\/#breadcrumb","itemListElement":[{"@type":"ListItem","position":1,"name":"Home","item":"https:\/\/www.immobilienbusiness.ch\/"},{"@type":"ListItem","position":2,"name":"Basel: Rheinufer-Promenade ist er\u00f6ffnet"}]},{"@type":"WebSite","@id":"https:\/\/www.immobilienbusiness.ch\/#website","url":"https:\/\/www.immobilienbusiness.ch\/","name":"IMMOBILIER Business","description":"Magazine \u00e9conomique suisse ind\u00e9pendant ax\u00e9 sur l'immobilier, l'architecture et la construction ainsi que sur les investissements et le financement.","publisher":{"@id":"https:\/\/www.immobilienbusiness.ch\/#organization"},"potentialAction":[{"@type":"SearchAction","target":{"@type":"EntryPoint","urlTemplate":"https:\/\/www.immobilienbusiness.ch\/?s={search_term_string}"},"query-input":{"@type":"PropertyValueSpecification","valueRequired":true,"valueName":"search_term_string"}}],"inLanguage":"fr-FR"},{"@type":"Organization","@id":"https:\/\/www.immobilienbusiness.ch\/#organization","name":"IMMOBILIER Business","url":"https:\/\/www.immobilienbusiness.ch\/","logo":{"@type":"ImageObject","inLanguage":"fr-FR","@id":"https:\/\/www.immobilienbusiness.ch\/#\/schema\/logo\/image\/","url":"https:\/\/www.immobilienbusiness.ch\/wp-content\/uploads\/2021\/07\/logo_ib.png","contentUrl":"https:\/\/www.immobilienbusiness.ch\/wp-content\/uploads\/2021\/07\/logo_ib.png","width":800,"height":181,"caption":"IMMOBILIEN Business"},"image":{"@id":"https:\/\/www.immobilienbusiness.ch\/#\/schema\/logo\/image\/"},"sameAs":["https:\/\/www.facebook.com\/immobilienbusiness\/"]},{"@type":"Person","@id":"https:\/\/www.immobilienbusiness.ch\/#\/schema\/person\/aa2bace6c5c5aad60102004a50c4eb1c","name":"Editorial","image":{"@type":"ImageObject","inLanguage":"fr-FR","@id":"https:\/\/secure.gravatar.com\/avatar\/ae2f4d718e6c49043e314ce431e7e645d646302a24a5ef5a8bc8e3f5a032e319?s=96&d=mm&r=g","url":"https:\/\/secure.gravatar.com\/avatar\/ae2f4d718e6c49043e314ce431e7e645d646302a24a5ef5a8bc8e3f5a032e319?s=96&d=mm&r=g","contentUrl":"https:\/\/secure.gravatar.com\/avatar\/ae2f4d718e6c49043e314ce431e7e645d646302a24a5ef5a8bc8e3f5a032e319?s=96&d=mm&r=g","caption":"Redaktion"},"sameAs":["http:\/\/develop.organisator.galledia.ch"],"url":"https:\/\/www.immobilienbusiness.ch\/fr\/author\/admin\/"}]}},"_links":{"self":[{"href":"https:\/\/www.immobilienbusiness.ch\/fr\/wp-json\/wp\/v2\/posts\/2950","targetHints":{"allow":["GET"]}}],"collection":[{"href":"https:\/\/www.immobilienbusiness.ch\/fr\/wp-json\/wp\/v2\/posts"}],"about":[{"href":"https:\/\/www.immobilienbusiness.ch\/fr\/wp-json\/wp\/v2\/types\/post"}],"author":[{"embeddable":true,"href":"https:\/\/www.immobilienbusiness.ch\/fr\/wp-json\/wp\/v2\/users\/1"}],"replies":[{"embeddable":true,"href":"https:\/\/www.immobilienbusiness.ch\/fr\/wp-json\/wp\/v2\/comments?post=2950"}],"version-history":[{"count":0,"href":"https:\/\/www.immobilienbusiness.ch\/fr\/wp-json\/wp\/v2\/posts\/2950\/revisions"}],"wp:featuredmedia":[{"embeddable":true,"href":"https:\/\/www.immobilienbusiness.ch\/fr\/wp-json\/wp\/v2\/media\/2951"}],"wp:attachment":[{"href":"https:\/\/www.immobilienbusiness.ch\/fr\/wp-json\/wp\/v2\/media?parent=2950"}],"wp:term":[{"taxonomy":"category","embeddable":true,"href":"https:\/\/www.immobilienbusiness.ch\/fr\/wp-json\/wp\/v2\/categories?post=2950"},{"taxonomy":"post_tag","embeddable":true,"href":"https:\/\/www.immobilienbusiness.ch\/fr\/wp-json\/wp\/v2\/tags?post=2950"}],"curies":[{"name":"wp","href":"https:\/\/api.w.org\/{rel}","templated":true}]}}