{"id":2851,"date":"2016-04-11T08:43:50","date_gmt":"2016-04-11T06:43:50","guid":{"rendered":"http:\/\/dev.immobilienbusiness.ch\/?p=2851"},"modified":"2016-04-11T08:43:50","modified_gmt":"2016-04-11T06:43:50","slug":"kapitalerhoehung-fuer-den-ubs-sima","status":"publish","type":"post","link":"https:\/\/www.immobilienbusiness.ch\/fr\/allgemein\/2016-04-11\/kapitalerhoehung-fuer-den-ubs-sima\/","title":{"rendered":"Augmentation de capital pour l'UBS Sima"},"content":{"rendered":"<figure id=\"attachment_2852\" aria-describedby=\"caption-attachment-2852\" style=\"width: 680px\" class=\"wp-caption alignnone\"><img loading=\"lazy\" decoding=\"async\" class=\"size-medium wp-image-2852\" src=\"https:\/\/immobilienbusiness.ch\/wp-content\/uploads\/2016\/12\/Kapitalerh\u00f6hung-f\u00fcr-den-UBS-Sima-immobilien-business.jpg\" alt=\"Kapitalerh\u00f6hung f\u00fcr UBS Sima (Bild: Pixabay)\" width=\"680\" height=\"455\" \/><figcaption id=\"caption-attachment-2852\" class=\"wp-caption-text\">Augmentation de capital pour UBS Sima (Image : Pixabay)<\/figcaption><\/figure>\n<p>Une partie du produit de l'\u00e9mission sera notamment utilis\u00e9e pour la r\u00e9novation de l'Ambassador House \u00e0 Opfikon (volume d'investissement d'environ 85 millions de CHF, ach\u00e8vement pr\u00e9vu au 2e trimestre 2017), la r\u00e9novation compl\u00e8te du centre commercial Via Pretorio \u00e0 Lugano (volume d'investissement d'environ 30 millions de CHF, ach\u00e8vement pr\u00e9vu au 3e trimestre 2017) ainsi que pour le projet Claraturm \u00e0 B\u00e2le (volume d'investissement d'environ 100 millions de CHF, ach\u00e8vement pr\u00e9vu au 2e trimestre 2019).<\/p>\n<p>Le rapport de souscription est de 1:15, jusqu'\u00e0 4,35 millions de nouvelles parts seront \u00e9mises \u00e0 un prix de souscription de 85,20 CHF. Les droits de souscription seront n\u00e9goci\u00e9s \u00e0 la Bourse suisse entre le 21 avril et le 27 avril 2016. La lib\u00e9ration et la livraison des nouvelles parts auront lieu le 10 mai 2016.<\/p>\n<p>Au cours de l'exercice 2015, le fonds a \u00e9largi son portefeuille, d\u00e9passant ainsi la barre des huit milliards. Au cours des trois derni\u00e8res ann\u00e9es, le portefeuille immobilier a augment\u00e9 d'environ 20 %. Ces derniers mois, le portefeuille a continu\u00e9 de cro\u00eetre : UBS Sima a r\u00e9cemment investi dans diff\u00e9rents projets de construction et de r\u00e9novation, principalement dans la r\u00e9gion de Zurich, ce qui a permis d'augmenter le portefeuille d'environ 388 millions de CHF.<\/p>\n<p>La valeur nette d'inventaire par part a augment\u00e9 de 3,1 pour cent, le rendement des placements s'\u00e9l\u00e8ve \u00e0 7,4 pour cent. (ah)<\/p>","protected":false},"excerpt":{"rendered":"<p>Une augmentation de capital avec droit de souscription pour le fonds UBS (CH) Property Fund - Swiss Mixed (UBS Sima) d'environ 370 millions de CHF sera r\u00e9alis\u00e9e fin avril. Avec le produit de cette op\u00e9ration, la direction du fonds entend obtenir des moyens suppl\u00e9mentaires pour l'acquisition de biens immobiliers existants, pour le financement de nouveaux projets de construction et pour le remboursement de financements externes.<\/p>","protected":false},"author":1,"featured_media":2852,"comment_status":"open","ping_status":"open","sticky":false,"template":"","format":"standard","meta":{"_acf_changed":false,"_yoast_wpseo_focuskw":"UBS Sima Kapitalerhohung","_yoast_wpseo_title":"UBS Sima: Kapitalerhohung zur Finanzierung grosser Projekte","_yoast_wpseo_metadesc":"Angesichts der Kapitalerhohung investiert UBS Sima in Sanierungen und Neubauprojekte in der Ostschweiz und Basel. Portfolio w\u00e4chst deutlich.","_yoast_wpseo_linkdex":63,"pgc_sgb_lightbox_settings":"","footnotes":""},"categories":[1],"tags":[1362],"class_list":["post-2851","post","type-post","status-publish","format-standard","has-post-thumbnail","hentry","category-allgemein","tag-indirekte-immobilienanlagen"],"acf":[],"yoast_head":"<!-- This site is optimized with the Yoast SEO plugin v27.5 - https:\/\/yoast.com\/product\/yoast-seo-wordpress\/ -->\n<title>UBS Sima: Kapitalerhohung zur Finanzierung grosser Projekte<\/title>\n<meta name=\"description\" content=\"Angesichts der Kapitalerhohung investiert UBS Sima in Sanierungen und Neubauprojekte in der Ostschweiz und Basel. Portfolio w\u00e4chst deutlich.\" \/>\n<meta name=\"robots\" content=\"index, follow, max-snippet:-1, max-image-preview:large, max-video-preview:-1\" \/>\n<link rel=\"canonical\" href=\"https:\/\/www.immobilienbusiness.ch\/fr\/allgemein\/2016-04-11\/kapitalerhoehung-fuer-den-ubs-sima\/\" \/>\n<meta property=\"og:locale\" content=\"fr_FR\" \/>\n<meta property=\"og:type\" content=\"article\" \/>\n<meta property=\"og:title\" content=\"Kapitalerh\u00f6hung f\u00fcr den UBS Sima\" \/>\n<meta property=\"og:description\" content=\"Ende April wird eine Kapitalerh\u00f6hung mit Bezugsrecht f\u00fcr den UBS (CH) Property Fund \u2013 Swiss Mixed (UBS Sima) \u00fcber rund 370 Millionen CHF durchgef\u00fchrt. Mit dem Erl\u00f6s will die Fondsleitung zus\u00e4tzliche Mittel f\u00fcr die Akquisition von Bestandesimmobilien, f\u00fcr die Finanzierung von Neubauprojekten und die R\u00fcckf\u00fchrung von Fremdfinanzierungen gewinnen.\" \/>\n<meta property=\"og:url\" content=\"https:\/\/www.immobilienbusiness.ch\/fr\/allgemein\/2016-04-11\/kapitalerhoehung-fuer-den-ubs-sima\/\" \/>\n<meta property=\"og:site_name\" content=\"IMMOBILIEN Business\" \/>\n<meta property=\"article:publisher\" content=\"https:\/\/www.facebook.com\/immobilienbusiness\/\" \/>\n<meta property=\"article:published_time\" content=\"2016-04-11T06:43:50+00:00\" \/>\n<meta name=\"author\" content=\"Redaktion\" \/>\n<meta name=\"twitter:card\" content=\"summary_large_image\" \/>\n<meta name=\"twitter:image\" content=\"https:\/\/www.immobilienbusiness.ch\/wp-content\/uploads\/2016\/12\/Kapitalerhoehung-fuer-den-UBS-Sima-immobilien-business.jpg\" \/>\n<script type=\"application\/ld+json\" class=\"yoast-schema-graph\">{\"@context\":\"https:\\\/\\\/schema.org\",\"@graph\":[{\"@type\":\"Article\",\"@id\":\"https:\\\/\\\/www.immobilienbusiness.ch\\\/en\\\/allgemein\\\/2016-04-11\\\/kapitalerhoehung-fuer-den-ubs-sima\\\/#article\",\"isPartOf\":{\"@id\":\"https:\\\/\\\/www.immobilienbusiness.ch\\\/en\\\/allgemein\\\/2016-04-11\\\/kapitalerhoehung-fuer-den-ubs-sima\\\/\"},\"author\":{\"name\":\"Redaktion\",\"@id\":\"https:\\\/\\\/www.immobilienbusiness.ch\\\/#\\\/schema\\\/person\\\/aa2bace6c5c5aad60102004a50c4eb1c\"},\"headline\":\"Kapitalerh\u00f6hung f\u00fcr den UBS Sima\",\"datePublished\":\"2016-04-11T06:43:50+00:00\",\"mainEntityOfPage\":{\"@id\":\"https:\\\/\\\/www.immobilienbusiness.ch\\\/en\\\/allgemein\\\/2016-04-11\\\/kapitalerhoehung-fuer-den-ubs-sima\\\/\"},\"wordCount\":197,\"commentCount\":0,\"publisher\":{\"@id\":\"https:\\\/\\\/www.immobilienbusiness.ch\\\/#organization\"},\"image\":{\"@id\":\"https:\\\/\\\/www.immobilienbusiness.ch\\\/en\\\/allgemein\\\/2016-04-11\\\/kapitalerhoehung-fuer-den-ubs-sima\\\/#primaryimage\"},\"thumbnailUrl\":\"https:\\\/\\\/www.immobilienbusiness.ch\\\/wp-content\\\/uploads\\\/2016\\\/12\\\/Kapitalerhoehung-fuer-den-UBS-Sima-immobilien-business.jpg\",\"keywords\":[\"Indirekte Immobilienanlagen\"],\"articleSection\":[\"Allgemein\"],\"inLanguage\":\"fr-FR\"},{\"@type\":\"WebPage\",\"@id\":\"https:\\\/\\\/www.immobilienbusiness.ch\\\/en\\\/allgemein\\\/2016-04-11\\\/kapitalerhoehung-fuer-den-ubs-sima\\\/\",\"url\":\"https:\\\/\\\/www.immobilienbusiness.ch\\\/en\\\/allgemein\\\/2016-04-11\\\/kapitalerhoehung-fuer-den-ubs-sima\\\/\",\"name\":\"UBS Sima: Kapitalerhohung zur Finanzierung grosser Projekte\",\"isPartOf\":{\"@id\":\"https:\\\/\\\/www.immobilienbusiness.ch\\\/#website\"},\"primaryImageOfPage\":{\"@id\":\"https:\\\/\\\/www.immobilienbusiness.ch\\\/en\\\/allgemein\\\/2016-04-11\\\/kapitalerhoehung-fuer-den-ubs-sima\\\/#primaryimage\"},\"image\":{\"@id\":\"https:\\\/\\\/www.immobilienbusiness.ch\\\/en\\\/allgemein\\\/2016-04-11\\\/kapitalerhoehung-fuer-den-ubs-sima\\\/#primaryimage\"},\"thumbnailUrl\":\"https:\\\/\\\/www.immobilienbusiness.ch\\\/wp-content\\\/uploads\\\/2016\\\/12\\\/Kapitalerhoehung-fuer-den-UBS-Sima-immobilien-business.jpg\",\"datePublished\":\"2016-04-11T06:43:50+00:00\",\"description\":\"Angesichts der Kapitalerhohung investiert UBS Sima in Sanierungen und Neubauprojekte in der Ostschweiz und Basel. Portfolio w\u00e4chst deutlich.\",\"breadcrumb\":{\"@id\":\"https:\\\/\\\/www.immobilienbusiness.ch\\\/en\\\/allgemein\\\/2016-04-11\\\/kapitalerhoehung-fuer-den-ubs-sima\\\/#breadcrumb\"},\"inLanguage\":\"fr-FR\",\"potentialAction\":[{\"@type\":\"ReadAction\",\"target\":[\"https:\\\/\\\/www.immobilienbusiness.ch\\\/en\\\/allgemein\\\/2016-04-11\\\/kapitalerhoehung-fuer-den-ubs-sima\\\/\"]}]},{\"@type\":\"ImageObject\",\"inLanguage\":\"fr-FR\",\"@id\":\"https:\\\/\\\/www.immobilienbusiness.ch\\\/en\\\/allgemein\\\/2016-04-11\\\/kapitalerhoehung-fuer-den-ubs-sima\\\/#primaryimage\",\"url\":\"https:\\\/\\\/www.immobilienbusiness.ch\\\/wp-content\\\/uploads\\\/2016\\\/12\\\/Kapitalerhoehung-fuer-den-UBS-Sima-immobilien-business.jpg\",\"contentUrl\":\"https:\\\/\\\/www.immobilienbusiness.ch\\\/wp-content\\\/uploads\\\/2016\\\/12\\\/Kapitalerhoehung-fuer-den-UBS-Sima-immobilien-business.jpg\",\"width\":1280,\"height\":856,\"caption\":\"Kapitalerh\u00f6hung f\u00fcr UBS Sima (Bild: Pixabay)\"},{\"@type\":\"BreadcrumbList\",\"@id\":\"https:\\\/\\\/www.immobilienbusiness.ch\\\/en\\\/allgemein\\\/2016-04-11\\\/kapitalerhoehung-fuer-den-ubs-sima\\\/#breadcrumb\",\"itemListElement\":[{\"@type\":\"ListItem\",\"position\":1,\"name\":\"Home\",\"item\":\"https:\\\/\\\/www.immobilienbusiness.ch\\\/\"},{\"@type\":\"ListItem\",\"position\":2,\"name\":\"Kapitalerh\u00f6hung f\u00fcr den UBS Sima\"}]},{\"@type\":\"WebSite\",\"@id\":\"https:\\\/\\\/www.immobilienbusiness.ch\\\/#website\",\"url\":\"https:\\\/\\\/www.immobilienbusiness.ch\\\/\",\"name\":\"IMMOBILIEN Business\",\"description\":\"Unabh\u00e4ngiges Schweizer Wirtschaftsmagazin mit Fokus auf Immobilien, Architektur- und Bau sowie Investment- und Finanzierung.\",\"publisher\":{\"@id\":\"https:\\\/\\\/www.immobilienbusiness.ch\\\/#organization\"},\"potentialAction\":[{\"@type\":\"SearchAction\",\"target\":{\"@type\":\"EntryPoint\",\"urlTemplate\":\"https:\\\/\\\/www.immobilienbusiness.ch\\\/?s={search_term_string}\"},\"query-input\":{\"@type\":\"PropertyValueSpecification\",\"valueRequired\":true,\"valueName\":\"search_term_string\"}}],\"inLanguage\":\"fr-FR\"},{\"@type\":\"Organization\",\"@id\":\"https:\\\/\\\/www.immobilienbusiness.ch\\\/#organization\",\"name\":\"IMMOBILIEN Business\",\"url\":\"https:\\\/\\\/www.immobilienbusiness.ch\\\/\",\"logo\":{\"@type\":\"ImageObject\",\"inLanguage\":\"fr-FR\",\"@id\":\"https:\\\/\\\/www.immobilienbusiness.ch\\\/#\\\/schema\\\/logo\\\/image\\\/\",\"url\":\"https:\\\/\\\/www.immobilienbusiness.ch\\\/wp-content\\\/uploads\\\/2021\\\/07\\\/logo_ib.png\",\"contentUrl\":\"https:\\\/\\\/www.immobilienbusiness.ch\\\/wp-content\\\/uploads\\\/2021\\\/07\\\/logo_ib.png\",\"width\":800,\"height\":181,\"caption\":\"IMMOBILIEN Business\"},\"image\":{\"@id\":\"https:\\\/\\\/www.immobilienbusiness.ch\\\/#\\\/schema\\\/logo\\\/image\\\/\"},\"sameAs\":[\"https:\\\/\\\/www.facebook.com\\\/immobilienbusiness\\\/\"]},{\"@type\":\"Person\",\"@id\":\"https:\\\/\\\/www.immobilienbusiness.ch\\\/#\\\/schema\\\/person\\\/aa2bace6c5c5aad60102004a50c4eb1c\",\"name\":\"Redaktion\",\"image\":{\"@type\":\"ImageObject\",\"inLanguage\":\"fr-FR\",\"@id\":\"https:\\\/\\\/secure.gravatar.com\\\/avatar\\\/ae2f4d718e6c49043e314ce431e7e645d646302a24a5ef5a8bc8e3f5a032e319?s=96&d=mm&r=g\",\"url\":\"https:\\\/\\\/secure.gravatar.com\\\/avatar\\\/ae2f4d718e6c49043e314ce431e7e645d646302a24a5ef5a8bc8e3f5a032e319?s=96&d=mm&r=g\",\"contentUrl\":\"https:\\\/\\\/secure.gravatar.com\\\/avatar\\\/ae2f4d718e6c49043e314ce431e7e645d646302a24a5ef5a8bc8e3f5a032e319?s=96&d=mm&r=g\",\"caption\":\"Redaktion\"},\"sameAs\":[\"http:\\\/\\\/develop.organisator.galledia.ch\"],\"url\":\"https:\\\/\\\/www.immobilienbusiness.ch\\\/fr\\\/author\\\/admin\\\/\"}]}<\/script>\n<!-- \/ Yoast SEO plugin. -->","yoast_head_json":{"title":"UBS Sima: Kapitalerhohung zur Finanzierung grosser Projekte","description":"Angesichts der Kapitalerhohung investiert UBS Sima in Sanierungen und Neubauprojekte in der Ostschweiz und Basel. Portfolio w\u00e4chst deutlich.","robots":{"index":"index","follow":"follow","max-snippet":"max-snippet:-1","max-image-preview":"max-image-preview:large","max-video-preview":"max-video-preview:-1"},"canonical":"https:\/\/www.immobilienbusiness.ch\/fr\/allgemein\/2016-04-11\/kapitalerhoehung-fuer-den-ubs-sima\/","og_locale":"fr_FR","og_type":"article","og_title":"Kapitalerh\u00f6hung f\u00fcr den UBS Sima","og_description":"Ende April wird eine Kapitalerh\u00f6hung mit Bezugsrecht f\u00fcr den UBS (CH) Property Fund \u2013 Swiss Mixed (UBS Sima) \u00fcber rund 370 Millionen CHF durchgef\u00fchrt. Mit dem Erl\u00f6s will die Fondsleitung zus\u00e4tzliche Mittel f\u00fcr die Akquisition von Bestandesimmobilien, f\u00fcr die Finanzierung von Neubauprojekten und die R\u00fcckf\u00fchrung von Fremdfinanzierungen gewinnen.","og_url":"https:\/\/www.immobilienbusiness.ch\/fr\/allgemein\/2016-04-11\/kapitalerhoehung-fuer-den-ubs-sima\/","og_site_name":"IMMOBILIEN Business","article_publisher":"https:\/\/www.facebook.com\/immobilienbusiness\/","article_published_time":"2016-04-11T06:43:50+00:00","author":"Redaktion","twitter_card":"summary_large_image","twitter_image":"https:\/\/www.immobilienbusiness.ch\/wp-content\/uploads\/2016\/12\/Kapitalerhoehung-fuer-den-UBS-Sima-immobilien-business.jpg","schema":{"@context":"https:\/\/schema.org","@graph":[{"@type":"Article","@id":"https:\/\/www.immobilienbusiness.ch\/en\/allgemein\/2016-04-11\/kapitalerhoehung-fuer-den-ubs-sima\/#article","isPartOf":{"@id":"https:\/\/www.immobilienbusiness.ch\/en\/allgemein\/2016-04-11\/kapitalerhoehung-fuer-den-ubs-sima\/"},"author":{"name":"Redaktion","@id":"https:\/\/www.immobilienbusiness.ch\/#\/schema\/person\/aa2bace6c5c5aad60102004a50c4eb1c"},"headline":"Kapitalerh\u00f6hung f\u00fcr den UBS Sima","datePublished":"2016-04-11T06:43:50+00:00","mainEntityOfPage":{"@id":"https:\/\/www.immobilienbusiness.ch\/en\/allgemein\/2016-04-11\/kapitalerhoehung-fuer-den-ubs-sima\/"},"wordCount":197,"commentCount":0,"publisher":{"@id":"https:\/\/www.immobilienbusiness.ch\/#organization"},"image":{"@id":"https:\/\/www.immobilienbusiness.ch\/en\/allgemein\/2016-04-11\/kapitalerhoehung-fuer-den-ubs-sima\/#primaryimage"},"thumbnailUrl":"https:\/\/www.immobilienbusiness.ch\/wp-content\/uploads\/2016\/12\/Kapitalerhoehung-fuer-den-UBS-Sima-immobilien-business.jpg","keywords":["Indirekte Immobilienanlagen"],"articleSection":["Allgemein"],"inLanguage":"fr-FR"},{"@type":"WebPage","@id":"https:\/\/www.immobilienbusiness.ch\/en\/allgemein\/2016-04-11\/kapitalerhoehung-fuer-den-ubs-sima\/","url":"https:\/\/www.immobilienbusiness.ch\/en\/allgemein\/2016-04-11\/kapitalerhoehung-fuer-den-ubs-sima\/","name":"UBS Sima: Kapitalerhohung zur Finanzierung grosser Projekte","isPartOf":{"@id":"https:\/\/www.immobilienbusiness.ch\/#website"},"primaryImageOfPage":{"@id":"https:\/\/www.immobilienbusiness.ch\/en\/allgemein\/2016-04-11\/kapitalerhoehung-fuer-den-ubs-sima\/#primaryimage"},"image":{"@id":"https:\/\/www.immobilienbusiness.ch\/en\/allgemein\/2016-04-11\/kapitalerhoehung-fuer-den-ubs-sima\/#primaryimage"},"thumbnailUrl":"https:\/\/www.immobilienbusiness.ch\/wp-content\/uploads\/2016\/12\/Kapitalerhoehung-fuer-den-UBS-Sima-immobilien-business.jpg","datePublished":"2016-04-11T06:43:50+00:00","description":"Angesichts der Kapitalerhohung investiert UBS Sima in Sanierungen und Neubauprojekte in der Ostschweiz und Basel. Portfolio w\u00e4chst deutlich.","breadcrumb":{"@id":"https:\/\/www.immobilienbusiness.ch\/en\/allgemein\/2016-04-11\/kapitalerhoehung-fuer-den-ubs-sima\/#breadcrumb"},"inLanguage":"fr-FR","potentialAction":[{"@type":"ReadAction","target":["https:\/\/www.immobilienbusiness.ch\/en\/allgemein\/2016-04-11\/kapitalerhoehung-fuer-den-ubs-sima\/"]}]},{"@type":"ImageObject","inLanguage":"fr-FR","@id":"https:\/\/www.immobilienbusiness.ch\/en\/allgemein\/2016-04-11\/kapitalerhoehung-fuer-den-ubs-sima\/#primaryimage","url":"https:\/\/www.immobilienbusiness.ch\/wp-content\/uploads\/2016\/12\/Kapitalerhoehung-fuer-den-UBS-Sima-immobilien-business.jpg","contentUrl":"https:\/\/www.immobilienbusiness.ch\/wp-content\/uploads\/2016\/12\/Kapitalerhoehung-fuer-den-UBS-Sima-immobilien-business.jpg","width":1280,"height":856,"caption":"Kapitalerh\u00f6hung f\u00fcr UBS Sima (Bild: Pixabay)"},{"@type":"BreadcrumbList","@id":"https:\/\/www.immobilienbusiness.ch\/en\/allgemein\/2016-04-11\/kapitalerhoehung-fuer-den-ubs-sima\/#breadcrumb","itemListElement":[{"@type":"ListItem","position":1,"name":"Home","item":"https:\/\/www.immobilienbusiness.ch\/"},{"@type":"ListItem","position":2,"name":"Kapitalerh\u00f6hung f\u00fcr den UBS Sima"}]},{"@type":"WebSite","@id":"https:\/\/www.immobilienbusiness.ch\/#website","url":"https:\/\/www.immobilienbusiness.ch\/","name":"IMMOBILIER Business","description":"Magazine \u00e9conomique suisse ind\u00e9pendant ax\u00e9 sur l'immobilier, l'architecture et la construction ainsi que sur les investissements et le financement.","publisher":{"@id":"https:\/\/www.immobilienbusiness.ch\/#organization"},"potentialAction":[{"@type":"SearchAction","target":{"@type":"EntryPoint","urlTemplate":"https:\/\/www.immobilienbusiness.ch\/?s={search_term_string}"},"query-input":{"@type":"PropertyValueSpecification","valueRequired":true,"valueName":"search_term_string"}}],"inLanguage":"fr-FR"},{"@type":"Organization","@id":"https:\/\/www.immobilienbusiness.ch\/#organization","name":"IMMOBILIER Business","url":"https:\/\/www.immobilienbusiness.ch\/","logo":{"@type":"ImageObject","inLanguage":"fr-FR","@id":"https:\/\/www.immobilienbusiness.ch\/#\/schema\/logo\/image\/","url":"https:\/\/www.immobilienbusiness.ch\/wp-content\/uploads\/2021\/07\/logo_ib.png","contentUrl":"https:\/\/www.immobilienbusiness.ch\/wp-content\/uploads\/2021\/07\/logo_ib.png","width":800,"height":181,"caption":"IMMOBILIEN Business"},"image":{"@id":"https:\/\/www.immobilienbusiness.ch\/#\/schema\/logo\/image\/"},"sameAs":["https:\/\/www.facebook.com\/immobilienbusiness\/"]},{"@type":"Person","@id":"https:\/\/www.immobilienbusiness.ch\/#\/schema\/person\/aa2bace6c5c5aad60102004a50c4eb1c","name":"Editorial","image":{"@type":"ImageObject","inLanguage":"fr-FR","@id":"https:\/\/secure.gravatar.com\/avatar\/ae2f4d718e6c49043e314ce431e7e645d646302a24a5ef5a8bc8e3f5a032e319?s=96&d=mm&r=g","url":"https:\/\/secure.gravatar.com\/avatar\/ae2f4d718e6c49043e314ce431e7e645d646302a24a5ef5a8bc8e3f5a032e319?s=96&d=mm&r=g","contentUrl":"https:\/\/secure.gravatar.com\/avatar\/ae2f4d718e6c49043e314ce431e7e645d646302a24a5ef5a8bc8e3f5a032e319?s=96&d=mm&r=g","caption":"Redaktion"},"sameAs":["http:\/\/develop.organisator.galledia.ch"],"url":"https:\/\/www.immobilienbusiness.ch\/fr\/author\/admin\/"}]}},"_links":{"self":[{"href":"https:\/\/www.immobilienbusiness.ch\/fr\/wp-json\/wp\/v2\/posts\/2851","targetHints":{"allow":["GET"]}}],"collection":[{"href":"https:\/\/www.immobilienbusiness.ch\/fr\/wp-json\/wp\/v2\/posts"}],"about":[{"href":"https:\/\/www.immobilienbusiness.ch\/fr\/wp-json\/wp\/v2\/types\/post"}],"author":[{"embeddable":true,"href":"https:\/\/www.immobilienbusiness.ch\/fr\/wp-json\/wp\/v2\/users\/1"}],"replies":[{"embeddable":true,"href":"https:\/\/www.immobilienbusiness.ch\/fr\/wp-json\/wp\/v2\/comments?post=2851"}],"version-history":[{"count":0,"href":"https:\/\/www.immobilienbusiness.ch\/fr\/wp-json\/wp\/v2\/posts\/2851\/revisions"}],"wp:featuredmedia":[{"embeddable":true,"href":"https:\/\/www.immobilienbusiness.ch\/fr\/wp-json\/wp\/v2\/media\/2852"}],"wp:attachment":[{"href":"https:\/\/www.immobilienbusiness.ch\/fr\/wp-json\/wp\/v2\/media?parent=2851"}],"wp:term":[{"taxonomy":"category","embeddable":true,"href":"https:\/\/www.immobilienbusiness.ch\/fr\/wp-json\/wp\/v2\/categories?post=2851"},{"taxonomy":"post_tag","embeddable":true,"href":"https:\/\/www.immobilienbusiness.ch\/fr\/wp-json\/wp\/v2\/tags?post=2851"}],"curies":[{"name":"wp","href":"https:\/\/api.w.org\/{rel}","templated":true}]}}