{"id":2820,"date":"2016-04-06T08:22:08","date_gmt":"2016-04-06T06:22:08","guid":{"rendered":"http:\/\/dev.immobilienbusiness.ch\/?p=2820"},"modified":"2016-04-06T08:22:08","modified_gmt":"2016-04-06T06:22:08","slug":"procimmo-kauft-in-der-nordwestschweiz-zu","status":"publish","type":"post","link":"https:\/\/www.immobilienbusiness.ch\/fr\/allgemein\/2016-04-06\/procimmo-kauft-in-der-nordwestschweiz-zu\/","title":{"rendered":"Procimmo fait des acquisitions dans le nord-ouest de la Suisse"},"content":{"rendered":"<figure id=\"attachment_2821\" aria-describedby=\"caption-attachment-2821\" style=\"width: 680px\" class=\"wp-caption alignnone\"><img loading=\"lazy\" decoding=\"async\" class=\"size-medium wp-image-2821\" src=\"https:\/\/immobilienbusiness.ch\/wp-content\/uploads\/2016\/12\/Procimmo-kauft-in-der-Nordwestschweiz-zu-immobilien-business.png\" alt=\"Procimmo kauft in der Nordwestschweiz zu (Grafik: Pixabay)\" width=\"680\" height=\"420\" srcset=\"https:\/\/www.immobilienbusiness.ch\/wp-content\/uploads\/2016\/12\/Procimmo-kauft-in-der-Nordwestschweiz-zu-immobilien-business.png 1280w, https:\/\/www.immobilienbusiness.ch\/wp-content\/uploads\/2016\/12\/Procimmo-kauft-in-der-Nordwestschweiz-zu-immobilien-business-300x185.png 300w, https:\/\/www.immobilienbusiness.ch\/wp-content\/uploads\/2016\/12\/Procimmo-kauft-in-der-Nordwestschweiz-zu-immobilien-business-1024x632.png 1024w, https:\/\/www.immobilienbusiness.ch\/wp-content\/uploads\/2016\/12\/Procimmo-kauft-in-der-Nordwestschweiz-zu-immobilien-business-768x474.png 768w, https:\/\/www.immobilienbusiness.ch\/wp-content\/uploads\/2016\/12\/Procimmo-kauft-in-der-Nordwestschweiz-zu-immobilien-business-16x10.png 16w, https:\/\/www.immobilienbusiness.ch\/wp-content\/uploads\/2016\/12\/Procimmo-kauft-in-der-Nordwestschweiz-zu-immobilien-business-284x175.png 284w, https:\/\/www.immobilienbusiness.ch\/wp-content\/uploads\/2016\/12\/Procimmo-kauft-in-der-Nordwestschweiz-zu-immobilien-business-567x350.png 567w, https:\/\/www.immobilienbusiness.ch\/wp-content\/uploads\/2016\/12\/Procimmo-kauft-in-der-Nordwestschweiz-zu-immobilien-business-920x568.png 920w\" sizes=\"auto, (max-width: 680px) 100vw, 680px\" \/><figcaption id=\"caption-attachment-2821\" class=\"wp-caption-text\">Procimmo fait des achats dans le nord-ouest de la Suisse (graphique : Pixabay)<\/figcaption><\/figure>\n<p>Le premier immeuble a \u00e9t\u00e9 achet\u00e9 d\u00e9but 2016 \u00e0 Pratteln (BL), au Wannenboden 9. Il s'agit d'un immeuble logistique d'une valeur marchande d'environ 19 millions de CHF et d'une surface locative de 12 413 m\u00b2. L'immeuble est situ\u00e9 \u00e0 la p\u00e9riph\u00e9rie est de Pratteln, dans un quartier industriel, \u00e0 proximit\u00e9 imm\u00e9diate de l'acc\u00e8s \u00e0 l'autoroute (A2\/A3).<\/p>\n<p>D\u00e9but mars, un deuxi\u00e8me bien immobilier a \u00e9t\u00e9 acquis \u00e0 W\u00fcrenlos (AG) avec une surface locative de 3.117 m\u00b2. Le bien se trouve \u00e0 la Grosszelgstrasse 21\/21a dans la partie nord-ouest de la commune et dispose d'une valeur marchande d'environ six millions de CHF.<\/p>\n<p>Les deux immeubles sont enti\u00e8rement lou\u00e9s avec des contrats de location de longue dur\u00e9e.<\/p>\n<p>Apr\u00e8s les acquisitions, le patrimoine immobilier estim\u00e9 du Procimmo Swiss Commercial Fund II s'\u00e9l\u00e8ve \u00e0 environ 190 millions de CHF. (ah)<\/p>","protected":false},"excerpt":{"rendered":"<p>Le Procimmo Swiss Commercial Fund II a acquis deux immeubles en portefeuille d'une valeur marchande totale d'environ 25 millions de CHF.<\/p>","protected":false},"author":1,"featured_media":2821,"comment_status":"open","ping_status":"open","sticky":false,"template":"","format":"standard","meta":{"_acf_changed":false,"_yoast_wpseo_focuskw":"Immobilien Nordwestschweiz","_yoast_wpseo_title":"Immobilien Nordwestschweiz: Procimmo kauft zu","_yoast_wpseo_metadesc":"Procimmo erweitert das Immobilienportfolio in der Nordwestschweiz mit zwei neuen Objekten in Pratteln und W\u00fcrenlos.","_yoast_wpseo_linkdex":66,"pgc_sgb_lightbox_settings":"","footnotes":""},"categories":[1],"tags":[1362,1451,1529],"class_list":["post-2820","post","type-post","status-publish","format-standard","has-post-thumbnail","hentry","category-allgemein","tag-indirekte-immobilienanlagen","tag-logistik","tag-nord-west-schweiz"],"acf":[],"yoast_head":"<!-- This site is optimized with the Yoast SEO plugin v27.4 - https:\/\/yoast.com\/product\/yoast-seo-wordpress\/ -->\n<title>Immobilien Nordwestschweiz: Procimmo kauft zu<\/title>\n<meta name=\"description\" content=\"Procimmo erweitert das Immobilienportfolio in der Nordwestschweiz mit zwei neuen Objekten in Pratteln und W\u00fcrenlos.\" \/>\n<meta name=\"robots\" content=\"index, follow, max-snippet:-1, max-image-preview:large, max-video-preview:-1\" \/>\n<link rel=\"canonical\" href=\"https:\/\/www.immobilienbusiness.ch\/fr\/allgemein\/2016-04-06\/procimmo-kauft-in-der-nordwestschweiz-zu\/\" \/>\n<meta property=\"og:locale\" content=\"fr_FR\" \/>\n<meta property=\"og:type\" content=\"article\" \/>\n<meta property=\"og:title\" content=\"Procimmo kauft in der Nordwestschweiz zu\" \/>\n<meta property=\"og:description\" content=\"Der Procimmo Swiss Commercial Fund II hat zwei Bestandesliegenschaften mit einem Marktwert von insgesamt rund 25 Millionen CHF erworben.\" \/>\n<meta property=\"og:url\" content=\"https:\/\/www.immobilienbusiness.ch\/fr\/allgemein\/2016-04-06\/procimmo-kauft-in-der-nordwestschweiz-zu\/\" \/>\n<meta property=\"og:site_name\" content=\"IMMOBILIEN Business\" \/>\n<meta property=\"article:publisher\" content=\"https:\/\/www.facebook.com\/immobilienbusiness\/\" \/>\n<meta property=\"article:published_time\" content=\"2016-04-06T06:22:08+00:00\" \/>\n<meta name=\"author\" content=\"Redaktion\" \/>\n<meta name=\"twitter:card\" content=\"summary_large_image\" \/>\n<meta name=\"twitter:image\" content=\"https:\/\/www.immobilienbusiness.ch\/wp-content\/uploads\/2016\/12\/Procimmo-kauft-in-der-Nordwestschweiz-zu-immobilien-business.png\" \/>\n<script type=\"application\/ld+json\" class=\"yoast-schema-graph\">{\"@context\":\"https:\\\/\\\/schema.org\",\"@graph\":[{\"@type\":\"Article\",\"@id\":\"https:\\\/\\\/www.immobilienbusiness.ch\\\/en\\\/allgemein\\\/2016-04-06\\\/procimmo-kauft-in-der-nordwestschweiz-zu\\\/#article\",\"isPartOf\":{\"@id\":\"https:\\\/\\\/www.immobilienbusiness.ch\\\/en\\\/allgemein\\\/2016-04-06\\\/procimmo-kauft-in-der-nordwestschweiz-zu\\\/\"},\"author\":{\"name\":\"Redaktion\",\"@id\":\"https:\\\/\\\/www.immobilienbusiness.ch\\\/#\\\/schema\\\/person\\\/aa2bace6c5c5aad60102004a50c4eb1c\"},\"headline\":\"Procimmo kauft in der Nordwestschweiz zu\",\"datePublished\":\"2016-04-06T06:22:08+00:00\",\"mainEntityOfPage\":{\"@id\":\"https:\\\/\\\/www.immobilienbusiness.ch\\\/en\\\/allgemein\\\/2016-04-06\\\/procimmo-kauft-in-der-nordwestschweiz-zu\\\/\"},\"wordCount\":148,\"commentCount\":0,\"publisher\":{\"@id\":\"https:\\\/\\\/www.immobilienbusiness.ch\\\/#organization\"},\"image\":{\"@id\":\"https:\\\/\\\/www.immobilienbusiness.ch\\\/en\\\/allgemein\\\/2016-04-06\\\/procimmo-kauft-in-der-nordwestschweiz-zu\\\/#primaryimage\"},\"thumbnailUrl\":\"https:\\\/\\\/www.immobilienbusiness.ch\\\/wp-content\\\/uploads\\\/2016\\\/12\\\/Procimmo-kauft-in-der-Nordwestschweiz-zu-immobilien-business.png\",\"keywords\":[\"Indirekte Immobilienanlagen\",\"Logistik\",\"Nord-West-Schweiz\"],\"articleSection\":[\"Allgemein\"],\"inLanguage\":\"fr-FR\"},{\"@type\":\"WebPage\",\"@id\":\"https:\\\/\\\/www.immobilienbusiness.ch\\\/en\\\/allgemein\\\/2016-04-06\\\/procimmo-kauft-in-der-nordwestschweiz-zu\\\/\",\"url\":\"https:\\\/\\\/www.immobilienbusiness.ch\\\/en\\\/allgemein\\\/2016-04-06\\\/procimmo-kauft-in-der-nordwestschweiz-zu\\\/\",\"name\":\"Immobilien Nordwestschweiz: Procimmo kauft zu\",\"isPartOf\":{\"@id\":\"https:\\\/\\\/www.immobilienbusiness.ch\\\/#website\"},\"primaryImageOfPage\":{\"@id\":\"https:\\\/\\\/www.immobilienbusiness.ch\\\/en\\\/allgemein\\\/2016-04-06\\\/procimmo-kauft-in-der-nordwestschweiz-zu\\\/#primaryimage\"},\"image\":{\"@id\":\"https:\\\/\\\/www.immobilienbusiness.ch\\\/en\\\/allgemein\\\/2016-04-06\\\/procimmo-kauft-in-der-nordwestschweiz-zu\\\/#primaryimage\"},\"thumbnailUrl\":\"https:\\\/\\\/www.immobilienbusiness.ch\\\/wp-content\\\/uploads\\\/2016\\\/12\\\/Procimmo-kauft-in-der-Nordwestschweiz-zu-immobilien-business.png\",\"datePublished\":\"2016-04-06T06:22:08+00:00\",\"description\":\"Procimmo erweitert das Immobilienportfolio in der Nordwestschweiz mit zwei neuen Objekten in Pratteln und W\u00fcrenlos.\",\"breadcrumb\":{\"@id\":\"https:\\\/\\\/www.immobilienbusiness.ch\\\/en\\\/allgemein\\\/2016-04-06\\\/procimmo-kauft-in-der-nordwestschweiz-zu\\\/#breadcrumb\"},\"inLanguage\":\"fr-FR\",\"potentialAction\":[{\"@type\":\"ReadAction\",\"target\":[\"https:\\\/\\\/www.immobilienbusiness.ch\\\/en\\\/allgemein\\\/2016-04-06\\\/procimmo-kauft-in-der-nordwestschweiz-zu\\\/\"]}]},{\"@type\":\"ImageObject\",\"inLanguage\":\"fr-FR\",\"@id\":\"https:\\\/\\\/www.immobilienbusiness.ch\\\/en\\\/allgemein\\\/2016-04-06\\\/procimmo-kauft-in-der-nordwestschweiz-zu\\\/#primaryimage\",\"url\":\"https:\\\/\\\/www.immobilienbusiness.ch\\\/wp-content\\\/uploads\\\/2016\\\/12\\\/Procimmo-kauft-in-der-Nordwestschweiz-zu-immobilien-business.png\",\"contentUrl\":\"https:\\\/\\\/www.immobilienbusiness.ch\\\/wp-content\\\/uploads\\\/2016\\\/12\\\/Procimmo-kauft-in-der-Nordwestschweiz-zu-immobilien-business.png\",\"width\":1280,\"height\":790,\"caption\":\"Procimmo kauft in der Nordwestschweiz zu (Grafik: Pixabay)\"},{\"@type\":\"BreadcrumbList\",\"@id\":\"https:\\\/\\\/www.immobilienbusiness.ch\\\/en\\\/allgemein\\\/2016-04-06\\\/procimmo-kauft-in-der-nordwestschweiz-zu\\\/#breadcrumb\",\"itemListElement\":[{\"@type\":\"ListItem\",\"position\":1,\"name\":\"Home\",\"item\":\"https:\\\/\\\/www.immobilienbusiness.ch\\\/\"},{\"@type\":\"ListItem\",\"position\":2,\"name\":\"Procimmo kauft in der Nordwestschweiz zu\"}]},{\"@type\":\"WebSite\",\"@id\":\"https:\\\/\\\/www.immobilienbusiness.ch\\\/#website\",\"url\":\"https:\\\/\\\/www.immobilienbusiness.ch\\\/\",\"name\":\"IMMOBILIEN Business\",\"description\":\"Unabh\u00e4ngiges Schweizer Wirtschaftsmagazin mit Fokus auf Immobilien, Architektur- und Bau sowie Investment- und Finanzierung.\",\"publisher\":{\"@id\":\"https:\\\/\\\/www.immobilienbusiness.ch\\\/#organization\"},\"potentialAction\":[{\"@type\":\"SearchAction\",\"target\":{\"@type\":\"EntryPoint\",\"urlTemplate\":\"https:\\\/\\\/www.immobilienbusiness.ch\\\/?s={search_term_string}\"},\"query-input\":{\"@type\":\"PropertyValueSpecification\",\"valueRequired\":true,\"valueName\":\"search_term_string\"}}],\"inLanguage\":\"fr-FR\"},{\"@type\":\"Organization\",\"@id\":\"https:\\\/\\\/www.immobilienbusiness.ch\\\/#organization\",\"name\":\"IMMOBILIEN Business\",\"url\":\"https:\\\/\\\/www.immobilienbusiness.ch\\\/\",\"logo\":{\"@type\":\"ImageObject\",\"inLanguage\":\"fr-FR\",\"@id\":\"https:\\\/\\\/www.immobilienbusiness.ch\\\/#\\\/schema\\\/logo\\\/image\\\/\",\"url\":\"https:\\\/\\\/www.immobilienbusiness.ch\\\/wp-content\\\/uploads\\\/2021\\\/07\\\/logo_ib.png\",\"contentUrl\":\"https:\\\/\\\/www.immobilienbusiness.ch\\\/wp-content\\\/uploads\\\/2021\\\/07\\\/logo_ib.png\",\"width\":800,\"height\":181,\"caption\":\"IMMOBILIEN Business\"},\"image\":{\"@id\":\"https:\\\/\\\/www.immobilienbusiness.ch\\\/#\\\/schema\\\/logo\\\/image\\\/\"},\"sameAs\":[\"https:\\\/\\\/www.facebook.com\\\/immobilienbusiness\\\/\"]},{\"@type\":\"Person\",\"@id\":\"https:\\\/\\\/www.immobilienbusiness.ch\\\/#\\\/schema\\\/person\\\/aa2bace6c5c5aad60102004a50c4eb1c\",\"name\":\"Redaktion\",\"image\":{\"@type\":\"ImageObject\",\"inLanguage\":\"fr-FR\",\"@id\":\"https:\\\/\\\/secure.gravatar.com\\\/avatar\\\/ae2f4d718e6c49043e314ce431e7e645d646302a24a5ef5a8bc8e3f5a032e319?s=96&d=mm&r=g\",\"url\":\"https:\\\/\\\/secure.gravatar.com\\\/avatar\\\/ae2f4d718e6c49043e314ce431e7e645d646302a24a5ef5a8bc8e3f5a032e319?s=96&d=mm&r=g\",\"contentUrl\":\"https:\\\/\\\/secure.gravatar.com\\\/avatar\\\/ae2f4d718e6c49043e314ce431e7e645d646302a24a5ef5a8bc8e3f5a032e319?s=96&d=mm&r=g\",\"caption\":\"Redaktion\"},\"sameAs\":[\"http:\\\/\\\/develop.organisator.galledia.ch\"],\"url\":\"https:\\\/\\\/www.immobilienbusiness.ch\\\/fr\\\/author\\\/admin\\\/\"}]}<\/script>\n<!-- \/ Yoast SEO plugin. -->","yoast_head_json":{"title":"Immobilien Nordwestschweiz: Procimmo kauft zu","description":"Procimmo erweitert das Immobilienportfolio in der Nordwestschweiz mit zwei neuen Objekten in Pratteln und W\u00fcrenlos.","robots":{"index":"index","follow":"follow","max-snippet":"max-snippet:-1","max-image-preview":"max-image-preview:large","max-video-preview":"max-video-preview:-1"},"canonical":"https:\/\/www.immobilienbusiness.ch\/fr\/allgemein\/2016-04-06\/procimmo-kauft-in-der-nordwestschweiz-zu\/","og_locale":"fr_FR","og_type":"article","og_title":"Procimmo kauft in der Nordwestschweiz zu","og_description":"Der Procimmo Swiss Commercial Fund II hat zwei Bestandesliegenschaften mit einem Marktwert von insgesamt rund 25 Millionen CHF erworben.","og_url":"https:\/\/www.immobilienbusiness.ch\/fr\/allgemein\/2016-04-06\/procimmo-kauft-in-der-nordwestschweiz-zu\/","og_site_name":"IMMOBILIEN Business","article_publisher":"https:\/\/www.facebook.com\/immobilienbusiness\/","article_published_time":"2016-04-06T06:22:08+00:00","author":"Redaktion","twitter_card":"summary_large_image","twitter_image":"https:\/\/www.immobilienbusiness.ch\/wp-content\/uploads\/2016\/12\/Procimmo-kauft-in-der-Nordwestschweiz-zu-immobilien-business.png","schema":{"@context":"https:\/\/schema.org","@graph":[{"@type":"Article","@id":"https:\/\/www.immobilienbusiness.ch\/en\/allgemein\/2016-04-06\/procimmo-kauft-in-der-nordwestschweiz-zu\/#article","isPartOf":{"@id":"https:\/\/www.immobilienbusiness.ch\/en\/allgemein\/2016-04-06\/procimmo-kauft-in-der-nordwestschweiz-zu\/"},"author":{"name":"Redaktion","@id":"https:\/\/www.immobilienbusiness.ch\/#\/schema\/person\/aa2bace6c5c5aad60102004a50c4eb1c"},"headline":"Procimmo kauft in der Nordwestschweiz zu","datePublished":"2016-04-06T06:22:08+00:00","mainEntityOfPage":{"@id":"https:\/\/www.immobilienbusiness.ch\/en\/allgemein\/2016-04-06\/procimmo-kauft-in-der-nordwestschweiz-zu\/"},"wordCount":148,"commentCount":0,"publisher":{"@id":"https:\/\/www.immobilienbusiness.ch\/#organization"},"image":{"@id":"https:\/\/www.immobilienbusiness.ch\/en\/allgemein\/2016-04-06\/procimmo-kauft-in-der-nordwestschweiz-zu\/#primaryimage"},"thumbnailUrl":"https:\/\/www.immobilienbusiness.ch\/wp-content\/uploads\/2016\/12\/Procimmo-kauft-in-der-Nordwestschweiz-zu-immobilien-business.png","keywords":["Indirekte Immobilienanlagen","Logistik","Nord-West-Schweiz"],"articleSection":["Allgemein"],"inLanguage":"fr-FR"},{"@type":"WebPage","@id":"https:\/\/www.immobilienbusiness.ch\/en\/allgemein\/2016-04-06\/procimmo-kauft-in-der-nordwestschweiz-zu\/","url":"https:\/\/www.immobilienbusiness.ch\/en\/allgemein\/2016-04-06\/procimmo-kauft-in-der-nordwestschweiz-zu\/","name":"Immobilien Nordwestschweiz: Procimmo kauft zu","isPartOf":{"@id":"https:\/\/www.immobilienbusiness.ch\/#website"},"primaryImageOfPage":{"@id":"https:\/\/www.immobilienbusiness.ch\/en\/allgemein\/2016-04-06\/procimmo-kauft-in-der-nordwestschweiz-zu\/#primaryimage"},"image":{"@id":"https:\/\/www.immobilienbusiness.ch\/en\/allgemein\/2016-04-06\/procimmo-kauft-in-der-nordwestschweiz-zu\/#primaryimage"},"thumbnailUrl":"https:\/\/www.immobilienbusiness.ch\/wp-content\/uploads\/2016\/12\/Procimmo-kauft-in-der-Nordwestschweiz-zu-immobilien-business.png","datePublished":"2016-04-06T06:22:08+00:00","description":"Procimmo erweitert das Immobilienportfolio in der Nordwestschweiz mit zwei neuen Objekten in Pratteln und W\u00fcrenlos.","breadcrumb":{"@id":"https:\/\/www.immobilienbusiness.ch\/en\/allgemein\/2016-04-06\/procimmo-kauft-in-der-nordwestschweiz-zu\/#breadcrumb"},"inLanguage":"fr-FR","potentialAction":[{"@type":"ReadAction","target":["https:\/\/www.immobilienbusiness.ch\/en\/allgemein\/2016-04-06\/procimmo-kauft-in-der-nordwestschweiz-zu\/"]}]},{"@type":"ImageObject","inLanguage":"fr-FR","@id":"https:\/\/www.immobilienbusiness.ch\/en\/allgemein\/2016-04-06\/procimmo-kauft-in-der-nordwestschweiz-zu\/#primaryimage","url":"https:\/\/www.immobilienbusiness.ch\/wp-content\/uploads\/2016\/12\/Procimmo-kauft-in-der-Nordwestschweiz-zu-immobilien-business.png","contentUrl":"https:\/\/www.immobilienbusiness.ch\/wp-content\/uploads\/2016\/12\/Procimmo-kauft-in-der-Nordwestschweiz-zu-immobilien-business.png","width":1280,"height":790,"caption":"Procimmo kauft in der Nordwestschweiz zu (Grafik: Pixabay)"},{"@type":"BreadcrumbList","@id":"https:\/\/www.immobilienbusiness.ch\/en\/allgemein\/2016-04-06\/procimmo-kauft-in-der-nordwestschweiz-zu\/#breadcrumb","itemListElement":[{"@type":"ListItem","position":1,"name":"Home","item":"https:\/\/www.immobilienbusiness.ch\/"},{"@type":"ListItem","position":2,"name":"Procimmo kauft in der Nordwestschweiz zu"}]},{"@type":"WebSite","@id":"https:\/\/www.immobilienbusiness.ch\/#website","url":"https:\/\/www.immobilienbusiness.ch\/","name":"IMMOBILIER Business","description":"Magazine \u00e9conomique suisse ind\u00e9pendant ax\u00e9 sur l'immobilier, l'architecture et la construction ainsi que sur les investissements et le financement.","publisher":{"@id":"https:\/\/www.immobilienbusiness.ch\/#organization"},"potentialAction":[{"@type":"SearchAction","target":{"@type":"EntryPoint","urlTemplate":"https:\/\/www.immobilienbusiness.ch\/?s={search_term_string}"},"query-input":{"@type":"PropertyValueSpecification","valueRequired":true,"valueName":"search_term_string"}}],"inLanguage":"fr-FR"},{"@type":"Organization","@id":"https:\/\/www.immobilienbusiness.ch\/#organization","name":"IMMOBILIER Business","url":"https:\/\/www.immobilienbusiness.ch\/","logo":{"@type":"ImageObject","inLanguage":"fr-FR","@id":"https:\/\/www.immobilienbusiness.ch\/#\/schema\/logo\/image\/","url":"https:\/\/www.immobilienbusiness.ch\/wp-content\/uploads\/2021\/07\/logo_ib.png","contentUrl":"https:\/\/www.immobilienbusiness.ch\/wp-content\/uploads\/2021\/07\/logo_ib.png","width":800,"height":181,"caption":"IMMOBILIEN Business"},"image":{"@id":"https:\/\/www.immobilienbusiness.ch\/#\/schema\/logo\/image\/"},"sameAs":["https:\/\/www.facebook.com\/immobilienbusiness\/"]},{"@type":"Person","@id":"https:\/\/www.immobilienbusiness.ch\/#\/schema\/person\/aa2bace6c5c5aad60102004a50c4eb1c","name":"Editorial","image":{"@type":"ImageObject","inLanguage":"fr-FR","@id":"https:\/\/secure.gravatar.com\/avatar\/ae2f4d718e6c49043e314ce431e7e645d646302a24a5ef5a8bc8e3f5a032e319?s=96&d=mm&r=g","url":"https:\/\/secure.gravatar.com\/avatar\/ae2f4d718e6c49043e314ce431e7e645d646302a24a5ef5a8bc8e3f5a032e319?s=96&d=mm&r=g","contentUrl":"https:\/\/secure.gravatar.com\/avatar\/ae2f4d718e6c49043e314ce431e7e645d646302a24a5ef5a8bc8e3f5a032e319?s=96&d=mm&r=g","caption":"Redaktion"},"sameAs":["http:\/\/develop.organisator.galledia.ch"],"url":"https:\/\/www.immobilienbusiness.ch\/fr\/author\/admin\/"}]}},"_links":{"self":[{"href":"https:\/\/www.immobilienbusiness.ch\/fr\/wp-json\/wp\/v2\/posts\/2820","targetHints":{"allow":["GET"]}}],"collection":[{"href":"https:\/\/www.immobilienbusiness.ch\/fr\/wp-json\/wp\/v2\/posts"}],"about":[{"href":"https:\/\/www.immobilienbusiness.ch\/fr\/wp-json\/wp\/v2\/types\/post"}],"author":[{"embeddable":true,"href":"https:\/\/www.immobilienbusiness.ch\/fr\/wp-json\/wp\/v2\/users\/1"}],"replies":[{"embeddable":true,"href":"https:\/\/www.immobilienbusiness.ch\/fr\/wp-json\/wp\/v2\/comments?post=2820"}],"version-history":[{"count":0,"href":"https:\/\/www.immobilienbusiness.ch\/fr\/wp-json\/wp\/v2\/posts\/2820\/revisions"}],"wp:featuredmedia":[{"embeddable":true,"href":"https:\/\/www.immobilienbusiness.ch\/fr\/wp-json\/wp\/v2\/media\/2821"}],"wp:attachment":[{"href":"https:\/\/www.immobilienbusiness.ch\/fr\/wp-json\/wp\/v2\/media?parent=2820"}],"wp:term":[{"taxonomy":"category","embeddable":true,"href":"https:\/\/www.immobilienbusiness.ch\/fr\/wp-json\/wp\/v2\/categories?post=2820"},{"taxonomy":"post_tag","embeddable":true,"href":"https:\/\/www.immobilienbusiness.ch\/fr\/wp-json\/wp\/v2\/tags?post=2820"}],"curies":[{"name":"wp","href":"https:\/\/api.w.org\/{rel}","templated":true}]}}