{"id":2804,"date":"2016-04-05T09:04:46","date_gmt":"2016-04-05T07:04:46","guid":{"rendered":"http:\/\/dev.immobilienbusiness.ch\/?p=2804"},"modified":"2016-04-05T09:04:46","modified_gmt":"2016-04-05T07:04:46","slug":"peach-property-kauft-erneut-in-deutschland-zu","status":"publish","type":"post","link":"https:\/\/www.immobilienbusiness.ch\/fr\/residential\/2016-04-05\/peach-property-kauft-erneut-in-deutschland-zu\/","title":{"rendered":"Peach Property fait de nouvelles acquisitions en Allemagne"},"content":{"rendered":"<figure id=\"attachment_2805\" aria-describedby=\"caption-attachment-2805\" style=\"width: 680px\" class=\"wp-caption alignnone\"><img loading=\"lazy\" decoding=\"async\" class=\"size-medium wp-image-2805\" src=\"https:\/\/immobilienbusiness.ch\/wp-content\/uploads\/2016\/12\/Peach-Property-kauft-erneut-in-Deutschland-zu-immobilien-business.jpg\" alt=\"Die Innenstadt von Munster (Foto: Frank Vincentz - Eigenes Werk, CC BY-SA 3.0, Wikimedia Commons)\" width=\"680\" height=\"453\" srcset=\"https:\/\/www.immobilienbusiness.ch\/wp-content\/uploads\/2016\/12\/Peach-Property-kauft-erneut-in-Deutschland-zu-immobilien-business.jpg 2560w, https:\/\/www.immobilienbusiness.ch\/wp-content\/uploads\/2016\/12\/Peach-Property-kauft-erneut-in-Deutschland-zu-immobilien-business-300x200.jpg 300w, https:\/\/www.immobilienbusiness.ch\/wp-content\/uploads\/2016\/12\/Peach-Property-kauft-erneut-in-Deutschland-zu-immobilien-business-1024x683.jpg 1024w, https:\/\/www.immobilienbusiness.ch\/wp-content\/uploads\/2016\/12\/Peach-Property-kauft-erneut-in-Deutschland-zu-immobilien-business-768x512.jpg 768w, https:\/\/www.immobilienbusiness.ch\/wp-content\/uploads\/2016\/12\/Peach-Property-kauft-erneut-in-Deutschland-zu-immobilien-business-1536x1024.jpg 1536w, https:\/\/www.immobilienbusiness.ch\/wp-content\/uploads\/2016\/12\/Peach-Property-kauft-erneut-in-Deutschland-zu-immobilien-business-2048x1365.jpg 2048w, https:\/\/www.immobilienbusiness.ch\/wp-content\/uploads\/2016\/12\/Peach-Property-kauft-erneut-in-Deutschland-zu-immobilien-business-16x12.jpg 16w, https:\/\/www.immobilienbusiness.ch\/wp-content\/uploads\/2016\/12\/Peach-Property-kauft-erneut-in-Deutschland-zu-immobilien-business-263x175.jpg 263w, https:\/\/www.immobilienbusiness.ch\/wp-content\/uploads\/2016\/12\/Peach-Property-kauft-erneut-in-Deutschland-zu-immobilien-business-525x350.jpg 525w, https:\/\/www.immobilienbusiness.ch\/wp-content\/uploads\/2016\/12\/Peach-Property-kauft-erneut-in-Deutschland-zu-immobilien-business-1200x800.jpg 1200w, https:\/\/www.immobilienbusiness.ch\/wp-content\/uploads\/2016\/12\/Peach-Property-kauft-erneut-in-Deutschland-zu-immobilien-business-920x613.jpg 920w, https:\/\/www.immobilienbusiness.ch\/wp-content\/uploads\/2016\/12\/Peach-Property-kauft-erneut-in-Deutschland-zu-immobilien-business-1400x933.jpg 1400w\" sizes=\"auto, (max-width: 680px) 100vw, 680px\" \/><figcaption id=\"caption-attachment-2805\" class=\"wp-caption-text\">Le centre-ville de Munster (photo : Frank Vincentz - \u0153uvre personnelle, CC BY-SA 3.0, Wikimedia Commons)<\/figcaption><\/figure>\n<p>Gr\u00e2ce \u00e0 cette acquisition, le nombre d'appartements dans le portefeuille de Peach Property Group passe \u00e0 2 250 unit\u00e9s au total et la surface habitable louable augmente de 19 700 m\u00b2 pour atteindre un total d'environ 150 000 m\u00b2. La transaction devrait \u00eatre finalis\u00e9e en mai 2016.<\/p>\n<p>Le loyer annuel th\u00e9orique des appartements acquis dans le cadre d'une situation particuli\u00e8re s'\u00e9l\u00e8ve \u00e0 environ un million d'euros (1,1 million de CHF). Le taux d'inoccupation du portefeuille de logements est d'environ 50 pour cent. Le rendement brut initial du portefeuille de logements est n\u00e9anmoins sup\u00e9rieur \u00e0 dix pour cent, selon Peach Property.<\/p>\n<p>Le groupe veut revitaliser le portefeuille de logements et r\u00e9duire ainsi le taux de vacance. La \"cit\u00e9-jardin dans la lande de Lunebourg\" voisine de Munster sert de mod\u00e8le \u00e0 cet \u00e9gard ; Peach Property a pu y r\u00e9duire le taux d'inoccupation \u00e0 moins de cinq pour cent gr\u00e2ce \u00e0 des mesures de revitalisation. En outre, la gestion commune du portefeuille de logements existant \u00e0 Munster et des nouvelles unit\u00e9s d'habitation acquises dans les environs permettrait de r\u00e9aliser des gains d'efficacit\u00e9 consid\u00e9rables, ajoute le communiqu\u00e9.<\/p>\n<p>Munster est une petite ville situ\u00e9e dans la lande de Lunebourg, presque exactement entre Hambourg et Hanovre. Si l'on consid\u00e8re le nombre de soldats qui y sont stationn\u00e9s, Munster est le plus grand site de l'arm\u00e9e allemande et le quatri\u00e8me plus grand site de la Bundeswehr. (ah)<\/p>","protected":false},"excerpt":{"rendered":"<p>Peach Property Group poursuit l'extension de son portefeuille r\u00e9sidentiel dans le Land allemand de Basse-Saxe. L'investisseur a annonc\u00e9 qu'un contrat a \u00e9t\u00e9 authentifi\u00e9 pour l'achat de 287 appartements et de trois unit\u00e9s commerciales \u00e0 proximit\u00e9 du portefeuille d\u00e9j\u00e0 existant \u00e0 Munster.<\/p>","protected":false},"author":1,"featured_media":2805,"comment_status":"open","ping_status":"open","sticky":false,"template":"","format":"standard","meta":{"_acf_changed":false,"_yoast_wpseo_focuskw":"Wohnungsportfolio Expansion","_yoast_wpseo_title":"Wohnungsportfolio Expansion: Peach Property kauft erneut in Deutschland zu","_yoast_wpseo_metadesc":"Angesichts steigender Mieten erh\u00f6ht Peach Property durch Akquisitionen sein Wohnungsportfolio in Deutschland signifikant.","_yoast_wpseo_linkdex":53,"pgc_sgb_lightbox_settings":"","footnotes":""},"categories":[986,988],"tags":[1052,1639,1807,1862],"class_list":["post-2804","post","type-post","status-publish","format-standard","has-post-thumbnail","hentry","category-residential","category-unternehmen","tag-ausland","tag-residential","tag-unternehmen","tag-wohnen"],"acf":[],"yoast_head":"<!-- This site is optimized with the Yoast SEO plugin v27.4 - https:\/\/yoast.com\/product\/yoast-seo-wordpress\/ -->\n<title>Wohnungsportfolio Expansion: Peach Property kauft erneut in Deutschland zu<\/title>\n<meta name=\"description\" content=\"Angesichts steigender Mieten erh\u00f6ht Peach Property durch Akquisitionen sein Wohnungsportfolio in Deutschland signifikant.\" \/>\n<meta name=\"robots\" content=\"index, follow, max-snippet:-1, max-image-preview:large, max-video-preview:-1\" \/>\n<link rel=\"canonical\" href=\"https:\/\/www.immobilienbusiness.ch\/fr\/residential\/2016-04-05\/peach-property-kauft-erneut-in-deutschland-zu\/\" \/>\n<meta property=\"og:locale\" content=\"fr_FR\" \/>\n<meta property=\"og:type\" content=\"article\" \/>\n<meta property=\"og:title\" content=\"Peach Property kauft erneut in Deutschland zu\" \/>\n<meta property=\"og:description\" content=\"Die Peach Property Group baut ihr Wohnportfolio im deutschen Bundesland Niedersachsen weiter aus. Wie der Investor mitteilt, wurde ein Vertrag f\u00fcr den Kauf von 287 Wohnungen und drei Gewerbeeinheiten in der N\u00e4he des bereits bestehenden Portfolios in Munster beurkundet.\" \/>\n<meta property=\"og:url\" content=\"https:\/\/www.immobilienbusiness.ch\/fr\/residential\/2016-04-05\/peach-property-kauft-erneut-in-deutschland-zu\/\" \/>\n<meta property=\"og:site_name\" content=\"IMMOBILIEN Business\" \/>\n<meta property=\"article:publisher\" content=\"https:\/\/www.facebook.com\/immobilienbusiness\/\" \/>\n<meta property=\"article:published_time\" content=\"2016-04-05T07:04:46+00:00\" \/>\n<meta name=\"author\" content=\"Redaktion\" \/>\n<meta name=\"twitter:card\" content=\"summary_large_image\" \/>\n<meta name=\"twitter:image\" content=\"https:\/\/www.immobilienbusiness.ch\/wp-content\/uploads\/2016\/12\/Peach-Property-kauft-erneut-in-Deutschland-zu-immobilien-business.jpg\" \/>\n<script type=\"application\/ld+json\" class=\"yoast-schema-graph\">{\"@context\":\"https:\\\/\\\/schema.org\",\"@graph\":[{\"@type\":\"Article\",\"@id\":\"https:\\\/\\\/www.immobilienbusiness.ch\\\/residential\\\/2016-04-05\\\/peach-property-kauft-erneut-in-deutschland-zu\\\/#article\",\"isPartOf\":{\"@id\":\"https:\\\/\\\/www.immobilienbusiness.ch\\\/residential\\\/2016-04-05\\\/peach-property-kauft-erneut-in-deutschland-zu\\\/\"},\"author\":{\"name\":\"Redaktion\",\"@id\":\"https:\\\/\\\/www.immobilienbusiness.ch\\\/#\\\/schema\\\/person\\\/aa2bace6c5c5aad60102004a50c4eb1c\"},\"headline\":\"Peach Property kauft erneut in Deutschland zu\",\"datePublished\":\"2016-04-05T07:04:46+00:00\",\"mainEntityOfPage\":{\"@id\":\"https:\\\/\\\/www.immobilienbusiness.ch\\\/residential\\\/2016-04-05\\\/peach-property-kauft-erneut-in-deutschland-zu\\\/\"},\"wordCount\":220,\"commentCount\":0,\"publisher\":{\"@id\":\"https:\\\/\\\/www.immobilienbusiness.ch\\\/#organization\"},\"image\":{\"@id\":\"https:\\\/\\\/www.immobilienbusiness.ch\\\/residential\\\/2016-04-05\\\/peach-property-kauft-erneut-in-deutschland-zu\\\/#primaryimage\"},\"thumbnailUrl\":\"https:\\\/\\\/www.immobilienbusiness.ch\\\/wp-content\\\/uploads\\\/2016\\\/12\\\/Peach-Property-kauft-erneut-in-Deutschland-zu-immobilien-business.jpg\",\"keywords\":[\"Ausland\",\"Residential\",\"Unternehmen\",\"Wohnen\"],\"articleSection\":[\"RESIDENTIAL\",\"UNTERNEHMEN\"],\"inLanguage\":\"fr-FR\"},{\"@type\":\"WebPage\",\"@id\":\"https:\\\/\\\/www.immobilienbusiness.ch\\\/residential\\\/2016-04-05\\\/peach-property-kauft-erneut-in-deutschland-zu\\\/\",\"url\":\"https:\\\/\\\/www.immobilienbusiness.ch\\\/residential\\\/2016-04-05\\\/peach-property-kauft-erneut-in-deutschland-zu\\\/\",\"name\":\"Wohnungsportfolio Expansion: Peach Property kauft erneut in Deutschland zu\",\"isPartOf\":{\"@id\":\"https:\\\/\\\/www.immobilienbusiness.ch\\\/#website\"},\"primaryImageOfPage\":{\"@id\":\"https:\\\/\\\/www.immobilienbusiness.ch\\\/residential\\\/2016-04-05\\\/peach-property-kauft-erneut-in-deutschland-zu\\\/#primaryimage\"},\"image\":{\"@id\":\"https:\\\/\\\/www.immobilienbusiness.ch\\\/residential\\\/2016-04-05\\\/peach-property-kauft-erneut-in-deutschland-zu\\\/#primaryimage\"},\"thumbnailUrl\":\"https:\\\/\\\/www.immobilienbusiness.ch\\\/wp-content\\\/uploads\\\/2016\\\/12\\\/Peach-Property-kauft-erneut-in-Deutschland-zu-immobilien-business.jpg\",\"datePublished\":\"2016-04-05T07:04:46+00:00\",\"description\":\"Angesichts steigender Mieten erh\u00f6ht Peach Property durch Akquisitionen sein Wohnungsportfolio in Deutschland signifikant.\",\"breadcrumb\":{\"@id\":\"https:\\\/\\\/www.immobilienbusiness.ch\\\/residential\\\/2016-04-05\\\/peach-property-kauft-erneut-in-deutschland-zu\\\/#breadcrumb\"},\"inLanguage\":\"fr-FR\",\"potentialAction\":[{\"@type\":\"ReadAction\",\"target\":[\"https:\\\/\\\/www.immobilienbusiness.ch\\\/residential\\\/2016-04-05\\\/peach-property-kauft-erneut-in-deutschland-zu\\\/\"]}]},{\"@type\":\"ImageObject\",\"inLanguage\":\"fr-FR\",\"@id\":\"https:\\\/\\\/www.immobilienbusiness.ch\\\/residential\\\/2016-04-05\\\/peach-property-kauft-erneut-in-deutschland-zu\\\/#primaryimage\",\"url\":\"https:\\\/\\\/www.immobilienbusiness.ch\\\/wp-content\\\/uploads\\\/2016\\\/12\\\/Peach-Property-kauft-erneut-in-Deutschland-zu-immobilien-business.jpg\",\"contentUrl\":\"https:\\\/\\\/www.immobilienbusiness.ch\\\/wp-content\\\/uploads\\\/2016\\\/12\\\/Peach-Property-kauft-erneut-in-Deutschland-zu-immobilien-business.jpg\",\"width\":2560,\"height\":1707,\"caption\":\"Die Innenstadt von Munster (Foto: Frank Vincentz - Eigenes Werk, CC BY-SA 3.0, Wikimedia Commons)\"},{\"@type\":\"BreadcrumbList\",\"@id\":\"https:\\\/\\\/www.immobilienbusiness.ch\\\/residential\\\/2016-04-05\\\/peach-property-kauft-erneut-in-deutschland-zu\\\/#breadcrumb\",\"itemListElement\":[{\"@type\":\"ListItem\",\"position\":1,\"name\":\"Home\",\"item\":\"https:\\\/\\\/www.immobilienbusiness.ch\\\/\"},{\"@type\":\"ListItem\",\"position\":2,\"name\":\"Peach Property kauft erneut in Deutschland zu\"}]},{\"@type\":\"WebSite\",\"@id\":\"https:\\\/\\\/www.immobilienbusiness.ch\\\/#website\",\"url\":\"https:\\\/\\\/www.immobilienbusiness.ch\\\/\",\"name\":\"IMMOBILIEN Business\",\"description\":\"Unabh\u00e4ngiges Schweizer Wirtschaftsmagazin mit Fokus auf Immobilien, Architektur- und Bau sowie Investment- und Finanzierung.\",\"publisher\":{\"@id\":\"https:\\\/\\\/www.immobilienbusiness.ch\\\/#organization\"},\"potentialAction\":[{\"@type\":\"SearchAction\",\"target\":{\"@type\":\"EntryPoint\",\"urlTemplate\":\"https:\\\/\\\/www.immobilienbusiness.ch\\\/?s={search_term_string}\"},\"query-input\":{\"@type\":\"PropertyValueSpecification\",\"valueRequired\":true,\"valueName\":\"search_term_string\"}}],\"inLanguage\":\"fr-FR\"},{\"@type\":\"Organization\",\"@id\":\"https:\\\/\\\/www.immobilienbusiness.ch\\\/#organization\",\"name\":\"IMMOBILIEN Business\",\"url\":\"https:\\\/\\\/www.immobilienbusiness.ch\\\/\",\"logo\":{\"@type\":\"ImageObject\",\"inLanguage\":\"fr-FR\",\"@id\":\"https:\\\/\\\/www.immobilienbusiness.ch\\\/#\\\/schema\\\/logo\\\/image\\\/\",\"url\":\"https:\\\/\\\/www.immobilienbusiness.ch\\\/wp-content\\\/uploads\\\/2021\\\/07\\\/logo_ib.png\",\"contentUrl\":\"https:\\\/\\\/www.immobilienbusiness.ch\\\/wp-content\\\/uploads\\\/2021\\\/07\\\/logo_ib.png\",\"width\":800,\"height\":181,\"caption\":\"IMMOBILIEN Business\"},\"image\":{\"@id\":\"https:\\\/\\\/www.immobilienbusiness.ch\\\/#\\\/schema\\\/logo\\\/image\\\/\"},\"sameAs\":[\"https:\\\/\\\/www.facebook.com\\\/immobilienbusiness\\\/\"]},{\"@type\":\"Person\",\"@id\":\"https:\\\/\\\/www.immobilienbusiness.ch\\\/#\\\/schema\\\/person\\\/aa2bace6c5c5aad60102004a50c4eb1c\",\"name\":\"Redaktion\",\"image\":{\"@type\":\"ImageObject\",\"inLanguage\":\"fr-FR\",\"@id\":\"https:\\\/\\\/secure.gravatar.com\\\/avatar\\\/ae2f4d718e6c49043e314ce431e7e645d646302a24a5ef5a8bc8e3f5a032e319?s=96&d=mm&r=g\",\"url\":\"https:\\\/\\\/secure.gravatar.com\\\/avatar\\\/ae2f4d718e6c49043e314ce431e7e645d646302a24a5ef5a8bc8e3f5a032e319?s=96&d=mm&r=g\",\"contentUrl\":\"https:\\\/\\\/secure.gravatar.com\\\/avatar\\\/ae2f4d718e6c49043e314ce431e7e645d646302a24a5ef5a8bc8e3f5a032e319?s=96&d=mm&r=g\",\"caption\":\"Redaktion\"},\"sameAs\":[\"http:\\\/\\\/develop.organisator.galledia.ch\"],\"url\":\"https:\\\/\\\/www.immobilienbusiness.ch\\\/fr\\\/author\\\/admin\\\/\"}]}<\/script>\n<!-- \/ Yoast SEO plugin. -->","yoast_head_json":{"title":"Wohnungsportfolio Expansion: Peach Property kauft erneut in Deutschland zu","description":"Angesichts steigender Mieten erh\u00f6ht Peach Property durch Akquisitionen sein Wohnungsportfolio in Deutschland signifikant.","robots":{"index":"index","follow":"follow","max-snippet":"max-snippet:-1","max-image-preview":"max-image-preview:large","max-video-preview":"max-video-preview:-1"},"canonical":"https:\/\/www.immobilienbusiness.ch\/fr\/residential\/2016-04-05\/peach-property-kauft-erneut-in-deutschland-zu\/","og_locale":"fr_FR","og_type":"article","og_title":"Peach Property kauft erneut in Deutschland zu","og_description":"Die Peach Property Group baut ihr Wohnportfolio im deutschen Bundesland Niedersachsen weiter aus. Wie der Investor mitteilt, wurde ein Vertrag f\u00fcr den Kauf von 287 Wohnungen und drei Gewerbeeinheiten in der N\u00e4he des bereits bestehenden Portfolios in Munster beurkundet.","og_url":"https:\/\/www.immobilienbusiness.ch\/fr\/residential\/2016-04-05\/peach-property-kauft-erneut-in-deutschland-zu\/","og_site_name":"IMMOBILIEN Business","article_publisher":"https:\/\/www.facebook.com\/immobilienbusiness\/","article_published_time":"2016-04-05T07:04:46+00:00","author":"Redaktion","twitter_card":"summary_large_image","twitter_image":"https:\/\/www.immobilienbusiness.ch\/wp-content\/uploads\/2016\/12\/Peach-Property-kauft-erneut-in-Deutschland-zu-immobilien-business.jpg","schema":{"@context":"https:\/\/schema.org","@graph":[{"@type":"Article","@id":"https:\/\/www.immobilienbusiness.ch\/residential\/2016-04-05\/peach-property-kauft-erneut-in-deutschland-zu\/#article","isPartOf":{"@id":"https:\/\/www.immobilienbusiness.ch\/residential\/2016-04-05\/peach-property-kauft-erneut-in-deutschland-zu\/"},"author":{"name":"Redaktion","@id":"https:\/\/www.immobilienbusiness.ch\/#\/schema\/person\/aa2bace6c5c5aad60102004a50c4eb1c"},"headline":"Peach Property kauft erneut in Deutschland zu","datePublished":"2016-04-05T07:04:46+00:00","mainEntityOfPage":{"@id":"https:\/\/www.immobilienbusiness.ch\/residential\/2016-04-05\/peach-property-kauft-erneut-in-deutschland-zu\/"},"wordCount":220,"commentCount":0,"publisher":{"@id":"https:\/\/www.immobilienbusiness.ch\/#organization"},"image":{"@id":"https:\/\/www.immobilienbusiness.ch\/residential\/2016-04-05\/peach-property-kauft-erneut-in-deutschland-zu\/#primaryimage"},"thumbnailUrl":"https:\/\/www.immobilienbusiness.ch\/wp-content\/uploads\/2016\/12\/Peach-Property-kauft-erneut-in-Deutschland-zu-immobilien-business.jpg","keywords":["Ausland","Residential","Unternehmen","Wohnen"],"articleSection":["RESIDENTIAL","UNTERNEHMEN"],"inLanguage":"fr-FR"},{"@type":"WebPage","@id":"https:\/\/www.immobilienbusiness.ch\/residential\/2016-04-05\/peach-property-kauft-erneut-in-deutschland-zu\/","url":"https:\/\/www.immobilienbusiness.ch\/residential\/2016-04-05\/peach-property-kauft-erneut-in-deutschland-zu\/","name":"Wohnungsportfolio Expansion: Peach Property kauft erneut in Deutschland zu","isPartOf":{"@id":"https:\/\/www.immobilienbusiness.ch\/#website"},"primaryImageOfPage":{"@id":"https:\/\/www.immobilienbusiness.ch\/residential\/2016-04-05\/peach-property-kauft-erneut-in-deutschland-zu\/#primaryimage"},"image":{"@id":"https:\/\/www.immobilienbusiness.ch\/residential\/2016-04-05\/peach-property-kauft-erneut-in-deutschland-zu\/#primaryimage"},"thumbnailUrl":"https:\/\/www.immobilienbusiness.ch\/wp-content\/uploads\/2016\/12\/Peach-Property-kauft-erneut-in-Deutschland-zu-immobilien-business.jpg","datePublished":"2016-04-05T07:04:46+00:00","description":"Angesichts steigender Mieten erh\u00f6ht Peach Property durch Akquisitionen sein Wohnungsportfolio in Deutschland signifikant.","breadcrumb":{"@id":"https:\/\/www.immobilienbusiness.ch\/residential\/2016-04-05\/peach-property-kauft-erneut-in-deutschland-zu\/#breadcrumb"},"inLanguage":"fr-FR","potentialAction":[{"@type":"ReadAction","target":["https:\/\/www.immobilienbusiness.ch\/residential\/2016-04-05\/peach-property-kauft-erneut-in-deutschland-zu\/"]}]},{"@type":"ImageObject","inLanguage":"fr-FR","@id":"https:\/\/www.immobilienbusiness.ch\/residential\/2016-04-05\/peach-property-kauft-erneut-in-deutschland-zu\/#primaryimage","url":"https:\/\/www.immobilienbusiness.ch\/wp-content\/uploads\/2016\/12\/Peach-Property-kauft-erneut-in-Deutschland-zu-immobilien-business.jpg","contentUrl":"https:\/\/www.immobilienbusiness.ch\/wp-content\/uploads\/2016\/12\/Peach-Property-kauft-erneut-in-Deutschland-zu-immobilien-business.jpg","width":2560,"height":1707,"caption":"Die Innenstadt von Munster (Foto: Frank Vincentz - Eigenes Werk, CC BY-SA 3.0, Wikimedia Commons)"},{"@type":"BreadcrumbList","@id":"https:\/\/www.immobilienbusiness.ch\/residential\/2016-04-05\/peach-property-kauft-erneut-in-deutschland-zu\/#breadcrumb","itemListElement":[{"@type":"ListItem","position":1,"name":"Home","item":"https:\/\/www.immobilienbusiness.ch\/"},{"@type":"ListItem","position":2,"name":"Peach Property kauft erneut in Deutschland zu"}]},{"@type":"WebSite","@id":"https:\/\/www.immobilienbusiness.ch\/#website","url":"https:\/\/www.immobilienbusiness.ch\/","name":"IMMOBILIER Business","description":"Magazine \u00e9conomique suisse ind\u00e9pendant ax\u00e9 sur l'immobilier, l'architecture et la construction ainsi que sur les investissements et le financement.","publisher":{"@id":"https:\/\/www.immobilienbusiness.ch\/#organization"},"potentialAction":[{"@type":"SearchAction","target":{"@type":"EntryPoint","urlTemplate":"https:\/\/www.immobilienbusiness.ch\/?s={search_term_string}"},"query-input":{"@type":"PropertyValueSpecification","valueRequired":true,"valueName":"search_term_string"}}],"inLanguage":"fr-FR"},{"@type":"Organization","@id":"https:\/\/www.immobilienbusiness.ch\/#organization","name":"IMMOBILIER Business","url":"https:\/\/www.immobilienbusiness.ch\/","logo":{"@type":"ImageObject","inLanguage":"fr-FR","@id":"https:\/\/www.immobilienbusiness.ch\/#\/schema\/logo\/image\/","url":"https:\/\/www.immobilienbusiness.ch\/wp-content\/uploads\/2021\/07\/logo_ib.png","contentUrl":"https:\/\/www.immobilienbusiness.ch\/wp-content\/uploads\/2021\/07\/logo_ib.png","width":800,"height":181,"caption":"IMMOBILIEN Business"},"image":{"@id":"https:\/\/www.immobilienbusiness.ch\/#\/schema\/logo\/image\/"},"sameAs":["https:\/\/www.facebook.com\/immobilienbusiness\/"]},{"@type":"Person","@id":"https:\/\/www.immobilienbusiness.ch\/#\/schema\/person\/aa2bace6c5c5aad60102004a50c4eb1c","name":"Editorial","image":{"@type":"ImageObject","inLanguage":"fr-FR","@id":"https:\/\/secure.gravatar.com\/avatar\/ae2f4d718e6c49043e314ce431e7e645d646302a24a5ef5a8bc8e3f5a032e319?s=96&d=mm&r=g","url":"https:\/\/secure.gravatar.com\/avatar\/ae2f4d718e6c49043e314ce431e7e645d646302a24a5ef5a8bc8e3f5a032e319?s=96&d=mm&r=g","contentUrl":"https:\/\/secure.gravatar.com\/avatar\/ae2f4d718e6c49043e314ce431e7e645d646302a24a5ef5a8bc8e3f5a032e319?s=96&d=mm&r=g","caption":"Redaktion"},"sameAs":["http:\/\/develop.organisator.galledia.ch"],"url":"https:\/\/www.immobilienbusiness.ch\/fr\/author\/admin\/"}]}},"_links":{"self":[{"href":"https:\/\/www.immobilienbusiness.ch\/fr\/wp-json\/wp\/v2\/posts\/2804","targetHints":{"allow":["GET"]}}],"collection":[{"href":"https:\/\/www.immobilienbusiness.ch\/fr\/wp-json\/wp\/v2\/posts"}],"about":[{"href":"https:\/\/www.immobilienbusiness.ch\/fr\/wp-json\/wp\/v2\/types\/post"}],"author":[{"embeddable":true,"href":"https:\/\/www.immobilienbusiness.ch\/fr\/wp-json\/wp\/v2\/users\/1"}],"replies":[{"embeddable":true,"href":"https:\/\/www.immobilienbusiness.ch\/fr\/wp-json\/wp\/v2\/comments?post=2804"}],"version-history":[{"count":0,"href":"https:\/\/www.immobilienbusiness.ch\/fr\/wp-json\/wp\/v2\/posts\/2804\/revisions"}],"wp:featuredmedia":[{"embeddable":true,"href":"https:\/\/www.immobilienbusiness.ch\/fr\/wp-json\/wp\/v2\/media\/2805"}],"wp:attachment":[{"href":"https:\/\/www.immobilienbusiness.ch\/fr\/wp-json\/wp\/v2\/media?parent=2804"}],"wp:term":[{"taxonomy":"category","embeddable":true,"href":"https:\/\/www.immobilienbusiness.ch\/fr\/wp-json\/wp\/v2\/categories?post=2804"},{"taxonomy":"post_tag","embeddable":true,"href":"https:\/\/www.immobilienbusiness.ch\/fr\/wp-json\/wp\/v2\/tags?post=2804"}],"curies":[{"name":"wp","href":"https:\/\/api.w.org\/{rel}","templated":true}]}}