{"id":2798,"date":"2016-04-04T08:31:46","date_gmt":"2016-04-04T06:31:46","guid":{"rendered":"http:\/\/dev.immobilienbusiness.ch\/?p=2798"},"modified":"2016-04-04T08:31:46","modified_gmt":"2016-04-04T06:31:46","slug":"umsaetze-im-detailhandel-sinken","status":"publish","type":"post","link":"https:\/\/www.immobilienbusiness.ch\/fr\/retail\/2016-04-04\/umsaetze-im-detailhandel-sinken\/","title":{"rendered":"Les chiffres d'affaires du commerce de d\u00e9tail baissent"},"content":{"rendered":"<figure id=\"attachment_2799\" aria-describedby=\"caption-attachment-2799\" style=\"width: 680px\" class=\"wp-caption alignnone\"><img loading=\"lazy\" decoding=\"async\" class=\"size-medium wp-image-2799\" src=\"https:\/\/immobilienbusiness.ch\/wp-content\/uploads\/2016\/12\/Ums\u00e4tze-im-Detailhandel-sinken-immobilien-business.jpg\" alt=\"R\u00fcckl\u00e4ufige Ums\u00e4tze im Schweizer Detailhandel (Foto: Pixabay)\" width=\"680\" height=\"510\" \/><figcaption id=\"caption-attachment-2799\" class=\"wp-caption-text\">Recul des chiffres d'affaires dans le commerce de d\u00e9tail suisse (Photo : Pixabay)<\/figcaption><\/figure>\n<p>En f\u00e9vrier 2016, les chiffres d'affaires du commerce de d\u00e9tail en termes r\u00e9els, corrig\u00e9s des effets des ventes et des jours f\u00e9ri\u00e9s, ont baiss\u00e9 de 0,2% par rapport \u00e0 l'ann\u00e9e pr\u00e9c\u00e9dente. L'\u00e9volution r\u00e9elle tient compte du rench\u00e9rissement. Par rapport au mois pr\u00e9c\u00e9dent, les chiffres d'affaires du commerce de d\u00e9tail ont diminu\u00e9 de 0,4% en termes r\u00e9els, apr\u00e8s correction des variations saisonni\u00e8res.<\/p>\n<p>Corrig\u00e9 des effets des ventes et des jours f\u00e9ri\u00e9s, le commerce de d\u00e9tail hors stations-service a enregistr\u00e9 une baisse de 0,2% de son chiffre d'affaires nominal en f\u00e9vrier 2016 par rapport \u00e0 f\u00e9vrier 2015 (+0,3% en termes r\u00e9els). Le commerce de d\u00e9tail de denr\u00e9es alimentaires, boissons et tabac a enregistr\u00e9 une hausse de 0,5% de son chiffre d'affaires nominal (+0,7% en termes r\u00e9els), tandis que le secteur non alimentaire a enregistr\u00e9 une baisse de 1,1% en termes nominaux (+0,9% en termes r\u00e9els).<\/p>\n<p>En donn\u00e9es corrig\u00e9es des variations saisonni\u00e8res, le commerce de d\u00e9tail sans les carburants a enregistr\u00e9 en f\u00e9vrier une baisse nominale de 0,4% de son chiffre d'affaires par rapport au mois pr\u00e9c\u00e9dent (-0,4% en termes r\u00e9els). Le commerce de d\u00e9tail de denr\u00e9es alimentaires, boissons et tabac a enregistr\u00e9 une baisse nominale de 0,5% (-0,8% en termes r\u00e9els). Le secteur non alimentaire a enregistr\u00e9 une baisse nominale de 0,6% (0,0% en termes r\u00e9els). (ah)<\/p>","protected":false},"excerpt":{"rendered":"<p>En f\u00e9vrier 2016, les chiffres d'affaires du commerce de d\u00e9tail ont baiss\u00e9 de 0,9% en termes nominaux par rapport \u00e0 l'ann\u00e9e pr\u00e9c\u00e9dente. En donn\u00e9es corrig\u00e9es des variations saisonni\u00e8res, le recul par rapport au mois pr\u00e9c\u00e9dent \u00e9tait de moins 0,4%. C'est ce que montrent les r\u00e9sultats provisoires de l'Office f\u00e9d\u00e9ral de la statistique (OFS).<\/p>","protected":false},"author":1,"featured_media":2799,"comment_status":"open","ping_status":"open","sticky":false,"template":"","format":"standard","meta":{"_acf_changed":false,"_yoast_wpseo_focuskw":"Detailhandelsumsatz","_yoast_wpseo_title":"Detailhandelsumsatz: R\u00fcckgang im Februar 2016","_yoast_wpseo_metadesc":"Neue Zahlen zeigen, dass die realen Ums\u00e4tze im Schweizer Detailhandel im Februar 2016 leicht gefallen sind, trotz positiver Entwicklung bei Nahrungsmitteln.","_yoast_wpseo_linkdex":48,"pgc_sgb_lightbox_settings":"","footnotes":""},"categories":[987],"tags":[1472,1643],"class_list":["post-2798","post","type-post","status-publish","format-standard","has-post-thumbnail","hentry","category-retail","tag-maerkte","tag-retail"],"acf":[],"yoast_head":"<!-- This site is optimized with the Yoast SEO plugin v27.4 - https:\/\/yoast.com\/product\/yoast-seo-wordpress\/ -->\n<title>Detailhandelsumsatz: R\u00fcckgang im Februar 2016<\/title>\n<meta name=\"description\" content=\"Neue Zahlen zeigen, dass die realen Ums\u00e4tze im Schweizer Detailhandel im Februar 2016 leicht gefallen sind, trotz positiver Entwicklung bei Nahrungsmitteln.\" \/>\n<meta name=\"robots\" content=\"index, follow, max-snippet:-1, max-image-preview:large, max-video-preview:-1\" \/>\n<link rel=\"canonical\" href=\"https:\/\/www.immobilienbusiness.ch\/fr\/retail\/2016-04-04\/umsaetze-im-detailhandel-sinken\/\" \/>\n<meta property=\"og:locale\" content=\"fr_FR\" \/>\n<meta property=\"og:type\" content=\"article\" \/>\n<meta property=\"og:title\" content=\"Ums\u00e4tze im Detailhandel sinken\" \/>\n<meta property=\"og:description\" content=\"Die Detailhandelsums\u00e4tze sind im Februar 2016 im Vergleich zum Vorjahr nominal um 0,9 Prozent gefallen. Saisonbereinigt lag der R\u00fcckgang gegen\u00fcber dem Vormonat bei minus 0,4 Prozent. Dies zeigen die provisorischen Ergebnisse des Bundesamtes f\u00fcr Statistik (BFS).\" \/>\n<meta property=\"og:url\" content=\"https:\/\/www.immobilienbusiness.ch\/fr\/retail\/2016-04-04\/umsaetze-im-detailhandel-sinken\/\" \/>\n<meta property=\"og:site_name\" content=\"IMMOBILIEN Business\" \/>\n<meta property=\"article:publisher\" content=\"https:\/\/www.facebook.com\/immobilienbusiness\/\" \/>\n<meta property=\"article:published_time\" content=\"2016-04-04T06:31:46+00:00\" \/>\n<meta name=\"author\" content=\"Redaktion\" \/>\n<meta name=\"twitter:card\" content=\"summary_large_image\" \/>\n<meta name=\"twitter:image\" content=\"https:\/\/www.immobilienbusiness.ch\/wp-content\/uploads\/2016\/12\/Umsaetze-im-Detailhandel-sinken-immobilien-business.jpg\" \/>\n<script type=\"application\/ld+json\" class=\"yoast-schema-graph\">{\"@context\":\"https:\\\/\\\/schema.org\",\"@graph\":[{\"@type\":\"Article\",\"@id\":\"https:\\\/\\\/www.immobilienbusiness.ch\\\/retail\\\/2016-04-04\\\/umsaetze-im-detailhandel-sinken\\\/#article\",\"isPartOf\":{\"@id\":\"https:\\\/\\\/www.immobilienbusiness.ch\\\/retail\\\/2016-04-04\\\/umsaetze-im-detailhandel-sinken\\\/\"},\"author\":{\"name\":\"Redaktion\",\"@id\":\"https:\\\/\\\/www.immobilienbusiness.ch\\\/#\\\/schema\\\/person\\\/aa2bace6c5c5aad60102004a50c4eb1c\"},\"headline\":\"Ums\u00e4tze im Detailhandel sinken\",\"datePublished\":\"2016-04-04T06:31:46+00:00\",\"mainEntityOfPage\":{\"@id\":\"https:\\\/\\\/www.immobilienbusiness.ch\\\/retail\\\/2016-04-04\\\/umsaetze-im-detailhandel-sinken\\\/\"},\"wordCount\":161,\"commentCount\":0,\"publisher\":{\"@id\":\"https:\\\/\\\/www.immobilienbusiness.ch\\\/#organization\"},\"image\":{\"@id\":\"https:\\\/\\\/www.immobilienbusiness.ch\\\/retail\\\/2016-04-04\\\/umsaetze-im-detailhandel-sinken\\\/#primaryimage\"},\"thumbnailUrl\":\"https:\\\/\\\/www.immobilienbusiness.ch\\\/wp-content\\\/uploads\\\/2016\\\/12\\\/Umsaetze-im-Detailhandel-sinken-immobilien-business.jpg\",\"keywords\":[\"M\u00e4rkte\",\"Retail\"],\"articleSection\":[\"RETAIL\"],\"inLanguage\":\"fr-FR\"},{\"@type\":\"WebPage\",\"@id\":\"https:\\\/\\\/www.immobilienbusiness.ch\\\/retail\\\/2016-04-04\\\/umsaetze-im-detailhandel-sinken\\\/\",\"url\":\"https:\\\/\\\/www.immobilienbusiness.ch\\\/retail\\\/2016-04-04\\\/umsaetze-im-detailhandel-sinken\\\/\",\"name\":\"Detailhandelsumsatz: R\u00fcckgang im Februar 2016\",\"isPartOf\":{\"@id\":\"https:\\\/\\\/www.immobilienbusiness.ch\\\/#website\"},\"primaryImageOfPage\":{\"@id\":\"https:\\\/\\\/www.immobilienbusiness.ch\\\/retail\\\/2016-04-04\\\/umsaetze-im-detailhandel-sinken\\\/#primaryimage\"},\"image\":{\"@id\":\"https:\\\/\\\/www.immobilienbusiness.ch\\\/retail\\\/2016-04-04\\\/umsaetze-im-detailhandel-sinken\\\/#primaryimage\"},\"thumbnailUrl\":\"https:\\\/\\\/www.immobilienbusiness.ch\\\/wp-content\\\/uploads\\\/2016\\\/12\\\/Umsaetze-im-Detailhandel-sinken-immobilien-business.jpg\",\"datePublished\":\"2016-04-04T06:31:46+00:00\",\"description\":\"Neue Zahlen zeigen, dass die realen Ums\u00e4tze im Schweizer Detailhandel im Februar 2016 leicht gefallen sind, trotz positiver Entwicklung bei Nahrungsmitteln.\",\"breadcrumb\":{\"@id\":\"https:\\\/\\\/www.immobilienbusiness.ch\\\/retail\\\/2016-04-04\\\/umsaetze-im-detailhandel-sinken\\\/#breadcrumb\"},\"inLanguage\":\"fr-FR\",\"potentialAction\":[{\"@type\":\"ReadAction\",\"target\":[\"https:\\\/\\\/www.immobilienbusiness.ch\\\/retail\\\/2016-04-04\\\/umsaetze-im-detailhandel-sinken\\\/\"]}]},{\"@type\":\"ImageObject\",\"inLanguage\":\"fr-FR\",\"@id\":\"https:\\\/\\\/www.immobilienbusiness.ch\\\/retail\\\/2016-04-04\\\/umsaetze-im-detailhandel-sinken\\\/#primaryimage\",\"url\":\"https:\\\/\\\/www.immobilienbusiness.ch\\\/wp-content\\\/uploads\\\/2016\\\/12\\\/Umsaetze-im-Detailhandel-sinken-immobilien-business.jpg\",\"contentUrl\":\"https:\\\/\\\/www.immobilienbusiness.ch\\\/wp-content\\\/uploads\\\/2016\\\/12\\\/Umsaetze-im-Detailhandel-sinken-immobilien-business.jpg\",\"width\":1280,\"height\":960,\"caption\":\"R\u00fcckl\u00e4ufige Ums\u00e4tze im Schweizer Detailhandel (Foto: Pixabay)\"},{\"@type\":\"BreadcrumbList\",\"@id\":\"https:\\\/\\\/www.immobilienbusiness.ch\\\/retail\\\/2016-04-04\\\/umsaetze-im-detailhandel-sinken\\\/#breadcrumb\",\"itemListElement\":[{\"@type\":\"ListItem\",\"position\":1,\"name\":\"Home\",\"item\":\"https:\\\/\\\/www.immobilienbusiness.ch\\\/\"},{\"@type\":\"ListItem\",\"position\":2,\"name\":\"Ums\u00e4tze im Detailhandel sinken\"}]},{\"@type\":\"WebSite\",\"@id\":\"https:\\\/\\\/www.immobilienbusiness.ch\\\/#website\",\"url\":\"https:\\\/\\\/www.immobilienbusiness.ch\\\/\",\"name\":\"IMMOBILIEN Business\",\"description\":\"Unabh\u00e4ngiges Schweizer Wirtschaftsmagazin mit Fokus auf Immobilien, Architektur- und Bau sowie Investment- und Finanzierung.\",\"publisher\":{\"@id\":\"https:\\\/\\\/www.immobilienbusiness.ch\\\/#organization\"},\"potentialAction\":[{\"@type\":\"SearchAction\",\"target\":{\"@type\":\"EntryPoint\",\"urlTemplate\":\"https:\\\/\\\/www.immobilienbusiness.ch\\\/?s={search_term_string}\"},\"query-input\":{\"@type\":\"PropertyValueSpecification\",\"valueRequired\":true,\"valueName\":\"search_term_string\"}}],\"inLanguage\":\"fr-FR\"},{\"@type\":\"Organization\",\"@id\":\"https:\\\/\\\/www.immobilienbusiness.ch\\\/#organization\",\"name\":\"IMMOBILIEN Business\",\"url\":\"https:\\\/\\\/www.immobilienbusiness.ch\\\/\",\"logo\":{\"@type\":\"ImageObject\",\"inLanguage\":\"fr-FR\",\"@id\":\"https:\\\/\\\/www.immobilienbusiness.ch\\\/#\\\/schema\\\/logo\\\/image\\\/\",\"url\":\"https:\\\/\\\/www.immobilienbusiness.ch\\\/wp-content\\\/uploads\\\/2021\\\/07\\\/logo_ib.png\",\"contentUrl\":\"https:\\\/\\\/www.immobilienbusiness.ch\\\/wp-content\\\/uploads\\\/2021\\\/07\\\/logo_ib.png\",\"width\":800,\"height\":181,\"caption\":\"IMMOBILIEN Business\"},\"image\":{\"@id\":\"https:\\\/\\\/www.immobilienbusiness.ch\\\/#\\\/schema\\\/logo\\\/image\\\/\"},\"sameAs\":[\"https:\\\/\\\/www.facebook.com\\\/immobilienbusiness\\\/\"]},{\"@type\":\"Person\",\"@id\":\"https:\\\/\\\/www.immobilienbusiness.ch\\\/#\\\/schema\\\/person\\\/aa2bace6c5c5aad60102004a50c4eb1c\",\"name\":\"Redaktion\",\"image\":{\"@type\":\"ImageObject\",\"inLanguage\":\"fr-FR\",\"@id\":\"https:\\\/\\\/secure.gravatar.com\\\/avatar\\\/ae2f4d718e6c49043e314ce431e7e645d646302a24a5ef5a8bc8e3f5a032e319?s=96&d=mm&r=g\",\"url\":\"https:\\\/\\\/secure.gravatar.com\\\/avatar\\\/ae2f4d718e6c49043e314ce431e7e645d646302a24a5ef5a8bc8e3f5a032e319?s=96&d=mm&r=g\",\"contentUrl\":\"https:\\\/\\\/secure.gravatar.com\\\/avatar\\\/ae2f4d718e6c49043e314ce431e7e645d646302a24a5ef5a8bc8e3f5a032e319?s=96&d=mm&r=g\",\"caption\":\"Redaktion\"},\"sameAs\":[\"http:\\\/\\\/develop.organisator.galledia.ch\"],\"url\":\"https:\\\/\\\/www.immobilienbusiness.ch\\\/fr\\\/author\\\/admin\\\/\"}]}<\/script>\n<!-- \/ Yoast SEO plugin. -->","yoast_head_json":{"title":"Detailhandelsumsatz: R\u00fcckgang im Februar 2016","description":"Neue Zahlen zeigen, dass die realen Ums\u00e4tze im Schweizer Detailhandel im Februar 2016 leicht gefallen sind, trotz positiver Entwicklung bei Nahrungsmitteln.","robots":{"index":"index","follow":"follow","max-snippet":"max-snippet:-1","max-image-preview":"max-image-preview:large","max-video-preview":"max-video-preview:-1"},"canonical":"https:\/\/www.immobilienbusiness.ch\/fr\/retail\/2016-04-04\/umsaetze-im-detailhandel-sinken\/","og_locale":"fr_FR","og_type":"article","og_title":"Ums\u00e4tze im Detailhandel sinken","og_description":"Die Detailhandelsums\u00e4tze sind im Februar 2016 im Vergleich zum Vorjahr nominal um 0,9 Prozent gefallen. Saisonbereinigt lag der R\u00fcckgang gegen\u00fcber dem Vormonat bei minus 0,4 Prozent. Dies zeigen die provisorischen Ergebnisse des Bundesamtes f\u00fcr Statistik (BFS).","og_url":"https:\/\/www.immobilienbusiness.ch\/fr\/retail\/2016-04-04\/umsaetze-im-detailhandel-sinken\/","og_site_name":"IMMOBILIEN Business","article_publisher":"https:\/\/www.facebook.com\/immobilienbusiness\/","article_published_time":"2016-04-04T06:31:46+00:00","author":"Redaktion","twitter_card":"summary_large_image","twitter_image":"https:\/\/www.immobilienbusiness.ch\/wp-content\/uploads\/2016\/12\/Umsaetze-im-Detailhandel-sinken-immobilien-business.jpg","schema":{"@context":"https:\/\/schema.org","@graph":[{"@type":"Article","@id":"https:\/\/www.immobilienbusiness.ch\/retail\/2016-04-04\/umsaetze-im-detailhandel-sinken\/#article","isPartOf":{"@id":"https:\/\/www.immobilienbusiness.ch\/retail\/2016-04-04\/umsaetze-im-detailhandel-sinken\/"},"author":{"name":"Redaktion","@id":"https:\/\/www.immobilienbusiness.ch\/#\/schema\/person\/aa2bace6c5c5aad60102004a50c4eb1c"},"headline":"Ums\u00e4tze im Detailhandel sinken","datePublished":"2016-04-04T06:31:46+00:00","mainEntityOfPage":{"@id":"https:\/\/www.immobilienbusiness.ch\/retail\/2016-04-04\/umsaetze-im-detailhandel-sinken\/"},"wordCount":161,"commentCount":0,"publisher":{"@id":"https:\/\/www.immobilienbusiness.ch\/#organization"},"image":{"@id":"https:\/\/www.immobilienbusiness.ch\/retail\/2016-04-04\/umsaetze-im-detailhandel-sinken\/#primaryimage"},"thumbnailUrl":"https:\/\/www.immobilienbusiness.ch\/wp-content\/uploads\/2016\/12\/Umsaetze-im-Detailhandel-sinken-immobilien-business.jpg","keywords":["M\u00e4rkte","Retail"],"articleSection":["RETAIL"],"inLanguage":"fr-FR"},{"@type":"WebPage","@id":"https:\/\/www.immobilienbusiness.ch\/retail\/2016-04-04\/umsaetze-im-detailhandel-sinken\/","url":"https:\/\/www.immobilienbusiness.ch\/retail\/2016-04-04\/umsaetze-im-detailhandel-sinken\/","name":"Detailhandelsumsatz: R\u00fcckgang im Februar 2016","isPartOf":{"@id":"https:\/\/www.immobilienbusiness.ch\/#website"},"primaryImageOfPage":{"@id":"https:\/\/www.immobilienbusiness.ch\/retail\/2016-04-04\/umsaetze-im-detailhandel-sinken\/#primaryimage"},"image":{"@id":"https:\/\/www.immobilienbusiness.ch\/retail\/2016-04-04\/umsaetze-im-detailhandel-sinken\/#primaryimage"},"thumbnailUrl":"https:\/\/www.immobilienbusiness.ch\/wp-content\/uploads\/2016\/12\/Umsaetze-im-Detailhandel-sinken-immobilien-business.jpg","datePublished":"2016-04-04T06:31:46+00:00","description":"Neue Zahlen zeigen, dass die realen Ums\u00e4tze im Schweizer Detailhandel im Februar 2016 leicht gefallen sind, trotz positiver Entwicklung bei Nahrungsmitteln.","breadcrumb":{"@id":"https:\/\/www.immobilienbusiness.ch\/retail\/2016-04-04\/umsaetze-im-detailhandel-sinken\/#breadcrumb"},"inLanguage":"fr-FR","potentialAction":[{"@type":"ReadAction","target":["https:\/\/www.immobilienbusiness.ch\/retail\/2016-04-04\/umsaetze-im-detailhandel-sinken\/"]}]},{"@type":"ImageObject","inLanguage":"fr-FR","@id":"https:\/\/www.immobilienbusiness.ch\/retail\/2016-04-04\/umsaetze-im-detailhandel-sinken\/#primaryimage","url":"https:\/\/www.immobilienbusiness.ch\/wp-content\/uploads\/2016\/12\/Umsaetze-im-Detailhandel-sinken-immobilien-business.jpg","contentUrl":"https:\/\/www.immobilienbusiness.ch\/wp-content\/uploads\/2016\/12\/Umsaetze-im-Detailhandel-sinken-immobilien-business.jpg","width":1280,"height":960,"caption":"R\u00fcckl\u00e4ufige Ums\u00e4tze im Schweizer Detailhandel (Foto: Pixabay)"},{"@type":"BreadcrumbList","@id":"https:\/\/www.immobilienbusiness.ch\/retail\/2016-04-04\/umsaetze-im-detailhandel-sinken\/#breadcrumb","itemListElement":[{"@type":"ListItem","position":1,"name":"Home","item":"https:\/\/www.immobilienbusiness.ch\/"},{"@type":"ListItem","position":2,"name":"Ums\u00e4tze im Detailhandel sinken"}]},{"@type":"WebSite","@id":"https:\/\/www.immobilienbusiness.ch\/#website","url":"https:\/\/www.immobilienbusiness.ch\/","name":"IMMOBILIER Business","description":"Magazine \u00e9conomique suisse ind\u00e9pendant ax\u00e9 sur l'immobilier, l'architecture et la construction ainsi que sur les investissements et le financement.","publisher":{"@id":"https:\/\/www.immobilienbusiness.ch\/#organization"},"potentialAction":[{"@type":"SearchAction","target":{"@type":"EntryPoint","urlTemplate":"https:\/\/www.immobilienbusiness.ch\/?s={search_term_string}"},"query-input":{"@type":"PropertyValueSpecification","valueRequired":true,"valueName":"search_term_string"}}],"inLanguage":"fr-FR"},{"@type":"Organization","@id":"https:\/\/www.immobilienbusiness.ch\/#organization","name":"IMMOBILIER Business","url":"https:\/\/www.immobilienbusiness.ch\/","logo":{"@type":"ImageObject","inLanguage":"fr-FR","@id":"https:\/\/www.immobilienbusiness.ch\/#\/schema\/logo\/image\/","url":"https:\/\/www.immobilienbusiness.ch\/wp-content\/uploads\/2021\/07\/logo_ib.png","contentUrl":"https:\/\/www.immobilienbusiness.ch\/wp-content\/uploads\/2021\/07\/logo_ib.png","width":800,"height":181,"caption":"IMMOBILIEN Business"},"image":{"@id":"https:\/\/www.immobilienbusiness.ch\/#\/schema\/logo\/image\/"},"sameAs":["https:\/\/www.facebook.com\/immobilienbusiness\/"]},{"@type":"Person","@id":"https:\/\/www.immobilienbusiness.ch\/#\/schema\/person\/aa2bace6c5c5aad60102004a50c4eb1c","name":"Editorial","image":{"@type":"ImageObject","inLanguage":"fr-FR","@id":"https:\/\/secure.gravatar.com\/avatar\/ae2f4d718e6c49043e314ce431e7e645d646302a24a5ef5a8bc8e3f5a032e319?s=96&d=mm&r=g","url":"https:\/\/secure.gravatar.com\/avatar\/ae2f4d718e6c49043e314ce431e7e645d646302a24a5ef5a8bc8e3f5a032e319?s=96&d=mm&r=g","contentUrl":"https:\/\/secure.gravatar.com\/avatar\/ae2f4d718e6c49043e314ce431e7e645d646302a24a5ef5a8bc8e3f5a032e319?s=96&d=mm&r=g","caption":"Redaktion"},"sameAs":["http:\/\/develop.organisator.galledia.ch"],"url":"https:\/\/www.immobilienbusiness.ch\/fr\/author\/admin\/"}]}},"_links":{"self":[{"href":"https:\/\/www.immobilienbusiness.ch\/fr\/wp-json\/wp\/v2\/posts\/2798","targetHints":{"allow":["GET"]}}],"collection":[{"href":"https:\/\/www.immobilienbusiness.ch\/fr\/wp-json\/wp\/v2\/posts"}],"about":[{"href":"https:\/\/www.immobilienbusiness.ch\/fr\/wp-json\/wp\/v2\/types\/post"}],"author":[{"embeddable":true,"href":"https:\/\/www.immobilienbusiness.ch\/fr\/wp-json\/wp\/v2\/users\/1"}],"replies":[{"embeddable":true,"href":"https:\/\/www.immobilienbusiness.ch\/fr\/wp-json\/wp\/v2\/comments?post=2798"}],"version-history":[{"count":0,"href":"https:\/\/www.immobilienbusiness.ch\/fr\/wp-json\/wp\/v2\/posts\/2798\/revisions"}],"wp:featuredmedia":[{"embeddable":true,"href":"https:\/\/www.immobilienbusiness.ch\/fr\/wp-json\/wp\/v2\/media\/2799"}],"wp:attachment":[{"href":"https:\/\/www.immobilienbusiness.ch\/fr\/wp-json\/wp\/v2\/media?parent=2798"}],"wp:term":[{"taxonomy":"category","embeddable":true,"href":"https:\/\/www.immobilienbusiness.ch\/fr\/wp-json\/wp\/v2\/categories?post=2798"},{"taxonomy":"post_tag","embeddable":true,"href":"https:\/\/www.immobilienbusiness.ch\/fr\/wp-json\/wp\/v2\/tags?post=2798"}],"curies":[{"name":"wp","href":"https:\/\/api.w.org\/{rel}","templated":true}]}}