{"id":2763,"date":"2022-01-28T09:21:18","date_gmt":"2022-01-28T08:21:18","guid":{"rendered":"https:\/\/develop.immobilienbusiness.ch\/de\/allgemein\/2022-01-28\/zurich-das-pjz-ist-fertiggestellt\/"},"modified":"2023-06-23T13:39:21","modified_gmt":"2023-06-23T11:39:21","slug":"zurich-das-pjz-ist-fertiggestellt","status":"publish","type":"post","link":"https:\/\/www.immobilienbusiness.ch\/fr\/ib\/2022-01-28\/zurich-das-pjz-ist-fertiggestellt\/","title":{"rendered":"Zurich : le PJZ est termin\u00e9"},"content":{"rendered":"<div class=\"swpm-post-not-logged-in-msg\">Vous devez \u00eatre connect\u00e9 pour voir ce contenu. Veuillez consulter <a class=\"swpm-login-link\" href=\"https:\/\/www.immobilienbusiness.ch\/fr\/login\/?swpm_redirect_to=https%3A%2F%2Fwww.immobilienbusiness.ch%2Ffr%2Fwp-json%2Fwp%2Fv2%2Fposts%2F2763\">Connexion<\/a>. Vous n'\u00eates pas membre ? <a href=\"https:\/\/www.immobilienbusiness.ch\/fr\/registrieren\/\">Nous Rejoindre<\/a><\/div>","protected":false},"excerpt":{"rendered":"<p><span><span><span>Apr\u00e8s quatre ans et demi de travaux, les cl\u00e9s du nouveau centre de police et de justice de Zurich (PJZ) ont \u00e9t\u00e9 remises sur le site de la gare de marchandises dans le quartier d'Aussersihl-Hard. <\/span><\/span><\/span><\/p>","protected":false},"author":3,"featured_media":0,"comment_status":"closed","ping_status":"closed","sticky":false,"template":"","format":"standard","meta":{"_acf_changed":false,"_yoast_wpseo_focuskw":"PJZ","_yoast_wpseo_title":"","_yoast_wpseo_metadesc":"Nach viereinhalb Jahren Bauzeit sind die Schl\u00fcssel f\u00fcr das neue Polizei- und Justizzentrum Z\u00fcrich (PJZ) auf dem Areal G\u00fcterbahnhof im Quartier Aussersihl-Hard \u00fcbergeben worden.","_yoast_wpseo_linkdex":49,"pgc_sgb_lightbox_settings":"","footnotes":""},"categories":[1951],"tags":[1118,1219,1978],"class_list":["post-2763","post","type-post","status-publish","format-standard","hentry","category-ib","tag-buero","tag-fertigstellung","tag-zh"],"acf":[],"yoast_head":"<!-- This site is optimized with the Yoast SEO plugin v27.4 - https:\/\/yoast.com\/product\/yoast-seo-wordpress\/ -->\n<title>Z\u00fcrich: Das PJZ ist fertiggestellt - IMMOBILIEN Business<\/title>\n<meta name=\"description\" content=\"Nach viereinhalb Jahren Bauzeit sind die Schl\u00fcssel f\u00fcr das neue Polizei- und Justizzentrum Z\u00fcrich (PJZ) auf dem Areal G\u00fcterbahnhof im Quartier Aussersihl-Hard \u00fcbergeben worden.\" \/>\n<meta name=\"robots\" content=\"index, follow, max-snippet:-1, max-image-preview:large, max-video-preview:-1\" \/>\n<link rel=\"canonical\" href=\"https:\/\/www.immobilienbusiness.ch\/fr\/ib\/2022-01-28\/zurich-das-pjz-ist-fertiggestellt\/\" \/>\n<meta property=\"og:locale\" content=\"fr_FR\" \/>\n<meta property=\"og:type\" content=\"article\" \/>\n<meta property=\"og:title\" content=\"Z\u00fcrich: Das PJZ ist fertiggestellt - IMMOBILIEN Business\" \/>\n<meta property=\"og:description\" content=\"Nach viereinhalb Jahren Bauzeit sind die Schl\u00fcssel f\u00fcr das neue Polizei- und Justizzentrum Z\u00fcrich (PJZ) auf dem Areal G\u00fcterbahnhof im Quartier Aussersihl-Hard \u00fcbergeben worden.\" \/>\n<meta property=\"og:url\" content=\"https:\/\/www.immobilienbusiness.ch\/fr\/ib\/2022-01-28\/zurich-das-pjz-ist-fertiggestellt\/\" \/>\n<meta property=\"og:site_name\" content=\"IMMOBILIEN Business\" \/>\n<meta property=\"article:publisher\" content=\"https:\/\/www.facebook.com\/immobilienbusiness\/\" \/>\n<meta property=\"article:published_time\" content=\"2022-01-28T08:21:18+00:00\" \/>\n<meta property=\"article:modified_time\" content=\"2023-06-23T11:39:21+00:00\" \/>\n<meta name=\"author\" content=\"anja.hall\" \/>\n<meta name=\"twitter:card\" content=\"summary_large_image\" \/>\n<script type=\"application\/ld+json\" class=\"yoast-schema-graph\">{\"@context\":\"https:\\\/\\\/schema.org\",\"@graph\":[{\"@type\":\"Article\",\"@id\":\"https:\\\/\\\/www.immobilienbusiness.ch\\\/ib\\\/2022-01-28\\\/zurich-das-pjz-ist-fertiggestellt\\\/#article\",\"isPartOf\":{\"@id\":\"https:\\\/\\\/www.immobilienbusiness.ch\\\/ib\\\/2022-01-28\\\/zurich-das-pjz-ist-fertiggestellt\\\/\"},\"author\":{\"name\":\"anja.hall\",\"@id\":\"https:\\\/\\\/www.immobilienbusiness.ch\\\/#\\\/schema\\\/person\\\/3fc036297b10b9f42d6db5ee932af8c8\"},\"headline\":\"Z\u00fcrich: Das PJZ ist fertiggestellt\",\"datePublished\":\"2022-01-28T08:21:18+00:00\",\"dateModified\":\"2023-06-23T11:39:21+00:00\",\"mainEntityOfPage\":{\"@id\":\"https:\\\/\\\/www.immobilienbusiness.ch\\\/ib\\\/2022-01-28\\\/zurich-das-pjz-ist-fertiggestellt\\\/\"},\"wordCount\":123,\"publisher\":{\"@id\":\"https:\\\/\\\/www.immobilienbusiness.ch\\\/#organization\"},\"keywords\":[\"B\u00fcro\",\"Fertigstellung\",\"ZH\"],\"articleSection\":[\"IB+\"],\"inLanguage\":\"fr-FR\"},{\"@type\":\"WebPage\",\"@id\":\"https:\\\/\\\/www.immobilienbusiness.ch\\\/ib\\\/2022-01-28\\\/zurich-das-pjz-ist-fertiggestellt\\\/\",\"url\":\"https:\\\/\\\/www.immobilienbusiness.ch\\\/ib\\\/2022-01-28\\\/zurich-das-pjz-ist-fertiggestellt\\\/\",\"name\":\"Z\u00fcrich: Das PJZ ist fertiggestellt - IMMOBILIEN Business\",\"isPartOf\":{\"@id\":\"https:\\\/\\\/www.immobilienbusiness.ch\\\/#website\"},\"datePublished\":\"2022-01-28T08:21:18+00:00\",\"dateModified\":\"2023-06-23T11:39:21+00:00\",\"description\":\"Nach viereinhalb Jahren Bauzeit sind die Schl\u00fcssel f\u00fcr das neue Polizei- und Justizzentrum Z\u00fcrich (PJZ) auf dem Areal G\u00fcterbahnhof im Quartier Aussersihl-Hard \u00fcbergeben worden.\",\"breadcrumb\":{\"@id\":\"https:\\\/\\\/www.immobilienbusiness.ch\\\/ib\\\/2022-01-28\\\/zurich-das-pjz-ist-fertiggestellt\\\/#breadcrumb\"},\"inLanguage\":\"fr-FR\",\"potentialAction\":[{\"@type\":\"ReadAction\",\"target\":[\"https:\\\/\\\/www.immobilienbusiness.ch\\\/ib\\\/2022-01-28\\\/zurich-das-pjz-ist-fertiggestellt\\\/\"]}]},{\"@type\":\"BreadcrumbList\",\"@id\":\"https:\\\/\\\/www.immobilienbusiness.ch\\\/ib\\\/2022-01-28\\\/zurich-das-pjz-ist-fertiggestellt\\\/#breadcrumb\",\"itemListElement\":[{\"@type\":\"ListItem\",\"position\":1,\"name\":\"Home\",\"item\":\"https:\\\/\\\/www.immobilienbusiness.ch\\\/\"},{\"@type\":\"ListItem\",\"position\":2,\"name\":\"Z\u00fcrich: Das PJZ ist fertiggestellt\"}]},{\"@type\":\"WebSite\",\"@id\":\"https:\\\/\\\/www.immobilienbusiness.ch\\\/#website\",\"url\":\"https:\\\/\\\/www.immobilienbusiness.ch\\\/\",\"name\":\"IMMOBILIEN Business\",\"description\":\"Unabh\u00e4ngiges Schweizer Wirtschaftsmagazin mit Fokus auf Immobilien, Architektur- und Bau sowie Investment- und Finanzierung.\",\"publisher\":{\"@id\":\"https:\\\/\\\/www.immobilienbusiness.ch\\\/#organization\"},\"potentialAction\":[{\"@type\":\"SearchAction\",\"target\":{\"@type\":\"EntryPoint\",\"urlTemplate\":\"https:\\\/\\\/www.immobilienbusiness.ch\\\/?s={search_term_string}\"},\"query-input\":{\"@type\":\"PropertyValueSpecification\",\"valueRequired\":true,\"valueName\":\"search_term_string\"}}],\"inLanguage\":\"fr-FR\"},{\"@type\":\"Organization\",\"@id\":\"https:\\\/\\\/www.immobilienbusiness.ch\\\/#organization\",\"name\":\"IMMOBILIEN Business\",\"url\":\"https:\\\/\\\/www.immobilienbusiness.ch\\\/\",\"logo\":{\"@type\":\"ImageObject\",\"inLanguage\":\"fr-FR\",\"@id\":\"https:\\\/\\\/www.immobilienbusiness.ch\\\/#\\\/schema\\\/logo\\\/image\\\/\",\"url\":\"https:\\\/\\\/www.immobilienbusiness.ch\\\/wp-content\\\/uploads\\\/2021\\\/07\\\/logo_ib.png\",\"contentUrl\":\"https:\\\/\\\/www.immobilienbusiness.ch\\\/wp-content\\\/uploads\\\/2021\\\/07\\\/logo_ib.png\",\"width\":800,\"height\":181,\"caption\":\"IMMOBILIEN Business\"},\"image\":{\"@id\":\"https:\\\/\\\/www.immobilienbusiness.ch\\\/#\\\/schema\\\/logo\\\/image\\\/\"},\"sameAs\":[\"https:\\\/\\\/www.facebook.com\\\/immobilienbusiness\\\/\"]},{\"@type\":\"Person\",\"@id\":\"https:\\\/\\\/www.immobilienbusiness.ch\\\/#\\\/schema\\\/person\\\/3fc036297b10b9f42d6db5ee932af8c8\",\"name\":\"anja.hall\",\"image\":{\"@type\":\"ImageObject\",\"inLanguage\":\"fr-FR\",\"@id\":\"https:\\\/\\\/secure.gravatar.com\\\/avatar\\\/066b5a0d447013502c71a5782f4f3469f03cfe595cc2329fb94652fe47511bfb?s=96&d=mm&r=g\",\"url\":\"https:\\\/\\\/secure.gravatar.com\\\/avatar\\\/066b5a0d447013502c71a5782f4f3469f03cfe595cc2329fb94652fe47511bfb?s=96&d=mm&r=g\",\"contentUrl\":\"https:\\\/\\\/secure.gravatar.com\\\/avatar\\\/066b5a0d447013502c71a5782f4f3469f03cfe595cc2329fb94652fe47511bfb?s=96&d=mm&r=g\",\"caption\":\"anja.hall\"},\"url\":\"https:\\\/\\\/www.immobilienbusiness.ch\\\/fr\\\/author\\\/anja-hall\\\/\"}]}<\/script>\n<!-- \/ Yoast SEO plugin. -->","yoast_head_json":{"title":"Z\u00fcrich: Das PJZ ist fertiggestellt - IMMOBILIEN Business","description":"Apr\u00e8s quatre ans et demi de travaux, les cl\u00e9s du nouveau centre de police et de justice de Zurich (PJZ) ont \u00e9t\u00e9 remises sur le site de la gare de marchandises dans le quartier d'Aussersihl-Hard.","robots":{"index":"index","follow":"follow","max-snippet":"max-snippet:-1","max-image-preview":"max-image-preview:large","max-video-preview":"max-video-preview:-1"},"canonical":"https:\/\/www.immobilienbusiness.ch\/fr\/ib\/2022-01-28\/zurich-das-pjz-ist-fertiggestellt\/","og_locale":"fr_FR","og_type":"article","og_title":"Z\u00fcrich: Das PJZ ist fertiggestellt - IMMOBILIEN Business","og_description":"Nach viereinhalb Jahren Bauzeit sind die Schl\u00fcssel f\u00fcr das neue Polizei- und Justizzentrum Z\u00fcrich (PJZ) auf dem Areal G\u00fcterbahnhof im Quartier Aussersihl-Hard \u00fcbergeben worden.","og_url":"https:\/\/www.immobilienbusiness.ch\/fr\/ib\/2022-01-28\/zurich-das-pjz-ist-fertiggestellt\/","og_site_name":"IMMOBILIEN Business","article_publisher":"https:\/\/www.facebook.com\/immobilienbusiness\/","article_published_time":"2022-01-28T08:21:18+00:00","article_modified_time":"2023-06-23T11:39:21+00:00","author":"anja.hall","twitter_card":"summary_large_image","schema":{"@context":"https:\/\/schema.org","@graph":[{"@type":"Article","@id":"https:\/\/www.immobilienbusiness.ch\/ib\/2022-01-28\/zurich-das-pjz-ist-fertiggestellt\/#article","isPartOf":{"@id":"https:\/\/www.immobilienbusiness.ch\/ib\/2022-01-28\/zurich-das-pjz-ist-fertiggestellt\/"},"author":{"name":"anja.hall","@id":"https:\/\/www.immobilienbusiness.ch\/#\/schema\/person\/3fc036297b10b9f42d6db5ee932af8c8"},"headline":"Z\u00fcrich: Das PJZ ist fertiggestellt","datePublished":"2022-01-28T08:21:18+00:00","dateModified":"2023-06-23T11:39:21+00:00","mainEntityOfPage":{"@id":"https:\/\/www.immobilienbusiness.ch\/ib\/2022-01-28\/zurich-das-pjz-ist-fertiggestellt\/"},"wordCount":123,"publisher":{"@id":"https:\/\/www.immobilienbusiness.ch\/#organization"},"keywords":["B\u00fcro","Fertigstellung","ZH"],"articleSection":["IB+"],"inLanguage":"fr-FR"},{"@type":"WebPage","@id":"https:\/\/www.immobilienbusiness.ch\/ib\/2022-01-28\/zurich-das-pjz-ist-fertiggestellt\/","url":"https:\/\/www.immobilienbusiness.ch\/ib\/2022-01-28\/zurich-das-pjz-ist-fertiggestellt\/","name":"Z\u00fcrich: Das PJZ ist fertiggestellt - IMMOBILIEN Business","isPartOf":{"@id":"https:\/\/www.immobilienbusiness.ch\/#website"},"datePublished":"2022-01-28T08:21:18+00:00","dateModified":"2023-06-23T11:39:21+00:00","description":"Apr\u00e8s quatre ans et demi de travaux, les cl\u00e9s du nouveau centre de police et de justice de Zurich (PJZ) ont \u00e9t\u00e9 remises sur le site de la gare de marchandises dans le quartier d'Aussersihl-Hard.","breadcrumb":{"@id":"https:\/\/www.immobilienbusiness.ch\/ib\/2022-01-28\/zurich-das-pjz-ist-fertiggestellt\/#breadcrumb"},"inLanguage":"fr-FR","potentialAction":[{"@type":"ReadAction","target":["https:\/\/www.immobilienbusiness.ch\/ib\/2022-01-28\/zurich-das-pjz-ist-fertiggestellt\/"]}]},{"@type":"BreadcrumbList","@id":"https:\/\/www.immobilienbusiness.ch\/ib\/2022-01-28\/zurich-das-pjz-ist-fertiggestellt\/#breadcrumb","itemListElement":[{"@type":"ListItem","position":1,"name":"Home","item":"https:\/\/www.immobilienbusiness.ch\/"},{"@type":"ListItem","position":2,"name":"Z\u00fcrich: Das PJZ ist fertiggestellt"}]},{"@type":"WebSite","@id":"https:\/\/www.immobilienbusiness.ch\/#website","url":"https:\/\/www.immobilienbusiness.ch\/","name":"IMMOBILIER Business","description":"Magazine \u00e9conomique suisse ind\u00e9pendant ax\u00e9 sur l'immobilier, l'architecture et la construction ainsi que sur les investissements et le financement.","publisher":{"@id":"https:\/\/www.immobilienbusiness.ch\/#organization"},"potentialAction":[{"@type":"SearchAction","target":{"@type":"EntryPoint","urlTemplate":"https:\/\/www.immobilienbusiness.ch\/?s={search_term_string}"},"query-input":{"@type":"PropertyValueSpecification","valueRequired":true,"valueName":"search_term_string"}}],"inLanguage":"fr-FR"},{"@type":"Organization","@id":"https:\/\/www.immobilienbusiness.ch\/#organization","name":"IMMOBILIER Business","url":"https:\/\/www.immobilienbusiness.ch\/","logo":{"@type":"ImageObject","inLanguage":"fr-FR","@id":"https:\/\/www.immobilienbusiness.ch\/#\/schema\/logo\/image\/","url":"https:\/\/www.immobilienbusiness.ch\/wp-content\/uploads\/2021\/07\/logo_ib.png","contentUrl":"https:\/\/www.immobilienbusiness.ch\/wp-content\/uploads\/2021\/07\/logo_ib.png","width":800,"height":181,"caption":"IMMOBILIEN Business"},"image":{"@id":"https:\/\/www.immobilienbusiness.ch\/#\/schema\/logo\/image\/"},"sameAs":["https:\/\/www.facebook.com\/immobilienbusiness\/"]},{"@type":"Person","@id":"https:\/\/www.immobilienbusiness.ch\/#\/schema\/person\/3fc036297b10b9f42d6db5ee932af8c8","name":"anja.hall","image":{"@type":"ImageObject","inLanguage":"fr-FR","@id":"https:\/\/secure.gravatar.com\/avatar\/066b5a0d447013502c71a5782f4f3469f03cfe595cc2329fb94652fe47511bfb?s=96&d=mm&r=g","url":"https:\/\/secure.gravatar.com\/avatar\/066b5a0d447013502c71a5782f4f3469f03cfe595cc2329fb94652fe47511bfb?s=96&d=mm&r=g","contentUrl":"https:\/\/secure.gravatar.com\/avatar\/066b5a0d447013502c71a5782f4f3469f03cfe595cc2329fb94652fe47511bfb?s=96&d=mm&r=g","caption":"anja.hall"},"url":"https:\/\/www.immobilienbusiness.ch\/fr\/author\/anja-hall\/"}]}},"_links":{"self":[{"href":"https:\/\/www.immobilienbusiness.ch\/fr\/wp-json\/wp\/v2\/posts\/2763","targetHints":{"allow":["GET"]}}],"collection":[{"href":"https:\/\/www.immobilienbusiness.ch\/fr\/wp-json\/wp\/v2\/posts"}],"about":[{"href":"https:\/\/www.immobilienbusiness.ch\/fr\/wp-json\/wp\/v2\/types\/post"}],"author":[{"embeddable":true,"href":"https:\/\/www.immobilienbusiness.ch\/fr\/wp-json\/wp\/v2\/users\/3"}],"replies":[{"embeddable":true,"href":"https:\/\/www.immobilienbusiness.ch\/fr\/wp-json\/wp\/v2\/comments?post=2763"}],"version-history":[{"count":1,"href":"https:\/\/www.immobilienbusiness.ch\/fr\/wp-json\/wp\/v2\/posts\/2763\/revisions"}],"predecessor-version":[{"id":47950,"href":"https:\/\/www.immobilienbusiness.ch\/fr\/wp-json\/wp\/v2\/posts\/2763\/revisions\/47950"}],"wp:attachment":[{"href":"https:\/\/www.immobilienbusiness.ch\/fr\/wp-json\/wp\/v2\/media?parent=2763"}],"wp:term":[{"taxonomy":"category","embeddable":true,"href":"https:\/\/www.immobilienbusiness.ch\/fr\/wp-json\/wp\/v2\/categories?post=2763"},{"taxonomy":"post_tag","embeddable":true,"href":"https:\/\/www.immobilienbusiness.ch\/fr\/wp-json\/wp\/v2\/tags?post=2763"}],"curies":[{"name":"wp","href":"https:\/\/api.w.org\/{rel}","templated":true}]}}