{"id":272,"date":"2020-05-03T21:21:34","date_gmt":"2020-05-03T19:21:34","guid":{"rendered":"https:\/\/develop.immobilienbusiness.ch\/de\/allgemein\/2020-05-03\/basel-studienauftrag-fur-wohnprojekt-am-walkeweg-entschieden\/"},"modified":"2023-07-23T14:15:22","modified_gmt":"2023-07-23T12:15:22","slug":"basel-studienauftrag-fur-wohnprojekt-am-walkeweg-entschieden","status":"publish","type":"post","link":"https:\/\/www.immobilienbusiness.ch\/fr\/ib\/2020-05-03\/basel-studienauftrag-fur-wohnprojekt-am-walkeweg-entschieden\/","title":{"rendered":"B\u00e2le : d\u00e9cision sur le mandat d'\u00e9tude pour le projet r\u00e9sidentiel Am Walkeweg"},"content":{"rendered":"<div class=\"swpm-post-not-logged-in-msg\">Vous devez \u00eatre connect\u00e9 pour voir ce contenu. Veuillez consulter <a class=\"swpm-login-link\" href=\"https:\/\/www.immobilienbusiness.ch\/fr\/login\/?swpm_redirect_to=https%3A%2F%2Fwww.immobilienbusiness.ch%2Ffr%2Fwp-json%2Fwp%2Fv2%2Fposts%2F272\">Connexion<\/a>. Vous n'\u00eates pas membre ? <a href=\"https:\/\/www.immobilienbusiness.ch\/fr\/registrieren\/\">Nous Rejoindre<\/a><\/div>","protected":false},"excerpt":{"rendered":"<p>Le site Am Walkeweg de B\u00e2le, d'une superficie de six hectares, est actuellement utilis\u00e9 principalement pour des jardins de loisirs ; \u00e0 l'avenir, quelque 650 personnes devraient y habiter. Les r\u00e9sultats d'un mandat d'\u00e9tude urbanistique en deux \u00e9tapes pour ce site viennent d'\u00eatre pr\u00e9sent\u00e9s.<\/p>","protected":false},"author":3,"featured_media":0,"comment_status":"closed","ping_status":"closed","sticky":false,"template":"","format":"standard","meta":{"_acf_changed":false,"_yoast_wpseo_focuskw":"Walkeweg Basel","_yoast_wpseo_title":"","_yoast_wpseo_metadesc":"Das sechs Hektaren grosse Areal Am Walkeweg in Basel wird derzeit vor allem f\u00fcr Freizeitg\u00e4rten genutzt, k\u00fcnftig sollen hier rund 650 Menschen wohnen. Die Ergebnisse eines zweistufigen st\u00e4dtebaulichen Studienauftrages f\u00fcr das Areal wurden nun pr\u00e4sentiert.","_yoast_wpseo_linkdex":44,"pgc_sgb_lightbox_settings":"","footnotes":""},"categories":[1951],"tags":[1954,1957,1955],"class_list":["post-272","post","type-post","status-publish","format-standard","hentry","category-ib","tag-bs","tag-in-planung","tag-mehrfamilienhaus-miete"],"acf":[],"yoast_head":"<!-- This site is optimized with the Yoast SEO plugin v27.4 - https:\/\/yoast.com\/product\/yoast-seo-wordpress\/ -->\n<title>Basel: Studienauftrag f\u00fcr Wohnprojekt Am Walkeweg entschieden - IMMOBILIEN Business<\/title>\n<meta name=\"description\" content=\"Das sechs Hektaren grosse Areal Am Walkeweg in Basel wird derzeit vor allem f\u00fcr Freizeitg\u00e4rten genutzt, k\u00fcnftig sollen hier rund 650 Menschen wohnen. Die Ergebnisse eines zweistufigen st\u00e4dtebaulichen Studienauftrages f\u00fcr das Areal wurden nun pr\u00e4sentiert.\" \/>\n<meta name=\"robots\" content=\"index, follow, max-snippet:-1, max-image-preview:large, max-video-preview:-1\" \/>\n<link rel=\"canonical\" href=\"https:\/\/www.immobilienbusiness.ch\/fr\/ib\/2020-05-03\/basel-studienauftrag-fur-wohnprojekt-am-walkeweg-entschieden\/\" \/>\n<meta property=\"og:locale\" content=\"fr_FR\" \/>\n<meta property=\"og:type\" content=\"article\" \/>\n<meta property=\"og:title\" content=\"Basel: Studienauftrag f\u00fcr Wohnprojekt Am Walkeweg entschieden - IMMOBILIEN Business\" \/>\n<meta property=\"og:description\" content=\"Das sechs Hektaren grosse Areal Am Walkeweg in Basel wird derzeit vor allem f\u00fcr Freizeitg\u00e4rten genutzt, k\u00fcnftig sollen hier rund 650 Menschen wohnen. Die Ergebnisse eines zweistufigen st\u00e4dtebaulichen Studienauftrages f\u00fcr das Areal wurden nun pr\u00e4sentiert.\" \/>\n<meta property=\"og:url\" content=\"https:\/\/www.immobilienbusiness.ch\/fr\/ib\/2020-05-03\/basel-studienauftrag-fur-wohnprojekt-am-walkeweg-entschieden\/\" \/>\n<meta property=\"og:site_name\" content=\"IMMOBILIEN Business\" \/>\n<meta property=\"article:publisher\" content=\"https:\/\/www.facebook.com\/immobilienbusiness\/\" \/>\n<meta property=\"article:published_time\" content=\"2020-05-03T19:21:34+00:00\" \/>\n<meta property=\"article:modified_time\" content=\"2023-07-23T12:15:22+00:00\" \/>\n<meta name=\"author\" content=\"anja.hall\" \/>\n<meta name=\"twitter:card\" content=\"summary_large_image\" \/>\n<script type=\"application\/ld+json\" class=\"yoast-schema-graph\">{\"@context\":\"https:\\\/\\\/schema.org\",\"@graph\":[{\"@type\":\"Article\",\"@id\":\"https:\\\/\\\/www.immobilienbusiness.ch\\\/ib\\\/2020-05-03\\\/basel-studienauftrag-fur-wohnprojekt-am-walkeweg-entschieden\\\/#article\",\"isPartOf\":{\"@id\":\"https:\\\/\\\/www.immobilienbusiness.ch\\\/ib\\\/2020-05-03\\\/basel-studienauftrag-fur-wohnprojekt-am-walkeweg-entschieden\\\/\"},\"author\":{\"name\":\"anja.hall\",\"@id\":\"https:\\\/\\\/www.immobilienbusiness.ch\\\/#\\\/schema\\\/person\\\/3fc036297b10b9f42d6db5ee932af8c8\"},\"headline\":\"Basel: Studienauftrag f\u00fcr Wohnprojekt Am Walkeweg entschieden\",\"datePublished\":\"2020-05-03T19:21:34+00:00\",\"dateModified\":\"2023-07-23T12:15:22+00:00\",\"mainEntityOfPage\":{\"@id\":\"https:\\\/\\\/www.immobilienbusiness.ch\\\/ib\\\/2020-05-03\\\/basel-studienauftrag-fur-wohnprojekt-am-walkeweg-entschieden\\\/\"},\"wordCount\":153,\"publisher\":{\"@id\":\"https:\\\/\\\/www.immobilienbusiness.ch\\\/#organization\"},\"keywords\":[\"BS\",\"in Planung\",\"Mehrfamilienhaus Miete\"],\"articleSection\":[\"IB+\"],\"inLanguage\":\"fr-FR\"},{\"@type\":\"WebPage\",\"@id\":\"https:\\\/\\\/www.immobilienbusiness.ch\\\/ib\\\/2020-05-03\\\/basel-studienauftrag-fur-wohnprojekt-am-walkeweg-entschieden\\\/\",\"url\":\"https:\\\/\\\/www.immobilienbusiness.ch\\\/ib\\\/2020-05-03\\\/basel-studienauftrag-fur-wohnprojekt-am-walkeweg-entschieden\\\/\",\"name\":\"Basel: Studienauftrag f\u00fcr Wohnprojekt Am Walkeweg entschieden - IMMOBILIEN Business\",\"isPartOf\":{\"@id\":\"https:\\\/\\\/www.immobilienbusiness.ch\\\/#website\"},\"datePublished\":\"2020-05-03T19:21:34+00:00\",\"dateModified\":\"2023-07-23T12:15:22+00:00\",\"description\":\"Das sechs Hektaren grosse Areal Am Walkeweg in Basel wird derzeit vor allem f\u00fcr Freizeitg\u00e4rten genutzt, k\u00fcnftig sollen hier rund 650 Menschen wohnen. Die Ergebnisse eines zweistufigen st\u00e4dtebaulichen Studienauftrages f\u00fcr das Areal wurden nun pr\u00e4sentiert.\",\"breadcrumb\":{\"@id\":\"https:\\\/\\\/www.immobilienbusiness.ch\\\/ib\\\/2020-05-03\\\/basel-studienauftrag-fur-wohnprojekt-am-walkeweg-entschieden\\\/#breadcrumb\"},\"inLanguage\":\"fr-FR\",\"potentialAction\":[{\"@type\":\"ReadAction\",\"target\":[\"https:\\\/\\\/www.immobilienbusiness.ch\\\/ib\\\/2020-05-03\\\/basel-studienauftrag-fur-wohnprojekt-am-walkeweg-entschieden\\\/\"]}]},{\"@type\":\"BreadcrumbList\",\"@id\":\"https:\\\/\\\/www.immobilienbusiness.ch\\\/ib\\\/2020-05-03\\\/basel-studienauftrag-fur-wohnprojekt-am-walkeweg-entschieden\\\/#breadcrumb\",\"itemListElement\":[{\"@type\":\"ListItem\",\"position\":1,\"name\":\"Home\",\"item\":\"https:\\\/\\\/www.immobilienbusiness.ch\\\/\"},{\"@type\":\"ListItem\",\"position\":2,\"name\":\"Basel: Studienauftrag f\u00fcr Wohnprojekt Am Walkeweg entschieden\"}]},{\"@type\":\"WebSite\",\"@id\":\"https:\\\/\\\/www.immobilienbusiness.ch\\\/#website\",\"url\":\"https:\\\/\\\/www.immobilienbusiness.ch\\\/\",\"name\":\"IMMOBILIEN Business\",\"description\":\"Unabh\u00e4ngiges Schweizer Wirtschaftsmagazin mit Fokus auf Immobilien, Architektur- und Bau sowie Investment- und Finanzierung.\",\"publisher\":{\"@id\":\"https:\\\/\\\/www.immobilienbusiness.ch\\\/#organization\"},\"potentialAction\":[{\"@type\":\"SearchAction\",\"target\":{\"@type\":\"EntryPoint\",\"urlTemplate\":\"https:\\\/\\\/www.immobilienbusiness.ch\\\/?s={search_term_string}\"},\"query-input\":{\"@type\":\"PropertyValueSpecification\",\"valueRequired\":true,\"valueName\":\"search_term_string\"}}],\"inLanguage\":\"fr-FR\"},{\"@type\":\"Organization\",\"@id\":\"https:\\\/\\\/www.immobilienbusiness.ch\\\/#organization\",\"name\":\"IMMOBILIEN Business\",\"url\":\"https:\\\/\\\/www.immobilienbusiness.ch\\\/\",\"logo\":{\"@type\":\"ImageObject\",\"inLanguage\":\"fr-FR\",\"@id\":\"https:\\\/\\\/www.immobilienbusiness.ch\\\/#\\\/schema\\\/logo\\\/image\\\/\",\"url\":\"https:\\\/\\\/www.immobilienbusiness.ch\\\/wp-content\\\/uploads\\\/2021\\\/07\\\/logo_ib.png\",\"contentUrl\":\"https:\\\/\\\/www.immobilienbusiness.ch\\\/wp-content\\\/uploads\\\/2021\\\/07\\\/logo_ib.png\",\"width\":800,\"height\":181,\"caption\":\"IMMOBILIEN Business\"},\"image\":{\"@id\":\"https:\\\/\\\/www.immobilienbusiness.ch\\\/#\\\/schema\\\/logo\\\/image\\\/\"},\"sameAs\":[\"https:\\\/\\\/www.facebook.com\\\/immobilienbusiness\\\/\"]},{\"@type\":\"Person\",\"@id\":\"https:\\\/\\\/www.immobilienbusiness.ch\\\/#\\\/schema\\\/person\\\/3fc036297b10b9f42d6db5ee932af8c8\",\"name\":\"anja.hall\",\"image\":{\"@type\":\"ImageObject\",\"inLanguage\":\"fr-FR\",\"@id\":\"https:\\\/\\\/secure.gravatar.com\\\/avatar\\\/066b5a0d447013502c71a5782f4f3469f03cfe595cc2329fb94652fe47511bfb?s=96&d=mm&r=g\",\"url\":\"https:\\\/\\\/secure.gravatar.com\\\/avatar\\\/066b5a0d447013502c71a5782f4f3469f03cfe595cc2329fb94652fe47511bfb?s=96&d=mm&r=g\",\"contentUrl\":\"https:\\\/\\\/secure.gravatar.com\\\/avatar\\\/066b5a0d447013502c71a5782f4f3469f03cfe595cc2329fb94652fe47511bfb?s=96&d=mm&r=g\",\"caption\":\"anja.hall\"},\"url\":\"https:\\\/\\\/www.immobilienbusiness.ch\\\/fr\\\/author\\\/anja-hall\\\/\"}]}<\/script>\n<!-- \/ Yoast SEO plugin. -->","yoast_head_json":{"title":"B\u00e2le : d\u00e9cision sur le mandat d'\u00e9tude pour le projet r\u00e9sidentiel Am Walkeweg - IMMOBILIER Business","description":"Le site Am Walkeweg de B\u00e2le, d'une superficie de six hectares, est actuellement utilis\u00e9 principalement pour des jardins de loisirs ; \u00e0 l'avenir, quelque 650 personnes devraient y habiter. Les r\u00e9sultats d'un mandat d'\u00e9tude urbanistique en deux \u00e9tapes pour ce site viennent d'\u00eatre pr\u00e9sent\u00e9s.","robots":{"index":"index","follow":"follow","max-snippet":"max-snippet:-1","max-image-preview":"max-image-preview:large","max-video-preview":"max-video-preview:-1"},"canonical":"https:\/\/www.immobilienbusiness.ch\/fr\/ib\/2020-05-03\/basel-studienauftrag-fur-wohnprojekt-am-walkeweg-entschieden\/","og_locale":"fr_FR","og_type":"article","og_title":"Basel: Studienauftrag f\u00fcr Wohnprojekt Am Walkeweg entschieden - IMMOBILIEN Business","og_description":"Das sechs Hektaren grosse Areal Am Walkeweg in Basel wird derzeit vor allem f\u00fcr Freizeitg\u00e4rten genutzt, k\u00fcnftig sollen hier rund 650 Menschen wohnen. Die Ergebnisse eines zweistufigen st\u00e4dtebaulichen Studienauftrages f\u00fcr das Areal wurden nun pr\u00e4sentiert.","og_url":"https:\/\/www.immobilienbusiness.ch\/fr\/ib\/2020-05-03\/basel-studienauftrag-fur-wohnprojekt-am-walkeweg-entschieden\/","og_site_name":"IMMOBILIEN Business","article_publisher":"https:\/\/www.facebook.com\/immobilienbusiness\/","article_published_time":"2020-05-03T19:21:34+00:00","article_modified_time":"2023-07-23T12:15:22+00:00","author":"anja.hall","twitter_card":"summary_large_image","schema":{"@context":"https:\/\/schema.org","@graph":[{"@type":"Article","@id":"https:\/\/www.immobilienbusiness.ch\/ib\/2020-05-03\/basel-studienauftrag-fur-wohnprojekt-am-walkeweg-entschieden\/#article","isPartOf":{"@id":"https:\/\/www.immobilienbusiness.ch\/ib\/2020-05-03\/basel-studienauftrag-fur-wohnprojekt-am-walkeweg-entschieden\/"},"author":{"name":"anja.hall","@id":"https:\/\/www.immobilienbusiness.ch\/#\/schema\/person\/3fc036297b10b9f42d6db5ee932af8c8"},"headline":"Basel: Studienauftrag f\u00fcr Wohnprojekt Am Walkeweg entschieden","datePublished":"2020-05-03T19:21:34+00:00","dateModified":"2023-07-23T12:15:22+00:00","mainEntityOfPage":{"@id":"https:\/\/www.immobilienbusiness.ch\/ib\/2020-05-03\/basel-studienauftrag-fur-wohnprojekt-am-walkeweg-entschieden\/"},"wordCount":153,"publisher":{"@id":"https:\/\/www.immobilienbusiness.ch\/#organization"},"keywords":["BS","in Planung","Mehrfamilienhaus Miete"],"articleSection":["IB+"],"inLanguage":"fr-FR"},{"@type":"WebPage","@id":"https:\/\/www.immobilienbusiness.ch\/ib\/2020-05-03\/basel-studienauftrag-fur-wohnprojekt-am-walkeweg-entschieden\/","url":"https:\/\/www.immobilienbusiness.ch\/ib\/2020-05-03\/basel-studienauftrag-fur-wohnprojekt-am-walkeweg-entschieden\/","name":"B\u00e2le : d\u00e9cision sur le mandat d'\u00e9tude pour le projet r\u00e9sidentiel Am Walkeweg - IMMOBILIER Business","isPartOf":{"@id":"https:\/\/www.immobilienbusiness.ch\/#website"},"datePublished":"2020-05-03T19:21:34+00:00","dateModified":"2023-07-23T12:15:22+00:00","description":"Le site Am Walkeweg de B\u00e2le, d'une superficie de six hectares, est actuellement utilis\u00e9 principalement pour des jardins de loisirs ; \u00e0 l'avenir, quelque 650 personnes devraient y habiter. Les r\u00e9sultats d'un mandat d'\u00e9tude urbanistique en deux \u00e9tapes pour ce site viennent d'\u00eatre pr\u00e9sent\u00e9s.","breadcrumb":{"@id":"https:\/\/www.immobilienbusiness.ch\/ib\/2020-05-03\/basel-studienauftrag-fur-wohnprojekt-am-walkeweg-entschieden\/#breadcrumb"},"inLanguage":"fr-FR","potentialAction":[{"@type":"ReadAction","target":["https:\/\/www.immobilienbusiness.ch\/ib\/2020-05-03\/basel-studienauftrag-fur-wohnprojekt-am-walkeweg-entschieden\/"]}]},{"@type":"BreadcrumbList","@id":"https:\/\/www.immobilienbusiness.ch\/ib\/2020-05-03\/basel-studienauftrag-fur-wohnprojekt-am-walkeweg-entschieden\/#breadcrumb","itemListElement":[{"@type":"ListItem","position":1,"name":"Home","item":"https:\/\/www.immobilienbusiness.ch\/"},{"@type":"ListItem","position":2,"name":"Basel: Studienauftrag f\u00fcr Wohnprojekt Am Walkeweg entschieden"}]},{"@type":"WebSite","@id":"https:\/\/www.immobilienbusiness.ch\/#website","url":"https:\/\/www.immobilienbusiness.ch\/","name":"IMMOBILIER Business","description":"Magazine \u00e9conomique suisse ind\u00e9pendant ax\u00e9 sur l'immobilier, l'architecture et la construction ainsi que sur les investissements et le financement.","publisher":{"@id":"https:\/\/www.immobilienbusiness.ch\/#organization"},"potentialAction":[{"@type":"SearchAction","target":{"@type":"EntryPoint","urlTemplate":"https:\/\/www.immobilienbusiness.ch\/?s={search_term_string}"},"query-input":{"@type":"PropertyValueSpecification","valueRequired":true,"valueName":"search_term_string"}}],"inLanguage":"fr-FR"},{"@type":"Organization","@id":"https:\/\/www.immobilienbusiness.ch\/#organization","name":"IMMOBILIER Business","url":"https:\/\/www.immobilienbusiness.ch\/","logo":{"@type":"ImageObject","inLanguage":"fr-FR","@id":"https:\/\/www.immobilienbusiness.ch\/#\/schema\/logo\/image\/","url":"https:\/\/www.immobilienbusiness.ch\/wp-content\/uploads\/2021\/07\/logo_ib.png","contentUrl":"https:\/\/www.immobilienbusiness.ch\/wp-content\/uploads\/2021\/07\/logo_ib.png","width":800,"height":181,"caption":"IMMOBILIEN Business"},"image":{"@id":"https:\/\/www.immobilienbusiness.ch\/#\/schema\/logo\/image\/"},"sameAs":["https:\/\/www.facebook.com\/immobilienbusiness\/"]},{"@type":"Person","@id":"https:\/\/www.immobilienbusiness.ch\/#\/schema\/person\/3fc036297b10b9f42d6db5ee932af8c8","name":"anja.hall","image":{"@type":"ImageObject","inLanguage":"fr-FR","@id":"https:\/\/secure.gravatar.com\/avatar\/066b5a0d447013502c71a5782f4f3469f03cfe595cc2329fb94652fe47511bfb?s=96&d=mm&r=g","url":"https:\/\/secure.gravatar.com\/avatar\/066b5a0d447013502c71a5782f4f3469f03cfe595cc2329fb94652fe47511bfb?s=96&d=mm&r=g","contentUrl":"https:\/\/secure.gravatar.com\/avatar\/066b5a0d447013502c71a5782f4f3469f03cfe595cc2329fb94652fe47511bfb?s=96&d=mm&r=g","caption":"anja.hall"},"url":"https:\/\/www.immobilienbusiness.ch\/fr\/author\/anja-hall\/"}]}},"_links":{"self":[{"href":"https:\/\/www.immobilienbusiness.ch\/fr\/wp-json\/wp\/v2\/posts\/272","targetHints":{"allow":["GET"]}}],"collection":[{"href":"https:\/\/www.immobilienbusiness.ch\/fr\/wp-json\/wp\/v2\/posts"}],"about":[{"href":"https:\/\/www.immobilienbusiness.ch\/fr\/wp-json\/wp\/v2\/types\/post"}],"author":[{"embeddable":true,"href":"https:\/\/www.immobilienbusiness.ch\/fr\/wp-json\/wp\/v2\/users\/3"}],"replies":[{"embeddable":true,"href":"https:\/\/www.immobilienbusiness.ch\/fr\/wp-json\/wp\/v2\/comments?post=272"}],"version-history":[{"count":1,"href":"https:\/\/www.immobilienbusiness.ch\/fr\/wp-json\/wp\/v2\/posts\/272\/revisions"}],"predecessor-version":[{"id":51078,"href":"https:\/\/www.immobilienbusiness.ch\/fr\/wp-json\/wp\/v2\/posts\/272\/revisions\/51078"}],"wp:attachment":[{"href":"https:\/\/www.immobilienbusiness.ch\/fr\/wp-json\/wp\/v2\/media?parent=272"}],"wp:term":[{"taxonomy":"category","embeddable":true,"href":"https:\/\/www.immobilienbusiness.ch\/fr\/wp-json\/wp\/v2\/categories?post=272"},{"taxonomy":"post_tag","embeddable":true,"href":"https:\/\/www.immobilienbusiness.ch\/fr\/wp-json\/wp\/v2\/tags?post=272"}],"curies":[{"name":"wp","href":"https:\/\/api.w.org\/{rel}","templated":true}]}}