{"id":2645,"date":"2016-03-21T08:37:03","date_gmt":"2016-03-21T07:37:03","guid":{"rendered":"http:\/\/dev.immobilienbusiness.ch\/?p=2645"},"modified":"2016-03-21T08:37:03","modified_gmt":"2016-03-21T07:37:03","slug":"emmen-center-wird-fuer-50-millionen-saniert","status":"publish","type":"post","link":"https:\/\/www.immobilienbusiness.ch\/fr\/retail\/2016-03-21\/emmen-center-wird-fuer-50-millionen-saniert\/","title":{"rendered":"L'Emmen Center sera r\u00e9nov\u00e9 pour 50 millions"},"content":{"rendered":"<figure id=\"attachment_2646\" aria-describedby=\"caption-attachment-2646\" style=\"width: 680px\" class=\"wp-caption alignnone\"><img loading=\"lazy\" decoding=\"async\" class=\"size-medium wp-image-2646\" src=\"https:\/\/immobilienbusiness.ch\/wp-content\/uploads\/2016\/12\/Emmen-Center-wird-f\u00fcr-50-Millionen-saniert-immobilien-business.jpg\" alt=\"Neue Parkhausfassade Emmen Center (Foto: Emmen Center)\" width=\"680\" height=\"250\" \/><figcaption id=\"caption-attachment-2646\" class=\"wp-caption-text\">Nouvelle fa\u00e7ade du parking d'Emmen Center (photo : Emmen Center)<\/figcaption><\/figure>\n<p>Selon le groupe Maus-Fr\u00e8res, auquel appartient l'Emmen Center, les permis de construire correspondants ont d\u00e9j\u00e0 \u00e9t\u00e9 d\u00e9livr\u00e9s. Les co\u00fbts du projet pour le propri\u00e9taire s'\u00e9l\u00e8vent \u00e0 plus de 35 millions de CHF, auxquels s'ajoutent les investissements des locataires pour les am\u00e9nagements de magasins de plus de 15 millions de CHF. Les travaux \u00e0 l'int\u00e9rieur et \u00e0 l'ext\u00e9rieur seront en grande partie termin\u00e9s d'ici P\u00e2ques 2017.<\/p>\n<p>Avec la r\u00e9novation, l'Emmen Center adapte \u00e9galement son mix de locataires et veut se profiler encore plus fortement dans le domaine de la mode et de la beaut\u00e9. D'ici 2017, plusieurs points de vente seront enti\u00e8rement r\u00e9nov\u00e9s et\/ou changeront d'emplacement au sein du centre. Le nombre de magasins sp\u00e9cialis\u00e9s restera toutefois sup\u00e9rieur \u00e0 80.<\/p>\n<p>En 2015 d\u00e9j\u00e0, plus de 10 000 m2 de surface de vente ont \u00e9t\u00e9 r\u00e9nov\u00e9s et transform\u00e9s, H&amp;M a notamment modernis\u00e9 son magasin et l'a agrandi de 600 m2 de surface de vente. L'int\u00e9gration suppl\u00e9mentaire du concept H&amp;M Home a donn\u00e9 naissance au magasin phare de H&amp;M en Suisse centrale. \u00c0 partir de l'automne 2016, la maison de mode espagnole Zara proposera \u00e9galement des articles de mode pour femmes, hommes et enfants sur une surface de vente de 2 000 m\u00b2 r\u00e9partie sur deux \u00e9tages. L'Emmen Center est le premier site de Zara dans l'agglom\u00e9ration de Lucerne.<\/p>\n<p>L'Emmen Center fait partie du groupe Maus-Fr\u00e8res, auquel appartiennent \u00e9galement la cha\u00eene de grands magasins Manor, Jumbo Baumarkt et Athleticum ainsi que onze centres commerciaux dans toute la Suisse. (ah)<\/p>","protected":false},"excerpt":{"rendered":"<p>L'Emmen Center \u00e0 Emmenbr\u00fccke doit \u00eatre r\u00e9nov\u00e9 pour plus de 50 millions de CHF. L'architecture des ann\u00e9es 70 sera notamment modernis\u00e9e, les fa\u00e7ades seront r\u00e9nov\u00e9es et r\u00e9am\u00e9nag\u00e9es. Le nouvel embl\u00e8me de l'Emmen Center sera la fa\u00e7ade du parking r\u00e9am\u00e9nag\u00e9e.<\/p>","protected":false},"author":1,"featured_media":2646,"comment_status":"open","ping_status":"open","sticky":false,"template":"","format":"standard","meta":{"_acf_changed":false,"_yoast_wpseo_focuskw":"Emmen Center Sanierung","_yoast_wpseo_title":"Emmen Center Sanierung: 50 Millionen Investition f\u00fcr Modernisierung","_yoast_wpseo_metadesc":"Das Emmen Center wird f\u00fcr \u00fcber 35 Millionen CHF saniert, mit Fokus auf Fashion und Beauty, inklusive Zara-Store im Grossraum Luzern.","_yoast_wpseo_linkdex":67,"pgc_sgb_lightbox_settings":"","footnotes":""},"categories":[987],"tags":[1459,1643],"class_list":["post-2645","post","type-post","status-publish","format-standard","has-post-thumbnail","hentry","category-retail","tag-luzern","tag-retail"],"acf":[],"yoast_head":"<!-- This site is optimized with the Yoast SEO plugin v27.4 - https:\/\/yoast.com\/product\/yoast-seo-wordpress\/ -->\n<title>Emmen Center Sanierung: 50 Millionen Investition f\u00fcr Modernisierung<\/title>\n<meta name=\"description\" content=\"Das Emmen Center wird f\u00fcr \u00fcber 35 Millionen CHF saniert, mit Fokus auf Fashion und Beauty, inklusive Zara-Store im Grossraum Luzern.\" \/>\n<meta name=\"robots\" content=\"index, follow, max-snippet:-1, max-image-preview:large, max-video-preview:-1\" \/>\n<link rel=\"canonical\" href=\"https:\/\/www.immobilienbusiness.ch\/fr\/retail\/2016-03-21\/emmen-center-wird-fuer-50-millionen-saniert\/\" \/>\n<meta property=\"og:locale\" content=\"fr_FR\" \/>\n<meta property=\"og:type\" content=\"article\" \/>\n<meta property=\"og:title\" content=\"Emmen Center wird f\u00fcr 50 Millionen saniert\" \/>\n<meta property=\"og:description\" content=\"Das Emmen Center in Emmenbr\u00fccke soll f\u00fcr \u00fcber 50 Millionen CHF saniert werden. Insbesondere die Architektur aus den 70er-Jahren wird modernisiert, die Fassaden werden saniert und neu gestaltet. Neues Wahrzeichen des Emmen Center soll die umgestaltete Parkhausfassade werden.\" \/>\n<meta property=\"og:url\" content=\"https:\/\/www.immobilienbusiness.ch\/fr\/retail\/2016-03-21\/emmen-center-wird-fuer-50-millionen-saniert\/\" \/>\n<meta property=\"og:site_name\" content=\"IMMOBILIEN Business\" \/>\n<meta property=\"article:publisher\" content=\"https:\/\/www.facebook.com\/immobilienbusiness\/\" \/>\n<meta property=\"article:published_time\" content=\"2016-03-21T07:37:03+00:00\" \/>\n<meta name=\"author\" content=\"Redaktion\" \/>\n<meta name=\"twitter:card\" content=\"summary_large_image\" \/>\n<meta name=\"twitter:image\" content=\"https:\/\/www.immobilienbusiness.ch\/wp-content\/uploads\/2016\/12\/Emmen-Center-wird-fuer-50-Millionen-saniert-immobilien-business.jpg\" \/>\n<script type=\"application\/ld+json\" class=\"yoast-schema-graph\">{\"@context\":\"https:\\\/\\\/schema.org\",\"@graph\":[{\"@type\":\"Article\",\"@id\":\"https:\\\/\\\/www.immobilienbusiness.ch\\\/en\\\/retail\\\/2016-03-21\\\/emmen-center-wird-fuer-50-millionen-saniert\\\/#article\",\"isPartOf\":{\"@id\":\"https:\\\/\\\/www.immobilienbusiness.ch\\\/en\\\/retail\\\/2016-03-21\\\/emmen-center-wird-fuer-50-millionen-saniert\\\/\"},\"author\":{\"name\":\"Redaktion\",\"@id\":\"https:\\\/\\\/www.immobilienbusiness.ch\\\/#\\\/schema\\\/person\\\/aa2bace6c5c5aad60102004a50c4eb1c\"},\"headline\":\"Emmen Center wird f\u00fcr 50 Millionen saniert\",\"datePublished\":\"2016-03-21T07:37:03+00:00\",\"mainEntityOfPage\":{\"@id\":\"https:\\\/\\\/www.immobilienbusiness.ch\\\/en\\\/retail\\\/2016-03-21\\\/emmen-center-wird-fuer-50-millionen-saniert\\\/\"},\"wordCount\":231,\"commentCount\":0,\"publisher\":{\"@id\":\"https:\\\/\\\/www.immobilienbusiness.ch\\\/#organization\"},\"image\":{\"@id\":\"https:\\\/\\\/www.immobilienbusiness.ch\\\/en\\\/retail\\\/2016-03-21\\\/emmen-center-wird-fuer-50-millionen-saniert\\\/#primaryimage\"},\"thumbnailUrl\":\"https:\\\/\\\/www.immobilienbusiness.ch\\\/wp-content\\\/uploads\\\/2016\\\/12\\\/Emmen-Center-wird-fuer-50-Millionen-saniert-immobilien-business.jpg\",\"keywords\":[\"Luzern\",\"Retail\"],\"articleSection\":[\"RETAIL\"],\"inLanguage\":\"fr-FR\"},{\"@type\":\"WebPage\",\"@id\":\"https:\\\/\\\/www.immobilienbusiness.ch\\\/en\\\/retail\\\/2016-03-21\\\/emmen-center-wird-fuer-50-millionen-saniert\\\/\",\"url\":\"https:\\\/\\\/www.immobilienbusiness.ch\\\/en\\\/retail\\\/2016-03-21\\\/emmen-center-wird-fuer-50-millionen-saniert\\\/\",\"name\":\"Emmen Center Sanierung: 50 Millionen Investition f\u00fcr Modernisierung\",\"isPartOf\":{\"@id\":\"https:\\\/\\\/www.immobilienbusiness.ch\\\/#website\"},\"primaryImageOfPage\":{\"@id\":\"https:\\\/\\\/www.immobilienbusiness.ch\\\/en\\\/retail\\\/2016-03-21\\\/emmen-center-wird-fuer-50-millionen-saniert\\\/#primaryimage\"},\"image\":{\"@id\":\"https:\\\/\\\/www.immobilienbusiness.ch\\\/en\\\/retail\\\/2016-03-21\\\/emmen-center-wird-fuer-50-millionen-saniert\\\/#primaryimage\"},\"thumbnailUrl\":\"https:\\\/\\\/www.immobilienbusiness.ch\\\/wp-content\\\/uploads\\\/2016\\\/12\\\/Emmen-Center-wird-fuer-50-Millionen-saniert-immobilien-business.jpg\",\"datePublished\":\"2016-03-21T07:37:03+00:00\",\"description\":\"Das Emmen Center wird f\u00fcr \u00fcber 35 Millionen CHF saniert, mit Fokus auf Fashion und Beauty, inklusive Zara-Store im Grossraum Luzern.\",\"breadcrumb\":{\"@id\":\"https:\\\/\\\/www.immobilienbusiness.ch\\\/en\\\/retail\\\/2016-03-21\\\/emmen-center-wird-fuer-50-millionen-saniert\\\/#breadcrumb\"},\"inLanguage\":\"fr-FR\",\"potentialAction\":[{\"@type\":\"ReadAction\",\"target\":[\"https:\\\/\\\/www.immobilienbusiness.ch\\\/en\\\/retail\\\/2016-03-21\\\/emmen-center-wird-fuer-50-millionen-saniert\\\/\"]}]},{\"@type\":\"ImageObject\",\"inLanguage\":\"fr-FR\",\"@id\":\"https:\\\/\\\/www.immobilienbusiness.ch\\\/en\\\/retail\\\/2016-03-21\\\/emmen-center-wird-fuer-50-millionen-saniert\\\/#primaryimage\",\"url\":\"https:\\\/\\\/www.immobilienbusiness.ch\\\/wp-content\\\/uploads\\\/2016\\\/12\\\/Emmen-Center-wird-fuer-50-Millionen-saniert-immobilien-business.jpg\",\"contentUrl\":\"https:\\\/\\\/www.immobilienbusiness.ch\\\/wp-content\\\/uploads\\\/2016\\\/12\\\/Emmen-Center-wird-fuer-50-Millionen-saniert-immobilien-business.jpg\",\"width\":2560,\"height\":942,\"caption\":\"Neue Parkhausfassade Emmen Center (Foto: Emmen Center)\"},{\"@type\":\"BreadcrumbList\",\"@id\":\"https:\\\/\\\/www.immobilienbusiness.ch\\\/en\\\/retail\\\/2016-03-21\\\/emmen-center-wird-fuer-50-millionen-saniert\\\/#breadcrumb\",\"itemListElement\":[{\"@type\":\"ListItem\",\"position\":1,\"name\":\"Home\",\"item\":\"https:\\\/\\\/www.immobilienbusiness.ch\\\/\"},{\"@type\":\"ListItem\",\"position\":2,\"name\":\"Emmen Center wird f\u00fcr 50 Millionen saniert\"}]},{\"@type\":\"WebSite\",\"@id\":\"https:\\\/\\\/www.immobilienbusiness.ch\\\/#website\",\"url\":\"https:\\\/\\\/www.immobilienbusiness.ch\\\/\",\"name\":\"IMMOBILIEN Business\",\"description\":\"Unabh\u00e4ngiges Schweizer Wirtschaftsmagazin mit Fokus auf Immobilien, Architektur- und Bau sowie Investment- und Finanzierung.\",\"publisher\":{\"@id\":\"https:\\\/\\\/www.immobilienbusiness.ch\\\/#organization\"},\"potentialAction\":[{\"@type\":\"SearchAction\",\"target\":{\"@type\":\"EntryPoint\",\"urlTemplate\":\"https:\\\/\\\/www.immobilienbusiness.ch\\\/?s={search_term_string}\"},\"query-input\":{\"@type\":\"PropertyValueSpecification\",\"valueRequired\":true,\"valueName\":\"search_term_string\"}}],\"inLanguage\":\"fr-FR\"},{\"@type\":\"Organization\",\"@id\":\"https:\\\/\\\/www.immobilienbusiness.ch\\\/#organization\",\"name\":\"IMMOBILIEN Business\",\"url\":\"https:\\\/\\\/www.immobilienbusiness.ch\\\/\",\"logo\":{\"@type\":\"ImageObject\",\"inLanguage\":\"fr-FR\",\"@id\":\"https:\\\/\\\/www.immobilienbusiness.ch\\\/#\\\/schema\\\/logo\\\/image\\\/\",\"url\":\"https:\\\/\\\/www.immobilienbusiness.ch\\\/wp-content\\\/uploads\\\/2021\\\/07\\\/logo_ib.png\",\"contentUrl\":\"https:\\\/\\\/www.immobilienbusiness.ch\\\/wp-content\\\/uploads\\\/2021\\\/07\\\/logo_ib.png\",\"width\":800,\"height\":181,\"caption\":\"IMMOBILIEN Business\"},\"image\":{\"@id\":\"https:\\\/\\\/www.immobilienbusiness.ch\\\/#\\\/schema\\\/logo\\\/image\\\/\"},\"sameAs\":[\"https:\\\/\\\/www.facebook.com\\\/immobilienbusiness\\\/\"]},{\"@type\":\"Person\",\"@id\":\"https:\\\/\\\/www.immobilienbusiness.ch\\\/#\\\/schema\\\/person\\\/aa2bace6c5c5aad60102004a50c4eb1c\",\"name\":\"Redaktion\",\"image\":{\"@type\":\"ImageObject\",\"inLanguage\":\"fr-FR\",\"@id\":\"https:\\\/\\\/secure.gravatar.com\\\/avatar\\\/ae2f4d718e6c49043e314ce431e7e645d646302a24a5ef5a8bc8e3f5a032e319?s=96&d=mm&r=g\",\"url\":\"https:\\\/\\\/secure.gravatar.com\\\/avatar\\\/ae2f4d718e6c49043e314ce431e7e645d646302a24a5ef5a8bc8e3f5a032e319?s=96&d=mm&r=g\",\"contentUrl\":\"https:\\\/\\\/secure.gravatar.com\\\/avatar\\\/ae2f4d718e6c49043e314ce431e7e645d646302a24a5ef5a8bc8e3f5a032e319?s=96&d=mm&r=g\",\"caption\":\"Redaktion\"},\"sameAs\":[\"http:\\\/\\\/develop.organisator.galledia.ch\"],\"url\":\"https:\\\/\\\/www.immobilienbusiness.ch\\\/fr\\\/author\\\/admin\\\/\"}]}<\/script>\n<!-- \/ Yoast SEO plugin. -->","yoast_head_json":{"title":"Emmen Center Sanierung: 50 Millionen Investition f\u00fcr Modernisierung","description":"Das Emmen Center wird f\u00fcr \u00fcber 35 Millionen CHF saniert, mit Fokus auf Fashion und Beauty, inklusive Zara-Store im Grossraum Luzern.","robots":{"index":"index","follow":"follow","max-snippet":"max-snippet:-1","max-image-preview":"max-image-preview:large","max-video-preview":"max-video-preview:-1"},"canonical":"https:\/\/www.immobilienbusiness.ch\/fr\/retail\/2016-03-21\/emmen-center-wird-fuer-50-millionen-saniert\/","og_locale":"fr_FR","og_type":"article","og_title":"Emmen Center wird f\u00fcr 50 Millionen saniert","og_description":"Das Emmen Center in Emmenbr\u00fccke soll f\u00fcr \u00fcber 50 Millionen CHF saniert werden. Insbesondere die Architektur aus den 70er-Jahren wird modernisiert, die Fassaden werden saniert und neu gestaltet. Neues Wahrzeichen des Emmen Center soll die umgestaltete Parkhausfassade werden.","og_url":"https:\/\/www.immobilienbusiness.ch\/fr\/retail\/2016-03-21\/emmen-center-wird-fuer-50-millionen-saniert\/","og_site_name":"IMMOBILIEN Business","article_publisher":"https:\/\/www.facebook.com\/immobilienbusiness\/","article_published_time":"2016-03-21T07:37:03+00:00","author":"Redaktion","twitter_card":"summary_large_image","twitter_image":"https:\/\/www.immobilienbusiness.ch\/wp-content\/uploads\/2016\/12\/Emmen-Center-wird-fuer-50-Millionen-saniert-immobilien-business.jpg","schema":{"@context":"https:\/\/schema.org","@graph":[{"@type":"Article","@id":"https:\/\/www.immobilienbusiness.ch\/en\/retail\/2016-03-21\/emmen-center-wird-fuer-50-millionen-saniert\/#article","isPartOf":{"@id":"https:\/\/www.immobilienbusiness.ch\/en\/retail\/2016-03-21\/emmen-center-wird-fuer-50-millionen-saniert\/"},"author":{"name":"Redaktion","@id":"https:\/\/www.immobilienbusiness.ch\/#\/schema\/person\/aa2bace6c5c5aad60102004a50c4eb1c"},"headline":"Emmen Center wird f\u00fcr 50 Millionen saniert","datePublished":"2016-03-21T07:37:03+00:00","mainEntityOfPage":{"@id":"https:\/\/www.immobilienbusiness.ch\/en\/retail\/2016-03-21\/emmen-center-wird-fuer-50-millionen-saniert\/"},"wordCount":231,"commentCount":0,"publisher":{"@id":"https:\/\/www.immobilienbusiness.ch\/#organization"},"image":{"@id":"https:\/\/www.immobilienbusiness.ch\/en\/retail\/2016-03-21\/emmen-center-wird-fuer-50-millionen-saniert\/#primaryimage"},"thumbnailUrl":"https:\/\/www.immobilienbusiness.ch\/wp-content\/uploads\/2016\/12\/Emmen-Center-wird-fuer-50-Millionen-saniert-immobilien-business.jpg","keywords":["Luzern","Retail"],"articleSection":["RETAIL"],"inLanguage":"fr-FR"},{"@type":"WebPage","@id":"https:\/\/www.immobilienbusiness.ch\/en\/retail\/2016-03-21\/emmen-center-wird-fuer-50-millionen-saniert\/","url":"https:\/\/www.immobilienbusiness.ch\/en\/retail\/2016-03-21\/emmen-center-wird-fuer-50-millionen-saniert\/","name":"Emmen Center Sanierung: 50 Millionen Investition f\u00fcr Modernisierung","isPartOf":{"@id":"https:\/\/www.immobilienbusiness.ch\/#website"},"primaryImageOfPage":{"@id":"https:\/\/www.immobilienbusiness.ch\/en\/retail\/2016-03-21\/emmen-center-wird-fuer-50-millionen-saniert\/#primaryimage"},"image":{"@id":"https:\/\/www.immobilienbusiness.ch\/en\/retail\/2016-03-21\/emmen-center-wird-fuer-50-millionen-saniert\/#primaryimage"},"thumbnailUrl":"https:\/\/www.immobilienbusiness.ch\/wp-content\/uploads\/2016\/12\/Emmen-Center-wird-fuer-50-Millionen-saniert-immobilien-business.jpg","datePublished":"2016-03-21T07:37:03+00:00","description":"Das Emmen Center wird f\u00fcr \u00fcber 35 Millionen CHF saniert, mit Fokus auf Fashion und Beauty, inklusive Zara-Store im Grossraum Luzern.","breadcrumb":{"@id":"https:\/\/www.immobilienbusiness.ch\/en\/retail\/2016-03-21\/emmen-center-wird-fuer-50-millionen-saniert\/#breadcrumb"},"inLanguage":"fr-FR","potentialAction":[{"@type":"ReadAction","target":["https:\/\/www.immobilienbusiness.ch\/en\/retail\/2016-03-21\/emmen-center-wird-fuer-50-millionen-saniert\/"]}]},{"@type":"ImageObject","inLanguage":"fr-FR","@id":"https:\/\/www.immobilienbusiness.ch\/en\/retail\/2016-03-21\/emmen-center-wird-fuer-50-millionen-saniert\/#primaryimage","url":"https:\/\/www.immobilienbusiness.ch\/wp-content\/uploads\/2016\/12\/Emmen-Center-wird-fuer-50-Millionen-saniert-immobilien-business.jpg","contentUrl":"https:\/\/www.immobilienbusiness.ch\/wp-content\/uploads\/2016\/12\/Emmen-Center-wird-fuer-50-Millionen-saniert-immobilien-business.jpg","width":2560,"height":942,"caption":"Neue Parkhausfassade Emmen Center (Foto: Emmen Center)"},{"@type":"BreadcrumbList","@id":"https:\/\/www.immobilienbusiness.ch\/en\/retail\/2016-03-21\/emmen-center-wird-fuer-50-millionen-saniert\/#breadcrumb","itemListElement":[{"@type":"ListItem","position":1,"name":"Home","item":"https:\/\/www.immobilienbusiness.ch\/"},{"@type":"ListItem","position":2,"name":"Emmen Center wird f\u00fcr 50 Millionen saniert"}]},{"@type":"WebSite","@id":"https:\/\/www.immobilienbusiness.ch\/#website","url":"https:\/\/www.immobilienbusiness.ch\/","name":"IMMOBILIER Business","description":"Magazine \u00e9conomique suisse ind\u00e9pendant ax\u00e9 sur l'immobilier, l'architecture et la construction ainsi que sur les investissements et le financement.","publisher":{"@id":"https:\/\/www.immobilienbusiness.ch\/#organization"},"potentialAction":[{"@type":"SearchAction","target":{"@type":"EntryPoint","urlTemplate":"https:\/\/www.immobilienbusiness.ch\/?s={search_term_string}"},"query-input":{"@type":"PropertyValueSpecification","valueRequired":true,"valueName":"search_term_string"}}],"inLanguage":"fr-FR"},{"@type":"Organization","@id":"https:\/\/www.immobilienbusiness.ch\/#organization","name":"IMMOBILIER Business","url":"https:\/\/www.immobilienbusiness.ch\/","logo":{"@type":"ImageObject","inLanguage":"fr-FR","@id":"https:\/\/www.immobilienbusiness.ch\/#\/schema\/logo\/image\/","url":"https:\/\/www.immobilienbusiness.ch\/wp-content\/uploads\/2021\/07\/logo_ib.png","contentUrl":"https:\/\/www.immobilienbusiness.ch\/wp-content\/uploads\/2021\/07\/logo_ib.png","width":800,"height":181,"caption":"IMMOBILIEN Business"},"image":{"@id":"https:\/\/www.immobilienbusiness.ch\/#\/schema\/logo\/image\/"},"sameAs":["https:\/\/www.facebook.com\/immobilienbusiness\/"]},{"@type":"Person","@id":"https:\/\/www.immobilienbusiness.ch\/#\/schema\/person\/aa2bace6c5c5aad60102004a50c4eb1c","name":"Editorial","image":{"@type":"ImageObject","inLanguage":"fr-FR","@id":"https:\/\/secure.gravatar.com\/avatar\/ae2f4d718e6c49043e314ce431e7e645d646302a24a5ef5a8bc8e3f5a032e319?s=96&d=mm&r=g","url":"https:\/\/secure.gravatar.com\/avatar\/ae2f4d718e6c49043e314ce431e7e645d646302a24a5ef5a8bc8e3f5a032e319?s=96&d=mm&r=g","contentUrl":"https:\/\/secure.gravatar.com\/avatar\/ae2f4d718e6c49043e314ce431e7e645d646302a24a5ef5a8bc8e3f5a032e319?s=96&d=mm&r=g","caption":"Redaktion"},"sameAs":["http:\/\/develop.organisator.galledia.ch"],"url":"https:\/\/www.immobilienbusiness.ch\/fr\/author\/admin\/"}]}},"_links":{"self":[{"href":"https:\/\/www.immobilienbusiness.ch\/fr\/wp-json\/wp\/v2\/posts\/2645","targetHints":{"allow":["GET"]}}],"collection":[{"href":"https:\/\/www.immobilienbusiness.ch\/fr\/wp-json\/wp\/v2\/posts"}],"about":[{"href":"https:\/\/www.immobilienbusiness.ch\/fr\/wp-json\/wp\/v2\/types\/post"}],"author":[{"embeddable":true,"href":"https:\/\/www.immobilienbusiness.ch\/fr\/wp-json\/wp\/v2\/users\/1"}],"replies":[{"embeddable":true,"href":"https:\/\/www.immobilienbusiness.ch\/fr\/wp-json\/wp\/v2\/comments?post=2645"}],"version-history":[{"count":0,"href":"https:\/\/www.immobilienbusiness.ch\/fr\/wp-json\/wp\/v2\/posts\/2645\/revisions"}],"wp:featuredmedia":[{"embeddable":true,"href":"https:\/\/www.immobilienbusiness.ch\/fr\/wp-json\/wp\/v2\/media\/2646"}],"wp:attachment":[{"href":"https:\/\/www.immobilienbusiness.ch\/fr\/wp-json\/wp\/v2\/media?parent=2645"}],"wp:term":[{"taxonomy":"category","embeddable":true,"href":"https:\/\/www.immobilienbusiness.ch\/fr\/wp-json\/wp\/v2\/categories?post=2645"},{"taxonomy":"post_tag","embeddable":true,"href":"https:\/\/www.immobilienbusiness.ch\/fr\/wp-json\/wp\/v2\/tags?post=2645"}],"curies":[{"name":"wp","href":"https:\/\/api.w.org\/{rel}","templated":true}]}}