{"id":24731,"date":"2021-07-14T09:44:08","date_gmt":"2021-07-14T07:44:08","guid":{"rendered":"https:\/\/www.immobilienbusiness.ch\/?p=24731"},"modified":"2021-07-14T09:44:08","modified_gmt":"2021-07-14T07:44:08","slug":"hans-peter-domanig-mit-neuem-taetigkeitsfeld","status":"publish","type":"post","link":"https:\/\/www.immobilienbusiness.ch\/fr\/unternehmen\/2021-07-14\/hans-peter-domanig-mit-neuem-taetigkeitsfeld\/","title":{"rendered":"Hans-Peter Domanig avec un nouveau domaine d'activit\u00e9"},"content":{"rendered":"<figure id=\"attachment_24745\" aria-describedby=\"caption-attachment-24745\" style=\"width: 753px\" class=\"wp-caption alignnone\"><img loading=\"lazy\" decoding=\"async\" class=\"wp-image-24745\" src=\"https:\/\/www.immobilienbusiness.ch\/wp-content\/uploads\/2021\/07\/Hans-Peter_Domanig-e1626246895879.jpg\" alt=\"\" width=\"753\" height=\"601\" srcset=\"https:\/\/www.immobilienbusiness.ch\/wp-content\/uploads\/2021\/07\/Hans-Peter_Domanig-e1626246895879.jpg 425w, https:\/\/www.immobilienbusiness.ch\/wp-content\/uploads\/2021\/07\/Hans-Peter_Domanig-e1626246895879-300x239.jpg 300w, https:\/\/www.immobilienbusiness.ch\/wp-content\/uploads\/2021\/07\/Hans-Peter_Domanig-e1626246895879-16x12.jpg 16w, https:\/\/www.immobilienbusiness.ch\/wp-content\/uploads\/2021\/07\/Hans-Peter_Domanig-e1626246895879-219x175.jpg 219w\" sizes=\"auto, (max-width: 753px) 100vw, 753px\" \/><figcaption id=\"caption-attachment-24745\" class=\"wp-caption-text\">Hans-Peter Domanig<\/figcaption><\/figure>\n<p>L'accent est mis sur les options o\u00f9 il peut mettre \u00e0 profit ses nombreuses ann\u00e9es d'exp\u00e9rience dans le secteur de la construction et de l'immobilier, sa formation en administration des affaires et son vaste r\u00e9seau, explique Hans-Peter Domanig.<\/p>\n<blockquote><p>\"En tant que membre du conseil d'administration, j'aimerais contribuer aux processus d\u00e9cisionnels et fixer le cap qui soutient le d\u00e9veloppement durable des entreprises dans l'int\u00e9r\u00eat de leurs parties prenantes.\"<\/p><\/blockquote>\n<p>Il a ajout\u00e9 qu'il pourrait ainsi tirer parti de ses activit\u00e9s op\u00e9rationnelles ant\u00e9rieures, notamment en tant que CEO d'Implenia Real Estate AG et membre de la direction du groupe Implenia AG de 1994 \u00e0 2010. En tant que membre du conseil d'administration, M. Domanig a notamment travaill\u00e9 pour Olmero AG (membre fondateur) \u00e0 Zurich, Meili Unternehmungen AG \u00e0 Zollikon et Cablex AG \u00e0 Berne ; il si\u00e8ge \u00e9galement aux conseils d'administration des entreprises familiales Birchmeier Holding AG \u00e0 D\u00f6ttingen et Hauser Holding AG \u00e0 Freienbach. L'annonce d'un autre mandat du conseil d'administration suivra sous peu, a d\u00e9clar\u00e9 M. Domanig. Parmi ses<\/p>\n<p>Dans le cadre de ses activit\u00e9s annexes, Domanig a \u00e9t\u00e9 membre du comit\u00e9 de l'Association suisse des entrepreneurs g\u00e9n\u00e9raux (VSGU) de 1999 \u00e0 2013 (les cinq derni\u00e8res ann\u00e9es en tant que pr\u00e9sident) et de l'organisation fa\u00eeti\u00e8re de l'\u00e9conomie suisse economiesuisse de 2009 \u00e0 2014. Depuis 2014, Domanig est membre du conseil consultatif (D-BAUG) de l'ETH Zurich. (M.ARR.)<\/p>","protected":false},"excerpt":{"rendered":"<p>Apr\u00e8s avoir quitt\u00e9 le groupe Priora, pour lequel il a \u00e9t\u00e9 respectivement CEO et pr\u00e9sident du conseil d'administration de 2010 \u00e0 juin 2021, Hans-Peter Domanig a d\u00e9cid\u00e9 de concentrer son avenir professionnel sur des mandats en tant que membre ind\u00e9pendant et autonome du conseil d'administration.<\/p>","protected":false},"author":8,"featured_media":24745,"comment_status":"closed","ping_status":"open","sticky":false,"template":"","format":"standard","meta":{"_acf_changed":false,"_yoast_wpseo_focuskw":"Domanig","_yoast_wpseo_title":"","_yoast_wpseo_metadesc":"Nach seinem Ausscheiden aus der Priora-Gruppe, f\u00fcr die er von 2010 bis im Juni 2021 als CEO bzw. Verwaltungsratspr\u00e4sident t\u00e4tig war, hat sich Hans-Peter Domanig entschieden, seine berufliche Zukunft auf Mandate als selbst\u00e4ndiger und unabh\u00e4ngiger Verwaltungsrat auszurichten.","_yoast_wpseo_linkdex":53,"pgc_sgb_lightbox_settings":"","footnotes":""},"categories":[988],"tags":[1563,1834],"class_list":["post-24731","post","type-post","status-publish","format-standard","has-post-thumbnail","hentry","category-unternehmen","tag-personalia","tag-verwaltungsrat"],"acf":[],"yoast_head":"<!-- This site is optimized with the Yoast SEO plugin v27.5 - https:\/\/yoast.com\/product\/yoast-seo-wordpress\/ -->\n<title>Hans-Peter Domanig mit neuem T\u00e4tigkeitsfeld - IMMOBILIEN Business<\/title>\n<meta name=\"description\" content=\"Nach seinem Ausscheiden aus der Priora-Gruppe, f\u00fcr die er von 2010 bis im Juni 2021 als CEO bzw. Verwaltungsratspr\u00e4sident t\u00e4tig war, hat sich Hans-Peter Domanig entschieden, seine berufliche Zukunft auf Mandate als selbst\u00e4ndiger und unabh\u00e4ngiger Verwaltungsrat auszurichten.\" \/>\n<meta name=\"robots\" content=\"index, follow, max-snippet:-1, max-image-preview:large, max-video-preview:-1\" \/>\n<link rel=\"canonical\" href=\"https:\/\/www.immobilienbusiness.ch\/fr\/unternehmen\/2021-07-14\/hans-peter-domanig-mit-neuem-taetigkeitsfeld\/\" \/>\n<meta property=\"og:locale\" content=\"fr_FR\" \/>\n<meta property=\"og:type\" content=\"article\" \/>\n<meta property=\"og:title\" content=\"Hans-Peter Domanig mit neuem T\u00e4tigkeitsfeld - IMMOBILIEN Business\" \/>\n<meta property=\"og:description\" content=\"Nach seinem Ausscheiden aus der Priora-Gruppe, f\u00fcr die er von 2010 bis im Juni 2021 als CEO bzw. Verwaltungsratspr\u00e4sident t\u00e4tig war, hat sich Hans-Peter Domanig entschieden, seine berufliche Zukunft auf Mandate als selbst\u00e4ndiger und unabh\u00e4ngiger Verwaltungsrat auszurichten.\" \/>\n<meta property=\"og:url\" content=\"https:\/\/www.immobilienbusiness.ch\/fr\/unternehmen\/2021-07-14\/hans-peter-domanig-mit-neuem-taetigkeitsfeld\/\" \/>\n<meta property=\"og:site_name\" content=\"IMMOBILIEN Business\" \/>\n<meta property=\"article:publisher\" content=\"https:\/\/www.facebook.com\/immobilienbusiness\/\" \/>\n<meta property=\"article:published_time\" content=\"2021-07-14T07:44:08+00:00\" \/>\n<meta property=\"og:image\" content=\"https:\/\/www.immobilienbusiness.ch\/wp-content\/uploads\/2021\/07\/Hans-Peter_Domanig-e1626246895879.jpg\" \/>\n\t<meta property=\"og:image:width\" content=\"425\" \/>\n\t<meta property=\"og:image:height\" content=\"339\" \/>\n\t<meta property=\"og:image:type\" content=\"image\/jpeg\" \/>\n<meta name=\"author\" content=\"birgitt.wuest\" \/>\n<meta name=\"twitter:card\" content=\"summary_large_image\" \/>\n<script type=\"application\/ld+json\" class=\"yoast-schema-graph\">{\"@context\":\"https:\\\/\\\/schema.org\",\"@graph\":[{\"@type\":\"Article\",\"@id\":\"https:\\\/\\\/www.immobilienbusiness.ch\\\/de\\\/unternehmen\\\/2021-07-14\\\/hans-peter-domanig-mit-neuem-taetigkeitsfeld\\\/#article\",\"isPartOf\":{\"@id\":\"https:\\\/\\\/www.immobilienbusiness.ch\\\/de\\\/unternehmen\\\/2021-07-14\\\/hans-peter-domanig-mit-neuem-taetigkeitsfeld\\\/\"},\"author\":{\"name\":\"birgitt.wuest\",\"@id\":\"https:\\\/\\\/www.immobilienbusiness.ch\\\/#\\\/schema\\\/person\\\/9071de3b430793052e78768378adb039\"},\"headline\":\"Hans-Peter Domanig mit neuem T\u00e4tigkeitsfeld\",\"datePublished\":\"2021-07-14T07:44:08+00:00\",\"mainEntityOfPage\":{\"@id\":\"https:\\\/\\\/www.immobilienbusiness.ch\\\/de\\\/unternehmen\\\/2021-07-14\\\/hans-peter-domanig-mit-neuem-taetigkeitsfeld\\\/\"},\"wordCount\":218,\"publisher\":{\"@id\":\"https:\\\/\\\/www.immobilienbusiness.ch\\\/#organization\"},\"image\":{\"@id\":\"https:\\\/\\\/www.immobilienbusiness.ch\\\/de\\\/unternehmen\\\/2021-07-14\\\/hans-peter-domanig-mit-neuem-taetigkeitsfeld\\\/#primaryimage\"},\"thumbnailUrl\":\"https:\\\/\\\/www.immobilienbusiness.ch\\\/wp-content\\\/uploads\\\/2021\\\/07\\\/Hans-Peter_Domanig-e1626246895879.jpg\",\"keywords\":[\"Personalia\",\"Verwaltungsrat\"],\"articleSection\":[\"UNTERNEHMEN\"],\"inLanguage\":\"fr-FR\"},{\"@type\":\"WebPage\",\"@id\":\"https:\\\/\\\/www.immobilienbusiness.ch\\\/de\\\/unternehmen\\\/2021-07-14\\\/hans-peter-domanig-mit-neuem-taetigkeitsfeld\\\/\",\"url\":\"https:\\\/\\\/www.immobilienbusiness.ch\\\/de\\\/unternehmen\\\/2021-07-14\\\/hans-peter-domanig-mit-neuem-taetigkeitsfeld\\\/\",\"name\":\"Hans-Peter Domanig mit neuem T\u00e4tigkeitsfeld - IMMOBILIEN Business\",\"isPartOf\":{\"@id\":\"https:\\\/\\\/www.immobilienbusiness.ch\\\/#website\"},\"primaryImageOfPage\":{\"@id\":\"https:\\\/\\\/www.immobilienbusiness.ch\\\/de\\\/unternehmen\\\/2021-07-14\\\/hans-peter-domanig-mit-neuem-taetigkeitsfeld\\\/#primaryimage\"},\"image\":{\"@id\":\"https:\\\/\\\/www.immobilienbusiness.ch\\\/de\\\/unternehmen\\\/2021-07-14\\\/hans-peter-domanig-mit-neuem-taetigkeitsfeld\\\/#primaryimage\"},\"thumbnailUrl\":\"https:\\\/\\\/www.immobilienbusiness.ch\\\/wp-content\\\/uploads\\\/2021\\\/07\\\/Hans-Peter_Domanig-e1626246895879.jpg\",\"datePublished\":\"2021-07-14T07:44:08+00:00\",\"description\":\"Nach seinem Ausscheiden aus der Priora-Gruppe, f\u00fcr die er von 2010 bis im Juni 2021 als CEO bzw. Verwaltungsratspr\u00e4sident t\u00e4tig war, hat sich Hans-Peter Domanig entschieden, seine berufliche Zukunft auf Mandate als selbst\u00e4ndiger und unabh\u00e4ngiger Verwaltungsrat auszurichten.\",\"breadcrumb\":{\"@id\":\"https:\\\/\\\/www.immobilienbusiness.ch\\\/de\\\/unternehmen\\\/2021-07-14\\\/hans-peter-domanig-mit-neuem-taetigkeitsfeld\\\/#breadcrumb\"},\"inLanguage\":\"fr-FR\",\"potentialAction\":[{\"@type\":\"ReadAction\",\"target\":[\"https:\\\/\\\/www.immobilienbusiness.ch\\\/de\\\/unternehmen\\\/2021-07-14\\\/hans-peter-domanig-mit-neuem-taetigkeitsfeld\\\/\"]}]},{\"@type\":\"ImageObject\",\"inLanguage\":\"fr-FR\",\"@id\":\"https:\\\/\\\/www.immobilienbusiness.ch\\\/de\\\/unternehmen\\\/2021-07-14\\\/hans-peter-domanig-mit-neuem-taetigkeitsfeld\\\/#primaryimage\",\"url\":\"https:\\\/\\\/www.immobilienbusiness.ch\\\/wp-content\\\/uploads\\\/2021\\\/07\\\/Hans-Peter_Domanig-e1626246895879.jpg\",\"contentUrl\":\"https:\\\/\\\/www.immobilienbusiness.ch\\\/wp-content\\\/uploads\\\/2021\\\/07\\\/Hans-Peter_Domanig-e1626246895879.jpg\",\"width\":425,\"height\":339,\"caption\":\"Hans-Peter Domanig\"},{\"@type\":\"BreadcrumbList\",\"@id\":\"https:\\\/\\\/www.immobilienbusiness.ch\\\/de\\\/unternehmen\\\/2021-07-14\\\/hans-peter-domanig-mit-neuem-taetigkeitsfeld\\\/#breadcrumb\",\"itemListElement\":[{\"@type\":\"ListItem\",\"position\":1,\"name\":\"Home\",\"item\":\"https:\\\/\\\/www.immobilienbusiness.ch\\\/\"},{\"@type\":\"ListItem\",\"position\":2,\"name\":\"Hans-Peter Domanig mit neuem T\u00e4tigkeitsfeld\"}]},{\"@type\":\"WebSite\",\"@id\":\"https:\\\/\\\/www.immobilienbusiness.ch\\\/#website\",\"url\":\"https:\\\/\\\/www.immobilienbusiness.ch\\\/\",\"name\":\"IMMOBILIEN Business\",\"description\":\"Unabh\u00e4ngiges Schweizer Wirtschaftsmagazin mit Fokus auf Immobilien, Architektur- und Bau sowie Investment- und Finanzierung.\",\"publisher\":{\"@id\":\"https:\\\/\\\/www.immobilienbusiness.ch\\\/#organization\"},\"potentialAction\":[{\"@type\":\"SearchAction\",\"target\":{\"@type\":\"EntryPoint\",\"urlTemplate\":\"https:\\\/\\\/www.immobilienbusiness.ch\\\/?s={search_term_string}\"},\"query-input\":{\"@type\":\"PropertyValueSpecification\",\"valueRequired\":true,\"valueName\":\"search_term_string\"}}],\"inLanguage\":\"fr-FR\"},{\"@type\":\"Organization\",\"@id\":\"https:\\\/\\\/www.immobilienbusiness.ch\\\/#organization\",\"name\":\"IMMOBILIEN Business\",\"url\":\"https:\\\/\\\/www.immobilienbusiness.ch\\\/\",\"logo\":{\"@type\":\"ImageObject\",\"inLanguage\":\"fr-FR\",\"@id\":\"https:\\\/\\\/www.immobilienbusiness.ch\\\/#\\\/schema\\\/logo\\\/image\\\/\",\"url\":\"https:\\\/\\\/www.immobilienbusiness.ch\\\/wp-content\\\/uploads\\\/2021\\\/07\\\/logo_ib.png\",\"contentUrl\":\"https:\\\/\\\/www.immobilienbusiness.ch\\\/wp-content\\\/uploads\\\/2021\\\/07\\\/logo_ib.png\",\"width\":800,\"height\":181,\"caption\":\"IMMOBILIEN Business\"},\"image\":{\"@id\":\"https:\\\/\\\/www.immobilienbusiness.ch\\\/#\\\/schema\\\/logo\\\/image\\\/\"},\"sameAs\":[\"https:\\\/\\\/www.facebook.com\\\/immobilienbusiness\\\/\"]},{\"@type\":\"Person\",\"@id\":\"https:\\\/\\\/www.immobilienbusiness.ch\\\/#\\\/schema\\\/person\\\/9071de3b430793052e78768378adb039\",\"name\":\"birgitt.wuest\",\"image\":{\"@type\":\"ImageObject\",\"inLanguage\":\"fr-FR\",\"@id\":\"https:\\\/\\\/secure.gravatar.com\\\/avatar\\\/938f7e46a2aa35420af239a36e5ed08a1034598c7d4a6d4dccff5f20b49eefca?s=96&d=mm&r=g\",\"url\":\"https:\\\/\\\/secure.gravatar.com\\\/avatar\\\/938f7e46a2aa35420af239a36e5ed08a1034598c7d4a6d4dccff5f20b49eefca?s=96&d=mm&r=g\",\"contentUrl\":\"https:\\\/\\\/secure.gravatar.com\\\/avatar\\\/938f7e46a2aa35420af239a36e5ed08a1034598c7d4a6d4dccff5f20b49eefca?s=96&d=mm&r=g\",\"caption\":\"birgitt.wuest\"},\"url\":\"https:\\\/\\\/www.immobilienbusiness.ch\\\/fr\\\/author\\\/birgitt-wuest\\\/\"}]}<\/script>\n<!-- \/ Yoast SEO plugin. -->","yoast_head_json":{"title":"Hans-Peter Domanig mit neuem T\u00e4tigkeitsfeld - IMMOBILIEN Business","description":"Apr\u00e8s avoir quitt\u00e9 le groupe Priora, pour lequel il a \u00e9t\u00e9 respectivement CEO et pr\u00e9sident du conseil d'administration de 2010 \u00e0 juin 2021, Hans-Peter Domanig a d\u00e9cid\u00e9 de concentrer son avenir professionnel sur des mandats en tant que membre ind\u00e9pendant et autonome du conseil d'administration.","robots":{"index":"index","follow":"follow","max-snippet":"max-snippet:-1","max-image-preview":"max-image-preview:large","max-video-preview":"max-video-preview:-1"},"canonical":"https:\/\/www.immobilienbusiness.ch\/fr\/unternehmen\/2021-07-14\/hans-peter-domanig-mit-neuem-taetigkeitsfeld\/","og_locale":"fr_FR","og_type":"article","og_title":"Hans-Peter Domanig mit neuem T\u00e4tigkeitsfeld - IMMOBILIEN Business","og_description":"Nach seinem Ausscheiden aus der Priora-Gruppe, f\u00fcr die er von 2010 bis im Juni 2021 als CEO bzw. Verwaltungsratspr\u00e4sident t\u00e4tig war, hat sich Hans-Peter Domanig entschieden, seine berufliche Zukunft auf Mandate als selbst\u00e4ndiger und unabh\u00e4ngiger Verwaltungsrat auszurichten.","og_url":"https:\/\/www.immobilienbusiness.ch\/fr\/unternehmen\/2021-07-14\/hans-peter-domanig-mit-neuem-taetigkeitsfeld\/","og_site_name":"IMMOBILIEN Business","article_publisher":"https:\/\/www.facebook.com\/immobilienbusiness\/","article_published_time":"2021-07-14T07:44:08+00:00","og_image":[{"width":425,"height":339,"url":"https:\/\/www.immobilienbusiness.ch\/wp-content\/uploads\/2021\/07\/Hans-Peter_Domanig-e1626246895879.jpg","type":"image\/jpeg"}],"author":"birgitt.wuest","twitter_card":"summary_large_image","schema":{"@context":"https:\/\/schema.org","@graph":[{"@type":"Article","@id":"https:\/\/www.immobilienbusiness.ch\/de\/unternehmen\/2021-07-14\/hans-peter-domanig-mit-neuem-taetigkeitsfeld\/#article","isPartOf":{"@id":"https:\/\/www.immobilienbusiness.ch\/de\/unternehmen\/2021-07-14\/hans-peter-domanig-mit-neuem-taetigkeitsfeld\/"},"author":{"name":"birgitt.wuest","@id":"https:\/\/www.immobilienbusiness.ch\/#\/schema\/person\/9071de3b430793052e78768378adb039"},"headline":"Hans-Peter Domanig mit neuem T\u00e4tigkeitsfeld","datePublished":"2021-07-14T07:44:08+00:00","mainEntityOfPage":{"@id":"https:\/\/www.immobilienbusiness.ch\/de\/unternehmen\/2021-07-14\/hans-peter-domanig-mit-neuem-taetigkeitsfeld\/"},"wordCount":218,"publisher":{"@id":"https:\/\/www.immobilienbusiness.ch\/#organization"},"image":{"@id":"https:\/\/www.immobilienbusiness.ch\/de\/unternehmen\/2021-07-14\/hans-peter-domanig-mit-neuem-taetigkeitsfeld\/#primaryimage"},"thumbnailUrl":"https:\/\/www.immobilienbusiness.ch\/wp-content\/uploads\/2021\/07\/Hans-Peter_Domanig-e1626246895879.jpg","keywords":["Personalia","Verwaltungsrat"],"articleSection":["UNTERNEHMEN"],"inLanguage":"fr-FR"},{"@type":"WebPage","@id":"https:\/\/www.immobilienbusiness.ch\/de\/unternehmen\/2021-07-14\/hans-peter-domanig-mit-neuem-taetigkeitsfeld\/","url":"https:\/\/www.immobilienbusiness.ch\/de\/unternehmen\/2021-07-14\/hans-peter-domanig-mit-neuem-taetigkeitsfeld\/","name":"Hans-Peter Domanig mit neuem T\u00e4tigkeitsfeld - IMMOBILIEN Business","isPartOf":{"@id":"https:\/\/www.immobilienbusiness.ch\/#website"},"primaryImageOfPage":{"@id":"https:\/\/www.immobilienbusiness.ch\/de\/unternehmen\/2021-07-14\/hans-peter-domanig-mit-neuem-taetigkeitsfeld\/#primaryimage"},"image":{"@id":"https:\/\/www.immobilienbusiness.ch\/de\/unternehmen\/2021-07-14\/hans-peter-domanig-mit-neuem-taetigkeitsfeld\/#primaryimage"},"thumbnailUrl":"https:\/\/www.immobilienbusiness.ch\/wp-content\/uploads\/2021\/07\/Hans-Peter_Domanig-e1626246895879.jpg","datePublished":"2021-07-14T07:44:08+00:00","description":"Apr\u00e8s avoir quitt\u00e9 le groupe Priora, pour lequel il a \u00e9t\u00e9 respectivement CEO et pr\u00e9sident du conseil d'administration de 2010 \u00e0 juin 2021, Hans-Peter Domanig a d\u00e9cid\u00e9 de concentrer son avenir professionnel sur des mandats en tant que membre ind\u00e9pendant et autonome du conseil d'administration.","breadcrumb":{"@id":"https:\/\/www.immobilienbusiness.ch\/de\/unternehmen\/2021-07-14\/hans-peter-domanig-mit-neuem-taetigkeitsfeld\/#breadcrumb"},"inLanguage":"fr-FR","potentialAction":[{"@type":"ReadAction","target":["https:\/\/www.immobilienbusiness.ch\/de\/unternehmen\/2021-07-14\/hans-peter-domanig-mit-neuem-taetigkeitsfeld\/"]}]},{"@type":"ImageObject","inLanguage":"fr-FR","@id":"https:\/\/www.immobilienbusiness.ch\/de\/unternehmen\/2021-07-14\/hans-peter-domanig-mit-neuem-taetigkeitsfeld\/#primaryimage","url":"https:\/\/www.immobilienbusiness.ch\/wp-content\/uploads\/2021\/07\/Hans-Peter_Domanig-e1626246895879.jpg","contentUrl":"https:\/\/www.immobilienbusiness.ch\/wp-content\/uploads\/2021\/07\/Hans-Peter_Domanig-e1626246895879.jpg","width":425,"height":339,"caption":"Hans-Peter Domanig"},{"@type":"BreadcrumbList","@id":"https:\/\/www.immobilienbusiness.ch\/de\/unternehmen\/2021-07-14\/hans-peter-domanig-mit-neuem-taetigkeitsfeld\/#breadcrumb","itemListElement":[{"@type":"ListItem","position":1,"name":"Home","item":"https:\/\/www.immobilienbusiness.ch\/"},{"@type":"ListItem","position":2,"name":"Hans-Peter Domanig mit neuem T\u00e4tigkeitsfeld"}]},{"@type":"WebSite","@id":"https:\/\/www.immobilienbusiness.ch\/#website","url":"https:\/\/www.immobilienbusiness.ch\/","name":"IMMOBILIER Business","description":"Magazine \u00e9conomique suisse ind\u00e9pendant ax\u00e9 sur l'immobilier, l'architecture et la construction ainsi que sur les investissements et le financement.","publisher":{"@id":"https:\/\/www.immobilienbusiness.ch\/#organization"},"potentialAction":[{"@type":"SearchAction","target":{"@type":"EntryPoint","urlTemplate":"https:\/\/www.immobilienbusiness.ch\/?s={search_term_string}"},"query-input":{"@type":"PropertyValueSpecification","valueRequired":true,"valueName":"search_term_string"}}],"inLanguage":"fr-FR"},{"@type":"Organization","@id":"https:\/\/www.immobilienbusiness.ch\/#organization","name":"IMMOBILIER Business","url":"https:\/\/www.immobilienbusiness.ch\/","logo":{"@type":"ImageObject","inLanguage":"fr-FR","@id":"https:\/\/www.immobilienbusiness.ch\/#\/schema\/logo\/image\/","url":"https:\/\/www.immobilienbusiness.ch\/wp-content\/uploads\/2021\/07\/logo_ib.png","contentUrl":"https:\/\/www.immobilienbusiness.ch\/wp-content\/uploads\/2021\/07\/logo_ib.png","width":800,"height":181,"caption":"IMMOBILIEN Business"},"image":{"@id":"https:\/\/www.immobilienbusiness.ch\/#\/schema\/logo\/image\/"},"sameAs":["https:\/\/www.facebook.com\/immobilienbusiness\/"]},{"@type":"Person","@id":"https:\/\/www.immobilienbusiness.ch\/#\/schema\/person\/9071de3b430793052e78768378adb039","name":"birgitt.wuest","image":{"@type":"ImageObject","inLanguage":"fr-FR","@id":"https:\/\/secure.gravatar.com\/avatar\/938f7e46a2aa35420af239a36e5ed08a1034598c7d4a6d4dccff5f20b49eefca?s=96&d=mm&r=g","url":"https:\/\/secure.gravatar.com\/avatar\/938f7e46a2aa35420af239a36e5ed08a1034598c7d4a6d4dccff5f20b49eefca?s=96&d=mm&r=g","contentUrl":"https:\/\/secure.gravatar.com\/avatar\/938f7e46a2aa35420af239a36e5ed08a1034598c7d4a6d4dccff5f20b49eefca?s=96&d=mm&r=g","caption":"birgitt.wuest"},"url":"https:\/\/www.immobilienbusiness.ch\/fr\/author\/birgitt-wuest\/"}]}},"_links":{"self":[{"href":"https:\/\/www.immobilienbusiness.ch\/fr\/wp-json\/wp\/v2\/posts\/24731","targetHints":{"allow":["GET"]}}],"collection":[{"href":"https:\/\/www.immobilienbusiness.ch\/fr\/wp-json\/wp\/v2\/posts"}],"about":[{"href":"https:\/\/www.immobilienbusiness.ch\/fr\/wp-json\/wp\/v2\/types\/post"}],"author":[{"embeddable":true,"href":"https:\/\/www.immobilienbusiness.ch\/fr\/wp-json\/wp\/v2\/users\/8"}],"replies":[{"embeddable":true,"href":"https:\/\/www.immobilienbusiness.ch\/fr\/wp-json\/wp\/v2\/comments?post=24731"}],"version-history":[{"count":0,"href":"https:\/\/www.immobilienbusiness.ch\/fr\/wp-json\/wp\/v2\/posts\/24731\/revisions"}],"wp:featuredmedia":[{"embeddable":true,"href":"https:\/\/www.immobilienbusiness.ch\/fr\/wp-json\/wp\/v2\/media\/24745"}],"wp:attachment":[{"href":"https:\/\/www.immobilienbusiness.ch\/fr\/wp-json\/wp\/v2\/media?parent=24731"}],"wp:term":[{"taxonomy":"category","embeddable":true,"href":"https:\/\/www.immobilienbusiness.ch\/fr\/wp-json\/wp\/v2\/categories?post=24731"},{"taxonomy":"post_tag","embeddable":true,"href":"https:\/\/www.immobilienbusiness.ch\/fr\/wp-json\/wp\/v2\/tags?post=24731"}],"curies":[{"name":"wp","href":"https:\/\/api.w.org\/{rel}","templated":true}]}}