{"id":24715,"date":"2021-07-12T12:00:47","date_gmt":"2021-07-12T10:00:47","guid":{"rendered":"https:\/\/www.immobilienbusiness.ch\/?p=24715"},"modified":"2021-07-12T12:00:47","modified_gmt":"2021-07-12T10:00:47","slug":"zuerich-porsche-eroeffnet-pop-up-store","status":"publish","type":"post","link":"https:\/\/www.immobilienbusiness.ch\/fr\/regionen\/2021-07-12\/zuerich-porsche-eroeffnet-pop-up-store\/","title":{"rendered":"Zurich : Porsche ouvre un magasin pop-up"},"content":{"rendered":"<figure id=\"attachment_24717\" aria-describedby=\"caption-attachment-24717\" style=\"width: 7370px\" class=\"wp-caption alignnone\"><img loading=\"lazy\" decoding=\"async\" class=\"size-full wp-image-24717\" src=\"https:\/\/www.immobilienbusiness.ch\/wp-content\/uploads\/2021\/07\/Nachricht_ZH_SPG-IC_Baerengasse.jpg\" alt=\"\" width=\"7370\" height=\"4916\" srcset=\"https:\/\/www.immobilienbusiness.ch\/wp-content\/uploads\/2021\/07\/Nachricht_ZH_SPG-IC_Baerengasse.jpg 2560w, https:\/\/www.immobilienbusiness.ch\/wp-content\/uploads\/2021\/07\/Nachricht_ZH_SPG-IC_Baerengasse-300x200.jpg 300w, https:\/\/www.immobilienbusiness.ch\/wp-content\/uploads\/2021\/07\/Nachricht_ZH_SPG-IC_Baerengasse-1024x683.jpg 1024w, https:\/\/www.immobilienbusiness.ch\/wp-content\/uploads\/2021\/07\/Nachricht_ZH_SPG-IC_Baerengasse-768x512.jpg 768w, https:\/\/www.immobilienbusiness.ch\/wp-content\/uploads\/2021\/07\/Nachricht_ZH_SPG-IC_Baerengasse-1536x1025.jpg 1536w, https:\/\/www.immobilienbusiness.ch\/wp-content\/uploads\/2021\/07\/Nachricht_ZH_SPG-IC_Baerengasse-2048x1366.jpg 2048w, https:\/\/www.immobilienbusiness.ch\/wp-content\/uploads\/2021\/07\/Nachricht_ZH_SPG-IC_Baerengasse-16x12.jpg 16w, https:\/\/www.immobilienbusiness.ch\/wp-content\/uploads\/2021\/07\/Nachricht_ZH_SPG-IC_Baerengasse-262x175.jpg 262w, https:\/\/www.immobilienbusiness.ch\/wp-content\/uploads\/2021\/07\/Nachricht_ZH_SPG-IC_Baerengasse-525x350.jpg 525w, https:\/\/www.immobilienbusiness.ch\/wp-content\/uploads\/2021\/07\/Nachricht_ZH_SPG-IC_Baerengasse-1199x800.jpg 1199w, https:\/\/www.immobilienbusiness.ch\/wp-content\/uploads\/2021\/07\/Nachricht_ZH_SPG-IC_Baerengasse-920x614.jpg 920w, https:\/\/www.immobilienbusiness.ch\/wp-content\/uploads\/2021\/07\/Nachricht_ZH_SPG-IC_Baerengasse-1400x934.jpg 1400w\" sizes=\"auto, (max-width: 7370px) 100vw, 7370px\" \/><figcaption id=\"caption-attachment-24717\" class=\"wp-caption-text\">Le nouveau pop-up store Porsche au centre ville de Zurich (Image : SPG Intercity)<\/figcaption><\/figure>\n<p>Selon SPG Intercity Zurich AG, qui a \u00e9t\u00e9 charg\u00e9 de louer l'espace commercial, Porsche y pr\u00e9sentera ses mod\u00e8les innovants en mati\u00e8re d'e-mobilit\u00e9, comme la Porsche Taycan. Avec le format de vente temporaire sous le titre \"Porsche NOW\", l'entreprise cr\u00e9e \"une exp\u00e9rience interactive de la marque\" avec laquelle elle veut aussi attirer en particulier une client\u00e8le urbaine et jeune, selon SPG Intercity. Le pop-up store de la B\u00e4rengasse restera ouvert jusqu'\u00e0 la fin de l'ann\u00e9e 2021. (M.ARR.)<\/p>","protected":false},"excerpt":{"rendered":"<p>Le constructeur de voitures de sport Porsche, bas\u00e9 \u00e0 Stuttgart, a ouvert un pop-up store dans le centre-ville de Zurich. L'espace d'environ 190 m\u00b2 situ\u00e9 au rez-de-chauss\u00e9e de l'immeuble commercial B\u00e4rengasse 16 poss\u00e8de une vitrine \u00e0 360 degr\u00e9s.<\/p>","protected":false},"author":8,"featured_media":24717,"comment_status":"closed","ping_status":"open","sticky":false,"template":"","format":"standard","meta":{"_acf_changed":false,"_yoast_wpseo_focuskw":"Porsche","_yoast_wpseo_title":"","_yoast_wpseo_metadesc":"Der Stuttgarter Sportwagenhersteller Porsche hat an der B\u00e4rengasse in der Z\u00fcrcher City einen 190 qm grossen Pop-up-Store mit 360-Grad-Schaufensterfront er\u00f6ffnet.","_yoast_wpseo_linkdex":43,"pgc_sgb_lightbox_settings":"","footnotes":""},"categories":[985],"tags":[1643,1832,1888],"class_list":["post-24715","post","type-post","status-publish","format-standard","has-post-thumbnail","hentry","category-regionen","tag-retail","tag-vermietung","tag-zuerich"],"acf":[],"yoast_head":"<!-- This site is optimized with the Yoast SEO plugin v27.4 - https:\/\/yoast.com\/product\/yoast-seo-wordpress\/ -->\n<title>Z\u00fcrich: Porsche er\u00f6ffnet Pop-up-Store - IMMOBILIEN Business<\/title>\n<meta name=\"description\" content=\"Der Stuttgarter Sportwagenhersteller Porsche hat an der B\u00e4rengasse in der Z\u00fcrcher City einen 190 qm grossen Pop-up-Store mit 360-Grad-Schaufensterfront er\u00f6ffnet.\" \/>\n<meta name=\"robots\" content=\"index, follow, max-snippet:-1, max-image-preview:large, max-video-preview:-1\" \/>\n<link rel=\"canonical\" href=\"https:\/\/www.immobilienbusiness.ch\/fr\/regionen\/2021-07-12\/zuerich-porsche-eroeffnet-pop-up-store\/\" \/>\n<meta property=\"og:locale\" content=\"fr_FR\" \/>\n<meta property=\"og:type\" content=\"article\" \/>\n<meta property=\"og:title\" content=\"Z\u00fcrich: Porsche er\u00f6ffnet Pop-up-Store - IMMOBILIEN Business\" \/>\n<meta property=\"og:description\" content=\"Der Stuttgarter Sportwagenhersteller Porsche hat an der B\u00e4rengasse in der Z\u00fcrcher City einen 190 qm grossen Pop-up-Store mit 360-Grad-Schaufensterfront er\u00f6ffnet.\" \/>\n<meta property=\"og:url\" content=\"https:\/\/www.immobilienbusiness.ch\/fr\/regionen\/2021-07-12\/zuerich-porsche-eroeffnet-pop-up-store\/\" \/>\n<meta property=\"og:site_name\" content=\"IMMOBILIEN Business\" \/>\n<meta property=\"article:publisher\" content=\"https:\/\/www.facebook.com\/immobilienbusiness\/\" \/>\n<meta property=\"article:published_time\" content=\"2021-07-12T10:00:47+00:00\" \/>\n<meta property=\"og:image\" content=\"https:\/\/www.immobilienbusiness.ch\/wp-content\/uploads\/2021\/07\/Nachricht_ZH_SPG-IC_Baerengasse-1024x683.jpg\" \/>\n\t<meta property=\"og:image:width\" content=\"1024\" \/>\n\t<meta property=\"og:image:height\" content=\"683\" \/>\n\t<meta property=\"og:image:type\" content=\"image\/jpeg\" \/>\n<meta name=\"author\" content=\"birgitt.wuest\" \/>\n<meta name=\"twitter:card\" content=\"summary_large_image\" \/>\n<script type=\"application\/ld+json\" class=\"yoast-schema-graph\">{\"@context\":\"https:\\\/\\\/schema.org\",\"@graph\":[{\"@type\":\"Article\",\"@id\":\"https:\\\/\\\/www.immobilienbusiness.ch\\\/de\\\/regionen\\\/2021-07-12\\\/zuerich-porsche-eroeffnet-pop-up-store\\\/#article\",\"isPartOf\":{\"@id\":\"https:\\\/\\\/www.immobilienbusiness.ch\\\/de\\\/regionen\\\/2021-07-12\\\/zuerich-porsche-eroeffnet-pop-up-store\\\/\"},\"author\":{\"name\":\"birgitt.wuest\",\"@id\":\"https:\\\/\\\/www.immobilienbusiness.ch\\\/#\\\/schema\\\/person\\\/9071de3b430793052e78768378adb039\"},\"headline\":\"Z\u00fcrich: Porsche er\u00f6ffnet Pop-up-Store\",\"datePublished\":\"2021-07-12T10:00:47+00:00\",\"mainEntityOfPage\":{\"@id\":\"https:\\\/\\\/www.immobilienbusiness.ch\\\/de\\\/regionen\\\/2021-07-12\\\/zuerich-porsche-eroeffnet-pop-up-store\\\/\"},\"wordCount\":98,\"publisher\":{\"@id\":\"https:\\\/\\\/www.immobilienbusiness.ch\\\/#organization\"},\"image\":{\"@id\":\"https:\\\/\\\/www.immobilienbusiness.ch\\\/de\\\/regionen\\\/2021-07-12\\\/zuerich-porsche-eroeffnet-pop-up-store\\\/#primaryimage\"},\"thumbnailUrl\":\"https:\\\/\\\/www.immobilienbusiness.ch\\\/wp-content\\\/uploads\\\/2021\\\/07\\\/Nachricht_ZH_SPG-IC_Baerengasse.jpg\",\"keywords\":[\"Retail\",\"Vermietung\",\"Z\u00fcrich\"],\"articleSection\":[\"REGIONEN\"],\"inLanguage\":\"fr-FR\"},{\"@type\":\"WebPage\",\"@id\":\"https:\\\/\\\/www.immobilienbusiness.ch\\\/de\\\/regionen\\\/2021-07-12\\\/zuerich-porsche-eroeffnet-pop-up-store\\\/\",\"url\":\"https:\\\/\\\/www.immobilienbusiness.ch\\\/de\\\/regionen\\\/2021-07-12\\\/zuerich-porsche-eroeffnet-pop-up-store\\\/\",\"name\":\"Z\u00fcrich: Porsche er\u00f6ffnet Pop-up-Store - IMMOBILIEN Business\",\"isPartOf\":{\"@id\":\"https:\\\/\\\/www.immobilienbusiness.ch\\\/#website\"},\"primaryImageOfPage\":{\"@id\":\"https:\\\/\\\/www.immobilienbusiness.ch\\\/de\\\/regionen\\\/2021-07-12\\\/zuerich-porsche-eroeffnet-pop-up-store\\\/#primaryimage\"},\"image\":{\"@id\":\"https:\\\/\\\/www.immobilienbusiness.ch\\\/de\\\/regionen\\\/2021-07-12\\\/zuerich-porsche-eroeffnet-pop-up-store\\\/#primaryimage\"},\"thumbnailUrl\":\"https:\\\/\\\/www.immobilienbusiness.ch\\\/wp-content\\\/uploads\\\/2021\\\/07\\\/Nachricht_ZH_SPG-IC_Baerengasse.jpg\",\"datePublished\":\"2021-07-12T10:00:47+00:00\",\"description\":\"Der Stuttgarter Sportwagenhersteller Porsche hat an der B\u00e4rengasse in der Z\u00fcrcher City einen 190 qm grossen Pop-up-Store mit 360-Grad-Schaufensterfront er\u00f6ffnet.\",\"breadcrumb\":{\"@id\":\"https:\\\/\\\/www.immobilienbusiness.ch\\\/de\\\/regionen\\\/2021-07-12\\\/zuerich-porsche-eroeffnet-pop-up-store\\\/#breadcrumb\"},\"inLanguage\":\"fr-FR\",\"potentialAction\":[{\"@type\":\"ReadAction\",\"target\":[\"https:\\\/\\\/www.immobilienbusiness.ch\\\/de\\\/regionen\\\/2021-07-12\\\/zuerich-porsche-eroeffnet-pop-up-store\\\/\"]}]},{\"@type\":\"ImageObject\",\"inLanguage\":\"fr-FR\",\"@id\":\"https:\\\/\\\/www.immobilienbusiness.ch\\\/de\\\/regionen\\\/2021-07-12\\\/zuerich-porsche-eroeffnet-pop-up-store\\\/#primaryimage\",\"url\":\"https:\\\/\\\/www.immobilienbusiness.ch\\\/wp-content\\\/uploads\\\/2021\\\/07\\\/Nachricht_ZH_SPG-IC_Baerengasse.jpg\",\"contentUrl\":\"https:\\\/\\\/www.immobilienbusiness.ch\\\/wp-content\\\/uploads\\\/2021\\\/07\\\/Nachricht_ZH_SPG-IC_Baerengasse.jpg\",\"width\":2560,\"height\":1708,\"caption\":\"Der neue Porsche Pop-up-Store in der Z\u00fcrcher City (SPG Intercity)\"},{\"@type\":\"BreadcrumbList\",\"@id\":\"https:\\\/\\\/www.immobilienbusiness.ch\\\/de\\\/regionen\\\/2021-07-12\\\/zuerich-porsche-eroeffnet-pop-up-store\\\/#breadcrumb\",\"itemListElement\":[{\"@type\":\"ListItem\",\"position\":1,\"name\":\"Home\",\"item\":\"https:\\\/\\\/www.immobilienbusiness.ch\\\/\"},{\"@type\":\"ListItem\",\"position\":2,\"name\":\"Z\u00fcrich: Porsche er\u00f6ffnet Pop-up-Store\"}]},{\"@type\":\"WebSite\",\"@id\":\"https:\\\/\\\/www.immobilienbusiness.ch\\\/#website\",\"url\":\"https:\\\/\\\/www.immobilienbusiness.ch\\\/\",\"name\":\"IMMOBILIEN Business\",\"description\":\"Unabh\u00e4ngiges Schweizer Wirtschaftsmagazin mit Fokus auf Immobilien, Architektur- und Bau sowie Investment- und Finanzierung.\",\"publisher\":{\"@id\":\"https:\\\/\\\/www.immobilienbusiness.ch\\\/#organization\"},\"potentialAction\":[{\"@type\":\"SearchAction\",\"target\":{\"@type\":\"EntryPoint\",\"urlTemplate\":\"https:\\\/\\\/www.immobilienbusiness.ch\\\/?s={search_term_string}\"},\"query-input\":{\"@type\":\"PropertyValueSpecification\",\"valueRequired\":true,\"valueName\":\"search_term_string\"}}],\"inLanguage\":\"fr-FR\"},{\"@type\":\"Organization\",\"@id\":\"https:\\\/\\\/www.immobilienbusiness.ch\\\/#organization\",\"name\":\"IMMOBILIEN Business\",\"url\":\"https:\\\/\\\/www.immobilienbusiness.ch\\\/\",\"logo\":{\"@type\":\"ImageObject\",\"inLanguage\":\"fr-FR\",\"@id\":\"https:\\\/\\\/www.immobilienbusiness.ch\\\/#\\\/schema\\\/logo\\\/image\\\/\",\"url\":\"https:\\\/\\\/www.immobilienbusiness.ch\\\/wp-content\\\/uploads\\\/2021\\\/07\\\/logo_ib.png\",\"contentUrl\":\"https:\\\/\\\/www.immobilienbusiness.ch\\\/wp-content\\\/uploads\\\/2021\\\/07\\\/logo_ib.png\",\"width\":800,\"height\":181,\"caption\":\"IMMOBILIEN Business\"},\"image\":{\"@id\":\"https:\\\/\\\/www.immobilienbusiness.ch\\\/#\\\/schema\\\/logo\\\/image\\\/\"},\"sameAs\":[\"https:\\\/\\\/www.facebook.com\\\/immobilienbusiness\\\/\"]},{\"@type\":\"Person\",\"@id\":\"https:\\\/\\\/www.immobilienbusiness.ch\\\/#\\\/schema\\\/person\\\/9071de3b430793052e78768378adb039\",\"name\":\"birgitt.wuest\",\"image\":{\"@type\":\"ImageObject\",\"inLanguage\":\"fr-FR\",\"@id\":\"https:\\\/\\\/secure.gravatar.com\\\/avatar\\\/938f7e46a2aa35420af239a36e5ed08a1034598c7d4a6d4dccff5f20b49eefca?s=96&d=mm&r=g\",\"url\":\"https:\\\/\\\/secure.gravatar.com\\\/avatar\\\/938f7e46a2aa35420af239a36e5ed08a1034598c7d4a6d4dccff5f20b49eefca?s=96&d=mm&r=g\",\"contentUrl\":\"https:\\\/\\\/secure.gravatar.com\\\/avatar\\\/938f7e46a2aa35420af239a36e5ed08a1034598c7d4a6d4dccff5f20b49eefca?s=96&d=mm&r=g\",\"caption\":\"birgitt.wuest\"},\"url\":\"https:\\\/\\\/www.immobilienbusiness.ch\\\/fr\\\/author\\\/birgitt-wuest\\\/\"}]}<\/script>\n<!-- \/ Yoast SEO plugin. -->","yoast_head_json":{"title":"Z\u00fcrich: Porsche er\u00f6ffnet Pop-up-Store - IMMOBILIEN Business","description":"Der Stuttgarter Sportwagenhersteller Porsche hat an der B\u00e4rengasse in der Z\u00fcrcher City einen 190 qm grossen Pop-up-Store mit 360-Grad-Schaufensterfront er\u00f6ffnet.","robots":{"index":"index","follow":"follow","max-snippet":"max-snippet:-1","max-image-preview":"max-image-preview:large","max-video-preview":"max-video-preview:-1"},"canonical":"https:\/\/www.immobilienbusiness.ch\/fr\/regionen\/2021-07-12\/zuerich-porsche-eroeffnet-pop-up-store\/","og_locale":"fr_FR","og_type":"article","og_title":"Z\u00fcrich: Porsche er\u00f6ffnet Pop-up-Store - IMMOBILIEN Business","og_description":"Der Stuttgarter Sportwagenhersteller Porsche hat an der B\u00e4rengasse in der Z\u00fcrcher City einen 190 qm grossen Pop-up-Store mit 360-Grad-Schaufensterfront er\u00f6ffnet.","og_url":"https:\/\/www.immobilienbusiness.ch\/fr\/regionen\/2021-07-12\/zuerich-porsche-eroeffnet-pop-up-store\/","og_site_name":"IMMOBILIEN Business","article_publisher":"https:\/\/www.facebook.com\/immobilienbusiness\/","article_published_time":"2021-07-12T10:00:47+00:00","og_image":[{"width":1024,"height":683,"url":"https:\/\/www.immobilienbusiness.ch\/wp-content\/uploads\/2021\/07\/Nachricht_ZH_SPG-IC_Baerengasse-1024x683.jpg","type":"image\/jpeg"}],"author":"birgitt.wuest","twitter_card":"summary_large_image","schema":{"@context":"https:\/\/schema.org","@graph":[{"@type":"Article","@id":"https:\/\/www.immobilienbusiness.ch\/de\/regionen\/2021-07-12\/zuerich-porsche-eroeffnet-pop-up-store\/#article","isPartOf":{"@id":"https:\/\/www.immobilienbusiness.ch\/de\/regionen\/2021-07-12\/zuerich-porsche-eroeffnet-pop-up-store\/"},"author":{"name":"birgitt.wuest","@id":"https:\/\/www.immobilienbusiness.ch\/#\/schema\/person\/9071de3b430793052e78768378adb039"},"headline":"Z\u00fcrich: Porsche er\u00f6ffnet Pop-up-Store","datePublished":"2021-07-12T10:00:47+00:00","mainEntityOfPage":{"@id":"https:\/\/www.immobilienbusiness.ch\/de\/regionen\/2021-07-12\/zuerich-porsche-eroeffnet-pop-up-store\/"},"wordCount":98,"publisher":{"@id":"https:\/\/www.immobilienbusiness.ch\/#organization"},"image":{"@id":"https:\/\/www.immobilienbusiness.ch\/de\/regionen\/2021-07-12\/zuerich-porsche-eroeffnet-pop-up-store\/#primaryimage"},"thumbnailUrl":"https:\/\/www.immobilienbusiness.ch\/wp-content\/uploads\/2021\/07\/Nachricht_ZH_SPG-IC_Baerengasse.jpg","keywords":["Retail","Vermietung","Z\u00fcrich"],"articleSection":["REGIONEN"],"inLanguage":"fr-FR"},{"@type":"WebPage","@id":"https:\/\/www.immobilienbusiness.ch\/de\/regionen\/2021-07-12\/zuerich-porsche-eroeffnet-pop-up-store\/","url":"https:\/\/www.immobilienbusiness.ch\/de\/regionen\/2021-07-12\/zuerich-porsche-eroeffnet-pop-up-store\/","name":"Z\u00fcrich: Porsche er\u00f6ffnet Pop-up-Store - IMMOBILIEN Business","isPartOf":{"@id":"https:\/\/www.immobilienbusiness.ch\/#website"},"primaryImageOfPage":{"@id":"https:\/\/www.immobilienbusiness.ch\/de\/regionen\/2021-07-12\/zuerich-porsche-eroeffnet-pop-up-store\/#primaryimage"},"image":{"@id":"https:\/\/www.immobilienbusiness.ch\/de\/regionen\/2021-07-12\/zuerich-porsche-eroeffnet-pop-up-store\/#primaryimage"},"thumbnailUrl":"https:\/\/www.immobilienbusiness.ch\/wp-content\/uploads\/2021\/07\/Nachricht_ZH_SPG-IC_Baerengasse.jpg","datePublished":"2021-07-12T10:00:47+00:00","description":"Der Stuttgarter Sportwagenhersteller Porsche hat an der B\u00e4rengasse in der Z\u00fcrcher City einen 190 qm grossen Pop-up-Store mit 360-Grad-Schaufensterfront er\u00f6ffnet.","breadcrumb":{"@id":"https:\/\/www.immobilienbusiness.ch\/de\/regionen\/2021-07-12\/zuerich-porsche-eroeffnet-pop-up-store\/#breadcrumb"},"inLanguage":"fr-FR","potentialAction":[{"@type":"ReadAction","target":["https:\/\/www.immobilienbusiness.ch\/de\/regionen\/2021-07-12\/zuerich-porsche-eroeffnet-pop-up-store\/"]}]},{"@type":"ImageObject","inLanguage":"fr-FR","@id":"https:\/\/www.immobilienbusiness.ch\/de\/regionen\/2021-07-12\/zuerich-porsche-eroeffnet-pop-up-store\/#primaryimage","url":"https:\/\/www.immobilienbusiness.ch\/wp-content\/uploads\/2021\/07\/Nachricht_ZH_SPG-IC_Baerengasse.jpg","contentUrl":"https:\/\/www.immobilienbusiness.ch\/wp-content\/uploads\/2021\/07\/Nachricht_ZH_SPG-IC_Baerengasse.jpg","width":2560,"height":1708,"caption":"Der neue Porsche Pop-up-Store in der Z\u00fcrcher City (SPG Intercity)"},{"@type":"BreadcrumbList","@id":"https:\/\/www.immobilienbusiness.ch\/de\/regionen\/2021-07-12\/zuerich-porsche-eroeffnet-pop-up-store\/#breadcrumb","itemListElement":[{"@type":"ListItem","position":1,"name":"Home","item":"https:\/\/www.immobilienbusiness.ch\/"},{"@type":"ListItem","position":2,"name":"Z\u00fcrich: Porsche er\u00f6ffnet Pop-up-Store"}]},{"@type":"WebSite","@id":"https:\/\/www.immobilienbusiness.ch\/#website","url":"https:\/\/www.immobilienbusiness.ch\/","name":"IMMOBILIER Business","description":"Magazine \u00e9conomique suisse ind\u00e9pendant ax\u00e9 sur l'immobilier, l'architecture et la construction ainsi que sur les investissements et le financement.","publisher":{"@id":"https:\/\/www.immobilienbusiness.ch\/#organization"},"potentialAction":[{"@type":"SearchAction","target":{"@type":"EntryPoint","urlTemplate":"https:\/\/www.immobilienbusiness.ch\/?s={search_term_string}"},"query-input":{"@type":"PropertyValueSpecification","valueRequired":true,"valueName":"search_term_string"}}],"inLanguage":"fr-FR"},{"@type":"Organization","@id":"https:\/\/www.immobilienbusiness.ch\/#organization","name":"IMMOBILIER Business","url":"https:\/\/www.immobilienbusiness.ch\/","logo":{"@type":"ImageObject","inLanguage":"fr-FR","@id":"https:\/\/www.immobilienbusiness.ch\/#\/schema\/logo\/image\/","url":"https:\/\/www.immobilienbusiness.ch\/wp-content\/uploads\/2021\/07\/logo_ib.png","contentUrl":"https:\/\/www.immobilienbusiness.ch\/wp-content\/uploads\/2021\/07\/logo_ib.png","width":800,"height":181,"caption":"IMMOBILIEN Business"},"image":{"@id":"https:\/\/www.immobilienbusiness.ch\/#\/schema\/logo\/image\/"},"sameAs":["https:\/\/www.facebook.com\/immobilienbusiness\/"]},{"@type":"Person","@id":"https:\/\/www.immobilienbusiness.ch\/#\/schema\/person\/9071de3b430793052e78768378adb039","name":"birgitt.wuest","image":{"@type":"ImageObject","inLanguage":"fr-FR","@id":"https:\/\/secure.gravatar.com\/avatar\/938f7e46a2aa35420af239a36e5ed08a1034598c7d4a6d4dccff5f20b49eefca?s=96&d=mm&r=g","url":"https:\/\/secure.gravatar.com\/avatar\/938f7e46a2aa35420af239a36e5ed08a1034598c7d4a6d4dccff5f20b49eefca?s=96&d=mm&r=g","contentUrl":"https:\/\/secure.gravatar.com\/avatar\/938f7e46a2aa35420af239a36e5ed08a1034598c7d4a6d4dccff5f20b49eefca?s=96&d=mm&r=g","caption":"birgitt.wuest"},"url":"https:\/\/www.immobilienbusiness.ch\/fr\/author\/birgitt-wuest\/"}]}},"_links":{"self":[{"href":"https:\/\/www.immobilienbusiness.ch\/fr\/wp-json\/wp\/v2\/posts\/24715","targetHints":{"allow":["GET"]}}],"collection":[{"href":"https:\/\/www.immobilienbusiness.ch\/fr\/wp-json\/wp\/v2\/posts"}],"about":[{"href":"https:\/\/www.immobilienbusiness.ch\/fr\/wp-json\/wp\/v2\/types\/post"}],"author":[{"embeddable":true,"href":"https:\/\/www.immobilienbusiness.ch\/fr\/wp-json\/wp\/v2\/users\/8"}],"replies":[{"embeddable":true,"href":"https:\/\/www.immobilienbusiness.ch\/fr\/wp-json\/wp\/v2\/comments?post=24715"}],"version-history":[{"count":0,"href":"https:\/\/www.immobilienbusiness.ch\/fr\/wp-json\/wp\/v2\/posts\/24715\/revisions"}],"wp:featuredmedia":[{"embeddable":true,"href":"https:\/\/www.immobilienbusiness.ch\/fr\/wp-json\/wp\/v2\/media\/24717"}],"wp:attachment":[{"href":"https:\/\/www.immobilienbusiness.ch\/fr\/wp-json\/wp\/v2\/media?parent=24715"}],"wp:term":[{"taxonomy":"category","embeddable":true,"href":"https:\/\/www.immobilienbusiness.ch\/fr\/wp-json\/wp\/v2\/categories?post=24715"},{"taxonomy":"post_tag","embeddable":true,"href":"https:\/\/www.immobilienbusiness.ch\/fr\/wp-json\/wp\/v2\/tags?post=24715"}],"curies":[{"name":"wp","href":"https:\/\/api.w.org\/{rel}","templated":true}]}}