{"id":24709,"date":"2021-07-12T12:00:42","date_gmt":"2021-07-12T10:00:42","guid":{"rendered":"https:\/\/www.immobilienbusiness.ch\/?p=24709"},"modified":"2021-07-12T12:00:42","modified_gmt":"2021-07-12T10:00:42","slug":"sfp-beteiligt-sich-an-daenischem-asset-manager","status":"publish","type":"post","link":"https:\/\/www.immobilienbusiness.ch\/fr\/unternehmen\/2021-07-12\/sfp-beteiligt-sich-an-daenischem-asset-manager\/","title":{"rendered":"La SFP acquiert une participation dans un gestionnaire d'actifs danois"},"content":{"rendered":"<figure id=\"attachment_24710\" aria-describedby=\"caption-attachment-24710\" style=\"width: 1194px\" class=\"wp-caption alignnone\"><img loading=\"lazy\" decoding=\"async\" class=\"size-full wp-image-24710\" src=\"https:\/\/www.immobilienbusiness.ch\/wp-content\/uploads\/2021\/07\/FOTO_NAchricht_SFP_Kopenhagen.png\" alt=\"\" width=\"1194\" height=\"594\" srcset=\"https:\/\/www.immobilienbusiness.ch\/wp-content\/uploads\/2021\/07\/FOTO_NAchricht_SFP_Kopenhagen.png 1194w, https:\/\/www.immobilienbusiness.ch\/wp-content\/uploads\/2021\/07\/FOTO_NAchricht_SFP_Kopenhagen-300x149.png 300w, https:\/\/www.immobilienbusiness.ch\/wp-content\/uploads\/2021\/07\/FOTO_NAchricht_SFP_Kopenhagen-1024x509.png 1024w, https:\/\/www.immobilienbusiness.ch\/wp-content\/uploads\/2021\/07\/FOTO_NAchricht_SFP_Kopenhagen-768x382.png 768w, https:\/\/www.immobilienbusiness.ch\/wp-content\/uploads\/2021\/07\/FOTO_NAchricht_SFP_Kopenhagen-16x8.png 16w, https:\/\/www.immobilienbusiness.ch\/wp-content\/uploads\/2021\/07\/FOTO_NAchricht_SFP_Kopenhagen-352x175.png 352w, https:\/\/www.immobilienbusiness.ch\/wp-content\/uploads\/2021\/07\/FOTO_NAchricht_SFP_Kopenhagen-704x350.png 704w, https:\/\/www.immobilienbusiness.ch\/wp-content\/uploads\/2021\/07\/FOTO_NAchricht_SFP_Kopenhagen-920x458.png 920w\" sizes=\"auto, (max-width: 1194px) 100vw, 1194px\" \/><figcaption id=\"caption-attachment-24710\" class=\"wp-caption-text\">A Copenhague, la SFP a acquis un portefeuille immobilier avec des partenaires (photo : Wikipedia)<\/figcaption><\/figure>\n<p class=\"x_MsoNormal\">Selon la SFP, un portefeuille de six biens immobiliers situ\u00e9s au centre de Copenhague a \u00e9t\u00e9 acquis par le biais de la soci\u00e9t\u00e9 anonyme nouvellement cr\u00e9\u00e9e Viga RE ApS, la SFP agissant en tant que co-arrangeur et agent de placement. La valeur de march\u00e9 du portefeuille (88% r\u00e9sidentiel, 12% commercial) s'\u00e9l\u00e8ve \u00e0 80 millions d'euros. \u00c0 moyen terme, le portefeuille sera \u00e9largi avec des biens immobiliers similaires dans des zones urbaines.<\/p>\n<p class=\"x_MsoNormal\">Swiss Finance &amp; Property Group AG a pris une participation dans la soci\u00e9t\u00e9 Viga RE Management ApS. Avec Niels Heering, pr\u00e9sident du conseil d'administration de Viga RE Management, et Kristian Vinther, CEO de Viga RE Management, on peut compter sur \"deux experts immobiliers locaux tr\u00e8s exp\u00e9riment\u00e9s et bien connect\u00e9s en tant que partenaires\", d\u00e9clare Hans-Peter Bauer, pr\u00e9sident du conseil d'administration de SFP. \"Nous sommes tr\u00e8s heureux d'avoir pu soutenir avec succ\u00e8s la premi\u00e8re transaction de Viga RE au Danemark. Avec notre participation dans Viga RE Management, nous avons cr\u00e9\u00e9 un premier pilier en Scandinavie\".<\/p>\n<p class=\"x_MsoNormal\">Selon les informations fournies, plus de 30 investisseurs ont investi dans Viga RE. Le rendement initial corrig\u00e9 de l'endettement serait d'environ 3,6 pour cent ; la distribution annuelle est estim\u00e9e \u00e0 environ 4,0 pour cent. (bw)<\/p>","protected":false},"excerpt":{"rendered":"<p>En collaboration avec ses partenaires locaux, Swiss Finance &amp; Property AG (SFP) a conclu avec succ\u00e8s sa premi\u00e8re transaction au Danemark.<\/p>","protected":false},"author":8,"featured_media":24710,"comment_status":"closed","ping_status":"open","sticky":false,"template":"","format":"standard","meta":{"_acf_changed":false,"_yoast_wpseo_focuskw":"SFP","_yoast_wpseo_title":"","_yoast_wpseo_metadesc":"Die Swiss Finance & Property AG (SFP) hat gemeinsam mit ihren lokalen Partnern die erste Transaktion in D\u00e4nemark erfolgreich abgeschlossen.","_yoast_wpseo_linkdex":52,"pgc_sgb_lightbox_settings":"","footnotes":""},"categories":[988],"tags":[1046,1052,1583],"class_list":["post-24709","post","type-post","status-publish","format-standard","has-post-thumbnail","hentry","category-unternehmen","tag-asset-manager","tag-ausland","tag-portfolio"],"acf":[],"yoast_head":"<!-- This site is optimized with the Yoast SEO plugin v27.4 - https:\/\/yoast.com\/product\/yoast-seo-wordpress\/ -->\n<title>SFP beteiligt sich an d\u00e4nischem Asset Manager - IMMOBILIEN Business<\/title>\n<meta name=\"description\" content=\"Die Swiss Finance &amp; Property AG (SFP) hat gemeinsam mit ihren lokalen Partnern die erste Transaktion in D\u00e4nemark erfolgreich abgeschlossen.\" \/>\n<meta name=\"robots\" content=\"index, follow, max-snippet:-1, max-image-preview:large, max-video-preview:-1\" \/>\n<link rel=\"canonical\" href=\"https:\/\/www.immobilienbusiness.ch\/fr\/unternehmen\/2021-07-12\/sfp-beteiligt-sich-an-daenischem-asset-manager\/\" \/>\n<meta property=\"og:locale\" content=\"fr_FR\" \/>\n<meta property=\"og:type\" content=\"article\" \/>\n<meta property=\"og:title\" content=\"SFP beteiligt sich an d\u00e4nischem Asset Manager - IMMOBILIEN Business\" \/>\n<meta property=\"og:description\" content=\"Die Swiss Finance &amp; Property AG (SFP) hat gemeinsam mit ihren lokalen Partnern die erste Transaktion in D\u00e4nemark erfolgreich abgeschlossen.\" \/>\n<meta property=\"og:url\" content=\"https:\/\/www.immobilienbusiness.ch\/fr\/unternehmen\/2021-07-12\/sfp-beteiligt-sich-an-daenischem-asset-manager\/\" \/>\n<meta property=\"og:site_name\" content=\"IMMOBILIEN Business\" \/>\n<meta property=\"article:publisher\" content=\"https:\/\/www.facebook.com\/immobilienbusiness\/\" \/>\n<meta property=\"article:published_time\" content=\"2021-07-12T10:00:42+00:00\" \/>\n<meta property=\"og:image\" content=\"https:\/\/www.immobilienbusiness.ch\/wp-content\/uploads\/2021\/07\/FOTO_NAchricht_SFP_Kopenhagen.png\" \/>\n\t<meta property=\"og:image:width\" content=\"1194\" \/>\n\t<meta property=\"og:image:height\" content=\"594\" \/>\n\t<meta property=\"og:image:type\" content=\"image\/png\" \/>\n<meta name=\"author\" content=\"birgitt.wuest\" \/>\n<meta name=\"twitter:card\" content=\"summary_large_image\" \/>\n<script type=\"application\/ld+json\" class=\"yoast-schema-graph\">{\"@context\":\"https:\\\/\\\/schema.org\",\"@graph\":[{\"@type\":\"Article\",\"@id\":\"https:\\\/\\\/www.immobilienbusiness.ch\\\/fr\\\/unternehmen\\\/2021-07-12\\\/sfp-beteiligt-sich-an-daenischem-asset-manager\\\/#article\",\"isPartOf\":{\"@id\":\"https:\\\/\\\/www.immobilienbusiness.ch\\\/fr\\\/unternehmen\\\/2021-07-12\\\/sfp-beteiligt-sich-an-daenischem-asset-manager\\\/\"},\"author\":{\"name\":\"birgitt.wuest\",\"@id\":\"https:\\\/\\\/www.immobilienbusiness.ch\\\/#\\\/schema\\\/person\\\/9071de3b430793052e78768378adb039\"},\"headline\":\"SFP beteiligt sich an d\u00e4nischem Asset Manager\",\"datePublished\":\"2021-07-12T10:00:42+00:00\",\"mainEntityOfPage\":{\"@id\":\"https:\\\/\\\/www.immobilienbusiness.ch\\\/fr\\\/unternehmen\\\/2021-07-12\\\/sfp-beteiligt-sich-an-daenischem-asset-manager\\\/\"},\"wordCount\":207,\"publisher\":{\"@id\":\"https:\\\/\\\/www.immobilienbusiness.ch\\\/#organization\"},\"image\":{\"@id\":\"https:\\\/\\\/www.immobilienbusiness.ch\\\/fr\\\/unternehmen\\\/2021-07-12\\\/sfp-beteiligt-sich-an-daenischem-asset-manager\\\/#primaryimage\"},\"thumbnailUrl\":\"https:\\\/\\\/www.immobilienbusiness.ch\\\/wp-content\\\/uploads\\\/2021\\\/07\\\/FOTO_NAchricht_SFP_Kopenhagen.png\",\"keywords\":[\"Asset Manager\",\"Ausland\",\"Portfolio\"],\"articleSection\":[\"UNTERNEHMEN\"],\"inLanguage\":\"fr-FR\"},{\"@type\":\"WebPage\",\"@id\":\"https:\\\/\\\/www.immobilienbusiness.ch\\\/fr\\\/unternehmen\\\/2021-07-12\\\/sfp-beteiligt-sich-an-daenischem-asset-manager\\\/\",\"url\":\"https:\\\/\\\/www.immobilienbusiness.ch\\\/fr\\\/unternehmen\\\/2021-07-12\\\/sfp-beteiligt-sich-an-daenischem-asset-manager\\\/\",\"name\":\"SFP beteiligt sich an d\u00e4nischem Asset Manager - IMMOBILIEN Business\",\"isPartOf\":{\"@id\":\"https:\\\/\\\/www.immobilienbusiness.ch\\\/#website\"},\"primaryImageOfPage\":{\"@id\":\"https:\\\/\\\/www.immobilienbusiness.ch\\\/fr\\\/unternehmen\\\/2021-07-12\\\/sfp-beteiligt-sich-an-daenischem-asset-manager\\\/#primaryimage\"},\"image\":{\"@id\":\"https:\\\/\\\/www.immobilienbusiness.ch\\\/fr\\\/unternehmen\\\/2021-07-12\\\/sfp-beteiligt-sich-an-daenischem-asset-manager\\\/#primaryimage\"},\"thumbnailUrl\":\"https:\\\/\\\/www.immobilienbusiness.ch\\\/wp-content\\\/uploads\\\/2021\\\/07\\\/FOTO_NAchricht_SFP_Kopenhagen.png\",\"datePublished\":\"2021-07-12T10:00:42+00:00\",\"description\":\"Die Swiss Finance & Property AG (SFP) hat gemeinsam mit ihren lokalen Partnern die erste Transaktion in D\u00e4nemark erfolgreich abgeschlossen.\",\"breadcrumb\":{\"@id\":\"https:\\\/\\\/www.immobilienbusiness.ch\\\/fr\\\/unternehmen\\\/2021-07-12\\\/sfp-beteiligt-sich-an-daenischem-asset-manager\\\/#breadcrumb\"},\"inLanguage\":\"fr-FR\",\"potentialAction\":[{\"@type\":\"ReadAction\",\"target\":[\"https:\\\/\\\/www.immobilienbusiness.ch\\\/fr\\\/unternehmen\\\/2021-07-12\\\/sfp-beteiligt-sich-an-daenischem-asset-manager\\\/\"]}]},{\"@type\":\"ImageObject\",\"inLanguage\":\"fr-FR\",\"@id\":\"https:\\\/\\\/www.immobilienbusiness.ch\\\/fr\\\/unternehmen\\\/2021-07-12\\\/sfp-beteiligt-sich-an-daenischem-asset-manager\\\/#primaryimage\",\"url\":\"https:\\\/\\\/www.immobilienbusiness.ch\\\/wp-content\\\/uploads\\\/2021\\\/07\\\/FOTO_NAchricht_SFP_Kopenhagen.png\",\"contentUrl\":\"https:\\\/\\\/www.immobilienbusiness.ch\\\/wp-content\\\/uploads\\\/2021\\\/07\\\/FOTO_NAchricht_SFP_Kopenhagen.png\",\"width\":1194,\"height\":594,\"caption\":\"In Kopenhagen erwarb SFP mit Partnern ein Immobilienportfolio (Bild: Wikimedia)\"},{\"@type\":\"BreadcrumbList\",\"@id\":\"https:\\\/\\\/www.immobilienbusiness.ch\\\/fr\\\/unternehmen\\\/2021-07-12\\\/sfp-beteiligt-sich-an-daenischem-asset-manager\\\/#breadcrumb\",\"itemListElement\":[{\"@type\":\"ListItem\",\"position\":1,\"name\":\"Home\",\"item\":\"https:\\\/\\\/www.immobilienbusiness.ch\\\/\"},{\"@type\":\"ListItem\",\"position\":2,\"name\":\"SFP beteiligt sich an d\u00e4nischem Asset Manager\"}]},{\"@type\":\"WebSite\",\"@id\":\"https:\\\/\\\/www.immobilienbusiness.ch\\\/#website\",\"url\":\"https:\\\/\\\/www.immobilienbusiness.ch\\\/\",\"name\":\"IMMOBILIEN Business\",\"description\":\"Unabh\u00e4ngiges Schweizer Wirtschaftsmagazin mit Fokus auf Immobilien, Architektur- und Bau sowie Investment- und Finanzierung.\",\"publisher\":{\"@id\":\"https:\\\/\\\/www.immobilienbusiness.ch\\\/#organization\"},\"potentialAction\":[{\"@type\":\"SearchAction\",\"target\":{\"@type\":\"EntryPoint\",\"urlTemplate\":\"https:\\\/\\\/www.immobilienbusiness.ch\\\/?s={search_term_string}\"},\"query-input\":{\"@type\":\"PropertyValueSpecification\",\"valueRequired\":true,\"valueName\":\"search_term_string\"}}],\"inLanguage\":\"fr-FR\"},{\"@type\":\"Organization\",\"@id\":\"https:\\\/\\\/www.immobilienbusiness.ch\\\/#organization\",\"name\":\"IMMOBILIEN Business\",\"url\":\"https:\\\/\\\/www.immobilienbusiness.ch\\\/\",\"logo\":{\"@type\":\"ImageObject\",\"inLanguage\":\"fr-FR\",\"@id\":\"https:\\\/\\\/www.immobilienbusiness.ch\\\/#\\\/schema\\\/logo\\\/image\\\/\",\"url\":\"https:\\\/\\\/www.immobilienbusiness.ch\\\/wp-content\\\/uploads\\\/2021\\\/07\\\/logo_ib.png\",\"contentUrl\":\"https:\\\/\\\/www.immobilienbusiness.ch\\\/wp-content\\\/uploads\\\/2021\\\/07\\\/logo_ib.png\",\"width\":800,\"height\":181,\"caption\":\"IMMOBILIEN Business\"},\"image\":{\"@id\":\"https:\\\/\\\/www.immobilienbusiness.ch\\\/#\\\/schema\\\/logo\\\/image\\\/\"},\"sameAs\":[\"https:\\\/\\\/www.facebook.com\\\/immobilienbusiness\\\/\"]},{\"@type\":\"Person\",\"@id\":\"https:\\\/\\\/www.immobilienbusiness.ch\\\/#\\\/schema\\\/person\\\/9071de3b430793052e78768378adb039\",\"name\":\"birgitt.wuest\",\"image\":{\"@type\":\"ImageObject\",\"inLanguage\":\"fr-FR\",\"@id\":\"https:\\\/\\\/secure.gravatar.com\\\/avatar\\\/938f7e46a2aa35420af239a36e5ed08a1034598c7d4a6d4dccff5f20b49eefca?s=96&d=mm&r=g\",\"url\":\"https:\\\/\\\/secure.gravatar.com\\\/avatar\\\/938f7e46a2aa35420af239a36e5ed08a1034598c7d4a6d4dccff5f20b49eefca?s=96&d=mm&r=g\",\"contentUrl\":\"https:\\\/\\\/secure.gravatar.com\\\/avatar\\\/938f7e46a2aa35420af239a36e5ed08a1034598c7d4a6d4dccff5f20b49eefca?s=96&d=mm&r=g\",\"caption\":\"birgitt.wuest\"},\"url\":\"https:\\\/\\\/www.immobilienbusiness.ch\\\/fr\\\/author\\\/birgitt-wuest\\\/\"}]}<\/script>\n<!-- \/ Yoast SEO plugin. -->","yoast_head_json":{"title":"La SFP prend une participation dans un gestionnaire d'actifs danois - IMMOBILIER Business","description":"En collaboration avec ses partenaires locaux, Swiss Finance &amp; Property AG (SFP) a conclu avec succ\u00e8s sa premi\u00e8re transaction au Danemark.","robots":{"index":"index","follow":"follow","max-snippet":"max-snippet:-1","max-image-preview":"max-image-preview:large","max-video-preview":"max-video-preview:-1"},"canonical":"https:\/\/www.immobilienbusiness.ch\/fr\/unternehmen\/2021-07-12\/sfp-beteiligt-sich-an-daenischem-asset-manager\/","og_locale":"fr_FR","og_type":"article","og_title":"SFP beteiligt sich an d\u00e4nischem Asset Manager - IMMOBILIEN Business","og_description":"Die Swiss Finance & Property AG (SFP) hat gemeinsam mit ihren lokalen Partnern die erste Transaktion in D\u00e4nemark erfolgreich abgeschlossen.","og_url":"https:\/\/www.immobilienbusiness.ch\/fr\/unternehmen\/2021-07-12\/sfp-beteiligt-sich-an-daenischem-asset-manager\/","og_site_name":"IMMOBILIEN Business","article_publisher":"https:\/\/www.facebook.com\/immobilienbusiness\/","article_published_time":"2021-07-12T10:00:42+00:00","og_image":[{"width":1194,"height":594,"url":"https:\/\/www.immobilienbusiness.ch\/wp-content\/uploads\/2021\/07\/FOTO_NAchricht_SFP_Kopenhagen.png","type":"image\/png"}],"author":"birgitt.wuest","twitter_card":"summary_large_image","schema":{"@context":"https:\/\/schema.org","@graph":[{"@type":"Article","@id":"https:\/\/www.immobilienbusiness.ch\/fr\/unternehmen\/2021-07-12\/sfp-beteiligt-sich-an-daenischem-asset-manager\/#article","isPartOf":{"@id":"https:\/\/www.immobilienbusiness.ch\/fr\/unternehmen\/2021-07-12\/sfp-beteiligt-sich-an-daenischem-asset-manager\/"},"author":{"name":"birgitt.wuest","@id":"https:\/\/www.immobilienbusiness.ch\/#\/schema\/person\/9071de3b430793052e78768378adb039"},"headline":"SFP beteiligt sich an d\u00e4nischem Asset Manager","datePublished":"2021-07-12T10:00:42+00:00","mainEntityOfPage":{"@id":"https:\/\/www.immobilienbusiness.ch\/fr\/unternehmen\/2021-07-12\/sfp-beteiligt-sich-an-daenischem-asset-manager\/"},"wordCount":207,"publisher":{"@id":"https:\/\/www.immobilienbusiness.ch\/#organization"},"image":{"@id":"https:\/\/www.immobilienbusiness.ch\/fr\/unternehmen\/2021-07-12\/sfp-beteiligt-sich-an-daenischem-asset-manager\/#primaryimage"},"thumbnailUrl":"https:\/\/www.immobilienbusiness.ch\/wp-content\/uploads\/2021\/07\/FOTO_NAchricht_SFP_Kopenhagen.png","keywords":["Asset Manager","Ausland","Portfolio"],"articleSection":["UNTERNEHMEN"],"inLanguage":"fr-FR"},{"@type":"WebPage","@id":"https:\/\/www.immobilienbusiness.ch\/fr\/unternehmen\/2021-07-12\/sfp-beteiligt-sich-an-daenischem-asset-manager\/","url":"https:\/\/www.immobilienbusiness.ch\/fr\/unternehmen\/2021-07-12\/sfp-beteiligt-sich-an-daenischem-asset-manager\/","name":"La SFP prend une participation dans un gestionnaire d'actifs danois - IMMOBILIER Business","isPartOf":{"@id":"https:\/\/www.immobilienbusiness.ch\/#website"},"primaryImageOfPage":{"@id":"https:\/\/www.immobilienbusiness.ch\/fr\/unternehmen\/2021-07-12\/sfp-beteiligt-sich-an-daenischem-asset-manager\/#primaryimage"},"image":{"@id":"https:\/\/www.immobilienbusiness.ch\/fr\/unternehmen\/2021-07-12\/sfp-beteiligt-sich-an-daenischem-asset-manager\/#primaryimage"},"thumbnailUrl":"https:\/\/www.immobilienbusiness.ch\/wp-content\/uploads\/2021\/07\/FOTO_NAchricht_SFP_Kopenhagen.png","datePublished":"2021-07-12T10:00:42+00:00","description":"En collaboration avec ses partenaires locaux, Swiss Finance &amp; Property AG (SFP) a conclu avec succ\u00e8s sa premi\u00e8re transaction au Danemark.","breadcrumb":{"@id":"https:\/\/www.immobilienbusiness.ch\/fr\/unternehmen\/2021-07-12\/sfp-beteiligt-sich-an-daenischem-asset-manager\/#breadcrumb"},"inLanguage":"fr-FR","potentialAction":[{"@type":"ReadAction","target":["https:\/\/www.immobilienbusiness.ch\/fr\/unternehmen\/2021-07-12\/sfp-beteiligt-sich-an-daenischem-asset-manager\/"]}]},{"@type":"ImageObject","inLanguage":"fr-FR","@id":"https:\/\/www.immobilienbusiness.ch\/fr\/unternehmen\/2021-07-12\/sfp-beteiligt-sich-an-daenischem-asset-manager\/#primaryimage","url":"https:\/\/www.immobilienbusiness.ch\/wp-content\/uploads\/2021\/07\/FOTO_NAchricht_SFP_Kopenhagen.png","contentUrl":"https:\/\/www.immobilienbusiness.ch\/wp-content\/uploads\/2021\/07\/FOTO_NAchricht_SFP_Kopenhagen.png","width":1194,"height":594,"caption":"In Kopenhagen erwarb SFP mit Partnern ein Immobilienportfolio (Bild: Wikimedia)"},{"@type":"BreadcrumbList","@id":"https:\/\/www.immobilienbusiness.ch\/fr\/unternehmen\/2021-07-12\/sfp-beteiligt-sich-an-daenischem-asset-manager\/#breadcrumb","itemListElement":[{"@type":"ListItem","position":1,"name":"Home","item":"https:\/\/www.immobilienbusiness.ch\/"},{"@type":"ListItem","position":2,"name":"SFP beteiligt sich an d\u00e4nischem Asset Manager"}]},{"@type":"WebSite","@id":"https:\/\/www.immobilienbusiness.ch\/#website","url":"https:\/\/www.immobilienbusiness.ch\/","name":"IMMOBILIER Business","description":"Magazine \u00e9conomique suisse ind\u00e9pendant ax\u00e9 sur l'immobilier, l'architecture et la construction ainsi que sur les investissements et le financement.","publisher":{"@id":"https:\/\/www.immobilienbusiness.ch\/#organization"},"potentialAction":[{"@type":"SearchAction","target":{"@type":"EntryPoint","urlTemplate":"https:\/\/www.immobilienbusiness.ch\/?s={search_term_string}"},"query-input":{"@type":"PropertyValueSpecification","valueRequired":true,"valueName":"search_term_string"}}],"inLanguage":"fr-FR"},{"@type":"Organization","@id":"https:\/\/www.immobilienbusiness.ch\/#organization","name":"IMMOBILIER Business","url":"https:\/\/www.immobilienbusiness.ch\/","logo":{"@type":"ImageObject","inLanguage":"fr-FR","@id":"https:\/\/www.immobilienbusiness.ch\/#\/schema\/logo\/image\/","url":"https:\/\/www.immobilienbusiness.ch\/wp-content\/uploads\/2021\/07\/logo_ib.png","contentUrl":"https:\/\/www.immobilienbusiness.ch\/wp-content\/uploads\/2021\/07\/logo_ib.png","width":800,"height":181,"caption":"IMMOBILIEN Business"},"image":{"@id":"https:\/\/www.immobilienbusiness.ch\/#\/schema\/logo\/image\/"},"sameAs":["https:\/\/www.facebook.com\/immobilienbusiness\/"]},{"@type":"Person","@id":"https:\/\/www.immobilienbusiness.ch\/#\/schema\/person\/9071de3b430793052e78768378adb039","name":"birgitt.wuest","image":{"@type":"ImageObject","inLanguage":"fr-FR","@id":"https:\/\/secure.gravatar.com\/avatar\/938f7e46a2aa35420af239a36e5ed08a1034598c7d4a6d4dccff5f20b49eefca?s=96&d=mm&r=g","url":"https:\/\/secure.gravatar.com\/avatar\/938f7e46a2aa35420af239a36e5ed08a1034598c7d4a6d4dccff5f20b49eefca?s=96&d=mm&r=g","contentUrl":"https:\/\/secure.gravatar.com\/avatar\/938f7e46a2aa35420af239a36e5ed08a1034598c7d4a6d4dccff5f20b49eefca?s=96&d=mm&r=g","caption":"birgitt.wuest"},"url":"https:\/\/www.immobilienbusiness.ch\/fr\/author\/birgitt-wuest\/"}]}},"_links":{"self":[{"href":"https:\/\/www.immobilienbusiness.ch\/fr\/wp-json\/wp\/v2\/posts\/24709","targetHints":{"allow":["GET"]}}],"collection":[{"href":"https:\/\/www.immobilienbusiness.ch\/fr\/wp-json\/wp\/v2\/posts"}],"about":[{"href":"https:\/\/www.immobilienbusiness.ch\/fr\/wp-json\/wp\/v2\/types\/post"}],"author":[{"embeddable":true,"href":"https:\/\/www.immobilienbusiness.ch\/fr\/wp-json\/wp\/v2\/users\/8"}],"replies":[{"embeddable":true,"href":"https:\/\/www.immobilienbusiness.ch\/fr\/wp-json\/wp\/v2\/comments?post=24709"}],"version-history":[{"count":0,"href":"https:\/\/www.immobilienbusiness.ch\/fr\/wp-json\/wp\/v2\/posts\/24709\/revisions"}],"wp:featuredmedia":[{"embeddable":true,"href":"https:\/\/www.immobilienbusiness.ch\/fr\/wp-json\/wp\/v2\/media\/24710"}],"wp:attachment":[{"href":"https:\/\/www.immobilienbusiness.ch\/fr\/wp-json\/wp\/v2\/media?parent=24709"}],"wp:term":[{"taxonomy":"category","embeddable":true,"href":"https:\/\/www.immobilienbusiness.ch\/fr\/wp-json\/wp\/v2\/categories?post=24709"},{"taxonomy":"post_tag","embeddable":true,"href":"https:\/\/www.immobilienbusiness.ch\/fr\/wp-json\/wp\/v2\/tags?post=24709"}],"curies":[{"name":"wp","href":"https:\/\/api.w.org\/{rel}","templated":true}]}}