{"id":24290,"date":"2021-05-31T08:37:43","date_gmt":"2021-05-31T06:37:43","guid":{"rendered":"https:\/\/www.immobilienbusiness.ch\/?p=24290"},"modified":"2023-08-09T19:14:46","modified_gmt":"2023-08-09T17:14:46","slug":"verstaerkung-fuer-die-swiss-finance-property-group","status":"publish","type":"post","link":"https:\/\/www.immobilienbusiness.ch\/fr\/unternehmen\/2021-05-31\/verstaerkung-fuer-die-swiss-finance-property-group\/","title":{"rendered":"Renforcement pour le groupe suisse Finance &amp; Property"},"content":{"rendered":"<figure id=\"attachment_18544\" aria-describedby=\"caption-attachment-18544\" style=\"width: 300px\" class=\"wp-caption alignnone\"><img loading=\"lazy\" decoding=\"async\" class=\"wp-image-18544 size-medium\" src=\"https:\/\/www.immobilienbusiness.ch\/wp-content\/uploads\/2019\/09\/Depositphotos_52470619_l-2015-1024x793-1-300x232.jpg\" alt=\"Swiss Finance\" width=\"300\" height=\"232\" srcset=\"https:\/\/www.immobilienbusiness.ch\/wp-content\/uploads\/2019\/09\/Depositphotos_52470619_l-2015-1024x793-1-300x232.jpg 300w, https:\/\/www.immobilienbusiness.ch\/wp-content\/uploads\/2019\/09\/Depositphotos_52470619_l-2015-1024x793-1-768x595.jpg 768w, https:\/\/www.immobilienbusiness.ch\/wp-content\/uploads\/2019\/09\/Depositphotos_52470619_l-2015-1024x793-1-16x12.jpg 16w, https:\/\/www.immobilienbusiness.ch\/wp-content\/uploads\/2019\/09\/Depositphotos_52470619_l-2015-1024x793-1-226x175.jpg 226w, https:\/\/www.immobilienbusiness.ch\/wp-content\/uploads\/2019\/09\/Depositphotos_52470619_l-2015-1024x793-1-452x350.jpg 452w, https:\/\/www.immobilienbusiness.ch\/wp-content\/uploads\/2019\/09\/Depositphotos_52470619_l-2015-1024x793-1-920x712.jpg 920w, https:\/\/www.immobilienbusiness.ch\/wp-content\/uploads\/2019\/09\/Depositphotos_52470619_l-2015-1024x793-1.jpg 1024w\" sizes=\"auto, (max-width: 300px) 100vw, 300px\" \/><figcaption id=\"caption-attachment-18544\" class=\"wp-caption-text\">Robert Sekula passe de Swisscanto \u00e0 Swiss Finance &amp; Property (Image : rawpixel - depositphotos)<\/figcaption><\/figure>\n<p>Swiss Finance &amp; Property (SFP) se renforce dans le domaine des placements immobiliers indirects avec l'arriv\u00e9e de Robert Sekula. A partir du 1er septembre, il occupera le poste de Senior Portfolio Manager et sera responsable des mandats et fonds indirects g\u00e9r\u00e9s par les \u00e9quipes de la SFP, communique la soci\u00e9t\u00e9.<\/p>\n<p>Sekula quitte Swisscanto Invest, o\u00f9 il est responsable des fonds immobiliers g\u00e9r\u00e9s activement depuis 2013. Il est Financial Risk Manager (FRM), Certified International Wealth Manager (CIWM) et Certified International Investment Analyst et poss\u00e8de un master en gestion immobili\u00e8re de l'Institut de services financiers de Zoug (IFZ). <em>(ah)<\/em><\/p>","protected":false},"excerpt":{"rendered":"<p>Robert Sekula wird ab Herbst Senior Portfolio Manager bei der Swiss Finance &#038; Property AG. Er wechselt von Swisscanto.<\/p>","protected":false},"author":3,"featured_media":18544,"comment_status":"closed","ping_status":"closed","sticky":false,"template":"","format":"standard","meta":{"_acf_changed":false,"_yoast_wpseo_focuskw":"Swiss Finance","_yoast_wpseo_title":"","_yoast_wpseo_metadesc":"Robert Sekula wird ab Herbst Senior Portfolio Manager bei der Swiss Finance & Property AG. Er wechselt von Swisscanto.","_yoast_wpseo_linkdex":45,"pgc_sgb_lightbox_settings":"","footnotes":""},"categories":[988],"tags":[1563,1753,1765],"class_list":["post-24290","post","type-post","status-publish","format-standard","has-post-thumbnail","hentry","category-unternehmen","tag-personalia","tag-swiss-finance-property","tag-swisscanto"],"acf":[],"yoast_head":"<!-- This site is optimized with the Yoast SEO plugin v27.4 - https:\/\/yoast.com\/product\/yoast-seo-wordpress\/ -->\n<title>Verst\u00e4rkung f\u00fcr die Swiss Finance &amp; Property Group - IMMOBILIEN Business<\/title>\n<meta name=\"description\" content=\"Robert Sekula wird ab Herbst Senior Portfolio Manager bei der Swiss Finance &amp; Property AG. Er wechselt von Swisscanto.\" \/>\n<meta name=\"robots\" content=\"index, follow, max-snippet:-1, max-image-preview:large, max-video-preview:-1\" \/>\n<link rel=\"canonical\" href=\"https:\/\/www.immobilienbusiness.ch\/fr\/unternehmen\/2021-05-31\/verstaerkung-fuer-die-swiss-finance-property-group\/\" \/>\n<meta property=\"og:locale\" content=\"fr_FR\" \/>\n<meta property=\"og:type\" content=\"article\" \/>\n<meta property=\"og:title\" content=\"Verst\u00e4rkung f\u00fcr die Swiss Finance &amp; Property Group - IMMOBILIEN Business\" \/>\n<meta property=\"og:description\" content=\"Robert Sekula wird ab Herbst Senior Portfolio Manager bei der Swiss Finance &amp; Property AG. Er wechselt von Swisscanto.\" \/>\n<meta property=\"og:url\" content=\"https:\/\/www.immobilienbusiness.ch\/fr\/unternehmen\/2021-05-31\/verstaerkung-fuer-die-swiss-finance-property-group\/\" \/>\n<meta property=\"og:site_name\" content=\"IMMOBILIEN Business\" \/>\n<meta property=\"article:publisher\" content=\"https:\/\/www.facebook.com\/immobilienbusiness\/\" \/>\n<meta property=\"article:published_time\" content=\"2021-05-31T06:37:43+00:00\" \/>\n<meta property=\"article:modified_time\" content=\"2023-08-09T17:14:46+00:00\" \/>\n<meta property=\"og:image\" content=\"https:\/\/www.immobilienbusiness.ch\/wp-content\/uploads\/2019\/09\/Depositphotos_52470619_l-2015-1024x793-1.jpg\" \/>\n\t<meta property=\"og:image:width\" content=\"1024\" \/>\n\t<meta property=\"og:image:height\" content=\"793\" \/>\n\t<meta property=\"og:image:type\" content=\"image\/jpeg\" \/>\n<meta name=\"author\" content=\"anja.hall\" \/>\n<meta name=\"twitter:card\" content=\"summary_large_image\" \/>\n<meta name=\"twitter:image\" content=\"https:\/\/www.immobilienbusiness.ch\/wp-content\/uploads\/2019\/09\/Depositphotos_52470619_l-2015-1024x793-1.jpg\" \/>\n<script type=\"application\/ld+json\" class=\"yoast-schema-graph\">{\"@context\":\"https:\\\/\\\/schema.org\",\"@graph\":[{\"@type\":\"Article\",\"@id\":\"https:\\\/\\\/www.immobilienbusiness.ch\\\/en\\\/unternehmen\\\/2021-05-31\\\/verstaerkung-fuer-die-swiss-finance-property-group\\\/#article\",\"isPartOf\":{\"@id\":\"https:\\\/\\\/www.immobilienbusiness.ch\\\/en\\\/unternehmen\\\/2021-05-31\\\/verstaerkung-fuer-die-swiss-finance-property-group\\\/\"},\"author\":{\"name\":\"anja.hall\",\"@id\":\"https:\\\/\\\/www.immobilienbusiness.ch\\\/#\\\/schema\\\/person\\\/3fc036297b10b9f42d6db5ee932af8c8\"},\"headline\":\"Verst\u00e4rkung f\u00fcr die Swiss Finance &#038; Property Group\",\"datePublished\":\"2021-05-31T06:37:43+00:00\",\"dateModified\":\"2023-08-09T17:14:46+00:00\",\"mainEntityOfPage\":{\"@id\":\"https:\\\/\\\/www.immobilienbusiness.ch\\\/en\\\/unternehmen\\\/2021-05-31\\\/verstaerkung-fuer-die-swiss-finance-property-group\\\/\"},\"wordCount\":118,\"publisher\":{\"@id\":\"https:\\\/\\\/www.immobilienbusiness.ch\\\/#organization\"},\"image\":{\"@id\":\"https:\\\/\\\/www.immobilienbusiness.ch\\\/en\\\/unternehmen\\\/2021-05-31\\\/verstaerkung-fuer-die-swiss-finance-property-group\\\/#primaryimage\"},\"thumbnailUrl\":\"https:\\\/\\\/www.immobilienbusiness.ch\\\/wp-content\\\/uploads\\\/2019\\\/09\\\/Depositphotos_52470619_l-2015-1024x793-1.jpg\",\"keywords\":[\"Personalia\",\"Swiss Finance &amp; Property\",\"Swisscanto\"],\"articleSection\":[\"UNTERNEHMEN\"],\"inLanguage\":\"fr-FR\"},{\"@type\":\"WebPage\",\"@id\":\"https:\\\/\\\/www.immobilienbusiness.ch\\\/en\\\/unternehmen\\\/2021-05-31\\\/verstaerkung-fuer-die-swiss-finance-property-group\\\/\",\"url\":\"https:\\\/\\\/www.immobilienbusiness.ch\\\/en\\\/unternehmen\\\/2021-05-31\\\/verstaerkung-fuer-die-swiss-finance-property-group\\\/\",\"name\":\"Verst\u00e4rkung f\u00fcr die Swiss Finance & Property Group - IMMOBILIEN Business\",\"isPartOf\":{\"@id\":\"https:\\\/\\\/www.immobilienbusiness.ch\\\/#website\"},\"primaryImageOfPage\":{\"@id\":\"https:\\\/\\\/www.immobilienbusiness.ch\\\/en\\\/unternehmen\\\/2021-05-31\\\/verstaerkung-fuer-die-swiss-finance-property-group\\\/#primaryimage\"},\"image\":{\"@id\":\"https:\\\/\\\/www.immobilienbusiness.ch\\\/en\\\/unternehmen\\\/2021-05-31\\\/verstaerkung-fuer-die-swiss-finance-property-group\\\/#primaryimage\"},\"thumbnailUrl\":\"https:\\\/\\\/www.immobilienbusiness.ch\\\/wp-content\\\/uploads\\\/2019\\\/09\\\/Depositphotos_52470619_l-2015-1024x793-1.jpg\",\"datePublished\":\"2021-05-31T06:37:43+00:00\",\"dateModified\":\"2023-08-09T17:14:46+00:00\",\"description\":\"Robert Sekula wird ab Herbst Senior Portfolio Manager bei der Swiss Finance & Property AG. Er wechselt von Swisscanto.\",\"breadcrumb\":{\"@id\":\"https:\\\/\\\/www.immobilienbusiness.ch\\\/en\\\/unternehmen\\\/2021-05-31\\\/verstaerkung-fuer-die-swiss-finance-property-group\\\/#breadcrumb\"},\"inLanguage\":\"fr-FR\",\"potentialAction\":[{\"@type\":\"ReadAction\",\"target\":[\"https:\\\/\\\/www.immobilienbusiness.ch\\\/en\\\/unternehmen\\\/2021-05-31\\\/verstaerkung-fuer-die-swiss-finance-property-group\\\/\"]}]},{\"@type\":\"ImageObject\",\"inLanguage\":\"fr-FR\",\"@id\":\"https:\\\/\\\/www.immobilienbusiness.ch\\\/en\\\/unternehmen\\\/2021-05-31\\\/verstaerkung-fuer-die-swiss-finance-property-group\\\/#primaryimage\",\"url\":\"https:\\\/\\\/www.immobilienbusiness.ch\\\/wp-content\\\/uploads\\\/2019\\\/09\\\/Depositphotos_52470619_l-2015-1024x793-1.jpg\",\"contentUrl\":\"https:\\\/\\\/www.immobilienbusiness.ch\\\/wp-content\\\/uploads\\\/2019\\\/09\\\/Depositphotos_52470619_l-2015-1024x793-1.jpg\",\"width\":1024,\"height\":793,\"caption\":\"Walter Eberle \u00fcbernimmt bei Investis die Verantwortung f\u00fcr die Facility Service (Bild: rawpixel - depositphotos)\"},{\"@type\":\"BreadcrumbList\",\"@id\":\"https:\\\/\\\/www.immobilienbusiness.ch\\\/en\\\/unternehmen\\\/2021-05-31\\\/verstaerkung-fuer-die-swiss-finance-property-group\\\/#breadcrumb\",\"itemListElement\":[{\"@type\":\"ListItem\",\"position\":1,\"name\":\"Home\",\"item\":\"https:\\\/\\\/www.immobilienbusiness.ch\\\/\"},{\"@type\":\"ListItem\",\"position\":2,\"name\":\"Verst\u00e4rkung f\u00fcr die Swiss Finance &#038; Property Group\"}]},{\"@type\":\"WebSite\",\"@id\":\"https:\\\/\\\/www.immobilienbusiness.ch\\\/#website\",\"url\":\"https:\\\/\\\/www.immobilienbusiness.ch\\\/\",\"name\":\"IMMOBILIEN Business\",\"description\":\"Unabh\u00e4ngiges Schweizer Wirtschaftsmagazin mit Fokus auf Immobilien, Architektur- und Bau sowie Investment- und Finanzierung.\",\"publisher\":{\"@id\":\"https:\\\/\\\/www.immobilienbusiness.ch\\\/#organization\"},\"potentialAction\":[{\"@type\":\"SearchAction\",\"target\":{\"@type\":\"EntryPoint\",\"urlTemplate\":\"https:\\\/\\\/www.immobilienbusiness.ch\\\/?s={search_term_string}\"},\"query-input\":{\"@type\":\"PropertyValueSpecification\",\"valueRequired\":true,\"valueName\":\"search_term_string\"}}],\"inLanguage\":\"fr-FR\"},{\"@type\":\"Organization\",\"@id\":\"https:\\\/\\\/www.immobilienbusiness.ch\\\/#organization\",\"name\":\"IMMOBILIEN Business\",\"url\":\"https:\\\/\\\/www.immobilienbusiness.ch\\\/\",\"logo\":{\"@type\":\"ImageObject\",\"inLanguage\":\"fr-FR\",\"@id\":\"https:\\\/\\\/www.immobilienbusiness.ch\\\/#\\\/schema\\\/logo\\\/image\\\/\",\"url\":\"https:\\\/\\\/www.immobilienbusiness.ch\\\/wp-content\\\/uploads\\\/2021\\\/07\\\/logo_ib.png\",\"contentUrl\":\"https:\\\/\\\/www.immobilienbusiness.ch\\\/wp-content\\\/uploads\\\/2021\\\/07\\\/logo_ib.png\",\"width\":800,\"height\":181,\"caption\":\"IMMOBILIEN Business\"},\"image\":{\"@id\":\"https:\\\/\\\/www.immobilienbusiness.ch\\\/#\\\/schema\\\/logo\\\/image\\\/\"},\"sameAs\":[\"https:\\\/\\\/www.facebook.com\\\/immobilienbusiness\\\/\"]},{\"@type\":\"Person\",\"@id\":\"https:\\\/\\\/www.immobilienbusiness.ch\\\/#\\\/schema\\\/person\\\/3fc036297b10b9f42d6db5ee932af8c8\",\"name\":\"anja.hall\",\"image\":{\"@type\":\"ImageObject\",\"inLanguage\":\"fr-FR\",\"@id\":\"https:\\\/\\\/secure.gravatar.com\\\/avatar\\\/066b5a0d447013502c71a5782f4f3469f03cfe595cc2329fb94652fe47511bfb?s=96&d=mm&r=g\",\"url\":\"https:\\\/\\\/secure.gravatar.com\\\/avatar\\\/066b5a0d447013502c71a5782f4f3469f03cfe595cc2329fb94652fe47511bfb?s=96&d=mm&r=g\",\"contentUrl\":\"https:\\\/\\\/secure.gravatar.com\\\/avatar\\\/066b5a0d447013502c71a5782f4f3469f03cfe595cc2329fb94652fe47511bfb?s=96&d=mm&r=g\",\"caption\":\"anja.hall\"},\"url\":\"https:\\\/\\\/www.immobilienbusiness.ch\\\/fr\\\/author\\\/anja-hall\\\/\"}]}<\/script>\n<!-- \/ Yoast SEO plugin. -->","yoast_head_json":{"title":"Verst\u00e4rkung f\u00fcr die Swiss Finance & Property Group - IMMOBILIEN Business","description":"Robert Sekula deviendra \u00e0 l'automne Senior Portfolio Manager chez Swiss Finance &amp; Property AG. Il quitte Swisscanto.","robots":{"index":"index","follow":"follow","max-snippet":"max-snippet:-1","max-image-preview":"max-image-preview:large","max-video-preview":"max-video-preview:-1"},"canonical":"https:\/\/www.immobilienbusiness.ch\/fr\/unternehmen\/2021-05-31\/verstaerkung-fuer-die-swiss-finance-property-group\/","og_locale":"fr_FR","og_type":"article","og_title":"Verst\u00e4rkung f\u00fcr die Swiss Finance & Property Group - IMMOBILIEN Business","og_description":"Robert Sekula wird ab Herbst Senior Portfolio Manager bei der Swiss Finance & Property AG. Er wechselt von Swisscanto.","og_url":"https:\/\/www.immobilienbusiness.ch\/fr\/unternehmen\/2021-05-31\/verstaerkung-fuer-die-swiss-finance-property-group\/","og_site_name":"IMMOBILIEN Business","article_publisher":"https:\/\/www.facebook.com\/immobilienbusiness\/","article_published_time":"2021-05-31T06:37:43+00:00","article_modified_time":"2023-08-09T17:14:46+00:00","og_image":[{"width":1024,"height":793,"url":"https:\/\/www.immobilienbusiness.ch\/wp-content\/uploads\/2019\/09\/Depositphotos_52470619_l-2015-1024x793-1.jpg","type":"image\/jpeg"}],"author":"anja.hall","twitter_card":"summary_large_image","twitter_image":"https:\/\/www.immobilienbusiness.ch\/wp-content\/uploads\/2019\/09\/Depositphotos_52470619_l-2015-1024x793-1.jpg","schema":{"@context":"https:\/\/schema.org","@graph":[{"@type":"Article","@id":"https:\/\/www.immobilienbusiness.ch\/en\/unternehmen\/2021-05-31\/verstaerkung-fuer-die-swiss-finance-property-group\/#article","isPartOf":{"@id":"https:\/\/www.immobilienbusiness.ch\/en\/unternehmen\/2021-05-31\/verstaerkung-fuer-die-swiss-finance-property-group\/"},"author":{"name":"anja.hall","@id":"https:\/\/www.immobilienbusiness.ch\/#\/schema\/person\/3fc036297b10b9f42d6db5ee932af8c8"},"headline":"Verst\u00e4rkung f\u00fcr die Swiss Finance &#038; Property Group","datePublished":"2021-05-31T06:37:43+00:00","dateModified":"2023-08-09T17:14:46+00:00","mainEntityOfPage":{"@id":"https:\/\/www.immobilienbusiness.ch\/en\/unternehmen\/2021-05-31\/verstaerkung-fuer-die-swiss-finance-property-group\/"},"wordCount":118,"publisher":{"@id":"https:\/\/www.immobilienbusiness.ch\/#organization"},"image":{"@id":"https:\/\/www.immobilienbusiness.ch\/en\/unternehmen\/2021-05-31\/verstaerkung-fuer-die-swiss-finance-property-group\/#primaryimage"},"thumbnailUrl":"https:\/\/www.immobilienbusiness.ch\/wp-content\/uploads\/2019\/09\/Depositphotos_52470619_l-2015-1024x793-1.jpg","keywords":["Personalia","Swiss Finance &amp; Property","Swisscanto"],"articleSection":["UNTERNEHMEN"],"inLanguage":"fr-FR"},{"@type":"WebPage","@id":"https:\/\/www.immobilienbusiness.ch\/en\/unternehmen\/2021-05-31\/verstaerkung-fuer-die-swiss-finance-property-group\/","url":"https:\/\/www.immobilienbusiness.ch\/en\/unternehmen\/2021-05-31\/verstaerkung-fuer-die-swiss-finance-property-group\/","name":"Verst\u00e4rkung f\u00fcr die Swiss Finance & Property Group - IMMOBILIEN Business","isPartOf":{"@id":"https:\/\/www.immobilienbusiness.ch\/#website"},"primaryImageOfPage":{"@id":"https:\/\/www.immobilienbusiness.ch\/en\/unternehmen\/2021-05-31\/verstaerkung-fuer-die-swiss-finance-property-group\/#primaryimage"},"image":{"@id":"https:\/\/www.immobilienbusiness.ch\/en\/unternehmen\/2021-05-31\/verstaerkung-fuer-die-swiss-finance-property-group\/#primaryimage"},"thumbnailUrl":"https:\/\/www.immobilienbusiness.ch\/wp-content\/uploads\/2019\/09\/Depositphotos_52470619_l-2015-1024x793-1.jpg","datePublished":"2021-05-31T06:37:43+00:00","dateModified":"2023-08-09T17:14:46+00:00","description":"Robert Sekula deviendra \u00e0 l'automne Senior Portfolio Manager chez Swiss Finance &amp; Property AG. Il quitte Swisscanto.","breadcrumb":{"@id":"https:\/\/www.immobilienbusiness.ch\/en\/unternehmen\/2021-05-31\/verstaerkung-fuer-die-swiss-finance-property-group\/#breadcrumb"},"inLanguage":"fr-FR","potentialAction":[{"@type":"ReadAction","target":["https:\/\/www.immobilienbusiness.ch\/en\/unternehmen\/2021-05-31\/verstaerkung-fuer-die-swiss-finance-property-group\/"]}]},{"@type":"ImageObject","inLanguage":"fr-FR","@id":"https:\/\/www.immobilienbusiness.ch\/en\/unternehmen\/2021-05-31\/verstaerkung-fuer-die-swiss-finance-property-group\/#primaryimage","url":"https:\/\/www.immobilienbusiness.ch\/wp-content\/uploads\/2019\/09\/Depositphotos_52470619_l-2015-1024x793-1.jpg","contentUrl":"https:\/\/www.immobilienbusiness.ch\/wp-content\/uploads\/2019\/09\/Depositphotos_52470619_l-2015-1024x793-1.jpg","width":1024,"height":793,"caption":"Walter Eberle \u00fcbernimmt bei Investis die Verantwortung f\u00fcr die Facility Service (Bild: rawpixel - depositphotos)"},{"@type":"BreadcrumbList","@id":"https:\/\/www.immobilienbusiness.ch\/en\/unternehmen\/2021-05-31\/verstaerkung-fuer-die-swiss-finance-property-group\/#breadcrumb","itemListElement":[{"@type":"ListItem","position":1,"name":"Home","item":"https:\/\/www.immobilienbusiness.ch\/"},{"@type":"ListItem","position":2,"name":"Verst\u00e4rkung f\u00fcr die Swiss Finance &#038; Property Group"}]},{"@type":"WebSite","@id":"https:\/\/www.immobilienbusiness.ch\/#website","url":"https:\/\/www.immobilienbusiness.ch\/","name":"IMMOBILIER Business","description":"Magazine \u00e9conomique suisse ind\u00e9pendant ax\u00e9 sur l'immobilier, l'architecture et la construction ainsi que sur les investissements et le financement.","publisher":{"@id":"https:\/\/www.immobilienbusiness.ch\/#organization"},"potentialAction":[{"@type":"SearchAction","target":{"@type":"EntryPoint","urlTemplate":"https:\/\/www.immobilienbusiness.ch\/?s={search_term_string}"},"query-input":{"@type":"PropertyValueSpecification","valueRequired":true,"valueName":"search_term_string"}}],"inLanguage":"fr-FR"},{"@type":"Organization","@id":"https:\/\/www.immobilienbusiness.ch\/#organization","name":"IMMOBILIER Business","url":"https:\/\/www.immobilienbusiness.ch\/","logo":{"@type":"ImageObject","inLanguage":"fr-FR","@id":"https:\/\/www.immobilienbusiness.ch\/#\/schema\/logo\/image\/","url":"https:\/\/www.immobilienbusiness.ch\/wp-content\/uploads\/2021\/07\/logo_ib.png","contentUrl":"https:\/\/www.immobilienbusiness.ch\/wp-content\/uploads\/2021\/07\/logo_ib.png","width":800,"height":181,"caption":"IMMOBILIEN Business"},"image":{"@id":"https:\/\/www.immobilienbusiness.ch\/#\/schema\/logo\/image\/"},"sameAs":["https:\/\/www.facebook.com\/immobilienbusiness\/"]},{"@type":"Person","@id":"https:\/\/www.immobilienbusiness.ch\/#\/schema\/person\/3fc036297b10b9f42d6db5ee932af8c8","name":"anja.hall","image":{"@type":"ImageObject","inLanguage":"fr-FR","@id":"https:\/\/secure.gravatar.com\/avatar\/066b5a0d447013502c71a5782f4f3469f03cfe595cc2329fb94652fe47511bfb?s=96&d=mm&r=g","url":"https:\/\/secure.gravatar.com\/avatar\/066b5a0d447013502c71a5782f4f3469f03cfe595cc2329fb94652fe47511bfb?s=96&d=mm&r=g","contentUrl":"https:\/\/secure.gravatar.com\/avatar\/066b5a0d447013502c71a5782f4f3469f03cfe595cc2329fb94652fe47511bfb?s=96&d=mm&r=g","caption":"anja.hall"},"url":"https:\/\/www.immobilienbusiness.ch\/fr\/author\/anja-hall\/"}]}},"_links":{"self":[{"href":"https:\/\/www.immobilienbusiness.ch\/fr\/wp-json\/wp\/v2\/posts\/24290","targetHints":{"allow":["GET"]}}],"collection":[{"href":"https:\/\/www.immobilienbusiness.ch\/fr\/wp-json\/wp\/v2\/posts"}],"about":[{"href":"https:\/\/www.immobilienbusiness.ch\/fr\/wp-json\/wp\/v2\/types\/post"}],"author":[{"embeddable":true,"href":"https:\/\/www.immobilienbusiness.ch\/fr\/wp-json\/wp\/v2\/users\/3"}],"replies":[{"embeddable":true,"href":"https:\/\/www.immobilienbusiness.ch\/fr\/wp-json\/wp\/v2\/comments?post=24290"}],"version-history":[{"count":1,"href":"https:\/\/www.immobilienbusiness.ch\/fr\/wp-json\/wp\/v2\/posts\/24290\/revisions"}],"predecessor-version":[{"id":51693,"href":"https:\/\/www.immobilienbusiness.ch\/fr\/wp-json\/wp\/v2\/posts\/24290\/revisions\/51693"}],"wp:featuredmedia":[{"embeddable":true,"href":"https:\/\/www.immobilienbusiness.ch\/fr\/wp-json\/wp\/v2\/media\/18544"}],"wp:attachment":[{"href":"https:\/\/www.immobilienbusiness.ch\/fr\/wp-json\/wp\/v2\/media?parent=24290"}],"wp:term":[{"taxonomy":"category","embeddable":true,"href":"https:\/\/www.immobilienbusiness.ch\/fr\/wp-json\/wp\/v2\/categories?post=24290"},{"taxonomy":"post_tag","embeddable":true,"href":"https:\/\/www.immobilienbusiness.ch\/fr\/wp-json\/wp\/v2\/tags?post=24290"}],"curies":[{"name":"wp","href":"https:\/\/api.w.org\/{rel}","templated":true}]}}