{"id":24243,"date":"2021-05-26T08:15:52","date_gmt":"2021-05-26T06:15:52","guid":{"rendered":"https:\/\/www.immobilienbusiness.ch\/?p=24243"},"modified":"2021-05-26T08:15:52","modified_gmt":"2021-05-26T06:15:52","slug":"zuerich-turidomus-kauft-die-stadelhoferpassage","status":"publish","type":"post","link":"https:\/\/www.immobilienbusiness.ch\/fr\/regionen\/2021-05-26\/zuerich-turidomus-kauft-die-stadelhoferpassage\/","title":{"rendered":"Zurich : Turidomus ach\u00e8te le Stadelhoferpassage"},"content":{"rendered":"<figure id=\"attachment_24244\" aria-describedby=\"caption-attachment-24244\" style=\"width: 644px\" class=\"wp-caption alignnone\"><img loading=\"lazy\" decoding=\"async\" class=\"size-full wp-image-24244\" src=\"https:\/\/www.immobilienbusiness.ch\/wp-content\/uploads\/2021\/05\/Z\u00fcrich_Stadelhoferpassage-c-Turidomus-Anlagestiftung.jpg\" alt=\"\" width=\"644\" height=\"429\" \/><figcaption id=\"caption-attachment-24244\" class=\"wp-caption-text\">Le Stadelhoferpassage \u00e0 Zurich (Photo : Fondation d'investissement Turidomus)<\/figcaption><\/figure>\n<p>La propri\u00e9t\u00e9 bien en vue situ\u00e9e \u00e0 Stadelhoferstrasse 18-22 fait partie d'un d\u00e9veloppement global r\u00e9alis\u00e9 par les architectes Ernst Gisel et Martin Sp\u00fchler. La propri\u00e9t\u00e9, situ\u00e9e dans un emplacement commercial de choix entre la gare de Stadelhofen et Bellevue, est travers\u00e9e par le passage dit de Stadelhofer, \"qui est reli\u00e9 \u00e0 une sortie principale de la gare, ce qui entra\u00eene un flux constant de passants\", \u00e9crit Turidomus.<\/p>\n<div class=\"quickedit-field\" data-quickedit-field-id=\"node\/5614\/field_content\/de\/full\">\n<div>\n<div class=\"paragraph paragraph--type--text paragraph--view-mode--default\" data-quickedit-entity-id=\"paragraph\/5779\" data-quickedit-entity-instance-id=\"0\">\n<div data-quickedit-field-id=\"paragraph\/5779\/field_text\/de\/default\">\n<p>Les magasins et les restaurants sont situ\u00e9s aux \u00e9tages inf\u00e9rieurs, tandis que les bureaux et les services se trouvent au-dessus. La propri\u00e9t\u00e9, d'une superficie locative d'environ 5 000 m\u00b2, dispose d'un \"large \u00e9ventail de locataires avec des utilisations appropri\u00e9es \u00e0 l'emplacement, telles que des restaurants, des plats \u00e0 emporter ou des services \u00e0 la personne\", ajoute-t-il. Environ 40% des revenus seraient g\u00e9n\u00e9r\u00e9s par des utilisations de d\u00e9tail et de restaurant. C'est la premi\u00e8re propri\u00e9t\u00e9 que la Fondation d'investissement Turidomus Urban &amp; Mixed-use a acquise dans le Kreis 1 de Zurich.<\/p>\n<p>L'ensemble, qui consiste en un r\u00e9seau de passages, d'all\u00e9es et de cours, a \u00e9t\u00e9 construit en 1983 et r\u00e9nov\u00e9 en 2004. Le vendeur du bien est Swiss Prime Site. <em>(mr)<\/em><\/p>\n<\/div>\n<\/div>\n<\/div>\n<\/div>","protected":false},"excerpt":{"rendered":"<p>Pour son groupe de placement Urban &amp; Mixed-use, la Fondation de placement Turidomus a acquis l'immeuble commercial Stadelhoferpassage, situ\u00e9 au centre de Zurich.<\/p>","protected":false},"author":3,"featured_media":24244,"comment_status":"closed","ping_status":"open","sticky":false,"template":"","format":"standard","meta":{"_acf_changed":false,"_yoast_wpseo_focuskw":"Turidomus","_yoast_wpseo_title":"","_yoast_wpseo_metadesc":"F\u00fcr ihre Anlagegruppe Urban & Mixed-use hat die Anlagestiftung Turidomus die zentral gelegene Z\u00fcrcher Gesch\u00e4ftsliegenschaft Stadelhoferpassage erworben.","_yoast_wpseo_linkdex":50,"pgc_sgb_lightbox_settings":"","footnotes":""},"categories":[985],"tags":[1119,1355,1645,1760,1888],"class_list":["post-24243","post","type-post","status-publish","format-standard","has-post-thumbnail","hentry","category-regionen","tag-bueroimmobilien","tag-immobilienverkauf","tag-retailflaechen","tag-swiss-prime-site","tag-zuerich"],"acf":[],"yoast_head":"<!-- This site is optimized with the Yoast SEO plugin v27.5 - https:\/\/yoast.com\/product\/yoast-seo-wordpress\/ -->\n<title>Z\u00fcrich: Turidomus kauft die Stadelhoferpassage - IMMOBILIEN Business<\/title>\n<meta name=\"description\" content=\"F\u00fcr ihre Anlagegruppe Urban &amp; Mixed-use hat die Anlagestiftung Turidomus die zentral gelegene Z\u00fcrcher Gesch\u00e4ftsliegenschaft Stadelhoferpassage erworben.\" \/>\n<meta name=\"robots\" content=\"index, follow, max-snippet:-1, max-image-preview:large, max-video-preview:-1\" \/>\n<link rel=\"canonical\" href=\"https:\/\/www.immobilienbusiness.ch\/fr\/regionen\/2021-05-26\/zuerich-turidomus-kauft-die-stadelhoferpassage\/\" \/>\n<meta property=\"og:locale\" content=\"fr_FR\" \/>\n<meta property=\"og:type\" content=\"article\" \/>\n<meta property=\"og:title\" content=\"Z\u00fcrich: Turidomus kauft die Stadelhoferpassage - IMMOBILIEN Business\" \/>\n<meta property=\"og:description\" content=\"F\u00fcr ihre Anlagegruppe Urban &amp; Mixed-use hat die Anlagestiftung Turidomus die zentral gelegene Z\u00fcrcher Gesch\u00e4ftsliegenschaft Stadelhoferpassage erworben.\" \/>\n<meta property=\"og:url\" content=\"https:\/\/www.immobilienbusiness.ch\/fr\/regionen\/2021-05-26\/zuerich-turidomus-kauft-die-stadelhoferpassage\/\" \/>\n<meta property=\"og:site_name\" content=\"IMMOBILIEN Business\" \/>\n<meta property=\"article:publisher\" content=\"https:\/\/www.facebook.com\/immobilienbusiness\/\" \/>\n<meta property=\"article:published_time\" content=\"2021-05-26T06:15:52+00:00\" \/>\n<meta property=\"og:image\" content=\"https:\/\/www.immobilienbusiness.ch\/wp-content\/uploads\/2021\/05\/Zuerich_Stadelhoferpassage-c-Turidomus-Anlagestiftung.jpg\" \/>\n\t<meta property=\"og:image:width\" content=\"644\" \/>\n\t<meta property=\"og:image:height\" content=\"429\" \/>\n\t<meta property=\"og:image:type\" content=\"image\/jpeg\" \/>\n<meta name=\"author\" content=\"anja.hall\" \/>\n<meta name=\"twitter:card\" content=\"summary_large_image\" \/>\n<meta name=\"twitter:image\" content=\"https:\/\/www.immobilienbusiness.ch\/wp-content\/uploads\/2021\/05\/Zuerich_Stadelhoferpassage-c-Turidomus-Anlagestiftung.jpg\" \/>\n<script type=\"application\/ld+json\" class=\"yoast-schema-graph\">{\"@context\":\"https:\\\/\\\/schema.org\",\"@graph\":[{\"@type\":\"Article\",\"@id\":\"https:\\\/\\\/www.immobilienbusiness.ch\\\/it\\\/regionen\\\/2021-05-26\\\/zuerich-turidomus-kauft-die-stadelhoferpassage\\\/#article\",\"isPartOf\":{\"@id\":\"https:\\\/\\\/www.immobilienbusiness.ch\\\/it\\\/regionen\\\/2021-05-26\\\/zuerich-turidomus-kauft-die-stadelhoferpassage\\\/\"},\"author\":{\"name\":\"anja.hall\",\"@id\":\"https:\\\/\\\/www.immobilienbusiness.ch\\\/#\\\/schema\\\/person\\\/3fc036297b10b9f42d6db5ee932af8c8\"},\"headline\":\"Z\u00fcrich: Turidomus kauft die Stadelhoferpassage\",\"datePublished\":\"2021-05-26T06:15:52+00:00\",\"mainEntityOfPage\":{\"@id\":\"https:\\\/\\\/www.immobilienbusiness.ch\\\/it\\\/regionen\\\/2021-05-26\\\/zuerich-turidomus-kauft-die-stadelhoferpassage\\\/\"},\"wordCount\":182,\"publisher\":{\"@id\":\"https:\\\/\\\/www.immobilienbusiness.ch\\\/#organization\"},\"image\":{\"@id\":\"https:\\\/\\\/www.immobilienbusiness.ch\\\/it\\\/regionen\\\/2021-05-26\\\/zuerich-turidomus-kauft-die-stadelhoferpassage\\\/#primaryimage\"},\"thumbnailUrl\":\"https:\\\/\\\/www.immobilienbusiness.ch\\\/wp-content\\\/uploads\\\/2021\\\/05\\\/Zuerich_Stadelhoferpassage-c-Turidomus-Anlagestiftung.jpg\",\"keywords\":[\"B\u00fcroimmobilien\",\"Immobilienverkauf\",\"Retailfl\u00e4chen\",\"Swiss Prime Site\",\"Z\u00fcrich\"],\"articleSection\":[\"REGIONEN\"],\"inLanguage\":\"fr-FR\"},{\"@type\":\"WebPage\",\"@id\":\"https:\\\/\\\/www.immobilienbusiness.ch\\\/it\\\/regionen\\\/2021-05-26\\\/zuerich-turidomus-kauft-die-stadelhoferpassage\\\/\",\"url\":\"https:\\\/\\\/www.immobilienbusiness.ch\\\/it\\\/regionen\\\/2021-05-26\\\/zuerich-turidomus-kauft-die-stadelhoferpassage\\\/\",\"name\":\"Z\u00fcrich: Turidomus kauft die Stadelhoferpassage - IMMOBILIEN Business\",\"isPartOf\":{\"@id\":\"https:\\\/\\\/www.immobilienbusiness.ch\\\/#website\"},\"primaryImageOfPage\":{\"@id\":\"https:\\\/\\\/www.immobilienbusiness.ch\\\/it\\\/regionen\\\/2021-05-26\\\/zuerich-turidomus-kauft-die-stadelhoferpassage\\\/#primaryimage\"},\"image\":{\"@id\":\"https:\\\/\\\/www.immobilienbusiness.ch\\\/it\\\/regionen\\\/2021-05-26\\\/zuerich-turidomus-kauft-die-stadelhoferpassage\\\/#primaryimage\"},\"thumbnailUrl\":\"https:\\\/\\\/www.immobilienbusiness.ch\\\/wp-content\\\/uploads\\\/2021\\\/05\\\/Zuerich_Stadelhoferpassage-c-Turidomus-Anlagestiftung.jpg\",\"datePublished\":\"2021-05-26T06:15:52+00:00\",\"description\":\"F\u00fcr ihre Anlagegruppe Urban & Mixed-use hat die Anlagestiftung Turidomus die zentral gelegene Z\u00fcrcher Gesch\u00e4ftsliegenschaft Stadelhoferpassage erworben.\",\"breadcrumb\":{\"@id\":\"https:\\\/\\\/www.immobilienbusiness.ch\\\/it\\\/regionen\\\/2021-05-26\\\/zuerich-turidomus-kauft-die-stadelhoferpassage\\\/#breadcrumb\"},\"inLanguage\":\"fr-FR\",\"potentialAction\":[{\"@type\":\"ReadAction\",\"target\":[\"https:\\\/\\\/www.immobilienbusiness.ch\\\/it\\\/regionen\\\/2021-05-26\\\/zuerich-turidomus-kauft-die-stadelhoferpassage\\\/\"]}]},{\"@type\":\"ImageObject\",\"inLanguage\":\"fr-FR\",\"@id\":\"https:\\\/\\\/www.immobilienbusiness.ch\\\/it\\\/regionen\\\/2021-05-26\\\/zuerich-turidomus-kauft-die-stadelhoferpassage\\\/#primaryimage\",\"url\":\"https:\\\/\\\/www.immobilienbusiness.ch\\\/wp-content\\\/uploads\\\/2021\\\/05\\\/Zuerich_Stadelhoferpassage-c-Turidomus-Anlagestiftung.jpg\",\"contentUrl\":\"https:\\\/\\\/www.immobilienbusiness.ch\\\/wp-content\\\/uploads\\\/2021\\\/05\\\/Zuerich_Stadelhoferpassage-c-Turidomus-Anlagestiftung.jpg\",\"width\":644,\"height\":429,\"caption\":\"Die Stadelhoferpassage in Z\u00fcrich (Bild: Turidomus Anlagestiftung)\"},{\"@type\":\"BreadcrumbList\",\"@id\":\"https:\\\/\\\/www.immobilienbusiness.ch\\\/it\\\/regionen\\\/2021-05-26\\\/zuerich-turidomus-kauft-die-stadelhoferpassage\\\/#breadcrumb\",\"itemListElement\":[{\"@type\":\"ListItem\",\"position\":1,\"name\":\"Home\",\"item\":\"https:\\\/\\\/www.immobilienbusiness.ch\\\/\"},{\"@type\":\"ListItem\",\"position\":2,\"name\":\"Z\u00fcrich: Turidomus kauft die Stadelhoferpassage\"}]},{\"@type\":\"WebSite\",\"@id\":\"https:\\\/\\\/www.immobilienbusiness.ch\\\/#website\",\"url\":\"https:\\\/\\\/www.immobilienbusiness.ch\\\/\",\"name\":\"IMMOBILIEN Business\",\"description\":\"Unabh\u00e4ngiges Schweizer Wirtschaftsmagazin mit Fokus auf Immobilien, Architektur- und Bau sowie Investment- und Finanzierung.\",\"publisher\":{\"@id\":\"https:\\\/\\\/www.immobilienbusiness.ch\\\/#organization\"},\"potentialAction\":[{\"@type\":\"SearchAction\",\"target\":{\"@type\":\"EntryPoint\",\"urlTemplate\":\"https:\\\/\\\/www.immobilienbusiness.ch\\\/?s={search_term_string}\"},\"query-input\":{\"@type\":\"PropertyValueSpecification\",\"valueRequired\":true,\"valueName\":\"search_term_string\"}}],\"inLanguage\":\"fr-FR\"},{\"@type\":\"Organization\",\"@id\":\"https:\\\/\\\/www.immobilienbusiness.ch\\\/#organization\",\"name\":\"IMMOBILIEN Business\",\"url\":\"https:\\\/\\\/www.immobilienbusiness.ch\\\/\",\"logo\":{\"@type\":\"ImageObject\",\"inLanguage\":\"fr-FR\",\"@id\":\"https:\\\/\\\/www.immobilienbusiness.ch\\\/#\\\/schema\\\/logo\\\/image\\\/\",\"url\":\"https:\\\/\\\/www.immobilienbusiness.ch\\\/wp-content\\\/uploads\\\/2021\\\/07\\\/logo_ib.png\",\"contentUrl\":\"https:\\\/\\\/www.immobilienbusiness.ch\\\/wp-content\\\/uploads\\\/2021\\\/07\\\/logo_ib.png\",\"width\":800,\"height\":181,\"caption\":\"IMMOBILIEN Business\"},\"image\":{\"@id\":\"https:\\\/\\\/www.immobilienbusiness.ch\\\/#\\\/schema\\\/logo\\\/image\\\/\"},\"sameAs\":[\"https:\\\/\\\/www.facebook.com\\\/immobilienbusiness\\\/\"]},{\"@type\":\"Person\",\"@id\":\"https:\\\/\\\/www.immobilienbusiness.ch\\\/#\\\/schema\\\/person\\\/3fc036297b10b9f42d6db5ee932af8c8\",\"name\":\"anja.hall\",\"image\":{\"@type\":\"ImageObject\",\"inLanguage\":\"fr-FR\",\"@id\":\"https:\\\/\\\/secure.gravatar.com\\\/avatar\\\/066b5a0d447013502c71a5782f4f3469f03cfe595cc2329fb94652fe47511bfb?s=96&d=mm&r=g\",\"url\":\"https:\\\/\\\/secure.gravatar.com\\\/avatar\\\/066b5a0d447013502c71a5782f4f3469f03cfe595cc2329fb94652fe47511bfb?s=96&d=mm&r=g\",\"contentUrl\":\"https:\\\/\\\/secure.gravatar.com\\\/avatar\\\/066b5a0d447013502c71a5782f4f3469f03cfe595cc2329fb94652fe47511bfb?s=96&d=mm&r=g\",\"caption\":\"anja.hall\"},\"url\":\"https:\\\/\\\/www.immobilienbusiness.ch\\\/fr\\\/author\\\/anja-hall\\\/\"}]}<\/script>\n<!-- \/ Yoast SEO plugin. -->","yoast_head_json":{"title":"Z\u00fcrich: Turidomus kauft die Stadelhoferpassage - IMMOBILIEN Business","description":"Pour son groupe d'investissement Urban &amp; Mixed-use, la Fondation d'investissement Turidomus a acquis l'immeuble commercial Stadelhoferpassage, situ\u00e9 au centre de Zurich.","robots":{"index":"index","follow":"follow","max-snippet":"max-snippet:-1","max-image-preview":"max-image-preview:large","max-video-preview":"max-video-preview:-1"},"canonical":"https:\/\/www.immobilienbusiness.ch\/fr\/regionen\/2021-05-26\/zuerich-turidomus-kauft-die-stadelhoferpassage\/","og_locale":"fr_FR","og_type":"article","og_title":"Z\u00fcrich: Turidomus kauft die Stadelhoferpassage - IMMOBILIEN Business","og_description":"F\u00fcr ihre Anlagegruppe Urban & Mixed-use hat die Anlagestiftung Turidomus die zentral gelegene Z\u00fcrcher Gesch\u00e4ftsliegenschaft Stadelhoferpassage erworben.","og_url":"https:\/\/www.immobilienbusiness.ch\/fr\/regionen\/2021-05-26\/zuerich-turidomus-kauft-die-stadelhoferpassage\/","og_site_name":"IMMOBILIEN Business","article_publisher":"https:\/\/www.facebook.com\/immobilienbusiness\/","article_published_time":"2021-05-26T06:15:52+00:00","og_image":[{"width":644,"height":429,"url":"https:\/\/www.immobilienbusiness.ch\/wp-content\/uploads\/2021\/05\/Zuerich_Stadelhoferpassage-c-Turidomus-Anlagestiftung.jpg","type":"image\/jpeg"}],"author":"anja.hall","twitter_card":"summary_large_image","twitter_image":"https:\/\/www.immobilienbusiness.ch\/wp-content\/uploads\/2021\/05\/Zuerich_Stadelhoferpassage-c-Turidomus-Anlagestiftung.jpg","schema":{"@context":"https:\/\/schema.org","@graph":[{"@type":"Article","@id":"https:\/\/www.immobilienbusiness.ch\/it\/regionen\/2021-05-26\/zuerich-turidomus-kauft-die-stadelhoferpassage\/#article","isPartOf":{"@id":"https:\/\/www.immobilienbusiness.ch\/it\/regionen\/2021-05-26\/zuerich-turidomus-kauft-die-stadelhoferpassage\/"},"author":{"name":"anja.hall","@id":"https:\/\/www.immobilienbusiness.ch\/#\/schema\/person\/3fc036297b10b9f42d6db5ee932af8c8"},"headline":"Z\u00fcrich: Turidomus kauft die Stadelhoferpassage","datePublished":"2021-05-26T06:15:52+00:00","mainEntityOfPage":{"@id":"https:\/\/www.immobilienbusiness.ch\/it\/regionen\/2021-05-26\/zuerich-turidomus-kauft-die-stadelhoferpassage\/"},"wordCount":182,"publisher":{"@id":"https:\/\/www.immobilienbusiness.ch\/#organization"},"image":{"@id":"https:\/\/www.immobilienbusiness.ch\/it\/regionen\/2021-05-26\/zuerich-turidomus-kauft-die-stadelhoferpassage\/#primaryimage"},"thumbnailUrl":"https:\/\/www.immobilienbusiness.ch\/wp-content\/uploads\/2021\/05\/Zuerich_Stadelhoferpassage-c-Turidomus-Anlagestiftung.jpg","keywords":["B\u00fcroimmobilien","Immobilienverkauf","Retailfl\u00e4chen","Swiss Prime Site","Z\u00fcrich"],"articleSection":["REGIONEN"],"inLanguage":"fr-FR"},{"@type":"WebPage","@id":"https:\/\/www.immobilienbusiness.ch\/it\/regionen\/2021-05-26\/zuerich-turidomus-kauft-die-stadelhoferpassage\/","url":"https:\/\/www.immobilienbusiness.ch\/it\/regionen\/2021-05-26\/zuerich-turidomus-kauft-die-stadelhoferpassage\/","name":"Z\u00fcrich: Turidomus kauft die Stadelhoferpassage - IMMOBILIEN Business","isPartOf":{"@id":"https:\/\/www.immobilienbusiness.ch\/#website"},"primaryImageOfPage":{"@id":"https:\/\/www.immobilienbusiness.ch\/it\/regionen\/2021-05-26\/zuerich-turidomus-kauft-die-stadelhoferpassage\/#primaryimage"},"image":{"@id":"https:\/\/www.immobilienbusiness.ch\/it\/regionen\/2021-05-26\/zuerich-turidomus-kauft-die-stadelhoferpassage\/#primaryimage"},"thumbnailUrl":"https:\/\/www.immobilienbusiness.ch\/wp-content\/uploads\/2021\/05\/Zuerich_Stadelhoferpassage-c-Turidomus-Anlagestiftung.jpg","datePublished":"2021-05-26T06:15:52+00:00","description":"Pour son groupe d'investissement Urban &amp; Mixed-use, la Fondation d'investissement Turidomus a acquis l'immeuble commercial Stadelhoferpassage, situ\u00e9 au centre de Zurich.","breadcrumb":{"@id":"https:\/\/www.immobilienbusiness.ch\/it\/regionen\/2021-05-26\/zuerich-turidomus-kauft-die-stadelhoferpassage\/#breadcrumb"},"inLanguage":"fr-FR","potentialAction":[{"@type":"ReadAction","target":["https:\/\/www.immobilienbusiness.ch\/it\/regionen\/2021-05-26\/zuerich-turidomus-kauft-die-stadelhoferpassage\/"]}]},{"@type":"ImageObject","inLanguage":"fr-FR","@id":"https:\/\/www.immobilienbusiness.ch\/it\/regionen\/2021-05-26\/zuerich-turidomus-kauft-die-stadelhoferpassage\/#primaryimage","url":"https:\/\/www.immobilienbusiness.ch\/wp-content\/uploads\/2021\/05\/Zuerich_Stadelhoferpassage-c-Turidomus-Anlagestiftung.jpg","contentUrl":"https:\/\/www.immobilienbusiness.ch\/wp-content\/uploads\/2021\/05\/Zuerich_Stadelhoferpassage-c-Turidomus-Anlagestiftung.jpg","width":644,"height":429,"caption":"Die Stadelhoferpassage in Z\u00fcrich (Bild: Turidomus Anlagestiftung)"},{"@type":"BreadcrumbList","@id":"https:\/\/www.immobilienbusiness.ch\/it\/regionen\/2021-05-26\/zuerich-turidomus-kauft-die-stadelhoferpassage\/#breadcrumb","itemListElement":[{"@type":"ListItem","position":1,"name":"Home","item":"https:\/\/www.immobilienbusiness.ch\/"},{"@type":"ListItem","position":2,"name":"Z\u00fcrich: Turidomus kauft die Stadelhoferpassage"}]},{"@type":"WebSite","@id":"https:\/\/www.immobilienbusiness.ch\/#website","url":"https:\/\/www.immobilienbusiness.ch\/","name":"IMMOBILIER Business","description":"Magazine \u00e9conomique suisse ind\u00e9pendant ax\u00e9 sur l'immobilier, l'architecture et la construction ainsi que sur les investissements et le financement.","publisher":{"@id":"https:\/\/www.immobilienbusiness.ch\/#organization"},"potentialAction":[{"@type":"SearchAction","target":{"@type":"EntryPoint","urlTemplate":"https:\/\/www.immobilienbusiness.ch\/?s={search_term_string}"},"query-input":{"@type":"PropertyValueSpecification","valueRequired":true,"valueName":"search_term_string"}}],"inLanguage":"fr-FR"},{"@type":"Organization","@id":"https:\/\/www.immobilienbusiness.ch\/#organization","name":"IMMOBILIER Business","url":"https:\/\/www.immobilienbusiness.ch\/","logo":{"@type":"ImageObject","inLanguage":"fr-FR","@id":"https:\/\/www.immobilienbusiness.ch\/#\/schema\/logo\/image\/","url":"https:\/\/www.immobilienbusiness.ch\/wp-content\/uploads\/2021\/07\/logo_ib.png","contentUrl":"https:\/\/www.immobilienbusiness.ch\/wp-content\/uploads\/2021\/07\/logo_ib.png","width":800,"height":181,"caption":"IMMOBILIEN Business"},"image":{"@id":"https:\/\/www.immobilienbusiness.ch\/#\/schema\/logo\/image\/"},"sameAs":["https:\/\/www.facebook.com\/immobilienbusiness\/"]},{"@type":"Person","@id":"https:\/\/www.immobilienbusiness.ch\/#\/schema\/person\/3fc036297b10b9f42d6db5ee932af8c8","name":"anja.hall","image":{"@type":"ImageObject","inLanguage":"fr-FR","@id":"https:\/\/secure.gravatar.com\/avatar\/066b5a0d447013502c71a5782f4f3469f03cfe595cc2329fb94652fe47511bfb?s=96&d=mm&r=g","url":"https:\/\/secure.gravatar.com\/avatar\/066b5a0d447013502c71a5782f4f3469f03cfe595cc2329fb94652fe47511bfb?s=96&d=mm&r=g","contentUrl":"https:\/\/secure.gravatar.com\/avatar\/066b5a0d447013502c71a5782f4f3469f03cfe595cc2329fb94652fe47511bfb?s=96&d=mm&r=g","caption":"anja.hall"},"url":"https:\/\/www.immobilienbusiness.ch\/fr\/author\/anja-hall\/"}]}},"_links":{"self":[{"href":"https:\/\/www.immobilienbusiness.ch\/fr\/wp-json\/wp\/v2\/posts\/24243","targetHints":{"allow":["GET"]}}],"collection":[{"href":"https:\/\/www.immobilienbusiness.ch\/fr\/wp-json\/wp\/v2\/posts"}],"about":[{"href":"https:\/\/www.immobilienbusiness.ch\/fr\/wp-json\/wp\/v2\/types\/post"}],"author":[{"embeddable":true,"href":"https:\/\/www.immobilienbusiness.ch\/fr\/wp-json\/wp\/v2\/users\/3"}],"replies":[{"embeddable":true,"href":"https:\/\/www.immobilienbusiness.ch\/fr\/wp-json\/wp\/v2\/comments?post=24243"}],"version-history":[{"count":0,"href":"https:\/\/www.immobilienbusiness.ch\/fr\/wp-json\/wp\/v2\/posts\/24243\/revisions"}],"wp:featuredmedia":[{"embeddable":true,"href":"https:\/\/www.immobilienbusiness.ch\/fr\/wp-json\/wp\/v2\/media\/24244"}],"wp:attachment":[{"href":"https:\/\/www.immobilienbusiness.ch\/fr\/wp-json\/wp\/v2\/media?parent=24243"}],"wp:term":[{"taxonomy":"category","embeddable":true,"href":"https:\/\/www.immobilienbusiness.ch\/fr\/wp-json\/wp\/v2\/categories?post=24243"},{"taxonomy":"post_tag","embeddable":true,"href":"https:\/\/www.immobilienbusiness.ch\/fr\/wp-json\/wp\/v2\/tags?post=24243"}],"curies":[{"name":"wp","href":"https:\/\/api.w.org\/{rel}","templated":true}]}}