{"id":24231,"date":"2021-05-25T08:44:41","date_gmt":"2021-05-25T06:44:41","guid":{"rendered":"https:\/\/www.immobilienbusiness.ch\/?p=24231"},"modified":"2021-05-25T08:44:41","modified_gmt":"2021-05-25T06:44:41","slug":"die-immobilienmesse-immo-wird-unabhaengig","status":"publish","type":"post","link":"https:\/\/www.immobilienbusiness.ch\/fr\/unternehmen\/2021-05-25\/die-immobilienmesse-immo-wird-unabhaengig\/","title":{"rendered":"Le salon de l'immobilier IMMO devient ind\u00e9pendant"},"content":{"rendered":"<figure id=\"attachment_24232\" aria-describedby=\"caption-attachment-24232\" style=\"width: 680px\" class=\"wp-caption alignnone\"><img loading=\"lazy\" decoding=\"async\" class=\"size-medium wp-image-24232\" src=\"https:\/\/www.immobilienbusiness.ch\/wp-content\/uploads\/2021\/05\/Depositphotos_185568332_s-2019.jpg\" alt=\"\" width=\"680\" height=\"454\" srcset=\"https:\/\/www.immobilienbusiness.ch\/wp-content\/uploads\/2021\/05\/Depositphotos_185568332_s-2019.jpg 1000w, https:\/\/www.immobilienbusiness.ch\/wp-content\/uploads\/2021\/05\/Depositphotos_185568332_s-2019-300x200.jpg 300w, https:\/\/www.immobilienbusiness.ch\/wp-content\/uploads\/2021\/05\/Depositphotos_185568332_s-2019-768x512.jpg 768w, https:\/\/www.immobilienbusiness.ch\/wp-content\/uploads\/2021\/05\/Depositphotos_185568332_s-2019-16x12.jpg 16w, https:\/\/www.immobilienbusiness.ch\/wp-content\/uploads\/2021\/05\/Depositphotos_185568332_s-2019-262x175.jpg 262w, https:\/\/www.immobilienbusiness.ch\/wp-content\/uploads\/2021\/05\/Depositphotos_185568332_s-2019-525x350.jpg 525w, https:\/\/www.immobilienbusiness.ch\/wp-content\/uploads\/2021\/05\/Depositphotos_185568332_s-2019-920x614.jpg 920w\" sizes=\"auto, (max-width: 680px) 100vw, 680px\" \/><figcaption id=\"caption-attachment-24232\" class=\"wp-caption-text\">Le salon professionnel IMMO sera s\u00e9par\u00e9 du salon financier \u00e0 partir de 2022 (photo : beer5020.gmail.com - depositphotos)<\/figcaption><\/figure>\n<p>L'ann\u00e9e prochaine, le salon suisse de l'immobilier pour investisseurs IMMO f\u00eatera ses dix ans d'existence et se tiendra en m\u00eame temps de mani\u00e8re ind\u00e9pendante et s\u00e9par\u00e9e physiquement du salon de la finance. C'est ce que communique l'organisateur. Cette d\u00e9cision a \u00e9t\u00e9 prise \"en raison des incertitudes persistantes en mati\u00e8re de planification et des dispositions restrictives toujours en vigueur en rapport avec Covid 19\".<\/p>\n<p>Apr\u00e8s le succ\u00e8s du salon IMMO21, qui s'est d\u00e9roul\u00e9 en ligne en raison de la pand\u00e9mie et qui a enregistr\u00e9 un record d'exposants avec 93 soci\u00e9t\u00e9s, on souhaite continuer \u00e0 d\u00e9velopper le concept de manifestation hybride, poursuit le communiqu\u00e9. \u00c0 l'avenir, le congr\u00e8s parall\u00e8le IMMO Forum sera \u00e9galement retransmis en direct sur le site web du salon. Pour le public francophone, une traduction synchronis\u00e9e est en outre pr\u00e9vue \u00e0 partir de l'ann\u00e9e prochaine. Le Forum IMMO de cette ann\u00e9e, qui s'est tenu en janvier, a enregistr\u00e9 plus de 4 000 connexions \u00e0 la retransmission en direct.<\/p>\n<p>L'\u00e9v\u00e9nement sectoriel, qui est d\u00e9sormais consid\u00e9r\u00e9 comme le plus grand salon suisse pour les acteurs professionnels de l'immobilier nationaux et \u00e9trangers, aura lieu les 19 et 20 janvier 2022 dans la halle 622 \u00e0 Zurich Oerlikon. Les organisateurs sont MV Invest et le Swiss Circle. <em>(ah)<\/em><\/p>","protected":false},"excerpt":{"rendered":"<p>Le salon professionnel IMMO aura lieu \u00e0 l'avenir ind\u00e9pendamment du salon financier. Selon les organisateurs, cette d\u00e9cision est motiv\u00e9e par les incertitudes de planification li\u00e9es \u00e0 la pand\u00e9mie de Corona.<\/p>","protected":false},"author":3,"featured_media":24232,"comment_status":"closed","ping_status":"open","sticky":false,"template":"","format":"standard","meta":{"_acf_changed":false,"_yoast_wpseo_focuskw":"IMMO","_yoast_wpseo_title":"","_yoast_wpseo_metadesc":"Die Fachmesse IMMO findet k\u00fcnftig unabh\u00e4ngig von der Finanzmesse statt. Hintergrund seien Planungsunsicherheiten im Zusammenhang mit der Corona-Pandemie.","_yoast_wpseo_linkdex":50,"pgc_sgb_lightbox_settings":"","footnotes":""},"categories":[988],"tags":[1214,1513,1750,1888],"class_list":["post-24231","post","type-post","status-publish","format-standard","has-post-thumbnail","hentry","category-unternehmen","tag-fachkongressfachmesse","tag-mv-invest","tag-swiss-circle","tag-zuerich"],"acf":[],"yoast_head":"<!-- This site is optimized with the Yoast SEO plugin v27.5 - https:\/\/yoast.com\/product\/yoast-seo-wordpress\/ -->\n<title>Die Immobilienmesse IMMO wird unabh\u00e4ngig - IMMOBILIEN Business<\/title>\n<meta name=\"description\" content=\"Die Fachmesse IMMO findet k\u00fcnftig unabh\u00e4ngig von der Finanzmesse statt. Hintergrund seien Planungsunsicherheiten im Zusammenhang mit der Corona-Pandemie.\" \/>\n<meta name=\"robots\" content=\"index, follow, max-snippet:-1, max-image-preview:large, max-video-preview:-1\" \/>\n<link rel=\"canonical\" href=\"https:\/\/www.immobilienbusiness.ch\/fr\/unternehmen\/2021-05-25\/die-immobilienmesse-immo-wird-unabhaengig\/\" \/>\n<meta property=\"og:locale\" content=\"fr_FR\" \/>\n<meta property=\"og:type\" content=\"article\" \/>\n<meta property=\"og:title\" content=\"Die Immobilienmesse IMMO wird unabh\u00e4ngig - IMMOBILIEN Business\" \/>\n<meta property=\"og:description\" content=\"Die Fachmesse IMMO findet k\u00fcnftig unabh\u00e4ngig von der Finanzmesse statt. Hintergrund seien Planungsunsicherheiten im Zusammenhang mit der Corona-Pandemie.\" \/>\n<meta property=\"og:url\" content=\"https:\/\/www.immobilienbusiness.ch\/fr\/unternehmen\/2021-05-25\/die-immobilienmesse-immo-wird-unabhaengig\/\" \/>\n<meta property=\"og:site_name\" content=\"IMMOBILIEN Business\" \/>\n<meta property=\"article:publisher\" content=\"https:\/\/www.facebook.com\/immobilienbusiness\/\" \/>\n<meta property=\"article:published_time\" content=\"2021-05-25T06:44:41+00:00\" \/>\n<meta property=\"og:image\" content=\"https:\/\/www.immobilienbusiness.ch\/wp-content\/uploads\/2021\/05\/Depositphotos_185568332_s-2019.jpg\" \/>\n\t<meta property=\"og:image:width\" content=\"1000\" \/>\n\t<meta property=\"og:image:height\" content=\"667\" \/>\n\t<meta property=\"og:image:type\" content=\"image\/jpeg\" \/>\n<meta name=\"author\" content=\"anja.hall\" \/>\n<meta name=\"twitter:card\" content=\"summary_large_image\" \/>\n<meta name=\"twitter:image\" content=\"https:\/\/www.immobilienbusiness.ch\/wp-content\/uploads\/2021\/05\/Depositphotos_185568332_s-2019.jpg\" \/>\n<script type=\"application\/ld+json\" class=\"yoast-schema-graph\">{\"@context\":\"https:\\\/\\\/schema.org\",\"@graph\":[{\"@type\":\"Article\",\"@id\":\"https:\\\/\\\/www.immobilienbusiness.ch\\\/en\\\/unternehmen\\\/2021-05-25\\\/die-immobilienmesse-immo-wird-unabhaengig\\\/#article\",\"isPartOf\":{\"@id\":\"https:\\\/\\\/www.immobilienbusiness.ch\\\/en\\\/unternehmen\\\/2021-05-25\\\/die-immobilienmesse-immo-wird-unabhaengig\\\/\"},\"author\":{\"name\":\"anja.hall\",\"@id\":\"https:\\\/\\\/www.immobilienbusiness.ch\\\/#\\\/schema\\\/person\\\/3fc036297b10b9f42d6db5ee932af8c8\"},\"headline\":\"Die Immobilienmesse IMMO wird unabh\u00e4ngig\",\"datePublished\":\"2021-05-25T06:44:41+00:00\",\"mainEntityOfPage\":{\"@id\":\"https:\\\/\\\/www.immobilienbusiness.ch\\\/en\\\/unternehmen\\\/2021-05-25\\\/die-immobilienmesse-immo-wird-unabhaengig\\\/\"},\"wordCount\":195,\"publisher\":{\"@id\":\"https:\\\/\\\/www.immobilienbusiness.ch\\\/#organization\"},\"image\":{\"@id\":\"https:\\\/\\\/www.immobilienbusiness.ch\\\/en\\\/unternehmen\\\/2021-05-25\\\/die-immobilienmesse-immo-wird-unabhaengig\\\/#primaryimage\"},\"thumbnailUrl\":\"https:\\\/\\\/www.immobilienbusiness.ch\\\/wp-content\\\/uploads\\\/2021\\\/05\\\/Depositphotos_185568332_s-2019.jpg\",\"keywords\":[\"Fachkongress\\\/Fachmesse\",\"MV Invest\",\"Swiss Circle\",\"Z\u00fcrich\"],\"articleSection\":[\"UNTERNEHMEN\"],\"inLanguage\":\"fr-FR\"},{\"@type\":\"WebPage\",\"@id\":\"https:\\\/\\\/www.immobilienbusiness.ch\\\/en\\\/unternehmen\\\/2021-05-25\\\/die-immobilienmesse-immo-wird-unabhaengig\\\/\",\"url\":\"https:\\\/\\\/www.immobilienbusiness.ch\\\/en\\\/unternehmen\\\/2021-05-25\\\/die-immobilienmesse-immo-wird-unabhaengig\\\/\",\"name\":\"Die Immobilienmesse IMMO wird unabh\u00e4ngig - IMMOBILIEN Business\",\"isPartOf\":{\"@id\":\"https:\\\/\\\/www.immobilienbusiness.ch\\\/#website\"},\"primaryImageOfPage\":{\"@id\":\"https:\\\/\\\/www.immobilienbusiness.ch\\\/en\\\/unternehmen\\\/2021-05-25\\\/die-immobilienmesse-immo-wird-unabhaengig\\\/#primaryimage\"},\"image\":{\"@id\":\"https:\\\/\\\/www.immobilienbusiness.ch\\\/en\\\/unternehmen\\\/2021-05-25\\\/die-immobilienmesse-immo-wird-unabhaengig\\\/#primaryimage\"},\"thumbnailUrl\":\"https:\\\/\\\/www.immobilienbusiness.ch\\\/wp-content\\\/uploads\\\/2021\\\/05\\\/Depositphotos_185568332_s-2019.jpg\",\"datePublished\":\"2021-05-25T06:44:41+00:00\",\"description\":\"Die Fachmesse IMMO findet k\u00fcnftig unabh\u00e4ngig von der Finanzmesse statt. Hintergrund seien Planungsunsicherheiten im Zusammenhang mit der Corona-Pandemie.\",\"breadcrumb\":{\"@id\":\"https:\\\/\\\/www.immobilienbusiness.ch\\\/en\\\/unternehmen\\\/2021-05-25\\\/die-immobilienmesse-immo-wird-unabhaengig\\\/#breadcrumb\"},\"inLanguage\":\"fr-FR\",\"potentialAction\":[{\"@type\":\"ReadAction\",\"target\":[\"https:\\\/\\\/www.immobilienbusiness.ch\\\/en\\\/unternehmen\\\/2021-05-25\\\/die-immobilienmesse-immo-wird-unabhaengig\\\/\"]}]},{\"@type\":\"ImageObject\",\"inLanguage\":\"fr-FR\",\"@id\":\"https:\\\/\\\/www.immobilienbusiness.ch\\\/en\\\/unternehmen\\\/2021-05-25\\\/die-immobilienmesse-immo-wird-unabhaengig\\\/#primaryimage\",\"url\":\"https:\\\/\\\/www.immobilienbusiness.ch\\\/wp-content\\\/uploads\\\/2021\\\/05\\\/Depositphotos_185568332_s-2019.jpg\",\"contentUrl\":\"https:\\\/\\\/www.immobilienbusiness.ch\\\/wp-content\\\/uploads\\\/2021\\\/05\\\/Depositphotos_185568332_s-2019.jpg\",\"width\":1000,\"height\":667,\"caption\":\"Die Fachmesse IMMO findet ab 2022 getrennt von der Finanzmesse statt (Bild: beer5020.gmail.com - depositphotos)\"},{\"@type\":\"BreadcrumbList\",\"@id\":\"https:\\\/\\\/www.immobilienbusiness.ch\\\/en\\\/unternehmen\\\/2021-05-25\\\/die-immobilienmesse-immo-wird-unabhaengig\\\/#breadcrumb\",\"itemListElement\":[{\"@type\":\"ListItem\",\"position\":1,\"name\":\"Home\",\"item\":\"https:\\\/\\\/www.immobilienbusiness.ch\\\/\"},{\"@type\":\"ListItem\",\"position\":2,\"name\":\"Die Immobilienmesse IMMO wird unabh\u00e4ngig\"}]},{\"@type\":\"WebSite\",\"@id\":\"https:\\\/\\\/www.immobilienbusiness.ch\\\/#website\",\"url\":\"https:\\\/\\\/www.immobilienbusiness.ch\\\/\",\"name\":\"IMMOBILIEN Business\",\"description\":\"Unabh\u00e4ngiges Schweizer Wirtschaftsmagazin mit Fokus auf Immobilien, Architektur- und Bau sowie Investment- und Finanzierung.\",\"publisher\":{\"@id\":\"https:\\\/\\\/www.immobilienbusiness.ch\\\/#organization\"},\"potentialAction\":[{\"@type\":\"SearchAction\",\"target\":{\"@type\":\"EntryPoint\",\"urlTemplate\":\"https:\\\/\\\/www.immobilienbusiness.ch\\\/?s={search_term_string}\"},\"query-input\":{\"@type\":\"PropertyValueSpecification\",\"valueRequired\":true,\"valueName\":\"search_term_string\"}}],\"inLanguage\":\"fr-FR\"},{\"@type\":\"Organization\",\"@id\":\"https:\\\/\\\/www.immobilienbusiness.ch\\\/#organization\",\"name\":\"IMMOBILIEN Business\",\"url\":\"https:\\\/\\\/www.immobilienbusiness.ch\\\/\",\"logo\":{\"@type\":\"ImageObject\",\"inLanguage\":\"fr-FR\",\"@id\":\"https:\\\/\\\/www.immobilienbusiness.ch\\\/#\\\/schema\\\/logo\\\/image\\\/\",\"url\":\"https:\\\/\\\/www.immobilienbusiness.ch\\\/wp-content\\\/uploads\\\/2021\\\/07\\\/logo_ib.png\",\"contentUrl\":\"https:\\\/\\\/www.immobilienbusiness.ch\\\/wp-content\\\/uploads\\\/2021\\\/07\\\/logo_ib.png\",\"width\":800,\"height\":181,\"caption\":\"IMMOBILIEN Business\"},\"image\":{\"@id\":\"https:\\\/\\\/www.immobilienbusiness.ch\\\/#\\\/schema\\\/logo\\\/image\\\/\"},\"sameAs\":[\"https:\\\/\\\/www.facebook.com\\\/immobilienbusiness\\\/\"]},{\"@type\":\"Person\",\"@id\":\"https:\\\/\\\/www.immobilienbusiness.ch\\\/#\\\/schema\\\/person\\\/3fc036297b10b9f42d6db5ee932af8c8\",\"name\":\"anja.hall\",\"image\":{\"@type\":\"ImageObject\",\"inLanguage\":\"fr-FR\",\"@id\":\"https:\\\/\\\/secure.gravatar.com\\\/avatar\\\/066b5a0d447013502c71a5782f4f3469f03cfe595cc2329fb94652fe47511bfb?s=96&d=mm&r=g\",\"url\":\"https:\\\/\\\/secure.gravatar.com\\\/avatar\\\/066b5a0d447013502c71a5782f4f3469f03cfe595cc2329fb94652fe47511bfb?s=96&d=mm&r=g\",\"contentUrl\":\"https:\\\/\\\/secure.gravatar.com\\\/avatar\\\/066b5a0d447013502c71a5782f4f3469f03cfe595cc2329fb94652fe47511bfb?s=96&d=mm&r=g\",\"caption\":\"anja.hall\"},\"url\":\"https:\\\/\\\/www.immobilienbusiness.ch\\\/fr\\\/author\\\/anja-hall\\\/\"}]}<\/script>\n<!-- \/ Yoast SEO plugin. -->","yoast_head_json":{"title":"Le salon de l'immobilier IMMO devient ind\u00e9pendant - IMMOBILIER Business","description":"Le salon professionnel IMMO aura lieu \u00e0 l'avenir ind\u00e9pendamment du salon financier. Des incertitudes de planification li\u00e9es \u00e0 la pand\u00e9mie de Corona seraient \u00e0 l'origine de cette d\u00e9cision.","robots":{"index":"index","follow":"follow","max-snippet":"max-snippet:-1","max-image-preview":"max-image-preview:large","max-video-preview":"max-video-preview:-1"},"canonical":"https:\/\/www.immobilienbusiness.ch\/fr\/unternehmen\/2021-05-25\/die-immobilienmesse-immo-wird-unabhaengig\/","og_locale":"fr_FR","og_type":"article","og_title":"Die Immobilienmesse IMMO wird unabh\u00e4ngig - IMMOBILIEN Business","og_description":"Die Fachmesse IMMO findet k\u00fcnftig unabh\u00e4ngig von der Finanzmesse statt. Hintergrund seien Planungsunsicherheiten im Zusammenhang mit der Corona-Pandemie.","og_url":"https:\/\/www.immobilienbusiness.ch\/fr\/unternehmen\/2021-05-25\/die-immobilienmesse-immo-wird-unabhaengig\/","og_site_name":"IMMOBILIEN Business","article_publisher":"https:\/\/www.facebook.com\/immobilienbusiness\/","article_published_time":"2021-05-25T06:44:41+00:00","og_image":[{"width":1000,"height":667,"url":"https:\/\/www.immobilienbusiness.ch\/wp-content\/uploads\/2021\/05\/Depositphotos_185568332_s-2019.jpg","type":"image\/jpeg"}],"author":"anja.hall","twitter_card":"summary_large_image","twitter_image":"https:\/\/www.immobilienbusiness.ch\/wp-content\/uploads\/2021\/05\/Depositphotos_185568332_s-2019.jpg","schema":{"@context":"https:\/\/schema.org","@graph":[{"@type":"Article","@id":"https:\/\/www.immobilienbusiness.ch\/en\/unternehmen\/2021-05-25\/die-immobilienmesse-immo-wird-unabhaengig\/#article","isPartOf":{"@id":"https:\/\/www.immobilienbusiness.ch\/en\/unternehmen\/2021-05-25\/die-immobilienmesse-immo-wird-unabhaengig\/"},"author":{"name":"anja.hall","@id":"https:\/\/www.immobilienbusiness.ch\/#\/schema\/person\/3fc036297b10b9f42d6db5ee932af8c8"},"headline":"Die Immobilienmesse IMMO wird unabh\u00e4ngig","datePublished":"2021-05-25T06:44:41+00:00","mainEntityOfPage":{"@id":"https:\/\/www.immobilienbusiness.ch\/en\/unternehmen\/2021-05-25\/die-immobilienmesse-immo-wird-unabhaengig\/"},"wordCount":195,"publisher":{"@id":"https:\/\/www.immobilienbusiness.ch\/#organization"},"image":{"@id":"https:\/\/www.immobilienbusiness.ch\/en\/unternehmen\/2021-05-25\/die-immobilienmesse-immo-wird-unabhaengig\/#primaryimage"},"thumbnailUrl":"https:\/\/www.immobilienbusiness.ch\/wp-content\/uploads\/2021\/05\/Depositphotos_185568332_s-2019.jpg","keywords":["Fachkongress\/Fachmesse","MV Invest","Swiss Circle","Z\u00fcrich"],"articleSection":["UNTERNEHMEN"],"inLanguage":"fr-FR"},{"@type":"WebPage","@id":"https:\/\/www.immobilienbusiness.ch\/en\/unternehmen\/2021-05-25\/die-immobilienmesse-immo-wird-unabhaengig\/","url":"https:\/\/www.immobilienbusiness.ch\/en\/unternehmen\/2021-05-25\/die-immobilienmesse-immo-wird-unabhaengig\/","name":"Le salon de l'immobilier IMMO devient ind\u00e9pendant - IMMOBILIER Business","isPartOf":{"@id":"https:\/\/www.immobilienbusiness.ch\/#website"},"primaryImageOfPage":{"@id":"https:\/\/www.immobilienbusiness.ch\/en\/unternehmen\/2021-05-25\/die-immobilienmesse-immo-wird-unabhaengig\/#primaryimage"},"image":{"@id":"https:\/\/www.immobilienbusiness.ch\/en\/unternehmen\/2021-05-25\/die-immobilienmesse-immo-wird-unabhaengig\/#primaryimage"},"thumbnailUrl":"https:\/\/www.immobilienbusiness.ch\/wp-content\/uploads\/2021\/05\/Depositphotos_185568332_s-2019.jpg","datePublished":"2021-05-25T06:44:41+00:00","description":"Le salon professionnel IMMO aura lieu \u00e0 l'avenir ind\u00e9pendamment du salon financier. Des incertitudes de planification li\u00e9es \u00e0 la pand\u00e9mie de Corona seraient \u00e0 l'origine de cette d\u00e9cision.","breadcrumb":{"@id":"https:\/\/www.immobilienbusiness.ch\/en\/unternehmen\/2021-05-25\/die-immobilienmesse-immo-wird-unabhaengig\/#breadcrumb"},"inLanguage":"fr-FR","potentialAction":[{"@type":"ReadAction","target":["https:\/\/www.immobilienbusiness.ch\/en\/unternehmen\/2021-05-25\/die-immobilienmesse-immo-wird-unabhaengig\/"]}]},{"@type":"ImageObject","inLanguage":"fr-FR","@id":"https:\/\/www.immobilienbusiness.ch\/en\/unternehmen\/2021-05-25\/die-immobilienmesse-immo-wird-unabhaengig\/#primaryimage","url":"https:\/\/www.immobilienbusiness.ch\/wp-content\/uploads\/2021\/05\/Depositphotos_185568332_s-2019.jpg","contentUrl":"https:\/\/www.immobilienbusiness.ch\/wp-content\/uploads\/2021\/05\/Depositphotos_185568332_s-2019.jpg","width":1000,"height":667,"caption":"Die Fachmesse IMMO findet ab 2022 getrennt von der Finanzmesse statt (Bild: beer5020.gmail.com - depositphotos)"},{"@type":"BreadcrumbList","@id":"https:\/\/www.immobilienbusiness.ch\/en\/unternehmen\/2021-05-25\/die-immobilienmesse-immo-wird-unabhaengig\/#breadcrumb","itemListElement":[{"@type":"ListItem","position":1,"name":"Home","item":"https:\/\/www.immobilienbusiness.ch\/"},{"@type":"ListItem","position":2,"name":"Die Immobilienmesse IMMO wird unabh\u00e4ngig"}]},{"@type":"WebSite","@id":"https:\/\/www.immobilienbusiness.ch\/#website","url":"https:\/\/www.immobilienbusiness.ch\/","name":"IMMOBILIER Business","description":"Magazine \u00e9conomique suisse ind\u00e9pendant ax\u00e9 sur l'immobilier, l'architecture et la construction ainsi que sur les investissements et le financement.","publisher":{"@id":"https:\/\/www.immobilienbusiness.ch\/#organization"},"potentialAction":[{"@type":"SearchAction","target":{"@type":"EntryPoint","urlTemplate":"https:\/\/www.immobilienbusiness.ch\/?s={search_term_string}"},"query-input":{"@type":"PropertyValueSpecification","valueRequired":true,"valueName":"search_term_string"}}],"inLanguage":"fr-FR"},{"@type":"Organization","@id":"https:\/\/www.immobilienbusiness.ch\/#organization","name":"IMMOBILIER Business","url":"https:\/\/www.immobilienbusiness.ch\/","logo":{"@type":"ImageObject","inLanguage":"fr-FR","@id":"https:\/\/www.immobilienbusiness.ch\/#\/schema\/logo\/image\/","url":"https:\/\/www.immobilienbusiness.ch\/wp-content\/uploads\/2021\/07\/logo_ib.png","contentUrl":"https:\/\/www.immobilienbusiness.ch\/wp-content\/uploads\/2021\/07\/logo_ib.png","width":800,"height":181,"caption":"IMMOBILIEN Business"},"image":{"@id":"https:\/\/www.immobilienbusiness.ch\/#\/schema\/logo\/image\/"},"sameAs":["https:\/\/www.facebook.com\/immobilienbusiness\/"]},{"@type":"Person","@id":"https:\/\/www.immobilienbusiness.ch\/#\/schema\/person\/3fc036297b10b9f42d6db5ee932af8c8","name":"anja.hall","image":{"@type":"ImageObject","inLanguage":"fr-FR","@id":"https:\/\/secure.gravatar.com\/avatar\/066b5a0d447013502c71a5782f4f3469f03cfe595cc2329fb94652fe47511bfb?s=96&d=mm&r=g","url":"https:\/\/secure.gravatar.com\/avatar\/066b5a0d447013502c71a5782f4f3469f03cfe595cc2329fb94652fe47511bfb?s=96&d=mm&r=g","contentUrl":"https:\/\/secure.gravatar.com\/avatar\/066b5a0d447013502c71a5782f4f3469f03cfe595cc2329fb94652fe47511bfb?s=96&d=mm&r=g","caption":"anja.hall"},"url":"https:\/\/www.immobilienbusiness.ch\/fr\/author\/anja-hall\/"}]}},"_links":{"self":[{"href":"https:\/\/www.immobilienbusiness.ch\/fr\/wp-json\/wp\/v2\/posts\/24231","targetHints":{"allow":["GET"]}}],"collection":[{"href":"https:\/\/www.immobilienbusiness.ch\/fr\/wp-json\/wp\/v2\/posts"}],"about":[{"href":"https:\/\/www.immobilienbusiness.ch\/fr\/wp-json\/wp\/v2\/types\/post"}],"author":[{"embeddable":true,"href":"https:\/\/www.immobilienbusiness.ch\/fr\/wp-json\/wp\/v2\/users\/3"}],"replies":[{"embeddable":true,"href":"https:\/\/www.immobilienbusiness.ch\/fr\/wp-json\/wp\/v2\/comments?post=24231"}],"version-history":[{"count":0,"href":"https:\/\/www.immobilienbusiness.ch\/fr\/wp-json\/wp\/v2\/posts\/24231\/revisions"}],"wp:featuredmedia":[{"embeddable":true,"href":"https:\/\/www.immobilienbusiness.ch\/fr\/wp-json\/wp\/v2\/media\/24232"}],"wp:attachment":[{"href":"https:\/\/www.immobilienbusiness.ch\/fr\/wp-json\/wp\/v2\/media?parent=24231"}],"wp:term":[{"taxonomy":"category","embeddable":true,"href":"https:\/\/www.immobilienbusiness.ch\/fr\/wp-json\/wp\/v2\/categories?post=24231"},{"taxonomy":"post_tag","embeddable":true,"href":"https:\/\/www.immobilienbusiness.ch\/fr\/wp-json\/wp\/v2\/tags?post=24231"}],"curies":[{"name":"wp","href":"https:\/\/api.w.org\/{rel}","templated":true}]}}