{"id":2422,"date":"2021-10-25T09:29:05","date_gmt":"2021-10-25T07:29:05","guid":{"rendered":"https:\/\/develop.immobilienbusiness.ch\/de\/allgemein\/2021-10-25\/bern-war-viererfeld-landverkauf-zu-gunstig\/"},"modified":"2023-06-27T11:30:12","modified_gmt":"2023-06-27T09:30:12","slug":"bern-war-viererfeld-landverkauf-zu-gunstig","status":"publish","type":"post","link":"https:\/\/www.immobilienbusiness.ch\/fr\/ib\/2021-10-25\/bern-war-viererfeld-landverkauf-zu-gunstig\/","title":{"rendered":"Berne : La vente du terrain du Viererfeld \u00e9tait-elle trop avantageuse ?"},"content":{"rendered":"<div class=\"swpm-post-not-logged-in-msg\">Vous devez \u00eatre connect\u00e9 pour voir ce contenu. Veuillez consulter <a class=\"swpm-login-link\" href=\"https:\/\/www.immobilienbusiness.ch\/fr\/login\/?swpm_redirect_to=https%3A%2F%2Fwww.immobilienbusiness.ch%2Ffr%2Fwp-json%2Fwp%2Fv2%2Fposts%2F2422\">Connexion<\/a>. Vous n'\u00eates pas membre ? <a href=\"https:\/\/www.immobilienbusiness.ch\/fr\/registrieren\/\">Nous Rejoindre<\/a><\/div>","protected":false},"excerpt":{"rendered":"<p><span><span><span>La Commission de gestion du Grand Conseil doute que le canton ait vendu \u00e0 la ville de Berne un terrain situ\u00e9 sur le Viererfeld \u00e0 sa valeur de march\u00e9, comme la loi l'exige.<\/span><\/span><\/span><\/p>","protected":false},"author":3,"featured_media":0,"comment_status":"closed","ping_status":"closed","sticky":false,"template":"","format":"standard","meta":{"_acf_changed":false,"_yoast_wpseo_focuskw":"Viererfeld","_yoast_wpseo_title":"","_yoast_wpseo_metadesc":"Die Gesch\u00e4ftspr\u00fcfungskommission des Grossen Rates bezweifelt, dass der Kanton der Stadt Bern ein Grundst\u00fcck auf dem Viererfeld zum Marktwert verkauft hat, wie es gesetzlich vorgeschrieben ist.","_yoast_wpseo_linkdex":49,"pgc_sgb_lightbox_settings":"","footnotes":""},"categories":[1951],"tags":[1974,1957,1955,1579],"class_list":["post-2422","post","type-post","status-publish","format-standard","hentry","category-ib","tag-be","tag-in-planung","tag-mehrfamilienhaus-miete","tag-politik"],"acf":[],"yoast_head":"<!-- This site is optimized with the Yoast SEO plugin v27.5 - https:\/\/yoast.com\/product\/yoast-seo-wordpress\/ -->\n<title>Bern: War Viererfeld-Landverkauf zu g\u00fcnstig? - IMMOBILIEN Business<\/title>\n<meta name=\"description\" content=\"Die Gesch\u00e4ftspr\u00fcfungskommission des Grossen Rates bezweifelt, dass der Kanton der Stadt Bern ein Grundst\u00fcck auf dem Viererfeld zum Marktwert verkauft hat, wie es gesetzlich vorgeschrieben ist.\" \/>\n<meta name=\"robots\" content=\"index, follow, max-snippet:-1, max-image-preview:large, max-video-preview:-1\" \/>\n<link rel=\"canonical\" href=\"https:\/\/www.immobilienbusiness.ch\/fr\/ib\/2021-10-25\/bern-war-viererfeld-landverkauf-zu-gunstig\/\" \/>\n<meta property=\"og:locale\" content=\"fr_FR\" \/>\n<meta property=\"og:type\" content=\"article\" \/>\n<meta property=\"og:title\" content=\"Bern: War Viererfeld-Landverkauf zu g\u00fcnstig? - IMMOBILIEN Business\" \/>\n<meta property=\"og:description\" content=\"Die Gesch\u00e4ftspr\u00fcfungskommission des Grossen Rates bezweifelt, dass der Kanton der Stadt Bern ein Grundst\u00fcck auf dem Viererfeld zum Marktwert verkauft hat, wie es gesetzlich vorgeschrieben ist.\" \/>\n<meta property=\"og:url\" content=\"https:\/\/www.immobilienbusiness.ch\/fr\/ib\/2021-10-25\/bern-war-viererfeld-landverkauf-zu-gunstig\/\" \/>\n<meta property=\"og:site_name\" content=\"IMMOBILIEN Business\" \/>\n<meta property=\"article:publisher\" content=\"https:\/\/www.facebook.com\/immobilienbusiness\/\" \/>\n<meta property=\"article:published_time\" content=\"2021-10-25T07:29:05+00:00\" \/>\n<meta property=\"article:modified_time\" content=\"2023-06-27T09:30:12+00:00\" \/>\n<meta name=\"author\" content=\"anja.hall\" \/>\n<meta name=\"twitter:card\" content=\"summary_large_image\" \/>\n<script type=\"application\/ld+json\" class=\"yoast-schema-graph\">{\"@context\":\"https:\\\/\\\/schema.org\",\"@graph\":[{\"@type\":\"Article\",\"@id\":\"https:\\\/\\\/www.immobilienbusiness.ch\\\/ib\\\/2021-10-25\\\/bern-war-viererfeld-landverkauf-zu-gunstig\\\/#article\",\"isPartOf\":{\"@id\":\"https:\\\/\\\/www.immobilienbusiness.ch\\\/ib\\\/2021-10-25\\\/bern-war-viererfeld-landverkauf-zu-gunstig\\\/\"},\"author\":{\"name\":\"anja.hall\",\"@id\":\"https:\\\/\\\/www.immobilienbusiness.ch\\\/#\\\/schema\\\/person\\\/3fc036297b10b9f42d6db5ee932af8c8\"},\"headline\":\"Bern: War Viererfeld-Landverkauf zu g\u00fcnstig?\",\"datePublished\":\"2021-10-25T07:29:05+00:00\",\"dateModified\":\"2023-06-27T09:30:12+00:00\",\"mainEntityOfPage\":{\"@id\":\"https:\\\/\\\/www.immobilienbusiness.ch\\\/ib\\\/2021-10-25\\\/bern-war-viererfeld-landverkauf-zu-gunstig\\\/\"},\"wordCount\":323,\"publisher\":{\"@id\":\"https:\\\/\\\/www.immobilienbusiness.ch\\\/#organization\"},\"keywords\":[\"BE\",\"in Planung\",\"Mehrfamilienhaus Miete\",\"Politik\"],\"articleSection\":[\"IB+\"],\"inLanguage\":\"fr-FR\"},{\"@type\":\"WebPage\",\"@id\":\"https:\\\/\\\/www.immobilienbusiness.ch\\\/ib\\\/2021-10-25\\\/bern-war-viererfeld-landverkauf-zu-gunstig\\\/\",\"url\":\"https:\\\/\\\/www.immobilienbusiness.ch\\\/ib\\\/2021-10-25\\\/bern-war-viererfeld-landverkauf-zu-gunstig\\\/\",\"name\":\"Bern: War Viererfeld-Landverkauf zu g\u00fcnstig? - IMMOBILIEN Business\",\"isPartOf\":{\"@id\":\"https:\\\/\\\/www.immobilienbusiness.ch\\\/#website\"},\"datePublished\":\"2021-10-25T07:29:05+00:00\",\"dateModified\":\"2023-06-27T09:30:12+00:00\",\"description\":\"Die Gesch\u00e4ftspr\u00fcfungskommission des Grossen Rates bezweifelt, dass der Kanton der Stadt Bern ein Grundst\u00fcck auf dem Viererfeld zum Marktwert verkauft hat, wie es gesetzlich vorgeschrieben ist.\",\"breadcrumb\":{\"@id\":\"https:\\\/\\\/www.immobilienbusiness.ch\\\/ib\\\/2021-10-25\\\/bern-war-viererfeld-landverkauf-zu-gunstig\\\/#breadcrumb\"},\"inLanguage\":\"fr-FR\",\"potentialAction\":[{\"@type\":\"ReadAction\",\"target\":[\"https:\\\/\\\/www.immobilienbusiness.ch\\\/ib\\\/2021-10-25\\\/bern-war-viererfeld-landverkauf-zu-gunstig\\\/\"]}]},{\"@type\":\"BreadcrumbList\",\"@id\":\"https:\\\/\\\/www.immobilienbusiness.ch\\\/ib\\\/2021-10-25\\\/bern-war-viererfeld-landverkauf-zu-gunstig\\\/#breadcrumb\",\"itemListElement\":[{\"@type\":\"ListItem\",\"position\":1,\"name\":\"Home\",\"item\":\"https:\\\/\\\/www.immobilienbusiness.ch\\\/\"},{\"@type\":\"ListItem\",\"position\":2,\"name\":\"Bern: War Viererfeld-Landverkauf zu g\u00fcnstig?\"}]},{\"@type\":\"WebSite\",\"@id\":\"https:\\\/\\\/www.immobilienbusiness.ch\\\/#website\",\"url\":\"https:\\\/\\\/www.immobilienbusiness.ch\\\/\",\"name\":\"IMMOBILIEN Business\",\"description\":\"Unabh\u00e4ngiges Schweizer Wirtschaftsmagazin mit Fokus auf Immobilien, Architektur- und Bau sowie Investment- und Finanzierung.\",\"publisher\":{\"@id\":\"https:\\\/\\\/www.immobilienbusiness.ch\\\/#organization\"},\"potentialAction\":[{\"@type\":\"SearchAction\",\"target\":{\"@type\":\"EntryPoint\",\"urlTemplate\":\"https:\\\/\\\/www.immobilienbusiness.ch\\\/?s={search_term_string}\"},\"query-input\":{\"@type\":\"PropertyValueSpecification\",\"valueRequired\":true,\"valueName\":\"search_term_string\"}}],\"inLanguage\":\"fr-FR\"},{\"@type\":\"Organization\",\"@id\":\"https:\\\/\\\/www.immobilienbusiness.ch\\\/#organization\",\"name\":\"IMMOBILIEN Business\",\"url\":\"https:\\\/\\\/www.immobilienbusiness.ch\\\/\",\"logo\":{\"@type\":\"ImageObject\",\"inLanguage\":\"fr-FR\",\"@id\":\"https:\\\/\\\/www.immobilienbusiness.ch\\\/#\\\/schema\\\/logo\\\/image\\\/\",\"url\":\"https:\\\/\\\/www.immobilienbusiness.ch\\\/wp-content\\\/uploads\\\/2021\\\/07\\\/logo_ib.png\",\"contentUrl\":\"https:\\\/\\\/www.immobilienbusiness.ch\\\/wp-content\\\/uploads\\\/2021\\\/07\\\/logo_ib.png\",\"width\":800,\"height\":181,\"caption\":\"IMMOBILIEN Business\"},\"image\":{\"@id\":\"https:\\\/\\\/www.immobilienbusiness.ch\\\/#\\\/schema\\\/logo\\\/image\\\/\"},\"sameAs\":[\"https:\\\/\\\/www.facebook.com\\\/immobilienbusiness\\\/\"]},{\"@type\":\"Person\",\"@id\":\"https:\\\/\\\/www.immobilienbusiness.ch\\\/#\\\/schema\\\/person\\\/3fc036297b10b9f42d6db5ee932af8c8\",\"name\":\"anja.hall\",\"image\":{\"@type\":\"ImageObject\",\"inLanguage\":\"fr-FR\",\"@id\":\"https:\\\/\\\/secure.gravatar.com\\\/avatar\\\/066b5a0d447013502c71a5782f4f3469f03cfe595cc2329fb94652fe47511bfb?s=96&d=mm&r=g\",\"url\":\"https:\\\/\\\/secure.gravatar.com\\\/avatar\\\/066b5a0d447013502c71a5782f4f3469f03cfe595cc2329fb94652fe47511bfb?s=96&d=mm&r=g\",\"contentUrl\":\"https:\\\/\\\/secure.gravatar.com\\\/avatar\\\/066b5a0d447013502c71a5782f4f3469f03cfe595cc2329fb94652fe47511bfb?s=96&d=mm&r=g\",\"caption\":\"anja.hall\"},\"url\":\"https:\\\/\\\/www.immobilienbusiness.ch\\\/fr\\\/author\\\/anja-hall\\\/\"}]}<\/script>\n<!-- \/ Yoast SEO plugin. -->","yoast_head_json":{"title":"Bern: War Viererfeld-Landverkauf zu g\u00fcnstig? - IMMOBILIEN Business","description":"La Commission de gestion du Grand Conseil doute que le canton ait vendu \u00e0 la ville de Berne un terrain situ\u00e9 sur le Viererfeld \u00e0 sa valeur de march\u00e9, comme la loi l'exige.","robots":{"index":"index","follow":"follow","max-snippet":"max-snippet:-1","max-image-preview":"max-image-preview:large","max-video-preview":"max-video-preview:-1"},"canonical":"https:\/\/www.immobilienbusiness.ch\/fr\/ib\/2021-10-25\/bern-war-viererfeld-landverkauf-zu-gunstig\/","og_locale":"fr_FR","og_type":"article","og_title":"Bern: War Viererfeld-Landverkauf zu g\u00fcnstig? - IMMOBILIEN Business","og_description":"Die Gesch\u00e4ftspr\u00fcfungskommission des Grossen Rates bezweifelt, dass der Kanton der Stadt Bern ein Grundst\u00fcck auf dem Viererfeld zum Marktwert verkauft hat, wie es gesetzlich vorgeschrieben ist.","og_url":"https:\/\/www.immobilienbusiness.ch\/fr\/ib\/2021-10-25\/bern-war-viererfeld-landverkauf-zu-gunstig\/","og_site_name":"IMMOBILIEN Business","article_publisher":"https:\/\/www.facebook.com\/immobilienbusiness\/","article_published_time":"2021-10-25T07:29:05+00:00","article_modified_time":"2023-06-27T09:30:12+00:00","author":"anja.hall","twitter_card":"summary_large_image","schema":{"@context":"https:\/\/schema.org","@graph":[{"@type":"Article","@id":"https:\/\/www.immobilienbusiness.ch\/ib\/2021-10-25\/bern-war-viererfeld-landverkauf-zu-gunstig\/#article","isPartOf":{"@id":"https:\/\/www.immobilienbusiness.ch\/ib\/2021-10-25\/bern-war-viererfeld-landverkauf-zu-gunstig\/"},"author":{"name":"anja.hall","@id":"https:\/\/www.immobilienbusiness.ch\/#\/schema\/person\/3fc036297b10b9f42d6db5ee932af8c8"},"headline":"Bern: War Viererfeld-Landverkauf zu g\u00fcnstig?","datePublished":"2021-10-25T07:29:05+00:00","dateModified":"2023-06-27T09:30:12+00:00","mainEntityOfPage":{"@id":"https:\/\/www.immobilienbusiness.ch\/ib\/2021-10-25\/bern-war-viererfeld-landverkauf-zu-gunstig\/"},"wordCount":323,"publisher":{"@id":"https:\/\/www.immobilienbusiness.ch\/#organization"},"keywords":["BE","in Planung","Mehrfamilienhaus Miete","Politik"],"articleSection":["IB+"],"inLanguage":"fr-FR"},{"@type":"WebPage","@id":"https:\/\/www.immobilienbusiness.ch\/ib\/2021-10-25\/bern-war-viererfeld-landverkauf-zu-gunstig\/","url":"https:\/\/www.immobilienbusiness.ch\/ib\/2021-10-25\/bern-war-viererfeld-landverkauf-zu-gunstig\/","name":"Bern: War Viererfeld-Landverkauf zu g\u00fcnstig? - IMMOBILIEN Business","isPartOf":{"@id":"https:\/\/www.immobilienbusiness.ch\/#website"},"datePublished":"2021-10-25T07:29:05+00:00","dateModified":"2023-06-27T09:30:12+00:00","description":"La Commission de gestion du Grand Conseil doute que le canton ait vendu \u00e0 la ville de Berne un terrain situ\u00e9 sur le Viererfeld \u00e0 sa valeur de march\u00e9, comme la loi l'exige.","breadcrumb":{"@id":"https:\/\/www.immobilienbusiness.ch\/ib\/2021-10-25\/bern-war-viererfeld-landverkauf-zu-gunstig\/#breadcrumb"},"inLanguage":"fr-FR","potentialAction":[{"@type":"ReadAction","target":["https:\/\/www.immobilienbusiness.ch\/ib\/2021-10-25\/bern-war-viererfeld-landverkauf-zu-gunstig\/"]}]},{"@type":"BreadcrumbList","@id":"https:\/\/www.immobilienbusiness.ch\/ib\/2021-10-25\/bern-war-viererfeld-landverkauf-zu-gunstig\/#breadcrumb","itemListElement":[{"@type":"ListItem","position":1,"name":"Home","item":"https:\/\/www.immobilienbusiness.ch\/"},{"@type":"ListItem","position":2,"name":"Bern: War Viererfeld-Landverkauf zu g\u00fcnstig?"}]},{"@type":"WebSite","@id":"https:\/\/www.immobilienbusiness.ch\/#website","url":"https:\/\/www.immobilienbusiness.ch\/","name":"IMMOBILIER Business","description":"Magazine \u00e9conomique suisse ind\u00e9pendant ax\u00e9 sur l'immobilier, l'architecture et la construction ainsi que sur les investissements et le financement.","publisher":{"@id":"https:\/\/www.immobilienbusiness.ch\/#organization"},"potentialAction":[{"@type":"SearchAction","target":{"@type":"EntryPoint","urlTemplate":"https:\/\/www.immobilienbusiness.ch\/?s={search_term_string}"},"query-input":{"@type":"PropertyValueSpecification","valueRequired":true,"valueName":"search_term_string"}}],"inLanguage":"fr-FR"},{"@type":"Organization","@id":"https:\/\/www.immobilienbusiness.ch\/#organization","name":"IMMOBILIER Business","url":"https:\/\/www.immobilienbusiness.ch\/","logo":{"@type":"ImageObject","inLanguage":"fr-FR","@id":"https:\/\/www.immobilienbusiness.ch\/#\/schema\/logo\/image\/","url":"https:\/\/www.immobilienbusiness.ch\/wp-content\/uploads\/2021\/07\/logo_ib.png","contentUrl":"https:\/\/www.immobilienbusiness.ch\/wp-content\/uploads\/2021\/07\/logo_ib.png","width":800,"height":181,"caption":"IMMOBILIEN Business"},"image":{"@id":"https:\/\/www.immobilienbusiness.ch\/#\/schema\/logo\/image\/"},"sameAs":["https:\/\/www.facebook.com\/immobilienbusiness\/"]},{"@type":"Person","@id":"https:\/\/www.immobilienbusiness.ch\/#\/schema\/person\/3fc036297b10b9f42d6db5ee932af8c8","name":"anja.hall","image":{"@type":"ImageObject","inLanguage":"fr-FR","@id":"https:\/\/secure.gravatar.com\/avatar\/066b5a0d447013502c71a5782f4f3469f03cfe595cc2329fb94652fe47511bfb?s=96&d=mm&r=g","url":"https:\/\/secure.gravatar.com\/avatar\/066b5a0d447013502c71a5782f4f3469f03cfe595cc2329fb94652fe47511bfb?s=96&d=mm&r=g","contentUrl":"https:\/\/secure.gravatar.com\/avatar\/066b5a0d447013502c71a5782f4f3469f03cfe595cc2329fb94652fe47511bfb?s=96&d=mm&r=g","caption":"anja.hall"},"url":"https:\/\/www.immobilienbusiness.ch\/fr\/author\/anja-hall\/"}]}},"_links":{"self":[{"href":"https:\/\/www.immobilienbusiness.ch\/fr\/wp-json\/wp\/v2\/posts\/2422","targetHints":{"allow":["GET"]}}],"collection":[{"href":"https:\/\/www.immobilienbusiness.ch\/fr\/wp-json\/wp\/v2\/posts"}],"about":[{"href":"https:\/\/www.immobilienbusiness.ch\/fr\/wp-json\/wp\/v2\/types\/post"}],"author":[{"embeddable":true,"href":"https:\/\/www.immobilienbusiness.ch\/fr\/wp-json\/wp\/v2\/users\/3"}],"replies":[{"embeddable":true,"href":"https:\/\/www.immobilienbusiness.ch\/fr\/wp-json\/wp\/v2\/comments?post=2422"}],"version-history":[{"count":1,"href":"https:\/\/www.immobilienbusiness.ch\/fr\/wp-json\/wp\/v2\/posts\/2422\/revisions"}],"predecessor-version":[{"id":48434,"href":"https:\/\/www.immobilienbusiness.ch\/fr\/wp-json\/wp\/v2\/posts\/2422\/revisions\/48434"}],"wp:attachment":[{"href":"https:\/\/www.immobilienbusiness.ch\/fr\/wp-json\/wp\/v2\/media?parent=2422"}],"wp:term":[{"taxonomy":"category","embeddable":true,"href":"https:\/\/www.immobilienbusiness.ch\/fr\/wp-json\/wp\/v2\/categories?post=2422"},{"taxonomy":"post_tag","embeddable":true,"href":"https:\/\/www.immobilienbusiness.ch\/fr\/wp-json\/wp\/v2\/tags?post=2422"}],"curies":[{"name":"wp","href":"https:\/\/api.w.org\/{rel}","templated":true}]}}