{"id":24175,"date":"2021-05-18T09:57:15","date_gmt":"2021-05-18T07:57:15","guid":{"rendered":"https:\/\/www.immobilienbusiness.ch\/?p=24175"},"modified":"2021-05-18T09:57:15","modified_gmt":"2021-05-18T07:57:15","slug":"zuerich-goldman-sachs-zieht-an-die-bahnhofstrasse","status":"publish","type":"post","link":"https:\/\/www.immobilienbusiness.ch\/fr\/regionen\/2021-05-18\/zuerich-goldman-sachs-zieht-an-die-bahnhofstrasse\/","title":{"rendered":"Zurich : Goldman Sachs s'installe dans la Bahnhofstrasse."},"content":{"rendered":"<div class=\"quickedit-field\" data-quickedit-field-id=\"node\/5521\/field_content\/de\/full\">\n<div>\n<div class=\"paragraph paragraph--type--text paragraph--view-mode--default\" data-quickedit-entity-id=\"paragraph\/5683\" data-quickedit-entity-instance-id=\"0\">\n<div data-quickedit-field-id=\"paragraph\/5683\/field_text\/de\/default\">\n<figure id=\"attachment_24176\" aria-describedby=\"caption-attachment-24176\" style=\"width: 680px\" class=\"wp-caption alignnone\"><img loading=\"lazy\" decoding=\"async\" class=\"size-medium wp-image-24176\" src=\"https:\/\/www.immobilienbusiness.ch\/wp-content\/uploads\/2021\/05\/02_Ecke-Boersenstrasse-Talstrasse.jpg\" alt=\"\" width=\"680\" height=\"453\" srcset=\"https:\/\/www.immobilienbusiness.ch\/wp-content\/uploads\/2021\/05\/02_Ecke-Boersenstrasse-Talstrasse.jpg 2023w, https:\/\/www.immobilienbusiness.ch\/wp-content\/uploads\/2021\/05\/02_Ecke-Boersenstrasse-Talstrasse-300x200.jpg 300w, https:\/\/www.immobilienbusiness.ch\/wp-content\/uploads\/2021\/05\/02_Ecke-Boersenstrasse-Talstrasse-1024x683.jpg 1024w, https:\/\/www.immobilienbusiness.ch\/wp-content\/uploads\/2021\/05\/02_Ecke-Boersenstrasse-Talstrasse-768x512.jpg 768w, https:\/\/www.immobilienbusiness.ch\/wp-content\/uploads\/2021\/05\/02_Ecke-Boersenstrasse-Talstrasse-1536x1024.jpg 1536w, https:\/\/www.immobilienbusiness.ch\/wp-content\/uploads\/2021\/05\/02_Ecke-Boersenstrasse-Talstrasse-16x12.jpg 16w, https:\/\/www.immobilienbusiness.ch\/wp-content\/uploads\/2021\/05\/02_Ecke-Boersenstrasse-Talstrasse-262x175.jpg 262w, https:\/\/www.immobilienbusiness.ch\/wp-content\/uploads\/2021\/05\/02_Ecke-Boersenstrasse-Talstrasse-525x350.jpg 525w, https:\/\/www.immobilienbusiness.ch\/wp-content\/uploads\/2021\/05\/02_Ecke-Boersenstrasse-Talstrasse-1200x800.jpg 1200w, https:\/\/www.immobilienbusiness.ch\/wp-content\/uploads\/2021\/05\/02_Ecke-Boersenstrasse-Talstrasse-920x613.jpg 920w, https:\/\/www.immobilienbusiness.ch\/wp-content\/uploads\/2021\/05\/02_Ecke-Boersenstrasse-Talstrasse-1400x934.jpg 1400w\" sizes=\"auto, (max-width: 680px) 100vw, 680px\" \/><figcaption id=\"caption-attachment-24176\" class=\"wp-caption-text\">Goldman Sachs devient locataire de l'immeuble de la Bahnhofstrasse 3 (photo : EBP\/Studio M\u00e4rki)<\/figcaption><\/figure>\n<p>Dominique Wohnlich, CEO de la banque Goldman Sachs, a confirm\u00e9 le changement d'immeuble de bureaux au portail <em>finews.ch.<\/em> Le si\u00e8ge de la \"Alte B\u00f6rse\" \u00e0 la Bahnhofstrasse, un immeuble construit en 1880, sera r\u00e9nov\u00e9 dans les ann\u00e9es \u00e0 venir selon les plans du bureau d'architectes Studio M\u00e4rki et sur\u00e9lev\u00e9 de deux \u00e9tages en attique.<\/p>\n<p>En outre, le rez-de-chauss\u00e9e sera abaiss\u00e9 au niveau de la Bahnhofstrasse lors des travaux de transformation qui ont commenc\u00e9 ces jours-ci, pr\u00e9cise-t-on. Goldman Sachs occupera les trois derniers \u00e9tages avec une centaine de collaborateurs. Le b\u00e2timent est la propri\u00e9t\u00e9 de la coop\u00e9rative et fondation Baugarten Zurich.<\/p>\n<p>H\u00e4mmerle &amp; Partner GmbH est le planificateur g\u00e9n\u00e9ral de la r\u00e9novation. Pour le projet \"Transformation Bahnhofstrasse 3\", EBP assure la coordination g\u00e9n\u00e9rale BIM (Building Information Modeling) ainsi que la planification des fa\u00e7ades.<\/p>\n<p>Le b\u00e2timent disposera \u00e0 l'avenir de 3.900 m\u00b2 de magasins ainsi que de 4.000 m\u00b2 de bureaux. La location a \u00e9t\u00e9 confi\u00e9e au prestataire de services immobiliers international Knight Frank, repr\u00e9sent\u00e9 en Suisse par Partner Real Estate AG. <em>(mr)<\/em><\/p>\n<\/div>\n<\/div>\n<\/div>\n<\/div>","protected":false},"excerpt":{"rendered":"<p>La banque d'investissement am\u00e9ricaine Goldman Sachs devrait quitter son si\u00e8ge de la Claridenstrasse en 2024 pour s'installer \u00e0 la Bahnhofstrasse 3.<\/p>","protected":false},"author":3,"featured_media":24176,"comment_status":"closed","ping_status":"open","sticky":false,"template":"","format":"standard","meta":{"_acf_changed":false,"_yoast_wpseo_focuskw":"Goldman","_yoast_wpseo_title":"","_yoast_wpseo_metadesc":"Die US-Investmentbank Goldman Sachs wird voraussichtlich im Jahr 2024 ihren Sitz an der Claridenstrasse verlassen und in die Bahnhofstrasse 3 ziehen.","_yoast_wpseo_linkdex":51,"pgc_sgb_lightbox_settings":"","footnotes":""},"categories":[985],"tags":[1119,1599,1832,1888],"class_list":["post-24175","post","type-post","status-publish","format-standard","has-post-thumbnail","hentry","category-regionen","tag-bueroimmobilien","tag-projekt-in-bau","tag-vermietung","tag-zuerich"],"acf":[],"yoast_head":"<!-- This site is optimized with the Yoast SEO plugin v27.4 - https:\/\/yoast.com\/product\/yoast-seo-wordpress\/ -->\n<title>Z\u00fcrich: Goldman Sachs zieht an die Bahnhofstrasse - IMMOBILIEN Business<\/title>\n<meta name=\"description\" content=\"Die US-Investmentbank Goldman Sachs wird voraussichtlich im Jahr 2024 ihren Sitz an der Claridenstrasse verlassen und in die Bahnhofstrasse 3 ziehen.\" \/>\n<meta name=\"robots\" content=\"index, follow, max-snippet:-1, max-image-preview:large, max-video-preview:-1\" \/>\n<link rel=\"canonical\" href=\"https:\/\/www.immobilienbusiness.ch\/fr\/regionen\/2021-05-18\/zuerich-goldman-sachs-zieht-an-die-bahnhofstrasse\/\" \/>\n<meta property=\"og:locale\" content=\"fr_FR\" \/>\n<meta property=\"og:type\" content=\"article\" \/>\n<meta property=\"og:title\" content=\"Z\u00fcrich: Goldman Sachs zieht an die Bahnhofstrasse - IMMOBILIEN Business\" \/>\n<meta property=\"og:description\" content=\"Die US-Investmentbank Goldman Sachs wird voraussichtlich im Jahr 2024 ihren Sitz an der Claridenstrasse verlassen und in die Bahnhofstrasse 3 ziehen.\" \/>\n<meta property=\"og:url\" content=\"https:\/\/www.immobilienbusiness.ch\/fr\/regionen\/2021-05-18\/zuerich-goldman-sachs-zieht-an-die-bahnhofstrasse\/\" \/>\n<meta property=\"og:site_name\" content=\"IMMOBILIEN Business\" \/>\n<meta property=\"article:publisher\" content=\"https:\/\/www.facebook.com\/immobilienbusiness\/\" \/>\n<meta property=\"article:published_time\" content=\"2021-05-18T07:57:15+00:00\" \/>\n<meta property=\"og:image\" content=\"https:\/\/www.immobilienbusiness.ch\/wp-content\/uploads\/2021\/05\/02_Ecke-Boersenstrasse-Talstrasse.jpg\" \/>\n\t<meta property=\"og:image:width\" content=\"2023\" \/>\n\t<meta property=\"og:image:height\" content=\"1349\" \/>\n\t<meta property=\"og:image:type\" content=\"image\/jpeg\" \/>\n<meta name=\"author\" content=\"anja.hall\" \/>\n<meta name=\"twitter:card\" content=\"summary_large_image\" \/>\n<meta name=\"twitter:image\" content=\"https:\/\/www.immobilienbusiness.ch\/wp-content\/uploads\/2021\/05\/02_Ecke-Boersenstrasse-Talstrasse.jpg\" \/>\n<script type=\"application\/ld+json\" class=\"yoast-schema-graph\">{\"@context\":\"https:\\\/\\\/schema.org\",\"@graph\":[{\"@type\":\"Article\",\"@id\":\"https:\\\/\\\/www.immobilienbusiness.ch\\\/en\\\/regionen\\\/2021-05-18\\\/zuerich-goldman-sachs-zieht-an-die-bahnhofstrasse\\\/#article\",\"isPartOf\":{\"@id\":\"https:\\\/\\\/www.immobilienbusiness.ch\\\/en\\\/regionen\\\/2021-05-18\\\/zuerich-goldman-sachs-zieht-an-die-bahnhofstrasse\\\/\"},\"author\":{\"name\":\"anja.hall\",\"@id\":\"https:\\\/\\\/www.immobilienbusiness.ch\\\/#\\\/schema\\\/person\\\/3fc036297b10b9f42d6db5ee932af8c8\"},\"headline\":\"Z\u00fcrich: Goldman Sachs zieht an die Bahnhofstrasse\",\"datePublished\":\"2021-05-18T07:57:15+00:00\",\"mainEntityOfPage\":{\"@id\":\"https:\\\/\\\/www.immobilienbusiness.ch\\\/en\\\/regionen\\\/2021-05-18\\\/zuerich-goldman-sachs-zieht-an-die-bahnhofstrasse\\\/\"},\"wordCount\":193,\"publisher\":{\"@id\":\"https:\\\/\\\/www.immobilienbusiness.ch\\\/#organization\"},\"image\":{\"@id\":\"https:\\\/\\\/www.immobilienbusiness.ch\\\/en\\\/regionen\\\/2021-05-18\\\/zuerich-goldman-sachs-zieht-an-die-bahnhofstrasse\\\/#primaryimage\"},\"thumbnailUrl\":\"https:\\\/\\\/www.immobilienbusiness.ch\\\/wp-content\\\/uploads\\\/2021\\\/05\\\/02_Ecke-Boersenstrasse-Talstrasse.jpg\",\"keywords\":[\"B\u00fcroimmobilien\",\"Projekt in Bau\",\"Vermietung\",\"Z\u00fcrich\"],\"articleSection\":[\"REGIONEN\"],\"inLanguage\":\"fr-FR\"},{\"@type\":\"WebPage\",\"@id\":\"https:\\\/\\\/www.immobilienbusiness.ch\\\/en\\\/regionen\\\/2021-05-18\\\/zuerich-goldman-sachs-zieht-an-die-bahnhofstrasse\\\/\",\"url\":\"https:\\\/\\\/www.immobilienbusiness.ch\\\/en\\\/regionen\\\/2021-05-18\\\/zuerich-goldman-sachs-zieht-an-die-bahnhofstrasse\\\/\",\"name\":\"Z\u00fcrich: Goldman Sachs zieht an die Bahnhofstrasse - IMMOBILIEN Business\",\"isPartOf\":{\"@id\":\"https:\\\/\\\/www.immobilienbusiness.ch\\\/#website\"},\"primaryImageOfPage\":{\"@id\":\"https:\\\/\\\/www.immobilienbusiness.ch\\\/en\\\/regionen\\\/2021-05-18\\\/zuerich-goldman-sachs-zieht-an-die-bahnhofstrasse\\\/#primaryimage\"},\"image\":{\"@id\":\"https:\\\/\\\/www.immobilienbusiness.ch\\\/en\\\/regionen\\\/2021-05-18\\\/zuerich-goldman-sachs-zieht-an-die-bahnhofstrasse\\\/#primaryimage\"},\"thumbnailUrl\":\"https:\\\/\\\/www.immobilienbusiness.ch\\\/wp-content\\\/uploads\\\/2021\\\/05\\\/02_Ecke-Boersenstrasse-Talstrasse.jpg\",\"datePublished\":\"2021-05-18T07:57:15+00:00\",\"description\":\"Die US-Investmentbank Goldman Sachs wird voraussichtlich im Jahr 2024 ihren Sitz an der Claridenstrasse verlassen und in die Bahnhofstrasse 3 ziehen.\",\"breadcrumb\":{\"@id\":\"https:\\\/\\\/www.immobilienbusiness.ch\\\/en\\\/regionen\\\/2021-05-18\\\/zuerich-goldman-sachs-zieht-an-die-bahnhofstrasse\\\/#breadcrumb\"},\"inLanguage\":\"fr-FR\",\"potentialAction\":[{\"@type\":\"ReadAction\",\"target\":[\"https:\\\/\\\/www.immobilienbusiness.ch\\\/en\\\/regionen\\\/2021-05-18\\\/zuerich-goldman-sachs-zieht-an-die-bahnhofstrasse\\\/\"]}]},{\"@type\":\"ImageObject\",\"inLanguage\":\"fr-FR\",\"@id\":\"https:\\\/\\\/www.immobilienbusiness.ch\\\/en\\\/regionen\\\/2021-05-18\\\/zuerich-goldman-sachs-zieht-an-die-bahnhofstrasse\\\/#primaryimage\",\"url\":\"https:\\\/\\\/www.immobilienbusiness.ch\\\/wp-content\\\/uploads\\\/2021\\\/05\\\/02_Ecke-Boersenstrasse-Talstrasse.jpg\",\"contentUrl\":\"https:\\\/\\\/www.immobilienbusiness.ch\\\/wp-content\\\/uploads\\\/2021\\\/05\\\/02_Ecke-Boersenstrasse-Talstrasse.jpg\",\"width\":2023,\"height\":1349,\"caption\":\"Goldman Sachs wird Mieter in der Liegenschaft an der B\u00f6rsenstrasse 3 (Bild: zVg)\"},{\"@type\":\"BreadcrumbList\",\"@id\":\"https:\\\/\\\/www.immobilienbusiness.ch\\\/en\\\/regionen\\\/2021-05-18\\\/zuerich-goldman-sachs-zieht-an-die-bahnhofstrasse\\\/#breadcrumb\",\"itemListElement\":[{\"@type\":\"ListItem\",\"position\":1,\"name\":\"Home\",\"item\":\"https:\\\/\\\/www.immobilienbusiness.ch\\\/\"},{\"@type\":\"ListItem\",\"position\":2,\"name\":\"Z\u00fcrich: Goldman Sachs zieht an die Bahnhofstrasse\"}]},{\"@type\":\"WebSite\",\"@id\":\"https:\\\/\\\/www.immobilienbusiness.ch\\\/#website\",\"url\":\"https:\\\/\\\/www.immobilienbusiness.ch\\\/\",\"name\":\"IMMOBILIEN Business\",\"description\":\"Unabh\u00e4ngiges Schweizer Wirtschaftsmagazin mit Fokus auf Immobilien, Architektur- und Bau sowie Investment- und Finanzierung.\",\"publisher\":{\"@id\":\"https:\\\/\\\/www.immobilienbusiness.ch\\\/#organization\"},\"potentialAction\":[{\"@type\":\"SearchAction\",\"target\":{\"@type\":\"EntryPoint\",\"urlTemplate\":\"https:\\\/\\\/www.immobilienbusiness.ch\\\/?s={search_term_string}\"},\"query-input\":{\"@type\":\"PropertyValueSpecification\",\"valueRequired\":true,\"valueName\":\"search_term_string\"}}],\"inLanguage\":\"fr-FR\"},{\"@type\":\"Organization\",\"@id\":\"https:\\\/\\\/www.immobilienbusiness.ch\\\/#organization\",\"name\":\"IMMOBILIEN Business\",\"url\":\"https:\\\/\\\/www.immobilienbusiness.ch\\\/\",\"logo\":{\"@type\":\"ImageObject\",\"inLanguage\":\"fr-FR\",\"@id\":\"https:\\\/\\\/www.immobilienbusiness.ch\\\/#\\\/schema\\\/logo\\\/image\\\/\",\"url\":\"https:\\\/\\\/www.immobilienbusiness.ch\\\/wp-content\\\/uploads\\\/2021\\\/07\\\/logo_ib.png\",\"contentUrl\":\"https:\\\/\\\/www.immobilienbusiness.ch\\\/wp-content\\\/uploads\\\/2021\\\/07\\\/logo_ib.png\",\"width\":800,\"height\":181,\"caption\":\"IMMOBILIEN Business\"},\"image\":{\"@id\":\"https:\\\/\\\/www.immobilienbusiness.ch\\\/#\\\/schema\\\/logo\\\/image\\\/\"},\"sameAs\":[\"https:\\\/\\\/www.facebook.com\\\/immobilienbusiness\\\/\"]},{\"@type\":\"Person\",\"@id\":\"https:\\\/\\\/www.immobilienbusiness.ch\\\/#\\\/schema\\\/person\\\/3fc036297b10b9f42d6db5ee932af8c8\",\"name\":\"anja.hall\",\"image\":{\"@type\":\"ImageObject\",\"inLanguage\":\"fr-FR\",\"@id\":\"https:\\\/\\\/secure.gravatar.com\\\/avatar\\\/066b5a0d447013502c71a5782f4f3469f03cfe595cc2329fb94652fe47511bfb?s=96&d=mm&r=g\",\"url\":\"https:\\\/\\\/secure.gravatar.com\\\/avatar\\\/066b5a0d447013502c71a5782f4f3469f03cfe595cc2329fb94652fe47511bfb?s=96&d=mm&r=g\",\"contentUrl\":\"https:\\\/\\\/secure.gravatar.com\\\/avatar\\\/066b5a0d447013502c71a5782f4f3469f03cfe595cc2329fb94652fe47511bfb?s=96&d=mm&r=g\",\"caption\":\"anja.hall\"},\"url\":\"https:\\\/\\\/www.immobilienbusiness.ch\\\/fr\\\/author\\\/anja-hall\\\/\"}]}<\/script>\n<!-- \/ Yoast SEO plugin. -->","yoast_head_json":{"title":"Z\u00fcrich: Goldman Sachs zieht an die Bahnhofstrasse - IMMOBILIEN Business","description":"La banque d'investissement am\u00e9ricaine Goldman Sachs devrait quitter son si\u00e8ge de la Claridenstrasse en 2024 pour s'installer \u00e0 la Bahnhofstrasse 3.","robots":{"index":"index","follow":"follow","max-snippet":"max-snippet:-1","max-image-preview":"max-image-preview:large","max-video-preview":"max-video-preview:-1"},"canonical":"https:\/\/www.immobilienbusiness.ch\/fr\/regionen\/2021-05-18\/zuerich-goldman-sachs-zieht-an-die-bahnhofstrasse\/","og_locale":"fr_FR","og_type":"article","og_title":"Z\u00fcrich: Goldman Sachs zieht an die Bahnhofstrasse - IMMOBILIEN Business","og_description":"Die US-Investmentbank Goldman Sachs wird voraussichtlich im Jahr 2024 ihren Sitz an der Claridenstrasse verlassen und in die Bahnhofstrasse 3 ziehen.","og_url":"https:\/\/www.immobilienbusiness.ch\/fr\/regionen\/2021-05-18\/zuerich-goldman-sachs-zieht-an-die-bahnhofstrasse\/","og_site_name":"IMMOBILIEN Business","article_publisher":"https:\/\/www.facebook.com\/immobilienbusiness\/","article_published_time":"2021-05-18T07:57:15+00:00","og_image":[{"width":2023,"height":1349,"url":"https:\/\/www.immobilienbusiness.ch\/wp-content\/uploads\/2021\/05\/02_Ecke-Boersenstrasse-Talstrasse.jpg","type":"image\/jpeg"}],"author":"anja.hall","twitter_card":"summary_large_image","twitter_image":"https:\/\/www.immobilienbusiness.ch\/wp-content\/uploads\/2021\/05\/02_Ecke-Boersenstrasse-Talstrasse.jpg","schema":{"@context":"https:\/\/schema.org","@graph":[{"@type":"Article","@id":"https:\/\/www.immobilienbusiness.ch\/en\/regionen\/2021-05-18\/zuerich-goldman-sachs-zieht-an-die-bahnhofstrasse\/#article","isPartOf":{"@id":"https:\/\/www.immobilienbusiness.ch\/en\/regionen\/2021-05-18\/zuerich-goldman-sachs-zieht-an-die-bahnhofstrasse\/"},"author":{"name":"anja.hall","@id":"https:\/\/www.immobilienbusiness.ch\/#\/schema\/person\/3fc036297b10b9f42d6db5ee932af8c8"},"headline":"Z\u00fcrich: Goldman Sachs zieht an die Bahnhofstrasse","datePublished":"2021-05-18T07:57:15+00:00","mainEntityOfPage":{"@id":"https:\/\/www.immobilienbusiness.ch\/en\/regionen\/2021-05-18\/zuerich-goldman-sachs-zieht-an-die-bahnhofstrasse\/"},"wordCount":193,"publisher":{"@id":"https:\/\/www.immobilienbusiness.ch\/#organization"},"image":{"@id":"https:\/\/www.immobilienbusiness.ch\/en\/regionen\/2021-05-18\/zuerich-goldman-sachs-zieht-an-die-bahnhofstrasse\/#primaryimage"},"thumbnailUrl":"https:\/\/www.immobilienbusiness.ch\/wp-content\/uploads\/2021\/05\/02_Ecke-Boersenstrasse-Talstrasse.jpg","keywords":["B\u00fcroimmobilien","Projekt in Bau","Vermietung","Z\u00fcrich"],"articleSection":["REGIONEN"],"inLanguage":"fr-FR"},{"@type":"WebPage","@id":"https:\/\/www.immobilienbusiness.ch\/en\/regionen\/2021-05-18\/zuerich-goldman-sachs-zieht-an-die-bahnhofstrasse\/","url":"https:\/\/www.immobilienbusiness.ch\/en\/regionen\/2021-05-18\/zuerich-goldman-sachs-zieht-an-die-bahnhofstrasse\/","name":"Z\u00fcrich: Goldman Sachs zieht an die Bahnhofstrasse - IMMOBILIEN Business","isPartOf":{"@id":"https:\/\/www.immobilienbusiness.ch\/#website"},"primaryImageOfPage":{"@id":"https:\/\/www.immobilienbusiness.ch\/en\/regionen\/2021-05-18\/zuerich-goldman-sachs-zieht-an-die-bahnhofstrasse\/#primaryimage"},"image":{"@id":"https:\/\/www.immobilienbusiness.ch\/en\/regionen\/2021-05-18\/zuerich-goldman-sachs-zieht-an-die-bahnhofstrasse\/#primaryimage"},"thumbnailUrl":"https:\/\/www.immobilienbusiness.ch\/wp-content\/uploads\/2021\/05\/02_Ecke-Boersenstrasse-Talstrasse.jpg","datePublished":"2021-05-18T07:57:15+00:00","description":"La banque d'investissement am\u00e9ricaine Goldman Sachs devrait quitter son si\u00e8ge de la Claridenstrasse en 2024 pour s'installer \u00e0 la Bahnhofstrasse 3.","breadcrumb":{"@id":"https:\/\/www.immobilienbusiness.ch\/en\/regionen\/2021-05-18\/zuerich-goldman-sachs-zieht-an-die-bahnhofstrasse\/#breadcrumb"},"inLanguage":"fr-FR","potentialAction":[{"@type":"ReadAction","target":["https:\/\/www.immobilienbusiness.ch\/en\/regionen\/2021-05-18\/zuerich-goldman-sachs-zieht-an-die-bahnhofstrasse\/"]}]},{"@type":"ImageObject","inLanguage":"fr-FR","@id":"https:\/\/www.immobilienbusiness.ch\/en\/regionen\/2021-05-18\/zuerich-goldman-sachs-zieht-an-die-bahnhofstrasse\/#primaryimage","url":"https:\/\/www.immobilienbusiness.ch\/wp-content\/uploads\/2021\/05\/02_Ecke-Boersenstrasse-Talstrasse.jpg","contentUrl":"https:\/\/www.immobilienbusiness.ch\/wp-content\/uploads\/2021\/05\/02_Ecke-Boersenstrasse-Talstrasse.jpg","width":2023,"height":1349,"caption":"Goldman Sachs wird Mieter in der Liegenschaft an der B\u00f6rsenstrasse 3 (Bild: zVg)"},{"@type":"BreadcrumbList","@id":"https:\/\/www.immobilienbusiness.ch\/en\/regionen\/2021-05-18\/zuerich-goldman-sachs-zieht-an-die-bahnhofstrasse\/#breadcrumb","itemListElement":[{"@type":"ListItem","position":1,"name":"Home","item":"https:\/\/www.immobilienbusiness.ch\/"},{"@type":"ListItem","position":2,"name":"Z\u00fcrich: Goldman Sachs zieht an die Bahnhofstrasse"}]},{"@type":"WebSite","@id":"https:\/\/www.immobilienbusiness.ch\/#website","url":"https:\/\/www.immobilienbusiness.ch\/","name":"IMMOBILIER Business","description":"Magazine \u00e9conomique suisse ind\u00e9pendant ax\u00e9 sur l'immobilier, l'architecture et la construction ainsi que sur les investissements et le financement.","publisher":{"@id":"https:\/\/www.immobilienbusiness.ch\/#organization"},"potentialAction":[{"@type":"SearchAction","target":{"@type":"EntryPoint","urlTemplate":"https:\/\/www.immobilienbusiness.ch\/?s={search_term_string}"},"query-input":{"@type":"PropertyValueSpecification","valueRequired":true,"valueName":"search_term_string"}}],"inLanguage":"fr-FR"},{"@type":"Organization","@id":"https:\/\/www.immobilienbusiness.ch\/#organization","name":"IMMOBILIER Business","url":"https:\/\/www.immobilienbusiness.ch\/","logo":{"@type":"ImageObject","inLanguage":"fr-FR","@id":"https:\/\/www.immobilienbusiness.ch\/#\/schema\/logo\/image\/","url":"https:\/\/www.immobilienbusiness.ch\/wp-content\/uploads\/2021\/07\/logo_ib.png","contentUrl":"https:\/\/www.immobilienbusiness.ch\/wp-content\/uploads\/2021\/07\/logo_ib.png","width":800,"height":181,"caption":"IMMOBILIEN Business"},"image":{"@id":"https:\/\/www.immobilienbusiness.ch\/#\/schema\/logo\/image\/"},"sameAs":["https:\/\/www.facebook.com\/immobilienbusiness\/"]},{"@type":"Person","@id":"https:\/\/www.immobilienbusiness.ch\/#\/schema\/person\/3fc036297b10b9f42d6db5ee932af8c8","name":"anja.hall","image":{"@type":"ImageObject","inLanguage":"fr-FR","@id":"https:\/\/secure.gravatar.com\/avatar\/066b5a0d447013502c71a5782f4f3469f03cfe595cc2329fb94652fe47511bfb?s=96&d=mm&r=g","url":"https:\/\/secure.gravatar.com\/avatar\/066b5a0d447013502c71a5782f4f3469f03cfe595cc2329fb94652fe47511bfb?s=96&d=mm&r=g","contentUrl":"https:\/\/secure.gravatar.com\/avatar\/066b5a0d447013502c71a5782f4f3469f03cfe595cc2329fb94652fe47511bfb?s=96&d=mm&r=g","caption":"anja.hall"},"url":"https:\/\/www.immobilienbusiness.ch\/fr\/author\/anja-hall\/"}]}},"_links":{"self":[{"href":"https:\/\/www.immobilienbusiness.ch\/fr\/wp-json\/wp\/v2\/posts\/24175","targetHints":{"allow":["GET"]}}],"collection":[{"href":"https:\/\/www.immobilienbusiness.ch\/fr\/wp-json\/wp\/v2\/posts"}],"about":[{"href":"https:\/\/www.immobilienbusiness.ch\/fr\/wp-json\/wp\/v2\/types\/post"}],"author":[{"embeddable":true,"href":"https:\/\/www.immobilienbusiness.ch\/fr\/wp-json\/wp\/v2\/users\/3"}],"replies":[{"embeddable":true,"href":"https:\/\/www.immobilienbusiness.ch\/fr\/wp-json\/wp\/v2\/comments?post=24175"}],"version-history":[{"count":0,"href":"https:\/\/www.immobilienbusiness.ch\/fr\/wp-json\/wp\/v2\/posts\/24175\/revisions"}],"wp:featuredmedia":[{"embeddable":true,"href":"https:\/\/www.immobilienbusiness.ch\/fr\/wp-json\/wp\/v2\/media\/24176"}],"wp:attachment":[{"href":"https:\/\/www.immobilienbusiness.ch\/fr\/wp-json\/wp\/v2\/media?parent=24175"}],"wp:term":[{"taxonomy":"category","embeddable":true,"href":"https:\/\/www.immobilienbusiness.ch\/fr\/wp-json\/wp\/v2\/categories?post=24175"},{"taxonomy":"post_tag","embeddable":true,"href":"https:\/\/www.immobilienbusiness.ch\/fr\/wp-json\/wp\/v2\/tags?post=24175"}],"curies":[{"name":"wp","href":"https:\/\/api.w.org\/{rel}","templated":true}]}}