{"id":23982,"date":"2021-04-20T08:15:01","date_gmt":"2021-04-20T06:15:01","guid":{"rendered":"https:\/\/www.immobilienbusiness.ch\/?p=23982"},"modified":"2021-04-20T08:15:01","modified_gmt":"2021-04-20T06:15:01","slug":"implenia-trennt-sich-von-instandsetzungs-geschaeft-in-deutschland","status":"publish","type":"post","link":"https:\/\/www.immobilienbusiness.ch\/fr\/unternehmen\/2021-04-20\/implenia-trennt-sich-von-instandsetzungs-geschaeft-in-deutschland\/","title":{"rendered":"Implenia c\u00e8de son activit\u00e9 de maintenance en Allemagne"},"content":{"rendered":"<figure id=\"attachment_19010\" aria-describedby=\"caption-attachment-19010\" style=\"width: 680px\" class=\"wp-caption alignnone\"><img loading=\"lazy\" decoding=\"async\" class=\"size-medium wp-image-19010\" src=\"https:\/\/www.immobilienbusiness.ch\/wp-content\/uploads\/2019\/10\/Depositphotos_10731136_m-2015.jpg\" alt=\"\" width=\"680\" height=\"454\" srcset=\"https:\/\/www.immobilienbusiness.ch\/wp-content\/uploads\/2019\/10\/Depositphotos_10731136_m-2015.jpg 1000w, https:\/\/www.immobilienbusiness.ch\/wp-content\/uploads\/2019\/10\/Depositphotos_10731136_m-2015-300x200.jpg 300w, https:\/\/www.immobilienbusiness.ch\/wp-content\/uploads\/2019\/10\/Depositphotos_10731136_m-2015-768x512.jpg 768w, https:\/\/www.immobilienbusiness.ch\/wp-content\/uploads\/2019\/10\/Depositphotos_10731136_m-2015-16x12.jpg 16w, https:\/\/www.immobilienbusiness.ch\/wp-content\/uploads\/2019\/10\/Depositphotos_10731136_m-2015-262x175.jpg 262w, https:\/\/www.immobilienbusiness.ch\/wp-content\/uploads\/2019\/10\/Depositphotos_10731136_m-2015-525x350.jpg 525w, https:\/\/www.immobilienbusiness.ch\/wp-content\/uploads\/2019\/10\/Depositphotos_10731136_m-2015-920x614.jpg 920w\" sizes=\"auto, (max-width: 680px) 100vw, 680px\" \/><figcaption id=\"caption-attachment-19010\" class=\"wp-caption-text\">Implenia vend une unit\u00e9 commerciale allemande (Image : depositphotos)<\/figcaption><\/figure>\n<p>Selon Implenia, la transaction a \u00e9t\u00e9 sign\u00e9e le 16 avril 2021 et devrait \u00eatre achev\u00e9e le 31 mai. Les 199 employ\u00e9s, ainsi que les sites et les projets en cours de la division maintenance, seront alors transf\u00e9r\u00e9s \u00e0 Karri\u00e9 Bau.<\/p>\n<p>Implenia Instandsetzung GmbH est un fournisseur de premier plan en Allemagne pour la restauration structurelle de b\u00e2timents, de structures d'infrastructure ou de parties de ceux-ci. Karri\u00e9 Bau GmbH &amp; Co. KG a l'intention d'assumer la responsabilit\u00e9 des projets en cours apr\u00e8s l'ach\u00e8vement de l'acquisition. Les parties ne divulguent pas les d\u00e9tails financiers de la transaction.<\/p>\n<p>Selon Christian Sp\u00e4th, responsable de la division G\u00e9nie civil, Implenia entend renforcer son expertise dans les phases amont des projets et se concentrer sur les projets complexes de grande envergure. \u00c0 l'avenir, l'entreprise a l'intention de faire appel \u00e0 des partenaires ext\u00e9rieurs pour des services plus sp\u00e9cialis\u00e9s, tels que la maintenance.<\/p>\n<p>Karri\u00e9 Bau, dirig\u00e9e par Peter Karri\u00e9 et dont le si\u00e8ge est \u00e0 Mayence, emploie actuellement 152 personnes dans les domaines de la construction de b\u00e2timents, de l'entretien des b\u00e2timents et de l'asphalte coul\u00e9. Avec cette acquisition, cinq autres sites allemands et pr\u00e8s de 200 employ\u00e9s viendront s'ajouter. <em>(ah)<\/em><\/p>","protected":false},"excerpt":{"rendered":"<p>Implenia a l'intention de vendre Implenia Maintenance, bas\u00e9e en Allemagne, \u00e0 Karri\u00e9 Bau afin de se concentrer davantage sur son portefeuille de base.<\/p>","protected":false},"author":3,"featured_media":19010,"comment_status":"closed","ping_status":"open","sticky":false,"template":"","format":"standard","meta":{"_acf_changed":false,"_yoast_wpseo_focuskw":"Implenia","_yoast_wpseo_title":"","_yoast_wpseo_metadesc":"Implenia will die in Deutschland ans\u00e4ssige Implenia Instandsetzung an Karri\u00e9 Bau verkaufen, um sich weiter auf das Kernportfolio zu fokussieren.","_yoast_wpseo_linkdex":48,"pgc_sgb_lightbox_settings":"","footnotes":""},"categories":[988],"tags":[1166,1359],"class_list":["post-23982","post","type-post","status-publish","format-standard","has-post-thumbnail","hentry","category-unternehmen","tag-deutschland","tag-implenia"],"acf":[],"yoast_head":"<!-- This site is optimized with the Yoast SEO plugin v27.4 - https:\/\/yoast.com\/product\/yoast-seo-wordpress\/ -->\n<title>Implenia trennt sich von Instandsetzungs-Gesch\u00e4ft in Deutschland - IMMOBILIEN Business<\/title>\n<meta name=\"description\" content=\"Implenia will die in Deutschland ans\u00e4ssige Implenia Instandsetzung an Karri\u00e9 Bau verkaufen, um sich weiter auf das Kernportfolio zu fokussieren.\" \/>\n<meta name=\"robots\" content=\"index, follow, max-snippet:-1, max-image-preview:large, max-video-preview:-1\" \/>\n<link rel=\"canonical\" href=\"https:\/\/www.immobilienbusiness.ch\/fr\/unternehmen\/2021-04-20\/implenia-trennt-sich-von-instandsetzungs-geschaeft-in-deutschland\/\" \/>\n<meta property=\"og:locale\" content=\"fr_FR\" \/>\n<meta property=\"og:type\" content=\"article\" \/>\n<meta property=\"og:title\" content=\"Implenia trennt sich von Instandsetzungs-Gesch\u00e4ft in Deutschland - IMMOBILIEN Business\" \/>\n<meta property=\"og:description\" content=\"Implenia will die in Deutschland ans\u00e4ssige Implenia Instandsetzung an Karri\u00e9 Bau verkaufen, um sich weiter auf das Kernportfolio zu fokussieren.\" \/>\n<meta property=\"og:url\" content=\"https:\/\/www.immobilienbusiness.ch\/fr\/unternehmen\/2021-04-20\/implenia-trennt-sich-von-instandsetzungs-geschaeft-in-deutschland\/\" \/>\n<meta property=\"og:site_name\" content=\"IMMOBILIEN Business\" \/>\n<meta property=\"article:publisher\" content=\"https:\/\/www.facebook.com\/immobilienbusiness\/\" \/>\n<meta property=\"article:published_time\" content=\"2021-04-20T06:15:01+00:00\" \/>\n<meta property=\"og:image\" content=\"https:\/\/www.immobilienbusiness.ch\/wp-content\/uploads\/2019\/10\/Depositphotos_10731136_m-2015.jpg\" \/>\n\t<meta property=\"og:image:width\" content=\"1000\" \/>\n\t<meta property=\"og:image:height\" content=\"667\" \/>\n\t<meta property=\"og:image:type\" content=\"image\/jpeg\" \/>\n<meta name=\"author\" content=\"anja.hall\" \/>\n<meta name=\"twitter:card\" content=\"summary_large_image\" \/>\n<meta name=\"twitter:image\" content=\"https:\/\/www.immobilienbusiness.ch\/wp-content\/uploads\/2019\/10\/Depositphotos_10731136_m-2015.jpg\" \/>\n<script type=\"application\/ld+json\" class=\"yoast-schema-graph\">{\"@context\":\"https:\\\/\\\/schema.org\",\"@graph\":[{\"@type\":\"Article\",\"@id\":\"https:\\\/\\\/www.immobilienbusiness.ch\\\/unternehmen\\\/2021-04-20\\\/implenia-trennt-sich-von-instandsetzungs-geschaeft-in-deutschland\\\/#article\",\"isPartOf\":{\"@id\":\"https:\\\/\\\/www.immobilienbusiness.ch\\\/unternehmen\\\/2021-04-20\\\/implenia-trennt-sich-von-instandsetzungs-geschaeft-in-deutschland\\\/\"},\"author\":{\"name\":\"anja.hall\",\"@id\":\"https:\\\/\\\/www.immobilienbusiness.ch\\\/#\\\/schema\\\/person\\\/3fc036297b10b9f42d6db5ee932af8c8\"},\"headline\":\"Implenia trennt sich von Instandsetzungs-Gesch\u00e4ft in Deutschland\",\"datePublished\":\"2021-04-20T06:15:01+00:00\",\"mainEntityOfPage\":{\"@id\":\"https:\\\/\\\/www.immobilienbusiness.ch\\\/unternehmen\\\/2021-04-20\\\/implenia-trennt-sich-von-instandsetzungs-geschaeft-in-deutschland\\\/\"},\"wordCount\":183,\"publisher\":{\"@id\":\"https:\\\/\\\/www.immobilienbusiness.ch\\\/#organization\"},\"image\":{\"@id\":\"https:\\\/\\\/www.immobilienbusiness.ch\\\/unternehmen\\\/2021-04-20\\\/implenia-trennt-sich-von-instandsetzungs-geschaeft-in-deutschland\\\/#primaryimage\"},\"thumbnailUrl\":\"https:\\\/\\\/www.immobilienbusiness.ch\\\/wp-content\\\/uploads\\\/2019\\\/10\\\/Depositphotos_10731136_m-2015.jpg\",\"keywords\":[\"Deutschland\",\"Implenia\"],\"articleSection\":[\"UNTERNEHMEN\"],\"inLanguage\":\"fr-FR\"},{\"@type\":\"WebPage\",\"@id\":\"https:\\\/\\\/www.immobilienbusiness.ch\\\/unternehmen\\\/2021-04-20\\\/implenia-trennt-sich-von-instandsetzungs-geschaeft-in-deutschland\\\/\",\"url\":\"https:\\\/\\\/www.immobilienbusiness.ch\\\/unternehmen\\\/2021-04-20\\\/implenia-trennt-sich-von-instandsetzungs-geschaeft-in-deutschland\\\/\",\"name\":\"Implenia trennt sich von Instandsetzungs-Gesch\u00e4ft in Deutschland - IMMOBILIEN Business\",\"isPartOf\":{\"@id\":\"https:\\\/\\\/www.immobilienbusiness.ch\\\/#website\"},\"primaryImageOfPage\":{\"@id\":\"https:\\\/\\\/www.immobilienbusiness.ch\\\/unternehmen\\\/2021-04-20\\\/implenia-trennt-sich-von-instandsetzungs-geschaeft-in-deutschland\\\/#primaryimage\"},\"image\":{\"@id\":\"https:\\\/\\\/www.immobilienbusiness.ch\\\/unternehmen\\\/2021-04-20\\\/implenia-trennt-sich-von-instandsetzungs-geschaeft-in-deutschland\\\/#primaryimage\"},\"thumbnailUrl\":\"https:\\\/\\\/www.immobilienbusiness.ch\\\/wp-content\\\/uploads\\\/2019\\\/10\\\/Depositphotos_10731136_m-2015.jpg\",\"datePublished\":\"2021-04-20T06:15:01+00:00\",\"description\":\"Implenia will die in Deutschland ans\u00e4ssige Implenia Instandsetzung an Karri\u00e9 Bau verkaufen, um sich weiter auf das Kernportfolio zu fokussieren.\",\"breadcrumb\":{\"@id\":\"https:\\\/\\\/www.immobilienbusiness.ch\\\/unternehmen\\\/2021-04-20\\\/implenia-trennt-sich-von-instandsetzungs-geschaeft-in-deutschland\\\/#breadcrumb\"},\"inLanguage\":\"fr-FR\",\"potentialAction\":[{\"@type\":\"ReadAction\",\"target\":[\"https:\\\/\\\/www.immobilienbusiness.ch\\\/unternehmen\\\/2021-04-20\\\/implenia-trennt-sich-von-instandsetzungs-geschaeft-in-deutschland\\\/\"]}]},{\"@type\":\"ImageObject\",\"inLanguage\":\"fr-FR\",\"@id\":\"https:\\\/\\\/www.immobilienbusiness.ch\\\/unternehmen\\\/2021-04-20\\\/implenia-trennt-sich-von-instandsetzungs-geschaeft-in-deutschland\\\/#primaryimage\",\"url\":\"https:\\\/\\\/www.immobilienbusiness.ch\\\/wp-content\\\/uploads\\\/2019\\\/10\\\/Depositphotos_10731136_m-2015.jpg\",\"contentUrl\":\"https:\\\/\\\/www.immobilienbusiness.ch\\\/wp-content\\\/uploads\\\/2019\\\/10\\\/Depositphotos_10731136_m-2015.jpg\",\"width\":1000,\"height\":667,\"caption\":\"Investis hat eine bereits angek\u00fcndigte Gross-Transaktion nun finalisiert (Bild: Depositphotos)\"},{\"@type\":\"BreadcrumbList\",\"@id\":\"https:\\\/\\\/www.immobilienbusiness.ch\\\/unternehmen\\\/2021-04-20\\\/implenia-trennt-sich-von-instandsetzungs-geschaeft-in-deutschland\\\/#breadcrumb\",\"itemListElement\":[{\"@type\":\"ListItem\",\"position\":1,\"name\":\"Home\",\"item\":\"https:\\\/\\\/www.immobilienbusiness.ch\\\/\"},{\"@type\":\"ListItem\",\"position\":2,\"name\":\"Implenia trennt sich von Instandsetzungs-Gesch\u00e4ft in Deutschland\"}]},{\"@type\":\"WebSite\",\"@id\":\"https:\\\/\\\/www.immobilienbusiness.ch\\\/#website\",\"url\":\"https:\\\/\\\/www.immobilienbusiness.ch\\\/\",\"name\":\"IMMOBILIEN Business\",\"description\":\"Unabh\u00e4ngiges Schweizer Wirtschaftsmagazin mit Fokus auf Immobilien, Architektur- und Bau sowie Investment- und Finanzierung.\",\"publisher\":{\"@id\":\"https:\\\/\\\/www.immobilienbusiness.ch\\\/#organization\"},\"potentialAction\":[{\"@type\":\"SearchAction\",\"target\":{\"@type\":\"EntryPoint\",\"urlTemplate\":\"https:\\\/\\\/www.immobilienbusiness.ch\\\/?s={search_term_string}\"},\"query-input\":{\"@type\":\"PropertyValueSpecification\",\"valueRequired\":true,\"valueName\":\"search_term_string\"}}],\"inLanguage\":\"fr-FR\"},{\"@type\":\"Organization\",\"@id\":\"https:\\\/\\\/www.immobilienbusiness.ch\\\/#organization\",\"name\":\"IMMOBILIEN Business\",\"url\":\"https:\\\/\\\/www.immobilienbusiness.ch\\\/\",\"logo\":{\"@type\":\"ImageObject\",\"inLanguage\":\"fr-FR\",\"@id\":\"https:\\\/\\\/www.immobilienbusiness.ch\\\/#\\\/schema\\\/logo\\\/image\\\/\",\"url\":\"https:\\\/\\\/www.immobilienbusiness.ch\\\/wp-content\\\/uploads\\\/2021\\\/07\\\/logo_ib.png\",\"contentUrl\":\"https:\\\/\\\/www.immobilienbusiness.ch\\\/wp-content\\\/uploads\\\/2021\\\/07\\\/logo_ib.png\",\"width\":800,\"height\":181,\"caption\":\"IMMOBILIEN Business\"},\"image\":{\"@id\":\"https:\\\/\\\/www.immobilienbusiness.ch\\\/#\\\/schema\\\/logo\\\/image\\\/\"},\"sameAs\":[\"https:\\\/\\\/www.facebook.com\\\/immobilienbusiness\\\/\"]},{\"@type\":\"Person\",\"@id\":\"https:\\\/\\\/www.immobilienbusiness.ch\\\/#\\\/schema\\\/person\\\/3fc036297b10b9f42d6db5ee932af8c8\",\"name\":\"anja.hall\",\"image\":{\"@type\":\"ImageObject\",\"inLanguage\":\"fr-FR\",\"@id\":\"https:\\\/\\\/secure.gravatar.com\\\/avatar\\\/066b5a0d447013502c71a5782f4f3469f03cfe595cc2329fb94652fe47511bfb?s=96&d=mm&r=g\",\"url\":\"https:\\\/\\\/secure.gravatar.com\\\/avatar\\\/066b5a0d447013502c71a5782f4f3469f03cfe595cc2329fb94652fe47511bfb?s=96&d=mm&r=g\",\"contentUrl\":\"https:\\\/\\\/secure.gravatar.com\\\/avatar\\\/066b5a0d447013502c71a5782f4f3469f03cfe595cc2329fb94652fe47511bfb?s=96&d=mm&r=g\",\"caption\":\"anja.hall\"},\"url\":\"https:\\\/\\\/www.immobilienbusiness.ch\\\/fr\\\/author\\\/anja-hall\\\/\"}]}<\/script>\n<!-- \/ Yoast SEO plugin. -->","yoast_head_json":{"title":"Implenia se s\u00e9pare de ses activit\u00e9s de remise en \u00e9tat en Allemagne - IMMOBILIER Business","description":"Implenia a l'intention de vendre Implenia Maintenance, bas\u00e9e en Allemagne, \u00e0 Karri\u00e9 Bau afin de se concentrer davantage sur son portefeuille de base.","robots":{"index":"index","follow":"follow","max-snippet":"max-snippet:-1","max-image-preview":"max-image-preview:large","max-video-preview":"max-video-preview:-1"},"canonical":"https:\/\/www.immobilienbusiness.ch\/fr\/unternehmen\/2021-04-20\/implenia-trennt-sich-von-instandsetzungs-geschaeft-in-deutschland\/","og_locale":"fr_FR","og_type":"article","og_title":"Implenia trennt sich von Instandsetzungs-Gesch\u00e4ft in Deutschland - IMMOBILIEN Business","og_description":"Implenia will die in Deutschland ans\u00e4ssige Implenia Instandsetzung an Karri\u00e9 Bau verkaufen, um sich weiter auf das Kernportfolio zu fokussieren.","og_url":"https:\/\/www.immobilienbusiness.ch\/fr\/unternehmen\/2021-04-20\/implenia-trennt-sich-von-instandsetzungs-geschaeft-in-deutschland\/","og_site_name":"IMMOBILIEN Business","article_publisher":"https:\/\/www.facebook.com\/immobilienbusiness\/","article_published_time":"2021-04-20T06:15:01+00:00","og_image":[{"width":1000,"height":667,"url":"https:\/\/www.immobilienbusiness.ch\/wp-content\/uploads\/2019\/10\/Depositphotos_10731136_m-2015.jpg","type":"image\/jpeg"}],"author":"anja.hall","twitter_card":"summary_large_image","twitter_image":"https:\/\/www.immobilienbusiness.ch\/wp-content\/uploads\/2019\/10\/Depositphotos_10731136_m-2015.jpg","schema":{"@context":"https:\/\/schema.org","@graph":[{"@type":"Article","@id":"https:\/\/www.immobilienbusiness.ch\/unternehmen\/2021-04-20\/implenia-trennt-sich-von-instandsetzungs-geschaeft-in-deutschland\/#article","isPartOf":{"@id":"https:\/\/www.immobilienbusiness.ch\/unternehmen\/2021-04-20\/implenia-trennt-sich-von-instandsetzungs-geschaeft-in-deutschland\/"},"author":{"name":"anja.hall","@id":"https:\/\/www.immobilienbusiness.ch\/#\/schema\/person\/3fc036297b10b9f42d6db5ee932af8c8"},"headline":"Implenia trennt sich von Instandsetzungs-Gesch\u00e4ft in Deutschland","datePublished":"2021-04-20T06:15:01+00:00","mainEntityOfPage":{"@id":"https:\/\/www.immobilienbusiness.ch\/unternehmen\/2021-04-20\/implenia-trennt-sich-von-instandsetzungs-geschaeft-in-deutschland\/"},"wordCount":183,"publisher":{"@id":"https:\/\/www.immobilienbusiness.ch\/#organization"},"image":{"@id":"https:\/\/www.immobilienbusiness.ch\/unternehmen\/2021-04-20\/implenia-trennt-sich-von-instandsetzungs-geschaeft-in-deutschland\/#primaryimage"},"thumbnailUrl":"https:\/\/www.immobilienbusiness.ch\/wp-content\/uploads\/2019\/10\/Depositphotos_10731136_m-2015.jpg","keywords":["Deutschland","Implenia"],"articleSection":["UNTERNEHMEN"],"inLanguage":"fr-FR"},{"@type":"WebPage","@id":"https:\/\/www.immobilienbusiness.ch\/unternehmen\/2021-04-20\/implenia-trennt-sich-von-instandsetzungs-geschaeft-in-deutschland\/","url":"https:\/\/www.immobilienbusiness.ch\/unternehmen\/2021-04-20\/implenia-trennt-sich-von-instandsetzungs-geschaeft-in-deutschland\/","name":"Implenia se s\u00e9pare de ses activit\u00e9s de remise en \u00e9tat en Allemagne - IMMOBILIER Business","isPartOf":{"@id":"https:\/\/www.immobilienbusiness.ch\/#website"},"primaryImageOfPage":{"@id":"https:\/\/www.immobilienbusiness.ch\/unternehmen\/2021-04-20\/implenia-trennt-sich-von-instandsetzungs-geschaeft-in-deutschland\/#primaryimage"},"image":{"@id":"https:\/\/www.immobilienbusiness.ch\/unternehmen\/2021-04-20\/implenia-trennt-sich-von-instandsetzungs-geschaeft-in-deutschland\/#primaryimage"},"thumbnailUrl":"https:\/\/www.immobilienbusiness.ch\/wp-content\/uploads\/2019\/10\/Depositphotos_10731136_m-2015.jpg","datePublished":"2021-04-20T06:15:01+00:00","description":"Implenia a l'intention de vendre Implenia Maintenance, bas\u00e9e en Allemagne, \u00e0 Karri\u00e9 Bau afin de se concentrer davantage sur son portefeuille de base.","breadcrumb":{"@id":"https:\/\/www.immobilienbusiness.ch\/unternehmen\/2021-04-20\/implenia-trennt-sich-von-instandsetzungs-geschaeft-in-deutschland\/#breadcrumb"},"inLanguage":"fr-FR","potentialAction":[{"@type":"ReadAction","target":["https:\/\/www.immobilienbusiness.ch\/unternehmen\/2021-04-20\/implenia-trennt-sich-von-instandsetzungs-geschaeft-in-deutschland\/"]}]},{"@type":"ImageObject","inLanguage":"fr-FR","@id":"https:\/\/www.immobilienbusiness.ch\/unternehmen\/2021-04-20\/implenia-trennt-sich-von-instandsetzungs-geschaeft-in-deutschland\/#primaryimage","url":"https:\/\/www.immobilienbusiness.ch\/wp-content\/uploads\/2019\/10\/Depositphotos_10731136_m-2015.jpg","contentUrl":"https:\/\/www.immobilienbusiness.ch\/wp-content\/uploads\/2019\/10\/Depositphotos_10731136_m-2015.jpg","width":1000,"height":667,"caption":"Investis hat eine bereits angek\u00fcndigte Gross-Transaktion nun finalisiert (Bild: Depositphotos)"},{"@type":"BreadcrumbList","@id":"https:\/\/www.immobilienbusiness.ch\/unternehmen\/2021-04-20\/implenia-trennt-sich-von-instandsetzungs-geschaeft-in-deutschland\/#breadcrumb","itemListElement":[{"@type":"ListItem","position":1,"name":"Home","item":"https:\/\/www.immobilienbusiness.ch\/"},{"@type":"ListItem","position":2,"name":"Implenia trennt sich von Instandsetzungs-Gesch\u00e4ft in Deutschland"}]},{"@type":"WebSite","@id":"https:\/\/www.immobilienbusiness.ch\/#website","url":"https:\/\/www.immobilienbusiness.ch\/","name":"IMMOBILIER Business","description":"Magazine \u00e9conomique suisse ind\u00e9pendant ax\u00e9 sur l'immobilier, l'architecture et la construction ainsi que sur les investissements et le financement.","publisher":{"@id":"https:\/\/www.immobilienbusiness.ch\/#organization"},"potentialAction":[{"@type":"SearchAction","target":{"@type":"EntryPoint","urlTemplate":"https:\/\/www.immobilienbusiness.ch\/?s={search_term_string}"},"query-input":{"@type":"PropertyValueSpecification","valueRequired":true,"valueName":"search_term_string"}}],"inLanguage":"fr-FR"},{"@type":"Organization","@id":"https:\/\/www.immobilienbusiness.ch\/#organization","name":"IMMOBILIER Business","url":"https:\/\/www.immobilienbusiness.ch\/","logo":{"@type":"ImageObject","inLanguage":"fr-FR","@id":"https:\/\/www.immobilienbusiness.ch\/#\/schema\/logo\/image\/","url":"https:\/\/www.immobilienbusiness.ch\/wp-content\/uploads\/2021\/07\/logo_ib.png","contentUrl":"https:\/\/www.immobilienbusiness.ch\/wp-content\/uploads\/2021\/07\/logo_ib.png","width":800,"height":181,"caption":"IMMOBILIEN Business"},"image":{"@id":"https:\/\/www.immobilienbusiness.ch\/#\/schema\/logo\/image\/"},"sameAs":["https:\/\/www.facebook.com\/immobilienbusiness\/"]},{"@type":"Person","@id":"https:\/\/www.immobilienbusiness.ch\/#\/schema\/person\/3fc036297b10b9f42d6db5ee932af8c8","name":"anja.hall","image":{"@type":"ImageObject","inLanguage":"fr-FR","@id":"https:\/\/secure.gravatar.com\/avatar\/066b5a0d447013502c71a5782f4f3469f03cfe595cc2329fb94652fe47511bfb?s=96&d=mm&r=g","url":"https:\/\/secure.gravatar.com\/avatar\/066b5a0d447013502c71a5782f4f3469f03cfe595cc2329fb94652fe47511bfb?s=96&d=mm&r=g","contentUrl":"https:\/\/secure.gravatar.com\/avatar\/066b5a0d447013502c71a5782f4f3469f03cfe595cc2329fb94652fe47511bfb?s=96&d=mm&r=g","caption":"anja.hall"},"url":"https:\/\/www.immobilienbusiness.ch\/fr\/author\/anja-hall\/"}]}},"_links":{"self":[{"href":"https:\/\/www.immobilienbusiness.ch\/fr\/wp-json\/wp\/v2\/posts\/23982","targetHints":{"allow":["GET"]}}],"collection":[{"href":"https:\/\/www.immobilienbusiness.ch\/fr\/wp-json\/wp\/v2\/posts"}],"about":[{"href":"https:\/\/www.immobilienbusiness.ch\/fr\/wp-json\/wp\/v2\/types\/post"}],"author":[{"embeddable":true,"href":"https:\/\/www.immobilienbusiness.ch\/fr\/wp-json\/wp\/v2\/users\/3"}],"replies":[{"embeddable":true,"href":"https:\/\/www.immobilienbusiness.ch\/fr\/wp-json\/wp\/v2\/comments?post=23982"}],"version-history":[{"count":0,"href":"https:\/\/www.immobilienbusiness.ch\/fr\/wp-json\/wp\/v2\/posts\/23982\/revisions"}],"wp:featuredmedia":[{"embeddable":true,"href":"https:\/\/www.immobilienbusiness.ch\/fr\/wp-json\/wp\/v2\/media\/19010"}],"wp:attachment":[{"href":"https:\/\/www.immobilienbusiness.ch\/fr\/wp-json\/wp\/v2\/media?parent=23982"}],"wp:term":[{"taxonomy":"category","embeddable":true,"href":"https:\/\/www.immobilienbusiness.ch\/fr\/wp-json\/wp\/v2\/categories?post=23982"},{"taxonomy":"post_tag","embeddable":true,"href":"https:\/\/www.immobilienbusiness.ch\/fr\/wp-json\/wp\/v2\/tags?post=23982"}],"curies":[{"name":"wp","href":"https:\/\/api.w.org\/{rel}","templated":true}]}}