{"id":23850,"date":"2021-03-31T08:26:50","date_gmt":"2021-03-31T06:26:50","guid":{"rendered":"https:\/\/www.immobilienbusiness.ch\/?p=23850"},"modified":"2021-03-31T08:26:50","modified_gmt":"2021-03-31T06:26:50","slug":"kapitalerhoehung-fuer-den-swissinvest-fonds","status":"publish","type":"post","link":"https:\/\/www.immobilienbusiness.ch\/fr\/unternehmen\/2021-03-31\/kapitalerhoehung-fuer-den-swissinvest-fonds\/","title":{"rendered":"Augmentation de capital pour le fonds Swissinvest"},"content":{"rendered":"<figure id=\"attachment_6030\" aria-describedby=\"caption-attachment-6030\" style=\"width: 680px\" class=\"wp-caption alignnone\"><img loading=\"lazy\" decoding=\"async\" class=\"size-medium wp-image-6030\" src=\"https:\/\/www.immobilienbusiness.ch\/wp-content\/uploads\/2017\/01\/Swiss-Life-REF-Swiss-Properties-Kapitalerh\u00f6hung-erfolgreich_Immobilien_Business_News-_26012017.jpg\" alt=\"\" width=\"680\" height=\"453\" \/><figcaption id=\"caption-attachment-6030\" class=\"wp-caption-text\">Le Swiss Invest Real Estate Fund cherche de l'argent frais (Image : depositphotos)<\/figcaption><\/figure>\n<p>Comme le communique la direction du fonds Pensimo, un maximum de 440.494 nouvelles parts du fonds cot\u00e9 en bourse Swissinvest Real Estate Fund seront \u00e9mises dans le cadre de l'\u00e9mission au prix net de 153,00 CHF chacune. La p\u00e9riode de souscription s'\u00e9tend du 12 au 23 avril 2021, et onze droits de souscription - correspondant \u00e0 onze parts de fonds actuelles - donnent droit \u00e0 une nouvelle part. L'\u00e9mission se fera \u00e0 la commission (sur la base du \"meilleur rendement\") dans le cadre d'une offre publique de souscription en Suisse. Un n\u00e9goce officiel des droits de souscription aura lieu du 12 au 21 avril \u00e0 la SIX Swiss Exchange. La lib\u00e9ration des nouvelles parts est pr\u00e9vue pour le 30 avril.<\/p>\n<p>Selon Pensimo, le fonds entend utiliser le produit de l'\u00e9mission pour continuer \u00e0 d\u00e9velopper son portefeuille immobilier, notamment pour acheter d'autres immeubles et investir dans de nouveaux projets de construction, pour financer des projets en cours et des r\u00e9novations, ainsi que pour rembourser des financements externes. <em>(ah)<\/em><\/p>","protected":false},"excerpt":{"rendered":"<p>Afin de financer la poursuite de l'extension de son portefeuille, le Swissinvest Real Estate Fund proc\u00e8de \u00e0 une augmentation de capital d'un volume pouvant atteindre 67,4 millions de CHF.<\/p>","protected":false},"author":3,"featured_media":6030,"comment_status":"closed","ping_status":"open","sticky":false,"template":"","format":"standard","meta":{"_acf_changed":false,"_yoast_wpseo_focuskw":"Swissinvest","_yoast_wpseo_title":"","_yoast_wpseo_metadesc":"Um den weiteren Portfolio-Ausbau zu finanzieren, f\u00fchrt der Swissinvest Real Estate Fund eine Kapitalerh\u00f6hung im Volumen von bis zu 67,4 Millionen CHF durch.","_yoast_wpseo_linkdex":42,"pgc_sgb_lightbox_settings":"","footnotes":""},"categories":[988],"tags":[1344,1412,1560],"class_list":["post-23850","post","type-post","status-publish","format-standard","has-post-thumbnail","hentry","category-unternehmen","tag-immobilienfonds","tag-kapitalerhoehung","tag-pensimo"],"acf":[],"yoast_head":"<!-- This site is optimized with the Yoast SEO plugin v27.4 - https:\/\/yoast.com\/product\/yoast-seo-wordpress\/ -->\n<title>Kapitalerh\u00f6hung f\u00fcr den Swissinvest-Fonds - IMMOBILIEN Business<\/title>\n<meta name=\"description\" content=\"Um den weiteren Portfolio-Ausbau zu finanzieren, f\u00fchrt der Swissinvest Real Estate Fund eine Kapitalerh\u00f6hung im Volumen von bis zu 67,4 Millionen CHF durch.\" \/>\n<meta name=\"robots\" content=\"index, follow, max-snippet:-1, max-image-preview:large, max-video-preview:-1\" \/>\n<link rel=\"canonical\" href=\"https:\/\/www.immobilienbusiness.ch\/fr\/unternehmen\/2021-03-31\/kapitalerhoehung-fuer-den-swissinvest-fonds\/\" \/>\n<meta property=\"og:locale\" content=\"fr_FR\" \/>\n<meta property=\"og:type\" content=\"article\" \/>\n<meta property=\"og:title\" content=\"Kapitalerh\u00f6hung f\u00fcr den Swissinvest-Fonds - IMMOBILIEN Business\" \/>\n<meta property=\"og:description\" content=\"Um den weiteren Portfolio-Ausbau zu finanzieren, f\u00fchrt der Swissinvest Real Estate Fund eine Kapitalerh\u00f6hung im Volumen von bis zu 67,4 Millionen CHF durch.\" \/>\n<meta property=\"og:url\" content=\"https:\/\/www.immobilienbusiness.ch\/fr\/unternehmen\/2021-03-31\/kapitalerhoehung-fuer-den-swissinvest-fonds\/\" \/>\n<meta property=\"og:site_name\" content=\"IMMOBILIEN Business\" \/>\n<meta property=\"article:publisher\" content=\"https:\/\/www.facebook.com\/immobilienbusiness\/\" \/>\n<meta property=\"article:published_time\" content=\"2021-03-31T06:26:50+00:00\" \/>\n<meta property=\"og:image\" content=\"https:\/\/www.immobilienbusiness.ch\/wp-content\/uploads\/2017\/01\/Swiss-Life-REF-Swiss-Properties-Kapitalerhoehung-erfolgreich_Immobilien_Business_News-_26012017.jpg\" \/>\n\t<meta property=\"og:image:width\" content=\"1280\" \/>\n\t<meta property=\"og:image:height\" content=\"853\" \/>\n\t<meta property=\"og:image:type\" content=\"image\/jpeg\" \/>\n<meta name=\"author\" content=\"anja.hall\" \/>\n<meta name=\"twitter:card\" content=\"summary_large_image\" \/>\n<meta name=\"twitter:image\" content=\"https:\/\/www.immobilienbusiness.ch\/wp-content\/uploads\/2017\/01\/Swiss-Life-REF-Swiss-Properties-Kapitalerhoehung-erfolgreich_Immobilien_Business_News-_26012017.jpg\" \/>\n<script type=\"application\/ld+json\" class=\"yoast-schema-graph\">{\"@context\":\"https:\\\/\\\/schema.org\",\"@graph\":[{\"@type\":\"Article\",\"@id\":\"https:\\\/\\\/www.immobilienbusiness.ch\\\/unternehmen\\\/2021-03-31\\\/kapitalerhoehung-fuer-den-swissinvest-fonds\\\/#article\",\"isPartOf\":{\"@id\":\"https:\\\/\\\/www.immobilienbusiness.ch\\\/unternehmen\\\/2021-03-31\\\/kapitalerhoehung-fuer-den-swissinvest-fonds\\\/\"},\"author\":{\"name\":\"anja.hall\",\"@id\":\"https:\\\/\\\/www.immobilienbusiness.ch\\\/#\\\/schema\\\/person\\\/3fc036297b10b9f42d6db5ee932af8c8\"},\"headline\":\"Kapitalerh\u00f6hung f\u00fcr den Swissinvest-Fonds\",\"datePublished\":\"2021-03-31T06:26:50+00:00\",\"mainEntityOfPage\":{\"@id\":\"https:\\\/\\\/www.immobilienbusiness.ch\\\/unternehmen\\\/2021-03-31\\\/kapitalerhoehung-fuer-den-swissinvest-fonds\\\/\"},\"wordCount\":155,\"publisher\":{\"@id\":\"https:\\\/\\\/www.immobilienbusiness.ch\\\/#organization\"},\"image\":{\"@id\":\"https:\\\/\\\/www.immobilienbusiness.ch\\\/unternehmen\\\/2021-03-31\\\/kapitalerhoehung-fuer-den-swissinvest-fonds\\\/#primaryimage\"},\"thumbnailUrl\":\"https:\\\/\\\/www.immobilienbusiness.ch\\\/wp-content\\\/uploads\\\/2017\\\/01\\\/Swiss-Life-REF-Swiss-Properties-Kapitalerhoehung-erfolgreich_Immobilien_Business_News-_26012017.jpg\",\"keywords\":[\"Immobilienfonds\",\"Kapitalerh\u00f6hung\",\"Pensimo\"],\"articleSection\":[\"UNTERNEHMEN\"],\"inLanguage\":\"fr-FR\"},{\"@type\":\"WebPage\",\"@id\":\"https:\\\/\\\/www.immobilienbusiness.ch\\\/unternehmen\\\/2021-03-31\\\/kapitalerhoehung-fuer-den-swissinvest-fonds\\\/\",\"url\":\"https:\\\/\\\/www.immobilienbusiness.ch\\\/unternehmen\\\/2021-03-31\\\/kapitalerhoehung-fuer-den-swissinvest-fonds\\\/\",\"name\":\"Kapitalerh\u00f6hung f\u00fcr den Swissinvest-Fonds - IMMOBILIEN Business\",\"isPartOf\":{\"@id\":\"https:\\\/\\\/www.immobilienbusiness.ch\\\/#website\"},\"primaryImageOfPage\":{\"@id\":\"https:\\\/\\\/www.immobilienbusiness.ch\\\/unternehmen\\\/2021-03-31\\\/kapitalerhoehung-fuer-den-swissinvest-fonds\\\/#primaryimage\"},\"image\":{\"@id\":\"https:\\\/\\\/www.immobilienbusiness.ch\\\/unternehmen\\\/2021-03-31\\\/kapitalerhoehung-fuer-den-swissinvest-fonds\\\/#primaryimage\"},\"thumbnailUrl\":\"https:\\\/\\\/www.immobilienbusiness.ch\\\/wp-content\\\/uploads\\\/2017\\\/01\\\/Swiss-Life-REF-Swiss-Properties-Kapitalerhoehung-erfolgreich_Immobilien_Business_News-_26012017.jpg\",\"datePublished\":\"2021-03-31T06:26:50+00:00\",\"description\":\"Um den weiteren Portfolio-Ausbau zu finanzieren, f\u00fchrt der Swissinvest Real Estate Fund eine Kapitalerh\u00f6hung im Volumen von bis zu 67,4 Millionen CHF durch.\",\"breadcrumb\":{\"@id\":\"https:\\\/\\\/www.immobilienbusiness.ch\\\/unternehmen\\\/2021-03-31\\\/kapitalerhoehung-fuer-den-swissinvest-fonds\\\/#breadcrumb\"},\"inLanguage\":\"fr-FR\",\"potentialAction\":[{\"@type\":\"ReadAction\",\"target\":[\"https:\\\/\\\/www.immobilienbusiness.ch\\\/unternehmen\\\/2021-03-31\\\/kapitalerhoehung-fuer-den-swissinvest-fonds\\\/\"]}]},{\"@type\":\"ImageObject\",\"inLanguage\":\"fr-FR\",\"@id\":\"https:\\\/\\\/www.immobilienbusiness.ch\\\/unternehmen\\\/2021-03-31\\\/kapitalerhoehung-fuer-den-swissinvest-fonds\\\/#primaryimage\",\"url\":\"https:\\\/\\\/www.immobilienbusiness.ch\\\/wp-content\\\/uploads\\\/2017\\\/01\\\/Swiss-Life-REF-Swiss-Properties-Kapitalerhoehung-erfolgreich_Immobilien_Business_News-_26012017.jpg\",\"contentUrl\":\"https:\\\/\\\/www.immobilienbusiness.ch\\\/wp-content\\\/uploads\\\/2017\\\/01\\\/Swiss-Life-REF-Swiss-Properties-Kapitalerhoehung-erfolgreich_Immobilien_Business_News-_26012017.jpg\",\"width\":1280,\"height\":853,\"caption\":\"Das Fonds-Portfolio soll einen (Foto: depositphotos)\"},{\"@type\":\"BreadcrumbList\",\"@id\":\"https:\\\/\\\/www.immobilienbusiness.ch\\\/unternehmen\\\/2021-03-31\\\/kapitalerhoehung-fuer-den-swissinvest-fonds\\\/#breadcrumb\",\"itemListElement\":[{\"@type\":\"ListItem\",\"position\":1,\"name\":\"Home\",\"item\":\"https:\\\/\\\/www.immobilienbusiness.ch\\\/\"},{\"@type\":\"ListItem\",\"position\":2,\"name\":\"Kapitalerh\u00f6hung f\u00fcr den Swissinvest-Fonds\"}]},{\"@type\":\"WebSite\",\"@id\":\"https:\\\/\\\/www.immobilienbusiness.ch\\\/#website\",\"url\":\"https:\\\/\\\/www.immobilienbusiness.ch\\\/\",\"name\":\"IMMOBILIEN Business\",\"description\":\"Unabh\u00e4ngiges Schweizer Wirtschaftsmagazin mit Fokus auf Immobilien, Architektur- und Bau sowie Investment- und Finanzierung.\",\"publisher\":{\"@id\":\"https:\\\/\\\/www.immobilienbusiness.ch\\\/#organization\"},\"potentialAction\":[{\"@type\":\"SearchAction\",\"target\":{\"@type\":\"EntryPoint\",\"urlTemplate\":\"https:\\\/\\\/www.immobilienbusiness.ch\\\/?s={search_term_string}\"},\"query-input\":{\"@type\":\"PropertyValueSpecification\",\"valueRequired\":true,\"valueName\":\"search_term_string\"}}],\"inLanguage\":\"fr-FR\"},{\"@type\":\"Organization\",\"@id\":\"https:\\\/\\\/www.immobilienbusiness.ch\\\/#organization\",\"name\":\"IMMOBILIEN Business\",\"url\":\"https:\\\/\\\/www.immobilienbusiness.ch\\\/\",\"logo\":{\"@type\":\"ImageObject\",\"inLanguage\":\"fr-FR\",\"@id\":\"https:\\\/\\\/www.immobilienbusiness.ch\\\/#\\\/schema\\\/logo\\\/image\\\/\",\"url\":\"https:\\\/\\\/www.immobilienbusiness.ch\\\/wp-content\\\/uploads\\\/2021\\\/07\\\/logo_ib.png\",\"contentUrl\":\"https:\\\/\\\/www.immobilienbusiness.ch\\\/wp-content\\\/uploads\\\/2021\\\/07\\\/logo_ib.png\",\"width\":800,\"height\":181,\"caption\":\"IMMOBILIEN Business\"},\"image\":{\"@id\":\"https:\\\/\\\/www.immobilienbusiness.ch\\\/#\\\/schema\\\/logo\\\/image\\\/\"},\"sameAs\":[\"https:\\\/\\\/www.facebook.com\\\/immobilienbusiness\\\/\"]},{\"@type\":\"Person\",\"@id\":\"https:\\\/\\\/www.immobilienbusiness.ch\\\/#\\\/schema\\\/person\\\/3fc036297b10b9f42d6db5ee932af8c8\",\"name\":\"anja.hall\",\"image\":{\"@type\":\"ImageObject\",\"inLanguage\":\"fr-FR\",\"@id\":\"https:\\\/\\\/secure.gravatar.com\\\/avatar\\\/066b5a0d447013502c71a5782f4f3469f03cfe595cc2329fb94652fe47511bfb?s=96&d=mm&r=g\",\"url\":\"https:\\\/\\\/secure.gravatar.com\\\/avatar\\\/066b5a0d447013502c71a5782f4f3469f03cfe595cc2329fb94652fe47511bfb?s=96&d=mm&r=g\",\"contentUrl\":\"https:\\\/\\\/secure.gravatar.com\\\/avatar\\\/066b5a0d447013502c71a5782f4f3469f03cfe595cc2329fb94652fe47511bfb?s=96&d=mm&r=g\",\"caption\":\"anja.hall\"},\"url\":\"https:\\\/\\\/www.immobilienbusiness.ch\\\/fr\\\/author\\\/anja-hall\\\/\"}]}<\/script>\n<!-- \/ Yoast SEO plugin. -->","yoast_head_json":{"title":"Augmentation de capital pour le fonds Swissinvest - IMMOBILIER Business","description":"Afin de financer la poursuite de l'extension de son portefeuille, le Swissinvest Real Estate Fund proc\u00e8de \u00e0 une augmentation de capital d'un volume pouvant atteindre 67,4 millions de CHF.","robots":{"index":"index","follow":"follow","max-snippet":"max-snippet:-1","max-image-preview":"max-image-preview:large","max-video-preview":"max-video-preview:-1"},"canonical":"https:\/\/www.immobilienbusiness.ch\/fr\/unternehmen\/2021-03-31\/kapitalerhoehung-fuer-den-swissinvest-fonds\/","og_locale":"fr_FR","og_type":"article","og_title":"Kapitalerh\u00f6hung f\u00fcr den Swissinvest-Fonds - IMMOBILIEN Business","og_description":"Um den weiteren Portfolio-Ausbau zu finanzieren, f\u00fchrt der Swissinvest Real Estate Fund eine Kapitalerh\u00f6hung im Volumen von bis zu 67,4 Millionen CHF durch.","og_url":"https:\/\/www.immobilienbusiness.ch\/fr\/unternehmen\/2021-03-31\/kapitalerhoehung-fuer-den-swissinvest-fonds\/","og_site_name":"IMMOBILIEN Business","article_publisher":"https:\/\/www.facebook.com\/immobilienbusiness\/","article_published_time":"2021-03-31T06:26:50+00:00","og_image":[{"width":1280,"height":853,"url":"https:\/\/www.immobilienbusiness.ch\/wp-content\/uploads\/2017\/01\/Swiss-Life-REF-Swiss-Properties-Kapitalerhoehung-erfolgreich_Immobilien_Business_News-_26012017.jpg","type":"image\/jpeg"}],"author":"anja.hall","twitter_card":"summary_large_image","twitter_image":"https:\/\/www.immobilienbusiness.ch\/wp-content\/uploads\/2017\/01\/Swiss-Life-REF-Swiss-Properties-Kapitalerhoehung-erfolgreich_Immobilien_Business_News-_26012017.jpg","schema":{"@context":"https:\/\/schema.org","@graph":[{"@type":"Article","@id":"https:\/\/www.immobilienbusiness.ch\/unternehmen\/2021-03-31\/kapitalerhoehung-fuer-den-swissinvest-fonds\/#article","isPartOf":{"@id":"https:\/\/www.immobilienbusiness.ch\/unternehmen\/2021-03-31\/kapitalerhoehung-fuer-den-swissinvest-fonds\/"},"author":{"name":"anja.hall","@id":"https:\/\/www.immobilienbusiness.ch\/#\/schema\/person\/3fc036297b10b9f42d6db5ee932af8c8"},"headline":"Kapitalerh\u00f6hung f\u00fcr den Swissinvest-Fonds","datePublished":"2021-03-31T06:26:50+00:00","mainEntityOfPage":{"@id":"https:\/\/www.immobilienbusiness.ch\/unternehmen\/2021-03-31\/kapitalerhoehung-fuer-den-swissinvest-fonds\/"},"wordCount":155,"publisher":{"@id":"https:\/\/www.immobilienbusiness.ch\/#organization"},"image":{"@id":"https:\/\/www.immobilienbusiness.ch\/unternehmen\/2021-03-31\/kapitalerhoehung-fuer-den-swissinvest-fonds\/#primaryimage"},"thumbnailUrl":"https:\/\/www.immobilienbusiness.ch\/wp-content\/uploads\/2017\/01\/Swiss-Life-REF-Swiss-Properties-Kapitalerhoehung-erfolgreich_Immobilien_Business_News-_26012017.jpg","keywords":["Immobilienfonds","Kapitalerh\u00f6hung","Pensimo"],"articleSection":["UNTERNEHMEN"],"inLanguage":"fr-FR"},{"@type":"WebPage","@id":"https:\/\/www.immobilienbusiness.ch\/unternehmen\/2021-03-31\/kapitalerhoehung-fuer-den-swissinvest-fonds\/","url":"https:\/\/www.immobilienbusiness.ch\/unternehmen\/2021-03-31\/kapitalerhoehung-fuer-den-swissinvest-fonds\/","name":"Augmentation de capital pour le fonds Swissinvest - IMMOBILIER Business","isPartOf":{"@id":"https:\/\/www.immobilienbusiness.ch\/#website"},"primaryImageOfPage":{"@id":"https:\/\/www.immobilienbusiness.ch\/unternehmen\/2021-03-31\/kapitalerhoehung-fuer-den-swissinvest-fonds\/#primaryimage"},"image":{"@id":"https:\/\/www.immobilienbusiness.ch\/unternehmen\/2021-03-31\/kapitalerhoehung-fuer-den-swissinvest-fonds\/#primaryimage"},"thumbnailUrl":"https:\/\/www.immobilienbusiness.ch\/wp-content\/uploads\/2017\/01\/Swiss-Life-REF-Swiss-Properties-Kapitalerhoehung-erfolgreich_Immobilien_Business_News-_26012017.jpg","datePublished":"2021-03-31T06:26:50+00:00","description":"Afin de financer la poursuite de l'extension de son portefeuille, le Swissinvest Real Estate Fund proc\u00e8de \u00e0 une augmentation de capital d'un volume pouvant atteindre 67,4 millions de CHF.","breadcrumb":{"@id":"https:\/\/www.immobilienbusiness.ch\/unternehmen\/2021-03-31\/kapitalerhoehung-fuer-den-swissinvest-fonds\/#breadcrumb"},"inLanguage":"fr-FR","potentialAction":[{"@type":"ReadAction","target":["https:\/\/www.immobilienbusiness.ch\/unternehmen\/2021-03-31\/kapitalerhoehung-fuer-den-swissinvest-fonds\/"]}]},{"@type":"ImageObject","inLanguage":"fr-FR","@id":"https:\/\/www.immobilienbusiness.ch\/unternehmen\/2021-03-31\/kapitalerhoehung-fuer-den-swissinvest-fonds\/#primaryimage","url":"https:\/\/www.immobilienbusiness.ch\/wp-content\/uploads\/2017\/01\/Swiss-Life-REF-Swiss-Properties-Kapitalerhoehung-erfolgreich_Immobilien_Business_News-_26012017.jpg","contentUrl":"https:\/\/www.immobilienbusiness.ch\/wp-content\/uploads\/2017\/01\/Swiss-Life-REF-Swiss-Properties-Kapitalerhoehung-erfolgreich_Immobilien_Business_News-_26012017.jpg","width":1280,"height":853,"caption":"Das Fonds-Portfolio soll einen (Foto: depositphotos)"},{"@type":"BreadcrumbList","@id":"https:\/\/www.immobilienbusiness.ch\/unternehmen\/2021-03-31\/kapitalerhoehung-fuer-den-swissinvest-fonds\/#breadcrumb","itemListElement":[{"@type":"ListItem","position":1,"name":"Home","item":"https:\/\/www.immobilienbusiness.ch\/"},{"@type":"ListItem","position":2,"name":"Kapitalerh\u00f6hung f\u00fcr den Swissinvest-Fonds"}]},{"@type":"WebSite","@id":"https:\/\/www.immobilienbusiness.ch\/#website","url":"https:\/\/www.immobilienbusiness.ch\/","name":"IMMOBILIER Business","description":"Magazine \u00e9conomique suisse ind\u00e9pendant ax\u00e9 sur l'immobilier, l'architecture et la construction ainsi que sur les investissements et le financement.","publisher":{"@id":"https:\/\/www.immobilienbusiness.ch\/#organization"},"potentialAction":[{"@type":"SearchAction","target":{"@type":"EntryPoint","urlTemplate":"https:\/\/www.immobilienbusiness.ch\/?s={search_term_string}"},"query-input":{"@type":"PropertyValueSpecification","valueRequired":true,"valueName":"search_term_string"}}],"inLanguage":"fr-FR"},{"@type":"Organization","@id":"https:\/\/www.immobilienbusiness.ch\/#organization","name":"IMMOBILIER Business","url":"https:\/\/www.immobilienbusiness.ch\/","logo":{"@type":"ImageObject","inLanguage":"fr-FR","@id":"https:\/\/www.immobilienbusiness.ch\/#\/schema\/logo\/image\/","url":"https:\/\/www.immobilienbusiness.ch\/wp-content\/uploads\/2021\/07\/logo_ib.png","contentUrl":"https:\/\/www.immobilienbusiness.ch\/wp-content\/uploads\/2021\/07\/logo_ib.png","width":800,"height":181,"caption":"IMMOBILIEN Business"},"image":{"@id":"https:\/\/www.immobilienbusiness.ch\/#\/schema\/logo\/image\/"},"sameAs":["https:\/\/www.facebook.com\/immobilienbusiness\/"]},{"@type":"Person","@id":"https:\/\/www.immobilienbusiness.ch\/#\/schema\/person\/3fc036297b10b9f42d6db5ee932af8c8","name":"anja.hall","image":{"@type":"ImageObject","inLanguage":"fr-FR","@id":"https:\/\/secure.gravatar.com\/avatar\/066b5a0d447013502c71a5782f4f3469f03cfe595cc2329fb94652fe47511bfb?s=96&d=mm&r=g","url":"https:\/\/secure.gravatar.com\/avatar\/066b5a0d447013502c71a5782f4f3469f03cfe595cc2329fb94652fe47511bfb?s=96&d=mm&r=g","contentUrl":"https:\/\/secure.gravatar.com\/avatar\/066b5a0d447013502c71a5782f4f3469f03cfe595cc2329fb94652fe47511bfb?s=96&d=mm&r=g","caption":"anja.hall"},"url":"https:\/\/www.immobilienbusiness.ch\/fr\/author\/anja-hall\/"}]}},"_links":{"self":[{"href":"https:\/\/www.immobilienbusiness.ch\/fr\/wp-json\/wp\/v2\/posts\/23850","targetHints":{"allow":["GET"]}}],"collection":[{"href":"https:\/\/www.immobilienbusiness.ch\/fr\/wp-json\/wp\/v2\/posts"}],"about":[{"href":"https:\/\/www.immobilienbusiness.ch\/fr\/wp-json\/wp\/v2\/types\/post"}],"author":[{"embeddable":true,"href":"https:\/\/www.immobilienbusiness.ch\/fr\/wp-json\/wp\/v2\/users\/3"}],"replies":[{"embeddable":true,"href":"https:\/\/www.immobilienbusiness.ch\/fr\/wp-json\/wp\/v2\/comments?post=23850"}],"version-history":[{"count":0,"href":"https:\/\/www.immobilienbusiness.ch\/fr\/wp-json\/wp\/v2\/posts\/23850\/revisions"}],"wp:featuredmedia":[{"embeddable":true,"href":"https:\/\/www.immobilienbusiness.ch\/fr\/wp-json\/wp\/v2\/media\/6030"}],"wp:attachment":[{"href":"https:\/\/www.immobilienbusiness.ch\/fr\/wp-json\/wp\/v2\/media?parent=23850"}],"wp:term":[{"taxonomy":"category","embeddable":true,"href":"https:\/\/www.immobilienbusiness.ch\/fr\/wp-json\/wp\/v2\/categories?post=23850"},{"taxonomy":"post_tag","embeddable":true,"href":"https:\/\/www.immobilienbusiness.ch\/fr\/wp-json\/wp\/v2\/tags?post=23850"}],"curies":[{"name":"wp","href":"https:\/\/api.w.org\/{rel}","templated":true}]}}