{"id":2381,"date":"2016-02-26T07:00:55","date_gmt":"2016-02-26T06:00:55","guid":{"rendered":"http:\/\/dev.immobilienbusiness.ch\/?p=2381"},"modified":"2016-02-26T07:00:55","modified_gmt":"2016-02-26T06:00:55","slug":"starke-dynamik-bei-neuen-projektierungen","status":"publish","type":"post","link":"https:\/\/www.immobilienbusiness.ch\/fr\/regionen\/2016-02-26\/starke-dynamik-bei-neuen-projektierungen\/","title":{"rendered":"Forte dynamique dans la planification de nouveaux projets"},"content":{"rendered":"<figure id=\"attachment_2382\" aria-describedby=\"caption-attachment-2382\" style=\"width: 680px\" class=\"wp-caption alignnone\"><img loading=\"lazy\" decoding=\"async\" class=\"size-medium wp-image-2382\" src=\"https:\/\/immobilienbusiness.ch\/wp-content\/uploads\/2016\/12\/Starke-Dynamik-bei-neuen-Projektierungen-immobilien-business.jpg\" alt=\"Die Projektierungst\u00e4tigkeit in der Schweiz liegt wieder deutlich \u00fcber dem Zehn-Jahre-Durchschnitt (Foto: pixabay)\" width=\"680\" height=\"453\" srcset=\"https:\/\/www.immobilienbusiness.ch\/wp-content\/uploads\/2016\/12\/Starke-Dynamik-bei-neuen-Projektierungen-immobilien-business.jpg 1920w, https:\/\/www.immobilienbusiness.ch\/wp-content\/uploads\/2016\/12\/Starke-Dynamik-bei-neuen-Projektierungen-immobilien-business-300x200.jpg 300w, https:\/\/www.immobilienbusiness.ch\/wp-content\/uploads\/2016\/12\/Starke-Dynamik-bei-neuen-Projektierungen-immobilien-business-1024x683.jpg 1024w, https:\/\/www.immobilienbusiness.ch\/wp-content\/uploads\/2016\/12\/Starke-Dynamik-bei-neuen-Projektierungen-immobilien-business-768x512.jpg 768w, https:\/\/www.immobilienbusiness.ch\/wp-content\/uploads\/2016\/12\/Starke-Dynamik-bei-neuen-Projektierungen-immobilien-business-1536x1024.jpg 1536w, https:\/\/www.immobilienbusiness.ch\/wp-content\/uploads\/2016\/12\/Starke-Dynamik-bei-neuen-Projektierungen-immobilien-business-16x12.jpg 16w, https:\/\/www.immobilienbusiness.ch\/wp-content\/uploads\/2016\/12\/Starke-Dynamik-bei-neuen-Projektierungen-immobilien-business-263x175.jpg 263w, https:\/\/www.immobilienbusiness.ch\/wp-content\/uploads\/2016\/12\/Starke-Dynamik-bei-neuen-Projektierungen-immobilien-business-525x350.jpg 525w, https:\/\/www.immobilienbusiness.ch\/wp-content\/uploads\/2016\/12\/Starke-Dynamik-bei-neuen-Projektierungen-immobilien-business-1200x800.jpg 1200w, https:\/\/www.immobilienbusiness.ch\/wp-content\/uploads\/2016\/12\/Starke-Dynamik-bei-neuen-Projektierungen-immobilien-business-920x613.jpg 920w, https:\/\/www.immobilienbusiness.ch\/wp-content\/uploads\/2016\/12\/Starke-Dynamik-bei-neuen-Projektierungen-immobilien-business-1400x933.jpg 1400w\" sizes=\"auto, (max-width: 680px) 100vw, 680px\" \/><figcaption id=\"caption-attachment-2382\" class=\"wp-caption-text\">L'activit\u00e9 de projet en Suisse est \u00e0 nouveau nettement sup\u00e9rieure \u00e0 la moyenne des dix derni\u00e8res ann\u00e9es (photo : pixabay)<\/figcaption><\/figure>\n<p>Selon Credit Suisse Economic Research, un nombre sup\u00e9rieur \u00e0 la moyenne de nouveaux projets est pr\u00e9vu notamment le long du pied sud du Jura, dans le canton de Fribourg, \u00e0 B\u00e2le, dans certaines parties de la Suisse centrale, en Argovie et dans la r\u00e9gion de Winterthour. Une activit\u00e9 de projet inf\u00e9rieure \u00e0 la moyenne est constat\u00e9e dans 53 des 110 r\u00e9gions \u00e9conomiques, soit dans pr\u00e8s de la moiti\u00e9 d'entre elles. L'espace alpin, qui reste marqu\u00e9 par la loi sur les r\u00e9sidences secondaires, est toujours en t\u00eate de liste. Viennent ensuite les r\u00e9gions situ\u00e9es le long des lacs de Zurich et de Constance ainsi que les agglom\u00e9rations de Gen\u00e8ve et de Berne.<\/p>\n<p>La tendance \u00e0 la construction de logements locatifs se poursuit en Suisse. Selon le Credit Suisse, ces derniers devraient repr\u00e9senter plus de 50% des nouvelles constructions de logements en 2016. Apr\u00e8s un net recul en 2012 et 2013, l'activit\u00e9 de projet pour les surfaces de bureaux est \u00e0 nouveau en l\u00e9g\u00e8re hausse et - par rapport \u00e0 l'offre exc\u00e9dentaire, notamment \u00e0 Gen\u00e8ve et Zurich - encore trop \u00e9lev\u00e9e en de nombreux endroits, \u00e9crivent les experts du march\u00e9 de Credit Suisse Economic Research. (mr)<\/p>","protected":false},"excerpt":{"rendered":"<p>A l'\u00e9chelle de la Suisse, l'activit\u00e9 de projet des six derniers mois, avec un volume de 19,1 milliards de francs, \u00e9tait sup\u00e9rieure de 7,5% \u00e0 la moyenne des dix derni\u00e8res ann\u00e9es. La derni\u00e8re fois qu'une dynamique aussi forte a \u00e9t\u00e9 observ\u00e9e, c'\u00e9tait \u00e0 la mi-2013. C'est ce qui ressort du dernier rapport trimestriel \"Indice de la construction en Suisse\" de Credit Suisse Economic Research.<\/p>","protected":false},"author":1,"featured_media":2382,"comment_status":"open","ping_status":"open","sticky":false,"template":"","format":"standard","meta":{"_acf_changed":false,"_yoast_wpseo_focuskw":"Projektierung Schweiz","_yoast_wpseo_title":"Projektierung Schweiz: Starke Dynamik bei neuen Bauvorhaben","_yoast_wpseo_metadesc":"Angesichts steigender Projektierungst\u00e4tigkeit in der Schweiz bleibt der Bau- und Immobilienmarkt im Fokus der Wirtschaftsforschung.","_yoast_wpseo_linkdex":53,"pgc_sgb_lightbox_settings":"","footnotes":""},"categories":[985],"tags":[1069,1091,1205,1260,1334,1438,1456,1459,1529,1546,1629,1775,1852,1873,1888],"class_list":["post-2381","post","type-post","status-publish","format-standard","has-post-thumbnail","hentry","category-regionen","tag-basel","tag-bern","tag-espace-mittelland","tag-genf","tag-immobilien-investitionen","tag-lausanne","tag-lugano","tag-luzern","tag-nord-west-schweiz","tag-ost-schweiz","tag-regionen","tag-tessin","tag-west-schweiz","tag-zentral-schweiz","tag-zuerich"],"acf":[],"yoast_head":"<!-- This site is optimized with the Yoast SEO plugin v27.4 - https:\/\/yoast.com\/product\/yoast-seo-wordpress\/ -->\n<title>Projektierung Schweiz: Starke Dynamik bei neuen Bauvorhaben<\/title>\n<meta name=\"description\" content=\"Angesichts steigender Projektierungst\u00e4tigkeit in der Schweiz bleibt der Bau- und Immobilienmarkt im Fokus der Wirtschaftsforschung.\" \/>\n<meta name=\"robots\" content=\"index, follow, max-snippet:-1, max-image-preview:large, max-video-preview:-1\" \/>\n<link rel=\"canonical\" href=\"https:\/\/www.immobilienbusiness.ch\/fr\/regionen\/2016-02-26\/starke-dynamik-bei-neuen-projektierungen\/\" \/>\n<meta property=\"og:locale\" content=\"fr_FR\" \/>\n<meta property=\"og:type\" content=\"article\" \/>\n<meta property=\"og:title\" content=\"Starke Dynamik bei neuen Projektierungen\" \/>\n<meta property=\"og:description\" content=\"Schweizweit lag die Projektierungst\u00e4tigkeit in den vergangenen sechs Monaten mit einem Volumen von 19.1 Milliarden Franken 7.5% \u00fcber dem Durchschnitt der letzten zehn Jahre. Eine \u00e4hnlich starke Dynamik war zuletzt Mitte 2013 zu beobachten. Dies geht aus dem aktuellen Quartalsbericht \u00abBauindex Schweiz\u00bb von Credit Suisse Economic Research hervor.\" \/>\n<meta property=\"og:url\" content=\"https:\/\/www.immobilienbusiness.ch\/fr\/regionen\/2016-02-26\/starke-dynamik-bei-neuen-projektierungen\/\" \/>\n<meta property=\"og:site_name\" content=\"IMMOBILIEN Business\" \/>\n<meta property=\"article:publisher\" content=\"https:\/\/www.facebook.com\/immobilienbusiness\/\" \/>\n<meta property=\"article:published_time\" content=\"2016-02-26T06:00:55+00:00\" \/>\n<meta name=\"author\" content=\"Redaktion\" \/>\n<meta name=\"twitter:card\" content=\"summary_large_image\" \/>\n<meta name=\"twitter:image\" content=\"https:\/\/www.immobilienbusiness.ch\/wp-content\/uploads\/2016\/12\/Starke-Dynamik-bei-neuen-Projektierungen-immobilien-business.jpg\" \/>\n<script type=\"application\/ld+json\" class=\"yoast-schema-graph\">{\"@context\":\"https:\\\/\\\/schema.org\",\"@graph\":[{\"@type\":\"Article\",\"@id\":\"https:\\\/\\\/www.immobilienbusiness.ch\\\/regionen\\\/2016-02-26\\\/starke-dynamik-bei-neuen-projektierungen\\\/#article\",\"isPartOf\":{\"@id\":\"https:\\\/\\\/www.immobilienbusiness.ch\\\/regionen\\\/2016-02-26\\\/starke-dynamik-bei-neuen-projektierungen\\\/\"},\"author\":{\"name\":\"Redaktion\",\"@id\":\"https:\\\/\\\/www.immobilienbusiness.ch\\\/#\\\/schema\\\/person\\\/aa2bace6c5c5aad60102004a50c4eb1c\"},\"headline\":\"Starke Dynamik bei neuen Projektierungen\",\"datePublished\":\"2016-02-26T06:00:55+00:00\",\"mainEntityOfPage\":{\"@id\":\"https:\\\/\\\/www.immobilienbusiness.ch\\\/regionen\\\/2016-02-26\\\/starke-dynamik-bei-neuen-projektierungen\\\/\"},\"wordCount\":181,\"commentCount\":0,\"publisher\":{\"@id\":\"https:\\\/\\\/www.immobilienbusiness.ch\\\/#organization\"},\"image\":{\"@id\":\"https:\\\/\\\/www.immobilienbusiness.ch\\\/regionen\\\/2016-02-26\\\/starke-dynamik-bei-neuen-projektierungen\\\/#primaryimage\"},\"thumbnailUrl\":\"https:\\\/\\\/www.immobilienbusiness.ch\\\/wp-content\\\/uploads\\\/2016\\\/12\\\/Starke-Dynamik-bei-neuen-Projektierungen-immobilien-business.jpg\",\"keywords\":[\"Basel\",\"Bern\",\"Espace Mittelland\",\"Genf\",\"Immobilien-Investitionen\",\"Lausanne\",\"Lugano\",\"Luzern\",\"Nord-West-Schweiz\",\"Ost-Schweiz\",\"Regionen\",\"Tessin\",\"West-Schweiz\",\"Zentral-Schweiz\",\"Z\u00fcrich\"],\"articleSection\":[\"REGIONEN\"],\"inLanguage\":\"fr-FR\"},{\"@type\":\"WebPage\",\"@id\":\"https:\\\/\\\/www.immobilienbusiness.ch\\\/regionen\\\/2016-02-26\\\/starke-dynamik-bei-neuen-projektierungen\\\/\",\"url\":\"https:\\\/\\\/www.immobilienbusiness.ch\\\/regionen\\\/2016-02-26\\\/starke-dynamik-bei-neuen-projektierungen\\\/\",\"name\":\"Projektierung Schweiz: Starke Dynamik bei neuen Bauvorhaben\",\"isPartOf\":{\"@id\":\"https:\\\/\\\/www.immobilienbusiness.ch\\\/#website\"},\"primaryImageOfPage\":{\"@id\":\"https:\\\/\\\/www.immobilienbusiness.ch\\\/regionen\\\/2016-02-26\\\/starke-dynamik-bei-neuen-projektierungen\\\/#primaryimage\"},\"image\":{\"@id\":\"https:\\\/\\\/www.immobilienbusiness.ch\\\/regionen\\\/2016-02-26\\\/starke-dynamik-bei-neuen-projektierungen\\\/#primaryimage\"},\"thumbnailUrl\":\"https:\\\/\\\/www.immobilienbusiness.ch\\\/wp-content\\\/uploads\\\/2016\\\/12\\\/Starke-Dynamik-bei-neuen-Projektierungen-immobilien-business.jpg\",\"datePublished\":\"2016-02-26T06:00:55+00:00\",\"description\":\"Angesichts steigender Projektierungst\u00e4tigkeit in der Schweiz bleibt der Bau- und Immobilienmarkt im Fokus der Wirtschaftsforschung.\",\"breadcrumb\":{\"@id\":\"https:\\\/\\\/www.immobilienbusiness.ch\\\/regionen\\\/2016-02-26\\\/starke-dynamik-bei-neuen-projektierungen\\\/#breadcrumb\"},\"inLanguage\":\"fr-FR\",\"potentialAction\":[{\"@type\":\"ReadAction\",\"target\":[\"https:\\\/\\\/www.immobilienbusiness.ch\\\/regionen\\\/2016-02-26\\\/starke-dynamik-bei-neuen-projektierungen\\\/\"]}]},{\"@type\":\"ImageObject\",\"inLanguage\":\"fr-FR\",\"@id\":\"https:\\\/\\\/www.immobilienbusiness.ch\\\/regionen\\\/2016-02-26\\\/starke-dynamik-bei-neuen-projektierungen\\\/#primaryimage\",\"url\":\"https:\\\/\\\/www.immobilienbusiness.ch\\\/wp-content\\\/uploads\\\/2016\\\/12\\\/Starke-Dynamik-bei-neuen-Projektierungen-immobilien-business.jpg\",\"contentUrl\":\"https:\\\/\\\/www.immobilienbusiness.ch\\\/wp-content\\\/uploads\\\/2016\\\/12\\\/Starke-Dynamik-bei-neuen-Projektierungen-immobilien-business.jpg\",\"width\":1920,\"height\":1280,\"caption\":\"Die Projektierungst\u00e4tigkeit in der Schweiz liegt wieder deutlich \u00fcber dem Zehn-Jahre-Durchschnitt (Foto: pixabay)\"},{\"@type\":\"BreadcrumbList\",\"@id\":\"https:\\\/\\\/www.immobilienbusiness.ch\\\/regionen\\\/2016-02-26\\\/starke-dynamik-bei-neuen-projektierungen\\\/#breadcrumb\",\"itemListElement\":[{\"@type\":\"ListItem\",\"position\":1,\"name\":\"Home\",\"item\":\"https:\\\/\\\/www.immobilienbusiness.ch\\\/\"},{\"@type\":\"ListItem\",\"position\":2,\"name\":\"Starke Dynamik bei neuen Projektierungen\"}]},{\"@type\":\"WebSite\",\"@id\":\"https:\\\/\\\/www.immobilienbusiness.ch\\\/#website\",\"url\":\"https:\\\/\\\/www.immobilienbusiness.ch\\\/\",\"name\":\"IMMOBILIEN Business\",\"description\":\"Unabh\u00e4ngiges Schweizer Wirtschaftsmagazin mit Fokus auf Immobilien, Architektur- und Bau sowie Investment- und Finanzierung.\",\"publisher\":{\"@id\":\"https:\\\/\\\/www.immobilienbusiness.ch\\\/#organization\"},\"potentialAction\":[{\"@type\":\"SearchAction\",\"target\":{\"@type\":\"EntryPoint\",\"urlTemplate\":\"https:\\\/\\\/www.immobilienbusiness.ch\\\/?s={search_term_string}\"},\"query-input\":{\"@type\":\"PropertyValueSpecification\",\"valueRequired\":true,\"valueName\":\"search_term_string\"}}],\"inLanguage\":\"fr-FR\"},{\"@type\":\"Organization\",\"@id\":\"https:\\\/\\\/www.immobilienbusiness.ch\\\/#organization\",\"name\":\"IMMOBILIEN Business\",\"url\":\"https:\\\/\\\/www.immobilienbusiness.ch\\\/\",\"logo\":{\"@type\":\"ImageObject\",\"inLanguage\":\"fr-FR\",\"@id\":\"https:\\\/\\\/www.immobilienbusiness.ch\\\/#\\\/schema\\\/logo\\\/image\\\/\",\"url\":\"https:\\\/\\\/www.immobilienbusiness.ch\\\/wp-content\\\/uploads\\\/2021\\\/07\\\/logo_ib.png\",\"contentUrl\":\"https:\\\/\\\/www.immobilienbusiness.ch\\\/wp-content\\\/uploads\\\/2021\\\/07\\\/logo_ib.png\",\"width\":800,\"height\":181,\"caption\":\"IMMOBILIEN Business\"},\"image\":{\"@id\":\"https:\\\/\\\/www.immobilienbusiness.ch\\\/#\\\/schema\\\/logo\\\/image\\\/\"},\"sameAs\":[\"https:\\\/\\\/www.facebook.com\\\/immobilienbusiness\\\/\"]},{\"@type\":\"Person\",\"@id\":\"https:\\\/\\\/www.immobilienbusiness.ch\\\/#\\\/schema\\\/person\\\/aa2bace6c5c5aad60102004a50c4eb1c\",\"name\":\"Redaktion\",\"image\":{\"@type\":\"ImageObject\",\"inLanguage\":\"fr-FR\",\"@id\":\"https:\\\/\\\/secure.gravatar.com\\\/avatar\\\/ae2f4d718e6c49043e314ce431e7e645d646302a24a5ef5a8bc8e3f5a032e319?s=96&d=mm&r=g\",\"url\":\"https:\\\/\\\/secure.gravatar.com\\\/avatar\\\/ae2f4d718e6c49043e314ce431e7e645d646302a24a5ef5a8bc8e3f5a032e319?s=96&d=mm&r=g\",\"contentUrl\":\"https:\\\/\\\/secure.gravatar.com\\\/avatar\\\/ae2f4d718e6c49043e314ce431e7e645d646302a24a5ef5a8bc8e3f5a032e319?s=96&d=mm&r=g\",\"caption\":\"Redaktion\"},\"sameAs\":[\"http:\\\/\\\/develop.organisator.galledia.ch\"],\"url\":\"https:\\\/\\\/www.immobilienbusiness.ch\\\/fr\\\/author\\\/admin\\\/\"}]}<\/script>\n<!-- \/ Yoast SEO plugin. -->","yoast_head_json":{"title":"Projektierung Schweiz: Starke Dynamik bei neuen Bauvorhaben","description":"Angesichts steigender Projektierungst\u00e4tigkeit in der Schweiz bleibt der Bau- und Immobilienmarkt im Fokus der Wirtschaftsforschung.","robots":{"index":"index","follow":"follow","max-snippet":"max-snippet:-1","max-image-preview":"max-image-preview:large","max-video-preview":"max-video-preview:-1"},"canonical":"https:\/\/www.immobilienbusiness.ch\/fr\/regionen\/2016-02-26\/starke-dynamik-bei-neuen-projektierungen\/","og_locale":"fr_FR","og_type":"article","og_title":"Starke Dynamik bei neuen Projektierungen","og_description":"Schweizweit lag die Projektierungst\u00e4tigkeit in den vergangenen sechs Monaten mit einem Volumen von 19.1 Milliarden Franken 7.5% \u00fcber dem Durchschnitt der letzten zehn Jahre. Eine \u00e4hnlich starke Dynamik war zuletzt Mitte 2013 zu beobachten. Dies geht aus dem aktuellen Quartalsbericht \u00abBauindex Schweiz\u00bb von Credit Suisse Economic Research hervor.","og_url":"https:\/\/www.immobilienbusiness.ch\/fr\/regionen\/2016-02-26\/starke-dynamik-bei-neuen-projektierungen\/","og_site_name":"IMMOBILIEN Business","article_publisher":"https:\/\/www.facebook.com\/immobilienbusiness\/","article_published_time":"2016-02-26T06:00:55+00:00","author":"Redaktion","twitter_card":"summary_large_image","twitter_image":"https:\/\/www.immobilienbusiness.ch\/wp-content\/uploads\/2016\/12\/Starke-Dynamik-bei-neuen-Projektierungen-immobilien-business.jpg","schema":{"@context":"https:\/\/schema.org","@graph":[{"@type":"Article","@id":"https:\/\/www.immobilienbusiness.ch\/regionen\/2016-02-26\/starke-dynamik-bei-neuen-projektierungen\/#article","isPartOf":{"@id":"https:\/\/www.immobilienbusiness.ch\/regionen\/2016-02-26\/starke-dynamik-bei-neuen-projektierungen\/"},"author":{"name":"Redaktion","@id":"https:\/\/www.immobilienbusiness.ch\/#\/schema\/person\/aa2bace6c5c5aad60102004a50c4eb1c"},"headline":"Starke Dynamik bei neuen Projektierungen","datePublished":"2016-02-26T06:00:55+00:00","mainEntityOfPage":{"@id":"https:\/\/www.immobilienbusiness.ch\/regionen\/2016-02-26\/starke-dynamik-bei-neuen-projektierungen\/"},"wordCount":181,"commentCount":0,"publisher":{"@id":"https:\/\/www.immobilienbusiness.ch\/#organization"},"image":{"@id":"https:\/\/www.immobilienbusiness.ch\/regionen\/2016-02-26\/starke-dynamik-bei-neuen-projektierungen\/#primaryimage"},"thumbnailUrl":"https:\/\/www.immobilienbusiness.ch\/wp-content\/uploads\/2016\/12\/Starke-Dynamik-bei-neuen-Projektierungen-immobilien-business.jpg","keywords":["Basel","Bern","Espace Mittelland","Genf","Immobilien-Investitionen","Lausanne","Lugano","Luzern","Nord-West-Schweiz","Ost-Schweiz","Regionen","Tessin","West-Schweiz","Zentral-Schweiz","Z\u00fcrich"],"articleSection":["REGIONEN"],"inLanguage":"fr-FR"},{"@type":"WebPage","@id":"https:\/\/www.immobilienbusiness.ch\/regionen\/2016-02-26\/starke-dynamik-bei-neuen-projektierungen\/","url":"https:\/\/www.immobilienbusiness.ch\/regionen\/2016-02-26\/starke-dynamik-bei-neuen-projektierungen\/","name":"Projektierung Schweiz: Starke Dynamik bei neuen Bauvorhaben","isPartOf":{"@id":"https:\/\/www.immobilienbusiness.ch\/#website"},"primaryImageOfPage":{"@id":"https:\/\/www.immobilienbusiness.ch\/regionen\/2016-02-26\/starke-dynamik-bei-neuen-projektierungen\/#primaryimage"},"image":{"@id":"https:\/\/www.immobilienbusiness.ch\/regionen\/2016-02-26\/starke-dynamik-bei-neuen-projektierungen\/#primaryimage"},"thumbnailUrl":"https:\/\/www.immobilienbusiness.ch\/wp-content\/uploads\/2016\/12\/Starke-Dynamik-bei-neuen-Projektierungen-immobilien-business.jpg","datePublished":"2016-02-26T06:00:55+00:00","description":"Angesichts steigender Projektierungst\u00e4tigkeit in der Schweiz bleibt der Bau- und Immobilienmarkt im Fokus der Wirtschaftsforschung.","breadcrumb":{"@id":"https:\/\/www.immobilienbusiness.ch\/regionen\/2016-02-26\/starke-dynamik-bei-neuen-projektierungen\/#breadcrumb"},"inLanguage":"fr-FR","potentialAction":[{"@type":"ReadAction","target":["https:\/\/www.immobilienbusiness.ch\/regionen\/2016-02-26\/starke-dynamik-bei-neuen-projektierungen\/"]}]},{"@type":"ImageObject","inLanguage":"fr-FR","@id":"https:\/\/www.immobilienbusiness.ch\/regionen\/2016-02-26\/starke-dynamik-bei-neuen-projektierungen\/#primaryimage","url":"https:\/\/www.immobilienbusiness.ch\/wp-content\/uploads\/2016\/12\/Starke-Dynamik-bei-neuen-Projektierungen-immobilien-business.jpg","contentUrl":"https:\/\/www.immobilienbusiness.ch\/wp-content\/uploads\/2016\/12\/Starke-Dynamik-bei-neuen-Projektierungen-immobilien-business.jpg","width":1920,"height":1280,"caption":"Die Projektierungst\u00e4tigkeit in der Schweiz liegt wieder deutlich \u00fcber dem Zehn-Jahre-Durchschnitt (Foto: pixabay)"},{"@type":"BreadcrumbList","@id":"https:\/\/www.immobilienbusiness.ch\/regionen\/2016-02-26\/starke-dynamik-bei-neuen-projektierungen\/#breadcrumb","itemListElement":[{"@type":"ListItem","position":1,"name":"Home","item":"https:\/\/www.immobilienbusiness.ch\/"},{"@type":"ListItem","position":2,"name":"Starke Dynamik bei neuen Projektierungen"}]},{"@type":"WebSite","@id":"https:\/\/www.immobilienbusiness.ch\/#website","url":"https:\/\/www.immobilienbusiness.ch\/","name":"IMMOBILIER Business","description":"Magazine \u00e9conomique suisse ind\u00e9pendant ax\u00e9 sur l'immobilier, l'architecture et la construction ainsi que sur les investissements et le financement.","publisher":{"@id":"https:\/\/www.immobilienbusiness.ch\/#organization"},"potentialAction":[{"@type":"SearchAction","target":{"@type":"EntryPoint","urlTemplate":"https:\/\/www.immobilienbusiness.ch\/?s={search_term_string}"},"query-input":{"@type":"PropertyValueSpecification","valueRequired":true,"valueName":"search_term_string"}}],"inLanguage":"fr-FR"},{"@type":"Organization","@id":"https:\/\/www.immobilienbusiness.ch\/#organization","name":"IMMOBILIER Business","url":"https:\/\/www.immobilienbusiness.ch\/","logo":{"@type":"ImageObject","inLanguage":"fr-FR","@id":"https:\/\/www.immobilienbusiness.ch\/#\/schema\/logo\/image\/","url":"https:\/\/www.immobilienbusiness.ch\/wp-content\/uploads\/2021\/07\/logo_ib.png","contentUrl":"https:\/\/www.immobilienbusiness.ch\/wp-content\/uploads\/2021\/07\/logo_ib.png","width":800,"height":181,"caption":"IMMOBILIEN Business"},"image":{"@id":"https:\/\/www.immobilienbusiness.ch\/#\/schema\/logo\/image\/"},"sameAs":["https:\/\/www.facebook.com\/immobilienbusiness\/"]},{"@type":"Person","@id":"https:\/\/www.immobilienbusiness.ch\/#\/schema\/person\/aa2bace6c5c5aad60102004a50c4eb1c","name":"Editorial","image":{"@type":"ImageObject","inLanguage":"fr-FR","@id":"https:\/\/secure.gravatar.com\/avatar\/ae2f4d718e6c49043e314ce431e7e645d646302a24a5ef5a8bc8e3f5a032e319?s=96&d=mm&r=g","url":"https:\/\/secure.gravatar.com\/avatar\/ae2f4d718e6c49043e314ce431e7e645d646302a24a5ef5a8bc8e3f5a032e319?s=96&d=mm&r=g","contentUrl":"https:\/\/secure.gravatar.com\/avatar\/ae2f4d718e6c49043e314ce431e7e645d646302a24a5ef5a8bc8e3f5a032e319?s=96&d=mm&r=g","caption":"Redaktion"},"sameAs":["http:\/\/develop.organisator.galledia.ch"],"url":"https:\/\/www.immobilienbusiness.ch\/fr\/author\/admin\/"}]}},"_links":{"self":[{"href":"https:\/\/www.immobilienbusiness.ch\/fr\/wp-json\/wp\/v2\/posts\/2381","targetHints":{"allow":["GET"]}}],"collection":[{"href":"https:\/\/www.immobilienbusiness.ch\/fr\/wp-json\/wp\/v2\/posts"}],"about":[{"href":"https:\/\/www.immobilienbusiness.ch\/fr\/wp-json\/wp\/v2\/types\/post"}],"author":[{"embeddable":true,"href":"https:\/\/www.immobilienbusiness.ch\/fr\/wp-json\/wp\/v2\/users\/1"}],"replies":[{"embeddable":true,"href":"https:\/\/www.immobilienbusiness.ch\/fr\/wp-json\/wp\/v2\/comments?post=2381"}],"version-history":[{"count":0,"href":"https:\/\/www.immobilienbusiness.ch\/fr\/wp-json\/wp\/v2\/posts\/2381\/revisions"}],"wp:featuredmedia":[{"embeddable":true,"href":"https:\/\/www.immobilienbusiness.ch\/fr\/wp-json\/wp\/v2\/media\/2382"}],"wp:attachment":[{"href":"https:\/\/www.immobilienbusiness.ch\/fr\/wp-json\/wp\/v2\/media?parent=2381"}],"wp:term":[{"taxonomy":"category","embeddable":true,"href":"https:\/\/www.immobilienbusiness.ch\/fr\/wp-json\/wp\/v2\/categories?post=2381"},{"taxonomy":"post_tag","embeddable":true,"href":"https:\/\/www.immobilienbusiness.ch\/fr\/wp-json\/wp\/v2\/tags?post=2381"}],"curies":[{"name":"wp","href":"https:\/\/api.w.org\/{rel}","templated":true}]}}