{"id":23793,"date":"2021-03-25T08:03:21","date_gmt":"2021-03-25T07:03:21","guid":{"rendered":"https:\/\/www.immobilienbusiness.ch\/?p=23793"},"modified":"2023-08-09T19:28:26","modified_gmt":"2023-08-09T17:28:26","slug":"cs-ref-global-abverkauf-der-immobilien-startet-im-april","status":"publish","type":"post","link":"https:\/\/www.immobilienbusiness.ch\/fr\/unternehmen\/2021-03-25\/cs-ref-global-abverkauf-der-immobilien-startet-im-april\/","title":{"rendered":"CS REF Global : les ventes de biens immobiliers d\u00e9butent en avril"},"content":{"rendered":"<figure id=\"attachment_15182\" aria-describedby=\"caption-attachment-15182\" style=\"width: 300px\" class=\"wp-caption alignnone\"><img loading=\"lazy\" decoding=\"async\" class=\"wp-image-15182 size-medium\" src=\"https:\/\/www.immobilienbusiness.ch\/wp-content\/uploads\/2018\/12\/Depositphotos_80147336_m-2015-300x200.jpg\" alt=\"CS REF Global\" width=\"300\" height=\"200\" srcset=\"https:\/\/www.immobilienbusiness.ch\/wp-content\/uploads\/2018\/12\/Depositphotos_80147336_m-2015-300x200.jpg 300w, https:\/\/www.immobilienbusiness.ch\/wp-content\/uploads\/2018\/12\/Depositphotos_80147336_m-2015-768x513.jpg 768w, https:\/\/www.immobilienbusiness.ch\/wp-content\/uploads\/2018\/12\/Depositphotos_80147336_m-2015-16x12.jpg 16w, https:\/\/www.immobilienbusiness.ch\/wp-content\/uploads\/2018\/12\/Depositphotos_80147336_m-2015-262x175.jpg 262w, https:\/\/www.immobilienbusiness.ch\/wp-content\/uploads\/2018\/12\/Depositphotos_80147336_m-2015-524x350.jpg 524w, https:\/\/www.immobilienbusiness.ch\/wp-content\/uploads\/2018\/12\/Depositphotos_80147336_m-2015-920x614.jpg 920w, https:\/\/www.immobilienbusiness.ch\/wp-content\/uploads\/2018\/12\/Depositphotos_80147336_m-2015.jpg 999w\" sizes=\"auto, (max-width: 300px) 100vw, 300px\" \/><figcaption id=\"caption-attachment-15182\" class=\"wp-caption-text\">CS REF Global sera dissous et ses propri\u00e9t\u00e9s vendues (Image : stockasso - depositphotos)<\/figcaption><\/figure>\n<p>En raison du faible volume de transactions de CS REF Global, une d\u00e9cote de plus de 20% s'est constitu\u00e9e dans les transactions du fonds sur le march\u00e9 secondaire au cours de l'exercice 2020 - dans le cadre des corrections du march\u00e9 Covid-19, indique Credit Suisse Asset Management. Cette \u00e9volution va \u00e0 l'encontre de \"l'emplacement fondamentalement bon et de la qualit\u00e9 des biens du portefeuille immobilier sous-jacent\", ce qui explique qu'un des objectifs de l'Union europ\u00e9enne est d'am\u00e9liorer la qualit\u00e9 de ses services. <a href=\"https:\/\/www.immobilienbusiness.ch\/fr\/cs-ref-global-wird-aufgeloest\/\">\u00e0 la fin de l'ann\u00e9e 2020 a d\u00e9cid\u00e9 de r\u00e9silier le contrat du fonds au 31 d\u00e9cembre 2020 et d'engager la dissolution du fonds.<\/a><\/p>\n<p>Dans l'ensemble, l'exercice 2020 s'est bien d\u00e9roul\u00e9, selon le Credit Suisse Asset Management. La valeur de march\u00e9 des douze immeubles a l\u00e9g\u00e8rement baiss\u00e9 \u00e0 377,8 millions (ann\u00e9e pr\u00e9c\u00e9dente : 381,4 millions), les diff\u00e9rents immeubles pr\u00e9sentant des variations de valeur tr\u00e8s diff\u00e9rentes.<\/p>\n<p>Le taux de d\u00e9faut de paiement des loyers de CS REF Global a sensiblement diminu\u00e9 l'ann\u00e9e pr\u00e9c\u00e9dente, passant de 8,8% \u00e0 4,7%. Le b\u00e9n\u00e9fice net a l\u00e9g\u00e8rement diminu\u00e9, passant de 10,2 millions de francs \u00e0 10,0 millions de francs. La distribution reste constante \u00e0 3,40 CHF par unit\u00e9. <em>(ah)<\/em><\/p>","protected":false},"excerpt":{"rendered":"<p>La direction du Credit Suisse Real Estate Fund Global, qui est en liquidation, a l'intention de commencer \u00e0 vendre les propri\u00e9t\u00e9s \u00e0 la mi-avril. Le fonds d\u00e9tient un total de douze propri\u00e9t\u00e9s.<\/p>","protected":false},"author":3,"featured_media":15182,"comment_status":"closed","ping_status":"closed","sticky":false,"template":"","format":"standard","meta":{"_acf_changed":false,"_yoast_wpseo_focuskw":"CS REF Global","_yoast_wpseo_title":"","_yoast_wpseo_metadesc":"Die Fondsleitung des in Liquidation befindlichen Credit Suisse Real Estate Fund Global will Mitte April mit dem Abverkauf der Liegenschaften beginnen.","_yoast_wpseo_linkdex":42,"pgc_sgb_lightbox_settings":"","footnotes":""},"categories":[988],"tags":[1146,1344,1826],"class_list":["post-23793","post","type-post","status-publish","format-standard","has-post-thumbnail","hentry","category-unternehmen","tag-credit-suisse","tag-immobilienfonds","tag-verfue"],"acf":[],"yoast_head":"<!-- This site is optimized with the Yoast SEO plugin v27.4 - https:\/\/yoast.com\/product\/yoast-seo-wordpress\/ -->\n<title>CS REF Global: Abverkauf der Immobilien startet im April - IMMOBILIEN Business<\/title>\n<meta name=\"description\" content=\"Die Fondsleitung des in Liquidation befindlichen Credit Suisse Real Estate Fund Global will Mitte April mit dem Abverkauf der Liegenschaften beginnen.\" \/>\n<meta name=\"robots\" content=\"index, follow, max-snippet:-1, max-image-preview:large, max-video-preview:-1\" \/>\n<link rel=\"canonical\" href=\"https:\/\/www.immobilienbusiness.ch\/fr\/unternehmen\/2021-03-25\/cs-ref-global-abverkauf-der-immobilien-startet-im-april\/\" \/>\n<meta property=\"og:locale\" content=\"fr_FR\" \/>\n<meta property=\"og:type\" content=\"article\" \/>\n<meta property=\"og:title\" content=\"CS REF Global: Abverkauf der Immobilien startet im April - IMMOBILIEN Business\" \/>\n<meta property=\"og:description\" content=\"Die Fondsleitung des in Liquidation befindlichen Credit Suisse Real Estate Fund Global will Mitte April mit dem Abverkauf der Liegenschaften beginnen.\" \/>\n<meta property=\"og:url\" content=\"https:\/\/www.immobilienbusiness.ch\/fr\/unternehmen\/2021-03-25\/cs-ref-global-abverkauf-der-immobilien-startet-im-april\/\" \/>\n<meta property=\"og:site_name\" content=\"IMMOBILIEN Business\" \/>\n<meta property=\"article:publisher\" content=\"https:\/\/www.facebook.com\/immobilienbusiness\/\" \/>\n<meta property=\"article:published_time\" content=\"2021-03-25T07:03:21+00:00\" \/>\n<meta property=\"article:modified_time\" content=\"2023-08-09T17:28:26+00:00\" \/>\n<meta property=\"og:image\" content=\"https:\/\/www.immobilienbusiness.ch\/wp-content\/uploads\/2018\/12\/Depositphotos_80147336_m-2015.jpg\" \/>\n\t<meta property=\"og:image:width\" content=\"999\" \/>\n\t<meta property=\"og:image:height\" content=\"667\" \/>\n\t<meta property=\"og:image:type\" content=\"image\/jpeg\" \/>\n<meta name=\"author\" content=\"anja.hall\" \/>\n<meta name=\"twitter:card\" content=\"summary_large_image\" \/>\n<meta name=\"twitter:image\" content=\"https:\/\/www.immobilienbusiness.ch\/wp-content\/uploads\/2018\/12\/Depositphotos_80147336_m-2015.jpg\" \/>\n<script type=\"application\/ld+json\" class=\"yoast-schema-graph\">{\"@context\":\"https:\\\/\\\/schema.org\",\"@graph\":[{\"@type\":\"Article\",\"@id\":\"https:\\\/\\\/www.immobilienbusiness.ch\\\/unternehmen\\\/2021-03-25\\\/cs-ref-global-abverkauf-der-immobilien-startet-im-april\\\/#article\",\"isPartOf\":{\"@id\":\"https:\\\/\\\/www.immobilienbusiness.ch\\\/unternehmen\\\/2021-03-25\\\/cs-ref-global-abverkauf-der-immobilien-startet-im-april\\\/\"},\"author\":{\"name\":\"anja.hall\",\"@id\":\"https:\\\/\\\/www.immobilienbusiness.ch\\\/#\\\/schema\\\/person\\\/3fc036297b10b9f42d6db5ee932af8c8\"},\"headline\":\"CS REF Global: Abverkauf der Immobilien startet im April\",\"datePublished\":\"2021-03-25T07:03:21+00:00\",\"dateModified\":\"2023-08-09T17:28:26+00:00\",\"mainEntityOfPage\":{\"@id\":\"https:\\\/\\\/www.immobilienbusiness.ch\\\/unternehmen\\\/2021-03-25\\\/cs-ref-global-abverkauf-der-immobilien-startet-im-april\\\/\"},\"wordCount\":177,\"publisher\":{\"@id\":\"https:\\\/\\\/www.immobilienbusiness.ch\\\/#organization\"},\"image\":{\"@id\":\"https:\\\/\\\/www.immobilienbusiness.ch\\\/unternehmen\\\/2021-03-25\\\/cs-ref-global-abverkauf-der-immobilien-startet-im-april\\\/#primaryimage\"},\"thumbnailUrl\":\"https:\\\/\\\/www.immobilienbusiness.ch\\\/wp-content\\\/uploads\\\/2018\\\/12\\\/Depositphotos_80147336_m-2015.jpg\",\"keywords\":[\"Credit Suisse\",\"Immobilienfonds\",\"verf\u00fc\"],\"articleSection\":[\"UNTERNEHMEN\"],\"inLanguage\":\"fr-FR\"},{\"@type\":\"WebPage\",\"@id\":\"https:\\\/\\\/www.immobilienbusiness.ch\\\/unternehmen\\\/2021-03-25\\\/cs-ref-global-abverkauf-der-immobilien-startet-im-april\\\/\",\"url\":\"https:\\\/\\\/www.immobilienbusiness.ch\\\/unternehmen\\\/2021-03-25\\\/cs-ref-global-abverkauf-der-immobilien-startet-im-april\\\/\",\"name\":\"CS REF Global: Abverkauf der Immobilien startet im April - IMMOBILIEN Business\",\"isPartOf\":{\"@id\":\"https:\\\/\\\/www.immobilienbusiness.ch\\\/#website\"},\"primaryImageOfPage\":{\"@id\":\"https:\\\/\\\/www.immobilienbusiness.ch\\\/unternehmen\\\/2021-03-25\\\/cs-ref-global-abverkauf-der-immobilien-startet-im-april\\\/#primaryimage\"},\"image\":{\"@id\":\"https:\\\/\\\/www.immobilienbusiness.ch\\\/unternehmen\\\/2021-03-25\\\/cs-ref-global-abverkauf-der-immobilien-startet-im-april\\\/#primaryimage\"},\"thumbnailUrl\":\"https:\\\/\\\/www.immobilienbusiness.ch\\\/wp-content\\\/uploads\\\/2018\\\/12\\\/Depositphotos_80147336_m-2015.jpg\",\"datePublished\":\"2021-03-25T07:03:21+00:00\",\"dateModified\":\"2023-08-09T17:28:26+00:00\",\"description\":\"Die Fondsleitung des in Liquidation befindlichen Credit Suisse Real Estate Fund Global will Mitte April mit dem Abverkauf der Liegenschaften beginnen.\",\"breadcrumb\":{\"@id\":\"https:\\\/\\\/www.immobilienbusiness.ch\\\/unternehmen\\\/2021-03-25\\\/cs-ref-global-abverkauf-der-immobilien-startet-im-april\\\/#breadcrumb\"},\"inLanguage\":\"fr-FR\",\"potentialAction\":[{\"@type\":\"ReadAction\",\"target\":[\"https:\\\/\\\/www.immobilienbusiness.ch\\\/unternehmen\\\/2021-03-25\\\/cs-ref-global-abverkauf-der-immobilien-startet-im-april\\\/\"]}]},{\"@type\":\"ImageObject\",\"inLanguage\":\"fr-FR\",\"@id\":\"https:\\\/\\\/www.immobilienbusiness.ch\\\/unternehmen\\\/2021-03-25\\\/cs-ref-global-abverkauf-der-immobilien-startet-im-april\\\/#primaryimage\",\"url\":\"https:\\\/\\\/www.immobilienbusiness.ch\\\/wp-content\\\/uploads\\\/2018\\\/12\\\/Depositphotos_80147336_m-2015.jpg\",\"contentUrl\":\"https:\\\/\\\/www.immobilienbusiness.ch\\\/wp-content\\\/uploads\\\/2018\\\/12\\\/Depositphotos_80147336_m-2015.jpg\",\"width\":999,\"height\":667,\"caption\":\"(Bild: stockasso - depositphotos)\"},{\"@type\":\"BreadcrumbList\",\"@id\":\"https:\\\/\\\/www.immobilienbusiness.ch\\\/unternehmen\\\/2021-03-25\\\/cs-ref-global-abverkauf-der-immobilien-startet-im-april\\\/#breadcrumb\",\"itemListElement\":[{\"@type\":\"ListItem\",\"position\":1,\"name\":\"Home\",\"item\":\"https:\\\/\\\/www.immobilienbusiness.ch\\\/\"},{\"@type\":\"ListItem\",\"position\":2,\"name\":\"CS REF Global: Abverkauf der Immobilien startet im April\"}]},{\"@type\":\"WebSite\",\"@id\":\"https:\\\/\\\/www.immobilienbusiness.ch\\\/#website\",\"url\":\"https:\\\/\\\/www.immobilienbusiness.ch\\\/\",\"name\":\"IMMOBILIEN Business\",\"description\":\"Unabh\u00e4ngiges Schweizer Wirtschaftsmagazin mit Fokus auf Immobilien, Architektur- und Bau sowie Investment- und Finanzierung.\",\"publisher\":{\"@id\":\"https:\\\/\\\/www.immobilienbusiness.ch\\\/#organization\"},\"potentialAction\":[{\"@type\":\"SearchAction\",\"target\":{\"@type\":\"EntryPoint\",\"urlTemplate\":\"https:\\\/\\\/www.immobilienbusiness.ch\\\/?s={search_term_string}\"},\"query-input\":{\"@type\":\"PropertyValueSpecification\",\"valueRequired\":true,\"valueName\":\"search_term_string\"}}],\"inLanguage\":\"fr-FR\"},{\"@type\":\"Organization\",\"@id\":\"https:\\\/\\\/www.immobilienbusiness.ch\\\/#organization\",\"name\":\"IMMOBILIEN Business\",\"url\":\"https:\\\/\\\/www.immobilienbusiness.ch\\\/\",\"logo\":{\"@type\":\"ImageObject\",\"inLanguage\":\"fr-FR\",\"@id\":\"https:\\\/\\\/www.immobilienbusiness.ch\\\/#\\\/schema\\\/logo\\\/image\\\/\",\"url\":\"https:\\\/\\\/www.immobilienbusiness.ch\\\/wp-content\\\/uploads\\\/2021\\\/07\\\/logo_ib.png\",\"contentUrl\":\"https:\\\/\\\/www.immobilienbusiness.ch\\\/wp-content\\\/uploads\\\/2021\\\/07\\\/logo_ib.png\",\"width\":800,\"height\":181,\"caption\":\"IMMOBILIEN Business\"},\"image\":{\"@id\":\"https:\\\/\\\/www.immobilienbusiness.ch\\\/#\\\/schema\\\/logo\\\/image\\\/\"},\"sameAs\":[\"https:\\\/\\\/www.facebook.com\\\/immobilienbusiness\\\/\"]},{\"@type\":\"Person\",\"@id\":\"https:\\\/\\\/www.immobilienbusiness.ch\\\/#\\\/schema\\\/person\\\/3fc036297b10b9f42d6db5ee932af8c8\",\"name\":\"anja.hall\",\"image\":{\"@type\":\"ImageObject\",\"inLanguage\":\"fr-FR\",\"@id\":\"https:\\\/\\\/secure.gravatar.com\\\/avatar\\\/066b5a0d447013502c71a5782f4f3469f03cfe595cc2329fb94652fe47511bfb?s=96&d=mm&r=g\",\"url\":\"https:\\\/\\\/secure.gravatar.com\\\/avatar\\\/066b5a0d447013502c71a5782f4f3469f03cfe595cc2329fb94652fe47511bfb?s=96&d=mm&r=g\",\"contentUrl\":\"https:\\\/\\\/secure.gravatar.com\\\/avatar\\\/066b5a0d447013502c71a5782f4f3469f03cfe595cc2329fb94652fe47511bfb?s=96&d=mm&r=g\",\"caption\":\"anja.hall\"},\"url\":\"https:\\\/\\\/www.immobilienbusiness.ch\\\/fr\\\/author\\\/anja-hall\\\/\"}]}<\/script>\n<!-- \/ Yoast SEO plugin. -->","yoast_head_json":{"title":"CS REF Global : La vente des immeubles d\u00e9bute en avril - IMMOBILIER Business","description":"La direction du fonds Credit Suisse Real Estate Fund Global, en liquidation, veut commencer \u00e0 vendre les immeubles \u00e0 la mi-avril.","robots":{"index":"index","follow":"follow","max-snippet":"max-snippet:-1","max-image-preview":"max-image-preview:large","max-video-preview":"max-video-preview:-1"},"canonical":"https:\/\/www.immobilienbusiness.ch\/fr\/unternehmen\/2021-03-25\/cs-ref-global-abverkauf-der-immobilien-startet-im-april\/","og_locale":"fr_FR","og_type":"article","og_title":"CS REF Global: Abverkauf der Immobilien startet im April - IMMOBILIEN Business","og_description":"Die Fondsleitung des in Liquidation befindlichen Credit Suisse Real Estate Fund Global will Mitte April mit dem Abverkauf der Liegenschaften beginnen.","og_url":"https:\/\/www.immobilienbusiness.ch\/fr\/unternehmen\/2021-03-25\/cs-ref-global-abverkauf-der-immobilien-startet-im-april\/","og_site_name":"IMMOBILIEN Business","article_publisher":"https:\/\/www.facebook.com\/immobilienbusiness\/","article_published_time":"2021-03-25T07:03:21+00:00","article_modified_time":"2023-08-09T17:28:26+00:00","og_image":[{"width":999,"height":667,"url":"https:\/\/www.immobilienbusiness.ch\/wp-content\/uploads\/2018\/12\/Depositphotos_80147336_m-2015.jpg","type":"image\/jpeg"}],"author":"anja.hall","twitter_card":"summary_large_image","twitter_image":"https:\/\/www.immobilienbusiness.ch\/wp-content\/uploads\/2018\/12\/Depositphotos_80147336_m-2015.jpg","schema":{"@context":"https:\/\/schema.org","@graph":[{"@type":"Article","@id":"https:\/\/www.immobilienbusiness.ch\/unternehmen\/2021-03-25\/cs-ref-global-abverkauf-der-immobilien-startet-im-april\/#article","isPartOf":{"@id":"https:\/\/www.immobilienbusiness.ch\/unternehmen\/2021-03-25\/cs-ref-global-abverkauf-der-immobilien-startet-im-april\/"},"author":{"name":"anja.hall","@id":"https:\/\/www.immobilienbusiness.ch\/#\/schema\/person\/3fc036297b10b9f42d6db5ee932af8c8"},"headline":"CS REF Global: Abverkauf der Immobilien startet im April","datePublished":"2021-03-25T07:03:21+00:00","dateModified":"2023-08-09T17:28:26+00:00","mainEntityOfPage":{"@id":"https:\/\/www.immobilienbusiness.ch\/unternehmen\/2021-03-25\/cs-ref-global-abverkauf-der-immobilien-startet-im-april\/"},"wordCount":177,"publisher":{"@id":"https:\/\/www.immobilienbusiness.ch\/#organization"},"image":{"@id":"https:\/\/www.immobilienbusiness.ch\/unternehmen\/2021-03-25\/cs-ref-global-abverkauf-der-immobilien-startet-im-april\/#primaryimage"},"thumbnailUrl":"https:\/\/www.immobilienbusiness.ch\/wp-content\/uploads\/2018\/12\/Depositphotos_80147336_m-2015.jpg","keywords":["Credit Suisse","Immobilienfonds","verf\u00fc"],"articleSection":["UNTERNEHMEN"],"inLanguage":"fr-FR"},{"@type":"WebPage","@id":"https:\/\/www.immobilienbusiness.ch\/unternehmen\/2021-03-25\/cs-ref-global-abverkauf-der-immobilien-startet-im-april\/","url":"https:\/\/www.immobilienbusiness.ch\/unternehmen\/2021-03-25\/cs-ref-global-abverkauf-der-immobilien-startet-im-april\/","name":"CS REF Global : La vente des immeubles d\u00e9bute en avril - IMMOBILIER Business","isPartOf":{"@id":"https:\/\/www.immobilienbusiness.ch\/#website"},"primaryImageOfPage":{"@id":"https:\/\/www.immobilienbusiness.ch\/unternehmen\/2021-03-25\/cs-ref-global-abverkauf-der-immobilien-startet-im-april\/#primaryimage"},"image":{"@id":"https:\/\/www.immobilienbusiness.ch\/unternehmen\/2021-03-25\/cs-ref-global-abverkauf-der-immobilien-startet-im-april\/#primaryimage"},"thumbnailUrl":"https:\/\/www.immobilienbusiness.ch\/wp-content\/uploads\/2018\/12\/Depositphotos_80147336_m-2015.jpg","datePublished":"2021-03-25T07:03:21+00:00","dateModified":"2023-08-09T17:28:26+00:00","description":"La direction du fonds Credit Suisse Real Estate Fund Global, en liquidation, veut commencer \u00e0 vendre les immeubles \u00e0 la mi-avril.","breadcrumb":{"@id":"https:\/\/www.immobilienbusiness.ch\/unternehmen\/2021-03-25\/cs-ref-global-abverkauf-der-immobilien-startet-im-april\/#breadcrumb"},"inLanguage":"fr-FR","potentialAction":[{"@type":"ReadAction","target":["https:\/\/www.immobilienbusiness.ch\/unternehmen\/2021-03-25\/cs-ref-global-abverkauf-der-immobilien-startet-im-april\/"]}]},{"@type":"ImageObject","inLanguage":"fr-FR","@id":"https:\/\/www.immobilienbusiness.ch\/unternehmen\/2021-03-25\/cs-ref-global-abverkauf-der-immobilien-startet-im-april\/#primaryimage","url":"https:\/\/www.immobilienbusiness.ch\/wp-content\/uploads\/2018\/12\/Depositphotos_80147336_m-2015.jpg","contentUrl":"https:\/\/www.immobilienbusiness.ch\/wp-content\/uploads\/2018\/12\/Depositphotos_80147336_m-2015.jpg","width":999,"height":667,"caption":"(Bild: stockasso - depositphotos)"},{"@type":"BreadcrumbList","@id":"https:\/\/www.immobilienbusiness.ch\/unternehmen\/2021-03-25\/cs-ref-global-abverkauf-der-immobilien-startet-im-april\/#breadcrumb","itemListElement":[{"@type":"ListItem","position":1,"name":"Home","item":"https:\/\/www.immobilienbusiness.ch\/"},{"@type":"ListItem","position":2,"name":"CS REF Global: Abverkauf der Immobilien startet im April"}]},{"@type":"WebSite","@id":"https:\/\/www.immobilienbusiness.ch\/#website","url":"https:\/\/www.immobilienbusiness.ch\/","name":"IMMOBILIER Business","description":"Magazine \u00e9conomique suisse ind\u00e9pendant ax\u00e9 sur l'immobilier, l'architecture et la construction ainsi que sur les investissements et le financement.","publisher":{"@id":"https:\/\/www.immobilienbusiness.ch\/#organization"},"potentialAction":[{"@type":"SearchAction","target":{"@type":"EntryPoint","urlTemplate":"https:\/\/www.immobilienbusiness.ch\/?s={search_term_string}"},"query-input":{"@type":"PropertyValueSpecification","valueRequired":true,"valueName":"search_term_string"}}],"inLanguage":"fr-FR"},{"@type":"Organization","@id":"https:\/\/www.immobilienbusiness.ch\/#organization","name":"IMMOBILIER Business","url":"https:\/\/www.immobilienbusiness.ch\/","logo":{"@type":"ImageObject","inLanguage":"fr-FR","@id":"https:\/\/www.immobilienbusiness.ch\/#\/schema\/logo\/image\/","url":"https:\/\/www.immobilienbusiness.ch\/wp-content\/uploads\/2021\/07\/logo_ib.png","contentUrl":"https:\/\/www.immobilienbusiness.ch\/wp-content\/uploads\/2021\/07\/logo_ib.png","width":800,"height":181,"caption":"IMMOBILIEN Business"},"image":{"@id":"https:\/\/www.immobilienbusiness.ch\/#\/schema\/logo\/image\/"},"sameAs":["https:\/\/www.facebook.com\/immobilienbusiness\/"]},{"@type":"Person","@id":"https:\/\/www.immobilienbusiness.ch\/#\/schema\/person\/3fc036297b10b9f42d6db5ee932af8c8","name":"anja.hall","image":{"@type":"ImageObject","inLanguage":"fr-FR","@id":"https:\/\/secure.gravatar.com\/avatar\/066b5a0d447013502c71a5782f4f3469f03cfe595cc2329fb94652fe47511bfb?s=96&d=mm&r=g","url":"https:\/\/secure.gravatar.com\/avatar\/066b5a0d447013502c71a5782f4f3469f03cfe595cc2329fb94652fe47511bfb?s=96&d=mm&r=g","contentUrl":"https:\/\/secure.gravatar.com\/avatar\/066b5a0d447013502c71a5782f4f3469f03cfe595cc2329fb94652fe47511bfb?s=96&d=mm&r=g","caption":"anja.hall"},"url":"https:\/\/www.immobilienbusiness.ch\/fr\/author\/anja-hall\/"}]}},"_links":{"self":[{"href":"https:\/\/www.immobilienbusiness.ch\/fr\/wp-json\/wp\/v2\/posts\/23793","targetHints":{"allow":["GET"]}}],"collection":[{"href":"https:\/\/www.immobilienbusiness.ch\/fr\/wp-json\/wp\/v2\/posts"}],"about":[{"href":"https:\/\/www.immobilienbusiness.ch\/fr\/wp-json\/wp\/v2\/types\/post"}],"author":[{"embeddable":true,"href":"https:\/\/www.immobilienbusiness.ch\/fr\/wp-json\/wp\/v2\/users\/3"}],"replies":[{"embeddable":true,"href":"https:\/\/www.immobilienbusiness.ch\/fr\/wp-json\/wp\/v2\/comments?post=23793"}],"version-history":[{"count":1,"href":"https:\/\/www.immobilienbusiness.ch\/fr\/wp-json\/wp\/v2\/posts\/23793\/revisions"}],"predecessor-version":[{"id":51714,"href":"https:\/\/www.immobilienbusiness.ch\/fr\/wp-json\/wp\/v2\/posts\/23793\/revisions\/51714"}],"wp:featuredmedia":[{"embeddable":true,"href":"https:\/\/www.immobilienbusiness.ch\/fr\/wp-json\/wp\/v2\/media\/15182"}],"wp:attachment":[{"href":"https:\/\/www.immobilienbusiness.ch\/fr\/wp-json\/wp\/v2\/media?parent=23793"}],"wp:term":[{"taxonomy":"category","embeddable":true,"href":"https:\/\/www.immobilienbusiness.ch\/fr\/wp-json\/wp\/v2\/categories?post=23793"},{"taxonomy":"post_tag","embeddable":true,"href":"https:\/\/www.immobilienbusiness.ch\/fr\/wp-json\/wp\/v2\/tags?post=23793"}],"curies":[{"name":"wp","href":"https:\/\/api.w.org\/{rel}","templated":true}]}}