{"id":23749,"date":"2021-03-18T08:52:43","date_gmt":"2021-03-18T07:52:43","guid":{"rendered":"https:\/\/www.immobilienbusiness.ch\/?p=23749"},"modified":"2021-03-18T08:52:43","modified_gmt":"2021-03-18T07:52:43","slug":"ebikon-neue-mieter-fuer-die-mall-of-switzerland","status":"publish","type":"post","link":"https:\/\/www.immobilienbusiness.ch\/fr\/regionen\/2021-03-18\/ebikon-neue-mieter-fuer-die-mall-of-switzerland\/","title":{"rendered":"Ebikon : de nouveaux locataires pour le centre commercial de la Suisse"},"content":{"rendered":"<figure id=\"attachment_7528\" aria-describedby=\"caption-attachment-7528\" style=\"width: 680px\" class=\"wp-caption alignnone\"><img loading=\"lazy\" decoding=\"async\" class=\"size-medium wp-image-7528\" src=\"https:\/\/www.immobilienbusiness.ch\/wp-content\/uploads\/2017\/05\/mall-of-switzerland-innen.jpg\" alt=\"\" width=\"680\" height=\"454\" srcset=\"https:\/\/www.immobilienbusiness.ch\/wp-content\/uploads\/2017\/05\/mall-of-switzerland-innen.jpg 2560w, https:\/\/www.immobilienbusiness.ch\/wp-content\/uploads\/2017\/05\/mall-of-switzerland-innen-300x200.jpg 300w, https:\/\/www.immobilienbusiness.ch\/wp-content\/uploads\/2017\/05\/mall-of-switzerland-innen-1024x683.jpg 1024w, https:\/\/www.immobilienbusiness.ch\/wp-content\/uploads\/2017\/05\/mall-of-switzerland-innen-768x512.jpg 768w, https:\/\/www.immobilienbusiness.ch\/wp-content\/uploads\/2017\/05\/mall-of-switzerland-innen-1536x1025.jpg 1536w, https:\/\/www.immobilienbusiness.ch\/wp-content\/uploads\/2017\/05\/mall-of-switzerland-innen-2048x1366.jpg 2048w, https:\/\/www.immobilienbusiness.ch\/wp-content\/uploads\/2017\/05\/mall-of-switzerland-innen-16x12.jpg 16w, https:\/\/www.immobilienbusiness.ch\/wp-content\/uploads\/2017\/05\/mall-of-switzerland-innen-262x175.jpg 262w, https:\/\/www.immobilienbusiness.ch\/wp-content\/uploads\/2017\/05\/mall-of-switzerland-innen-525x350.jpg 525w, https:\/\/www.immobilienbusiness.ch\/wp-content\/uploads\/2017\/05\/mall-of-switzerland-innen-1199x800.jpg 1199w, https:\/\/www.immobilienbusiness.ch\/wp-content\/uploads\/2017\/05\/mall-of-switzerland-innen-920x614.jpg 920w, https:\/\/www.immobilienbusiness.ch\/wp-content\/uploads\/2017\/05\/mall-of-switzerland-innen-1400x934.jpg 1400w\" sizes=\"auto, (max-width: 680px) 100vw, 680px\" \/><figcaption id=\"caption-attachment-7528\" class=\"wp-caption-text\">Vue int\u00e9rieure du Mall of Switzerland (Rendering : Mall of Switzerland<\/figcaption><\/figure>\n<p>Chicor\u00e9e ouvre son dernier flagship store dans le Mall of Switzerland \u00e0 Ebikon (LU), comme l'a annonc\u00e9 Jessica Janssen, directrice du centre Mall of Switzerland. En outre, le restaurant \"Taste of Mykonos\" vient depuis f\u00e9vrier \u00e9largir l'offre gastronomique du deuxi\u00e8me plus grand centre commercial et de loisirs de Suisse.<\/p>\n<p>Selon M. Janssen, le Mall of Switzerland n\u00e9gocie actuellement avec d'autres cha\u00eenes nationales et internationales qui ne sont pas encore repr\u00e9sent\u00e9es dans les centres commerciaux existants. <em>(M.ARR.)<\/em><\/p>","protected":false},"excerpt":{"rendered":"<p>Depuis f\u00e9vrier, la marque de mode Chicor\u00e9e et la cha\u00eene de restauration grecque \"Taste of Mykonos\" compl\u00e8tent l'offre du Mall of Switzerland avec de nouvelles filiales.<\/p>","protected":false},"author":3,"featured_media":7528,"comment_status":"closed","ping_status":"open","sticky":false,"template":"","format":"standard","meta":{"_acf_changed":false,"_yoast_wpseo_focuskw":"Mall of Switzerland","_yoast_wpseo_title":"","_yoast_wpseo_metadesc":"Seit Februar erg\u00e4nzen das Modelabel Chicor\u00e9e und die griechische Foodkette \u00abTaste of Mykonos\u00bb mit neuen Filialen das Angebot in der Mall of Switzerland.","_yoast_wpseo_linkdex":41,"pgc_sgb_lightbox_settings":"","footnotes":""},"categories":[985],"tags":[1461,1645,1832],"class_list":["post-23749","post","type-post","status-publish","format-standard","has-post-thumbnail","hentry","category-regionen","tag-mall-of-switzerland","tag-retailflaechen","tag-vermietung"],"acf":[],"yoast_head":"<!-- This site is optimized with the Yoast SEO plugin v27.4 - https:\/\/yoast.com\/product\/yoast-seo-wordpress\/ -->\n<title>Ebikon: Neue Mieter f\u00fcr die Mall of Switzerland - IMMOBILIEN Business<\/title>\n<meta name=\"description\" content=\"Seit Februar erg\u00e4nzen das Modelabel Chicor\u00e9e und die griechische Foodkette \u00abTaste of Mykonos\u00bb mit neuen Filialen das Angebot in der Mall of Switzerland.\" \/>\n<meta name=\"robots\" content=\"index, follow, max-snippet:-1, max-image-preview:large, max-video-preview:-1\" \/>\n<link rel=\"canonical\" href=\"https:\/\/www.immobilienbusiness.ch\/fr\/regionen\/2021-03-18\/ebikon-neue-mieter-fuer-die-mall-of-switzerland\/\" \/>\n<meta property=\"og:locale\" content=\"fr_FR\" \/>\n<meta property=\"og:type\" content=\"article\" \/>\n<meta property=\"og:title\" content=\"Ebikon: Neue Mieter f\u00fcr die Mall of Switzerland - IMMOBILIEN Business\" \/>\n<meta property=\"og:description\" content=\"Seit Februar erg\u00e4nzen das Modelabel Chicor\u00e9e und die griechische Foodkette \u00abTaste of Mykonos\u00bb mit neuen Filialen das Angebot in der Mall of Switzerland.\" \/>\n<meta property=\"og:url\" content=\"https:\/\/www.immobilienbusiness.ch\/fr\/regionen\/2021-03-18\/ebikon-neue-mieter-fuer-die-mall-of-switzerland\/\" \/>\n<meta property=\"og:site_name\" content=\"IMMOBILIEN Business\" \/>\n<meta property=\"article:publisher\" content=\"https:\/\/www.facebook.com\/immobilienbusiness\/\" \/>\n<meta property=\"article:published_time\" content=\"2021-03-18T07:52:43+00:00\" \/>\n<meta property=\"og:image\" content=\"https:\/\/www.immobilienbusiness.ch\/wp-content\/uploads\/2017\/05\/mall-of-switzerland-innen-1024x683.jpg\" \/>\n\t<meta property=\"og:image:width\" content=\"1024\" \/>\n\t<meta property=\"og:image:height\" content=\"683\" \/>\n\t<meta property=\"og:image:type\" content=\"image\/jpeg\" \/>\n<meta name=\"author\" content=\"anja.hall\" \/>\n<meta name=\"twitter:card\" content=\"summary_large_image\" \/>\n<meta name=\"twitter:image\" content=\"https:\/\/www.immobilienbusiness.ch\/wp-content\/uploads\/2017\/05\/mall-of-switzerland-innen.jpg\" \/>\n<script type=\"application\/ld+json\" class=\"yoast-schema-graph\">{\"@context\":\"https:\\\/\\\/schema.org\",\"@graph\":[{\"@type\":\"Article\",\"@id\":\"https:\\\/\\\/www.immobilienbusiness.ch\\\/fr\\\/regionen\\\/2021-03-18\\\/ebikon-neue-mieter-fuer-die-mall-of-switzerland\\\/#article\",\"isPartOf\":{\"@id\":\"https:\\\/\\\/www.immobilienbusiness.ch\\\/fr\\\/regionen\\\/2021-03-18\\\/ebikon-neue-mieter-fuer-die-mall-of-switzerland\\\/\"},\"author\":{\"name\":\"anja.hall\",\"@id\":\"https:\\\/\\\/www.immobilienbusiness.ch\\\/#\\\/schema\\\/person\\\/3fc036297b10b9f42d6db5ee932af8c8\"},\"headline\":\"Ebikon: Neue Mieter f\u00fcr die Mall of Switzerland\",\"datePublished\":\"2021-03-18T07:52:43+00:00\",\"mainEntityOfPage\":{\"@id\":\"https:\\\/\\\/www.immobilienbusiness.ch\\\/fr\\\/regionen\\\/2021-03-18\\\/ebikon-neue-mieter-fuer-die-mall-of-switzerland\\\/\"},\"wordCount\":94,\"publisher\":{\"@id\":\"https:\\\/\\\/www.immobilienbusiness.ch\\\/#organization\"},\"image\":{\"@id\":\"https:\\\/\\\/www.immobilienbusiness.ch\\\/fr\\\/regionen\\\/2021-03-18\\\/ebikon-neue-mieter-fuer-die-mall-of-switzerland\\\/#primaryimage\"},\"thumbnailUrl\":\"https:\\\/\\\/www.immobilienbusiness.ch\\\/wp-content\\\/uploads\\\/2017\\\/05\\\/mall-of-switzerland-innen.jpg\",\"keywords\":[\"Mall of Switzerland\",\"Retailfl\u00e4chen\",\"Vermietung\"],\"articleSection\":[\"REGIONEN\"],\"inLanguage\":\"fr-FR\"},{\"@type\":\"WebPage\",\"@id\":\"https:\\\/\\\/www.immobilienbusiness.ch\\\/fr\\\/regionen\\\/2021-03-18\\\/ebikon-neue-mieter-fuer-die-mall-of-switzerland\\\/\",\"url\":\"https:\\\/\\\/www.immobilienbusiness.ch\\\/fr\\\/regionen\\\/2021-03-18\\\/ebikon-neue-mieter-fuer-die-mall-of-switzerland\\\/\",\"name\":\"Ebikon: Neue Mieter f\u00fcr die Mall of Switzerland - IMMOBILIEN Business\",\"isPartOf\":{\"@id\":\"https:\\\/\\\/www.immobilienbusiness.ch\\\/#website\"},\"primaryImageOfPage\":{\"@id\":\"https:\\\/\\\/www.immobilienbusiness.ch\\\/fr\\\/regionen\\\/2021-03-18\\\/ebikon-neue-mieter-fuer-die-mall-of-switzerland\\\/#primaryimage\"},\"image\":{\"@id\":\"https:\\\/\\\/www.immobilienbusiness.ch\\\/fr\\\/regionen\\\/2021-03-18\\\/ebikon-neue-mieter-fuer-die-mall-of-switzerland\\\/#primaryimage\"},\"thumbnailUrl\":\"https:\\\/\\\/www.immobilienbusiness.ch\\\/wp-content\\\/uploads\\\/2017\\\/05\\\/mall-of-switzerland-innen.jpg\",\"datePublished\":\"2021-03-18T07:52:43+00:00\",\"description\":\"Seit Februar erg\u00e4nzen das Modelabel Chicor\u00e9e und die griechische Foodkette \u00abTaste of Mykonos\u00bb mit neuen Filialen das Angebot in der Mall of Switzerland.\",\"breadcrumb\":{\"@id\":\"https:\\\/\\\/www.immobilienbusiness.ch\\\/fr\\\/regionen\\\/2021-03-18\\\/ebikon-neue-mieter-fuer-die-mall-of-switzerland\\\/#breadcrumb\"},\"inLanguage\":\"fr-FR\",\"potentialAction\":[{\"@type\":\"ReadAction\",\"target\":[\"https:\\\/\\\/www.immobilienbusiness.ch\\\/fr\\\/regionen\\\/2021-03-18\\\/ebikon-neue-mieter-fuer-die-mall-of-switzerland\\\/\"]}]},{\"@type\":\"ImageObject\",\"inLanguage\":\"fr-FR\",\"@id\":\"https:\\\/\\\/www.immobilienbusiness.ch\\\/fr\\\/regionen\\\/2021-03-18\\\/ebikon-neue-mieter-fuer-die-mall-of-switzerland\\\/#primaryimage\",\"url\":\"https:\\\/\\\/www.immobilienbusiness.ch\\\/wp-content\\\/uploads\\\/2017\\\/05\\\/mall-of-switzerland-innen.jpg\",\"contentUrl\":\"https:\\\/\\\/www.immobilienbusiness.ch\\\/wp-content\\\/uploads\\\/2017\\\/05\\\/mall-of-switzerland-innen.jpg\",\"width\":2560,\"height\":1708,\"caption\":\"Innenansicht der Mall of Switzerland (Rendering: Mall of Switzerland\"},{\"@type\":\"BreadcrumbList\",\"@id\":\"https:\\\/\\\/www.immobilienbusiness.ch\\\/fr\\\/regionen\\\/2021-03-18\\\/ebikon-neue-mieter-fuer-die-mall-of-switzerland\\\/#breadcrumb\",\"itemListElement\":[{\"@type\":\"ListItem\",\"position\":1,\"name\":\"Home\",\"item\":\"https:\\\/\\\/www.immobilienbusiness.ch\\\/\"},{\"@type\":\"ListItem\",\"position\":2,\"name\":\"Ebikon: Neue Mieter f\u00fcr die Mall of Switzerland\"}]},{\"@type\":\"WebSite\",\"@id\":\"https:\\\/\\\/www.immobilienbusiness.ch\\\/#website\",\"url\":\"https:\\\/\\\/www.immobilienbusiness.ch\\\/\",\"name\":\"IMMOBILIEN Business\",\"description\":\"Unabh\u00e4ngiges Schweizer Wirtschaftsmagazin mit Fokus auf Immobilien, Architektur- und Bau sowie Investment- und Finanzierung.\",\"publisher\":{\"@id\":\"https:\\\/\\\/www.immobilienbusiness.ch\\\/#organization\"},\"potentialAction\":[{\"@type\":\"SearchAction\",\"target\":{\"@type\":\"EntryPoint\",\"urlTemplate\":\"https:\\\/\\\/www.immobilienbusiness.ch\\\/?s={search_term_string}\"},\"query-input\":{\"@type\":\"PropertyValueSpecification\",\"valueRequired\":true,\"valueName\":\"search_term_string\"}}],\"inLanguage\":\"fr-FR\"},{\"@type\":\"Organization\",\"@id\":\"https:\\\/\\\/www.immobilienbusiness.ch\\\/#organization\",\"name\":\"IMMOBILIEN Business\",\"url\":\"https:\\\/\\\/www.immobilienbusiness.ch\\\/\",\"logo\":{\"@type\":\"ImageObject\",\"inLanguage\":\"fr-FR\",\"@id\":\"https:\\\/\\\/www.immobilienbusiness.ch\\\/#\\\/schema\\\/logo\\\/image\\\/\",\"url\":\"https:\\\/\\\/www.immobilienbusiness.ch\\\/wp-content\\\/uploads\\\/2021\\\/07\\\/logo_ib.png\",\"contentUrl\":\"https:\\\/\\\/www.immobilienbusiness.ch\\\/wp-content\\\/uploads\\\/2021\\\/07\\\/logo_ib.png\",\"width\":800,\"height\":181,\"caption\":\"IMMOBILIEN Business\"},\"image\":{\"@id\":\"https:\\\/\\\/www.immobilienbusiness.ch\\\/#\\\/schema\\\/logo\\\/image\\\/\"},\"sameAs\":[\"https:\\\/\\\/www.facebook.com\\\/immobilienbusiness\\\/\"]},{\"@type\":\"Person\",\"@id\":\"https:\\\/\\\/www.immobilienbusiness.ch\\\/#\\\/schema\\\/person\\\/3fc036297b10b9f42d6db5ee932af8c8\",\"name\":\"anja.hall\",\"image\":{\"@type\":\"ImageObject\",\"inLanguage\":\"fr-FR\",\"@id\":\"https:\\\/\\\/secure.gravatar.com\\\/avatar\\\/066b5a0d447013502c71a5782f4f3469f03cfe595cc2329fb94652fe47511bfb?s=96&d=mm&r=g\",\"url\":\"https:\\\/\\\/secure.gravatar.com\\\/avatar\\\/066b5a0d447013502c71a5782f4f3469f03cfe595cc2329fb94652fe47511bfb?s=96&d=mm&r=g\",\"contentUrl\":\"https:\\\/\\\/secure.gravatar.com\\\/avatar\\\/066b5a0d447013502c71a5782f4f3469f03cfe595cc2329fb94652fe47511bfb?s=96&d=mm&r=g\",\"caption\":\"anja.hall\"},\"url\":\"https:\\\/\\\/www.immobilienbusiness.ch\\\/fr\\\/author\\\/anja-hall\\\/\"}]}<\/script>\n<!-- \/ Yoast SEO plugin. -->","yoast_head_json":{"title":"Ebikon: Neue Mieter f\u00fcr die Mall of Switzerland - IMMOBILIEN Business","description":"Depuis f\u00e9vrier, la marque de mode Chicor\u00e9e et la cha\u00eene de restauration grecque \"Taste of Mykonos\" compl\u00e8tent l'offre du Mall of Switzerland avec de nouvelles filiales.","robots":{"index":"index","follow":"follow","max-snippet":"max-snippet:-1","max-image-preview":"max-image-preview:large","max-video-preview":"max-video-preview:-1"},"canonical":"https:\/\/www.immobilienbusiness.ch\/fr\/regionen\/2021-03-18\/ebikon-neue-mieter-fuer-die-mall-of-switzerland\/","og_locale":"fr_FR","og_type":"article","og_title":"Ebikon: Neue Mieter f\u00fcr die Mall of Switzerland - IMMOBILIEN Business","og_description":"Seit Februar erg\u00e4nzen das Modelabel Chicor\u00e9e und die griechische Foodkette \u00abTaste of Mykonos\u00bb mit neuen Filialen das Angebot in der Mall of Switzerland.","og_url":"https:\/\/www.immobilienbusiness.ch\/fr\/regionen\/2021-03-18\/ebikon-neue-mieter-fuer-die-mall-of-switzerland\/","og_site_name":"IMMOBILIEN Business","article_publisher":"https:\/\/www.facebook.com\/immobilienbusiness\/","article_published_time":"2021-03-18T07:52:43+00:00","og_image":[{"width":1024,"height":683,"url":"https:\/\/www.immobilienbusiness.ch\/wp-content\/uploads\/2017\/05\/mall-of-switzerland-innen-1024x683.jpg","type":"image\/jpeg"}],"author":"anja.hall","twitter_card":"summary_large_image","twitter_image":"https:\/\/www.immobilienbusiness.ch\/wp-content\/uploads\/2017\/05\/mall-of-switzerland-innen.jpg","schema":{"@context":"https:\/\/schema.org","@graph":[{"@type":"Article","@id":"https:\/\/www.immobilienbusiness.ch\/fr\/regionen\/2021-03-18\/ebikon-neue-mieter-fuer-die-mall-of-switzerland\/#article","isPartOf":{"@id":"https:\/\/www.immobilienbusiness.ch\/fr\/regionen\/2021-03-18\/ebikon-neue-mieter-fuer-die-mall-of-switzerland\/"},"author":{"name":"anja.hall","@id":"https:\/\/www.immobilienbusiness.ch\/#\/schema\/person\/3fc036297b10b9f42d6db5ee932af8c8"},"headline":"Ebikon: Neue Mieter f\u00fcr die Mall of Switzerland","datePublished":"2021-03-18T07:52:43+00:00","mainEntityOfPage":{"@id":"https:\/\/www.immobilienbusiness.ch\/fr\/regionen\/2021-03-18\/ebikon-neue-mieter-fuer-die-mall-of-switzerland\/"},"wordCount":94,"publisher":{"@id":"https:\/\/www.immobilienbusiness.ch\/#organization"},"image":{"@id":"https:\/\/www.immobilienbusiness.ch\/fr\/regionen\/2021-03-18\/ebikon-neue-mieter-fuer-die-mall-of-switzerland\/#primaryimage"},"thumbnailUrl":"https:\/\/www.immobilienbusiness.ch\/wp-content\/uploads\/2017\/05\/mall-of-switzerland-innen.jpg","keywords":["Mall of Switzerland","Retailfl\u00e4chen","Vermietung"],"articleSection":["REGIONEN"],"inLanguage":"fr-FR"},{"@type":"WebPage","@id":"https:\/\/www.immobilienbusiness.ch\/fr\/regionen\/2021-03-18\/ebikon-neue-mieter-fuer-die-mall-of-switzerland\/","url":"https:\/\/www.immobilienbusiness.ch\/fr\/regionen\/2021-03-18\/ebikon-neue-mieter-fuer-die-mall-of-switzerland\/","name":"Ebikon: Neue Mieter f\u00fcr die Mall of Switzerland - IMMOBILIEN Business","isPartOf":{"@id":"https:\/\/www.immobilienbusiness.ch\/#website"},"primaryImageOfPage":{"@id":"https:\/\/www.immobilienbusiness.ch\/fr\/regionen\/2021-03-18\/ebikon-neue-mieter-fuer-die-mall-of-switzerland\/#primaryimage"},"image":{"@id":"https:\/\/www.immobilienbusiness.ch\/fr\/regionen\/2021-03-18\/ebikon-neue-mieter-fuer-die-mall-of-switzerland\/#primaryimage"},"thumbnailUrl":"https:\/\/www.immobilienbusiness.ch\/wp-content\/uploads\/2017\/05\/mall-of-switzerland-innen.jpg","datePublished":"2021-03-18T07:52:43+00:00","description":"Depuis f\u00e9vrier, la marque de mode Chicor\u00e9e et la cha\u00eene de restauration grecque \"Taste of Mykonos\" compl\u00e8tent l'offre du Mall of Switzerland avec de nouvelles filiales.","breadcrumb":{"@id":"https:\/\/www.immobilienbusiness.ch\/fr\/regionen\/2021-03-18\/ebikon-neue-mieter-fuer-die-mall-of-switzerland\/#breadcrumb"},"inLanguage":"fr-FR","potentialAction":[{"@type":"ReadAction","target":["https:\/\/www.immobilienbusiness.ch\/fr\/regionen\/2021-03-18\/ebikon-neue-mieter-fuer-die-mall-of-switzerland\/"]}]},{"@type":"ImageObject","inLanguage":"fr-FR","@id":"https:\/\/www.immobilienbusiness.ch\/fr\/regionen\/2021-03-18\/ebikon-neue-mieter-fuer-die-mall-of-switzerland\/#primaryimage","url":"https:\/\/www.immobilienbusiness.ch\/wp-content\/uploads\/2017\/05\/mall-of-switzerland-innen.jpg","contentUrl":"https:\/\/www.immobilienbusiness.ch\/wp-content\/uploads\/2017\/05\/mall-of-switzerland-innen.jpg","width":2560,"height":1708,"caption":"Innenansicht der Mall of Switzerland (Rendering: Mall of Switzerland"},{"@type":"BreadcrumbList","@id":"https:\/\/www.immobilienbusiness.ch\/fr\/regionen\/2021-03-18\/ebikon-neue-mieter-fuer-die-mall-of-switzerland\/#breadcrumb","itemListElement":[{"@type":"ListItem","position":1,"name":"Home","item":"https:\/\/www.immobilienbusiness.ch\/"},{"@type":"ListItem","position":2,"name":"Ebikon: Neue Mieter f\u00fcr die Mall of Switzerland"}]},{"@type":"WebSite","@id":"https:\/\/www.immobilienbusiness.ch\/#website","url":"https:\/\/www.immobilienbusiness.ch\/","name":"IMMOBILIER Business","description":"Magazine \u00e9conomique suisse ind\u00e9pendant ax\u00e9 sur l'immobilier, l'architecture et la construction ainsi que sur les investissements et le financement.","publisher":{"@id":"https:\/\/www.immobilienbusiness.ch\/#organization"},"potentialAction":[{"@type":"SearchAction","target":{"@type":"EntryPoint","urlTemplate":"https:\/\/www.immobilienbusiness.ch\/?s={search_term_string}"},"query-input":{"@type":"PropertyValueSpecification","valueRequired":true,"valueName":"search_term_string"}}],"inLanguage":"fr-FR"},{"@type":"Organization","@id":"https:\/\/www.immobilienbusiness.ch\/#organization","name":"IMMOBILIER Business","url":"https:\/\/www.immobilienbusiness.ch\/","logo":{"@type":"ImageObject","inLanguage":"fr-FR","@id":"https:\/\/www.immobilienbusiness.ch\/#\/schema\/logo\/image\/","url":"https:\/\/www.immobilienbusiness.ch\/wp-content\/uploads\/2021\/07\/logo_ib.png","contentUrl":"https:\/\/www.immobilienbusiness.ch\/wp-content\/uploads\/2021\/07\/logo_ib.png","width":800,"height":181,"caption":"IMMOBILIEN Business"},"image":{"@id":"https:\/\/www.immobilienbusiness.ch\/#\/schema\/logo\/image\/"},"sameAs":["https:\/\/www.facebook.com\/immobilienbusiness\/"]},{"@type":"Person","@id":"https:\/\/www.immobilienbusiness.ch\/#\/schema\/person\/3fc036297b10b9f42d6db5ee932af8c8","name":"anja.hall","image":{"@type":"ImageObject","inLanguage":"fr-FR","@id":"https:\/\/secure.gravatar.com\/avatar\/066b5a0d447013502c71a5782f4f3469f03cfe595cc2329fb94652fe47511bfb?s=96&d=mm&r=g","url":"https:\/\/secure.gravatar.com\/avatar\/066b5a0d447013502c71a5782f4f3469f03cfe595cc2329fb94652fe47511bfb?s=96&d=mm&r=g","contentUrl":"https:\/\/secure.gravatar.com\/avatar\/066b5a0d447013502c71a5782f4f3469f03cfe595cc2329fb94652fe47511bfb?s=96&d=mm&r=g","caption":"anja.hall"},"url":"https:\/\/www.immobilienbusiness.ch\/fr\/author\/anja-hall\/"}]}},"_links":{"self":[{"href":"https:\/\/www.immobilienbusiness.ch\/fr\/wp-json\/wp\/v2\/posts\/23749","targetHints":{"allow":["GET"]}}],"collection":[{"href":"https:\/\/www.immobilienbusiness.ch\/fr\/wp-json\/wp\/v2\/posts"}],"about":[{"href":"https:\/\/www.immobilienbusiness.ch\/fr\/wp-json\/wp\/v2\/types\/post"}],"author":[{"embeddable":true,"href":"https:\/\/www.immobilienbusiness.ch\/fr\/wp-json\/wp\/v2\/users\/3"}],"replies":[{"embeddable":true,"href":"https:\/\/www.immobilienbusiness.ch\/fr\/wp-json\/wp\/v2\/comments?post=23749"}],"version-history":[{"count":0,"href":"https:\/\/www.immobilienbusiness.ch\/fr\/wp-json\/wp\/v2\/posts\/23749\/revisions"}],"wp:featuredmedia":[{"embeddable":true,"href":"https:\/\/www.immobilienbusiness.ch\/fr\/wp-json\/wp\/v2\/media\/7528"}],"wp:attachment":[{"href":"https:\/\/www.immobilienbusiness.ch\/fr\/wp-json\/wp\/v2\/media?parent=23749"}],"wp:term":[{"taxonomy":"category","embeddable":true,"href":"https:\/\/www.immobilienbusiness.ch\/fr\/wp-json\/wp\/v2\/categories?post=23749"},{"taxonomy":"post_tag","embeddable":true,"href":"https:\/\/www.immobilienbusiness.ch\/fr\/wp-json\/wp\/v2\/tags?post=23749"}],"curies":[{"name":"wp","href":"https:\/\/api.w.org\/{rel}","templated":true}]}}