{"id":23681,"date":"2021-03-10T09:59:45","date_gmt":"2021-03-10T08:59:45","guid":{"rendered":"https:\/\/www.immobilienbusiness.ch\/?p=23681"},"modified":"2023-08-09T19:32:30","modified_gmt":"2023-08-09T17:32:30","slug":"lex-koller-nationalrat-stimmt-verschaerfung-zu","status":"publish","type":"post","link":"https:\/\/www.immobilienbusiness.ch\/fr\/unternehmen\/2021-03-10\/lex-koller-nationalrat-stimmt-verschaerfung-zu\/","title":{"rendered":"Lex Koller : Le Conseil national approuve le resserrement"},"content":{"rendered":"<figure id=\"attachment_14225\" aria-describedby=\"caption-attachment-14225\" style=\"width: 300px\" class=\"wp-caption alignnone\"><img loading=\"lazy\" decoding=\"async\" class=\"wp-image-14225 size-medium\" src=\"https:\/\/www.immobilienbusiness.ch\/wp-content\/uploads\/2018\/09\/2-michael-gaida-pixabay-300x200.jpg\" alt=\"Lex Koller\" width=\"300\" height=\"200\" srcset=\"https:\/\/www.immobilienbusiness.ch\/wp-content\/uploads\/2018\/09\/2-michael-gaida-pixabay-300x200.jpg 300w, https:\/\/www.immobilienbusiness.ch\/wp-content\/uploads\/2018\/09\/2-michael-gaida-pixabay-1024x683.jpg 1024w, https:\/\/www.immobilienbusiness.ch\/wp-content\/uploads\/2018\/09\/2-michael-gaida-pixabay-768x512.jpg 768w, https:\/\/www.immobilienbusiness.ch\/wp-content\/uploads\/2018\/09\/2-michael-gaida-pixabay-1536x1024.jpg 1536w, https:\/\/www.immobilienbusiness.ch\/wp-content\/uploads\/2018\/09\/2-michael-gaida-pixabay-16x12.jpg 16w, https:\/\/www.immobilienbusiness.ch\/wp-content\/uploads\/2018\/09\/2-michael-gaida-pixabay-263x175.jpg 263w, https:\/\/www.immobilienbusiness.ch\/wp-content\/uploads\/2018\/09\/2-michael-gaida-pixabay-525x350.jpg 525w, https:\/\/www.immobilienbusiness.ch\/wp-content\/uploads\/2018\/09\/2-michael-gaida-pixabay-1200x800.jpg 1200w, https:\/\/www.immobilienbusiness.ch\/wp-content\/uploads\/2018\/09\/2-michael-gaida-pixabay-920x613.jpg 920w, https:\/\/www.immobilienbusiness.ch\/wp-content\/uploads\/2018\/09\/2-michael-gaida-pixabay-1400x933.jpg 1400w, https:\/\/www.immobilienbusiness.ch\/wp-content\/uploads\/2018\/09\/2-michael-gaida-pixabay.jpg 1920w\" sizes=\"auto, (max-width: 300px) 100vw, 300px\" \/><figcaption id=\"caption-attachment-14225\" class=\"wp-caption-text\">Le Conseil national d\u00e9cide de durcir la Lex Koller (Image : Pixabay)<\/figcaption><\/figure>\n<p>Le 8 mars 2021, le Conseil national a d\u00e9battu de la r\u00e9vision de la loi Covid 19 et des cr\u00e9dits suppl\u00e9mentaires correspondants au budget 2021. Parmi les mesures adopt\u00e9es figure un durcissement de la Lex Koller.<\/p>\n<p>Le contexte : Une majorit\u00e9 du Conseil national, voyant des signes que les prix des terrains pourraient subir une pression en raison de la crise de Corona, a accept\u00e9 une motion qui - comme l'initiative parlementaire 21.400 r\u00e9cemment rejet\u00e9e par le RK-S - voudrait prolonger l'obligation d'autorisation selon la Lex Koller pour les terrains d'\u00e9tablissement permanent jusqu'\u00e0 deux ans apr\u00e8s la fin de la situation sp\u00e9ciale ou exceptionnelle selon la loi sur les \u00e9pid\u00e9mies.<\/p>\n<p>Afin d'\u00e9viter que des soci\u00e9t\u00e9s \u00e9trang\u00e8res ne reprennent des biens immobiliers d'entreprises suisses en difficult\u00e9, ces ventes doivent \u00eatre soumises \u00e0 autorisation pendant deux ans apr\u00e8s la fin de la situation sp\u00e9ciale ou extraordinaire.<\/p>\n<p>Le Conseil national a approuv\u00e9 cet amendement \u00e0 la \"Lex Koller\" - par 113 voix contre 80 et une abstention. La loi retourne maintenant au Conseil des \u00c9tats. <em>(M.ARR.)<\/em><\/p>","protected":false},"excerpt":{"rendered":"<p>Le 8.3. 2021, le Conseil national a d\u00e9battu de la r\u00e9vision de la loi Covid 19. Parmi les mesures adopt\u00e9es figure un renforcement de la Lex Koller.<\/p>","protected":false},"author":3,"featured_media":14225,"comment_status":"closed","ping_status":"closed","sticky":false,"template":"","format":"standard","meta":{"_acf_changed":false,"_yoast_wpseo_focuskw":"Lex Koller","_yoast_wpseo_title":"","_yoast_wpseo_metadesc":"Der Nationalrat debattierte \u00fcber die Revision des Covid-19-Gesetzes. Zu den beschlossenen Massnahmen geh\u00f6rt auch eine Versch\u00e4rfung der Lex Koller.","_yoast_wpseo_linkdex":42,"pgc_sgb_lightbox_settings":"","footnotes":""},"categories":[988],"tags":[1267,1444],"class_list":["post-23681","post","type-post","status-publish","format-standard","has-post-thumbnail","hentry","category-unternehmen","tag-gesetzgebung","tag-lex-koller"],"acf":[],"yoast_head":"<!-- This site is optimized with the Yoast SEO plugin v27.5 - https:\/\/yoast.com\/product\/yoast-seo-wordpress\/ -->\n<title>Lex Koller: Nationalrat stimmt Versch\u00e4rfung zu - IMMOBILIEN Business<\/title>\n<meta name=\"description\" content=\"Der Nationalrat debattierte \u00fcber die Revision des Covid-19-Gesetzes. Zu den beschlossenen Massnahmen geh\u00f6rt auch eine Versch\u00e4rfung der Lex Koller.\" \/>\n<meta name=\"robots\" content=\"index, follow, max-snippet:-1, max-image-preview:large, max-video-preview:-1\" \/>\n<link rel=\"canonical\" href=\"https:\/\/www.immobilienbusiness.ch\/fr\/unternehmen\/2021-03-10\/lex-koller-nationalrat-stimmt-verschaerfung-zu\/\" \/>\n<meta property=\"og:locale\" content=\"fr_FR\" \/>\n<meta property=\"og:type\" content=\"article\" \/>\n<meta property=\"og:title\" content=\"Lex Koller: Nationalrat stimmt Versch\u00e4rfung zu - IMMOBILIEN Business\" \/>\n<meta property=\"og:description\" content=\"Der Nationalrat debattierte \u00fcber die Revision des Covid-19-Gesetzes. Zu den beschlossenen Massnahmen geh\u00f6rt auch eine Versch\u00e4rfung der Lex Koller.\" \/>\n<meta property=\"og:url\" content=\"https:\/\/www.immobilienbusiness.ch\/fr\/unternehmen\/2021-03-10\/lex-koller-nationalrat-stimmt-verschaerfung-zu\/\" \/>\n<meta property=\"og:site_name\" content=\"IMMOBILIEN Business\" \/>\n<meta property=\"article:publisher\" content=\"https:\/\/www.facebook.com\/immobilienbusiness\/\" \/>\n<meta property=\"article:published_time\" content=\"2021-03-10T08:59:45+00:00\" \/>\n<meta property=\"article:modified_time\" content=\"2023-08-09T17:32:30+00:00\" \/>\n<meta property=\"og:image\" content=\"https:\/\/www.immobilienbusiness.ch\/wp-content\/uploads\/2018\/09\/2-michael-gaida-pixabay.jpg\" \/>\n\t<meta property=\"og:image:width\" content=\"1920\" \/>\n\t<meta property=\"og:image:height\" content=\"1280\" \/>\n\t<meta property=\"og:image:type\" content=\"image\/jpeg\" \/>\n<meta name=\"author\" content=\"anja.hall\" \/>\n<meta name=\"twitter:card\" content=\"summary_large_image\" \/>\n<meta name=\"twitter:image\" content=\"https:\/\/www.immobilienbusiness.ch\/wp-content\/uploads\/2018\/09\/2-michael-gaida-pixabay.jpg\" \/>\n<script type=\"application\/ld+json\" class=\"yoast-schema-graph\">{\"@context\":\"https:\\\/\\\/schema.org\",\"@graph\":[{\"@type\":\"Article\",\"@id\":\"https:\\\/\\\/www.immobilienbusiness.ch\\\/unternehmen\\\/2021-03-10\\\/lex-koller-nationalrat-stimmt-verschaerfung-zu\\\/#article\",\"isPartOf\":{\"@id\":\"https:\\\/\\\/www.immobilienbusiness.ch\\\/unternehmen\\\/2021-03-10\\\/lex-koller-nationalrat-stimmt-verschaerfung-zu\\\/\"},\"author\":{\"name\":\"anja.hall\",\"@id\":\"https:\\\/\\\/www.immobilienbusiness.ch\\\/#\\\/schema\\\/person\\\/3fc036297b10b9f42d6db5ee932af8c8\"},\"headline\":\"Lex Koller: Nationalrat stimmt Versch\u00e4rfung zu\",\"datePublished\":\"2021-03-10T08:59:45+00:00\",\"dateModified\":\"2023-08-09T17:32:30+00:00\",\"mainEntityOfPage\":{\"@id\":\"https:\\\/\\\/www.immobilienbusiness.ch\\\/unternehmen\\\/2021-03-10\\\/lex-koller-nationalrat-stimmt-verschaerfung-zu\\\/\"},\"wordCount\":175,\"publisher\":{\"@id\":\"https:\\\/\\\/www.immobilienbusiness.ch\\\/#organization\"},\"image\":{\"@id\":\"https:\\\/\\\/www.immobilienbusiness.ch\\\/unternehmen\\\/2021-03-10\\\/lex-koller-nationalrat-stimmt-verschaerfung-zu\\\/#primaryimage\"},\"thumbnailUrl\":\"https:\\\/\\\/www.immobilienbusiness.ch\\\/wp-content\\\/uploads\\\/2018\\\/09\\\/2-michael-gaida-pixabay.jpg\",\"keywords\":[\"Gesetzgebung\",\"Lex Koller\"],\"articleSection\":[\"UNTERNEHMEN\"],\"inLanguage\":\"fr-FR\"},{\"@type\":\"WebPage\",\"@id\":\"https:\\\/\\\/www.immobilienbusiness.ch\\\/unternehmen\\\/2021-03-10\\\/lex-koller-nationalrat-stimmt-verschaerfung-zu\\\/\",\"url\":\"https:\\\/\\\/www.immobilienbusiness.ch\\\/unternehmen\\\/2021-03-10\\\/lex-koller-nationalrat-stimmt-verschaerfung-zu\\\/\",\"name\":\"Lex Koller: Nationalrat stimmt Versch\u00e4rfung zu - IMMOBILIEN Business\",\"isPartOf\":{\"@id\":\"https:\\\/\\\/www.immobilienbusiness.ch\\\/#website\"},\"primaryImageOfPage\":{\"@id\":\"https:\\\/\\\/www.immobilienbusiness.ch\\\/unternehmen\\\/2021-03-10\\\/lex-koller-nationalrat-stimmt-verschaerfung-zu\\\/#primaryimage\"},\"image\":{\"@id\":\"https:\\\/\\\/www.immobilienbusiness.ch\\\/unternehmen\\\/2021-03-10\\\/lex-koller-nationalrat-stimmt-verschaerfung-zu\\\/#primaryimage\"},\"thumbnailUrl\":\"https:\\\/\\\/www.immobilienbusiness.ch\\\/wp-content\\\/uploads\\\/2018\\\/09\\\/2-michael-gaida-pixabay.jpg\",\"datePublished\":\"2021-03-10T08:59:45+00:00\",\"dateModified\":\"2023-08-09T17:32:30+00:00\",\"description\":\"Der Nationalrat debattierte \u00fcber die Revision des Covid-19-Gesetzes. Zu den beschlossenen Massnahmen geh\u00f6rt auch eine Versch\u00e4rfung der Lex Koller.\",\"breadcrumb\":{\"@id\":\"https:\\\/\\\/www.immobilienbusiness.ch\\\/unternehmen\\\/2021-03-10\\\/lex-koller-nationalrat-stimmt-verschaerfung-zu\\\/#breadcrumb\"},\"inLanguage\":\"fr-FR\",\"potentialAction\":[{\"@type\":\"ReadAction\",\"target\":[\"https:\\\/\\\/www.immobilienbusiness.ch\\\/unternehmen\\\/2021-03-10\\\/lex-koller-nationalrat-stimmt-verschaerfung-zu\\\/\"]}]},{\"@type\":\"ImageObject\",\"inLanguage\":\"fr-FR\",\"@id\":\"https:\\\/\\\/www.immobilienbusiness.ch\\\/unternehmen\\\/2021-03-10\\\/lex-koller-nationalrat-stimmt-verschaerfung-zu\\\/#primaryimage\",\"url\":\"https:\\\/\\\/www.immobilienbusiness.ch\\\/wp-content\\\/uploads\\\/2018\\\/09\\\/2-michael-gaida-pixabay.jpg\",\"contentUrl\":\"https:\\\/\\\/www.immobilienbusiness.ch\\\/wp-content\\\/uploads\\\/2018\\\/09\\\/2-michael-gaida-pixabay.jpg\",\"width\":1920,\"height\":1280,\"caption\":\"Die Nachfrage nach Bu\u0308rofl\u00e4chen steigt, die Leerst\u00e4nde gehen zuru\u0308ck.\"},{\"@type\":\"BreadcrumbList\",\"@id\":\"https:\\\/\\\/www.immobilienbusiness.ch\\\/unternehmen\\\/2021-03-10\\\/lex-koller-nationalrat-stimmt-verschaerfung-zu\\\/#breadcrumb\",\"itemListElement\":[{\"@type\":\"ListItem\",\"position\":1,\"name\":\"Home\",\"item\":\"https:\\\/\\\/www.immobilienbusiness.ch\\\/\"},{\"@type\":\"ListItem\",\"position\":2,\"name\":\"Lex Koller: Nationalrat stimmt Versch\u00e4rfung zu\"}]},{\"@type\":\"WebSite\",\"@id\":\"https:\\\/\\\/www.immobilienbusiness.ch\\\/#website\",\"url\":\"https:\\\/\\\/www.immobilienbusiness.ch\\\/\",\"name\":\"IMMOBILIEN Business\",\"description\":\"Unabh\u00e4ngiges Schweizer Wirtschaftsmagazin mit Fokus auf Immobilien, Architektur- und Bau sowie Investment- und Finanzierung.\",\"publisher\":{\"@id\":\"https:\\\/\\\/www.immobilienbusiness.ch\\\/#organization\"},\"potentialAction\":[{\"@type\":\"SearchAction\",\"target\":{\"@type\":\"EntryPoint\",\"urlTemplate\":\"https:\\\/\\\/www.immobilienbusiness.ch\\\/?s={search_term_string}\"},\"query-input\":{\"@type\":\"PropertyValueSpecification\",\"valueRequired\":true,\"valueName\":\"search_term_string\"}}],\"inLanguage\":\"fr-FR\"},{\"@type\":\"Organization\",\"@id\":\"https:\\\/\\\/www.immobilienbusiness.ch\\\/#organization\",\"name\":\"IMMOBILIEN Business\",\"url\":\"https:\\\/\\\/www.immobilienbusiness.ch\\\/\",\"logo\":{\"@type\":\"ImageObject\",\"inLanguage\":\"fr-FR\",\"@id\":\"https:\\\/\\\/www.immobilienbusiness.ch\\\/#\\\/schema\\\/logo\\\/image\\\/\",\"url\":\"https:\\\/\\\/www.immobilienbusiness.ch\\\/wp-content\\\/uploads\\\/2021\\\/07\\\/logo_ib.png\",\"contentUrl\":\"https:\\\/\\\/www.immobilienbusiness.ch\\\/wp-content\\\/uploads\\\/2021\\\/07\\\/logo_ib.png\",\"width\":800,\"height\":181,\"caption\":\"IMMOBILIEN Business\"},\"image\":{\"@id\":\"https:\\\/\\\/www.immobilienbusiness.ch\\\/#\\\/schema\\\/logo\\\/image\\\/\"},\"sameAs\":[\"https:\\\/\\\/www.facebook.com\\\/immobilienbusiness\\\/\"]},{\"@type\":\"Person\",\"@id\":\"https:\\\/\\\/www.immobilienbusiness.ch\\\/#\\\/schema\\\/person\\\/3fc036297b10b9f42d6db5ee932af8c8\",\"name\":\"anja.hall\",\"image\":{\"@type\":\"ImageObject\",\"inLanguage\":\"fr-FR\",\"@id\":\"https:\\\/\\\/secure.gravatar.com\\\/avatar\\\/066b5a0d447013502c71a5782f4f3469f03cfe595cc2329fb94652fe47511bfb?s=96&d=mm&r=g\",\"url\":\"https:\\\/\\\/secure.gravatar.com\\\/avatar\\\/066b5a0d447013502c71a5782f4f3469f03cfe595cc2329fb94652fe47511bfb?s=96&d=mm&r=g\",\"contentUrl\":\"https:\\\/\\\/secure.gravatar.com\\\/avatar\\\/066b5a0d447013502c71a5782f4f3469f03cfe595cc2329fb94652fe47511bfb?s=96&d=mm&r=g\",\"caption\":\"anja.hall\"},\"url\":\"https:\\\/\\\/www.immobilienbusiness.ch\\\/fr\\\/author\\\/anja-hall\\\/\"}]}<\/script>\n<!-- \/ Yoast SEO plugin. -->","yoast_head_json":{"title":"Lex Koller: Nationalrat stimmt Versch\u00e4rfung zu - IMMOBILIEN Business","description":"Der Nationalrat debattierte \u00fcber die Revision des Covid-19-Gesetzes. Zu den beschlossenen Massnahmen geh\u00f6rt auch eine Versch\u00e4rfung der Lex Koller.","robots":{"index":"index","follow":"follow","max-snippet":"max-snippet:-1","max-image-preview":"max-image-preview:large","max-video-preview":"max-video-preview:-1"},"canonical":"https:\/\/www.immobilienbusiness.ch\/fr\/unternehmen\/2021-03-10\/lex-koller-nationalrat-stimmt-verschaerfung-zu\/","og_locale":"fr_FR","og_type":"article","og_title":"Lex Koller: Nationalrat stimmt Versch\u00e4rfung zu - IMMOBILIEN Business","og_description":"Der Nationalrat debattierte \u00fcber die Revision des Covid-19-Gesetzes. Zu den beschlossenen Massnahmen geh\u00f6rt auch eine Versch\u00e4rfung der Lex Koller.","og_url":"https:\/\/www.immobilienbusiness.ch\/fr\/unternehmen\/2021-03-10\/lex-koller-nationalrat-stimmt-verschaerfung-zu\/","og_site_name":"IMMOBILIEN Business","article_publisher":"https:\/\/www.facebook.com\/immobilienbusiness\/","article_published_time":"2021-03-10T08:59:45+00:00","article_modified_time":"2023-08-09T17:32:30+00:00","og_image":[{"width":1920,"height":1280,"url":"https:\/\/www.immobilienbusiness.ch\/wp-content\/uploads\/2018\/09\/2-michael-gaida-pixabay.jpg","type":"image\/jpeg"}],"author":"anja.hall","twitter_card":"summary_large_image","twitter_image":"https:\/\/www.immobilienbusiness.ch\/wp-content\/uploads\/2018\/09\/2-michael-gaida-pixabay.jpg","schema":{"@context":"https:\/\/schema.org","@graph":[{"@type":"Article","@id":"https:\/\/www.immobilienbusiness.ch\/unternehmen\/2021-03-10\/lex-koller-nationalrat-stimmt-verschaerfung-zu\/#article","isPartOf":{"@id":"https:\/\/www.immobilienbusiness.ch\/unternehmen\/2021-03-10\/lex-koller-nationalrat-stimmt-verschaerfung-zu\/"},"author":{"name":"anja.hall","@id":"https:\/\/www.immobilienbusiness.ch\/#\/schema\/person\/3fc036297b10b9f42d6db5ee932af8c8"},"headline":"Lex Koller: Nationalrat stimmt Versch\u00e4rfung zu","datePublished":"2021-03-10T08:59:45+00:00","dateModified":"2023-08-09T17:32:30+00:00","mainEntityOfPage":{"@id":"https:\/\/www.immobilienbusiness.ch\/unternehmen\/2021-03-10\/lex-koller-nationalrat-stimmt-verschaerfung-zu\/"},"wordCount":175,"publisher":{"@id":"https:\/\/www.immobilienbusiness.ch\/#organization"},"image":{"@id":"https:\/\/www.immobilienbusiness.ch\/unternehmen\/2021-03-10\/lex-koller-nationalrat-stimmt-verschaerfung-zu\/#primaryimage"},"thumbnailUrl":"https:\/\/www.immobilienbusiness.ch\/wp-content\/uploads\/2018\/09\/2-michael-gaida-pixabay.jpg","keywords":["Gesetzgebung","Lex Koller"],"articleSection":["UNTERNEHMEN"],"inLanguage":"fr-FR"},{"@type":"WebPage","@id":"https:\/\/www.immobilienbusiness.ch\/unternehmen\/2021-03-10\/lex-koller-nationalrat-stimmt-verschaerfung-zu\/","url":"https:\/\/www.immobilienbusiness.ch\/unternehmen\/2021-03-10\/lex-koller-nationalrat-stimmt-verschaerfung-zu\/","name":"Lex Koller: Nationalrat stimmt Versch\u00e4rfung zu - IMMOBILIEN Business","isPartOf":{"@id":"https:\/\/www.immobilienbusiness.ch\/#website"},"primaryImageOfPage":{"@id":"https:\/\/www.immobilienbusiness.ch\/unternehmen\/2021-03-10\/lex-koller-nationalrat-stimmt-verschaerfung-zu\/#primaryimage"},"image":{"@id":"https:\/\/www.immobilienbusiness.ch\/unternehmen\/2021-03-10\/lex-koller-nationalrat-stimmt-verschaerfung-zu\/#primaryimage"},"thumbnailUrl":"https:\/\/www.immobilienbusiness.ch\/wp-content\/uploads\/2018\/09\/2-michael-gaida-pixabay.jpg","datePublished":"2021-03-10T08:59:45+00:00","dateModified":"2023-08-09T17:32:30+00:00","description":"Der Nationalrat debattierte \u00fcber die Revision des Covid-19-Gesetzes. Zu den beschlossenen Massnahmen geh\u00f6rt auch eine Versch\u00e4rfung der Lex Koller.","breadcrumb":{"@id":"https:\/\/www.immobilienbusiness.ch\/unternehmen\/2021-03-10\/lex-koller-nationalrat-stimmt-verschaerfung-zu\/#breadcrumb"},"inLanguage":"fr-FR","potentialAction":[{"@type":"ReadAction","target":["https:\/\/www.immobilienbusiness.ch\/unternehmen\/2021-03-10\/lex-koller-nationalrat-stimmt-verschaerfung-zu\/"]}]},{"@type":"ImageObject","inLanguage":"fr-FR","@id":"https:\/\/www.immobilienbusiness.ch\/unternehmen\/2021-03-10\/lex-koller-nationalrat-stimmt-verschaerfung-zu\/#primaryimage","url":"https:\/\/www.immobilienbusiness.ch\/wp-content\/uploads\/2018\/09\/2-michael-gaida-pixabay.jpg","contentUrl":"https:\/\/www.immobilienbusiness.ch\/wp-content\/uploads\/2018\/09\/2-michael-gaida-pixabay.jpg","width":1920,"height":1280,"caption":"Die Nachfrage nach Bu\u0308rofl\u00e4chen steigt, die Leerst\u00e4nde gehen zuru\u0308ck."},{"@type":"BreadcrumbList","@id":"https:\/\/www.immobilienbusiness.ch\/unternehmen\/2021-03-10\/lex-koller-nationalrat-stimmt-verschaerfung-zu\/#breadcrumb","itemListElement":[{"@type":"ListItem","position":1,"name":"Home","item":"https:\/\/www.immobilienbusiness.ch\/"},{"@type":"ListItem","position":2,"name":"Lex Koller: Nationalrat stimmt Versch\u00e4rfung zu"}]},{"@type":"WebSite","@id":"https:\/\/www.immobilienbusiness.ch\/#website","url":"https:\/\/www.immobilienbusiness.ch\/","name":"IMMOBILIER Business","description":"Magazine \u00e9conomique suisse ind\u00e9pendant ax\u00e9 sur l'immobilier, l'architecture et la construction ainsi que sur les investissements et le financement.","publisher":{"@id":"https:\/\/www.immobilienbusiness.ch\/#organization"},"potentialAction":[{"@type":"SearchAction","target":{"@type":"EntryPoint","urlTemplate":"https:\/\/www.immobilienbusiness.ch\/?s={search_term_string}"},"query-input":{"@type":"PropertyValueSpecification","valueRequired":true,"valueName":"search_term_string"}}],"inLanguage":"fr-FR"},{"@type":"Organization","@id":"https:\/\/www.immobilienbusiness.ch\/#organization","name":"IMMOBILIER Business","url":"https:\/\/www.immobilienbusiness.ch\/","logo":{"@type":"ImageObject","inLanguage":"fr-FR","@id":"https:\/\/www.immobilienbusiness.ch\/#\/schema\/logo\/image\/","url":"https:\/\/www.immobilienbusiness.ch\/wp-content\/uploads\/2021\/07\/logo_ib.png","contentUrl":"https:\/\/www.immobilienbusiness.ch\/wp-content\/uploads\/2021\/07\/logo_ib.png","width":800,"height":181,"caption":"IMMOBILIEN Business"},"image":{"@id":"https:\/\/www.immobilienbusiness.ch\/#\/schema\/logo\/image\/"},"sameAs":["https:\/\/www.facebook.com\/immobilienbusiness\/"]},{"@type":"Person","@id":"https:\/\/www.immobilienbusiness.ch\/#\/schema\/person\/3fc036297b10b9f42d6db5ee932af8c8","name":"anja.hall","image":{"@type":"ImageObject","inLanguage":"fr-FR","@id":"https:\/\/secure.gravatar.com\/avatar\/066b5a0d447013502c71a5782f4f3469f03cfe595cc2329fb94652fe47511bfb?s=96&d=mm&r=g","url":"https:\/\/secure.gravatar.com\/avatar\/066b5a0d447013502c71a5782f4f3469f03cfe595cc2329fb94652fe47511bfb?s=96&d=mm&r=g","contentUrl":"https:\/\/secure.gravatar.com\/avatar\/066b5a0d447013502c71a5782f4f3469f03cfe595cc2329fb94652fe47511bfb?s=96&d=mm&r=g","caption":"anja.hall"},"url":"https:\/\/www.immobilienbusiness.ch\/fr\/author\/anja-hall\/"}]}},"_links":{"self":[{"href":"https:\/\/www.immobilienbusiness.ch\/fr\/wp-json\/wp\/v2\/posts\/23681","targetHints":{"allow":["GET"]}}],"collection":[{"href":"https:\/\/www.immobilienbusiness.ch\/fr\/wp-json\/wp\/v2\/posts"}],"about":[{"href":"https:\/\/www.immobilienbusiness.ch\/fr\/wp-json\/wp\/v2\/types\/post"}],"author":[{"embeddable":true,"href":"https:\/\/www.immobilienbusiness.ch\/fr\/wp-json\/wp\/v2\/users\/3"}],"replies":[{"embeddable":true,"href":"https:\/\/www.immobilienbusiness.ch\/fr\/wp-json\/wp\/v2\/comments?post=23681"}],"version-history":[{"count":1,"href":"https:\/\/www.immobilienbusiness.ch\/fr\/wp-json\/wp\/v2\/posts\/23681\/revisions"}],"predecessor-version":[{"id":51720,"href":"https:\/\/www.immobilienbusiness.ch\/fr\/wp-json\/wp\/v2\/posts\/23681\/revisions\/51720"}],"wp:featuredmedia":[{"embeddable":true,"href":"https:\/\/www.immobilienbusiness.ch\/fr\/wp-json\/wp\/v2\/media\/14225"}],"wp:attachment":[{"href":"https:\/\/www.immobilienbusiness.ch\/fr\/wp-json\/wp\/v2\/media?parent=23681"}],"wp:term":[{"taxonomy":"category","embeddable":true,"href":"https:\/\/www.immobilienbusiness.ch\/fr\/wp-json\/wp\/v2\/categories?post=23681"},{"taxonomy":"post_tag","embeddable":true,"href":"https:\/\/www.immobilienbusiness.ch\/fr\/wp-json\/wp\/v2\/tags?post=23681"}],"curies":[{"name":"wp","href":"https:\/\/api.w.org\/{rel}","templated":true}]}}