{"id":23609,"date":"2021-03-02T09:11:52","date_gmt":"2021-03-02T08:11:52","guid":{"rendered":"https:\/\/www.immobilienbusiness.ch\/?p=23609"},"modified":"2021-03-02T09:11:52","modified_gmt":"2021-03-02T08:11:52","slug":"avobis-will-fondsgeschaeft-aufbauen","status":"publish","type":"post","link":"https:\/\/www.immobilienbusiness.ch\/fr\/unternehmen\/2021-03-02\/avobis-will-fondsgeschaeft-aufbauen\/","title":{"rendered":"Avobis veut d\u00e9velopper des activit\u00e9s de fonds"},"content":{"rendered":"<figure id=\"attachment_23610\" aria-describedby=\"caption-attachment-23610\" style=\"width: 680px\" class=\"wp-caption alignnone\"><img loading=\"lazy\" decoding=\"async\" class=\"size-medium wp-image-23610\" src=\"https:\/\/www.immobilienbusiness.ch\/wp-content\/uploads\/2021\/03\/Frederic_Koenigsegg_Portrait.jpg\" alt=\"\" width=\"680\" height=\"454\" srcset=\"https:\/\/www.immobilienbusiness.ch\/wp-content\/uploads\/2021\/03\/Frederic_Koenigsegg_Portrait.jpg 787w, https:\/\/www.immobilienbusiness.ch\/wp-content\/uploads\/2021\/03\/Frederic_Koenigsegg_Portrait-300x200.jpg 300w, https:\/\/www.immobilienbusiness.ch\/wp-content\/uploads\/2021\/03\/Frederic_Koenigsegg_Portrait-768x512.jpg 768w, https:\/\/www.immobilienbusiness.ch\/wp-content\/uploads\/2021\/03\/Frederic_Koenigsegg_Portrait-16x12.jpg 16w, https:\/\/www.immobilienbusiness.ch\/wp-content\/uploads\/2021\/03\/Frederic_Koenigsegg_Portrait-262x175.jpg 262w, https:\/\/www.immobilienbusiness.ch\/wp-content\/uploads\/2021\/03\/Frederic_Koenigsegg_Portrait-525x350.jpg 525w\" sizes=\"auto, (max-width: 680px) 100vw, 680px\" \/><figcaption id=\"caption-attachment-23610\" class=\"wp-caption-text\">Frederic K\u00f6nigsegg (photo : Avobis)<\/figcaption><\/figure>\n<p>Avec l'autorisation de gestionnaire de fortune collective, Avobis Credit Services AG pourra d\u00e9sormais g\u00e9rer des placements collectifs de capitaux en plus de la gestion des fonds de pr\u00e9voyance et de la gestion des hypoth\u00e8ques.<\/p>\n<p>La direction du Portfolio Management devrait \u00eatre reprise \u00e0 partir de juin 2021 par Frederic K\u00f6nigsegg, qui \u00e9tait en dernier lieu Chief Investment Officer (CIO) chez Helvetica Property Investors. K\u00f6nigsegg travaille depuis 25 ans sur le march\u00e9 suisse et international de l'immobilier et de l'investissement. \"Avec l'engagement de Monsieur K\u00f6nigsegg, je suis convaincu d'avoir trouv\u00e9 le renfort optimal pour d\u00e9velopper notre activit\u00e9 de fonds de mani\u00e8re cibl\u00e9e et avec succ\u00e8s\", d\u00e9clare Andreas Granella, directeur g\u00e9n\u00e9ral d'Avobis Credit Services AG. <em>(ah)<\/em><\/p>","protected":false},"excerpt":{"rendered":"<p>Avobis Credit Services AG pourra \u00e0 l'avenir g\u00e9rer des fortunes collectives ; l'autorit\u00e9 de surveillance financi\u00e8re FINMA a d\u00e9livr\u00e9 l'autorisation correspondante. <\/p>","protected":false},"author":3,"featured_media":23610,"comment_status":"closed","ping_status":"open","sticky":false,"template":"","format":"standard","meta":{"_acf_changed":false,"_yoast_wpseo_focuskw":"Avobis","_yoast_wpseo_title":"","_yoast_wpseo_metadesc":"Die Avobis Credit Services AG kann k\u00fcnftig Kollektivverm\u00f6gen verwalten; die Finanzaufsicht FINMA hat die entsprechende Bewilligung erteilt.","_yoast_wpseo_linkdex":44,"pgc_sgb_lightbox_settings":"","footnotes":""},"categories":[988],"tags":[1056,1344,1563],"class_list":["post-23609","post","type-post","status-publish","format-standard","has-post-thumbnail","hentry","category-unternehmen","tag-avobis","tag-immobilienfonds","tag-personalia"],"acf":[],"yoast_head":"<!-- This site is optimized with the Yoast SEO plugin v27.5 - https:\/\/yoast.com\/product\/yoast-seo-wordpress\/ -->\n<title>Avobis will Fondsgesch\u00e4ft aufbauen - IMMOBILIEN Business<\/title>\n<meta name=\"description\" content=\"Die Avobis Credit Services AG kann k\u00fcnftig Kollektivverm\u00f6gen verwalten; die Finanzaufsicht FINMA hat die entsprechende Bewilligung erteilt.\" \/>\n<meta name=\"robots\" content=\"index, follow, max-snippet:-1, max-image-preview:large, max-video-preview:-1\" \/>\n<link rel=\"canonical\" href=\"https:\/\/www.immobilienbusiness.ch\/fr\/unternehmen\/2021-03-02\/avobis-will-fondsgeschaeft-aufbauen\/\" \/>\n<meta property=\"og:locale\" content=\"fr_FR\" \/>\n<meta property=\"og:type\" content=\"article\" \/>\n<meta property=\"og:title\" content=\"Avobis will Fondsgesch\u00e4ft aufbauen - IMMOBILIEN Business\" \/>\n<meta property=\"og:description\" content=\"Die Avobis Credit Services AG kann k\u00fcnftig Kollektivverm\u00f6gen verwalten; die Finanzaufsicht FINMA hat die entsprechende Bewilligung erteilt.\" \/>\n<meta property=\"og:url\" content=\"https:\/\/www.immobilienbusiness.ch\/fr\/unternehmen\/2021-03-02\/avobis-will-fondsgeschaeft-aufbauen\/\" \/>\n<meta property=\"og:site_name\" content=\"IMMOBILIEN Business\" \/>\n<meta property=\"article:publisher\" content=\"https:\/\/www.facebook.com\/immobilienbusiness\/\" \/>\n<meta property=\"article:published_time\" content=\"2021-03-02T08:11:52+00:00\" \/>\n<meta property=\"og:image\" content=\"https:\/\/www.immobilienbusiness.ch\/wp-content\/uploads\/2021\/03\/Frederic_Koenigsegg_Portrait.jpg\" \/>\n\t<meta property=\"og:image:width\" content=\"787\" \/>\n\t<meta property=\"og:image:height\" content=\"525\" \/>\n\t<meta property=\"og:image:type\" content=\"image\/jpeg\" \/>\n<meta name=\"author\" content=\"anja.hall\" \/>\n<meta name=\"twitter:card\" content=\"summary_large_image\" \/>\n<meta name=\"twitter:image\" content=\"https:\/\/www.immobilienbusiness.ch\/wp-content\/uploads\/2021\/03\/Frederic_Koenigsegg_Portrait.jpg\" \/>\n<script type=\"application\/ld+json\" class=\"yoast-schema-graph\">{\"@context\":\"https:\\\/\\\/schema.org\",\"@graph\":[{\"@type\":\"Article\",\"@id\":\"https:\\\/\\\/www.immobilienbusiness.ch\\\/unternehmen\\\/2021-03-02\\\/avobis-will-fondsgeschaeft-aufbauen\\\/#article\",\"isPartOf\":{\"@id\":\"https:\\\/\\\/www.immobilienbusiness.ch\\\/unternehmen\\\/2021-03-02\\\/avobis-will-fondsgeschaeft-aufbauen\\\/\"},\"author\":{\"name\":\"anja.hall\",\"@id\":\"https:\\\/\\\/www.immobilienbusiness.ch\\\/#\\\/schema\\\/person\\\/3fc036297b10b9f42d6db5ee932af8c8\"},\"headline\":\"Avobis will Fondsgesch\u00e4ft aufbauen\",\"datePublished\":\"2021-03-02T08:11:52+00:00\",\"mainEntityOfPage\":{\"@id\":\"https:\\\/\\\/www.immobilienbusiness.ch\\\/unternehmen\\\/2021-03-02\\\/avobis-will-fondsgeschaeft-aufbauen\\\/\"},\"wordCount\":117,\"publisher\":{\"@id\":\"https:\\\/\\\/www.immobilienbusiness.ch\\\/#organization\"},\"image\":{\"@id\":\"https:\\\/\\\/www.immobilienbusiness.ch\\\/unternehmen\\\/2021-03-02\\\/avobis-will-fondsgeschaeft-aufbauen\\\/#primaryimage\"},\"thumbnailUrl\":\"https:\\\/\\\/www.immobilienbusiness.ch\\\/wp-content\\\/uploads\\\/2021\\\/03\\\/Frederic_Koenigsegg_Portrait.jpg\",\"keywords\":[\"Avobis\",\"Immobilienfonds\",\"Personalia\"],\"articleSection\":[\"UNTERNEHMEN\"],\"inLanguage\":\"fr-FR\"},{\"@type\":\"WebPage\",\"@id\":\"https:\\\/\\\/www.immobilienbusiness.ch\\\/unternehmen\\\/2021-03-02\\\/avobis-will-fondsgeschaeft-aufbauen\\\/\",\"url\":\"https:\\\/\\\/www.immobilienbusiness.ch\\\/unternehmen\\\/2021-03-02\\\/avobis-will-fondsgeschaeft-aufbauen\\\/\",\"name\":\"Avobis will Fondsgesch\u00e4ft aufbauen - IMMOBILIEN Business\",\"isPartOf\":{\"@id\":\"https:\\\/\\\/www.immobilienbusiness.ch\\\/#website\"},\"primaryImageOfPage\":{\"@id\":\"https:\\\/\\\/www.immobilienbusiness.ch\\\/unternehmen\\\/2021-03-02\\\/avobis-will-fondsgeschaeft-aufbauen\\\/#primaryimage\"},\"image\":{\"@id\":\"https:\\\/\\\/www.immobilienbusiness.ch\\\/unternehmen\\\/2021-03-02\\\/avobis-will-fondsgeschaeft-aufbauen\\\/#primaryimage\"},\"thumbnailUrl\":\"https:\\\/\\\/www.immobilienbusiness.ch\\\/wp-content\\\/uploads\\\/2021\\\/03\\\/Frederic_Koenigsegg_Portrait.jpg\",\"datePublished\":\"2021-03-02T08:11:52+00:00\",\"description\":\"Die Avobis Credit Services AG kann k\u00fcnftig Kollektivverm\u00f6gen verwalten; die Finanzaufsicht FINMA hat die entsprechende Bewilligung erteilt.\",\"breadcrumb\":{\"@id\":\"https:\\\/\\\/www.immobilienbusiness.ch\\\/unternehmen\\\/2021-03-02\\\/avobis-will-fondsgeschaeft-aufbauen\\\/#breadcrumb\"},\"inLanguage\":\"fr-FR\",\"potentialAction\":[{\"@type\":\"ReadAction\",\"target\":[\"https:\\\/\\\/www.immobilienbusiness.ch\\\/unternehmen\\\/2021-03-02\\\/avobis-will-fondsgeschaeft-aufbauen\\\/\"]}]},{\"@type\":\"ImageObject\",\"inLanguage\":\"fr-FR\",\"@id\":\"https:\\\/\\\/www.immobilienbusiness.ch\\\/unternehmen\\\/2021-03-02\\\/avobis-will-fondsgeschaeft-aufbauen\\\/#primaryimage\",\"url\":\"https:\\\/\\\/www.immobilienbusiness.ch\\\/wp-content\\\/uploads\\\/2021\\\/03\\\/Frederic_Koenigsegg_Portrait.jpg\",\"contentUrl\":\"https:\\\/\\\/www.immobilienbusiness.ch\\\/wp-content\\\/uploads\\\/2021\\\/03\\\/Frederic_Koenigsegg_Portrait.jpg\",\"width\":787,\"height\":525,\"caption\":\"Frederic K\u00f6nigsegg (Bild: Avobis)\"},{\"@type\":\"BreadcrumbList\",\"@id\":\"https:\\\/\\\/www.immobilienbusiness.ch\\\/unternehmen\\\/2021-03-02\\\/avobis-will-fondsgeschaeft-aufbauen\\\/#breadcrumb\",\"itemListElement\":[{\"@type\":\"ListItem\",\"position\":1,\"name\":\"Home\",\"item\":\"https:\\\/\\\/www.immobilienbusiness.ch\\\/\"},{\"@type\":\"ListItem\",\"position\":2,\"name\":\"Avobis will Fondsgesch\u00e4ft aufbauen\"}]},{\"@type\":\"WebSite\",\"@id\":\"https:\\\/\\\/www.immobilienbusiness.ch\\\/#website\",\"url\":\"https:\\\/\\\/www.immobilienbusiness.ch\\\/\",\"name\":\"IMMOBILIEN Business\",\"description\":\"Unabh\u00e4ngiges Schweizer Wirtschaftsmagazin mit Fokus auf Immobilien, Architektur- und Bau sowie Investment- und Finanzierung.\",\"publisher\":{\"@id\":\"https:\\\/\\\/www.immobilienbusiness.ch\\\/#organization\"},\"potentialAction\":[{\"@type\":\"SearchAction\",\"target\":{\"@type\":\"EntryPoint\",\"urlTemplate\":\"https:\\\/\\\/www.immobilienbusiness.ch\\\/?s={search_term_string}\"},\"query-input\":{\"@type\":\"PropertyValueSpecification\",\"valueRequired\":true,\"valueName\":\"search_term_string\"}}],\"inLanguage\":\"fr-FR\"},{\"@type\":\"Organization\",\"@id\":\"https:\\\/\\\/www.immobilienbusiness.ch\\\/#organization\",\"name\":\"IMMOBILIEN Business\",\"url\":\"https:\\\/\\\/www.immobilienbusiness.ch\\\/\",\"logo\":{\"@type\":\"ImageObject\",\"inLanguage\":\"fr-FR\",\"@id\":\"https:\\\/\\\/www.immobilienbusiness.ch\\\/#\\\/schema\\\/logo\\\/image\\\/\",\"url\":\"https:\\\/\\\/www.immobilienbusiness.ch\\\/wp-content\\\/uploads\\\/2021\\\/07\\\/logo_ib.png\",\"contentUrl\":\"https:\\\/\\\/www.immobilienbusiness.ch\\\/wp-content\\\/uploads\\\/2021\\\/07\\\/logo_ib.png\",\"width\":800,\"height\":181,\"caption\":\"IMMOBILIEN Business\"},\"image\":{\"@id\":\"https:\\\/\\\/www.immobilienbusiness.ch\\\/#\\\/schema\\\/logo\\\/image\\\/\"},\"sameAs\":[\"https:\\\/\\\/www.facebook.com\\\/immobilienbusiness\\\/\"]},{\"@type\":\"Person\",\"@id\":\"https:\\\/\\\/www.immobilienbusiness.ch\\\/#\\\/schema\\\/person\\\/3fc036297b10b9f42d6db5ee932af8c8\",\"name\":\"anja.hall\",\"image\":{\"@type\":\"ImageObject\",\"inLanguage\":\"fr-FR\",\"@id\":\"https:\\\/\\\/secure.gravatar.com\\\/avatar\\\/066b5a0d447013502c71a5782f4f3469f03cfe595cc2329fb94652fe47511bfb?s=96&d=mm&r=g\",\"url\":\"https:\\\/\\\/secure.gravatar.com\\\/avatar\\\/066b5a0d447013502c71a5782f4f3469f03cfe595cc2329fb94652fe47511bfb?s=96&d=mm&r=g\",\"contentUrl\":\"https:\\\/\\\/secure.gravatar.com\\\/avatar\\\/066b5a0d447013502c71a5782f4f3469f03cfe595cc2329fb94652fe47511bfb?s=96&d=mm&r=g\",\"caption\":\"anja.hall\"},\"url\":\"https:\\\/\\\/www.immobilienbusiness.ch\\\/fr\\\/author\\\/anja-hall\\\/\"}]}<\/script>\n<!-- \/ Yoast SEO plugin. -->","yoast_head_json":{"title":"Avobis will Fondsgesch\u00e4ft aufbauen - IMMOBILIEN Business","description":"Avobis Credit Services AG pourra \u00e0 l'avenir g\u00e9rer des fortunes collectives ; l'autorit\u00e9 de surveillance financi\u00e8re FINMA a d\u00e9livr\u00e9 l'autorisation correspondante.","robots":{"index":"index","follow":"follow","max-snippet":"max-snippet:-1","max-image-preview":"max-image-preview:large","max-video-preview":"max-video-preview:-1"},"canonical":"https:\/\/www.immobilienbusiness.ch\/fr\/unternehmen\/2021-03-02\/avobis-will-fondsgeschaeft-aufbauen\/","og_locale":"fr_FR","og_type":"article","og_title":"Avobis will Fondsgesch\u00e4ft aufbauen - IMMOBILIEN Business","og_description":"Die Avobis Credit Services AG kann k\u00fcnftig Kollektivverm\u00f6gen verwalten; die Finanzaufsicht FINMA hat die entsprechende Bewilligung erteilt.","og_url":"https:\/\/www.immobilienbusiness.ch\/fr\/unternehmen\/2021-03-02\/avobis-will-fondsgeschaeft-aufbauen\/","og_site_name":"IMMOBILIEN Business","article_publisher":"https:\/\/www.facebook.com\/immobilienbusiness\/","article_published_time":"2021-03-02T08:11:52+00:00","og_image":[{"width":787,"height":525,"url":"https:\/\/www.immobilienbusiness.ch\/wp-content\/uploads\/2021\/03\/Frederic_Koenigsegg_Portrait.jpg","type":"image\/jpeg"}],"author":"anja.hall","twitter_card":"summary_large_image","twitter_image":"https:\/\/www.immobilienbusiness.ch\/wp-content\/uploads\/2021\/03\/Frederic_Koenigsegg_Portrait.jpg","schema":{"@context":"https:\/\/schema.org","@graph":[{"@type":"Article","@id":"https:\/\/www.immobilienbusiness.ch\/unternehmen\/2021-03-02\/avobis-will-fondsgeschaeft-aufbauen\/#article","isPartOf":{"@id":"https:\/\/www.immobilienbusiness.ch\/unternehmen\/2021-03-02\/avobis-will-fondsgeschaeft-aufbauen\/"},"author":{"name":"anja.hall","@id":"https:\/\/www.immobilienbusiness.ch\/#\/schema\/person\/3fc036297b10b9f42d6db5ee932af8c8"},"headline":"Avobis will Fondsgesch\u00e4ft aufbauen","datePublished":"2021-03-02T08:11:52+00:00","mainEntityOfPage":{"@id":"https:\/\/www.immobilienbusiness.ch\/unternehmen\/2021-03-02\/avobis-will-fondsgeschaeft-aufbauen\/"},"wordCount":117,"publisher":{"@id":"https:\/\/www.immobilienbusiness.ch\/#organization"},"image":{"@id":"https:\/\/www.immobilienbusiness.ch\/unternehmen\/2021-03-02\/avobis-will-fondsgeschaeft-aufbauen\/#primaryimage"},"thumbnailUrl":"https:\/\/www.immobilienbusiness.ch\/wp-content\/uploads\/2021\/03\/Frederic_Koenigsegg_Portrait.jpg","keywords":["Avobis","Immobilienfonds","Personalia"],"articleSection":["UNTERNEHMEN"],"inLanguage":"fr-FR"},{"@type":"WebPage","@id":"https:\/\/www.immobilienbusiness.ch\/unternehmen\/2021-03-02\/avobis-will-fondsgeschaeft-aufbauen\/","url":"https:\/\/www.immobilienbusiness.ch\/unternehmen\/2021-03-02\/avobis-will-fondsgeschaeft-aufbauen\/","name":"Avobis will Fondsgesch\u00e4ft aufbauen - IMMOBILIEN Business","isPartOf":{"@id":"https:\/\/www.immobilienbusiness.ch\/#website"},"primaryImageOfPage":{"@id":"https:\/\/www.immobilienbusiness.ch\/unternehmen\/2021-03-02\/avobis-will-fondsgeschaeft-aufbauen\/#primaryimage"},"image":{"@id":"https:\/\/www.immobilienbusiness.ch\/unternehmen\/2021-03-02\/avobis-will-fondsgeschaeft-aufbauen\/#primaryimage"},"thumbnailUrl":"https:\/\/www.immobilienbusiness.ch\/wp-content\/uploads\/2021\/03\/Frederic_Koenigsegg_Portrait.jpg","datePublished":"2021-03-02T08:11:52+00:00","description":"Avobis Credit Services AG pourra \u00e0 l'avenir g\u00e9rer des fortunes collectives ; l'autorit\u00e9 de surveillance financi\u00e8re FINMA a d\u00e9livr\u00e9 l'autorisation correspondante.","breadcrumb":{"@id":"https:\/\/www.immobilienbusiness.ch\/unternehmen\/2021-03-02\/avobis-will-fondsgeschaeft-aufbauen\/#breadcrumb"},"inLanguage":"fr-FR","potentialAction":[{"@type":"ReadAction","target":["https:\/\/www.immobilienbusiness.ch\/unternehmen\/2021-03-02\/avobis-will-fondsgeschaeft-aufbauen\/"]}]},{"@type":"ImageObject","inLanguage":"fr-FR","@id":"https:\/\/www.immobilienbusiness.ch\/unternehmen\/2021-03-02\/avobis-will-fondsgeschaeft-aufbauen\/#primaryimage","url":"https:\/\/www.immobilienbusiness.ch\/wp-content\/uploads\/2021\/03\/Frederic_Koenigsegg_Portrait.jpg","contentUrl":"https:\/\/www.immobilienbusiness.ch\/wp-content\/uploads\/2021\/03\/Frederic_Koenigsegg_Portrait.jpg","width":787,"height":525,"caption":"Frederic K\u00f6nigsegg (Bild: Avobis)"},{"@type":"BreadcrumbList","@id":"https:\/\/www.immobilienbusiness.ch\/unternehmen\/2021-03-02\/avobis-will-fondsgeschaeft-aufbauen\/#breadcrumb","itemListElement":[{"@type":"ListItem","position":1,"name":"Home","item":"https:\/\/www.immobilienbusiness.ch\/"},{"@type":"ListItem","position":2,"name":"Avobis will Fondsgesch\u00e4ft aufbauen"}]},{"@type":"WebSite","@id":"https:\/\/www.immobilienbusiness.ch\/#website","url":"https:\/\/www.immobilienbusiness.ch\/","name":"IMMOBILIER Business","description":"Magazine \u00e9conomique suisse ind\u00e9pendant ax\u00e9 sur l'immobilier, l'architecture et la construction ainsi que sur les investissements et le financement.","publisher":{"@id":"https:\/\/www.immobilienbusiness.ch\/#organization"},"potentialAction":[{"@type":"SearchAction","target":{"@type":"EntryPoint","urlTemplate":"https:\/\/www.immobilienbusiness.ch\/?s={search_term_string}"},"query-input":{"@type":"PropertyValueSpecification","valueRequired":true,"valueName":"search_term_string"}}],"inLanguage":"fr-FR"},{"@type":"Organization","@id":"https:\/\/www.immobilienbusiness.ch\/#organization","name":"IMMOBILIER Business","url":"https:\/\/www.immobilienbusiness.ch\/","logo":{"@type":"ImageObject","inLanguage":"fr-FR","@id":"https:\/\/www.immobilienbusiness.ch\/#\/schema\/logo\/image\/","url":"https:\/\/www.immobilienbusiness.ch\/wp-content\/uploads\/2021\/07\/logo_ib.png","contentUrl":"https:\/\/www.immobilienbusiness.ch\/wp-content\/uploads\/2021\/07\/logo_ib.png","width":800,"height":181,"caption":"IMMOBILIEN Business"},"image":{"@id":"https:\/\/www.immobilienbusiness.ch\/#\/schema\/logo\/image\/"},"sameAs":["https:\/\/www.facebook.com\/immobilienbusiness\/"]},{"@type":"Person","@id":"https:\/\/www.immobilienbusiness.ch\/#\/schema\/person\/3fc036297b10b9f42d6db5ee932af8c8","name":"anja.hall","image":{"@type":"ImageObject","inLanguage":"fr-FR","@id":"https:\/\/secure.gravatar.com\/avatar\/066b5a0d447013502c71a5782f4f3469f03cfe595cc2329fb94652fe47511bfb?s=96&d=mm&r=g","url":"https:\/\/secure.gravatar.com\/avatar\/066b5a0d447013502c71a5782f4f3469f03cfe595cc2329fb94652fe47511bfb?s=96&d=mm&r=g","contentUrl":"https:\/\/secure.gravatar.com\/avatar\/066b5a0d447013502c71a5782f4f3469f03cfe595cc2329fb94652fe47511bfb?s=96&d=mm&r=g","caption":"anja.hall"},"url":"https:\/\/www.immobilienbusiness.ch\/fr\/author\/anja-hall\/"}]}},"_links":{"self":[{"href":"https:\/\/www.immobilienbusiness.ch\/fr\/wp-json\/wp\/v2\/posts\/23609","targetHints":{"allow":["GET"]}}],"collection":[{"href":"https:\/\/www.immobilienbusiness.ch\/fr\/wp-json\/wp\/v2\/posts"}],"about":[{"href":"https:\/\/www.immobilienbusiness.ch\/fr\/wp-json\/wp\/v2\/types\/post"}],"author":[{"embeddable":true,"href":"https:\/\/www.immobilienbusiness.ch\/fr\/wp-json\/wp\/v2\/users\/3"}],"replies":[{"embeddable":true,"href":"https:\/\/www.immobilienbusiness.ch\/fr\/wp-json\/wp\/v2\/comments?post=23609"}],"version-history":[{"count":0,"href":"https:\/\/www.immobilienbusiness.ch\/fr\/wp-json\/wp\/v2\/posts\/23609\/revisions"}],"wp:featuredmedia":[{"embeddable":true,"href":"https:\/\/www.immobilienbusiness.ch\/fr\/wp-json\/wp\/v2\/media\/23610"}],"wp:attachment":[{"href":"https:\/\/www.immobilienbusiness.ch\/fr\/wp-json\/wp\/v2\/media?parent=23609"}],"wp:term":[{"taxonomy":"category","embeddable":true,"href":"https:\/\/www.immobilienbusiness.ch\/fr\/wp-json\/wp\/v2\/categories?post=23609"},{"taxonomy":"post_tag","embeddable":true,"href":"https:\/\/www.immobilienbusiness.ch\/fr\/wp-json\/wp\/v2\/tags?post=23609"}],"curies":[{"name":"wp","href":"https:\/\/api.w.org\/{rel}","templated":true}]}}