{"id":23571,"date":"2021-02-25T08:59:08","date_gmt":"2021-02-25T07:59:08","guid":{"rendered":"https:\/\/www.immobilienbusiness.ch\/?p=23571"},"modified":"2021-02-25T08:59:08","modified_gmt":"2021-02-25T07:59:08","slug":"ergebnisrueckgang-bei-der-allreal-holding","status":"publish","type":"post","link":"https:\/\/www.immobilienbusiness.ch\/fr\/unternehmen\/2021-02-25\/ergebnisrueckgang-bei-der-allreal-holding\/","title":{"rendered":"Baisse des r\u00e9sultats d'Allreal Holding"},"content":{"rendered":"<figure id=\"attachment_17382\" aria-describedby=\"caption-attachment-17382\" style=\"width: 680px\" class=\"wp-caption alignnone\"><img loading=\"lazy\" decoding=\"async\" class=\"size-medium wp-image-17382\" src=\"https:\/\/www.immobilienbusiness.ch\/wp-content\/uploads\/2019\/06\/Depositphotos_78294064_xl-2015.jpg\" alt=\"\" width=\"680\" height=\"454\" srcset=\"https:\/\/www.immobilienbusiness.ch\/wp-content\/uploads\/2019\/06\/Depositphotos_78294064_xl-2015.jpg 1200w, https:\/\/www.immobilienbusiness.ch\/wp-content\/uploads\/2019\/06\/Depositphotos_78294064_xl-2015-300x200.jpg 300w, https:\/\/www.immobilienbusiness.ch\/wp-content\/uploads\/2019\/06\/Depositphotos_78294064_xl-2015-1024x683.jpg 1024w, https:\/\/www.immobilienbusiness.ch\/wp-content\/uploads\/2019\/06\/Depositphotos_78294064_xl-2015-768x513.jpg 768w, https:\/\/www.immobilienbusiness.ch\/wp-content\/uploads\/2019\/06\/Depositphotos_78294064_xl-2015-1536x1025.jpg 1536w, https:\/\/www.immobilienbusiness.ch\/wp-content\/uploads\/2019\/06\/Depositphotos_78294064_xl-2015-2048x1367.jpg 2048w, https:\/\/www.immobilienbusiness.ch\/wp-content\/uploads\/2019\/06\/Depositphotos_78294064_xl-2015-16x12.jpg 16w, https:\/\/www.immobilienbusiness.ch\/wp-content\/uploads\/2019\/06\/Depositphotos_78294064_xl-2015-262x175.jpg 262w, https:\/\/www.immobilienbusiness.ch\/wp-content\/uploads\/2019\/06\/Depositphotos_78294064_xl-2015-524x350.jpg 524w, https:\/\/www.immobilienbusiness.ch\/wp-content\/uploads\/2019\/06\/Depositphotos_78294064_xl-2015-1199x800.jpg 1199w, https:\/\/www.immobilienbusiness.ch\/wp-content\/uploads\/2019\/06\/Depositphotos_78294064_xl-2015-920x614.jpg 920w\" sizes=\"auto, (max-width: 680px) 100vw, 680px\" \/><figcaption id=\"caption-attachment-17382\" class=\"wp-caption-text\">Allreal pr\u00e9sente ses r\u00e9sultats annuels 2020 (image : depositphotos)<\/figcaption><\/figure>\n<p>Selon Allreal, le r\u00e9sultat d'entreprise, y compris l'effet de r\u00e9\u00e9valuation, s'est \u00e9lev\u00e9 \u00e0 167,2 millions (2019 : 243,2 millions) et a \u00e9t\u00e9 influenc\u00e9 positivement, comme l'ann\u00e9e pr\u00e9c\u00e9dente, par des gains de r\u00e9\u00e9valuation. Hors effet de r\u00e9\u00e9valuation, Allreal a r\u00e9alis\u00e9 un r\u00e9sultat d'entreprise de 124,7 millions, contre 142 millions en 2019. Selon les indications de l'entreprise, le recul d'environ 12% est notamment d\u00fb \u00e0 des effets uniques li\u00e9s \u00e0 la vente d'immeubles en d\u00e9veloppement l'ann\u00e9e pr\u00e9c\u00e9dente.<\/p>\n<h2>Le secteur de l'immobilier se r\u00e9v\u00e8le stable<\/h2>\n<p>Au cours du deuxi\u00e8me semestre 2020, Allreal a acquis un immeuble de bureaux \u00e0 Wetzikon (ZH) pour environ 84 millions, qui a \u00e9t\u00e9 enti\u00e8rement comptabilis\u00e9 dans les revenus \u00e0 partir de novembre 2020. L'ann\u00e9e pr\u00e9c\u00e9dente, un immeuble d'habitation \u00e0 Zurich Schwamendingen est en outre devenu la propri\u00e9t\u00e9 exclusive de l'entreprise. Avec les immeubles achev\u00e9s fin 2020 issus du d\u00e9veloppement propre, des revenus locatifs plus \u00e9lev\u00e9s sont pr\u00e9visibles, selon Allreal. Au cours de la p\u00e9riode sous revue, les revenus locatifs se sont \u00e9lev\u00e9s \u00e0 200,4 millions (2019 : 203,1 millions). Un accord a \u00e9t\u00e9 trouv\u00e9 avec les locataires concern\u00e9s par le lockdown du printemps 2020 et des remises de loyer d'un montant de 1,5 million ont \u00e9t\u00e9 accord\u00e9es, ajoute le communiqu\u00e9.<\/p>\n<p>Le taux d'inoccupation cumul\u00e9 a diminu\u00e9 de 0,8 point de pourcentage par rapport \u00e0 l'ann\u00e9e pr\u00e9c\u00e9dente et s'\u00e9l\u00e8ve d\u00e9sormais \u00e0 1,4% - le niveau le plus bas jamais atteint par Allreal, selon l'entreprise. Malgr\u00e9 la crise de Corona, l'entreprise ne pr\u00e9voit qu'une faible augmentation du taux d'inoccupation en 2021.<\/p>\n<p>Le portefeuille total a \u00e9t\u00e9 revaloris\u00e9 de 55,2 millions. Il atteint d\u00e9sormais une valeur de march\u00e9 de 4,53 milliards (+5%).<\/p>\n<h2>Secteur d'activit\u00e9 Entreprise g\u00e9n\u00e9rale inf\u00e9rieur \u00e0 l'ann\u00e9e pr\u00e9c\u00e9dente<\/h2>\n<p>Le r\u00e9sultat de l'entreprise g\u00e9n\u00e9rale s'est \u00e9tabli \u00e0 46,6 millions au cours de la p\u00e9riode sous revue, contre 66,3 millions l'ann\u00e9e pr\u00e9c\u00e9dente, soit une baisse de pr\u00e8s de 30%. Au cours de l'exercice 2019, ce secteur d'activit\u00e9 avait toutefois b\u00e9n\u00e9fici\u00e9 de mani\u00e8re significative d'un effet positif non r\u00e9current d\u00fb \u00e0 la vente partielle d'une r\u00e9serve de d\u00e9veloppement, pr\u00e9cise Allreal. Au niveau de l'EBIT de l'entreprise g\u00e9n\u00e9rale, l'entreprise a r\u00e9alis\u00e9 un r\u00e9sultat d'exploitation de 10,6 millions (2019 : 25,5 millions).<\/p>\n<p>Pour 2021, Allreal s'attend \u00e0 une augmentation des revenus immobiliers dans le secteur de l'immobilier et \u00e0 une am\u00e9lioration du r\u00e9sultat de l'entreprise g\u00e9n\u00e9rale, mais les effets et les cons\u00e9quences de la pand\u00e9mie de Corona sont difficiles \u00e0 \u00e9valuer. En tenant compte de toutes les chances et de tous les risques, on s'attend \u00e0 un r\u00e9sultat op\u00e9rationnel de l'entreprise qui devrait \u00eatre sup\u00e9rieur \u00e0 125 millions, indique l'entreprise. <em>(ah)<\/em><\/p>","protected":false},"excerpt":{"rendered":"<p>En l'absence d'effets uniques positifs de l'ann\u00e9e pr\u00e9c\u00e9dente, Allreal Holding a r\u00e9alis\u00e9 en 2020 un r\u00e9sultat nettement inf\u00e9rieur \u00e0 celui de 2019. L'entreprise est n\u00e9anmoins satisfaite du d\u00e9roulement de l'exercice.<\/p>","protected":false},"author":3,"featured_media":17382,"comment_status":"closed","ping_status":"open","sticky":false,"template":"","format":"standard","meta":{"_acf_changed":false,"_yoast_wpseo_focuskw":"Allreal","_yoast_wpseo_title":"","_yoast_wpseo_metadesc":"Da positive Einmaleffekte aus dem Vorjahr ausgeblieben sind, hat die Allreal Holding 2020 ein deutlich tieferes Ergebnis erzielt als 2019.","_yoast_wpseo_linkdex":61,"pgc_sgb_lightbox_settings":"","footnotes":""},"categories":[988],"tags":[1014,1389],"class_list":["post-23571","post","type-post","status-publish","format-standard","has-post-thumbnail","hentry","category-unternehmen","tag-allreal-holding","tag-jahresergebnis"],"acf":[],"yoast_head":"<!-- This site is optimized with the Yoast SEO plugin v27.4 - https:\/\/yoast.com\/product\/yoast-seo-wordpress\/ -->\n<title>Ergebnisr\u00fcckgang bei der Allreal Holding - IMMOBILIEN Business<\/title>\n<meta name=\"description\" content=\"Da positive Einmaleffekte aus dem Vorjahr ausgeblieben sind, hat die Allreal Holding 2020 ein deutlich tieferes Ergebnis erzielt als 2019.\" \/>\n<meta name=\"robots\" content=\"index, follow, max-snippet:-1, max-image-preview:large, max-video-preview:-1\" \/>\n<link rel=\"canonical\" href=\"https:\/\/www.immobilienbusiness.ch\/fr\/unternehmen\/2021-02-25\/ergebnisrueckgang-bei-der-allreal-holding\/\" \/>\n<meta property=\"og:locale\" content=\"fr_FR\" \/>\n<meta property=\"og:type\" content=\"article\" \/>\n<meta property=\"og:title\" content=\"Ergebnisr\u00fcckgang bei der Allreal Holding - IMMOBILIEN Business\" \/>\n<meta property=\"og:description\" content=\"Da positive Einmaleffekte aus dem Vorjahr ausgeblieben sind, hat die Allreal Holding 2020 ein deutlich tieferes Ergebnis erzielt als 2019.\" \/>\n<meta property=\"og:url\" content=\"https:\/\/www.immobilienbusiness.ch\/fr\/unternehmen\/2021-02-25\/ergebnisrueckgang-bei-der-allreal-holding\/\" \/>\n<meta property=\"og:site_name\" content=\"IMMOBILIEN Business\" \/>\n<meta property=\"article:publisher\" content=\"https:\/\/www.facebook.com\/immobilienbusiness\/\" \/>\n<meta property=\"article:published_time\" content=\"2021-02-25T07:59:08+00:00\" \/>\n<meta property=\"og:image\" content=\"https:\/\/www.immobilienbusiness.ch\/wp-content\/uploads\/2019\/06\/Depositphotos_78294064_xl-2015.jpg\" \/>\n\t<meta property=\"og:image:width\" content=\"1200\" \/>\n\t<meta property=\"og:image:height\" content=\"801\" \/>\n\t<meta property=\"og:image:type\" content=\"image\/jpeg\" \/>\n<meta name=\"author\" content=\"anja.hall\" \/>\n<meta name=\"twitter:card\" content=\"summary_large_image\" \/>\n<meta name=\"twitter:image\" content=\"https:\/\/www.immobilienbusiness.ch\/wp-content\/uploads\/2019\/06\/Depositphotos_78294064_xl-2015.jpg\" \/>\n<script type=\"application\/ld+json\" class=\"yoast-schema-graph\">{\"@context\":\"https:\\\/\\\/schema.org\",\"@graph\":[{\"@type\":\"Article\",\"@id\":\"https:\\\/\\\/www.immobilienbusiness.ch\\\/unternehmen\\\/2021-02-25\\\/ergebnisrueckgang-bei-der-allreal-holding\\\/#article\",\"isPartOf\":{\"@id\":\"https:\\\/\\\/www.immobilienbusiness.ch\\\/unternehmen\\\/2021-02-25\\\/ergebnisrueckgang-bei-der-allreal-holding\\\/\"},\"author\":{\"name\":\"anja.hall\",\"@id\":\"https:\\\/\\\/www.immobilienbusiness.ch\\\/#\\\/schema\\\/person\\\/3fc036297b10b9f42d6db5ee932af8c8\"},\"headline\":\"Ergebnisr\u00fcckgang bei der Allreal Holding\",\"datePublished\":\"2021-02-25T07:59:08+00:00\",\"mainEntityOfPage\":{\"@id\":\"https:\\\/\\\/www.immobilienbusiness.ch\\\/unternehmen\\\/2021-02-25\\\/ergebnisrueckgang-bei-der-allreal-holding\\\/\"},\"wordCount\":339,\"publisher\":{\"@id\":\"https:\\\/\\\/www.immobilienbusiness.ch\\\/#organization\"},\"image\":{\"@id\":\"https:\\\/\\\/www.immobilienbusiness.ch\\\/unternehmen\\\/2021-02-25\\\/ergebnisrueckgang-bei-der-allreal-holding\\\/#primaryimage\"},\"thumbnailUrl\":\"https:\\\/\\\/www.immobilienbusiness.ch\\\/wp-content\\\/uploads\\\/2019\\\/06\\\/Depositphotos_78294064_xl-2015.jpg\",\"keywords\":[\"Allreal Holding\",\"Jahresergebnis\"],\"articleSection\":[\"UNTERNEHMEN\"],\"inLanguage\":\"fr-FR\"},{\"@type\":\"WebPage\",\"@id\":\"https:\\\/\\\/www.immobilienbusiness.ch\\\/unternehmen\\\/2021-02-25\\\/ergebnisrueckgang-bei-der-allreal-holding\\\/\",\"url\":\"https:\\\/\\\/www.immobilienbusiness.ch\\\/unternehmen\\\/2021-02-25\\\/ergebnisrueckgang-bei-der-allreal-holding\\\/\",\"name\":\"Ergebnisr\u00fcckgang bei der Allreal Holding - IMMOBILIEN Business\",\"isPartOf\":{\"@id\":\"https:\\\/\\\/www.immobilienbusiness.ch\\\/#website\"},\"primaryImageOfPage\":{\"@id\":\"https:\\\/\\\/www.immobilienbusiness.ch\\\/unternehmen\\\/2021-02-25\\\/ergebnisrueckgang-bei-der-allreal-holding\\\/#primaryimage\"},\"image\":{\"@id\":\"https:\\\/\\\/www.immobilienbusiness.ch\\\/unternehmen\\\/2021-02-25\\\/ergebnisrueckgang-bei-der-allreal-holding\\\/#primaryimage\"},\"thumbnailUrl\":\"https:\\\/\\\/www.immobilienbusiness.ch\\\/wp-content\\\/uploads\\\/2019\\\/06\\\/Depositphotos_78294064_xl-2015.jpg\",\"datePublished\":\"2021-02-25T07:59:08+00:00\",\"description\":\"Da positive Einmaleffekte aus dem Vorjahr ausgeblieben sind, hat die Allreal Holding 2020 ein deutlich tieferes Ergebnis erzielt als 2019.\",\"breadcrumb\":{\"@id\":\"https:\\\/\\\/www.immobilienbusiness.ch\\\/unternehmen\\\/2021-02-25\\\/ergebnisrueckgang-bei-der-allreal-holding\\\/#breadcrumb\"},\"inLanguage\":\"fr-FR\",\"potentialAction\":[{\"@type\":\"ReadAction\",\"target\":[\"https:\\\/\\\/www.immobilienbusiness.ch\\\/unternehmen\\\/2021-02-25\\\/ergebnisrueckgang-bei-der-allreal-holding\\\/\"]}]},{\"@type\":\"ImageObject\",\"inLanguage\":\"fr-FR\",\"@id\":\"https:\\\/\\\/www.immobilienbusiness.ch\\\/unternehmen\\\/2021-02-25\\\/ergebnisrueckgang-bei-der-allreal-holding\\\/#primaryimage\",\"url\":\"https:\\\/\\\/www.immobilienbusiness.ch\\\/wp-content\\\/uploads\\\/2019\\\/06\\\/Depositphotos_78294064_xl-2015.jpg\",\"contentUrl\":\"https:\\\/\\\/www.immobilienbusiness.ch\\\/wp-content\\\/uploads\\\/2019\\\/06\\\/Depositphotos_78294064_xl-2015.jpg\",\"width\":1200,\"height\":801,\"caption\":\"Z\u00fcblin hat seinen Gesch\u00e4ftsbericht f\u00fcr 2023\\\/24 vorgelegt (Bild: depositphotos)\"},{\"@type\":\"BreadcrumbList\",\"@id\":\"https:\\\/\\\/www.immobilienbusiness.ch\\\/unternehmen\\\/2021-02-25\\\/ergebnisrueckgang-bei-der-allreal-holding\\\/#breadcrumb\",\"itemListElement\":[{\"@type\":\"ListItem\",\"position\":1,\"name\":\"Home\",\"item\":\"https:\\\/\\\/www.immobilienbusiness.ch\\\/\"},{\"@type\":\"ListItem\",\"position\":2,\"name\":\"Ergebnisr\u00fcckgang bei der Allreal Holding\"}]},{\"@type\":\"WebSite\",\"@id\":\"https:\\\/\\\/www.immobilienbusiness.ch\\\/#website\",\"url\":\"https:\\\/\\\/www.immobilienbusiness.ch\\\/\",\"name\":\"IMMOBILIEN Business\",\"description\":\"Unabh\u00e4ngiges Schweizer Wirtschaftsmagazin mit Fokus auf Immobilien, Architektur- und Bau sowie Investment- und Finanzierung.\",\"publisher\":{\"@id\":\"https:\\\/\\\/www.immobilienbusiness.ch\\\/#organization\"},\"potentialAction\":[{\"@type\":\"SearchAction\",\"target\":{\"@type\":\"EntryPoint\",\"urlTemplate\":\"https:\\\/\\\/www.immobilienbusiness.ch\\\/?s={search_term_string}\"},\"query-input\":{\"@type\":\"PropertyValueSpecification\",\"valueRequired\":true,\"valueName\":\"search_term_string\"}}],\"inLanguage\":\"fr-FR\"},{\"@type\":\"Organization\",\"@id\":\"https:\\\/\\\/www.immobilienbusiness.ch\\\/#organization\",\"name\":\"IMMOBILIEN Business\",\"url\":\"https:\\\/\\\/www.immobilienbusiness.ch\\\/\",\"logo\":{\"@type\":\"ImageObject\",\"inLanguage\":\"fr-FR\",\"@id\":\"https:\\\/\\\/www.immobilienbusiness.ch\\\/#\\\/schema\\\/logo\\\/image\\\/\",\"url\":\"https:\\\/\\\/www.immobilienbusiness.ch\\\/wp-content\\\/uploads\\\/2021\\\/07\\\/logo_ib.png\",\"contentUrl\":\"https:\\\/\\\/www.immobilienbusiness.ch\\\/wp-content\\\/uploads\\\/2021\\\/07\\\/logo_ib.png\",\"width\":800,\"height\":181,\"caption\":\"IMMOBILIEN Business\"},\"image\":{\"@id\":\"https:\\\/\\\/www.immobilienbusiness.ch\\\/#\\\/schema\\\/logo\\\/image\\\/\"},\"sameAs\":[\"https:\\\/\\\/www.facebook.com\\\/immobilienbusiness\\\/\"]},{\"@type\":\"Person\",\"@id\":\"https:\\\/\\\/www.immobilienbusiness.ch\\\/#\\\/schema\\\/person\\\/3fc036297b10b9f42d6db5ee932af8c8\",\"name\":\"anja.hall\",\"image\":{\"@type\":\"ImageObject\",\"inLanguage\":\"fr-FR\",\"@id\":\"https:\\\/\\\/secure.gravatar.com\\\/avatar\\\/066b5a0d447013502c71a5782f4f3469f03cfe595cc2329fb94652fe47511bfb?s=96&d=mm&r=g\",\"url\":\"https:\\\/\\\/secure.gravatar.com\\\/avatar\\\/066b5a0d447013502c71a5782f4f3469f03cfe595cc2329fb94652fe47511bfb?s=96&d=mm&r=g\",\"contentUrl\":\"https:\\\/\\\/secure.gravatar.com\\\/avatar\\\/066b5a0d447013502c71a5782f4f3469f03cfe595cc2329fb94652fe47511bfb?s=96&d=mm&r=g\",\"caption\":\"anja.hall\"},\"url\":\"https:\\\/\\\/www.immobilienbusiness.ch\\\/fr\\\/author\\\/anja-hall\\\/\"}]}<\/script>\n<!-- \/ Yoast SEO plugin. -->","yoast_head_json":{"title":"Ergebnisr\u00fcckgang bei der Allreal Holding - IMMOBILIEN Business","description":"Da positive Einmaleffekte aus dem Vorjahr ausgeblieben sind, hat die Allreal Holding 2020 ein deutlich tieferes Ergebnis erzielt als 2019.","robots":{"index":"index","follow":"follow","max-snippet":"max-snippet:-1","max-image-preview":"max-image-preview:large","max-video-preview":"max-video-preview:-1"},"canonical":"https:\/\/www.immobilienbusiness.ch\/fr\/unternehmen\/2021-02-25\/ergebnisrueckgang-bei-der-allreal-holding\/","og_locale":"fr_FR","og_type":"article","og_title":"Ergebnisr\u00fcckgang bei der Allreal Holding - IMMOBILIEN Business","og_description":"Da positive Einmaleffekte aus dem Vorjahr ausgeblieben sind, hat die Allreal Holding 2020 ein deutlich tieferes Ergebnis erzielt als 2019.","og_url":"https:\/\/www.immobilienbusiness.ch\/fr\/unternehmen\/2021-02-25\/ergebnisrueckgang-bei-der-allreal-holding\/","og_site_name":"IMMOBILIEN Business","article_publisher":"https:\/\/www.facebook.com\/immobilienbusiness\/","article_published_time":"2021-02-25T07:59:08+00:00","og_image":[{"width":1200,"height":801,"url":"https:\/\/www.immobilienbusiness.ch\/wp-content\/uploads\/2019\/06\/Depositphotos_78294064_xl-2015.jpg","type":"image\/jpeg"}],"author":"anja.hall","twitter_card":"summary_large_image","twitter_image":"https:\/\/www.immobilienbusiness.ch\/wp-content\/uploads\/2019\/06\/Depositphotos_78294064_xl-2015.jpg","schema":{"@context":"https:\/\/schema.org","@graph":[{"@type":"Article","@id":"https:\/\/www.immobilienbusiness.ch\/unternehmen\/2021-02-25\/ergebnisrueckgang-bei-der-allreal-holding\/#article","isPartOf":{"@id":"https:\/\/www.immobilienbusiness.ch\/unternehmen\/2021-02-25\/ergebnisrueckgang-bei-der-allreal-holding\/"},"author":{"name":"anja.hall","@id":"https:\/\/www.immobilienbusiness.ch\/#\/schema\/person\/3fc036297b10b9f42d6db5ee932af8c8"},"headline":"Ergebnisr\u00fcckgang bei der Allreal Holding","datePublished":"2021-02-25T07:59:08+00:00","mainEntityOfPage":{"@id":"https:\/\/www.immobilienbusiness.ch\/unternehmen\/2021-02-25\/ergebnisrueckgang-bei-der-allreal-holding\/"},"wordCount":339,"publisher":{"@id":"https:\/\/www.immobilienbusiness.ch\/#organization"},"image":{"@id":"https:\/\/www.immobilienbusiness.ch\/unternehmen\/2021-02-25\/ergebnisrueckgang-bei-der-allreal-holding\/#primaryimage"},"thumbnailUrl":"https:\/\/www.immobilienbusiness.ch\/wp-content\/uploads\/2019\/06\/Depositphotos_78294064_xl-2015.jpg","keywords":["Allreal Holding","Jahresergebnis"],"articleSection":["UNTERNEHMEN"],"inLanguage":"fr-FR"},{"@type":"WebPage","@id":"https:\/\/www.immobilienbusiness.ch\/unternehmen\/2021-02-25\/ergebnisrueckgang-bei-der-allreal-holding\/","url":"https:\/\/www.immobilienbusiness.ch\/unternehmen\/2021-02-25\/ergebnisrueckgang-bei-der-allreal-holding\/","name":"Ergebnisr\u00fcckgang bei der Allreal Holding - IMMOBILIEN Business","isPartOf":{"@id":"https:\/\/www.immobilienbusiness.ch\/#website"},"primaryImageOfPage":{"@id":"https:\/\/www.immobilienbusiness.ch\/unternehmen\/2021-02-25\/ergebnisrueckgang-bei-der-allreal-holding\/#primaryimage"},"image":{"@id":"https:\/\/www.immobilienbusiness.ch\/unternehmen\/2021-02-25\/ergebnisrueckgang-bei-der-allreal-holding\/#primaryimage"},"thumbnailUrl":"https:\/\/www.immobilienbusiness.ch\/wp-content\/uploads\/2019\/06\/Depositphotos_78294064_xl-2015.jpg","datePublished":"2021-02-25T07:59:08+00:00","description":"Da positive Einmaleffekte aus dem Vorjahr ausgeblieben sind, hat die Allreal Holding 2020 ein deutlich tieferes Ergebnis erzielt als 2019.","breadcrumb":{"@id":"https:\/\/www.immobilienbusiness.ch\/unternehmen\/2021-02-25\/ergebnisrueckgang-bei-der-allreal-holding\/#breadcrumb"},"inLanguage":"fr-FR","potentialAction":[{"@type":"ReadAction","target":["https:\/\/www.immobilienbusiness.ch\/unternehmen\/2021-02-25\/ergebnisrueckgang-bei-der-allreal-holding\/"]}]},{"@type":"ImageObject","inLanguage":"fr-FR","@id":"https:\/\/www.immobilienbusiness.ch\/unternehmen\/2021-02-25\/ergebnisrueckgang-bei-der-allreal-holding\/#primaryimage","url":"https:\/\/www.immobilienbusiness.ch\/wp-content\/uploads\/2019\/06\/Depositphotos_78294064_xl-2015.jpg","contentUrl":"https:\/\/www.immobilienbusiness.ch\/wp-content\/uploads\/2019\/06\/Depositphotos_78294064_xl-2015.jpg","width":1200,"height":801,"caption":"Z\u00fcblin hat seinen Gesch\u00e4ftsbericht f\u00fcr 2023\/24 vorgelegt (Bild: depositphotos)"},{"@type":"BreadcrumbList","@id":"https:\/\/www.immobilienbusiness.ch\/unternehmen\/2021-02-25\/ergebnisrueckgang-bei-der-allreal-holding\/#breadcrumb","itemListElement":[{"@type":"ListItem","position":1,"name":"Home","item":"https:\/\/www.immobilienbusiness.ch\/"},{"@type":"ListItem","position":2,"name":"Ergebnisr\u00fcckgang bei der Allreal Holding"}]},{"@type":"WebSite","@id":"https:\/\/www.immobilienbusiness.ch\/#website","url":"https:\/\/www.immobilienbusiness.ch\/","name":"IMMOBILIER Business","description":"Magazine \u00e9conomique suisse ind\u00e9pendant ax\u00e9 sur l'immobilier, l'architecture et la construction ainsi que sur les investissements et le financement.","publisher":{"@id":"https:\/\/www.immobilienbusiness.ch\/#organization"},"potentialAction":[{"@type":"SearchAction","target":{"@type":"EntryPoint","urlTemplate":"https:\/\/www.immobilienbusiness.ch\/?s={search_term_string}"},"query-input":{"@type":"PropertyValueSpecification","valueRequired":true,"valueName":"search_term_string"}}],"inLanguage":"fr-FR"},{"@type":"Organization","@id":"https:\/\/www.immobilienbusiness.ch\/#organization","name":"IMMOBILIER Business","url":"https:\/\/www.immobilienbusiness.ch\/","logo":{"@type":"ImageObject","inLanguage":"fr-FR","@id":"https:\/\/www.immobilienbusiness.ch\/#\/schema\/logo\/image\/","url":"https:\/\/www.immobilienbusiness.ch\/wp-content\/uploads\/2021\/07\/logo_ib.png","contentUrl":"https:\/\/www.immobilienbusiness.ch\/wp-content\/uploads\/2021\/07\/logo_ib.png","width":800,"height":181,"caption":"IMMOBILIEN Business"},"image":{"@id":"https:\/\/www.immobilienbusiness.ch\/#\/schema\/logo\/image\/"},"sameAs":["https:\/\/www.facebook.com\/immobilienbusiness\/"]},{"@type":"Person","@id":"https:\/\/www.immobilienbusiness.ch\/#\/schema\/person\/3fc036297b10b9f42d6db5ee932af8c8","name":"anja.hall","image":{"@type":"ImageObject","inLanguage":"fr-FR","@id":"https:\/\/secure.gravatar.com\/avatar\/066b5a0d447013502c71a5782f4f3469f03cfe595cc2329fb94652fe47511bfb?s=96&d=mm&r=g","url":"https:\/\/secure.gravatar.com\/avatar\/066b5a0d447013502c71a5782f4f3469f03cfe595cc2329fb94652fe47511bfb?s=96&d=mm&r=g","contentUrl":"https:\/\/secure.gravatar.com\/avatar\/066b5a0d447013502c71a5782f4f3469f03cfe595cc2329fb94652fe47511bfb?s=96&d=mm&r=g","caption":"anja.hall"},"url":"https:\/\/www.immobilienbusiness.ch\/fr\/author\/anja-hall\/"}]}},"_links":{"self":[{"href":"https:\/\/www.immobilienbusiness.ch\/fr\/wp-json\/wp\/v2\/posts\/23571","targetHints":{"allow":["GET"]}}],"collection":[{"href":"https:\/\/www.immobilienbusiness.ch\/fr\/wp-json\/wp\/v2\/posts"}],"about":[{"href":"https:\/\/www.immobilienbusiness.ch\/fr\/wp-json\/wp\/v2\/types\/post"}],"author":[{"embeddable":true,"href":"https:\/\/www.immobilienbusiness.ch\/fr\/wp-json\/wp\/v2\/users\/3"}],"replies":[{"embeddable":true,"href":"https:\/\/www.immobilienbusiness.ch\/fr\/wp-json\/wp\/v2\/comments?post=23571"}],"version-history":[{"count":0,"href":"https:\/\/www.immobilienbusiness.ch\/fr\/wp-json\/wp\/v2\/posts\/23571\/revisions"}],"wp:featuredmedia":[{"embeddable":true,"href":"https:\/\/www.immobilienbusiness.ch\/fr\/wp-json\/wp\/v2\/media\/17382"}],"wp:attachment":[{"href":"https:\/\/www.immobilienbusiness.ch\/fr\/wp-json\/wp\/v2\/media?parent=23571"}],"wp:term":[{"taxonomy":"category","embeddable":true,"href":"https:\/\/www.immobilienbusiness.ch\/fr\/wp-json\/wp\/v2\/categories?post=23571"},{"taxonomy":"post_tag","embeddable":true,"href":"https:\/\/www.immobilienbusiness.ch\/fr\/wp-json\/wp\/v2\/tags?post=23571"}],"curies":[{"name":"wp","href":"https:\/\/api.w.org\/{rel}","templated":true}]}}