{"id":2355,"date":"2021-10-06T09:37:41","date_gmt":"2021-10-06T07:37:41","guid":{"rendered":"https:\/\/develop.immobilienbusiness.ch\/de\/allgemein\/2021-10-06\/dierikon-komax-erweitert-den-hauptsitz\/"},"modified":"2023-06-28T09:13:06","modified_gmt":"2023-06-28T07:13:06","slug":"dierikon-komax-erweitert-den-hauptsitz","status":"publish","type":"post","link":"https:\/\/www.immobilienbusiness.ch\/fr\/ib\/2021-10-06\/dierikon-komax-erweitert-den-hauptsitz\/","title":{"rendered":"Dierikon : Komax agrandit son si\u00e8ge social"},"content":{"rendered":"<div class=\"swpm-post-not-logged-in-msg\">Vous devez \u00eatre connect\u00e9 pour voir ce contenu. Veuillez consulter <a class=\"swpm-login-link\" href=\"https:\/\/www.immobilienbusiness.ch\/fr\/login\/?swpm_redirect_to=https%3A%2F%2Fwww.immobilienbusiness.ch%2Ffr%2Fwp-json%2Fwp%2Fv2%2Fposts%2F2355\">Connexion<\/a>. Vous n'\u00eates pas membre ? <a href=\"https:\/\/www.immobilienbusiness.ch\/fr\/registrieren\/\">Nous Rejoindre<\/a><\/div>","protected":false},"excerpt":{"rendered":"<p><span><span><span>La Komax Holding a rachet\u00e9 au fabricant d'ascenseurs Schindler un immeuble situ\u00e9 juste \u00e0 c\u00f4t\u00e9 de son si\u00e8ge principal \u00e0 Dierikon (LU). En contrepartie, le b\u00e2timent situ\u00e9 sur l'ancien site de production \u00e0 Rotkreuz sera vendu.<\/span><\/span><\/span><\/p>","protected":false},"author":3,"featured_media":0,"comment_status":"closed","ping_status":"closed","sticky":false,"template":"","format":"standard","meta":{"_acf_changed":false,"_yoast_wpseo_focuskw":"Dierikon","_yoast_wpseo_title":"","_yoast_wpseo_metadesc":"Die Komax Holding hat dem Aufzugshersteller Schindler eine Liegenschaft direkt neben ihrem Hauptsitz in Dierikon (LU) abgekauft. Im Gegenzug soll das Geb\u00e4ude am bisherigen Produktionsstandort in Rotkreuz verkauft werden.","_yoast_wpseo_linkdex":48,"pgc_sgb_lightbox_settings":"","footnotes":""},"categories":[1951],"tags":[1118,1972,1969,1958,1962,1963,1830],"class_list":["post-2355","post","type-post","status-publish","format-standard","hentry","category-ib","tag-buero","tag-einzel-objekt","tag-industrie","tag-lu","tag-verfugbare-flache","tag-verfugbare-immobilie","tag-verkauf"],"acf":[],"yoast_head":"<!-- This site is optimized with the Yoast SEO plugin v27.4 - https:\/\/yoast.com\/product\/yoast-seo-wordpress\/ -->\n<title>Dierikon: Komax erweitert den Hauptsitz - IMMOBILIEN Business<\/title>\n<meta name=\"description\" content=\"Die Komax Holding hat dem Aufzugshersteller Schindler eine Liegenschaft direkt neben ihrem Hauptsitz in Dierikon (LU) abgekauft. Im Gegenzug soll das Geb\u00e4ude am bisherigen Produktionsstandort in Rotkreuz verkauft werden.\" \/>\n<meta name=\"robots\" content=\"index, follow, max-snippet:-1, max-image-preview:large, max-video-preview:-1\" \/>\n<link rel=\"canonical\" href=\"https:\/\/www.immobilienbusiness.ch\/fr\/ib\/2021-10-06\/dierikon-komax-erweitert-den-hauptsitz\/\" \/>\n<meta property=\"og:locale\" content=\"fr_FR\" \/>\n<meta property=\"og:type\" content=\"article\" \/>\n<meta property=\"og:title\" content=\"Dierikon: Komax erweitert den Hauptsitz - IMMOBILIEN Business\" \/>\n<meta property=\"og:description\" content=\"Die Komax Holding hat dem Aufzugshersteller Schindler eine Liegenschaft direkt neben ihrem Hauptsitz in Dierikon (LU) abgekauft. Im Gegenzug soll das Geb\u00e4ude am bisherigen Produktionsstandort in Rotkreuz verkauft werden.\" \/>\n<meta property=\"og:url\" content=\"https:\/\/www.immobilienbusiness.ch\/fr\/ib\/2021-10-06\/dierikon-komax-erweitert-den-hauptsitz\/\" \/>\n<meta property=\"og:site_name\" content=\"IMMOBILIEN Business\" \/>\n<meta property=\"article:publisher\" content=\"https:\/\/www.facebook.com\/immobilienbusiness\/\" \/>\n<meta property=\"article:published_time\" content=\"2021-10-06T07:37:41+00:00\" \/>\n<meta property=\"article:modified_time\" content=\"2023-06-28T07:13:06+00:00\" \/>\n<meta name=\"author\" content=\"anja.hall\" \/>\n<meta name=\"twitter:card\" content=\"summary_large_image\" \/>\n<script type=\"application\/ld+json\" class=\"yoast-schema-graph\">{\"@context\":\"https:\\\/\\\/schema.org\",\"@graph\":[{\"@type\":\"Article\",\"@id\":\"https:\\\/\\\/www.immobilienbusiness.ch\\\/ib\\\/2021-10-06\\\/dierikon-komax-erweitert-den-hauptsitz\\\/#article\",\"isPartOf\":{\"@id\":\"https:\\\/\\\/www.immobilienbusiness.ch\\\/ib\\\/2021-10-06\\\/dierikon-komax-erweitert-den-hauptsitz\\\/\"},\"author\":{\"name\":\"anja.hall\",\"@id\":\"https:\\\/\\\/www.immobilienbusiness.ch\\\/#\\\/schema\\\/person\\\/3fc036297b10b9f42d6db5ee932af8c8\"},\"headline\":\"Dierikon: Komax erweitert den Hauptsitz\",\"datePublished\":\"2021-10-06T07:37:41+00:00\",\"dateModified\":\"2023-06-28T07:13:06+00:00\",\"mainEntityOfPage\":{\"@id\":\"https:\\\/\\\/www.immobilienbusiness.ch\\\/ib\\\/2021-10-06\\\/dierikon-komax-erweitert-den-hauptsitz\\\/\"},\"wordCount\":146,\"publisher\":{\"@id\":\"https:\\\/\\\/www.immobilienbusiness.ch\\\/#organization\"},\"keywords\":[\"B\u00fcro\",\"Einzel-Objekt\",\"Industrie\",\"LU\",\"verf\u00fcgbare Fl\u00e4che\",\"verf\u00fcgbare Immobilie\",\"Verkauf\"],\"articleSection\":[\"IB+\"],\"inLanguage\":\"fr-FR\"},{\"@type\":\"WebPage\",\"@id\":\"https:\\\/\\\/www.immobilienbusiness.ch\\\/ib\\\/2021-10-06\\\/dierikon-komax-erweitert-den-hauptsitz\\\/\",\"url\":\"https:\\\/\\\/www.immobilienbusiness.ch\\\/ib\\\/2021-10-06\\\/dierikon-komax-erweitert-den-hauptsitz\\\/\",\"name\":\"Dierikon: Komax erweitert den Hauptsitz - IMMOBILIEN Business\",\"isPartOf\":{\"@id\":\"https:\\\/\\\/www.immobilienbusiness.ch\\\/#website\"},\"datePublished\":\"2021-10-06T07:37:41+00:00\",\"dateModified\":\"2023-06-28T07:13:06+00:00\",\"description\":\"Die Komax Holding hat dem Aufzugshersteller Schindler eine Liegenschaft direkt neben ihrem Hauptsitz in Dierikon (LU) abgekauft. Im Gegenzug soll das Geb\u00e4ude am bisherigen Produktionsstandort in Rotkreuz verkauft werden.\",\"breadcrumb\":{\"@id\":\"https:\\\/\\\/www.immobilienbusiness.ch\\\/ib\\\/2021-10-06\\\/dierikon-komax-erweitert-den-hauptsitz\\\/#breadcrumb\"},\"inLanguage\":\"fr-FR\",\"potentialAction\":[{\"@type\":\"ReadAction\",\"target\":[\"https:\\\/\\\/www.immobilienbusiness.ch\\\/ib\\\/2021-10-06\\\/dierikon-komax-erweitert-den-hauptsitz\\\/\"]}]},{\"@type\":\"BreadcrumbList\",\"@id\":\"https:\\\/\\\/www.immobilienbusiness.ch\\\/ib\\\/2021-10-06\\\/dierikon-komax-erweitert-den-hauptsitz\\\/#breadcrumb\",\"itemListElement\":[{\"@type\":\"ListItem\",\"position\":1,\"name\":\"Home\",\"item\":\"https:\\\/\\\/www.immobilienbusiness.ch\\\/\"},{\"@type\":\"ListItem\",\"position\":2,\"name\":\"Dierikon: Komax erweitert den Hauptsitz\"}]},{\"@type\":\"WebSite\",\"@id\":\"https:\\\/\\\/www.immobilienbusiness.ch\\\/#website\",\"url\":\"https:\\\/\\\/www.immobilienbusiness.ch\\\/\",\"name\":\"IMMOBILIEN Business\",\"description\":\"Unabh\u00e4ngiges Schweizer Wirtschaftsmagazin mit Fokus auf Immobilien, Architektur- und Bau sowie Investment- und Finanzierung.\",\"publisher\":{\"@id\":\"https:\\\/\\\/www.immobilienbusiness.ch\\\/#organization\"},\"potentialAction\":[{\"@type\":\"SearchAction\",\"target\":{\"@type\":\"EntryPoint\",\"urlTemplate\":\"https:\\\/\\\/www.immobilienbusiness.ch\\\/?s={search_term_string}\"},\"query-input\":{\"@type\":\"PropertyValueSpecification\",\"valueRequired\":true,\"valueName\":\"search_term_string\"}}],\"inLanguage\":\"fr-FR\"},{\"@type\":\"Organization\",\"@id\":\"https:\\\/\\\/www.immobilienbusiness.ch\\\/#organization\",\"name\":\"IMMOBILIEN Business\",\"url\":\"https:\\\/\\\/www.immobilienbusiness.ch\\\/\",\"logo\":{\"@type\":\"ImageObject\",\"inLanguage\":\"fr-FR\",\"@id\":\"https:\\\/\\\/www.immobilienbusiness.ch\\\/#\\\/schema\\\/logo\\\/image\\\/\",\"url\":\"https:\\\/\\\/www.immobilienbusiness.ch\\\/wp-content\\\/uploads\\\/2021\\\/07\\\/logo_ib.png\",\"contentUrl\":\"https:\\\/\\\/www.immobilienbusiness.ch\\\/wp-content\\\/uploads\\\/2021\\\/07\\\/logo_ib.png\",\"width\":800,\"height\":181,\"caption\":\"IMMOBILIEN Business\"},\"image\":{\"@id\":\"https:\\\/\\\/www.immobilienbusiness.ch\\\/#\\\/schema\\\/logo\\\/image\\\/\"},\"sameAs\":[\"https:\\\/\\\/www.facebook.com\\\/immobilienbusiness\\\/\"]},{\"@type\":\"Person\",\"@id\":\"https:\\\/\\\/www.immobilienbusiness.ch\\\/#\\\/schema\\\/person\\\/3fc036297b10b9f42d6db5ee932af8c8\",\"name\":\"anja.hall\",\"image\":{\"@type\":\"ImageObject\",\"inLanguage\":\"fr-FR\",\"@id\":\"https:\\\/\\\/secure.gravatar.com\\\/avatar\\\/066b5a0d447013502c71a5782f4f3469f03cfe595cc2329fb94652fe47511bfb?s=96&d=mm&r=g\",\"url\":\"https:\\\/\\\/secure.gravatar.com\\\/avatar\\\/066b5a0d447013502c71a5782f4f3469f03cfe595cc2329fb94652fe47511bfb?s=96&d=mm&r=g\",\"contentUrl\":\"https:\\\/\\\/secure.gravatar.com\\\/avatar\\\/066b5a0d447013502c71a5782f4f3469f03cfe595cc2329fb94652fe47511bfb?s=96&d=mm&r=g\",\"caption\":\"anja.hall\"},\"url\":\"https:\\\/\\\/www.immobilienbusiness.ch\\\/fr\\\/author\\\/anja-hall\\\/\"}]}<\/script>\n<!-- \/ Yoast SEO plugin. -->","yoast_head_json":{"title":"Dierikon: Komax erweitert den Hauptsitz - IMMOBILIEN Business","description":"La Komax Holding a rachet\u00e9 au fabricant d'ascenseurs Schindler un immeuble situ\u00e9 juste \u00e0 c\u00f4t\u00e9 de son si\u00e8ge principal \u00e0 Dierikon (LU). En contrepartie, le b\u00e2timent situ\u00e9 sur l'ancien site de production \u00e0 Rotkreuz sera vendu.","robots":{"index":"index","follow":"follow","max-snippet":"max-snippet:-1","max-image-preview":"max-image-preview:large","max-video-preview":"max-video-preview:-1"},"canonical":"https:\/\/www.immobilienbusiness.ch\/fr\/ib\/2021-10-06\/dierikon-komax-erweitert-den-hauptsitz\/","og_locale":"fr_FR","og_type":"article","og_title":"Dierikon: Komax erweitert den Hauptsitz - IMMOBILIEN Business","og_description":"Die Komax Holding hat dem Aufzugshersteller Schindler eine Liegenschaft direkt neben ihrem Hauptsitz in Dierikon (LU) abgekauft. Im Gegenzug soll das Geb\u00e4ude am bisherigen Produktionsstandort in Rotkreuz verkauft werden.","og_url":"https:\/\/www.immobilienbusiness.ch\/fr\/ib\/2021-10-06\/dierikon-komax-erweitert-den-hauptsitz\/","og_site_name":"IMMOBILIEN Business","article_publisher":"https:\/\/www.facebook.com\/immobilienbusiness\/","article_published_time":"2021-10-06T07:37:41+00:00","article_modified_time":"2023-06-28T07:13:06+00:00","author":"anja.hall","twitter_card":"summary_large_image","schema":{"@context":"https:\/\/schema.org","@graph":[{"@type":"Article","@id":"https:\/\/www.immobilienbusiness.ch\/ib\/2021-10-06\/dierikon-komax-erweitert-den-hauptsitz\/#article","isPartOf":{"@id":"https:\/\/www.immobilienbusiness.ch\/ib\/2021-10-06\/dierikon-komax-erweitert-den-hauptsitz\/"},"author":{"name":"anja.hall","@id":"https:\/\/www.immobilienbusiness.ch\/#\/schema\/person\/3fc036297b10b9f42d6db5ee932af8c8"},"headline":"Dierikon: Komax erweitert den Hauptsitz","datePublished":"2021-10-06T07:37:41+00:00","dateModified":"2023-06-28T07:13:06+00:00","mainEntityOfPage":{"@id":"https:\/\/www.immobilienbusiness.ch\/ib\/2021-10-06\/dierikon-komax-erweitert-den-hauptsitz\/"},"wordCount":146,"publisher":{"@id":"https:\/\/www.immobilienbusiness.ch\/#organization"},"keywords":["B\u00fcro","Einzel-Objekt","Industrie","LU","verf\u00fcgbare Fl\u00e4che","verf\u00fcgbare Immobilie","Verkauf"],"articleSection":["IB+"],"inLanguage":"fr-FR"},{"@type":"WebPage","@id":"https:\/\/www.immobilienbusiness.ch\/ib\/2021-10-06\/dierikon-komax-erweitert-den-hauptsitz\/","url":"https:\/\/www.immobilienbusiness.ch\/ib\/2021-10-06\/dierikon-komax-erweitert-den-hauptsitz\/","name":"Dierikon: Komax erweitert den Hauptsitz - IMMOBILIEN Business","isPartOf":{"@id":"https:\/\/www.immobilienbusiness.ch\/#website"},"datePublished":"2021-10-06T07:37:41+00:00","dateModified":"2023-06-28T07:13:06+00:00","description":"La Komax Holding a rachet\u00e9 au fabricant d'ascenseurs Schindler un immeuble situ\u00e9 juste \u00e0 c\u00f4t\u00e9 de son si\u00e8ge principal \u00e0 Dierikon (LU). En contrepartie, le b\u00e2timent situ\u00e9 sur l'ancien site de production \u00e0 Rotkreuz sera vendu.","breadcrumb":{"@id":"https:\/\/www.immobilienbusiness.ch\/ib\/2021-10-06\/dierikon-komax-erweitert-den-hauptsitz\/#breadcrumb"},"inLanguage":"fr-FR","potentialAction":[{"@type":"ReadAction","target":["https:\/\/www.immobilienbusiness.ch\/ib\/2021-10-06\/dierikon-komax-erweitert-den-hauptsitz\/"]}]},{"@type":"BreadcrumbList","@id":"https:\/\/www.immobilienbusiness.ch\/ib\/2021-10-06\/dierikon-komax-erweitert-den-hauptsitz\/#breadcrumb","itemListElement":[{"@type":"ListItem","position":1,"name":"Home","item":"https:\/\/www.immobilienbusiness.ch\/"},{"@type":"ListItem","position":2,"name":"Dierikon: Komax erweitert den Hauptsitz"}]},{"@type":"WebSite","@id":"https:\/\/www.immobilienbusiness.ch\/#website","url":"https:\/\/www.immobilienbusiness.ch\/","name":"IMMOBILIER Business","description":"Magazine \u00e9conomique suisse ind\u00e9pendant ax\u00e9 sur l'immobilier, l'architecture et la construction ainsi que sur les investissements et le financement.","publisher":{"@id":"https:\/\/www.immobilienbusiness.ch\/#organization"},"potentialAction":[{"@type":"SearchAction","target":{"@type":"EntryPoint","urlTemplate":"https:\/\/www.immobilienbusiness.ch\/?s={search_term_string}"},"query-input":{"@type":"PropertyValueSpecification","valueRequired":true,"valueName":"search_term_string"}}],"inLanguage":"fr-FR"},{"@type":"Organization","@id":"https:\/\/www.immobilienbusiness.ch\/#organization","name":"IMMOBILIER Business","url":"https:\/\/www.immobilienbusiness.ch\/","logo":{"@type":"ImageObject","inLanguage":"fr-FR","@id":"https:\/\/www.immobilienbusiness.ch\/#\/schema\/logo\/image\/","url":"https:\/\/www.immobilienbusiness.ch\/wp-content\/uploads\/2021\/07\/logo_ib.png","contentUrl":"https:\/\/www.immobilienbusiness.ch\/wp-content\/uploads\/2021\/07\/logo_ib.png","width":800,"height":181,"caption":"IMMOBILIEN Business"},"image":{"@id":"https:\/\/www.immobilienbusiness.ch\/#\/schema\/logo\/image\/"},"sameAs":["https:\/\/www.facebook.com\/immobilienbusiness\/"]},{"@type":"Person","@id":"https:\/\/www.immobilienbusiness.ch\/#\/schema\/person\/3fc036297b10b9f42d6db5ee932af8c8","name":"anja.hall","image":{"@type":"ImageObject","inLanguage":"fr-FR","@id":"https:\/\/secure.gravatar.com\/avatar\/066b5a0d447013502c71a5782f4f3469f03cfe595cc2329fb94652fe47511bfb?s=96&d=mm&r=g","url":"https:\/\/secure.gravatar.com\/avatar\/066b5a0d447013502c71a5782f4f3469f03cfe595cc2329fb94652fe47511bfb?s=96&d=mm&r=g","contentUrl":"https:\/\/secure.gravatar.com\/avatar\/066b5a0d447013502c71a5782f4f3469f03cfe595cc2329fb94652fe47511bfb?s=96&d=mm&r=g","caption":"anja.hall"},"url":"https:\/\/www.immobilienbusiness.ch\/fr\/author\/anja-hall\/"}]}},"_links":{"self":[{"href":"https:\/\/www.immobilienbusiness.ch\/fr\/wp-json\/wp\/v2\/posts\/2355","targetHints":{"allow":["GET"]}}],"collection":[{"href":"https:\/\/www.immobilienbusiness.ch\/fr\/wp-json\/wp\/v2\/posts"}],"about":[{"href":"https:\/\/www.immobilienbusiness.ch\/fr\/wp-json\/wp\/v2\/types\/post"}],"author":[{"embeddable":true,"href":"https:\/\/www.immobilienbusiness.ch\/fr\/wp-json\/wp\/v2\/users\/3"}],"replies":[{"embeddable":true,"href":"https:\/\/www.immobilienbusiness.ch\/fr\/wp-json\/wp\/v2\/comments?post=2355"}],"version-history":[{"count":1,"href":"https:\/\/www.immobilienbusiness.ch\/fr\/wp-json\/wp\/v2\/posts\/2355\/revisions"}],"predecessor-version":[{"id":48531,"href":"https:\/\/www.immobilienbusiness.ch\/fr\/wp-json\/wp\/v2\/posts\/2355\/revisions\/48531"}],"wp:attachment":[{"href":"https:\/\/www.immobilienbusiness.ch\/fr\/wp-json\/wp\/v2\/media?parent=2355"}],"wp:term":[{"taxonomy":"category","embeddable":true,"href":"https:\/\/www.immobilienbusiness.ch\/fr\/wp-json\/wp\/v2\/categories?post=2355"},{"taxonomy":"post_tag","embeddable":true,"href":"https:\/\/www.immobilienbusiness.ch\/fr\/wp-json\/wp\/v2\/tags?post=2355"}],"curies":[{"name":"wp","href":"https:\/\/api.w.org\/{rel}","templated":true}]}}