{"id":23477,"date":"2021-02-15T08:45:06","date_gmt":"2021-02-15T07:45:06","guid":{"rendered":"https:\/\/www.immobilienbusiness.ch\/?p=23477"},"modified":"2023-08-09T19:39:07","modified_gmt":"2023-08-09T17:39:07","slug":"zuerich-neue-mieter-in-the-circle","status":"publish","type":"post","link":"https:\/\/www.immobilienbusiness.ch\/fr\/regionen\/2021-02-15\/zuerich-neue-mieter-in-the-circle\/","title":{"rendered":"Zurich : de nouveaux locataires \u00e0 The Circle"},"content":{"rendered":"<figure id=\"attachment_22791\" aria-describedby=\"caption-attachment-22791\" style=\"width: 300px\" class=\"wp-caption alignnone\"><img loading=\"lazy\" decoding=\"async\" class=\"wp-image-22791 size-medium\" src=\"https:\/\/www.immobilienbusiness.ch\/wp-content\/uploads\/2020\/11\/The_Circle_Bild_02-300x200.jpg\" alt=\"Dienstleistungszentrum \" width=\"300\" height=\"200\" srcset=\"https:\/\/www.immobilienbusiness.ch\/wp-content\/uploads\/2020\/11\/The_Circle_Bild_02-300x200.jpg 300w, https:\/\/www.immobilienbusiness.ch\/wp-content\/uploads\/2020\/11\/The_Circle_Bild_02-1024x682.jpg 1024w, https:\/\/www.immobilienbusiness.ch\/wp-content\/uploads\/2020\/11\/The_Circle_Bild_02-768x512.jpg 768w, https:\/\/www.immobilienbusiness.ch\/wp-content\/uploads\/2020\/11\/The_Circle_Bild_02-16x12.jpg 16w, https:\/\/www.immobilienbusiness.ch\/wp-content\/uploads\/2020\/11\/The_Circle_Bild_02-263x175.jpg 263w, https:\/\/www.immobilienbusiness.ch\/wp-content\/uploads\/2020\/11\/The_Circle_Bild_02-525x350.jpg 525w, https:\/\/www.immobilienbusiness.ch\/wp-content\/uploads\/2020\/11\/The_Circle_Bild_02-920x613.jpg 920w, https:\/\/www.immobilienbusiness.ch\/wp-content\/uploads\/2020\/11\/The_Circle_Bild_02.jpg 1079w\" sizes=\"auto, (max-width: 300px) 100vw, 300px\" \/><figcaption id=\"caption-attachment-22791\" class=\"wp-caption-text\">Le Cercle (Image : Flughafen Z\u00fcrich AG)<\/figcaption><\/figure>\n<p>Selon Flughafen AG Zurich, AMAG, Bruno Wickart, RehaClinic, Cermony Swiss et Vebego ont sign\u00e9 des baux pour des espaces de vente, d'\u00e9v\u00e9nements et de th\u00e9rapie\/bureau dans The Circle.<\/p>\n<p>Selon les informations, le concessionnaire automobile AMAG construira un centre pour la nouvelle mobilit\u00e9 dans The Circle, le magasin de meubles Bruno Wickart un espace d'exposition pour le travail et la vie. Cermony ouvrira un Bliss Center pour des massages et d'autres services de promotion de la sant\u00e9 au printemps ; RehaClinic d\u00e9placera son RehaCenter de l'a\u00e9roport \u00e0 The Circle \u00e0 la mi-2021. Le prestataire de services immobiliers Vebego cr\u00e9e un site pour ses activit\u00e9s internationales \u00e0 The Circle. <em>(M.ARR.)<\/em><\/p>","protected":false},"excerpt":{"rendered":"<p>Le centre de services The Circle \u00e0 l'a\u00e9roport de Zurich compte cinq nouveaux locataires. Selon Flughafen Z\u00fcrich AG, cela porte le taux d'occupation \u00e0 85%.<\/p>","protected":false},"author":3,"featured_media":22791,"comment_status":"closed","ping_status":"closed","sticky":false,"template":"","format":"standard","meta":{"_acf_changed":false,"_yoast_wpseo_focuskw":"Dienstleistungszentrum","_yoast_wpseo_title":"","_yoast_wpseo_metadesc":"Das Dienstleistungszentrum The Circle am Flughafen Z\u00fcrich hat f\u00fcnf neue Mieter. Laut Flughafen Z\u00fcrich AG liegt die Vermietungsquote damit bei 85%.","_yoast_wpseo_linkdex":46,"pgc_sgb_lightbox_settings":"","footnotes":""},"categories":[985],"tags":[1777,1827,1832],"class_list":["post-23477","post","type-post","status-publish","format-standard","has-post-thumbnail","hentry","category-regionen","tag-the-circle","tag-verfuegbare-flaechen","tag-vermietung"],"acf":[],"yoast_head":"<!-- This site is optimized with the Yoast SEO plugin v27.4 - https:\/\/yoast.com\/product\/yoast-seo-wordpress\/ -->\n<title>Z\u00fcrich: Neue Mieter in The Circle - IMMOBILIEN Business<\/title>\n<meta name=\"description\" content=\"Das Dienstleistungszentrum The Circle am Flughafen Z\u00fcrich hat f\u00fcnf neue Mieter. Laut Flughafen Z\u00fcrich AG liegt die Vermietungsquote damit bei 85%.\" \/>\n<meta name=\"robots\" content=\"index, follow, max-snippet:-1, max-image-preview:large, max-video-preview:-1\" \/>\n<link rel=\"canonical\" href=\"https:\/\/www.immobilienbusiness.ch\/fr\/regionen\/2021-02-15\/zuerich-neue-mieter-in-the-circle\/\" \/>\n<meta property=\"og:locale\" content=\"fr_FR\" \/>\n<meta property=\"og:type\" content=\"article\" \/>\n<meta property=\"og:title\" content=\"Z\u00fcrich: Neue Mieter in The Circle - IMMOBILIEN Business\" \/>\n<meta property=\"og:description\" content=\"Das Dienstleistungszentrum The Circle am Flughafen Z\u00fcrich hat f\u00fcnf neue Mieter. Laut Flughafen Z\u00fcrich AG liegt die Vermietungsquote damit bei 85%.\" \/>\n<meta property=\"og:url\" content=\"https:\/\/www.immobilienbusiness.ch\/fr\/regionen\/2021-02-15\/zuerich-neue-mieter-in-the-circle\/\" \/>\n<meta property=\"og:site_name\" content=\"IMMOBILIEN Business\" \/>\n<meta property=\"article:publisher\" content=\"https:\/\/www.facebook.com\/immobilienbusiness\/\" \/>\n<meta property=\"article:published_time\" content=\"2021-02-15T07:45:06+00:00\" \/>\n<meta property=\"article:modified_time\" content=\"2023-08-09T17:39:07+00:00\" \/>\n<meta property=\"og:image\" content=\"https:\/\/www.immobilienbusiness.ch\/wp-content\/uploads\/2020\/11\/The_Circle_Bild_02.jpg\" \/>\n\t<meta property=\"og:image:width\" content=\"1079\" \/>\n\t<meta property=\"og:image:height\" content=\"719\" \/>\n\t<meta property=\"og:image:type\" content=\"image\/jpeg\" \/>\n<meta name=\"author\" content=\"anja.hall\" \/>\n<meta name=\"twitter:card\" content=\"summary_large_image\" \/>\n<meta name=\"twitter:image\" content=\"https:\/\/www.immobilienbusiness.ch\/wp-content\/uploads\/2020\/11\/The_Circle_Bild_02.jpg\" \/>\n<script type=\"application\/ld+json\" class=\"yoast-schema-graph\">{\"@context\":\"https:\\\/\\\/schema.org\",\"@graph\":[{\"@type\":\"Article\",\"@id\":\"https:\\\/\\\/www.immobilienbusiness.ch\\\/en\\\/regionen\\\/2021-02-15\\\/zuerich-neue-mieter-in-the-circle\\\/#article\",\"isPartOf\":{\"@id\":\"https:\\\/\\\/www.immobilienbusiness.ch\\\/en\\\/regionen\\\/2021-02-15\\\/zuerich-neue-mieter-in-the-circle\\\/\"},\"author\":{\"name\":\"anja.hall\",\"@id\":\"https:\\\/\\\/www.immobilienbusiness.ch\\\/#\\\/schema\\\/person\\\/3fc036297b10b9f42d6db5ee932af8c8\"},\"headline\":\"Z\u00fcrich: Neue Mieter in The Circle\",\"datePublished\":\"2021-02-15T07:45:06+00:00\",\"dateModified\":\"2023-08-09T17:39:07+00:00\",\"mainEntityOfPage\":{\"@id\":\"https:\\\/\\\/www.immobilienbusiness.ch\\\/en\\\/regionen\\\/2021-02-15\\\/zuerich-neue-mieter-in-the-circle\\\/\"},\"wordCount\":129,\"publisher\":{\"@id\":\"https:\\\/\\\/www.immobilienbusiness.ch\\\/#organization\"},\"image\":{\"@id\":\"https:\\\/\\\/www.immobilienbusiness.ch\\\/en\\\/regionen\\\/2021-02-15\\\/zuerich-neue-mieter-in-the-circle\\\/#primaryimage\"},\"thumbnailUrl\":\"https:\\\/\\\/www.immobilienbusiness.ch\\\/wp-content\\\/uploads\\\/2020\\\/11\\\/The_Circle_Bild_02.jpg\",\"keywords\":[\"The Circle\",\"Verf\u00fcgbare Fl\u00e4chen\",\"Vermietung\"],\"articleSection\":[\"REGIONEN\"],\"inLanguage\":\"fr-FR\"},{\"@type\":\"WebPage\",\"@id\":\"https:\\\/\\\/www.immobilienbusiness.ch\\\/en\\\/regionen\\\/2021-02-15\\\/zuerich-neue-mieter-in-the-circle\\\/\",\"url\":\"https:\\\/\\\/www.immobilienbusiness.ch\\\/en\\\/regionen\\\/2021-02-15\\\/zuerich-neue-mieter-in-the-circle\\\/\",\"name\":\"Z\u00fcrich: Neue Mieter in The Circle - IMMOBILIEN Business\",\"isPartOf\":{\"@id\":\"https:\\\/\\\/www.immobilienbusiness.ch\\\/#website\"},\"primaryImageOfPage\":{\"@id\":\"https:\\\/\\\/www.immobilienbusiness.ch\\\/en\\\/regionen\\\/2021-02-15\\\/zuerich-neue-mieter-in-the-circle\\\/#primaryimage\"},\"image\":{\"@id\":\"https:\\\/\\\/www.immobilienbusiness.ch\\\/en\\\/regionen\\\/2021-02-15\\\/zuerich-neue-mieter-in-the-circle\\\/#primaryimage\"},\"thumbnailUrl\":\"https:\\\/\\\/www.immobilienbusiness.ch\\\/wp-content\\\/uploads\\\/2020\\\/11\\\/The_Circle_Bild_02.jpg\",\"datePublished\":\"2021-02-15T07:45:06+00:00\",\"dateModified\":\"2023-08-09T17:39:07+00:00\",\"description\":\"Das Dienstleistungszentrum The Circle am Flughafen Z\u00fcrich hat f\u00fcnf neue Mieter. Laut Flughafen Z\u00fcrich AG liegt die Vermietungsquote damit bei 85%.\",\"breadcrumb\":{\"@id\":\"https:\\\/\\\/www.immobilienbusiness.ch\\\/en\\\/regionen\\\/2021-02-15\\\/zuerich-neue-mieter-in-the-circle\\\/#breadcrumb\"},\"inLanguage\":\"fr-FR\",\"potentialAction\":[{\"@type\":\"ReadAction\",\"target\":[\"https:\\\/\\\/www.immobilienbusiness.ch\\\/en\\\/regionen\\\/2021-02-15\\\/zuerich-neue-mieter-in-the-circle\\\/\"]}]},{\"@type\":\"ImageObject\",\"inLanguage\":\"fr-FR\",\"@id\":\"https:\\\/\\\/www.immobilienbusiness.ch\\\/en\\\/regionen\\\/2021-02-15\\\/zuerich-neue-mieter-in-the-circle\\\/#primaryimage\",\"url\":\"https:\\\/\\\/www.immobilienbusiness.ch\\\/wp-content\\\/uploads\\\/2020\\\/11\\\/The_Circle_Bild_02.jpg\",\"contentUrl\":\"https:\\\/\\\/www.immobilienbusiness.ch\\\/wp-content\\\/uploads\\\/2020\\\/11\\\/The_Circle_Bild_02.jpg\",\"width\":1079,\"height\":719,\"caption\":\"The Circle (Bild: Flughafen Z\u00fcrich AG)\"},{\"@type\":\"BreadcrumbList\",\"@id\":\"https:\\\/\\\/www.immobilienbusiness.ch\\\/en\\\/regionen\\\/2021-02-15\\\/zuerich-neue-mieter-in-the-circle\\\/#breadcrumb\",\"itemListElement\":[{\"@type\":\"ListItem\",\"position\":1,\"name\":\"Home\",\"item\":\"https:\\\/\\\/www.immobilienbusiness.ch\\\/\"},{\"@type\":\"ListItem\",\"position\":2,\"name\":\"Z\u00fcrich: Neue Mieter in The Circle\"}]},{\"@type\":\"WebSite\",\"@id\":\"https:\\\/\\\/www.immobilienbusiness.ch\\\/#website\",\"url\":\"https:\\\/\\\/www.immobilienbusiness.ch\\\/\",\"name\":\"IMMOBILIEN Business\",\"description\":\"Unabh\u00e4ngiges Schweizer Wirtschaftsmagazin mit Fokus auf Immobilien, Architektur- und Bau sowie Investment- und Finanzierung.\",\"publisher\":{\"@id\":\"https:\\\/\\\/www.immobilienbusiness.ch\\\/#organization\"},\"potentialAction\":[{\"@type\":\"SearchAction\",\"target\":{\"@type\":\"EntryPoint\",\"urlTemplate\":\"https:\\\/\\\/www.immobilienbusiness.ch\\\/?s={search_term_string}\"},\"query-input\":{\"@type\":\"PropertyValueSpecification\",\"valueRequired\":true,\"valueName\":\"search_term_string\"}}],\"inLanguage\":\"fr-FR\"},{\"@type\":\"Organization\",\"@id\":\"https:\\\/\\\/www.immobilienbusiness.ch\\\/#organization\",\"name\":\"IMMOBILIEN Business\",\"url\":\"https:\\\/\\\/www.immobilienbusiness.ch\\\/\",\"logo\":{\"@type\":\"ImageObject\",\"inLanguage\":\"fr-FR\",\"@id\":\"https:\\\/\\\/www.immobilienbusiness.ch\\\/#\\\/schema\\\/logo\\\/image\\\/\",\"url\":\"https:\\\/\\\/www.immobilienbusiness.ch\\\/wp-content\\\/uploads\\\/2021\\\/07\\\/logo_ib.png\",\"contentUrl\":\"https:\\\/\\\/www.immobilienbusiness.ch\\\/wp-content\\\/uploads\\\/2021\\\/07\\\/logo_ib.png\",\"width\":800,\"height\":181,\"caption\":\"IMMOBILIEN Business\"},\"image\":{\"@id\":\"https:\\\/\\\/www.immobilienbusiness.ch\\\/#\\\/schema\\\/logo\\\/image\\\/\"},\"sameAs\":[\"https:\\\/\\\/www.facebook.com\\\/immobilienbusiness\\\/\"]},{\"@type\":\"Person\",\"@id\":\"https:\\\/\\\/www.immobilienbusiness.ch\\\/#\\\/schema\\\/person\\\/3fc036297b10b9f42d6db5ee932af8c8\",\"name\":\"anja.hall\",\"image\":{\"@type\":\"ImageObject\",\"inLanguage\":\"fr-FR\",\"@id\":\"https:\\\/\\\/secure.gravatar.com\\\/avatar\\\/066b5a0d447013502c71a5782f4f3469f03cfe595cc2329fb94652fe47511bfb?s=96&d=mm&r=g\",\"url\":\"https:\\\/\\\/secure.gravatar.com\\\/avatar\\\/066b5a0d447013502c71a5782f4f3469f03cfe595cc2329fb94652fe47511bfb?s=96&d=mm&r=g\",\"contentUrl\":\"https:\\\/\\\/secure.gravatar.com\\\/avatar\\\/066b5a0d447013502c71a5782f4f3469f03cfe595cc2329fb94652fe47511bfb?s=96&d=mm&r=g\",\"caption\":\"anja.hall\"},\"url\":\"https:\\\/\\\/www.immobilienbusiness.ch\\\/fr\\\/author\\\/anja-hall\\\/\"}]}<\/script>\n<!-- \/ Yoast SEO plugin. -->","yoast_head_json":{"title":"Z\u00fcrich: Neue Mieter in The Circle - IMMOBILIEN Business","description":"Le centre de services The Circle \u00e0 l'a\u00e9roport de Zurich compte cinq nouveaux locataires. Selon Flughafen Z\u00fcrich AG, cela porte le taux d'occupation \u00e0 85%.","robots":{"index":"index","follow":"follow","max-snippet":"max-snippet:-1","max-image-preview":"max-image-preview:large","max-video-preview":"max-video-preview:-1"},"canonical":"https:\/\/www.immobilienbusiness.ch\/fr\/regionen\/2021-02-15\/zuerich-neue-mieter-in-the-circle\/","og_locale":"fr_FR","og_type":"article","og_title":"Z\u00fcrich: Neue Mieter in The Circle - IMMOBILIEN Business","og_description":"Das Dienstleistungszentrum The Circle am Flughafen Z\u00fcrich hat f\u00fcnf neue Mieter. Laut Flughafen Z\u00fcrich AG liegt die Vermietungsquote damit bei 85%.","og_url":"https:\/\/www.immobilienbusiness.ch\/fr\/regionen\/2021-02-15\/zuerich-neue-mieter-in-the-circle\/","og_site_name":"IMMOBILIEN Business","article_publisher":"https:\/\/www.facebook.com\/immobilienbusiness\/","article_published_time":"2021-02-15T07:45:06+00:00","article_modified_time":"2023-08-09T17:39:07+00:00","og_image":[{"width":1079,"height":719,"url":"https:\/\/www.immobilienbusiness.ch\/wp-content\/uploads\/2020\/11\/The_Circle_Bild_02.jpg","type":"image\/jpeg"}],"author":"anja.hall","twitter_card":"summary_large_image","twitter_image":"https:\/\/www.immobilienbusiness.ch\/wp-content\/uploads\/2020\/11\/The_Circle_Bild_02.jpg","schema":{"@context":"https:\/\/schema.org","@graph":[{"@type":"Article","@id":"https:\/\/www.immobilienbusiness.ch\/en\/regionen\/2021-02-15\/zuerich-neue-mieter-in-the-circle\/#article","isPartOf":{"@id":"https:\/\/www.immobilienbusiness.ch\/en\/regionen\/2021-02-15\/zuerich-neue-mieter-in-the-circle\/"},"author":{"name":"anja.hall","@id":"https:\/\/www.immobilienbusiness.ch\/#\/schema\/person\/3fc036297b10b9f42d6db5ee932af8c8"},"headline":"Z\u00fcrich: Neue Mieter in The Circle","datePublished":"2021-02-15T07:45:06+00:00","dateModified":"2023-08-09T17:39:07+00:00","mainEntityOfPage":{"@id":"https:\/\/www.immobilienbusiness.ch\/en\/regionen\/2021-02-15\/zuerich-neue-mieter-in-the-circle\/"},"wordCount":129,"publisher":{"@id":"https:\/\/www.immobilienbusiness.ch\/#organization"},"image":{"@id":"https:\/\/www.immobilienbusiness.ch\/en\/regionen\/2021-02-15\/zuerich-neue-mieter-in-the-circle\/#primaryimage"},"thumbnailUrl":"https:\/\/www.immobilienbusiness.ch\/wp-content\/uploads\/2020\/11\/The_Circle_Bild_02.jpg","keywords":["The Circle","Verf\u00fcgbare Fl\u00e4chen","Vermietung"],"articleSection":["REGIONEN"],"inLanguage":"fr-FR"},{"@type":"WebPage","@id":"https:\/\/www.immobilienbusiness.ch\/en\/regionen\/2021-02-15\/zuerich-neue-mieter-in-the-circle\/","url":"https:\/\/www.immobilienbusiness.ch\/en\/regionen\/2021-02-15\/zuerich-neue-mieter-in-the-circle\/","name":"Z\u00fcrich: Neue Mieter in The Circle - IMMOBILIEN Business","isPartOf":{"@id":"https:\/\/www.immobilienbusiness.ch\/#website"},"primaryImageOfPage":{"@id":"https:\/\/www.immobilienbusiness.ch\/en\/regionen\/2021-02-15\/zuerich-neue-mieter-in-the-circle\/#primaryimage"},"image":{"@id":"https:\/\/www.immobilienbusiness.ch\/en\/regionen\/2021-02-15\/zuerich-neue-mieter-in-the-circle\/#primaryimage"},"thumbnailUrl":"https:\/\/www.immobilienbusiness.ch\/wp-content\/uploads\/2020\/11\/The_Circle_Bild_02.jpg","datePublished":"2021-02-15T07:45:06+00:00","dateModified":"2023-08-09T17:39:07+00:00","description":"Le centre de services The Circle \u00e0 l'a\u00e9roport de Zurich compte cinq nouveaux locataires. Selon Flughafen Z\u00fcrich AG, cela porte le taux d'occupation \u00e0 85%.","breadcrumb":{"@id":"https:\/\/www.immobilienbusiness.ch\/en\/regionen\/2021-02-15\/zuerich-neue-mieter-in-the-circle\/#breadcrumb"},"inLanguage":"fr-FR","potentialAction":[{"@type":"ReadAction","target":["https:\/\/www.immobilienbusiness.ch\/en\/regionen\/2021-02-15\/zuerich-neue-mieter-in-the-circle\/"]}]},{"@type":"ImageObject","inLanguage":"fr-FR","@id":"https:\/\/www.immobilienbusiness.ch\/en\/regionen\/2021-02-15\/zuerich-neue-mieter-in-the-circle\/#primaryimage","url":"https:\/\/www.immobilienbusiness.ch\/wp-content\/uploads\/2020\/11\/The_Circle_Bild_02.jpg","contentUrl":"https:\/\/www.immobilienbusiness.ch\/wp-content\/uploads\/2020\/11\/The_Circle_Bild_02.jpg","width":1079,"height":719,"caption":"The Circle (Bild: Flughafen Z\u00fcrich AG)"},{"@type":"BreadcrumbList","@id":"https:\/\/www.immobilienbusiness.ch\/en\/regionen\/2021-02-15\/zuerich-neue-mieter-in-the-circle\/#breadcrumb","itemListElement":[{"@type":"ListItem","position":1,"name":"Home","item":"https:\/\/www.immobilienbusiness.ch\/"},{"@type":"ListItem","position":2,"name":"Z\u00fcrich: Neue Mieter in The Circle"}]},{"@type":"WebSite","@id":"https:\/\/www.immobilienbusiness.ch\/#website","url":"https:\/\/www.immobilienbusiness.ch\/","name":"IMMOBILIER Business","description":"Magazine \u00e9conomique suisse ind\u00e9pendant ax\u00e9 sur l'immobilier, l'architecture et la construction ainsi que sur les investissements et le financement.","publisher":{"@id":"https:\/\/www.immobilienbusiness.ch\/#organization"},"potentialAction":[{"@type":"SearchAction","target":{"@type":"EntryPoint","urlTemplate":"https:\/\/www.immobilienbusiness.ch\/?s={search_term_string}"},"query-input":{"@type":"PropertyValueSpecification","valueRequired":true,"valueName":"search_term_string"}}],"inLanguage":"fr-FR"},{"@type":"Organization","@id":"https:\/\/www.immobilienbusiness.ch\/#organization","name":"IMMOBILIER Business","url":"https:\/\/www.immobilienbusiness.ch\/","logo":{"@type":"ImageObject","inLanguage":"fr-FR","@id":"https:\/\/www.immobilienbusiness.ch\/#\/schema\/logo\/image\/","url":"https:\/\/www.immobilienbusiness.ch\/wp-content\/uploads\/2021\/07\/logo_ib.png","contentUrl":"https:\/\/www.immobilienbusiness.ch\/wp-content\/uploads\/2021\/07\/logo_ib.png","width":800,"height":181,"caption":"IMMOBILIEN Business"},"image":{"@id":"https:\/\/www.immobilienbusiness.ch\/#\/schema\/logo\/image\/"},"sameAs":["https:\/\/www.facebook.com\/immobilienbusiness\/"]},{"@type":"Person","@id":"https:\/\/www.immobilienbusiness.ch\/#\/schema\/person\/3fc036297b10b9f42d6db5ee932af8c8","name":"anja.hall","image":{"@type":"ImageObject","inLanguage":"fr-FR","@id":"https:\/\/secure.gravatar.com\/avatar\/066b5a0d447013502c71a5782f4f3469f03cfe595cc2329fb94652fe47511bfb?s=96&d=mm&r=g","url":"https:\/\/secure.gravatar.com\/avatar\/066b5a0d447013502c71a5782f4f3469f03cfe595cc2329fb94652fe47511bfb?s=96&d=mm&r=g","contentUrl":"https:\/\/secure.gravatar.com\/avatar\/066b5a0d447013502c71a5782f4f3469f03cfe595cc2329fb94652fe47511bfb?s=96&d=mm&r=g","caption":"anja.hall"},"url":"https:\/\/www.immobilienbusiness.ch\/fr\/author\/anja-hall\/"}]}},"_links":{"self":[{"href":"https:\/\/www.immobilienbusiness.ch\/fr\/wp-json\/wp\/v2\/posts\/23477","targetHints":{"allow":["GET"]}}],"collection":[{"href":"https:\/\/www.immobilienbusiness.ch\/fr\/wp-json\/wp\/v2\/posts"}],"about":[{"href":"https:\/\/www.immobilienbusiness.ch\/fr\/wp-json\/wp\/v2\/types\/post"}],"author":[{"embeddable":true,"href":"https:\/\/www.immobilienbusiness.ch\/fr\/wp-json\/wp\/v2\/users\/3"}],"replies":[{"embeddable":true,"href":"https:\/\/www.immobilienbusiness.ch\/fr\/wp-json\/wp\/v2\/comments?post=23477"}],"version-history":[{"count":2,"href":"https:\/\/www.immobilienbusiness.ch\/fr\/wp-json\/wp\/v2\/posts\/23477\/revisions"}],"predecessor-version":[{"id":51733,"href":"https:\/\/www.immobilienbusiness.ch\/fr\/wp-json\/wp\/v2\/posts\/23477\/revisions\/51733"}],"wp:featuredmedia":[{"embeddable":true,"href":"https:\/\/www.immobilienbusiness.ch\/fr\/wp-json\/wp\/v2\/media\/22791"}],"wp:attachment":[{"href":"https:\/\/www.immobilienbusiness.ch\/fr\/wp-json\/wp\/v2\/media?parent=23477"}],"wp:term":[{"taxonomy":"category","embeddable":true,"href":"https:\/\/www.immobilienbusiness.ch\/fr\/wp-json\/wp\/v2\/categories?post=23477"},{"taxonomy":"post_tag","embeddable":true,"href":"https:\/\/www.immobilienbusiness.ch\/fr\/wp-json\/wp\/v2\/tags?post=23477"}],"curies":[{"name":"wp","href":"https:\/\/api.w.org\/{rel}","templated":true}]}}