{"id":23435,"date":"2021-02-09T09:11:17","date_gmt":"2021-02-09T08:11:17","guid":{"rendered":"https:\/\/www.immobilienbusiness.ch\/?p=23435"},"modified":"2021-02-09T09:11:17","modified_gmt":"2021-02-09T08:11:17","slug":"basel-grosser-rat-verlangt-aenderungen-beim-projekt-nauentor","status":"publish","type":"post","link":"https:\/\/www.immobilienbusiness.ch\/fr\/regionen\/2021-02-09\/basel-grosser-rat-verlangt-aenderungen-beim-projekt-nauentor\/","title":{"rendered":"B\u00e2le : le Grand Conseil exige des modifications du projet Nauentor"},"content":{"rendered":"<figure id=\"attachment_12736\" aria-describedby=\"caption-attachment-12736\" style=\"width: 680px\" class=\"wp-caption alignnone\"><img loading=\"lazy\" decoding=\"async\" class=\"size-medium wp-image-12736\" src=\"https:\/\/www.immobilienbusiness.ch\/wp-content\/uploads\/2018\/05\/nauentor_illu_uebersicht.jpg\" alt=\"\" width=\"680\" height=\"454\" srcset=\"https:\/\/www.immobilienbusiness.ch\/wp-content\/uploads\/2018\/05\/nauentor_illu_uebersicht.jpg 2480w, https:\/\/www.immobilienbusiness.ch\/wp-content\/uploads\/2018\/05\/nauentor_illu_uebersicht-300x200.jpg 300w, https:\/\/www.immobilienbusiness.ch\/wp-content\/uploads\/2018\/05\/nauentor_illu_uebersicht-1024x684.jpg 1024w, https:\/\/www.immobilienbusiness.ch\/wp-content\/uploads\/2018\/05\/nauentor_illu_uebersicht-768x513.jpg 768w, https:\/\/www.immobilienbusiness.ch\/wp-content\/uploads\/2018\/05\/nauentor_illu_uebersicht-1536x1026.jpg 1536w, https:\/\/www.immobilienbusiness.ch\/wp-content\/uploads\/2018\/05\/nauentor_illu_uebersicht-2048x1368.jpg 2048w, https:\/\/www.immobilienbusiness.ch\/wp-content\/uploads\/2018\/05\/nauentor_illu_uebersicht-16x12.jpg 16w, https:\/\/www.immobilienbusiness.ch\/wp-content\/uploads\/2018\/05\/nauentor_illu_uebersicht-262x175.jpg 262w, https:\/\/www.immobilienbusiness.ch\/wp-content\/uploads\/2018\/05\/nauentor_illu_uebersicht-524x350.jpg 524w, https:\/\/www.immobilienbusiness.ch\/wp-content\/uploads\/2018\/05\/nauentor_illu_uebersicht-1198x800.jpg 1198w, https:\/\/www.immobilienbusiness.ch\/wp-content\/uploads\/2018\/05\/nauentor_illu_uebersicht-920x614.jpg 920w, https:\/\/www.immobilienbusiness.ch\/wp-content\/uploads\/2018\/05\/nauentor_illu_uebersicht-1400x935.jpg 1400w\" sizes=\"auto, (max-width: 680px) 100vw, 680px\" \/><figcaption id=\"caption-attachment-12736\" class=\"wp-caption-text\">Illustration du projet de construction Nauentor (source : Post Immobilien, CFF)<\/figcaption><\/figure>\n<p>Le b\u00e2timent vide de la Poste pr\u00e8s de la gare CFF doit \u00eatre transform\u00e9 en \"Nauentor\". La communaut\u00e9 de planification de Post Finance et des CFF pr\u00e9voit de construire un nouveau b\u00e2timent en utilisant la structure porteuse existante au-dessus des voies comme socle. Il est pr\u00e9vu de construire trois immeubles de 87 m\u00e8tres de haut ; au total, la construction offrira entre 50 000 et 80 000 m\u00e8tres carr\u00e9s de surface de travail et 36 000 m\u00e8tres carr\u00e9s de logements pour environ 600 personnes. Il est \u00e9galement pr\u00e9vu d'am\u00e9nager jusqu'\u00e0 460 places de stationnement pour les voitures.<\/p>\n<p>La Commission de la construction et de l'am\u00e9nagement du territoire (CCAT) du Grand Conseil a approuv\u00e9 le projet, mais a introduit quelques amendements. Ainsi, la commission a demand\u00e9 \u00e0 l'unanimit\u00e9 qu'au moins un tiers de la part de logements, soit 12.000 m\u00b2, soit propos\u00e9 \u00e0 des prix avantageux et qu'en outre, au moins un tiers de tous les logements soient soumis \u00e0 une obligation de r\u00e9sidence.<\/p>\n<p>Les investisseurs et le D\u00e9partement des travaux publics et des transports (DTP) doivent am\u00e9liorer leurs plans concernant les liaisons nord-sud et est-ouest pour les cyclistes, \u00e9galement demand\u00e9es par les opposants. Selon la CRB, les formulations vagues des repr\u00e9sentants du BVD et des investisseurs \u00e0 ce sujet ont failli entra\u00eener le rejet du conseil. L'importance du projet, la menace d'une friche \u00e0 cet endroit \u00e9minent de B\u00e2le ainsi que les concessions esquiss\u00e9es et la volont\u00e9 du BVD et des investisseurs de trouver une solution \u00e0 l'avenir auraient toutefois permis \u00e0 la BRK de se r\u00e9soudre \u00e0 un compromis.<\/p>\n<p>Le Grand Conseil traite le projet lors de sa s\u00e9ance de mars. <em>(ah)<\/em><\/p>","protected":false},"excerpt":{"rendered":"<p>La Commission de la construction et de l'am\u00e9nagement du territoire (CCAT) du Grand Conseil approuve le principe du grand projet de construction Nauentor \u00e0 la gare CFF de B\u00e2le. Elle demande toutefois quelques modifications, notamment qu'au moins un tiers de la part de logements soit propos\u00e9 \u00e0 des prix avantageux.<\/p>","protected":false},"author":3,"featured_media":12736,"comment_status":"closed","ping_status":"open","sticky":false,"template":"","format":"standard","meta":{"_acf_changed":false,"_yoast_wpseo_focuskw":"Nauentor","_yoast_wpseo_title":"","_yoast_wpseo_metadesc":"Der Grosse Rat stimmt dem Projekt Nauentor am Bahnhof SBB zu. Allerdings fordert er u.a. mindestens ein Drittel preisg\u00fcnstige Wohnungen.","_yoast_wpseo_linkdex":57,"pgc_sgb_lightbox_settings":"","footnotes":""},"categories":[985],"tags":[1071,1119,1600,1863],"class_list":["post-23435","post","type-post","status-publish","format-standard","has-post-thumbnail","hentry","category-regionen","tag-basel-stadt","tag-bueroimmobilien","tag-projekt-in-planung","tag-wohnimmobilien"],"acf":[],"yoast_head":"<!-- This site is optimized with the Yoast SEO plugin v27.4 - https:\/\/yoast.com\/product\/yoast-seo-wordpress\/ -->\n<title>Basel: Grosser Rat verlangt \u00c4nderungen beim Projekt Nauentor - IMMOBILIEN Business<\/title>\n<meta name=\"description\" content=\"Der Grosse Rat stimmt dem Projekt Nauentor am Bahnhof SBB zu. Allerdings fordert er u.a. mindestens ein Drittel preisg\u00fcnstige Wohnungen.\" \/>\n<meta name=\"robots\" content=\"index, follow, max-snippet:-1, max-image-preview:large, max-video-preview:-1\" \/>\n<link rel=\"canonical\" href=\"https:\/\/www.immobilienbusiness.ch\/fr\/regionen\/2021-02-09\/basel-grosser-rat-verlangt-aenderungen-beim-projekt-nauentor\/\" \/>\n<meta property=\"og:locale\" content=\"fr_FR\" \/>\n<meta property=\"og:type\" content=\"article\" \/>\n<meta property=\"og:title\" content=\"Basel: Grosser Rat verlangt \u00c4nderungen beim Projekt Nauentor - IMMOBILIEN Business\" \/>\n<meta property=\"og:description\" content=\"Der Grosse Rat stimmt dem Projekt Nauentor am Bahnhof SBB zu. Allerdings fordert er u.a. mindestens ein Drittel preisg\u00fcnstige Wohnungen.\" \/>\n<meta property=\"og:url\" content=\"https:\/\/www.immobilienbusiness.ch\/fr\/regionen\/2021-02-09\/basel-grosser-rat-verlangt-aenderungen-beim-projekt-nauentor\/\" \/>\n<meta property=\"og:site_name\" content=\"IMMOBILIEN Business\" \/>\n<meta property=\"article:publisher\" content=\"https:\/\/www.facebook.com\/immobilienbusiness\/\" \/>\n<meta property=\"article:published_time\" content=\"2021-02-09T08:11:17+00:00\" \/>\n<meta property=\"og:image\" content=\"https:\/\/www.immobilienbusiness.ch\/wp-content\/uploads\/2018\/05\/nauentor_illu_uebersicht-1024x684.jpg\" \/>\n\t<meta property=\"og:image:width\" content=\"1024\" \/>\n\t<meta property=\"og:image:height\" content=\"684\" \/>\n\t<meta property=\"og:image:type\" content=\"image\/jpeg\" \/>\n<meta name=\"author\" content=\"anja.hall\" \/>\n<meta name=\"twitter:card\" content=\"summary_large_image\" \/>\n<meta name=\"twitter:image\" content=\"https:\/\/www.immobilienbusiness.ch\/wp-content\/uploads\/2018\/05\/nauentor_illu_uebersicht.jpg\" \/>\n<script type=\"application\/ld+json\" class=\"yoast-schema-graph\">{\"@context\":\"https:\\\/\\\/schema.org\",\"@graph\":[{\"@type\":\"Article\",\"@id\":\"https:\\\/\\\/www.immobilienbusiness.ch\\\/de\\\/regionen\\\/2021-02-09\\\/basel-grosser-rat-verlangt-aenderungen-beim-projekt-nauentor\\\/#article\",\"isPartOf\":{\"@id\":\"https:\\\/\\\/www.immobilienbusiness.ch\\\/de\\\/regionen\\\/2021-02-09\\\/basel-grosser-rat-verlangt-aenderungen-beim-projekt-nauentor\\\/\"},\"author\":{\"name\":\"anja.hall\",\"@id\":\"https:\\\/\\\/www.immobilienbusiness.ch\\\/#\\\/schema\\\/person\\\/3fc036297b10b9f42d6db5ee932af8c8\"},\"headline\":\"Basel: Grosser Rat verlangt \u00c4nderungen beim Projekt Nauentor\",\"datePublished\":\"2021-02-09T08:11:17+00:00\",\"mainEntityOfPage\":{\"@id\":\"https:\\\/\\\/www.immobilienbusiness.ch\\\/de\\\/regionen\\\/2021-02-09\\\/basel-grosser-rat-verlangt-aenderungen-beim-projekt-nauentor\\\/\"},\"wordCount\":253,\"publisher\":{\"@id\":\"https:\\\/\\\/www.immobilienbusiness.ch\\\/#organization\"},\"image\":{\"@id\":\"https:\\\/\\\/www.immobilienbusiness.ch\\\/de\\\/regionen\\\/2021-02-09\\\/basel-grosser-rat-verlangt-aenderungen-beim-projekt-nauentor\\\/#primaryimage\"},\"thumbnailUrl\":\"https:\\\/\\\/www.immobilienbusiness.ch\\\/wp-content\\\/uploads\\\/2018\\\/05\\\/nauentor_illu_uebersicht.jpg\",\"keywords\":[\"Basel-Stadt\",\"B\u00fcroimmobilien\",\"Projekt in Planung\",\"Wohnimmobilien\"],\"articleSection\":[\"REGIONEN\"],\"inLanguage\":\"fr-FR\"},{\"@type\":\"WebPage\",\"@id\":\"https:\\\/\\\/www.immobilienbusiness.ch\\\/de\\\/regionen\\\/2021-02-09\\\/basel-grosser-rat-verlangt-aenderungen-beim-projekt-nauentor\\\/\",\"url\":\"https:\\\/\\\/www.immobilienbusiness.ch\\\/de\\\/regionen\\\/2021-02-09\\\/basel-grosser-rat-verlangt-aenderungen-beim-projekt-nauentor\\\/\",\"name\":\"Basel: Grosser Rat verlangt \u00c4nderungen beim Projekt Nauentor - IMMOBILIEN Business\",\"isPartOf\":{\"@id\":\"https:\\\/\\\/www.immobilienbusiness.ch\\\/#website\"},\"primaryImageOfPage\":{\"@id\":\"https:\\\/\\\/www.immobilienbusiness.ch\\\/de\\\/regionen\\\/2021-02-09\\\/basel-grosser-rat-verlangt-aenderungen-beim-projekt-nauentor\\\/#primaryimage\"},\"image\":{\"@id\":\"https:\\\/\\\/www.immobilienbusiness.ch\\\/de\\\/regionen\\\/2021-02-09\\\/basel-grosser-rat-verlangt-aenderungen-beim-projekt-nauentor\\\/#primaryimage\"},\"thumbnailUrl\":\"https:\\\/\\\/www.immobilienbusiness.ch\\\/wp-content\\\/uploads\\\/2018\\\/05\\\/nauentor_illu_uebersicht.jpg\",\"datePublished\":\"2021-02-09T08:11:17+00:00\",\"description\":\"Der Grosse Rat stimmt dem Projekt Nauentor am Bahnhof SBB zu. Allerdings fordert er u.a. mindestens ein Drittel preisg\u00fcnstige Wohnungen.\",\"breadcrumb\":{\"@id\":\"https:\\\/\\\/www.immobilienbusiness.ch\\\/de\\\/regionen\\\/2021-02-09\\\/basel-grosser-rat-verlangt-aenderungen-beim-projekt-nauentor\\\/#breadcrumb\"},\"inLanguage\":\"fr-FR\",\"potentialAction\":[{\"@type\":\"ReadAction\",\"target\":[\"https:\\\/\\\/www.immobilienbusiness.ch\\\/de\\\/regionen\\\/2021-02-09\\\/basel-grosser-rat-verlangt-aenderungen-beim-projekt-nauentor\\\/\"]}]},{\"@type\":\"ImageObject\",\"inLanguage\":\"fr-FR\",\"@id\":\"https:\\\/\\\/www.immobilienbusiness.ch\\\/de\\\/regionen\\\/2021-02-09\\\/basel-grosser-rat-verlangt-aenderungen-beim-projekt-nauentor\\\/#primaryimage\",\"url\":\"https:\\\/\\\/www.immobilienbusiness.ch\\\/wp-content\\\/uploads\\\/2018\\\/05\\\/nauentor_illu_uebersicht.jpg\",\"contentUrl\":\"https:\\\/\\\/www.immobilienbusiness.ch\\\/wp-content\\\/uploads\\\/2018\\\/05\\\/nauentor_illu_uebersicht.jpg\",\"width\":2480,\"height\":1656,\"caption\":\"Illustration der geplanten \u00dcberbauung Nauentor (Quelle: Post Immobilien, SBB)\"},{\"@type\":\"BreadcrumbList\",\"@id\":\"https:\\\/\\\/www.immobilienbusiness.ch\\\/de\\\/regionen\\\/2021-02-09\\\/basel-grosser-rat-verlangt-aenderungen-beim-projekt-nauentor\\\/#breadcrumb\",\"itemListElement\":[{\"@type\":\"ListItem\",\"position\":1,\"name\":\"Home\",\"item\":\"https:\\\/\\\/www.immobilienbusiness.ch\\\/\"},{\"@type\":\"ListItem\",\"position\":2,\"name\":\"Basel: Grosser Rat verlangt \u00c4nderungen beim Projekt Nauentor\"}]},{\"@type\":\"WebSite\",\"@id\":\"https:\\\/\\\/www.immobilienbusiness.ch\\\/#website\",\"url\":\"https:\\\/\\\/www.immobilienbusiness.ch\\\/\",\"name\":\"IMMOBILIEN Business\",\"description\":\"Unabh\u00e4ngiges Schweizer Wirtschaftsmagazin mit Fokus auf Immobilien, Architektur- und Bau sowie Investment- und Finanzierung.\",\"publisher\":{\"@id\":\"https:\\\/\\\/www.immobilienbusiness.ch\\\/#organization\"},\"potentialAction\":[{\"@type\":\"SearchAction\",\"target\":{\"@type\":\"EntryPoint\",\"urlTemplate\":\"https:\\\/\\\/www.immobilienbusiness.ch\\\/?s={search_term_string}\"},\"query-input\":{\"@type\":\"PropertyValueSpecification\",\"valueRequired\":true,\"valueName\":\"search_term_string\"}}],\"inLanguage\":\"fr-FR\"},{\"@type\":\"Organization\",\"@id\":\"https:\\\/\\\/www.immobilienbusiness.ch\\\/#organization\",\"name\":\"IMMOBILIEN Business\",\"url\":\"https:\\\/\\\/www.immobilienbusiness.ch\\\/\",\"logo\":{\"@type\":\"ImageObject\",\"inLanguage\":\"fr-FR\",\"@id\":\"https:\\\/\\\/www.immobilienbusiness.ch\\\/#\\\/schema\\\/logo\\\/image\\\/\",\"url\":\"https:\\\/\\\/www.immobilienbusiness.ch\\\/wp-content\\\/uploads\\\/2021\\\/07\\\/logo_ib.png\",\"contentUrl\":\"https:\\\/\\\/www.immobilienbusiness.ch\\\/wp-content\\\/uploads\\\/2021\\\/07\\\/logo_ib.png\",\"width\":800,\"height\":181,\"caption\":\"IMMOBILIEN Business\"},\"image\":{\"@id\":\"https:\\\/\\\/www.immobilienbusiness.ch\\\/#\\\/schema\\\/logo\\\/image\\\/\"},\"sameAs\":[\"https:\\\/\\\/www.facebook.com\\\/immobilienbusiness\\\/\"]},{\"@type\":\"Person\",\"@id\":\"https:\\\/\\\/www.immobilienbusiness.ch\\\/#\\\/schema\\\/person\\\/3fc036297b10b9f42d6db5ee932af8c8\",\"name\":\"anja.hall\",\"image\":{\"@type\":\"ImageObject\",\"inLanguage\":\"fr-FR\",\"@id\":\"https:\\\/\\\/secure.gravatar.com\\\/avatar\\\/066b5a0d447013502c71a5782f4f3469f03cfe595cc2329fb94652fe47511bfb?s=96&d=mm&r=g\",\"url\":\"https:\\\/\\\/secure.gravatar.com\\\/avatar\\\/066b5a0d447013502c71a5782f4f3469f03cfe595cc2329fb94652fe47511bfb?s=96&d=mm&r=g\",\"contentUrl\":\"https:\\\/\\\/secure.gravatar.com\\\/avatar\\\/066b5a0d447013502c71a5782f4f3469f03cfe595cc2329fb94652fe47511bfb?s=96&d=mm&r=g\",\"caption\":\"anja.hall\"},\"url\":\"https:\\\/\\\/www.immobilienbusiness.ch\\\/fr\\\/author\\\/anja-hall\\\/\"}]}<\/script>\n<!-- \/ Yoast SEO plugin. -->","yoast_head_json":{"title":"Basel: Grosser Rat verlangt \u00c4nderungen beim Projekt Nauentor - IMMOBILIEN Business","description":"Der Grosse Rat stimmt dem Projekt Nauentor am Bahnhof SBB zu. Allerdings fordert er u.a. mindestens ein Drittel preisg\u00fcnstige Wohnungen.","robots":{"index":"index","follow":"follow","max-snippet":"max-snippet:-1","max-image-preview":"max-image-preview:large","max-video-preview":"max-video-preview:-1"},"canonical":"https:\/\/www.immobilienbusiness.ch\/fr\/regionen\/2021-02-09\/basel-grosser-rat-verlangt-aenderungen-beim-projekt-nauentor\/","og_locale":"fr_FR","og_type":"article","og_title":"Basel: Grosser Rat verlangt \u00c4nderungen beim Projekt Nauentor - IMMOBILIEN Business","og_description":"Der Grosse Rat stimmt dem Projekt Nauentor am Bahnhof SBB zu. Allerdings fordert er u.a. mindestens ein Drittel preisg\u00fcnstige Wohnungen.","og_url":"https:\/\/www.immobilienbusiness.ch\/fr\/regionen\/2021-02-09\/basel-grosser-rat-verlangt-aenderungen-beim-projekt-nauentor\/","og_site_name":"IMMOBILIEN Business","article_publisher":"https:\/\/www.facebook.com\/immobilienbusiness\/","article_published_time":"2021-02-09T08:11:17+00:00","og_image":[{"width":1024,"height":684,"url":"https:\/\/www.immobilienbusiness.ch\/wp-content\/uploads\/2018\/05\/nauentor_illu_uebersicht-1024x684.jpg","type":"image\/jpeg"}],"author":"anja.hall","twitter_card":"summary_large_image","twitter_image":"https:\/\/www.immobilienbusiness.ch\/wp-content\/uploads\/2018\/05\/nauentor_illu_uebersicht.jpg","schema":{"@context":"https:\/\/schema.org","@graph":[{"@type":"Article","@id":"https:\/\/www.immobilienbusiness.ch\/de\/regionen\/2021-02-09\/basel-grosser-rat-verlangt-aenderungen-beim-projekt-nauentor\/#article","isPartOf":{"@id":"https:\/\/www.immobilienbusiness.ch\/de\/regionen\/2021-02-09\/basel-grosser-rat-verlangt-aenderungen-beim-projekt-nauentor\/"},"author":{"name":"anja.hall","@id":"https:\/\/www.immobilienbusiness.ch\/#\/schema\/person\/3fc036297b10b9f42d6db5ee932af8c8"},"headline":"Basel: Grosser Rat verlangt \u00c4nderungen beim Projekt Nauentor","datePublished":"2021-02-09T08:11:17+00:00","mainEntityOfPage":{"@id":"https:\/\/www.immobilienbusiness.ch\/de\/regionen\/2021-02-09\/basel-grosser-rat-verlangt-aenderungen-beim-projekt-nauentor\/"},"wordCount":253,"publisher":{"@id":"https:\/\/www.immobilienbusiness.ch\/#organization"},"image":{"@id":"https:\/\/www.immobilienbusiness.ch\/de\/regionen\/2021-02-09\/basel-grosser-rat-verlangt-aenderungen-beim-projekt-nauentor\/#primaryimage"},"thumbnailUrl":"https:\/\/www.immobilienbusiness.ch\/wp-content\/uploads\/2018\/05\/nauentor_illu_uebersicht.jpg","keywords":["Basel-Stadt","B\u00fcroimmobilien","Projekt in Planung","Wohnimmobilien"],"articleSection":["REGIONEN"],"inLanguage":"fr-FR"},{"@type":"WebPage","@id":"https:\/\/www.immobilienbusiness.ch\/de\/regionen\/2021-02-09\/basel-grosser-rat-verlangt-aenderungen-beim-projekt-nauentor\/","url":"https:\/\/www.immobilienbusiness.ch\/de\/regionen\/2021-02-09\/basel-grosser-rat-verlangt-aenderungen-beim-projekt-nauentor\/","name":"Basel: Grosser Rat verlangt \u00c4nderungen beim Projekt Nauentor - IMMOBILIEN Business","isPartOf":{"@id":"https:\/\/www.immobilienbusiness.ch\/#website"},"primaryImageOfPage":{"@id":"https:\/\/www.immobilienbusiness.ch\/de\/regionen\/2021-02-09\/basel-grosser-rat-verlangt-aenderungen-beim-projekt-nauentor\/#primaryimage"},"image":{"@id":"https:\/\/www.immobilienbusiness.ch\/de\/regionen\/2021-02-09\/basel-grosser-rat-verlangt-aenderungen-beim-projekt-nauentor\/#primaryimage"},"thumbnailUrl":"https:\/\/www.immobilienbusiness.ch\/wp-content\/uploads\/2018\/05\/nauentor_illu_uebersicht.jpg","datePublished":"2021-02-09T08:11:17+00:00","description":"Der Grosse Rat stimmt dem Projekt Nauentor am Bahnhof SBB zu. Allerdings fordert er u.a. mindestens ein Drittel preisg\u00fcnstige Wohnungen.","breadcrumb":{"@id":"https:\/\/www.immobilienbusiness.ch\/de\/regionen\/2021-02-09\/basel-grosser-rat-verlangt-aenderungen-beim-projekt-nauentor\/#breadcrumb"},"inLanguage":"fr-FR","potentialAction":[{"@type":"ReadAction","target":["https:\/\/www.immobilienbusiness.ch\/de\/regionen\/2021-02-09\/basel-grosser-rat-verlangt-aenderungen-beim-projekt-nauentor\/"]}]},{"@type":"ImageObject","inLanguage":"fr-FR","@id":"https:\/\/www.immobilienbusiness.ch\/de\/regionen\/2021-02-09\/basel-grosser-rat-verlangt-aenderungen-beim-projekt-nauentor\/#primaryimage","url":"https:\/\/www.immobilienbusiness.ch\/wp-content\/uploads\/2018\/05\/nauentor_illu_uebersicht.jpg","contentUrl":"https:\/\/www.immobilienbusiness.ch\/wp-content\/uploads\/2018\/05\/nauentor_illu_uebersicht.jpg","width":2480,"height":1656,"caption":"Illustration der geplanten \u00dcberbauung Nauentor (Quelle: Post Immobilien, SBB)"},{"@type":"BreadcrumbList","@id":"https:\/\/www.immobilienbusiness.ch\/de\/regionen\/2021-02-09\/basel-grosser-rat-verlangt-aenderungen-beim-projekt-nauentor\/#breadcrumb","itemListElement":[{"@type":"ListItem","position":1,"name":"Home","item":"https:\/\/www.immobilienbusiness.ch\/"},{"@type":"ListItem","position":2,"name":"Basel: Grosser Rat verlangt \u00c4nderungen beim Projekt Nauentor"}]},{"@type":"WebSite","@id":"https:\/\/www.immobilienbusiness.ch\/#website","url":"https:\/\/www.immobilienbusiness.ch\/","name":"IMMOBILIER Business","description":"Magazine \u00e9conomique suisse ind\u00e9pendant ax\u00e9 sur l'immobilier, l'architecture et la construction ainsi que sur les investissements et le financement.","publisher":{"@id":"https:\/\/www.immobilienbusiness.ch\/#organization"},"potentialAction":[{"@type":"SearchAction","target":{"@type":"EntryPoint","urlTemplate":"https:\/\/www.immobilienbusiness.ch\/?s={search_term_string}"},"query-input":{"@type":"PropertyValueSpecification","valueRequired":true,"valueName":"search_term_string"}}],"inLanguage":"fr-FR"},{"@type":"Organization","@id":"https:\/\/www.immobilienbusiness.ch\/#organization","name":"IMMOBILIER Business","url":"https:\/\/www.immobilienbusiness.ch\/","logo":{"@type":"ImageObject","inLanguage":"fr-FR","@id":"https:\/\/www.immobilienbusiness.ch\/#\/schema\/logo\/image\/","url":"https:\/\/www.immobilienbusiness.ch\/wp-content\/uploads\/2021\/07\/logo_ib.png","contentUrl":"https:\/\/www.immobilienbusiness.ch\/wp-content\/uploads\/2021\/07\/logo_ib.png","width":800,"height":181,"caption":"IMMOBILIEN Business"},"image":{"@id":"https:\/\/www.immobilienbusiness.ch\/#\/schema\/logo\/image\/"},"sameAs":["https:\/\/www.facebook.com\/immobilienbusiness\/"]},{"@type":"Person","@id":"https:\/\/www.immobilienbusiness.ch\/#\/schema\/person\/3fc036297b10b9f42d6db5ee932af8c8","name":"anja.hall","image":{"@type":"ImageObject","inLanguage":"fr-FR","@id":"https:\/\/secure.gravatar.com\/avatar\/066b5a0d447013502c71a5782f4f3469f03cfe595cc2329fb94652fe47511bfb?s=96&d=mm&r=g","url":"https:\/\/secure.gravatar.com\/avatar\/066b5a0d447013502c71a5782f4f3469f03cfe595cc2329fb94652fe47511bfb?s=96&d=mm&r=g","contentUrl":"https:\/\/secure.gravatar.com\/avatar\/066b5a0d447013502c71a5782f4f3469f03cfe595cc2329fb94652fe47511bfb?s=96&d=mm&r=g","caption":"anja.hall"},"url":"https:\/\/www.immobilienbusiness.ch\/fr\/author\/anja-hall\/"}]}},"_links":{"self":[{"href":"https:\/\/www.immobilienbusiness.ch\/fr\/wp-json\/wp\/v2\/posts\/23435","targetHints":{"allow":["GET"]}}],"collection":[{"href":"https:\/\/www.immobilienbusiness.ch\/fr\/wp-json\/wp\/v2\/posts"}],"about":[{"href":"https:\/\/www.immobilienbusiness.ch\/fr\/wp-json\/wp\/v2\/types\/post"}],"author":[{"embeddable":true,"href":"https:\/\/www.immobilienbusiness.ch\/fr\/wp-json\/wp\/v2\/users\/3"}],"replies":[{"embeddable":true,"href":"https:\/\/www.immobilienbusiness.ch\/fr\/wp-json\/wp\/v2\/comments?post=23435"}],"version-history":[{"count":0,"href":"https:\/\/www.immobilienbusiness.ch\/fr\/wp-json\/wp\/v2\/posts\/23435\/revisions"}],"wp:featuredmedia":[{"embeddable":true,"href":"https:\/\/www.immobilienbusiness.ch\/fr\/wp-json\/wp\/v2\/media\/12736"}],"wp:attachment":[{"href":"https:\/\/www.immobilienbusiness.ch\/fr\/wp-json\/wp\/v2\/media?parent=23435"}],"wp:term":[{"taxonomy":"category","embeddable":true,"href":"https:\/\/www.immobilienbusiness.ch\/fr\/wp-json\/wp\/v2\/categories?post=23435"},{"taxonomy":"post_tag","embeddable":true,"href":"https:\/\/www.immobilienbusiness.ch\/fr\/wp-json\/wp\/v2\/tags?post=23435"}],"curies":[{"name":"wp","href":"https:\/\/api.w.org\/{rel}","templated":true}]}}