{"id":23347,"date":"2021-01-27T07:24:01","date_gmt":"2021-01-27T06:24:01","guid":{"rendered":"https:\/\/www.immobilienbusiness.ch\/?p=23347"},"modified":"2021-01-27T07:24:01","modified_gmt":"2021-01-27T06:24:01","slug":"planradar-bleibt-auf-wachstumskurs","status":"publish","type":"post","link":"https:\/\/www.immobilienbusiness.ch\/fr\/unternehmen\/2021-01-27\/planradar-bleibt-auf-wachstumskurs\/","title":{"rendered":"Planradar maintient le cap de la croissance"},"content":{"rendered":"<figure id=\"attachment_13392\" aria-describedby=\"caption-attachment-13392\" style=\"width: 680px\" class=\"wp-caption alignnone\"><img loading=\"lazy\" decoding=\"async\" class=\"size-medium wp-image-13392\" src=\"https:\/\/www.immobilienbusiness.ch\/wp-content\/uploads\/2018\/07\/Depositphotos_29313519_m-2015.jpg\" alt=\"\" width=\"680\" height=\"452\" srcset=\"https:\/\/www.immobilienbusiness.ch\/wp-content\/uploads\/2018\/07\/Depositphotos_29313519_m-2015.jpg 1000w, https:\/\/www.immobilienbusiness.ch\/wp-content\/uploads\/2018\/07\/Depositphotos_29313519_m-2015-300x200.jpg 300w, https:\/\/www.immobilienbusiness.ch\/wp-content\/uploads\/2018\/07\/Depositphotos_29313519_m-2015-768x511.jpg 768w, https:\/\/www.immobilienbusiness.ch\/wp-content\/uploads\/2018\/07\/Depositphotos_29313519_m-2015-16x12.jpg 16w, https:\/\/www.immobilienbusiness.ch\/wp-content\/uploads\/2018\/07\/Depositphotos_29313519_m-2015-263x175.jpg 263w, https:\/\/www.immobilienbusiness.ch\/wp-content\/uploads\/2018\/07\/Depositphotos_29313519_m-2015-526x350.jpg 526w, https:\/\/www.immobilienbusiness.ch\/wp-content\/uploads\/2018\/07\/Depositphotos_29313519_m-2015-920x612.jpg 920w\" sizes=\"auto, (max-width: 680px) 100vw, 680px\" \/><figcaption id=\"caption-attachment-13392\" class=\"wp-caption-text\">La soci\u00e9t\u00e9 proptech Planradar a doubl\u00e9 son chiffre d'affaires en Suisse, selon ses propres chiffres (Image : odua - deposit photos).<\/figcaption><\/figure>\n<p>Planradar, fournisseur de logiciels de documentation et de communication pour les projets de construction et immobiliers, a poursuivi son parcours de croissance au cours de l'ann\u00e9e corona 2020, selon ses propres d\u00e9clarations. Outre le doublement des ventes en Suisse, huit sites ont \u00e9t\u00e9 ajout\u00e9s en Russie, en Pologne, en Roumanie, en Su\u00e8de, en France, en Espagne, en Italie et aux Pays-Bas. Cela signifie que la soci\u00e9t\u00e9 est active dans 46 pays du monde entier ; elle compte plus de 10 000 clients et 80 000 utilisateurs.<\/p>\n<p>Pour 2021, la proptech annonce une poursuite du parcours de croissance. En Suisse, elle veut se positionner comme le \"premier logiciel pour le secteur de la construction et de l'immobilier\". En outre, le logiciel doit \u00eatre d\u00e9velopp\u00e9 et les \u00e9quipes des nouveaux sites doivent \u00e9galement s'agrandir. <em>(ah)<\/em><\/p>","protected":false},"excerpt":{"rendered":"<p>Selon ses propres chiffres, la soci\u00e9t\u00e9 proptech Planradar a doubl\u00e9 son chiffre d'affaires en Suisse en 2020 par rapport \u00e0 l'ann\u00e9e pr\u00e9c\u00e9dente. En outre, huit nouveaux sites ont \u00e9t\u00e9 ouverts \u00e0 l'\u00e9tranger.<\/p>","protected":false},"author":3,"featured_media":13392,"comment_status":"closed","ping_status":"open","sticky":false,"template":"","format":"standard","meta":{"_acf_changed":false,"_yoast_wpseo_focuskw":"Planradar","_yoast_wpseo_title":"","_yoast_wpseo_metadesc":"Das Proptech-Unternehmen Planradar mit Sitz in Z\u00fcrich hat 2020 nach eigenen Angaben den Umsatz in der Schweiz gegen\u00fcber dem Vorjahr verdoppelt.","_yoast_wpseo_linkdex":58,"pgc_sgb_lightbox_settings":"","footnotes":""},"categories":[988],"tags":[1606,1807],"class_list":["post-23347","post","type-post","status-publish","format-standard","has-post-thumbnail","hentry","category-unternehmen","tag-proptech","tag-unternehmen"],"acf":[],"yoast_head":"<!-- This site is optimized with the Yoast SEO plugin v27.4 - https:\/\/yoast.com\/product\/yoast-seo-wordpress\/ -->\n<title>Planradar bleibt auf Wachstumskurs - IMMOBILIEN Business<\/title>\n<meta name=\"description\" content=\"Das Proptech-Unternehmen Planradar mit Sitz in Z\u00fcrich hat 2020 nach eigenen Angaben den Umsatz in der Schweiz gegen\u00fcber dem Vorjahr verdoppelt.\" \/>\n<meta name=\"robots\" content=\"index, follow, max-snippet:-1, max-image-preview:large, max-video-preview:-1\" \/>\n<link rel=\"canonical\" href=\"https:\/\/www.immobilienbusiness.ch\/fr\/unternehmen\/2021-01-27\/planradar-bleibt-auf-wachstumskurs\/\" \/>\n<meta property=\"og:locale\" content=\"fr_FR\" \/>\n<meta property=\"og:type\" content=\"article\" \/>\n<meta property=\"og:title\" content=\"Planradar bleibt auf Wachstumskurs - IMMOBILIEN Business\" \/>\n<meta property=\"og:description\" content=\"Das Proptech-Unternehmen Planradar mit Sitz in Z\u00fcrich hat 2020 nach eigenen Angaben den Umsatz in der Schweiz gegen\u00fcber dem Vorjahr verdoppelt.\" \/>\n<meta property=\"og:url\" content=\"https:\/\/www.immobilienbusiness.ch\/fr\/unternehmen\/2021-01-27\/planradar-bleibt-auf-wachstumskurs\/\" \/>\n<meta property=\"og:site_name\" content=\"IMMOBILIEN Business\" \/>\n<meta property=\"article:publisher\" content=\"https:\/\/www.facebook.com\/immobilienbusiness\/\" \/>\n<meta property=\"article:published_time\" content=\"2021-01-27T06:24:01+00:00\" \/>\n<meta property=\"og:image\" content=\"https:\/\/www.immobilienbusiness.ch\/wp-content\/uploads\/2018\/07\/Depositphotos_29313519_m-2015.jpg\" \/>\n\t<meta property=\"og:image:width\" content=\"1000\" \/>\n\t<meta property=\"og:image:height\" content=\"665\" \/>\n\t<meta property=\"og:image:type\" content=\"image\/jpeg\" \/>\n<meta name=\"author\" content=\"anja.hall\" \/>\n<meta name=\"twitter:card\" content=\"summary_large_image\" \/>\n<meta name=\"twitter:image\" content=\"https:\/\/www.immobilienbusiness.ch\/wp-content\/uploads\/2018\/07\/Depositphotos_29313519_m-2015.jpg\" \/>\n<script type=\"application\/ld+json\" class=\"yoast-schema-graph\">{\"@context\":\"https:\\\/\\\/schema.org\",\"@graph\":[{\"@type\":\"Article\",\"@id\":\"https:\\\/\\\/www.immobilienbusiness.ch\\\/it\\\/unternehmen\\\/2021-01-27\\\/planradar-bleibt-auf-wachstumskurs\\\/#article\",\"isPartOf\":{\"@id\":\"https:\\\/\\\/www.immobilienbusiness.ch\\\/it\\\/unternehmen\\\/2021-01-27\\\/planradar-bleibt-auf-wachstumskurs\\\/\"},\"author\":{\"name\":\"anja.hall\",\"@id\":\"https:\\\/\\\/www.immobilienbusiness.ch\\\/#\\\/schema\\\/person\\\/3fc036297b10b9f42d6db5ee932af8c8\"},\"headline\":\"Planradar bleibt auf Wachstumskurs\",\"datePublished\":\"2021-01-27T06:24:01+00:00\",\"mainEntityOfPage\":{\"@id\":\"https:\\\/\\\/www.immobilienbusiness.ch\\\/it\\\/unternehmen\\\/2021-01-27\\\/planradar-bleibt-auf-wachstumskurs\\\/\"},\"wordCount\":134,\"publisher\":{\"@id\":\"https:\\\/\\\/www.immobilienbusiness.ch\\\/#organization\"},\"image\":{\"@id\":\"https:\\\/\\\/www.immobilienbusiness.ch\\\/it\\\/unternehmen\\\/2021-01-27\\\/planradar-bleibt-auf-wachstumskurs\\\/#primaryimage\"},\"thumbnailUrl\":\"https:\\\/\\\/www.immobilienbusiness.ch\\\/wp-content\\\/uploads\\\/2018\\\/07\\\/Depositphotos_29313519_m-2015.jpg\",\"keywords\":[\"PropTech\",\"Unternehmen\"],\"articleSection\":[\"UNTERNEHMEN\"],\"inLanguage\":\"fr-FR\"},{\"@type\":\"WebPage\",\"@id\":\"https:\\\/\\\/www.immobilienbusiness.ch\\\/it\\\/unternehmen\\\/2021-01-27\\\/planradar-bleibt-auf-wachstumskurs\\\/\",\"url\":\"https:\\\/\\\/www.immobilienbusiness.ch\\\/it\\\/unternehmen\\\/2021-01-27\\\/planradar-bleibt-auf-wachstumskurs\\\/\",\"name\":\"Planradar bleibt auf Wachstumskurs - IMMOBILIEN Business\",\"isPartOf\":{\"@id\":\"https:\\\/\\\/www.immobilienbusiness.ch\\\/#website\"},\"primaryImageOfPage\":{\"@id\":\"https:\\\/\\\/www.immobilienbusiness.ch\\\/it\\\/unternehmen\\\/2021-01-27\\\/planradar-bleibt-auf-wachstumskurs\\\/#primaryimage\"},\"image\":{\"@id\":\"https:\\\/\\\/www.immobilienbusiness.ch\\\/it\\\/unternehmen\\\/2021-01-27\\\/planradar-bleibt-auf-wachstumskurs\\\/#primaryimage\"},\"thumbnailUrl\":\"https:\\\/\\\/www.immobilienbusiness.ch\\\/wp-content\\\/uploads\\\/2018\\\/07\\\/Depositphotos_29313519_m-2015.jpg\",\"datePublished\":\"2021-01-27T06:24:01+00:00\",\"description\":\"Das Proptech-Unternehmen Planradar mit Sitz in Z\u00fcrich hat 2020 nach eigenen Angaben den Umsatz in der Schweiz gegen\u00fcber dem Vorjahr verdoppelt.\",\"breadcrumb\":{\"@id\":\"https:\\\/\\\/www.immobilienbusiness.ch\\\/it\\\/unternehmen\\\/2021-01-27\\\/planradar-bleibt-auf-wachstumskurs\\\/#breadcrumb\"},\"inLanguage\":\"fr-FR\",\"potentialAction\":[{\"@type\":\"ReadAction\",\"target\":[\"https:\\\/\\\/www.immobilienbusiness.ch\\\/it\\\/unternehmen\\\/2021-01-27\\\/planradar-bleibt-auf-wachstumskurs\\\/\"]}]},{\"@type\":\"ImageObject\",\"inLanguage\":\"fr-FR\",\"@id\":\"https:\\\/\\\/www.immobilienbusiness.ch\\\/it\\\/unternehmen\\\/2021-01-27\\\/planradar-bleibt-auf-wachstumskurs\\\/#primaryimage\",\"url\":\"https:\\\/\\\/www.immobilienbusiness.ch\\\/wp-content\\\/uploads\\\/2018\\\/07\\\/Depositphotos_29313519_m-2015.jpg\",\"contentUrl\":\"https:\\\/\\\/www.immobilienbusiness.ch\\\/wp-content\\\/uploads\\\/2018\\\/07\\\/Depositphotos_29313519_m-2015.jpg\",\"width\":1000,\"height\":665,\"caption\":\"(Bild: odua - deposit photos)\"},{\"@type\":\"BreadcrumbList\",\"@id\":\"https:\\\/\\\/www.immobilienbusiness.ch\\\/it\\\/unternehmen\\\/2021-01-27\\\/planradar-bleibt-auf-wachstumskurs\\\/#breadcrumb\",\"itemListElement\":[{\"@type\":\"ListItem\",\"position\":1,\"name\":\"Home\",\"item\":\"https:\\\/\\\/www.immobilienbusiness.ch\\\/\"},{\"@type\":\"ListItem\",\"position\":2,\"name\":\"Planradar bleibt auf Wachstumskurs\"}]},{\"@type\":\"WebSite\",\"@id\":\"https:\\\/\\\/www.immobilienbusiness.ch\\\/#website\",\"url\":\"https:\\\/\\\/www.immobilienbusiness.ch\\\/\",\"name\":\"IMMOBILIEN Business\",\"description\":\"Unabh\u00e4ngiges Schweizer Wirtschaftsmagazin mit Fokus auf Immobilien, Architektur- und Bau sowie Investment- und Finanzierung.\",\"publisher\":{\"@id\":\"https:\\\/\\\/www.immobilienbusiness.ch\\\/#organization\"},\"potentialAction\":[{\"@type\":\"SearchAction\",\"target\":{\"@type\":\"EntryPoint\",\"urlTemplate\":\"https:\\\/\\\/www.immobilienbusiness.ch\\\/?s={search_term_string}\"},\"query-input\":{\"@type\":\"PropertyValueSpecification\",\"valueRequired\":true,\"valueName\":\"search_term_string\"}}],\"inLanguage\":\"fr-FR\"},{\"@type\":\"Organization\",\"@id\":\"https:\\\/\\\/www.immobilienbusiness.ch\\\/#organization\",\"name\":\"IMMOBILIEN Business\",\"url\":\"https:\\\/\\\/www.immobilienbusiness.ch\\\/\",\"logo\":{\"@type\":\"ImageObject\",\"inLanguage\":\"fr-FR\",\"@id\":\"https:\\\/\\\/www.immobilienbusiness.ch\\\/#\\\/schema\\\/logo\\\/image\\\/\",\"url\":\"https:\\\/\\\/www.immobilienbusiness.ch\\\/wp-content\\\/uploads\\\/2021\\\/07\\\/logo_ib.png\",\"contentUrl\":\"https:\\\/\\\/www.immobilienbusiness.ch\\\/wp-content\\\/uploads\\\/2021\\\/07\\\/logo_ib.png\",\"width\":800,\"height\":181,\"caption\":\"IMMOBILIEN Business\"},\"image\":{\"@id\":\"https:\\\/\\\/www.immobilienbusiness.ch\\\/#\\\/schema\\\/logo\\\/image\\\/\"},\"sameAs\":[\"https:\\\/\\\/www.facebook.com\\\/immobilienbusiness\\\/\"]},{\"@type\":\"Person\",\"@id\":\"https:\\\/\\\/www.immobilienbusiness.ch\\\/#\\\/schema\\\/person\\\/3fc036297b10b9f42d6db5ee932af8c8\",\"name\":\"anja.hall\",\"image\":{\"@type\":\"ImageObject\",\"inLanguage\":\"fr-FR\",\"@id\":\"https:\\\/\\\/secure.gravatar.com\\\/avatar\\\/066b5a0d447013502c71a5782f4f3469f03cfe595cc2329fb94652fe47511bfb?s=96&d=mm&r=g\",\"url\":\"https:\\\/\\\/secure.gravatar.com\\\/avatar\\\/066b5a0d447013502c71a5782f4f3469f03cfe595cc2329fb94652fe47511bfb?s=96&d=mm&r=g\",\"contentUrl\":\"https:\\\/\\\/secure.gravatar.com\\\/avatar\\\/066b5a0d447013502c71a5782f4f3469f03cfe595cc2329fb94652fe47511bfb?s=96&d=mm&r=g\",\"caption\":\"anja.hall\"},\"url\":\"https:\\\/\\\/www.immobilienbusiness.ch\\\/fr\\\/author\\\/anja-hall\\\/\"}]}<\/script>\n<!-- \/ Yoast SEO plugin. -->","yoast_head_json":{"title":"Planradar poursuit sa croissance - IMMOBILIER Business","description":"L'entreprise de proptech Planradar, dont le si\u00e8ge est \u00e0 Zurich, a d\u00e9clar\u00e9 avoir doubl\u00e9 son chiffre d'affaires en Suisse en 2020 par rapport \u00e0 l'ann\u00e9e pr\u00e9c\u00e9dente.","robots":{"index":"index","follow":"follow","max-snippet":"max-snippet:-1","max-image-preview":"max-image-preview:large","max-video-preview":"max-video-preview:-1"},"canonical":"https:\/\/www.immobilienbusiness.ch\/fr\/unternehmen\/2021-01-27\/planradar-bleibt-auf-wachstumskurs\/","og_locale":"fr_FR","og_type":"article","og_title":"Planradar bleibt auf Wachstumskurs - IMMOBILIEN Business","og_description":"Das Proptech-Unternehmen Planradar mit Sitz in Z\u00fcrich hat 2020 nach eigenen Angaben den Umsatz in der Schweiz gegen\u00fcber dem Vorjahr verdoppelt.","og_url":"https:\/\/www.immobilienbusiness.ch\/fr\/unternehmen\/2021-01-27\/planradar-bleibt-auf-wachstumskurs\/","og_site_name":"IMMOBILIEN Business","article_publisher":"https:\/\/www.facebook.com\/immobilienbusiness\/","article_published_time":"2021-01-27T06:24:01+00:00","og_image":[{"width":1000,"height":665,"url":"https:\/\/www.immobilienbusiness.ch\/wp-content\/uploads\/2018\/07\/Depositphotos_29313519_m-2015.jpg","type":"image\/jpeg"}],"author":"anja.hall","twitter_card":"summary_large_image","twitter_image":"https:\/\/www.immobilienbusiness.ch\/wp-content\/uploads\/2018\/07\/Depositphotos_29313519_m-2015.jpg","schema":{"@context":"https:\/\/schema.org","@graph":[{"@type":"Article","@id":"https:\/\/www.immobilienbusiness.ch\/it\/unternehmen\/2021-01-27\/planradar-bleibt-auf-wachstumskurs\/#article","isPartOf":{"@id":"https:\/\/www.immobilienbusiness.ch\/it\/unternehmen\/2021-01-27\/planradar-bleibt-auf-wachstumskurs\/"},"author":{"name":"anja.hall","@id":"https:\/\/www.immobilienbusiness.ch\/#\/schema\/person\/3fc036297b10b9f42d6db5ee932af8c8"},"headline":"Planradar bleibt auf Wachstumskurs","datePublished":"2021-01-27T06:24:01+00:00","mainEntityOfPage":{"@id":"https:\/\/www.immobilienbusiness.ch\/it\/unternehmen\/2021-01-27\/planradar-bleibt-auf-wachstumskurs\/"},"wordCount":134,"publisher":{"@id":"https:\/\/www.immobilienbusiness.ch\/#organization"},"image":{"@id":"https:\/\/www.immobilienbusiness.ch\/it\/unternehmen\/2021-01-27\/planradar-bleibt-auf-wachstumskurs\/#primaryimage"},"thumbnailUrl":"https:\/\/www.immobilienbusiness.ch\/wp-content\/uploads\/2018\/07\/Depositphotos_29313519_m-2015.jpg","keywords":["PropTech","Unternehmen"],"articleSection":["UNTERNEHMEN"],"inLanguage":"fr-FR"},{"@type":"WebPage","@id":"https:\/\/www.immobilienbusiness.ch\/it\/unternehmen\/2021-01-27\/planradar-bleibt-auf-wachstumskurs\/","url":"https:\/\/www.immobilienbusiness.ch\/it\/unternehmen\/2021-01-27\/planradar-bleibt-auf-wachstumskurs\/","name":"Planradar poursuit sa croissance - IMMOBILIER Business","isPartOf":{"@id":"https:\/\/www.immobilienbusiness.ch\/#website"},"primaryImageOfPage":{"@id":"https:\/\/www.immobilienbusiness.ch\/it\/unternehmen\/2021-01-27\/planradar-bleibt-auf-wachstumskurs\/#primaryimage"},"image":{"@id":"https:\/\/www.immobilienbusiness.ch\/it\/unternehmen\/2021-01-27\/planradar-bleibt-auf-wachstumskurs\/#primaryimage"},"thumbnailUrl":"https:\/\/www.immobilienbusiness.ch\/wp-content\/uploads\/2018\/07\/Depositphotos_29313519_m-2015.jpg","datePublished":"2021-01-27T06:24:01+00:00","description":"L'entreprise de proptech Planradar, dont le si\u00e8ge est \u00e0 Zurich, a d\u00e9clar\u00e9 avoir doubl\u00e9 son chiffre d'affaires en Suisse en 2020 par rapport \u00e0 l'ann\u00e9e pr\u00e9c\u00e9dente.","breadcrumb":{"@id":"https:\/\/www.immobilienbusiness.ch\/it\/unternehmen\/2021-01-27\/planradar-bleibt-auf-wachstumskurs\/#breadcrumb"},"inLanguage":"fr-FR","potentialAction":[{"@type":"ReadAction","target":["https:\/\/www.immobilienbusiness.ch\/it\/unternehmen\/2021-01-27\/planradar-bleibt-auf-wachstumskurs\/"]}]},{"@type":"ImageObject","inLanguage":"fr-FR","@id":"https:\/\/www.immobilienbusiness.ch\/it\/unternehmen\/2021-01-27\/planradar-bleibt-auf-wachstumskurs\/#primaryimage","url":"https:\/\/www.immobilienbusiness.ch\/wp-content\/uploads\/2018\/07\/Depositphotos_29313519_m-2015.jpg","contentUrl":"https:\/\/www.immobilienbusiness.ch\/wp-content\/uploads\/2018\/07\/Depositphotos_29313519_m-2015.jpg","width":1000,"height":665,"caption":"(Bild: odua - deposit photos)"},{"@type":"BreadcrumbList","@id":"https:\/\/www.immobilienbusiness.ch\/it\/unternehmen\/2021-01-27\/planradar-bleibt-auf-wachstumskurs\/#breadcrumb","itemListElement":[{"@type":"ListItem","position":1,"name":"Home","item":"https:\/\/www.immobilienbusiness.ch\/"},{"@type":"ListItem","position":2,"name":"Planradar bleibt auf Wachstumskurs"}]},{"@type":"WebSite","@id":"https:\/\/www.immobilienbusiness.ch\/#website","url":"https:\/\/www.immobilienbusiness.ch\/","name":"IMMOBILIER Business","description":"Magazine \u00e9conomique suisse ind\u00e9pendant ax\u00e9 sur l'immobilier, l'architecture et la construction ainsi que sur les investissements et le financement.","publisher":{"@id":"https:\/\/www.immobilienbusiness.ch\/#organization"},"potentialAction":[{"@type":"SearchAction","target":{"@type":"EntryPoint","urlTemplate":"https:\/\/www.immobilienbusiness.ch\/?s={search_term_string}"},"query-input":{"@type":"PropertyValueSpecification","valueRequired":true,"valueName":"search_term_string"}}],"inLanguage":"fr-FR"},{"@type":"Organization","@id":"https:\/\/www.immobilienbusiness.ch\/#organization","name":"IMMOBILIER Business","url":"https:\/\/www.immobilienbusiness.ch\/","logo":{"@type":"ImageObject","inLanguage":"fr-FR","@id":"https:\/\/www.immobilienbusiness.ch\/#\/schema\/logo\/image\/","url":"https:\/\/www.immobilienbusiness.ch\/wp-content\/uploads\/2021\/07\/logo_ib.png","contentUrl":"https:\/\/www.immobilienbusiness.ch\/wp-content\/uploads\/2021\/07\/logo_ib.png","width":800,"height":181,"caption":"IMMOBILIEN Business"},"image":{"@id":"https:\/\/www.immobilienbusiness.ch\/#\/schema\/logo\/image\/"},"sameAs":["https:\/\/www.facebook.com\/immobilienbusiness\/"]},{"@type":"Person","@id":"https:\/\/www.immobilienbusiness.ch\/#\/schema\/person\/3fc036297b10b9f42d6db5ee932af8c8","name":"anja.hall","image":{"@type":"ImageObject","inLanguage":"fr-FR","@id":"https:\/\/secure.gravatar.com\/avatar\/066b5a0d447013502c71a5782f4f3469f03cfe595cc2329fb94652fe47511bfb?s=96&d=mm&r=g","url":"https:\/\/secure.gravatar.com\/avatar\/066b5a0d447013502c71a5782f4f3469f03cfe595cc2329fb94652fe47511bfb?s=96&d=mm&r=g","contentUrl":"https:\/\/secure.gravatar.com\/avatar\/066b5a0d447013502c71a5782f4f3469f03cfe595cc2329fb94652fe47511bfb?s=96&d=mm&r=g","caption":"anja.hall"},"url":"https:\/\/www.immobilienbusiness.ch\/fr\/author\/anja-hall\/"}]}},"_links":{"self":[{"href":"https:\/\/www.immobilienbusiness.ch\/fr\/wp-json\/wp\/v2\/posts\/23347","targetHints":{"allow":["GET"]}}],"collection":[{"href":"https:\/\/www.immobilienbusiness.ch\/fr\/wp-json\/wp\/v2\/posts"}],"about":[{"href":"https:\/\/www.immobilienbusiness.ch\/fr\/wp-json\/wp\/v2\/types\/post"}],"author":[{"embeddable":true,"href":"https:\/\/www.immobilienbusiness.ch\/fr\/wp-json\/wp\/v2\/users\/3"}],"replies":[{"embeddable":true,"href":"https:\/\/www.immobilienbusiness.ch\/fr\/wp-json\/wp\/v2\/comments?post=23347"}],"version-history":[{"count":0,"href":"https:\/\/www.immobilienbusiness.ch\/fr\/wp-json\/wp\/v2\/posts\/23347\/revisions"}],"wp:featuredmedia":[{"embeddable":true,"href":"https:\/\/www.immobilienbusiness.ch\/fr\/wp-json\/wp\/v2\/media\/13392"}],"wp:attachment":[{"href":"https:\/\/www.immobilienbusiness.ch\/fr\/wp-json\/wp\/v2\/media?parent=23347"}],"wp:term":[{"taxonomy":"category","embeddable":true,"href":"https:\/\/www.immobilienbusiness.ch\/fr\/wp-json\/wp\/v2\/categories?post=23347"},{"taxonomy":"post_tag","embeddable":true,"href":"https:\/\/www.immobilienbusiness.ch\/fr\/wp-json\/wp\/v2\/tags?post=23347"}],"curies":[{"name":"wp","href":"https:\/\/api.w.org\/{rel}","templated":true}]}}